{"id":22120,"date":"2024-11-13T13:06:22","date_gmt":"2024-11-13T16:06:22","guid":{"rendered":"https:\/\/chelso.com.br\/site\/?p=22120"},"modified":"2024-11-13T13:14:22","modified_gmt":"2024-11-13T16:14:22","slug":"10a-corrida-do-alvinegro-1-prova-varias-historias","status":"publish","type":"post","link":"https:\/\/chelso.com.br\/site\/10a-corrida-do-alvinegro-1-prova-varias-historias\/","title":{"rendered":"10\u00aa Corrida do Alvinegro: 1 prova + v\u00e1rias hist\u00f3rias"},"content":{"rendered":"<p><span style=\"color: #000000;\"><span style=\"font-family: Calibri, sans-serif;\"><span style=\"font-size: medium;\">No domingo, dia 10 de novembro, um p\u00fablico recorde garantiu participa\u00e7\u00e3o na 10\u00aa Corrida do Alvinegro, que foi criada em homenagem ao Esporte Clube XV de Novembro de Piracicaba e que acontece desde o ano de 2013.<\/span><\/span><\/span><\/p>\n<p><span style=\"color: #000000;\"><span style=\"font-family: Calibri, sans-serif;\"><span style=\"font-size: medium;\">Ap\u00f3s a chegada dos participantes nas provas de 5 km, 10 km e 15 km, a reportagem da Chelso Sports ouviu v\u00e1rias pessoas e seus depoimentos emocionantes, que mostram que a corrida de rua \u00e9 muito mais do que uma atividade f\u00edsica. Esse esporte, essa paix\u00e3o, \u00e9 sin\u00f4nimo de resili\u00eancia, for\u00e7a, coragem e muita vontade de vencer.<\/span><\/span><\/span><\/p>\n<p><img fetchpriority=\"high\" decoding=\"async\" class=\" wp-image-22121 aligncenter\" src=\"https:\/\/chelso.com.br\/site\/wp-content\/uploads\/2024\/11\/Maria-Aparecida-da-Costa-300x241.jpeg\" alt=\"\" width=\"437\" height=\"351\" srcset=\"https:\/\/chelso.com.br\/site\/wp-content\/uploads\/2024\/11\/Maria-Aparecida-da-Costa-300x241.jpeg 300w, https:\/\/chelso.com.br\/site\/wp-content\/uploads\/2024\/11\/Maria-Aparecida-da-Costa-150x120.jpeg 150w, https:\/\/chelso.com.br\/site\/wp-content\/uploads\/2024\/11\/Maria-Aparecida-da-Costa-450x361.jpeg 450w, https:\/\/chelso.com.br\/site\/wp-content\/uploads\/2024\/11\/Maria-Aparecida-da-Costa-768x616.jpeg 768w, https:\/\/chelso.com.br\/site\/wp-content\/uploads\/2024\/11\/Maria-Aparecida-da-Costa.jpeg 838w\" sizes=\"(max-width: 437px) 100vw, 437px\" \/><\/p>\n<p style=\"text-align: center;\"><span style=\"color: #000000;\"><span style=\"font-family: Calibri, sans-serif;\"><span style=\"font-size: medium;\"><b>MARIA APARECIDA DA COSTA (1\u00aa coloca\u00e7\u00e3o 5 km feminino)<\/b><\/span><\/span><\/span><\/p>\n<p style=\"text-align: center;\"><span style=\"color: #000000;\">\u201c<span style=\"font-family: Calibri, sans-serif;\"><span style=\"font-size: medium;\">Eu corro desde o ano de 2022 e procuro sempre me superar. Desta vez, a 10\u00aa edi\u00e7\u00e3o da Corrida do Alvinegro foi mais uma prova de supera\u00e7\u00e3o.\u201d<\/span><\/span><\/span><\/p>\n<p><img decoding=\"async\" class=\"wp-image-22122 aligncenter\" src=\"https:\/\/chelso.com.br\/site\/wp-content\/uploads\/2024\/11\/Caua-e-Marlene-Nalesso-300x257.jpeg\" alt=\"\" width=\"455\" height=\"390\" srcset=\"https:\/\/chelso.com.br\/site\/wp-content\/uploads\/2024\/11\/Caua-e-Marlene-Nalesso-300x257.jpeg 300w, https:\/\/chelso.com.br\/site\/wp-content\/uploads\/2024\/11\/Caua-e-Marlene-Nalesso-1024x876.jpeg 1024w, https:\/\/chelso.com.br\/site\/wp-content\/uploads\/2024\/11\/Caua-e-Marlene-Nalesso-150x128.jpeg 150w, https:\/\/chelso.com.br\/site\/wp-content\/uploads\/2024\/11\/Caua-e-Marlene-Nalesso-450x385.jpeg 450w, https:\/\/chelso.com.br\/site\/wp-content\/uploads\/2024\/11\/Caua-e-Marlene-Nalesso-768x657.jpeg 768w, https:\/\/chelso.com.br\/site\/wp-content\/uploads\/2024\/11\/Caua-e-Marlene-Nalesso.jpeg 1048w\" sizes=\"(max-width: 455px) 100vw, 455px\" \/><\/p>\n<p style=\"text-align: center;\"><span style=\"color: #000000;\"><span style=\"font-family: Calibri, sans-serif;\"><span style=\"font-size: medium;\"><b>MARLENE NALESSO DIAS E CAU\u00c3 NALESSO ( 5 km feminino)<\/b><\/span><\/span><\/span><\/p>\n<p style=\"text-align: center;\"><span style=\"color: #000000;\">\u201c<span style=\"font-family: Calibri, sans-serif;\"><span style=\"font-size: medium;\">Estou orgulhosa de minha prova e, principalmente, por estar acompanhada de meu filho, que tamb\u00e9m teve um \u00f3timo desempenho.\u201d<\/span><\/span><\/span><\/p>\n<p><img decoding=\"async\" class=\"wp-image-22123 aligncenter\" src=\"https:\/\/chelso.com.br\/site\/wp-content\/uploads\/2024\/11\/Os-amigos-Marcio-e-Emerson-apos-pausa-de-10-anos-300x273.jpeg\" alt=\"\" width=\"475\" height=\"433\" srcset=\"https:\/\/chelso.com.br\/site\/wp-content\/uploads\/2024\/11\/Os-amigos-Marcio-e-Emerson-apos-pausa-de-10-anos-300x273.jpeg 300w, https:\/\/chelso.com.br\/site\/wp-content\/uploads\/2024\/11\/Os-amigos-Marcio-e-Emerson-apos-pausa-de-10-anos-150x137.jpeg 150w, https:\/\/chelso.com.br\/site\/wp-content\/uploads\/2024\/11\/Os-amigos-Marcio-e-Emerson-apos-pausa-de-10-anos-450x410.jpeg 450w, https:\/\/chelso.com.br\/site\/wp-content\/uploads\/2024\/11\/Os-amigos-Marcio-e-Emerson-apos-pausa-de-10-anos-768x699.jpeg 768w, https:\/\/chelso.com.br\/site\/wp-content\/uploads\/2024\/11\/Os-amigos-Marcio-e-Emerson-apos-pausa-de-10-anos.jpeg 928w\" sizes=\"(max-width: 475px) 100vw, 475px\" \/><\/p>\n<p style=\"text-align: center;\"><span style=\"color: #000000;\"><span style=\"font-family: Calibri, sans-serif;\"><span style=\"font-size: medium;\"><b>M\u00c1RCIO MACHADO E EMERSON AUGUSTO LONGATTO ( 5 km masculino)<\/b><\/span><\/span><\/span><\/p>\n<p style=\"text-align: center;\"><span style=\"color: #000000;\">\u201c<span style=\"font-family: Calibri, sans-serif;\"><span style=\"font-size: medium;\">Somos amigos h\u00e1 muitos anos e sempre corremos juntos, mas, depois da contus\u00e3o do M\u00e1rcio a gente retornou \u00e0s corridas de rua hoje, ap\u00f3s 10 anos. \u00c9 uma emo\u00e7\u00e3o e uma li\u00e7\u00e3o: ningu\u00e9m caminha sozinho, \u00e9 preciso um amigo para nos levantar.\u201d<\/span><\/span><\/span><\/p>\n<p><img loading=\"lazy\" decoding=\"async\" class=\"wp-image-22124 aligncenter\" src=\"https:\/\/chelso.com.br\/site\/wp-content\/uploads\/2024\/11\/Edilaine-Priscila-e-Edineide-300x254.jpeg\" alt=\"\" width=\"478\" height=\"405\" srcset=\"https:\/\/chelso.com.br\/site\/wp-content\/uploads\/2024\/11\/Edilaine-Priscila-e-Edineide-300x254.jpeg 300w, https:\/\/chelso.com.br\/site\/wp-content\/uploads\/2024\/11\/Edilaine-Priscila-e-Edineide-1024x867.jpeg 1024w, https:\/\/chelso.com.br\/site\/wp-content\/uploads\/2024\/11\/Edilaine-Priscila-e-Edineide-150x127.jpeg 150w, https:\/\/chelso.com.br\/site\/wp-content\/uploads\/2024\/11\/Edilaine-Priscila-e-Edineide-450x381.jpeg 450w, https:\/\/chelso.com.br\/site\/wp-content\/uploads\/2024\/11\/Edilaine-Priscila-e-Edineide-768x650.jpeg 768w, https:\/\/chelso.com.br\/site\/wp-content\/uploads\/2024\/11\/Edilaine-Priscila-e-Edineide.jpeg 1057w\" sizes=\"(max-width: 478px) 100vw, 478px\" \/><\/p>\n<p style=\"text-align: center;\"><span style=\"color: #000000;\"><span style=\"font-family: Calibri, sans-serif;\"><span style=\"font-size: medium;\"><b>EDILAINE LAMAR RAMOS ARA\u00daJO COM PRISCILA MOREIRA DOS SANTOS E MARIA EDNEIDE LOPES ( 5 km feminino)<\/b><\/span><\/span><\/span><\/p>\n<p style=\"text-align: center;\"><span style=\"color: #000000;\">\u201c<span style=\"font-family: Calibri, sans-serif;\"><span style=\"font-size: medium;\">Hoje, retorno ap\u00f3s uma dengue muito forte. N\u00e3o corria h\u00e1 seis meses porque estava debilitada. A corrida salva vidas.\u201d &#8211; disse Edilaine, que agradeceu o apoio da amiga Clara Ara\u00fajo pelo apoio e o retorno \u00e0s corridas.<\/span><\/span><\/span><\/p>\n<p><img loading=\"lazy\" decoding=\"async\" class=\"wp-image-22125 aligncenter\" src=\"https:\/\/chelso.com.br\/site\/wp-content\/uploads\/2024\/11\/Djane-e-Adriana-300x298.jpeg\" alt=\"\" width=\"505\" height=\"501\" srcset=\"https:\/\/chelso.com.br\/site\/wp-content\/uploads\/2024\/11\/Djane-e-Adriana-300x298.jpeg 300w, https:\/\/chelso.com.br\/site\/wp-content\/uploads\/2024\/11\/Djane-e-Adriana-150x149.jpeg 150w, https:\/\/chelso.com.br\/site\/wp-content\/uploads\/2024\/11\/Djane-e-Adriana-450x447.jpeg 450w, https:\/\/chelso.com.br\/site\/wp-content\/uploads\/2024\/11\/Djane-e-Adriana-768x762.jpeg 768w, https:\/\/chelso.com.br\/site\/wp-content\/uploads\/2024\/11\/Djane-e-Adriana.jpeg 826w\" sizes=\"(max-width: 505px) 100vw, 505px\" \/><\/p>\n<p style=\"text-align: center;\"><span style=\"color: #000000;\"><span style=\"font-family: Calibri, sans-serif;\"><span style=\"font-size: medium;\"><b>DJANE VAL\u00c9RIA CORR\u00caA E ADRIANA BIESSE DA SILVA ( 5 km feminino)<\/b><\/span><\/span><\/span><\/p>\n<p style=\"text-align: center;\"><span style=\"color: #000000;\">\u201c<span style=\"font-family: Calibri, sans-serif;\"><span style=\"font-size: medium;\">Essa \u00e9 a terceira participa\u00e7\u00e3o na Corrida do Alvinegro. \u00c9 uma prova sensacional que fa\u00e7o quest\u00e3o de estar presente, mesmo ap\u00f3s uma cirurgia na coluna e outra no joelho.\u201d &#8211; disse Adriana Biesse.<\/span><\/span><\/span><\/p>\n<p><img loading=\"lazy\" decoding=\"async\" class=\"wp-image-22126 aligncenter\" src=\"https:\/\/chelso.com.br\/site\/wp-content\/uploads\/2024\/11\/WhatsApp-Image-2024-11-13-at-12.56.12-300x209.jpeg\" alt=\"\" width=\"493\" height=\"343\" srcset=\"https:\/\/chelso.com.br\/site\/wp-content\/uploads\/2024\/11\/WhatsApp-Image-2024-11-13-at-12.56.12-300x209.jpeg 300w, https:\/\/chelso.com.br\/site\/wp-content\/uploads\/2024\/11\/WhatsApp-Image-2024-11-13-at-12.56.12-1024x714.jpeg 1024w, https:\/\/chelso.com.br\/site\/wp-content\/uploads\/2024\/11\/WhatsApp-Image-2024-11-13-at-12.56.12-150x105.jpeg 150w, https:\/\/chelso.com.br\/site\/wp-content\/uploads\/2024\/11\/WhatsApp-Image-2024-11-13-at-12.56.12-450x314.jpeg 450w, https:\/\/chelso.com.br\/site\/wp-content\/uploads\/2024\/11\/WhatsApp-Image-2024-11-13-at-12.56.12-768x536.jpeg 768w, https:\/\/chelso.com.br\/site\/wp-content\/uploads\/2024\/11\/WhatsApp-Image-2024-11-13-at-12.56.12.jpeg 1147w\" sizes=\"(max-width: 493px) 100vw, 493px\" \/><\/p>\n<p style=\"text-align: center;\"><span style=\"color: #000000;\"><span style=\"font-family: Calibri, sans-serif;\"><span style=\"font-size: medium;\"><b>ISABELA LAISNER, BEATRIS RADAEL, JOYCE FUZARO, LARA GUERRA ( 15 km feminino)<\/b><\/span><\/span><\/span><\/p>\n<p style=\"text-align: center;\"><span style=\"color: #000000;\">\u201c<span style=\"font-family: Calibri, sans-serif;\"><span style=\"font-size: medium;\">Somos todas de Descalvado (SP) e j\u00e1 estivemos em Piracicaba em outras oportunidades, masm \u00e9 nossa primeira participa\u00e7\u00e3o na Corrida do Alvinegro.\u201d<\/span><\/span><\/span><\/p>\n","protected":false},"excerpt":{"rendered":"<p>No domingo, dia 10 de novembro, um p\u00fablico recorde garantiu participa\u00e7\u00e3o na 10\u00aa Corrida do Alvinegro, que foi criada em homenagem ao Esporte Clube XV de Novembro de Piracicaba e que acontece desde o ano de 2013. Ap\u00f3s a chegada dos participantes nas provas de 5 km, 10 km e 15 km, a reportagem da<\/p>\n","protected":false},"author":43,"featured_media":22128,"comment_status":"open","ping_status":"closed","sticky":false,"template":"","format":"standard","meta":{"om_disable_all_campaigns":false,"_monsterinsights_skip_tracking":false,"_monsterinsights_sitenote_active":false,"_monsterinsights_sitenote_note":"","_monsterinsights_sitenote_category":0,"footnotes":""},"categories":[30],"tags":[],"class_list":{"0":"post-22120","1":"post","2":"type-post","3":"status-publish","4":"format-standard","5":"has-post-thumbnail","7":"category-noticias"},"aioseo_notices":[],"yoast_head":"<!-- This site is optimized with the Yoast SEO plugin v27.5 - https:\/\/yoast.com\/product\/yoast-seo-wordpress\/ -->\n<title>10\u00aa Corrida do Alvinegro: 1 prova + v\u00e1rias hist\u00f3rias - Portal Chelso Sports<\/title>\n<meta name=\"robots\" content=\"index, follow, max-snippet:-1, max-image-preview:large, max-video-preview:-1\" \/>\n<link rel=\"canonical\" href=\"https:\/\/chelso.com.br\/site\/10a-corrida-do-alvinegro-1-prova-varias-historias\/\" \/>\n<meta property=\"og:locale\" content=\"pt_BR\" \/>\n<meta property=\"og:type\" content=\"article\" \/>\n<meta property=\"og:title\" content=\"10\u00aa Corrida do Alvinegro: 1 prova + v\u00e1rias hist\u00f3rias - Portal Chelso Sports\" \/>\n<meta property=\"og:description\" content=\"No domingo, dia 10 de novembro, um p\u00fablico recorde garantiu participa\u00e7\u00e3o na 10\u00aa Corrida do Alvinegro, que foi criada em homenagem ao Esporte Clube XV de Novembro de Piracicaba e que acontece desde o ano de 2013. Ap\u00f3s a chegada dos participantes nas provas de 5 km, 10 km e 15 km, a reportagem da\" \/>\n<meta property=\"og:url\" content=\"https:\/\/chelso.com.br\/site\/10a-corrida-do-alvinegro-1-prova-varias-historias\/\" \/>\n<meta property=\"og:site_name\" content=\"Portal Chelso Sports\" \/>\n<meta property=\"article:published_time\" content=\"2024-11-13T16:06:22+00:00\" \/>\n<meta property=\"article:modified_time\" content=\"2024-11-13T16:14:22+00:00\" \/>\n<meta property=\"og:image\" content=\"https:\/\/chelso.com.br\/site\/wp-content\/uploads\/2024\/11\/WhatsApp-Image-2024-11-11-at-12.49.31-768x513-1.jpeg\" \/>\n\t<meta property=\"og:image:width\" content=\"768\" \/>\n\t<meta property=\"og:image:height\" content=\"513\" \/>\n\t<meta property=\"og:image:type\" content=\"image\/jpeg\" \/>\n<meta name=\"author\" content=\"Edilson Rodrigues\" \/>\n<meta name=\"twitter:card\" content=\"summary_large_image\" \/>\n<meta name=\"twitter:label1\" content=\"Escrito por\" \/>\n\t<meta name=\"twitter:data1\" content=\"Edilson Rodrigues\" \/>\n\t<meta name=\"twitter:label2\" content=\"Est. tempo de leitura\" \/>\n\t<meta name=\"twitter:data2\" content=\"4 minutos\" \/>\n<script type=\"application\/ld+json\" class=\"yoast-schema-graph\">{\"@context\":\"https:\\\/\\\/schema.org\",\"@graph\":[{\"@type\":\"Article\",\"@id\":\"https:\\\/\\\/chelso.com.br\\\/site\\\/10a-corrida-do-alvinegro-1-prova-varias-historias\\\/#article\",\"isPartOf\":{\"@id\":\"https:\\\/\\\/chelso.com.br\\\/site\\\/10a-corrida-do-alvinegro-1-prova-varias-historias\\\/\"},\"author\":{\"name\":\"Edilson Rodrigues\",\"@id\":\"https:\\\/\\\/chelso.com.br\\\/site\\\/#\\\/schema\\\/person\\\/a1e459f9cc882778a4f1367cb2ba51e3\"},\"headline\":\"10\u00aa Corrida do Alvinegro: 1 prova + v\u00e1rias hist\u00f3rias\",\"datePublished\":\"2024-11-13T16:06:22+00:00\",\"dateModified\":\"2024-11-13T16:14:22+00:00\",\"mainEntityOfPage\":{\"@id\":\"https:\\\/\\\/chelso.com.br\\\/site\\\/10a-corrida-do-alvinegro-1-prova-varias-historias\\\/\"},\"wordCount\":355,\"commentCount\":0,\"image\":{\"@id\":\"https:\\\/\\\/chelso.com.br\\\/site\\\/10a-corrida-do-alvinegro-1-prova-varias-historias\\\/#primaryimage\"},\"thumbnailUrl\":\"https:\\\/\\\/chelso.com.br\\\/site\\\/wp-content\\\/uploads\\\/2024\\\/11\\\/WhatsApp-Image-2024-11-11-at-12.49.31-768x513-1.jpeg\",\"articleSection\":[\"Not\u00edcias\"],\"inLanguage\":\"pt-BR\",\"potentialAction\":[{\"@type\":\"CommentAction\",\"name\":\"Comment\",\"target\":[\"https:\\\/\\\/chelso.com.br\\\/site\\\/10a-corrida-do-alvinegro-1-prova-varias-historias\\\/#respond\"]}]},{\"@type\":\"WebPage\",\"@id\":\"https:\\\/\\\/chelso.com.br\\\/site\\\/10a-corrida-do-alvinegro-1-prova-varias-historias\\\/\",\"url\":\"https:\\\/\\\/chelso.com.br\\\/site\\\/10a-corrida-do-alvinegro-1-prova-varias-historias\\\/\",\"name\":\"10\u00aa Corrida do Alvinegro: 1 prova + v\u00e1rias hist\u00f3rias - Portal Chelso Sports\",\"isPartOf\":{\"@id\":\"https:\\\/\\\/chelso.com.br\\\/site\\\/#website\"},\"primaryImageOfPage\":{\"@id\":\"https:\\\/\\\/chelso.com.br\\\/site\\\/10a-corrida-do-alvinegro-1-prova-varias-historias\\\/#primaryimage\"},\"image\":{\"@id\":\"https:\\\/\\\/chelso.com.br\\\/site\\\/10a-corrida-do-alvinegro-1-prova-varias-historias\\\/#primaryimage\"},\"thumbnailUrl\":\"https:\\\/\\\/chelso.com.br\\\/site\\\/wp-content\\\/uploads\\\/2024\\\/11\\\/WhatsApp-Image-2024-11-11-at-12.49.31-768x513-1.jpeg\",\"datePublished\":\"2024-11-13T16:06:22+00:00\",\"dateModified\":\"2024-11-13T16:14:22+00:00\",\"author\":{\"@id\":\"https:\\\/\\\/chelso.com.br\\\/site\\\/#\\\/schema\\\/person\\\/a1e459f9cc882778a4f1367cb2ba51e3\"},\"breadcrumb\":{\"@id\":\"https:\\\/\\\/chelso.com.br\\\/site\\\/10a-corrida-do-alvinegro-1-prova-varias-historias\\\/#breadcrumb\"},\"inLanguage\":\"pt-BR\",\"potentialAction\":[{\"@type\":\"ReadAction\",\"target\":[\"https:\\\/\\\/chelso.com.br\\\/site\\\/10a-corrida-do-alvinegro-1-prova-varias-historias\\\/\"]}]},{\"@type\":\"ImageObject\",\"inLanguage\":\"pt-BR\",\"@id\":\"https:\\\/\\\/chelso.com.br\\\/site\\\/10a-corrida-do-alvinegro-1-prova-varias-historias\\\/#primaryimage\",\"url\":\"https:\\\/\\\/chelso.com.br\\\/site\\\/wp-content\\\/uploads\\\/2024\\\/11\\\/WhatsApp-Image-2024-11-11-at-12.49.31-768x513-1.jpeg\",\"contentUrl\":\"https:\\\/\\\/chelso.com.br\\\/site\\\/wp-content\\\/uploads\\\/2024\\\/11\\\/WhatsApp-Image-2024-11-11-at-12.49.31-768x513-1.jpeg\",\"width\":768,\"height\":513},{\"@type\":\"BreadcrumbList\",\"@id\":\"https:\\\/\\\/chelso.com.br\\\/site\\\/10a-corrida-do-alvinegro-1-prova-varias-historias\\\/#breadcrumb\",\"itemListElement\":[{\"@type\":\"ListItem\",\"position\":1,\"name\":\"In\u00edcio\",\"item\":\"https:\\\/\\\/chelso.com.br\\\/site\\\/\"},{\"@type\":\"ListItem\",\"position\":2,\"name\":\"10\u00aa Corrida do Alvinegro: 1 prova + v\u00e1rias hist\u00f3rias\"}]},{\"@type\":\"WebSite\",\"@id\":\"https:\\\/\\\/chelso.com.br\\\/site\\\/#website\",\"url\":\"https:\\\/\\\/chelso.com.br\\\/site\\\/\",\"name\":\"Portal Chelso Sports\",\"description\":\"Conte\u00fado especializado em corrida de rua e triathlon\",\"potentialAction\":[{\"@type\":\"SearchAction\",\"target\":{\"@type\":\"EntryPoint\",\"urlTemplate\":\"https:\\\/\\\/chelso.com.br\\\/site\\\/?s={search_term_string}\"},\"query-input\":{\"@type\":\"PropertyValueSpecification\",\"valueRequired\":true,\"valueName\":\"search_term_string\"}}],\"inLanguage\":\"pt-BR\"},{\"@type\":\"Person\",\"@id\":\"https:\\\/\\\/chelso.com.br\\\/site\\\/#\\\/schema\\\/person\\\/a1e459f9cc882778a4f1367cb2ba51e3\",\"name\":\"Edilson Rodrigues\",\"image\":{\"@type\":\"ImageObject\",\"inLanguage\":\"pt-BR\",\"@id\":\"https:\\\/\\\/chelso.com.br\\\/site\\\/wp-content\\\/uploads\\\/2024\\\/09\\\/Captura-de-tela-2024-09-27-170323-150x150.png\",\"url\":\"https:\\\/\\\/chelso.com.br\\\/site\\\/wp-content\\\/uploads\\\/2024\\\/09\\\/Captura-de-tela-2024-09-27-170323-150x150.png\",\"contentUrl\":\"https:\\\/\\\/chelso.com.br\\\/site\\\/wp-content\\\/uploads\\\/2024\\\/09\\\/Captura-de-tela-2024-09-27-170323-150x150.png\",\"caption\":\"Edilson Rodrigues\"},\"url\":\"https:\\\/\\\/chelso.com.br\\\/site\\\/author\\\/edilson\\\/\"}]}<\/script>\n<!-- \/ Yoast SEO plugin. -->","yoast_head_json":{"title":"10\u00aa Corrida do Alvinegro: 1 prova + v\u00e1rias hist\u00f3rias - Portal Chelso Sports","robots":{"index":"index","follow":"follow","max-snippet":"max-snippet:-1","max-image-preview":"max-image-preview:large","max-video-preview":"max-video-preview:-1"},"canonical":"https:\/\/chelso.com.br\/site\/10a-corrida-do-alvinegro-1-prova-varias-historias\/","og_locale":"pt_BR","og_type":"article","og_title":"10\u00aa Corrida do Alvinegro: 1 prova + v\u00e1rias hist\u00f3rias - Portal Chelso Sports","og_description":"No domingo, dia 10 de novembro, um p\u00fablico recorde garantiu participa\u00e7\u00e3o na 10\u00aa Corrida do Alvinegro, que foi criada em homenagem ao Esporte Clube XV de Novembro de Piracicaba e que acontece desde o ano de 2013. Ap\u00f3s a chegada dos participantes nas provas de 5 km, 10 km e 15 km, a reportagem da","og_url":"https:\/\/chelso.com.br\/site\/10a-corrida-do-alvinegro-1-prova-varias-historias\/","og_site_name":"Portal Chelso Sports","article_published_time":"2024-11-13T16:06:22+00:00","article_modified_time":"2024-11-13T16:14:22+00:00","og_image":[{"width":768,"height":513,"url":"https:\/\/chelso.com.br\/site\/wp-content\/uploads\/2024\/11\/WhatsApp-Image-2024-11-11-at-12.49.31-768x513-1.jpeg","type":"image\/jpeg"}],"author":"Edilson Rodrigues","twitter_card":"summary_large_image","twitter_misc":{"Escrito por":"Edilson Rodrigues","Est. tempo de leitura":"4 minutos"},"schema":{"@context":"https:\/\/schema.org","@graph":[{"@type":"Article","@id":"https:\/\/chelso.com.br\/site\/10a-corrida-do-alvinegro-1-prova-varias-historias\/#article","isPartOf":{"@id":"https:\/\/chelso.com.br\/site\/10a-corrida-do-alvinegro-1-prova-varias-historias\/"},"author":{"name":"Edilson Rodrigues","@id":"https:\/\/chelso.com.br\/site\/#\/schema\/person\/a1e459f9cc882778a4f1367cb2ba51e3"},"headline":"10\u00aa Corrida do Alvinegro: 1 prova + v\u00e1rias hist\u00f3rias","datePublished":"2024-11-13T16:06:22+00:00","dateModified":"2024-11-13T16:14:22+00:00","mainEntityOfPage":{"@id":"https:\/\/chelso.com.br\/site\/10a-corrida-do-alvinegro-1-prova-varias-historias\/"},"wordCount":355,"commentCount":0,"image":{"@id":"https:\/\/chelso.com.br\/site\/10a-corrida-do-alvinegro-1-prova-varias-historias\/#primaryimage"},"thumbnailUrl":"https:\/\/chelso.com.br\/site\/wp-content\/uploads\/2024\/11\/WhatsApp-Image-2024-11-11-at-12.49.31-768x513-1.jpeg","articleSection":["Not\u00edcias"],"inLanguage":"pt-BR","potentialAction":[{"@type":"CommentAction","name":"Comment","target":["https:\/\/chelso.com.br\/site\/10a-corrida-do-alvinegro-1-prova-varias-historias\/#respond"]}]},{"@type":"WebPage","@id":"https:\/\/chelso.com.br\/site\/10a-corrida-do-alvinegro-1-prova-varias-historias\/","url":"https:\/\/chelso.com.br\/site\/10a-corrida-do-alvinegro-1-prova-varias-historias\/","name":"10\u00aa Corrida do Alvinegro: 1 prova + v\u00e1rias hist\u00f3rias - Portal Chelso Sports","isPartOf":{"@id":"https:\/\/chelso.com.br\/site\/#website"},"primaryImageOfPage":{"@id":"https:\/\/chelso.com.br\/site\/10a-corrida-do-alvinegro-1-prova-varias-historias\/#primaryimage"},"image":{"@id":"https:\/\/chelso.com.br\/site\/10a-corrida-do-alvinegro-1-prova-varias-historias\/#primaryimage"},"thumbnailUrl":"https:\/\/chelso.com.br\/site\/wp-content\/uploads\/2024\/11\/WhatsApp-Image-2024-11-11-at-12.49.31-768x513-1.jpeg","datePublished":"2024-11-13T16:06:22+00:00","dateModified":"2024-11-13T16:14:22+00:00","author":{"@id":"https:\/\/chelso.com.br\/site\/#\/schema\/person\/a1e459f9cc882778a4f1367cb2ba51e3"},"breadcrumb":{"@id":"https:\/\/chelso.com.br\/site\/10a-corrida-do-alvinegro-1-prova-varias-historias\/#breadcrumb"},"inLanguage":"pt-BR","potentialAction":[{"@type":"ReadAction","target":["https:\/\/chelso.com.br\/site\/10a-corrida-do-alvinegro-1-prova-varias-historias\/"]}]},{"@type":"ImageObject","inLanguage":"pt-BR","@id":"https:\/\/chelso.com.br\/site\/10a-corrida-do-alvinegro-1-prova-varias-historias\/#primaryimage","url":"https:\/\/chelso.com.br\/site\/wp-content\/uploads\/2024\/11\/WhatsApp-Image-2024-11-11-at-12.49.31-768x513-1.jpeg","contentUrl":"https:\/\/chelso.com.br\/site\/wp-content\/uploads\/2024\/11\/WhatsApp-Image-2024-11-11-at-12.49.31-768x513-1.jpeg","width":768,"height":513},{"@type":"BreadcrumbList","@id":"https:\/\/chelso.com.br\/site\/10a-corrida-do-alvinegro-1-prova-varias-historias\/#breadcrumb","itemListElement":[{"@type":"ListItem","position":1,"name":"In\u00edcio","item":"https:\/\/chelso.com.br\/site\/"},{"@type":"ListItem","position":2,"name":"10\u00aa Corrida do Alvinegro: 1 prova + v\u00e1rias hist\u00f3rias"}]},{"@type":"WebSite","@id":"https:\/\/chelso.com.br\/site\/#website","url":"https:\/\/chelso.com.br\/site\/","name":"Portal Chelso Sports","description":"Conte\u00fado especializado em corrida de rua e triathlon","potentialAction":[{"@type":"SearchAction","target":{"@type":"EntryPoint","urlTemplate":"https:\/\/chelso.com.br\/site\/?s={search_term_string}"},"query-input":{"@type":"PropertyValueSpecification","valueRequired":true,"valueName":"search_term_string"}}],"inLanguage":"pt-BR"},{"@type":"Person","@id":"https:\/\/chelso.com.br\/site\/#\/schema\/person\/a1e459f9cc882778a4f1367cb2ba51e3","name":"Edilson Rodrigues","image":{"@type":"ImageObject","inLanguage":"pt-BR","@id":"https:\/\/chelso.com.br\/site\/wp-content\/uploads\/2024\/09\/Captura-de-tela-2024-09-27-170323-150x150.png","url":"https:\/\/chelso.com.br\/site\/wp-content\/uploads\/2024\/09\/Captura-de-tela-2024-09-27-170323-150x150.png","contentUrl":"https:\/\/chelso.com.br\/site\/wp-content\/uploads\/2024\/09\/Captura-de-tela-2024-09-27-170323-150x150.png","caption":"Edilson Rodrigues"},"url":"https:\/\/chelso.com.br\/site\/author\/edilson\/"}]}},"amp_enabled":true,"_links":{"self":[{"href":"https:\/\/chelso.com.br\/site\/wp-json\/wp\/v2\/posts\/22120","targetHints":{"allow":["GET"]}}],"collection":[{"href":"https:\/\/chelso.com.br\/site\/wp-json\/wp\/v2\/posts"}],"about":[{"href":"https:\/\/chelso.com.br\/site\/wp-json\/wp\/v2\/types\/post"}],"author":[{"embeddable":true,"href":"https:\/\/chelso.com.br\/site\/wp-json\/wp\/v2\/users\/43"}],"replies":[{"embeddable":true,"href":"https:\/\/chelso.com.br\/site\/wp-json\/wp\/v2\/comments?post=22120"}],"version-history":[{"count":4,"href":"https:\/\/chelso.com.br\/site\/wp-json\/wp\/v2\/posts\/22120\/revisions"}],"predecessor-version":[{"id":22131,"href":"https:\/\/chelso.com.br\/site\/wp-json\/wp\/v2\/posts\/22120\/revisions\/22131"}],"wp:featuredmedia":[{"embeddable":true,"href":"https:\/\/chelso.com.br\/site\/wp-json\/wp\/v2\/media\/22128"}],"wp:attachment":[{"href":"https:\/\/chelso.com.br\/site\/wp-json\/wp\/v2\/media?parent=22120"}],"wp:term":[{"taxonomy":"category","embeddable":true,"href":"https:\/\/chelso.com.br\/site\/wp-json\/wp\/v2\/categories?post=22120"},{"taxonomy":"post_tag","embeddable":true,"href":"https:\/\/chelso.com.br\/site\/wp-json\/wp\/v2\/tags?post=22120"}],"curies":[{"name":"wp","href":"https:\/\/api.w.org\/{rel}","templated":true}]}}