{"id":22168,"date":"2024-11-19T11:08:26","date_gmt":"2024-11-19T14:08:26","guid":{"rendered":"https:\/\/chelso.com.br\/site\/?p=22168"},"modified":"2024-11-19T11:15:56","modified_gmt":"2024-11-19T14:15:56","slug":"7a-etapa-do-circuito-pague-menos-campinas-recebeu-o-encerramento-da-temporada-2024","status":"publish","type":"post","link":"https:\/\/chelso.com.br\/site\/7a-etapa-do-circuito-pague-menos-campinas-recebeu-o-encerramento-da-temporada-2024\/","title":{"rendered":"7\u00aa etapa do Circuito Pague Menos: Campinas recebeu o encerramento da temporada 2024"},"content":{"rendered":"<p style=\"text-align: center;\"><span style=\"color: #000000;\"><span style=\"font-family: Calibri, sans-serif;\">No \u00faltimo domingo, dia 17, o Circuito Pague Menos de Corridas de Rua teve a s\u00e9tima e \u00faltima etapa do ano de 2024.<\/span><\/span><\/p>\n<p style=\"text-align: center;\"><span style=\"color: #000000;\"><span style=\"font-family: Calibri, sans-serif;\">Foi uma grande festa com a organiza\u00e7\u00e3o da Chelso Sports, a realiza\u00e7\u00e3o da Rede de Supermercados Pague Menos e com o apoio da Prefeitura de Campinas.<\/span><\/span><\/p>\n<p style=\"text-align: center;\"><span style=\"color: #000000;\"><span style=\"font-family: Calibri, sans-serif;\">A prova foi disputada no Kart\u00f3dromo Taquaral e realizada nos percursos de 5 km, 10 km e Petminhada de 3 km.<\/span><\/span><\/p>\n<p><img fetchpriority=\"high\" decoding=\"async\" class=\" wp-image-22170 aligncenter\" src=\"https:\/\/chelso.com.br\/site\/wp-content\/uploads\/2024\/11\/WhatsApp-Image-2024-11-18-at-12.05.20-1-300x200.jpeg\" alt=\"\" width=\"444\" height=\"296\" srcset=\"https:\/\/chelso.com.br\/site\/wp-content\/uploads\/2024\/11\/WhatsApp-Image-2024-11-18-at-12.05.20-1-300x200.jpeg 300w, https:\/\/chelso.com.br\/site\/wp-content\/uploads\/2024\/11\/WhatsApp-Image-2024-11-18-at-12.05.20-1-1024x684.jpeg 1024w, https:\/\/chelso.com.br\/site\/wp-content\/uploads\/2024\/11\/WhatsApp-Image-2024-11-18-at-12.05.20-1-1536x1025.jpeg 1536w, https:\/\/chelso.com.br\/site\/wp-content\/uploads\/2024\/11\/WhatsApp-Image-2024-11-18-at-12.05.20-1-150x100.jpeg 150w, https:\/\/chelso.com.br\/site\/wp-content\/uploads\/2024\/11\/WhatsApp-Image-2024-11-18-at-12.05.20-1-450x300.jpeg 450w, https:\/\/chelso.com.br\/site\/wp-content\/uploads\/2024\/11\/WhatsApp-Image-2024-11-18-at-12.05.20-1-1200x801.jpeg 1200w, https:\/\/chelso.com.br\/site\/wp-content\/uploads\/2024\/11\/WhatsApp-Image-2024-11-18-at-12.05.20-1-768x513.jpeg 768w, https:\/\/chelso.com.br\/site\/wp-content\/uploads\/2024\/11\/WhatsApp-Image-2024-11-18-at-12.05.20-1.jpeg 1600w\" sizes=\"(max-width: 444px) 100vw, 444px\" \/><\/p>\n<p style=\"text-align: center;\"><span style=\"color: #000000;\"><span style=\"font-family: Calibri, sans-serif;\"><strong><b>Sobre a Rede de Supermercados Pague Menos<\/b><\/strong><\/span><\/span><\/p>\n<p style=\"text-align: center;\"><span style=\"color: #000000;\"><span style=\"font-family: Calibri, sans-serif;\">Inaugurada em 1989, a Rede de Supermercados Pague Menos est\u00e1 entre as 40 maiores empresas supermercadistas do Brasil, conforme o ranking da Abras (Associa\u00e7\u00e3o Brasileira de Supermercados).<\/span><\/span><\/p>\n<p style=\"text-align: center;\"><span style=\"color: #000000;\"><span style=\"font-family: Calibri, sans-serif;\">Atualmente, possui 36 lojas em funcionamento nas cidades de Americana, Araras, Artur Nogueira, Boituva, Campinas, Hortol\u00e2ndia, Indaiatuba, Itu, Limeira, Mogi Gua\u00e7u, Nova Odessa, Paul\u00ednia, Piracicaba, Santa B\u00e1rbara d\u2019Oeste, Salto, S\u00e3o Jo\u00e3o da Boa Vista, S\u00e3o Pedro, Sumar\u00e9, Tiet\u00ea e Valinhos.<\/span><\/span><\/p>\n<p style=\"text-align: center;\"><span style=\"color: #000000;\"><span style=\"font-family: Calibri, sans-serif;\">A empresa possui um Complexo Administrativo, Log\u00edstico e Entreposto de Carnes em Santa B\u00e1rbara d\u2019Oeste, com 200 mil m\u00b2 e com mais de 7 mil colaboradores e segue em constante expans\u00e3o.<\/span><\/span><\/p>\n<p style=\"text-align: center;\"><span style=\"color: #000000;\"><span style=\"font-family: Calibri, sans-serif;\">A f\u00f3rmula do bom atendimento, somada aos produtos de qualidade e aos pre\u00e7os imbat\u00edveis, faz da varejista sin\u00f4nimo de qualidade, economia, comodidade, compet\u00eancia e variedade. <\/span><\/span><span style=\"color: #000000;\"><span style=\"font-family: Calibri, sans-serif;\">Supermercados Pague Menos <\/span><\/span><em><span style=\"color: #000000;\"><span style=\"font-family: Calibri, sans-serif;\">\u201cFaz Sua Vida Melhor\u201d<\/span><\/span><\/em><span style=\"color: #000000;\"><span style=\"font-family: Calibri, sans-serif;\">!<\/span><\/span><\/p>\n<p><img decoding=\"async\" class=\"wp-image-22171 aligncenter\" src=\"https:\/\/chelso.com.br\/site\/wp-content\/uploads\/2024\/11\/WhatsApp-Image-2024-11-18-at-12.05.20-200x300.jpeg\" alt=\"\" width=\"322\" height=\"483\" srcset=\"https:\/\/chelso.com.br\/site\/wp-content\/uploads\/2024\/11\/WhatsApp-Image-2024-11-18-at-12.05.20-200x300.jpeg 200w, https:\/\/chelso.com.br\/site\/wp-content\/uploads\/2024\/11\/WhatsApp-Image-2024-11-18-at-12.05.20-684x1024.jpeg 684w, https:\/\/chelso.com.br\/site\/wp-content\/uploads\/2024\/11\/WhatsApp-Image-2024-11-18-at-12.05.20-1025x1536.jpeg 1025w, https:\/\/chelso.com.br\/site\/wp-content\/uploads\/2024\/11\/WhatsApp-Image-2024-11-18-at-12.05.20-150x225.jpeg 150w, https:\/\/chelso.com.br\/site\/wp-content\/uploads\/2024\/11\/WhatsApp-Image-2024-11-18-at-12.05.20-450x674.jpeg 450w, https:\/\/chelso.com.br\/site\/wp-content\/uploads\/2024\/11\/WhatsApp-Image-2024-11-18-at-12.05.20-768x1151.jpeg 768w, https:\/\/chelso.com.br\/site\/wp-content\/uploads\/2024\/11\/WhatsApp-Image-2024-11-18-at-12.05.20.jpeg 1068w\" sizes=\"(max-width: 322px) 100vw, 322px\" \/><\/p>\n<p style=\"text-align: center;\"><span style=\"color: #000000;\"><span style=\"font-family: Calibri, sans-serif;\"><b>RESULTADOS:<\/b><\/span><\/span><\/p>\n<p style=\"text-align: center;\"><span style=\"color: #000000;\"><span style=\"font-family: Calibri, sans-serif;\"><b>MASCULINO (5 KM)<\/b><\/span><\/span><\/p>\n<p style=\"text-align: center;\"><span style=\"color: #000000;\"><span style=\"font-family: Calibri, sans-serif;\">1\u00ba \u2013 Luan Bissoli (16:07);<\/span><\/span><\/p>\n<p style=\"text-align: center;\"><span style=\"color: #000000;\"><span style=\"font-family: Calibri, sans-serif;\">2\u00ba \u2013 Lucas Soares da Silva (16:11);<\/span><\/span><\/p>\n<p style=\"text-align: center;\"><span style=\"color: #000000;\"><span style=\"font-family: Calibri, sans-serif;\">3\u00ba \u2013 Elionay Ferreira Correia (16:14);<\/span><\/span><\/p>\n<p style=\"text-align: center;\"><span style=\"color: #000000;\"><span style=\"font-family: Calibri, sans-serif;\">4\u00ba \u2013 Jhenniffer Ra\u00edssa Bueno da Silva (16:22);<\/span><\/span><\/p>\n<p style=\"text-align: center;\"><span style=\"color: #000000;\"><span style=\"font-family: Calibri, sans-serif;\">5\u00ba \u2013 Elias Neto Fernandes (16:31)<\/span><\/span><\/p>\n<p style=\"text-align: center;\"><span style=\"color: #000000;\"><span style=\"font-family: Calibri, sans-serif;\"><b>FEMININO (5 KM)<\/b><\/span><\/span><\/p>\n<p style=\"text-align: center;\"><span style=\"color: #000000;\"><span style=\"font-family: Calibri, sans-serif;\">1\u00aa \u2013 Carmen Patr\u00edcia Martinez Aguilera (18:53);<\/span><\/span><\/p>\n<p style=\"text-align: center;\"><span style=\"color: #000000;\"><span style=\"font-family: Calibri, sans-serif;\">2\u00aa \u2013 Mirelle Leite da Silva (19:19);<\/span><\/span><\/p>\n<p style=\"text-align: center;\"><span style=\"color: #000000;\"><span style=\"font-family: Calibri, sans-serif;\">3\u00aa \u2013 Tatiana Rodrigues Fernandes (19:29);<\/span><\/span><\/p>\n<p style=\"text-align: center;\"><span style=\"color: #000000;\"><span style=\"font-family: Calibri, sans-serif;\">4\u00aa \u2013 Najara Cristina Louzada (19:43);<\/span><\/span><\/p>\n<p style=\"text-align: center;\"><span style=\"color: #000000;\"><span style=\"font-family: Calibri, sans-serif;\">5\u00aa \u2013 Solange Bentobela (19:58)<\/span><\/span><\/p>\n<p style=\"text-align: center;\"><span style=\"color: #000000;\"><span style=\"font-family: Calibri, sans-serif;\"><b>MASCULINO (10 KM)<\/b><\/span><\/span><\/p>\n<p style=\"text-align: center;\"><span style=\"color: #000000;\"><span style=\"font-family: Calibri, sans-serif;\">1\u00ba \u2013 Samur Cesar Batista In\u00e1cio (31:22);<\/span><\/span><\/p>\n<p style=\"text-align: center;\"><span style=\"color: #000000;\"><span style=\"font-family: Calibri, sans-serif;\">2\u00ba \u2013 Ant\u00f4nio Marco Pereira de Ara\u00fajo (31:36);<\/span><\/span><\/p>\n<p style=\"text-align: center;\"><span style=\"color: #000000;\"><span style=\"font-family: Calibri, sans-serif;\">3\u00ba \u2013 Rafael Soares Santeramo (32:08);<\/span><\/span><\/p>\n<p style=\"text-align: center;\"><span style=\"color: #000000;\"><span style=\"font-family: Calibri, sans-serif;\">4\u00ba \u2013 Edson Tib\u00farcio Alves Alves (32:11);<\/span><\/span><\/p>\n<p style=\"text-align: center;\"><span style=\"color: #000000;\"><span style=\"font-family: Calibri, sans-serif;\">5\u00ba \u2013 Fernando Augusto Rodrigues da Silva (32:21)<\/span><\/span><\/p>\n<p style=\"text-align: center;\"><span style=\"color: #000000;\"><span style=\"font-family: Calibri, sans-serif;\"><b>FEMININO (10 KM)<\/b><\/span><\/span><\/p>\n<p style=\"text-align: center;\"><span style=\"color: #000000;\"><span style=\"font-family: Calibri, sans-serif;\">1\u00aa \u2013 Larissa Marcelle Moreira Quint\u00e3o (37:57);<\/span><\/span><\/p>\n<p style=\"text-align: center;\"><span style=\"color: #000000;\"><span style=\"font-family: Calibri, sans-serif;\">2\u00aa \u2013 Edna Maria de Almeida (40:31);<\/span><\/span><\/p>\n<p style=\"text-align: center;\"><span style=\"color: #000000;\"><span style=\"font-family: Calibri, sans-serif;\">3\u00aa \u2013 Rafaela Damazio da Silva Azevedo (41:57);<\/span><\/span><\/p>\n<p style=\"text-align: center;\"><span style=\"color: #000000;\"><span style=\"font-family: Calibri, sans-serif;\">4\u00aa \u2013 Monike Folly Frossard (43:43);<\/span><\/span><\/p>\n<p style=\"text-align: center;\"><span style=\"color: #000000;\"><span style=\"font-family: Calibri, sans-serif;\">5\u00aa \u2013 Luana Cunha de Andrade (45:13)<\/span><\/span><\/p>\n<p style=\"text-align: center;\"><span style=\"color: #000000;\"><span style=\"font-family: Calibri, sans-serif;\"><b>Observa\u00e7\u00e3o<\/b>:<\/span><\/span><\/p>\n<p style=\"text-align: center;\"><span style=\"color: #000000;\"><span style=\"font-family: Calibri, sans-serif;\">Se voc\u00ea deseja conferir o seu resultado, basta acessar<\/span><\/span><\/p>\n<p style=\"text-align: center;\"><span style=\"color: #000000;\"><span style=\"font-family: Calibri, sans-serif;\">https:\/\/cronoserv.com.br\/resultado\/circuito-pague-menos&#8211;campinas,240245#start<\/span><\/span><\/p>\n<p><img decoding=\"async\" class=\" wp-image-22172 aligncenter\" src=\"https:\/\/chelso.com.br\/site\/wp-content\/uploads\/2024\/11\/WhatsApp-Image-2024-11-18-at-12.05.19-300x200.jpeg\" alt=\"\" width=\"458\" height=\"305\" srcset=\"https:\/\/chelso.com.br\/site\/wp-content\/uploads\/2024\/11\/WhatsApp-Image-2024-11-18-at-12.05.19-300x200.jpeg 300w, https:\/\/chelso.com.br\/site\/wp-content\/uploads\/2024\/11\/WhatsApp-Image-2024-11-18-at-12.05.19-1024x684.jpeg 1024w, https:\/\/chelso.com.br\/site\/wp-content\/uploads\/2024\/11\/WhatsApp-Image-2024-11-18-at-12.05.19-1536x1025.jpeg 1536w, https:\/\/chelso.com.br\/site\/wp-content\/uploads\/2024\/11\/WhatsApp-Image-2024-11-18-at-12.05.19-150x100.jpeg 150w, https:\/\/chelso.com.br\/site\/wp-content\/uploads\/2024\/11\/WhatsApp-Image-2024-11-18-at-12.05.19-450x300.jpeg 450w, https:\/\/chelso.com.br\/site\/wp-content\/uploads\/2024\/11\/WhatsApp-Image-2024-11-18-at-12.05.19-1200x801.jpeg 1200w, https:\/\/chelso.com.br\/site\/wp-content\/uploads\/2024\/11\/WhatsApp-Image-2024-11-18-at-12.05.19-768x513.jpeg 768w, https:\/\/chelso.com.br\/site\/wp-content\/uploads\/2024\/11\/WhatsApp-Image-2024-11-18-at-12.05.19.jpeg 1600w\" sizes=\"(max-width: 458px) 100vw, 458px\" \/><\/p>\n","protected":false},"excerpt":{"rendered":"<p>No \u00faltimo domingo, dia 17, o Circuito Pague Menos de Corridas de Rua teve a s\u00e9tima e \u00faltima etapa do ano de 2024. Foi uma grande festa com a organiza\u00e7\u00e3o da Chelso Sports, a realiza\u00e7\u00e3o da Rede de Supermercados Pague Menos e com o apoio da Prefeitura de Campinas. A prova foi disputada no Kart\u00f3dromo<\/p>\n","protected":false},"author":43,"featured_media":22169,"comment_status":"open","ping_status":"closed","sticky":false,"template":"","format":"standard","meta":{"om_disable_all_campaigns":false,"_monsterinsights_skip_tracking":false,"_monsterinsights_sitenote_active":false,"_monsterinsights_sitenote_note":"","_monsterinsights_sitenote_category":0,"footnotes":""},"categories":[30],"tags":[],"class_list":{"0":"post-22168","1":"post","2":"type-post","3":"status-publish","4":"format-standard","5":"has-post-thumbnail","7":"category-noticias"},"aioseo_notices":[],"yoast_head":"<!-- This site is optimized with the Yoast SEO plugin v27.5 - https:\/\/yoast.com\/product\/yoast-seo-wordpress\/ -->\n<title>7\u00aa etapa do Circuito Pague Menos: Campinas recebeu o encerramento da temporada 2024 - Portal Chelso Sports<\/title>\n<meta name=\"robots\" content=\"index, follow, max-snippet:-1, max-image-preview:large, max-video-preview:-1\" \/>\n<link rel=\"canonical\" href=\"https:\/\/chelso.com.br\/site\/7a-etapa-do-circuito-pague-menos-campinas-recebeu-o-encerramento-da-temporada-2024\/\" \/>\n<meta property=\"og:locale\" content=\"pt_BR\" \/>\n<meta property=\"og:type\" content=\"article\" \/>\n<meta property=\"og:title\" content=\"7\u00aa etapa do Circuito Pague Menos: Campinas recebeu o encerramento da temporada 2024 - Portal Chelso Sports\" \/>\n<meta property=\"og:description\" content=\"No \u00faltimo domingo, dia 17, o Circuito Pague Menos de Corridas de Rua teve a s\u00e9tima e \u00faltima etapa do ano de 2024. Foi uma grande festa com a organiza\u00e7\u00e3o da Chelso Sports, a realiza\u00e7\u00e3o da Rede de Supermercados Pague Menos e com o apoio da Prefeitura de Campinas. A prova foi disputada no Kart\u00f3dromo\" \/>\n<meta property=\"og:url\" content=\"https:\/\/chelso.com.br\/site\/7a-etapa-do-circuito-pague-menos-campinas-recebeu-o-encerramento-da-temporada-2024\/\" \/>\n<meta property=\"og:site_name\" content=\"Portal Chelso Sports\" \/>\n<meta property=\"article:published_time\" content=\"2024-11-19T14:08:26+00:00\" \/>\n<meta property=\"article:modified_time\" content=\"2024-11-19T14:15:56+00:00\" \/>\n<meta property=\"og:image\" content=\"https:\/\/chelso.com.br\/site\/wp-content\/uploads\/2024\/11\/WhatsApp-Image-2024-11-18-at-12.05.21.jpeg\" \/>\n\t<meta property=\"og:image:width\" content=\"1600\" \/>\n\t<meta property=\"og:image:height\" content=\"1068\" \/>\n\t<meta property=\"og:image:type\" content=\"image\/jpeg\" \/>\n<meta name=\"author\" content=\"Edilson Rodrigues\" \/>\n<meta name=\"twitter:card\" content=\"summary_large_image\" \/>\n<meta name=\"twitter:label1\" content=\"Escrito por\" \/>\n\t<meta name=\"twitter:data1\" content=\"Edilson Rodrigues\" \/>\n\t<meta name=\"twitter:label2\" content=\"Est. tempo de leitura\" \/>\n\t<meta name=\"twitter:data2\" content=\"3 minutos\" \/>\n<script type=\"application\/ld+json\" class=\"yoast-schema-graph\">{\"@context\":\"https:\\\/\\\/schema.org\",\"@graph\":[{\"@type\":\"Article\",\"@id\":\"https:\\\/\\\/chelso.com.br\\\/site\\\/7a-etapa-do-circuito-pague-menos-campinas-recebeu-o-encerramento-da-temporada-2024\\\/#article\",\"isPartOf\":{\"@id\":\"https:\\\/\\\/chelso.com.br\\\/site\\\/7a-etapa-do-circuito-pague-menos-campinas-recebeu-o-encerramento-da-temporada-2024\\\/\"},\"author\":{\"name\":\"Edilson Rodrigues\",\"@id\":\"https:\\\/\\\/chelso.com.br\\\/site\\\/#\\\/schema\\\/person\\\/a1e459f9cc882778a4f1367cb2ba51e3\"},\"headline\":\"7\u00aa etapa do Circuito Pague Menos: Campinas recebeu o encerramento da temporada 2024\",\"datePublished\":\"2024-11-19T14:08:26+00:00\",\"dateModified\":\"2024-11-19T14:15:56+00:00\",\"mainEntityOfPage\":{\"@id\":\"https:\\\/\\\/chelso.com.br\\\/site\\\/7a-etapa-do-circuito-pague-menos-campinas-recebeu-o-encerramento-da-temporada-2024\\\/\"},\"wordCount\":338,\"commentCount\":0,\"image\":{\"@id\":\"https:\\\/\\\/chelso.com.br\\\/site\\\/7a-etapa-do-circuito-pague-menos-campinas-recebeu-o-encerramento-da-temporada-2024\\\/#primaryimage\"},\"thumbnailUrl\":\"https:\\\/\\\/chelso.com.br\\\/site\\\/wp-content\\\/uploads\\\/2024\\\/11\\\/WhatsApp-Image-2024-11-18-at-12.05.21.jpeg\",\"articleSection\":[\"Not\u00edcias\"],\"inLanguage\":\"pt-BR\",\"potentialAction\":[{\"@type\":\"CommentAction\",\"name\":\"Comment\",\"target\":[\"https:\\\/\\\/chelso.com.br\\\/site\\\/7a-etapa-do-circuito-pague-menos-campinas-recebeu-o-encerramento-da-temporada-2024\\\/#respond\"]}]},{\"@type\":\"WebPage\",\"@id\":\"https:\\\/\\\/chelso.com.br\\\/site\\\/7a-etapa-do-circuito-pague-menos-campinas-recebeu-o-encerramento-da-temporada-2024\\\/\",\"url\":\"https:\\\/\\\/chelso.com.br\\\/site\\\/7a-etapa-do-circuito-pague-menos-campinas-recebeu-o-encerramento-da-temporada-2024\\\/\",\"name\":\"7\u00aa etapa do Circuito Pague Menos: Campinas recebeu o encerramento da temporada 2024 - Portal Chelso Sports\",\"isPartOf\":{\"@id\":\"https:\\\/\\\/chelso.com.br\\\/site\\\/#website\"},\"primaryImageOfPage\":{\"@id\":\"https:\\\/\\\/chelso.com.br\\\/site\\\/7a-etapa-do-circuito-pague-menos-campinas-recebeu-o-encerramento-da-temporada-2024\\\/#primaryimage\"},\"image\":{\"@id\":\"https:\\\/\\\/chelso.com.br\\\/site\\\/7a-etapa-do-circuito-pague-menos-campinas-recebeu-o-encerramento-da-temporada-2024\\\/#primaryimage\"},\"thumbnailUrl\":\"https:\\\/\\\/chelso.com.br\\\/site\\\/wp-content\\\/uploads\\\/2024\\\/11\\\/WhatsApp-Image-2024-11-18-at-12.05.21.jpeg\",\"datePublished\":\"2024-11-19T14:08:26+00:00\",\"dateModified\":\"2024-11-19T14:15:56+00:00\",\"author\":{\"@id\":\"https:\\\/\\\/chelso.com.br\\\/site\\\/#\\\/schema\\\/person\\\/a1e459f9cc882778a4f1367cb2ba51e3\"},\"breadcrumb\":{\"@id\":\"https:\\\/\\\/chelso.com.br\\\/site\\\/7a-etapa-do-circuito-pague-menos-campinas-recebeu-o-encerramento-da-temporada-2024\\\/#breadcrumb\"},\"inLanguage\":\"pt-BR\",\"potentialAction\":[{\"@type\":\"ReadAction\",\"target\":[\"https:\\\/\\\/chelso.com.br\\\/site\\\/7a-etapa-do-circuito-pague-menos-campinas-recebeu-o-encerramento-da-temporada-2024\\\/\"]}]},{\"@type\":\"ImageObject\",\"inLanguage\":\"pt-BR\",\"@id\":\"https:\\\/\\\/chelso.com.br\\\/site\\\/7a-etapa-do-circuito-pague-menos-campinas-recebeu-o-encerramento-da-temporada-2024\\\/#primaryimage\",\"url\":\"https:\\\/\\\/chelso.com.br\\\/site\\\/wp-content\\\/uploads\\\/2024\\\/11\\\/WhatsApp-Image-2024-11-18-at-12.05.21.jpeg\",\"contentUrl\":\"https:\\\/\\\/chelso.com.br\\\/site\\\/wp-content\\\/uploads\\\/2024\\\/11\\\/WhatsApp-Image-2024-11-18-at-12.05.21.jpeg\",\"width\":1600,\"height\":1068},{\"@type\":\"BreadcrumbList\",\"@id\":\"https:\\\/\\\/chelso.com.br\\\/site\\\/7a-etapa-do-circuito-pague-menos-campinas-recebeu-o-encerramento-da-temporada-2024\\\/#breadcrumb\",\"itemListElement\":[{\"@type\":\"ListItem\",\"position\":1,\"name\":\"In\u00edcio\",\"item\":\"https:\\\/\\\/chelso.com.br\\\/site\\\/\"},{\"@type\":\"ListItem\",\"position\":2,\"name\":\"7\u00aa etapa do Circuito Pague Menos: Campinas recebeu o encerramento da temporada 2024\"}]},{\"@type\":\"WebSite\",\"@id\":\"https:\\\/\\\/chelso.com.br\\\/site\\\/#website\",\"url\":\"https:\\\/\\\/chelso.com.br\\\/site\\\/\",\"name\":\"Portal Chelso Sports\",\"description\":\"Conte\u00fado especializado em corrida de rua e triathlon\",\"potentialAction\":[{\"@type\":\"SearchAction\",\"target\":{\"@type\":\"EntryPoint\",\"urlTemplate\":\"https:\\\/\\\/chelso.com.br\\\/site\\\/?s={search_term_string}\"},\"query-input\":{\"@type\":\"PropertyValueSpecification\",\"valueRequired\":true,\"valueName\":\"search_term_string\"}}],\"inLanguage\":\"pt-BR\"},{\"@type\":\"Person\",\"@id\":\"https:\\\/\\\/chelso.com.br\\\/site\\\/#\\\/schema\\\/person\\\/a1e459f9cc882778a4f1367cb2ba51e3\",\"name\":\"Edilson Rodrigues\",\"image\":{\"@type\":\"ImageObject\",\"inLanguage\":\"pt-BR\",\"@id\":\"https:\\\/\\\/chelso.com.br\\\/site\\\/wp-content\\\/uploads\\\/2024\\\/09\\\/Captura-de-tela-2024-09-27-170323-150x150.png\",\"url\":\"https:\\\/\\\/chelso.com.br\\\/site\\\/wp-content\\\/uploads\\\/2024\\\/09\\\/Captura-de-tela-2024-09-27-170323-150x150.png\",\"contentUrl\":\"https:\\\/\\\/chelso.com.br\\\/site\\\/wp-content\\\/uploads\\\/2024\\\/09\\\/Captura-de-tela-2024-09-27-170323-150x150.png\",\"caption\":\"Edilson Rodrigues\"},\"url\":\"https:\\\/\\\/chelso.com.br\\\/site\\\/author\\\/edilson\\\/\"}]}<\/script>\n<!-- \/ Yoast SEO plugin. -->","yoast_head_json":{"title":"7\u00aa etapa do Circuito Pague Menos: Campinas recebeu o encerramento da temporada 2024 - Portal Chelso Sports","robots":{"index":"index","follow":"follow","max-snippet":"max-snippet:-1","max-image-preview":"max-image-preview:large","max-video-preview":"max-video-preview:-1"},"canonical":"https:\/\/chelso.com.br\/site\/7a-etapa-do-circuito-pague-menos-campinas-recebeu-o-encerramento-da-temporada-2024\/","og_locale":"pt_BR","og_type":"article","og_title":"7\u00aa etapa do Circuito Pague Menos: Campinas recebeu o encerramento da temporada 2024 - Portal Chelso Sports","og_description":"No \u00faltimo domingo, dia 17, o Circuito Pague Menos de Corridas de Rua teve a s\u00e9tima e \u00faltima etapa do ano de 2024. Foi uma grande festa com a organiza\u00e7\u00e3o da Chelso Sports, a realiza\u00e7\u00e3o da Rede de Supermercados Pague Menos e com o apoio da Prefeitura de Campinas. A prova foi disputada no Kart\u00f3dromo","og_url":"https:\/\/chelso.com.br\/site\/7a-etapa-do-circuito-pague-menos-campinas-recebeu-o-encerramento-da-temporada-2024\/","og_site_name":"Portal Chelso Sports","article_published_time":"2024-11-19T14:08:26+00:00","article_modified_time":"2024-11-19T14:15:56+00:00","og_image":[{"width":1600,"height":1068,"url":"https:\/\/chelso.com.br\/site\/wp-content\/uploads\/2024\/11\/WhatsApp-Image-2024-11-18-at-12.05.21.jpeg","type":"image\/jpeg"}],"author":"Edilson Rodrigues","twitter_card":"summary_large_image","twitter_misc":{"Escrito por":"Edilson Rodrigues","Est. tempo de leitura":"3 minutos"},"schema":{"@context":"https:\/\/schema.org","@graph":[{"@type":"Article","@id":"https:\/\/chelso.com.br\/site\/7a-etapa-do-circuito-pague-menos-campinas-recebeu-o-encerramento-da-temporada-2024\/#article","isPartOf":{"@id":"https:\/\/chelso.com.br\/site\/7a-etapa-do-circuito-pague-menos-campinas-recebeu-o-encerramento-da-temporada-2024\/"},"author":{"name":"Edilson Rodrigues","@id":"https:\/\/chelso.com.br\/site\/#\/schema\/person\/a1e459f9cc882778a4f1367cb2ba51e3"},"headline":"7\u00aa etapa do Circuito Pague Menos: Campinas recebeu o encerramento da temporada 2024","datePublished":"2024-11-19T14:08:26+00:00","dateModified":"2024-11-19T14:15:56+00:00","mainEntityOfPage":{"@id":"https:\/\/chelso.com.br\/site\/7a-etapa-do-circuito-pague-menos-campinas-recebeu-o-encerramento-da-temporada-2024\/"},"wordCount":338,"commentCount":0,"image":{"@id":"https:\/\/chelso.com.br\/site\/7a-etapa-do-circuito-pague-menos-campinas-recebeu-o-encerramento-da-temporada-2024\/#primaryimage"},"thumbnailUrl":"https:\/\/chelso.com.br\/site\/wp-content\/uploads\/2024\/11\/WhatsApp-Image-2024-11-18-at-12.05.21.jpeg","articleSection":["Not\u00edcias"],"inLanguage":"pt-BR","potentialAction":[{"@type":"CommentAction","name":"Comment","target":["https:\/\/chelso.com.br\/site\/7a-etapa-do-circuito-pague-menos-campinas-recebeu-o-encerramento-da-temporada-2024\/#respond"]}]},{"@type":"WebPage","@id":"https:\/\/chelso.com.br\/site\/7a-etapa-do-circuito-pague-menos-campinas-recebeu-o-encerramento-da-temporada-2024\/","url":"https:\/\/chelso.com.br\/site\/7a-etapa-do-circuito-pague-menos-campinas-recebeu-o-encerramento-da-temporada-2024\/","name":"7\u00aa etapa do Circuito Pague Menos: Campinas recebeu o encerramento da temporada 2024 - Portal Chelso Sports","isPartOf":{"@id":"https:\/\/chelso.com.br\/site\/#website"},"primaryImageOfPage":{"@id":"https:\/\/chelso.com.br\/site\/7a-etapa-do-circuito-pague-menos-campinas-recebeu-o-encerramento-da-temporada-2024\/#primaryimage"},"image":{"@id":"https:\/\/chelso.com.br\/site\/7a-etapa-do-circuito-pague-menos-campinas-recebeu-o-encerramento-da-temporada-2024\/#primaryimage"},"thumbnailUrl":"https:\/\/chelso.com.br\/site\/wp-content\/uploads\/2024\/11\/WhatsApp-Image-2024-11-18-at-12.05.21.jpeg","datePublished":"2024-11-19T14:08:26+00:00","dateModified":"2024-11-19T14:15:56+00:00","author":{"@id":"https:\/\/chelso.com.br\/site\/#\/schema\/person\/a1e459f9cc882778a4f1367cb2ba51e3"},"breadcrumb":{"@id":"https:\/\/chelso.com.br\/site\/7a-etapa-do-circuito-pague-menos-campinas-recebeu-o-encerramento-da-temporada-2024\/#breadcrumb"},"inLanguage":"pt-BR","potentialAction":[{"@type":"ReadAction","target":["https:\/\/chelso.com.br\/site\/7a-etapa-do-circuito-pague-menos-campinas-recebeu-o-encerramento-da-temporada-2024\/"]}]},{"@type":"ImageObject","inLanguage":"pt-BR","@id":"https:\/\/chelso.com.br\/site\/7a-etapa-do-circuito-pague-menos-campinas-recebeu-o-encerramento-da-temporada-2024\/#primaryimage","url":"https:\/\/chelso.com.br\/site\/wp-content\/uploads\/2024\/11\/WhatsApp-Image-2024-11-18-at-12.05.21.jpeg","contentUrl":"https:\/\/chelso.com.br\/site\/wp-content\/uploads\/2024\/11\/WhatsApp-Image-2024-11-18-at-12.05.21.jpeg","width":1600,"height":1068},{"@type":"BreadcrumbList","@id":"https:\/\/chelso.com.br\/site\/7a-etapa-do-circuito-pague-menos-campinas-recebeu-o-encerramento-da-temporada-2024\/#breadcrumb","itemListElement":[{"@type":"ListItem","position":1,"name":"In\u00edcio","item":"https:\/\/chelso.com.br\/site\/"},{"@type":"ListItem","position":2,"name":"7\u00aa etapa do Circuito Pague Menos: Campinas recebeu o encerramento da temporada 2024"}]},{"@type":"WebSite","@id":"https:\/\/chelso.com.br\/site\/#website","url":"https:\/\/chelso.com.br\/site\/","name":"Portal Chelso Sports","description":"Conte\u00fado especializado em corrida de rua e triathlon","potentialAction":[{"@type":"SearchAction","target":{"@type":"EntryPoint","urlTemplate":"https:\/\/chelso.com.br\/site\/?s={search_term_string}"},"query-input":{"@type":"PropertyValueSpecification","valueRequired":true,"valueName":"search_term_string"}}],"inLanguage":"pt-BR"},{"@type":"Person","@id":"https:\/\/chelso.com.br\/site\/#\/schema\/person\/a1e459f9cc882778a4f1367cb2ba51e3","name":"Edilson Rodrigues","image":{"@type":"ImageObject","inLanguage":"pt-BR","@id":"https:\/\/chelso.com.br\/site\/wp-content\/uploads\/2024\/09\/Captura-de-tela-2024-09-27-170323-150x150.png","url":"https:\/\/chelso.com.br\/site\/wp-content\/uploads\/2024\/09\/Captura-de-tela-2024-09-27-170323-150x150.png","contentUrl":"https:\/\/chelso.com.br\/site\/wp-content\/uploads\/2024\/09\/Captura-de-tela-2024-09-27-170323-150x150.png","caption":"Edilson Rodrigues"},"url":"https:\/\/chelso.com.br\/site\/author\/edilson\/"}]}},"amp_enabled":true,"_links":{"self":[{"href":"https:\/\/chelso.com.br\/site\/wp-json\/wp\/v2\/posts\/22168","targetHints":{"allow":["GET"]}}],"collection":[{"href":"https:\/\/chelso.com.br\/site\/wp-json\/wp\/v2\/posts"}],"about":[{"href":"https:\/\/chelso.com.br\/site\/wp-json\/wp\/v2\/types\/post"}],"author":[{"embeddable":true,"href":"https:\/\/chelso.com.br\/site\/wp-json\/wp\/v2\/users\/43"}],"replies":[{"embeddable":true,"href":"https:\/\/chelso.com.br\/site\/wp-json\/wp\/v2\/comments?post=22168"}],"version-history":[{"count":2,"href":"https:\/\/chelso.com.br\/site\/wp-json\/wp\/v2\/posts\/22168\/revisions"}],"predecessor-version":[{"id":22174,"href":"https:\/\/chelso.com.br\/site\/wp-json\/wp\/v2\/posts\/22168\/revisions\/22174"}],"wp:featuredmedia":[{"embeddable":true,"href":"https:\/\/chelso.com.br\/site\/wp-json\/wp\/v2\/media\/22169"}],"wp:attachment":[{"href":"https:\/\/chelso.com.br\/site\/wp-json\/wp\/v2\/media?parent=22168"}],"wp:term":[{"taxonomy":"category","embeddable":true,"href":"https:\/\/chelso.com.br\/site\/wp-json\/wp\/v2\/categories?post=22168"},{"taxonomy":"post_tag","embeddable":true,"href":"https:\/\/chelso.com.br\/site\/wp-json\/wp\/v2\/tags?post=22168"}],"curies":[{"name":"wp","href":"https:\/\/api.w.org\/{rel}","templated":true}]}}