{"id":22273,"date":"2024-12-04T16:12:48","date_gmt":"2024-12-04T19:12:48","guid":{"rendered":"https:\/\/chelso.com.br\/site\/?p=22273"},"modified":"2024-12-06T11:26:20","modified_gmt":"2024-12-06T14:26:20","slug":"meia-maratona-de-piracicaba-movimenta-o-parque-da-rua-do-porto-neste-final-de-semana","status":"publish","type":"post","link":"https:\/\/chelso.com.br\/site\/meia-maratona-de-piracicaba-movimenta-o-parque-da-rua-do-porto-neste-final-de-semana\/","title":{"rendered":"Ra\u00edzen Meia Maratona de Piracicaba movimenta o Parque da Rua do Porto neste final de semana"},"content":{"rendered":"<p class=\"western\" style=\"text-align: center;\"><span style=\"font-family: Calibri, sans-serif;\"><span style=\"font-size: medium;\">Com organiza\u00e7\u00e3o da Chelso Sports e com o apoio da Prefeitura de Piracicaba, o Parque da Rua do Porto ser\u00e1 o local para a realiza\u00e7\u00e3o da Ra\u00edzen Meia Maratona de Piracicaba, que chega neste domingo, dia 8 de dezembro, para agitar os atletas da cidade e regi\u00e3o em uma prova que ser\u00e1 disputada nos percursos de 5 km e 10 km e o trajeto de 21 km (meia maratona).<\/span><\/span><\/p>\n<p><img fetchpriority=\"high\" decoding=\"async\" class=\"wp-image-22276 aligncenter\" src=\"https:\/\/chelso.com.br\/site\/wp-content\/uploads\/2024\/12\/Meia-Maratona-de-Piracicaba-acontece-no-proximo-domingo-dia-8-de-dezembro-300x266.jpeg\" alt=\"\" width=\"473\" height=\"419\" srcset=\"https:\/\/chelso.com.br\/site\/wp-content\/uploads\/2024\/12\/Meia-Maratona-de-Piracicaba-acontece-no-proximo-domingo-dia-8-de-dezembro-300x266.jpeg 300w, https:\/\/chelso.com.br\/site\/wp-content\/uploads\/2024\/12\/Meia-Maratona-de-Piracicaba-acontece-no-proximo-domingo-dia-8-de-dezembro-1024x907.jpeg 1024w, https:\/\/chelso.com.br\/site\/wp-content\/uploads\/2024\/12\/Meia-Maratona-de-Piracicaba-acontece-no-proximo-domingo-dia-8-de-dezembro-150x133.jpeg 150w, https:\/\/chelso.com.br\/site\/wp-content\/uploads\/2024\/12\/Meia-Maratona-de-Piracicaba-acontece-no-proximo-domingo-dia-8-de-dezembro-450x398.jpeg 450w, https:\/\/chelso.com.br\/site\/wp-content\/uploads\/2024\/12\/Meia-Maratona-de-Piracicaba-acontece-no-proximo-domingo-dia-8-de-dezembro-1200x1062.jpeg 1200w, https:\/\/chelso.com.br\/site\/wp-content\/uploads\/2024\/12\/Meia-Maratona-de-Piracicaba-acontece-no-proximo-domingo-dia-8-de-dezembro-768x680.jpeg 768w, https:\/\/chelso.com.br\/site\/wp-content\/uploads\/2024\/12\/Meia-Maratona-de-Piracicaba-acontece-no-proximo-domingo-dia-8-de-dezembro.jpeg 1204w\" sizes=\"(max-width: 473px) 100vw, 473px\" \/><\/p>\n<p class=\"western\" style=\"text-align: center;\"><span style=\"font-family: Calibri, sans-serif;\"><span style=\"font-size: medium;\">Para aqueles que preferem algo mais tranquilo, o evento promove ainda a caminhada de 5 km para garantir a oportunidade para que todos possam ter a chance de participar dessa incr\u00edvel experi\u00eancia esportiva.<\/span><\/span><\/p>\n<p class=\"western\" style=\"text-align: center;\"><span style=\"font-family: Calibri, sans-serif;\"><span style=\"font-size: medium;\">Essa grande festa do esporte piracicabano tem como ponto de partida o Parque da Rua do Porto, na avenida Alidor Pecorari (ao lado dos Pedalinhos) com a concentra\u00e7\u00e3o agendada \u00e0s 6h e com largada dos 21 km \u00e0s 6h30. Logo ap\u00f3s, \u00e0s 7h10, tem largada dos 10 km e, \u00e0s 7h27, a sa\u00edda dos participantes da caminhada dos 5 km.<\/span><\/span><\/p>\n<p><img decoding=\"async\" class=\"wp-image-22277 aligncenter\" src=\"https:\/\/chelso.com.br\/site\/wp-content\/uploads\/2024\/12\/Meia-Maratona-integra-o-calendario-das-provas-de-rua-de-Piracicaba-300x200.jpeg\" alt=\"\" width=\"486\" height=\"324\" srcset=\"https:\/\/chelso.com.br\/site\/wp-content\/uploads\/2024\/12\/Meia-Maratona-integra-o-calendario-das-provas-de-rua-de-Piracicaba-300x200.jpeg 300w, https:\/\/chelso.com.br\/site\/wp-content\/uploads\/2024\/12\/Meia-Maratona-integra-o-calendario-das-provas-de-rua-de-Piracicaba-1024x683.jpeg 1024w, https:\/\/chelso.com.br\/site\/wp-content\/uploads\/2024\/12\/Meia-Maratona-integra-o-calendario-das-provas-de-rua-de-Piracicaba-1536x1024.jpeg 1536w, https:\/\/chelso.com.br\/site\/wp-content\/uploads\/2024\/12\/Meia-Maratona-integra-o-calendario-das-provas-de-rua-de-Piracicaba-150x100.jpeg 150w, https:\/\/chelso.com.br\/site\/wp-content\/uploads\/2024\/12\/Meia-Maratona-integra-o-calendario-das-provas-de-rua-de-Piracicaba-450x300.jpeg 450w, https:\/\/chelso.com.br\/site\/wp-content\/uploads\/2024\/12\/Meia-Maratona-integra-o-calendario-das-provas-de-rua-de-Piracicaba-1200x800.jpeg 1200w, https:\/\/chelso.com.br\/site\/wp-content\/uploads\/2024\/12\/Meia-Maratona-integra-o-calendario-das-provas-de-rua-de-Piracicaba-768x512.jpeg 768w, https:\/\/chelso.com.br\/site\/wp-content\/uploads\/2024\/12\/Meia-Maratona-integra-o-calendario-das-provas-de-rua-de-Piracicaba.jpeg 1600w\" sizes=\"(max-width: 486px) 100vw, 486px\" \/><\/p>\n<p class=\"western\" style=\"text-align: center;\"><span style=\"font-family: Calibri, sans-serif;\"><span style=\"font-size: medium;\">A retirada dos kits podem ser feitas nesta quinta-feira, dia 5 de dezembro, das 13h \u00e0s 17h, na sexta, dia 6, das 10h \u00e0s 17h e no s\u00e1bado, dia 7 de dezembro, no per\u00edodo das 10h \u00e0s 15h. O local de entrega dos kits ser\u00e1 o Supermercado S\u00e3o Vicente, localizado a avenida 31 de mar\u00e7o, 741, na Paulic\u00e9ia.<\/span><\/span><\/p>\n<p class=\"western\" style=\"text-align: center;\"><span style=\"font-family: Calibri, sans-serif;\"><span style=\"font-size: medium;\">A Ra\u00edzen Meia Maratona de Piracicaba conta com o patroc\u00ednio master da Ra\u00edzen, que \u00e9 refer\u00eancia global em bionergia e protagonista na transi\u00e7\u00e3o energ\u00e9tica como a empresa que est\u00e1 entre os maiores grupos empresariais privados do Brasil. Atrav\u00e9s da Meia Maratona, a Ra\u00edzen demonstra sua preocupa\u00e7\u00e3o com a promo\u00e7\u00e3o da sa\u00fade e do bem-estar do cidad\u00e3o brasileiro.<\/span><\/span><\/p>\n<p class=\"western\" style=\"text-align: center;\"><span style=\"font-family: Calibri, sans-serif;\"><span style=\"font-size: medium;\"><b>Conhe\u00e7a a Ra\u00edzen = RAIZ + ENERGIA<\/b><\/span><\/span><\/p>\n<p class=\"western\" style=\"text-align: center;\"><span style=\"font-family: Calibri, sans-serif;\"><span style=\"font-size: medium;\">Uma verdadeira pot\u00eancia verde. A Ra\u00edzen \u00e9 refer\u00eancia global em bioenergia e protagonista na transi\u00e7\u00e3o energ\u00e9tica.<\/span><\/span><\/p>\n<p class=\"western\" style=\"text-align: center;\"><span style=\"font-family: Calibri, sans-serif;\"><span style=\"font-size: medium;\">A empresa est\u00e1 entre os maiores grupos empresariais privados do Brasil com um time de mais de 46 mil colaboradores e colaboradoras e 15 mil parceiros de neg\u00f3cios espalhados pelo pa\u00eds. Sua origem est\u00e1 no solo brasileiro, mas tamb\u00e9m atua na Argentina e no Paraguai.<\/span><\/span><\/p>\n<p class=\"western\" style=\"text-align: center;\"><span style=\"font-family: Calibri, sans-serif;\"><span style=\"font-size: medium;\">A Ra\u00edzen tem um modelo \u00fanico de atua\u00e7\u00e3o e est\u00e1 presente de ponta a ponta: desde a produ\u00e7\u00e3o e venda de energia renov\u00e1vel e a\u00e7\u00facar a partir da cana-de-a\u00e7\u00facar, levando tamb\u00e9m essa energia para diversos cantos no mundo.<\/span><\/span><\/p>\n<p class=\"western\" style=\"text-align: center;\"><span style=\"font-size: medium;\"><span style=\"color: #000000;\"><span style=\"font-family: Calibri, sans-serif;\">E com uma forte atua\u00e7\u00e3o em Mobilidade, presente ao longo de todo o territ\u00f3rio brasileiro e argentino, distribuindo combust\u00edveis, e levando energia por meio dos Postos Shell, al\u00e9m de facilidade no dia a dia de nossos clientes, com digitaliza\u00e7\u00e3o na palma da m\u00e3o e mais pr\u00f3ximos por meio do nosso segmento de Proximidade.<\/span><\/span><\/span><\/p>\n<p>&nbsp;<\/p>\n<p class=\"western\" style=\"text-align: center;\">\n","protected":false},"excerpt":{"rendered":"<p>Com organiza\u00e7\u00e3o da Chelso Sports e com o apoio da Prefeitura de Piracicaba, o Parque da Rua do Porto ser\u00e1 o local para a realiza\u00e7\u00e3o da Ra\u00edzen Meia Maratona de Piracicaba, que chega neste domingo, dia 8 de dezembro, para agitar os atletas da cidade e regi\u00e3o em uma prova que ser\u00e1 disputada nos percursos<\/p>\n","protected":false},"author":43,"featured_media":22275,"comment_status":"open","ping_status":"closed","sticky":false,"template":"","format":"standard","meta":{"om_disable_all_campaigns":false,"_monsterinsights_skip_tracking":false,"_monsterinsights_sitenote_active":false,"_monsterinsights_sitenote_note":"","_monsterinsights_sitenote_category":0,"footnotes":""},"categories":[30,1],"tags":[],"class_list":{"0":"post-22273","1":"post","2":"type-post","3":"status-publish","4":"format-standard","5":"has-post-thumbnail","7":"category-noticias","8":"category-sem-categoria"},"aioseo_notices":[],"yoast_head":"<!-- This site is optimized with the Yoast SEO plugin v27.5 - https:\/\/yoast.com\/product\/yoast-seo-wordpress\/ -->\n<title>Ra\u00edzen Meia Maratona de Piracicaba movimenta o Parque da Rua do Porto neste final de semana - Portal Chelso Sports<\/title>\n<meta name=\"robots\" content=\"index, follow, max-snippet:-1, max-image-preview:large, max-video-preview:-1\" \/>\n<link rel=\"canonical\" href=\"https:\/\/chelso.com.br\/site\/meia-maratona-de-piracicaba-movimenta-o-parque-da-rua-do-porto-neste-final-de-semana\/\" \/>\n<meta property=\"og:locale\" content=\"pt_BR\" \/>\n<meta property=\"og:type\" content=\"article\" \/>\n<meta property=\"og:title\" content=\"Ra\u00edzen Meia Maratona de Piracicaba movimenta o Parque da Rua do Porto neste final de semana - Portal Chelso Sports\" \/>\n<meta property=\"og:description\" content=\"Com organiza\u00e7\u00e3o da Chelso Sports e com o apoio da Prefeitura de Piracicaba, o Parque da Rua do Porto ser\u00e1 o local para a realiza\u00e7\u00e3o da Ra\u00edzen Meia Maratona de Piracicaba, que chega neste domingo, dia 8 de dezembro, para agitar os atletas da cidade e regi\u00e3o em uma prova que ser\u00e1 disputada nos percursos\" \/>\n<meta property=\"og:url\" content=\"https:\/\/chelso.com.br\/site\/meia-maratona-de-piracicaba-movimenta-o-parque-da-rua-do-porto-neste-final-de-semana\/\" \/>\n<meta property=\"og:site_name\" content=\"Portal Chelso Sports\" \/>\n<meta property=\"article:published_time\" content=\"2024-12-04T19:12:48+00:00\" \/>\n<meta property=\"article:modified_time\" content=\"2024-12-06T14:26:20+00:00\" \/>\n<meta property=\"og:image\" content=\"https:\/\/chelso.com.br\/site\/wp-content\/uploads\/2024\/12\/Meia-Maratona-de-Piracicaba-movimenta-o-Parque-da-Rua-do-Porto-no-proximo-final-de-semana.jpeg\" \/>\n\t<meta property=\"og:image:width\" content=\"1600\" \/>\n\t<meta property=\"og:image:height\" content=\"1066\" \/>\n\t<meta property=\"og:image:type\" content=\"image\/jpeg\" \/>\n<meta name=\"author\" content=\"Edilson Rodrigues\" \/>\n<meta name=\"twitter:card\" content=\"summary_large_image\" \/>\n<meta name=\"twitter:label1\" content=\"Escrito por\" \/>\n\t<meta name=\"twitter:data1\" content=\"Edilson Rodrigues\" \/>\n\t<meta name=\"twitter:label2\" content=\"Est. tempo de leitura\" \/>\n\t<meta name=\"twitter:data2\" content=\"4 minutos\" \/>\n<script type=\"application\/ld+json\" class=\"yoast-schema-graph\">{\"@context\":\"https:\\\/\\\/schema.org\",\"@graph\":[{\"@type\":\"Article\",\"@id\":\"https:\\\/\\\/chelso.com.br\\\/site\\\/meia-maratona-de-piracicaba-movimenta-o-parque-da-rua-do-porto-neste-final-de-semana\\\/#article\",\"isPartOf\":{\"@id\":\"https:\\\/\\\/chelso.com.br\\\/site\\\/meia-maratona-de-piracicaba-movimenta-o-parque-da-rua-do-porto-neste-final-de-semana\\\/\"},\"author\":{\"name\":\"Edilson Rodrigues\",\"@id\":\"https:\\\/\\\/chelso.com.br\\\/site\\\/#\\\/schema\\\/person\\\/a1e459f9cc882778a4f1367cb2ba51e3\"},\"headline\":\"Ra\u00edzen Meia Maratona de Piracicaba movimenta o Parque da Rua do Porto neste final de semana\",\"datePublished\":\"2024-12-04T19:12:48+00:00\",\"dateModified\":\"2024-12-06T14:26:20+00:00\",\"mainEntityOfPage\":{\"@id\":\"https:\\\/\\\/chelso.com.br\\\/site\\\/meia-maratona-de-piracicaba-movimenta-o-parque-da-rua-do-porto-neste-final-de-semana\\\/\"},\"wordCount\":485,\"commentCount\":0,\"image\":{\"@id\":\"https:\\\/\\\/chelso.com.br\\\/site\\\/meia-maratona-de-piracicaba-movimenta-o-parque-da-rua-do-porto-neste-final-de-semana\\\/#primaryimage\"},\"thumbnailUrl\":\"https:\\\/\\\/chelso.com.br\\\/site\\\/wp-content\\\/uploads\\\/2024\\\/12\\\/Meia-Maratona-de-Piracicaba-movimenta-o-Parque-da-Rua-do-Porto-no-proximo-final-de-semana.jpeg\",\"articleSection\":[\"Not\u00edcias\"],\"inLanguage\":\"pt-BR\",\"potentialAction\":[{\"@type\":\"CommentAction\",\"name\":\"Comment\",\"target\":[\"https:\\\/\\\/chelso.com.br\\\/site\\\/meia-maratona-de-piracicaba-movimenta-o-parque-da-rua-do-porto-neste-final-de-semana\\\/#respond\"]}]},{\"@type\":\"WebPage\",\"@id\":\"https:\\\/\\\/chelso.com.br\\\/site\\\/meia-maratona-de-piracicaba-movimenta-o-parque-da-rua-do-porto-neste-final-de-semana\\\/\",\"url\":\"https:\\\/\\\/chelso.com.br\\\/site\\\/meia-maratona-de-piracicaba-movimenta-o-parque-da-rua-do-porto-neste-final-de-semana\\\/\",\"name\":\"Ra\u00edzen Meia Maratona de Piracicaba movimenta o Parque da Rua do Porto neste final de semana - Portal Chelso Sports\",\"isPartOf\":{\"@id\":\"https:\\\/\\\/chelso.com.br\\\/site\\\/#website\"},\"primaryImageOfPage\":{\"@id\":\"https:\\\/\\\/chelso.com.br\\\/site\\\/meia-maratona-de-piracicaba-movimenta-o-parque-da-rua-do-porto-neste-final-de-semana\\\/#primaryimage\"},\"image\":{\"@id\":\"https:\\\/\\\/chelso.com.br\\\/site\\\/meia-maratona-de-piracicaba-movimenta-o-parque-da-rua-do-porto-neste-final-de-semana\\\/#primaryimage\"},\"thumbnailUrl\":\"https:\\\/\\\/chelso.com.br\\\/site\\\/wp-content\\\/uploads\\\/2024\\\/12\\\/Meia-Maratona-de-Piracicaba-movimenta-o-Parque-da-Rua-do-Porto-no-proximo-final-de-semana.jpeg\",\"datePublished\":\"2024-12-04T19:12:48+00:00\",\"dateModified\":\"2024-12-06T14:26:20+00:00\",\"author\":{\"@id\":\"https:\\\/\\\/chelso.com.br\\\/site\\\/#\\\/schema\\\/person\\\/a1e459f9cc882778a4f1367cb2ba51e3\"},\"breadcrumb\":{\"@id\":\"https:\\\/\\\/chelso.com.br\\\/site\\\/meia-maratona-de-piracicaba-movimenta-o-parque-da-rua-do-porto-neste-final-de-semana\\\/#breadcrumb\"},\"inLanguage\":\"pt-BR\",\"potentialAction\":[{\"@type\":\"ReadAction\",\"target\":[\"https:\\\/\\\/chelso.com.br\\\/site\\\/meia-maratona-de-piracicaba-movimenta-o-parque-da-rua-do-porto-neste-final-de-semana\\\/\"]}]},{\"@type\":\"ImageObject\",\"inLanguage\":\"pt-BR\",\"@id\":\"https:\\\/\\\/chelso.com.br\\\/site\\\/meia-maratona-de-piracicaba-movimenta-o-parque-da-rua-do-porto-neste-final-de-semana\\\/#primaryimage\",\"url\":\"https:\\\/\\\/chelso.com.br\\\/site\\\/wp-content\\\/uploads\\\/2024\\\/12\\\/Meia-Maratona-de-Piracicaba-movimenta-o-Parque-da-Rua-do-Porto-no-proximo-final-de-semana.jpeg\",\"contentUrl\":\"https:\\\/\\\/chelso.com.br\\\/site\\\/wp-content\\\/uploads\\\/2024\\\/12\\\/Meia-Maratona-de-Piracicaba-movimenta-o-Parque-da-Rua-do-Porto-no-proximo-final-de-semana.jpeg\",\"width\":1600,\"height\":1066},{\"@type\":\"BreadcrumbList\",\"@id\":\"https:\\\/\\\/chelso.com.br\\\/site\\\/meia-maratona-de-piracicaba-movimenta-o-parque-da-rua-do-porto-neste-final-de-semana\\\/#breadcrumb\",\"itemListElement\":[{\"@type\":\"ListItem\",\"position\":1,\"name\":\"In\u00edcio\",\"item\":\"https:\\\/\\\/chelso.com.br\\\/site\\\/\"},{\"@type\":\"ListItem\",\"position\":2,\"name\":\"Ra\u00edzen Meia Maratona de Piracicaba movimenta o Parque da Rua do Porto neste final de semana\"}]},{\"@type\":\"WebSite\",\"@id\":\"https:\\\/\\\/chelso.com.br\\\/site\\\/#website\",\"url\":\"https:\\\/\\\/chelso.com.br\\\/site\\\/\",\"name\":\"Portal Chelso Sports\",\"description\":\"Conte\u00fado especializado em corrida de rua e triathlon\",\"potentialAction\":[{\"@type\":\"SearchAction\",\"target\":{\"@type\":\"EntryPoint\",\"urlTemplate\":\"https:\\\/\\\/chelso.com.br\\\/site\\\/?s={search_term_string}\"},\"query-input\":{\"@type\":\"PropertyValueSpecification\",\"valueRequired\":true,\"valueName\":\"search_term_string\"}}],\"inLanguage\":\"pt-BR\"},{\"@type\":\"Person\",\"@id\":\"https:\\\/\\\/chelso.com.br\\\/site\\\/#\\\/schema\\\/person\\\/a1e459f9cc882778a4f1367cb2ba51e3\",\"name\":\"Edilson Rodrigues\",\"image\":{\"@type\":\"ImageObject\",\"inLanguage\":\"pt-BR\",\"@id\":\"https:\\\/\\\/chelso.com.br\\\/site\\\/wp-content\\\/uploads\\\/2024\\\/09\\\/Captura-de-tela-2024-09-27-170323-150x150.png\",\"url\":\"https:\\\/\\\/chelso.com.br\\\/site\\\/wp-content\\\/uploads\\\/2024\\\/09\\\/Captura-de-tela-2024-09-27-170323-150x150.png\",\"contentUrl\":\"https:\\\/\\\/chelso.com.br\\\/site\\\/wp-content\\\/uploads\\\/2024\\\/09\\\/Captura-de-tela-2024-09-27-170323-150x150.png\",\"caption\":\"Edilson Rodrigues\"},\"url\":\"https:\\\/\\\/chelso.com.br\\\/site\\\/author\\\/edilson\\\/\"}]}<\/script>\n<!-- \/ Yoast SEO plugin. -->","yoast_head_json":{"title":"Ra\u00edzen Meia Maratona de Piracicaba movimenta o Parque da Rua do Porto neste final de semana - Portal Chelso Sports","robots":{"index":"index","follow":"follow","max-snippet":"max-snippet:-1","max-image-preview":"max-image-preview:large","max-video-preview":"max-video-preview:-1"},"canonical":"https:\/\/chelso.com.br\/site\/meia-maratona-de-piracicaba-movimenta-o-parque-da-rua-do-porto-neste-final-de-semana\/","og_locale":"pt_BR","og_type":"article","og_title":"Ra\u00edzen Meia Maratona de Piracicaba movimenta o Parque da Rua do Porto neste final de semana - Portal Chelso Sports","og_description":"Com organiza\u00e7\u00e3o da Chelso Sports e com o apoio da Prefeitura de Piracicaba, o Parque da Rua do Porto ser\u00e1 o local para a realiza\u00e7\u00e3o da Ra\u00edzen Meia Maratona de Piracicaba, que chega neste domingo, dia 8 de dezembro, para agitar os atletas da cidade e regi\u00e3o em uma prova que ser\u00e1 disputada nos percursos","og_url":"https:\/\/chelso.com.br\/site\/meia-maratona-de-piracicaba-movimenta-o-parque-da-rua-do-porto-neste-final-de-semana\/","og_site_name":"Portal Chelso Sports","article_published_time":"2024-12-04T19:12:48+00:00","article_modified_time":"2024-12-06T14:26:20+00:00","og_image":[{"width":1600,"height":1066,"url":"https:\/\/chelso.com.br\/site\/wp-content\/uploads\/2024\/12\/Meia-Maratona-de-Piracicaba-movimenta-o-Parque-da-Rua-do-Porto-no-proximo-final-de-semana.jpeg","type":"image\/jpeg"}],"author":"Edilson Rodrigues","twitter_card":"summary_large_image","twitter_misc":{"Escrito por":"Edilson Rodrigues","Est. tempo de leitura":"4 minutos"},"schema":{"@context":"https:\/\/schema.org","@graph":[{"@type":"Article","@id":"https:\/\/chelso.com.br\/site\/meia-maratona-de-piracicaba-movimenta-o-parque-da-rua-do-porto-neste-final-de-semana\/#article","isPartOf":{"@id":"https:\/\/chelso.com.br\/site\/meia-maratona-de-piracicaba-movimenta-o-parque-da-rua-do-porto-neste-final-de-semana\/"},"author":{"name":"Edilson Rodrigues","@id":"https:\/\/chelso.com.br\/site\/#\/schema\/person\/a1e459f9cc882778a4f1367cb2ba51e3"},"headline":"Ra\u00edzen Meia Maratona de Piracicaba movimenta o Parque da Rua do Porto neste final de semana","datePublished":"2024-12-04T19:12:48+00:00","dateModified":"2024-12-06T14:26:20+00:00","mainEntityOfPage":{"@id":"https:\/\/chelso.com.br\/site\/meia-maratona-de-piracicaba-movimenta-o-parque-da-rua-do-porto-neste-final-de-semana\/"},"wordCount":485,"commentCount":0,"image":{"@id":"https:\/\/chelso.com.br\/site\/meia-maratona-de-piracicaba-movimenta-o-parque-da-rua-do-porto-neste-final-de-semana\/#primaryimage"},"thumbnailUrl":"https:\/\/chelso.com.br\/site\/wp-content\/uploads\/2024\/12\/Meia-Maratona-de-Piracicaba-movimenta-o-Parque-da-Rua-do-Porto-no-proximo-final-de-semana.jpeg","articleSection":["Not\u00edcias"],"inLanguage":"pt-BR","potentialAction":[{"@type":"CommentAction","name":"Comment","target":["https:\/\/chelso.com.br\/site\/meia-maratona-de-piracicaba-movimenta-o-parque-da-rua-do-porto-neste-final-de-semana\/#respond"]}]},{"@type":"WebPage","@id":"https:\/\/chelso.com.br\/site\/meia-maratona-de-piracicaba-movimenta-o-parque-da-rua-do-porto-neste-final-de-semana\/","url":"https:\/\/chelso.com.br\/site\/meia-maratona-de-piracicaba-movimenta-o-parque-da-rua-do-porto-neste-final-de-semana\/","name":"Ra\u00edzen Meia Maratona de Piracicaba movimenta o Parque da Rua do Porto neste final de semana - Portal Chelso Sports","isPartOf":{"@id":"https:\/\/chelso.com.br\/site\/#website"},"primaryImageOfPage":{"@id":"https:\/\/chelso.com.br\/site\/meia-maratona-de-piracicaba-movimenta-o-parque-da-rua-do-porto-neste-final-de-semana\/#primaryimage"},"image":{"@id":"https:\/\/chelso.com.br\/site\/meia-maratona-de-piracicaba-movimenta-o-parque-da-rua-do-porto-neste-final-de-semana\/#primaryimage"},"thumbnailUrl":"https:\/\/chelso.com.br\/site\/wp-content\/uploads\/2024\/12\/Meia-Maratona-de-Piracicaba-movimenta-o-Parque-da-Rua-do-Porto-no-proximo-final-de-semana.jpeg","datePublished":"2024-12-04T19:12:48+00:00","dateModified":"2024-12-06T14:26:20+00:00","author":{"@id":"https:\/\/chelso.com.br\/site\/#\/schema\/person\/a1e459f9cc882778a4f1367cb2ba51e3"},"breadcrumb":{"@id":"https:\/\/chelso.com.br\/site\/meia-maratona-de-piracicaba-movimenta-o-parque-da-rua-do-porto-neste-final-de-semana\/#breadcrumb"},"inLanguage":"pt-BR","potentialAction":[{"@type":"ReadAction","target":["https:\/\/chelso.com.br\/site\/meia-maratona-de-piracicaba-movimenta-o-parque-da-rua-do-porto-neste-final-de-semana\/"]}]},{"@type":"ImageObject","inLanguage":"pt-BR","@id":"https:\/\/chelso.com.br\/site\/meia-maratona-de-piracicaba-movimenta-o-parque-da-rua-do-porto-neste-final-de-semana\/#primaryimage","url":"https:\/\/chelso.com.br\/site\/wp-content\/uploads\/2024\/12\/Meia-Maratona-de-Piracicaba-movimenta-o-Parque-da-Rua-do-Porto-no-proximo-final-de-semana.jpeg","contentUrl":"https:\/\/chelso.com.br\/site\/wp-content\/uploads\/2024\/12\/Meia-Maratona-de-Piracicaba-movimenta-o-Parque-da-Rua-do-Porto-no-proximo-final-de-semana.jpeg","width":1600,"height":1066},{"@type":"BreadcrumbList","@id":"https:\/\/chelso.com.br\/site\/meia-maratona-de-piracicaba-movimenta-o-parque-da-rua-do-porto-neste-final-de-semana\/#breadcrumb","itemListElement":[{"@type":"ListItem","position":1,"name":"In\u00edcio","item":"https:\/\/chelso.com.br\/site\/"},{"@type":"ListItem","position":2,"name":"Ra\u00edzen Meia Maratona de Piracicaba movimenta o Parque da Rua do Porto neste final de semana"}]},{"@type":"WebSite","@id":"https:\/\/chelso.com.br\/site\/#website","url":"https:\/\/chelso.com.br\/site\/","name":"Portal Chelso Sports","description":"Conte\u00fado especializado em corrida de rua e triathlon","potentialAction":[{"@type":"SearchAction","target":{"@type":"EntryPoint","urlTemplate":"https:\/\/chelso.com.br\/site\/?s={search_term_string}"},"query-input":{"@type":"PropertyValueSpecification","valueRequired":true,"valueName":"search_term_string"}}],"inLanguage":"pt-BR"},{"@type":"Person","@id":"https:\/\/chelso.com.br\/site\/#\/schema\/person\/a1e459f9cc882778a4f1367cb2ba51e3","name":"Edilson Rodrigues","image":{"@type":"ImageObject","inLanguage":"pt-BR","@id":"https:\/\/chelso.com.br\/site\/wp-content\/uploads\/2024\/09\/Captura-de-tela-2024-09-27-170323-150x150.png","url":"https:\/\/chelso.com.br\/site\/wp-content\/uploads\/2024\/09\/Captura-de-tela-2024-09-27-170323-150x150.png","contentUrl":"https:\/\/chelso.com.br\/site\/wp-content\/uploads\/2024\/09\/Captura-de-tela-2024-09-27-170323-150x150.png","caption":"Edilson Rodrigues"},"url":"https:\/\/chelso.com.br\/site\/author\/edilson\/"}]}},"amp_enabled":true,"_links":{"self":[{"href":"https:\/\/chelso.com.br\/site\/wp-json\/wp\/v2\/posts\/22273","targetHints":{"allow":["GET"]}}],"collection":[{"href":"https:\/\/chelso.com.br\/site\/wp-json\/wp\/v2\/posts"}],"about":[{"href":"https:\/\/chelso.com.br\/site\/wp-json\/wp\/v2\/types\/post"}],"author":[{"embeddable":true,"href":"https:\/\/chelso.com.br\/site\/wp-json\/wp\/v2\/users\/43"}],"replies":[{"embeddable":true,"href":"https:\/\/chelso.com.br\/site\/wp-json\/wp\/v2\/comments?post=22273"}],"version-history":[{"count":4,"href":"https:\/\/chelso.com.br\/site\/wp-json\/wp\/v2\/posts\/22273\/revisions"}],"predecessor-version":[{"id":22291,"href":"https:\/\/chelso.com.br\/site\/wp-json\/wp\/v2\/posts\/22273\/revisions\/22291"}],"wp:featuredmedia":[{"embeddable":true,"href":"https:\/\/chelso.com.br\/site\/wp-json\/wp\/v2\/media\/22275"}],"wp:attachment":[{"href":"https:\/\/chelso.com.br\/site\/wp-json\/wp\/v2\/media?parent=22273"}],"wp:term":[{"taxonomy":"category","embeddable":true,"href":"https:\/\/chelso.com.br\/site\/wp-json\/wp\/v2\/categories?post=22273"},{"taxonomy":"post_tag","embeddable":true,"href":"https:\/\/chelso.com.br\/site\/wp-json\/wp\/v2\/tags?post=22273"}],"curies":[{"name":"wp","href":"https:\/\/api.w.org\/{rel}","templated":true}]}}