{"id":22465,"date":"2024-12-10T16:21:29","date_gmt":"2024-12-10T19:21:29","guid":{"rendered":"https:\/\/chelso.com.br\/site\/?p=22465"},"modified":"2024-12-10T16:22:44","modified_gmt":"2024-12-10T19:22:44","slug":"raizen-meia-maratona-de-piracicaba-resultados-da-ultima-prova-do-ano","status":"publish","type":"post","link":"https:\/\/chelso.com.br\/site\/raizen-meia-maratona-de-piracicaba-resultados-da-ultima-prova-do-ano\/","title":{"rendered":"Ra\u00edzen Meia Maratona de Piracicaba: resultados da \u00faltima prova do ano"},"content":{"rendered":"<p class=\"western\" style=\"text-align: center;\"><span style=\"font-size: medium;\">E para encerrar as atividades de 2024, a Chelso Sports organizou no domingo, dia 8 de dezembro, a 2\u00aa edi\u00e7\u00e3o da Ra\u00edzen Meia Maratona de Piracicaba.<\/span><\/p>\n<p class=\"western\" style=\"text-align: center;\"><span style=\"font-size: medium;\">O evento foi um sucesso e movimentou uma grande quantidade de atletas que estiveram correndo pelas ruas e avenidas de Piracicaba nas provas de 5 km, 10 km e da meia maratona, com seus 21 km.<\/span><\/p>\n<p class=\"western\" style=\"text-align: center;\"><span style=\"font-size: medium;\">Com o patroc\u00ednio master da Ra\u00edzen e o apoio da Prefeitura de Piracicaba, a Ra\u00edzen Meia Maratona de Piracicaba conheceu os seus campe\u00f5es:<\/span><\/p>\n<p><img fetchpriority=\"high\" decoding=\"async\" class=\"wp-image-22467 aligncenter\" src=\"https:\/\/chelso.com.br\/site\/wp-content\/uploads\/2024\/12\/WhatsApp-Image-2024-12-09-at-14.53.36-2-300x200.jpeg\" alt=\"\" width=\"427\" height=\"284\" srcset=\"https:\/\/chelso.com.br\/site\/wp-content\/uploads\/2024\/12\/WhatsApp-Image-2024-12-09-at-14.53.36-2-300x200.jpeg 300w, https:\/\/chelso.com.br\/site\/wp-content\/uploads\/2024\/12\/WhatsApp-Image-2024-12-09-at-14.53.36-2-1024x682.jpeg 1024w, https:\/\/chelso.com.br\/site\/wp-content\/uploads\/2024\/12\/WhatsApp-Image-2024-12-09-at-14.53.36-2-1536x1023.jpeg 1536w, https:\/\/chelso.com.br\/site\/wp-content\/uploads\/2024\/12\/WhatsApp-Image-2024-12-09-at-14.53.36-2-150x100.jpeg 150w, https:\/\/chelso.com.br\/site\/wp-content\/uploads\/2024\/12\/WhatsApp-Image-2024-12-09-at-14.53.36-2-450x300.jpeg 450w, https:\/\/chelso.com.br\/site\/wp-content\/uploads\/2024\/12\/WhatsApp-Image-2024-12-09-at-14.53.36-2-1200x800.jpeg 1200w, https:\/\/chelso.com.br\/site\/wp-content\/uploads\/2024\/12\/WhatsApp-Image-2024-12-09-at-14.53.36-2-768x512.jpeg 768w, https:\/\/chelso.com.br\/site\/wp-content\/uploads\/2024\/12\/WhatsApp-Image-2024-12-09-at-14.53.36-2.jpeg 1600w\" sizes=\"(max-width: 427px) 100vw, 427px\" \/><\/p>\n<p class=\"western\" style=\"text-align: center;\"><span style=\"font-size: medium;\"><b>MASCULINO:<\/b><\/span><\/p>\n<p class=\"western\" style=\"text-align: center;\"><strong><span style=\"color: #000000;\"><span style=\"font-size: medium;\"><b>5 KM<\/b><\/span><\/span><\/strong><strong><span style=\"color: #000000;\"><span style=\"font-size: medium;\"><b>:<\/b><\/span><\/span><\/strong><\/p>\n<p class=\"western\" style=\"text-align: center;\"><strong><span style=\"color: #000000;\"><span style=\"font-size: medium;\">1\u00ba colocado: <\/span><\/span><\/strong><span style=\"color: #000000;\"><span style=\"font-size: medium;\">Lucas Bissoli (16:06)<\/span><\/span><\/p>\n<p class=\"western\" style=\"text-align: center;\"><strong><span style=\"color: #000000;\"><span style=\"font-size: medium;\">2\u00ba colocado: <\/span><\/span><\/strong><span style=\"color: #000000;\"><span style=\"font-size: medium;\">Anderson Santana (16:50)<\/span><\/span><\/p>\n<p class=\"western\" style=\"text-align: center;\"><strong><span style=\"color: #000000;\"><span style=\"font-size: medium;\">3\u00ba colocado: <\/span><\/span><\/strong><span style=\"color: #000000;\"><span style=\"font-size: medium;\">Ronaldo Cristiano Guizo (17:04)<\/span><\/span><\/p>\n<p class=\"western\" style=\"text-align: center;\"><strong><span style=\"color: #000000;\"><span style=\"font-size: medium;\">4\u00ba colocado: <\/span><\/span><\/strong><span style=\"color: #000000;\"><span style=\"font-size: medium;\">Esequiel Silva (17:28)<\/span><\/span><\/p>\n<p class=\"western\" style=\"text-align: center;\"><strong><span style=\"color: #000000;\"><span style=\"font-size: medium;\">5\u00ba colocado: <\/span><\/span><\/strong><span style=\"color: #000000;\"><span style=\"font-size: medium;\">Eduardo Rodrigues Bertola (19:03)<\/span><\/span><\/p>\n<p class=\"western\" style=\"text-align: center;\"><span style=\"font-size: medium;\"><b>FEMININO:<\/b><\/span><\/p>\n<p class=\"western\" style=\"text-align: center;\"><strong><span style=\"color: #000000;\"><span style=\"font-size: medium;\"><b>5 KM<\/b><\/span><\/span><\/strong><strong><span style=\"color: #000000;\"><span style=\"font-size: medium;\"><b>:<\/b><\/span><\/span><\/strong><\/p>\n<p class=\"western\" style=\"text-align: center;\"><strong><span style=\"color: #000000;\"><span style=\"font-size: medium;\">1\u00aa colocada: <\/span><\/span><\/strong><span style=\"color: #000000;\"><span style=\"font-size: medium;\">Karla Tasseli Ortolan Coelho (21:45)<\/span><\/span><\/p>\n<p class=\"western\" style=\"text-align: center;\"><strong><span style=\"color: #000000;\"><span style=\"font-size: medium;\">2\u00aa colocada: <\/span><\/span><\/strong><span style=\"color: #000000;\"><span style=\"font-size: medium;\">Ta\u00eds Teixeira de Souza (22:19)<\/span><\/span><\/p>\n<p class=\"western\" style=\"text-align: center;\"><strong><span style=\"color: #000000;\"><span style=\"font-size: medium;\">3\u00aa colocada:<\/span><\/span><\/strong> <span style=\"color: #000000;\"><span style=\"font-size: medium;\">Tha\u00eds Vidotto Baggio (22:26)<\/span><\/span><\/p>\n<p class=\"western\" style=\"text-align: center;\"><strong><span style=\"color: #000000;\"><span style=\"font-size: medium;\">4\u00aa colocada: <\/span><\/span><\/strong><span style=\"color: #000000;\"><span style=\"font-size: medium;\">Maria Z\u00e9lia Lima da Silva (22:47)<\/span><\/span><\/p>\n<p class=\"western\" style=\"text-align: center;\"><strong><span style=\"color: #000000;\"><span style=\"font-size: medium;\">5\u00aa colocada: <\/span><\/span><\/strong><span style=\"color: #000000;\"><span style=\"font-size: medium;\">Fabiana de Paula Santos (23:02)<\/span><\/span><\/p>\n<p><img decoding=\"async\" class=\"wp-image-22468 aligncenter\" src=\"https:\/\/chelso.com.br\/site\/wp-content\/uploads\/2024\/12\/WhatsApp-Image-2024-12-09-at-14.53.36-300x200.jpeg\" alt=\"\" width=\"460\" height=\"307\" srcset=\"https:\/\/chelso.com.br\/site\/wp-content\/uploads\/2024\/12\/WhatsApp-Image-2024-12-09-at-14.53.36-300x200.jpeg 300w, https:\/\/chelso.com.br\/site\/wp-content\/uploads\/2024\/12\/WhatsApp-Image-2024-12-09-at-14.53.36-1024x684.jpeg 1024w, https:\/\/chelso.com.br\/site\/wp-content\/uploads\/2024\/12\/WhatsApp-Image-2024-12-09-at-14.53.36-1536x1025.jpeg 1536w, https:\/\/chelso.com.br\/site\/wp-content\/uploads\/2024\/12\/WhatsApp-Image-2024-12-09-at-14.53.36-150x100.jpeg 150w, https:\/\/chelso.com.br\/site\/wp-content\/uploads\/2024\/12\/WhatsApp-Image-2024-12-09-at-14.53.36-450x300.jpeg 450w, https:\/\/chelso.com.br\/site\/wp-content\/uploads\/2024\/12\/WhatsApp-Image-2024-12-09-at-14.53.36-1200x801.jpeg 1200w, https:\/\/chelso.com.br\/site\/wp-content\/uploads\/2024\/12\/WhatsApp-Image-2024-12-09-at-14.53.36-768x513.jpeg 768w, https:\/\/chelso.com.br\/site\/wp-content\/uploads\/2024\/12\/WhatsApp-Image-2024-12-09-at-14.53.36.jpeg 1600w\" sizes=\"(max-width: 460px) 100vw, 460px\" \/><\/p>\n<p class=\"western\" style=\"text-align: center;\"><span style=\"font-size: medium;\"><b>MASCULINO:<\/b><\/span><\/p>\n<p class=\"western\" style=\"text-align: center;\"><strong><span style=\"color: #000000;\"><span style=\"font-size: medium;\"><b>10 KM<\/b><\/span><\/span><\/strong><strong><span style=\"color: #000000;\"><span style=\"font-size: medium;\"><b>:<\/b><\/span><\/span><\/strong><\/p>\n<p class=\"western\" style=\"text-align: center;\"><strong><span style=\"color: #000000;\"><span style=\"font-size: medium;\">1\u00ba colocado:<\/span><\/span><\/strong><span style=\"color: #000000;\"><span style=\"font-size: medium;\"> Uilson Ferreira Carvalho (34:23)<\/span><\/span><\/p>\n<p class=\"western\" style=\"text-align: center;\"><strong><span style=\"color: #000000;\"><span style=\"font-size: medium;\">2\u00ba colocado: <\/span><\/span><\/strong><span style=\"color: #000000;\"><span style=\"font-size: medium;\">Fernando Anast\u00e1sio de Moura<\/span><\/span> <span style=\"color: #000000;\"><span style=\"font-size: medium;\">(36:44)<\/span><\/span><\/p>\n<p class=\"western\" style=\"text-align: center;\"><strong><span style=\"color: #000000;\"><span style=\"font-size: medium;\">3\u00ba colocado: <\/span><\/span><\/strong><span style=\"color: #000000;\"><span style=\"font-size: medium;\">Bruno Felix Gouveia (37:55)<\/span><\/span><\/p>\n<p class=\"western\" style=\"text-align: center;\"><strong><span style=\"color: #000000;\"><span style=\"font-size: medium;\">4\u00ba colocado:<\/span><\/span><\/strong> <span style=\"color: #000000;\"><span style=\"font-size: medium;\">Eliomar Souza Silva (38:19)<\/span><\/span><\/p>\n<p class=\"western\" style=\"text-align: center;\"><strong><span style=\"color: #000000;\"><span style=\"font-size: medium;\">5\u00ba colocado:<\/span><\/span><\/strong> <span style=\"color: #000000;\"><span style=\"font-size: medium;\">Pedro Azevedo dos Santos (39:07)<\/span><\/span><\/p>\n<p class=\"western\" style=\"text-align: center;\"><span style=\"font-size: medium;\"><b>FEMININO:<\/b><\/span><\/p>\n<p class=\"western\" style=\"text-align: center;\"><strong><span style=\"color: #000000;\"><span style=\"font-size: medium;\"><b>10 KM<\/b><\/span><\/span><\/strong><strong><span style=\"color: #000000;\"><span style=\"font-size: medium;\"><b>:<\/b><\/span><\/span><\/strong><\/p>\n<p class=\"western\" style=\"text-align: center;\"><strong><span style=\"color: #000000;\"><span style=\"font-size: medium;\">1\u00aa colocada:<\/span><\/span><\/strong> <span style=\"color: #000000;\"><span style=\"font-size: medium;\">Edna Maria Rocha Meirelles (45:33)<\/span><\/span><\/p>\n<p class=\"western\" style=\"text-align: center;\"><strong><span style=\"color: #000000;\"><span style=\"font-size: medium;\">2\u00aa colocada: <\/span><\/span><\/strong><span style=\"color: #000000;\"><span style=\"font-size: medium;\">Sueli Ramos Silva (45:54)<\/span><\/span><\/p>\n<p class=\"western\" style=\"text-align: center;\"><strong><span style=\"color: #000000;\"><span style=\"font-size: medium;\">3\u00aa colocada: <\/span><\/span><\/strong><span style=\"color: #000000;\"><span style=\"font-size: medium;\">Andressa A. da Silva (46:04)<\/span><\/span><\/p>\n<p class=\"western\" style=\"text-align: center;\"><strong><span style=\"color: #000000;\"><span style=\"font-size: medium;\">4\u00aa colocada: <\/span><\/span><\/strong><span style=\"color: #000000;\"><span style=\"font-size: medium;\">Gabriela Coimbra Schmidt (46:41)<\/span><\/span><\/p>\n<p class=\"western\" style=\"text-align: center;\"><strong><span style=\"color: #000000;\"><span style=\"font-size: medium;\">5\u00aa colocada: <\/span><\/span><\/strong><span style=\"color: #000000;\"><span style=\"font-size: medium;\">Nair Naomi Nakazawa (46:58)<\/span><\/span><\/p>\n<p><img decoding=\"async\" class=\"wp-image-22469 aligncenter\" src=\"https:\/\/chelso.com.br\/site\/wp-content\/uploads\/2024\/12\/WhatsApp-Image-2024-12-09-at-14.53.34-200x300.jpeg\" alt=\"\" width=\"282\" height=\"423\" srcset=\"https:\/\/chelso.com.br\/site\/wp-content\/uploads\/2024\/12\/WhatsApp-Image-2024-12-09-at-14.53.34-200x300.jpeg 200w, https:\/\/chelso.com.br\/site\/wp-content\/uploads\/2024\/12\/WhatsApp-Image-2024-12-09-at-14.53.34-682x1024.jpeg 682w, https:\/\/chelso.com.br\/site\/wp-content\/uploads\/2024\/12\/WhatsApp-Image-2024-12-09-at-14.53.34-1023x1536.jpeg 1023w, https:\/\/chelso.com.br\/site\/wp-content\/uploads\/2024\/12\/WhatsApp-Image-2024-12-09-at-14.53.34-150x225.jpeg 150w, https:\/\/chelso.com.br\/site\/wp-content\/uploads\/2024\/12\/WhatsApp-Image-2024-12-09-at-14.53.34-450x675.jpeg 450w, https:\/\/chelso.com.br\/site\/wp-content\/uploads\/2024\/12\/WhatsApp-Image-2024-12-09-at-14.53.34-768x1153.jpeg 768w, https:\/\/chelso.com.br\/site\/wp-content\/uploads\/2024\/12\/WhatsApp-Image-2024-12-09-at-14.53.34.jpeg 1066w\" sizes=\"(max-width: 282px) 100vw, 282px\" \/><\/p>\n<p class=\"western\" style=\"text-align: center;\"><span style=\"font-size: medium;\"><b>MASCULINO:<\/b><\/span><\/p>\n<p class=\"western\" style=\"text-align: center;\"><strong><span style=\"color: #000000;\"><span style=\"font-size: medium;\"><b>21 KM<\/b><\/span><\/span><\/strong><strong><span style=\"color: #000000;\"><span style=\"font-size: medium;\"><b>:<\/b><\/span><\/span><\/strong><\/p>\n<p class=\"western\" style=\"text-align: center;\"><strong><span style=\"color: #000000;\"><span style=\"font-size: medium;\">1\u00ba colocado:<\/span><\/span><\/strong> <span style=\"color: #000000;\"><span style=\"font-size: medium;\">Ant\u00f4nio Marco Pereira de Ara\u00fajo (1:09:24)<\/span><\/span><\/p>\n<p class=\"western\" style=\"text-align: center;\"><strong><span style=\"color: #000000;\"><span style=\"font-size: medium;\">2\u00ba colocado<\/span><\/span><\/strong><span style=\"color: #000000;\"><span style=\"font-size: medium;\">: <\/span><\/span><span style=\"color: #000000;\"><span style=\"font-size: medium;\">Luan Bissoli (1:10:08)<\/span><\/span><\/p>\n<p class=\"western\" style=\"text-align: center;\"><strong><span style=\"color: #000000;\"><span style=\"font-size: medium;\">3\u00ba colocado: <\/span><\/span><\/strong><span style=\"color: #000000;\"><span style=\"font-size: medium;\">Adilson Coelho Pinheiro (1:12:19)<\/span><\/span><\/p>\n<p class=\"western\" style=\"text-align: center;\"><strong><span style=\"color: #000000;\"><span style=\"font-size: medium;\">4\u00ba colocado: <\/span><\/span><\/strong><span style=\"color: #000000;\"><span style=\"font-size: medium;\">Adriano Sampaio (1:13:22)<\/span><\/span><\/p>\n<p class=\"western\" style=\"text-align: center;\"><strong><span style=\"color: #000000;\"><span style=\"font-size: medium;\">5\u00ba colocado: <\/span><\/span><\/strong><span style=\"color: #000000;\"><span style=\"font-size: medium;\">Renato da Silva<\/span><\/span> <span style=\"color: #000000;\"><span style=\"font-size: medium;\">(1:13:44)<\/span><\/span><\/p>\n<p class=\"western\" style=\"text-align: center;\"><span style=\"font-size: medium;\"><b>FEMININO:<\/b><\/span><\/p>\n<p class=\"western\" style=\"text-align: center;\"><strong><span style=\"color: #000000;\"><span style=\"font-size: medium;\"><b>21 KM<\/b><\/span><\/span><\/strong><strong><span style=\"color: #000000;\"><span style=\"font-size: medium;\"><b>:<\/b><\/span><\/span><\/strong><\/p>\n<p class=\"western\" style=\"text-align: center;\"><strong><span style=\"color: #000000;\"><span style=\"font-size: medium;\">1\u00aa colocada: <\/span><\/span><\/strong><span style=\"color: #000000;\"><span style=\"font-size: medium;\">Nat\u00e1lia Regina Painelli (1:23:35)<\/span><\/span><\/p>\n<p class=\"western\" style=\"text-align: center;\"><strong><span style=\"color: #000000;\"><span style=\"font-size: medium;\">2\u00aa colocada: <\/span><\/span><\/strong><span style=\"color: #000000;\"><span style=\"font-size: medium;\">Tamyres Mattos (1:27:32)<\/span><\/span><\/p>\n<p class=\"western\" style=\"text-align: center;\"><strong><span style=\"color: #000000;\"><span style=\"font-size: medium;\">3\u00aa colocada: <\/span><\/span><\/strong><span style=\"color: #000000;\"><span style=\"font-size: medium;\">Caroline Fantini Granado (1:28:24)<\/span><\/span><\/p>\n<p class=\"western\" style=\"text-align: center;\"><strong><span style=\"color: #000000;\"><span style=\"font-size: medium;\">4\u00aa colocada: <\/span><\/span><\/strong><span style=\"color: #000000;\"><span style=\"font-size: medium;\">Luciana Arruda Piza (1:31:43)<\/span><\/span><\/p>\n<p class=\"western\" style=\"text-align: center;\"><strong><span style=\"color: #000000;\"><span style=\"font-size: medium;\">5\u00aa colocada: <\/span><\/span><\/strong><span style=\"color: #000000;\"><span style=\"font-size: medium;\">Ana Paula Correa Miss\u00e3o Valdelite (1:34:44)<\/span><\/span><\/p>\n<p><img loading=\"lazy\" decoding=\"async\" class=\" wp-image-22470 aligncenter\" src=\"https:\/\/chelso.com.br\/site\/wp-content\/uploads\/2024\/12\/WhatsApp-Image-2024-12-09-at-14.53.36-1-245x300.jpeg\" alt=\"\" width=\"294\" height=\"360\" srcset=\"https:\/\/chelso.com.br\/site\/wp-content\/uploads\/2024\/12\/WhatsApp-Image-2024-12-09-at-14.53.36-1-245x300.jpeg 245w, https:\/\/chelso.com.br\/site\/wp-content\/uploads\/2024\/12\/WhatsApp-Image-2024-12-09-at-14.53.36-1-835x1024.jpeg 835w, https:\/\/chelso.com.br\/site\/wp-content\/uploads\/2024\/12\/WhatsApp-Image-2024-12-09-at-14.53.36-1-150x184.jpeg 150w, https:\/\/chelso.com.br\/site\/wp-content\/uploads\/2024\/12\/WhatsApp-Image-2024-12-09-at-14.53.36-1-450x552.jpeg 450w, https:\/\/chelso.com.br\/site\/wp-content\/uploads\/2024\/12\/WhatsApp-Image-2024-12-09-at-14.53.36-1-768x941.jpeg 768w, https:\/\/chelso.com.br\/site\/wp-content\/uploads\/2024\/12\/WhatsApp-Image-2024-12-09-at-14.53.36-1.jpeg 1068w\" sizes=\"(max-width: 294px) 100vw, 294px\" \/><\/p>\n<p class=\"western\" style=\"text-align: center;\"><strong><span style=\"color: #000000;\"><span style=\"font-size: medium;\"><b>Observa\u00e7\u00e3o:<\/b><\/span><\/span><\/strong><\/p>\n<p class=\"western\" style=\"text-align: center;\"><span style=\"color: #000000;\"><span style=\"font-size: medium;\">Para consultar o seu resultado, entre no link: <\/span><\/span><\/p>\n<p class=\"western\" style=\"text-align: center;\"><a href=\"https:\/\/cronoserv.com.br\/resultado\/meia-maratona-de-piracicaba,240260\"><span style=\"color: #000000;\"><span style=\"font-size: medium;\">https:\/\/cronoserv.com.br\/resultado\/meia-maratona-de-piracicaba,240260<\/span><\/span><\/a><\/p>\n<p><img loading=\"lazy\" decoding=\"async\" class=\"wp-image-22471 aligncenter\" src=\"https:\/\/chelso.com.br\/site\/wp-content\/uploads\/2024\/12\/WhatsApp-Image-2024-12-09-at-14.53.35-1-300x200.jpeg\" alt=\"\" width=\"451\" height=\"300\" srcset=\"https:\/\/chelso.com.br\/site\/wp-content\/uploads\/2024\/12\/WhatsApp-Image-2024-12-09-at-14.53.35-1-300x200.jpeg 300w, https:\/\/chelso.com.br\/site\/wp-content\/uploads\/2024\/12\/WhatsApp-Image-2024-12-09-at-14.53.35-1-1024x682.jpeg 1024w, https:\/\/chelso.com.br\/site\/wp-content\/uploads\/2024\/12\/WhatsApp-Image-2024-12-09-at-14.53.35-1-1536x1023.jpeg 1536w, https:\/\/chelso.com.br\/site\/wp-content\/uploads\/2024\/12\/WhatsApp-Image-2024-12-09-at-14.53.35-1-150x100.jpeg 150w, https:\/\/chelso.com.br\/site\/wp-content\/uploads\/2024\/12\/WhatsApp-Image-2024-12-09-at-14.53.35-1-450x300.jpeg 450w, https:\/\/chelso.com.br\/site\/wp-content\/uploads\/2024\/12\/WhatsApp-Image-2024-12-09-at-14.53.35-1-1200x800.jpeg 1200w, https:\/\/chelso.com.br\/site\/wp-content\/uploads\/2024\/12\/WhatsApp-Image-2024-12-09-at-14.53.35-1-768x512.jpeg 768w, https:\/\/chelso.com.br\/site\/wp-content\/uploads\/2024\/12\/WhatsApp-Image-2024-12-09-at-14.53.35-1.jpeg 1600w\" sizes=\"(max-width: 451px) 100vw, 451px\" \/><\/p>\n<p class=\"western\">\n","protected":false},"excerpt":{"rendered":"<p>E para encerrar as atividades de 2024, a Chelso Sports organizou no domingo, dia 8 de dezembro, a 2\u00aa edi\u00e7\u00e3o da Ra\u00edzen Meia Maratona de Piracicaba. O evento foi um sucesso e movimentou uma grande quantidade de atletas que estiveram correndo pelas ruas e avenidas de Piracicaba nas provas de 5 km, 10 km e<\/p>\n","protected":false},"author":43,"featured_media":22466,"comment_status":"open","ping_status":"closed","sticky":false,"template":"","format":"standard","meta":{"om_disable_all_campaigns":false,"_monsterinsights_skip_tracking":false,"_monsterinsights_sitenote_active":false,"_monsterinsights_sitenote_note":"","_monsterinsights_sitenote_category":0,"footnotes":""},"categories":[30],"tags":[],"class_list":{"0":"post-22465","1":"post","2":"type-post","3":"status-publish","4":"format-standard","5":"has-post-thumbnail","7":"category-noticias"},"aioseo_notices":[],"yoast_head":"<!-- This site is optimized with the Yoast SEO plugin v27.5 - https:\/\/yoast.com\/product\/yoast-seo-wordpress\/ -->\n<title>Ra\u00edzen Meia Maratona de Piracicaba: resultados da \u00faltima prova do ano - Portal Chelso Sports<\/title>\n<meta name=\"robots\" content=\"index, follow, max-snippet:-1, max-image-preview:large, max-video-preview:-1\" \/>\n<link rel=\"canonical\" href=\"https:\/\/chelso.com.br\/site\/raizen-meia-maratona-de-piracicaba-resultados-da-ultima-prova-do-ano\/\" \/>\n<meta property=\"og:locale\" content=\"pt_BR\" \/>\n<meta property=\"og:type\" content=\"article\" \/>\n<meta property=\"og:title\" content=\"Ra\u00edzen Meia Maratona de Piracicaba: resultados da \u00faltima prova do ano - Portal Chelso Sports\" \/>\n<meta property=\"og:description\" content=\"E para encerrar as atividades de 2024, a Chelso Sports organizou no domingo, dia 8 de dezembro, a 2\u00aa edi\u00e7\u00e3o da Ra\u00edzen Meia Maratona de Piracicaba. O evento foi um sucesso e movimentou uma grande quantidade de atletas que estiveram correndo pelas ruas e avenidas de Piracicaba nas provas de 5 km, 10 km e\" \/>\n<meta property=\"og:url\" content=\"https:\/\/chelso.com.br\/site\/raizen-meia-maratona-de-piracicaba-resultados-da-ultima-prova-do-ano\/\" \/>\n<meta property=\"og:site_name\" content=\"Portal Chelso Sports\" \/>\n<meta property=\"article:published_time\" content=\"2024-12-10T19:21:29+00:00\" \/>\n<meta property=\"article:modified_time\" content=\"2024-12-10T19:22:44+00:00\" \/>\n<meta property=\"og:image\" content=\"https:\/\/chelso.com.br\/site\/wp-content\/uploads\/2024\/12\/WhatsApp-Image-2024-12-09-at-14.53.35.jpeg\" \/>\n\t<meta property=\"og:image:width\" content=\"1600\" \/>\n\t<meta property=\"og:image:height\" content=\"1068\" \/>\n\t<meta property=\"og:image:type\" content=\"image\/jpeg\" \/>\n<meta name=\"author\" content=\"Edilson Rodrigues\" \/>\n<meta name=\"twitter:card\" content=\"summary_large_image\" \/>\n<meta name=\"twitter:label1\" content=\"Escrito por\" \/>\n\t<meta name=\"twitter:data1\" content=\"Edilson Rodrigues\" \/>\n\t<meta name=\"twitter:label2\" content=\"Est. tempo de leitura\" \/>\n\t<meta name=\"twitter:data2\" content=\"3 minutos\" \/>\n<script type=\"application\/ld+json\" class=\"yoast-schema-graph\">{\"@context\":\"https:\\\/\\\/schema.org\",\"@graph\":[{\"@type\":\"Article\",\"@id\":\"https:\\\/\\\/chelso.com.br\\\/site\\\/raizen-meia-maratona-de-piracicaba-resultados-da-ultima-prova-do-ano\\\/#article\",\"isPartOf\":{\"@id\":\"https:\\\/\\\/chelso.com.br\\\/site\\\/raizen-meia-maratona-de-piracicaba-resultados-da-ultima-prova-do-ano\\\/\"},\"author\":{\"name\":\"Edilson Rodrigues\",\"@id\":\"https:\\\/\\\/chelso.com.br\\\/site\\\/#\\\/schema\\\/person\\\/a1e459f9cc882778a4f1367cb2ba51e3\"},\"headline\":\"Ra\u00edzen Meia Maratona de Piracicaba: resultados da \u00faltima prova do ano\",\"datePublished\":\"2024-12-10T19:21:29+00:00\",\"dateModified\":\"2024-12-10T19:22:44+00:00\",\"mainEntityOfPage\":{\"@id\":\"https:\\\/\\\/chelso.com.br\\\/site\\\/raizen-meia-maratona-de-piracicaba-resultados-da-ultima-prova-do-ano\\\/\"},\"wordCount\":260,\"commentCount\":0,\"image\":{\"@id\":\"https:\\\/\\\/chelso.com.br\\\/site\\\/raizen-meia-maratona-de-piracicaba-resultados-da-ultima-prova-do-ano\\\/#primaryimage\"},\"thumbnailUrl\":\"https:\\\/\\\/chelso.com.br\\\/site\\\/wp-content\\\/uploads\\\/2024\\\/12\\\/WhatsApp-Image-2024-12-09-at-14.53.35.jpeg\",\"articleSection\":[\"Not\u00edcias\"],\"inLanguage\":\"pt-BR\",\"potentialAction\":[{\"@type\":\"CommentAction\",\"name\":\"Comment\",\"target\":[\"https:\\\/\\\/chelso.com.br\\\/site\\\/raizen-meia-maratona-de-piracicaba-resultados-da-ultima-prova-do-ano\\\/#respond\"]}]},{\"@type\":\"WebPage\",\"@id\":\"https:\\\/\\\/chelso.com.br\\\/site\\\/raizen-meia-maratona-de-piracicaba-resultados-da-ultima-prova-do-ano\\\/\",\"url\":\"https:\\\/\\\/chelso.com.br\\\/site\\\/raizen-meia-maratona-de-piracicaba-resultados-da-ultima-prova-do-ano\\\/\",\"name\":\"Ra\u00edzen Meia Maratona de Piracicaba: resultados da \u00faltima prova do ano - Portal Chelso Sports\",\"isPartOf\":{\"@id\":\"https:\\\/\\\/chelso.com.br\\\/site\\\/#website\"},\"primaryImageOfPage\":{\"@id\":\"https:\\\/\\\/chelso.com.br\\\/site\\\/raizen-meia-maratona-de-piracicaba-resultados-da-ultima-prova-do-ano\\\/#primaryimage\"},\"image\":{\"@id\":\"https:\\\/\\\/chelso.com.br\\\/site\\\/raizen-meia-maratona-de-piracicaba-resultados-da-ultima-prova-do-ano\\\/#primaryimage\"},\"thumbnailUrl\":\"https:\\\/\\\/chelso.com.br\\\/site\\\/wp-content\\\/uploads\\\/2024\\\/12\\\/WhatsApp-Image-2024-12-09-at-14.53.35.jpeg\",\"datePublished\":\"2024-12-10T19:21:29+00:00\",\"dateModified\":\"2024-12-10T19:22:44+00:00\",\"author\":{\"@id\":\"https:\\\/\\\/chelso.com.br\\\/site\\\/#\\\/schema\\\/person\\\/a1e459f9cc882778a4f1367cb2ba51e3\"},\"breadcrumb\":{\"@id\":\"https:\\\/\\\/chelso.com.br\\\/site\\\/raizen-meia-maratona-de-piracicaba-resultados-da-ultima-prova-do-ano\\\/#breadcrumb\"},\"inLanguage\":\"pt-BR\",\"potentialAction\":[{\"@type\":\"ReadAction\",\"target\":[\"https:\\\/\\\/chelso.com.br\\\/site\\\/raizen-meia-maratona-de-piracicaba-resultados-da-ultima-prova-do-ano\\\/\"]}]},{\"@type\":\"ImageObject\",\"inLanguage\":\"pt-BR\",\"@id\":\"https:\\\/\\\/chelso.com.br\\\/site\\\/raizen-meia-maratona-de-piracicaba-resultados-da-ultima-prova-do-ano\\\/#primaryimage\",\"url\":\"https:\\\/\\\/chelso.com.br\\\/site\\\/wp-content\\\/uploads\\\/2024\\\/12\\\/WhatsApp-Image-2024-12-09-at-14.53.35.jpeg\",\"contentUrl\":\"https:\\\/\\\/chelso.com.br\\\/site\\\/wp-content\\\/uploads\\\/2024\\\/12\\\/WhatsApp-Image-2024-12-09-at-14.53.35.jpeg\",\"width\":1600,\"height\":1068},{\"@type\":\"BreadcrumbList\",\"@id\":\"https:\\\/\\\/chelso.com.br\\\/site\\\/raizen-meia-maratona-de-piracicaba-resultados-da-ultima-prova-do-ano\\\/#breadcrumb\",\"itemListElement\":[{\"@type\":\"ListItem\",\"position\":1,\"name\":\"In\u00edcio\",\"item\":\"https:\\\/\\\/chelso.com.br\\\/site\\\/\"},{\"@type\":\"ListItem\",\"position\":2,\"name\":\"Ra\u00edzen Meia Maratona de Piracicaba: resultados da \u00faltima prova do ano\"}]},{\"@type\":\"WebSite\",\"@id\":\"https:\\\/\\\/chelso.com.br\\\/site\\\/#website\",\"url\":\"https:\\\/\\\/chelso.com.br\\\/site\\\/\",\"name\":\"Portal Chelso Sports\",\"description\":\"Conte\u00fado especializado em corrida de rua e triathlon\",\"potentialAction\":[{\"@type\":\"SearchAction\",\"target\":{\"@type\":\"EntryPoint\",\"urlTemplate\":\"https:\\\/\\\/chelso.com.br\\\/site\\\/?s={search_term_string}\"},\"query-input\":{\"@type\":\"PropertyValueSpecification\",\"valueRequired\":true,\"valueName\":\"search_term_string\"}}],\"inLanguage\":\"pt-BR\"},{\"@type\":\"Person\",\"@id\":\"https:\\\/\\\/chelso.com.br\\\/site\\\/#\\\/schema\\\/person\\\/a1e459f9cc882778a4f1367cb2ba51e3\",\"name\":\"Edilson Rodrigues\",\"image\":{\"@type\":\"ImageObject\",\"inLanguage\":\"pt-BR\",\"@id\":\"https:\\\/\\\/chelso.com.br\\\/site\\\/wp-content\\\/uploads\\\/2024\\\/09\\\/Captura-de-tela-2024-09-27-170323-150x150.png\",\"url\":\"https:\\\/\\\/chelso.com.br\\\/site\\\/wp-content\\\/uploads\\\/2024\\\/09\\\/Captura-de-tela-2024-09-27-170323-150x150.png\",\"contentUrl\":\"https:\\\/\\\/chelso.com.br\\\/site\\\/wp-content\\\/uploads\\\/2024\\\/09\\\/Captura-de-tela-2024-09-27-170323-150x150.png\",\"caption\":\"Edilson Rodrigues\"},\"url\":\"https:\\\/\\\/chelso.com.br\\\/site\\\/author\\\/edilson\\\/\"}]}<\/script>\n<!-- \/ Yoast SEO plugin. -->","yoast_head_json":{"title":"Ra\u00edzen Meia Maratona de Piracicaba: resultados da \u00faltima prova do ano - Portal Chelso Sports","robots":{"index":"index","follow":"follow","max-snippet":"max-snippet:-1","max-image-preview":"max-image-preview:large","max-video-preview":"max-video-preview:-1"},"canonical":"https:\/\/chelso.com.br\/site\/raizen-meia-maratona-de-piracicaba-resultados-da-ultima-prova-do-ano\/","og_locale":"pt_BR","og_type":"article","og_title":"Ra\u00edzen Meia Maratona de Piracicaba: resultados da \u00faltima prova do ano - Portal Chelso Sports","og_description":"E para encerrar as atividades de 2024, a Chelso Sports organizou no domingo, dia 8 de dezembro, a 2\u00aa edi\u00e7\u00e3o da Ra\u00edzen Meia Maratona de Piracicaba. O evento foi um sucesso e movimentou uma grande quantidade de atletas que estiveram correndo pelas ruas e avenidas de Piracicaba nas provas de 5 km, 10 km e","og_url":"https:\/\/chelso.com.br\/site\/raizen-meia-maratona-de-piracicaba-resultados-da-ultima-prova-do-ano\/","og_site_name":"Portal Chelso Sports","article_published_time":"2024-12-10T19:21:29+00:00","article_modified_time":"2024-12-10T19:22:44+00:00","og_image":[{"width":1600,"height":1068,"url":"https:\/\/chelso.com.br\/site\/wp-content\/uploads\/2024\/12\/WhatsApp-Image-2024-12-09-at-14.53.35.jpeg","type":"image\/jpeg"}],"author":"Edilson Rodrigues","twitter_card":"summary_large_image","twitter_misc":{"Escrito por":"Edilson Rodrigues","Est. tempo de leitura":"3 minutos"},"schema":{"@context":"https:\/\/schema.org","@graph":[{"@type":"Article","@id":"https:\/\/chelso.com.br\/site\/raizen-meia-maratona-de-piracicaba-resultados-da-ultima-prova-do-ano\/#article","isPartOf":{"@id":"https:\/\/chelso.com.br\/site\/raizen-meia-maratona-de-piracicaba-resultados-da-ultima-prova-do-ano\/"},"author":{"name":"Edilson Rodrigues","@id":"https:\/\/chelso.com.br\/site\/#\/schema\/person\/a1e459f9cc882778a4f1367cb2ba51e3"},"headline":"Ra\u00edzen Meia Maratona de Piracicaba: resultados da \u00faltima prova do ano","datePublished":"2024-12-10T19:21:29+00:00","dateModified":"2024-12-10T19:22:44+00:00","mainEntityOfPage":{"@id":"https:\/\/chelso.com.br\/site\/raizen-meia-maratona-de-piracicaba-resultados-da-ultima-prova-do-ano\/"},"wordCount":260,"commentCount":0,"image":{"@id":"https:\/\/chelso.com.br\/site\/raizen-meia-maratona-de-piracicaba-resultados-da-ultima-prova-do-ano\/#primaryimage"},"thumbnailUrl":"https:\/\/chelso.com.br\/site\/wp-content\/uploads\/2024\/12\/WhatsApp-Image-2024-12-09-at-14.53.35.jpeg","articleSection":["Not\u00edcias"],"inLanguage":"pt-BR","potentialAction":[{"@type":"CommentAction","name":"Comment","target":["https:\/\/chelso.com.br\/site\/raizen-meia-maratona-de-piracicaba-resultados-da-ultima-prova-do-ano\/#respond"]}]},{"@type":"WebPage","@id":"https:\/\/chelso.com.br\/site\/raizen-meia-maratona-de-piracicaba-resultados-da-ultima-prova-do-ano\/","url":"https:\/\/chelso.com.br\/site\/raizen-meia-maratona-de-piracicaba-resultados-da-ultima-prova-do-ano\/","name":"Ra\u00edzen Meia Maratona de Piracicaba: resultados da \u00faltima prova do ano - Portal Chelso Sports","isPartOf":{"@id":"https:\/\/chelso.com.br\/site\/#website"},"primaryImageOfPage":{"@id":"https:\/\/chelso.com.br\/site\/raizen-meia-maratona-de-piracicaba-resultados-da-ultima-prova-do-ano\/#primaryimage"},"image":{"@id":"https:\/\/chelso.com.br\/site\/raizen-meia-maratona-de-piracicaba-resultados-da-ultima-prova-do-ano\/#primaryimage"},"thumbnailUrl":"https:\/\/chelso.com.br\/site\/wp-content\/uploads\/2024\/12\/WhatsApp-Image-2024-12-09-at-14.53.35.jpeg","datePublished":"2024-12-10T19:21:29+00:00","dateModified":"2024-12-10T19:22:44+00:00","author":{"@id":"https:\/\/chelso.com.br\/site\/#\/schema\/person\/a1e459f9cc882778a4f1367cb2ba51e3"},"breadcrumb":{"@id":"https:\/\/chelso.com.br\/site\/raizen-meia-maratona-de-piracicaba-resultados-da-ultima-prova-do-ano\/#breadcrumb"},"inLanguage":"pt-BR","potentialAction":[{"@type":"ReadAction","target":["https:\/\/chelso.com.br\/site\/raizen-meia-maratona-de-piracicaba-resultados-da-ultima-prova-do-ano\/"]}]},{"@type":"ImageObject","inLanguage":"pt-BR","@id":"https:\/\/chelso.com.br\/site\/raizen-meia-maratona-de-piracicaba-resultados-da-ultima-prova-do-ano\/#primaryimage","url":"https:\/\/chelso.com.br\/site\/wp-content\/uploads\/2024\/12\/WhatsApp-Image-2024-12-09-at-14.53.35.jpeg","contentUrl":"https:\/\/chelso.com.br\/site\/wp-content\/uploads\/2024\/12\/WhatsApp-Image-2024-12-09-at-14.53.35.jpeg","width":1600,"height":1068},{"@type":"BreadcrumbList","@id":"https:\/\/chelso.com.br\/site\/raizen-meia-maratona-de-piracicaba-resultados-da-ultima-prova-do-ano\/#breadcrumb","itemListElement":[{"@type":"ListItem","position":1,"name":"In\u00edcio","item":"https:\/\/chelso.com.br\/site\/"},{"@type":"ListItem","position":2,"name":"Ra\u00edzen Meia Maratona de Piracicaba: resultados da \u00faltima prova do ano"}]},{"@type":"WebSite","@id":"https:\/\/chelso.com.br\/site\/#website","url":"https:\/\/chelso.com.br\/site\/","name":"Portal Chelso Sports","description":"Conte\u00fado especializado em corrida de rua e triathlon","potentialAction":[{"@type":"SearchAction","target":{"@type":"EntryPoint","urlTemplate":"https:\/\/chelso.com.br\/site\/?s={search_term_string}"},"query-input":{"@type":"PropertyValueSpecification","valueRequired":true,"valueName":"search_term_string"}}],"inLanguage":"pt-BR"},{"@type":"Person","@id":"https:\/\/chelso.com.br\/site\/#\/schema\/person\/a1e459f9cc882778a4f1367cb2ba51e3","name":"Edilson Rodrigues","image":{"@type":"ImageObject","inLanguage":"pt-BR","@id":"https:\/\/chelso.com.br\/site\/wp-content\/uploads\/2024\/09\/Captura-de-tela-2024-09-27-170323-150x150.png","url":"https:\/\/chelso.com.br\/site\/wp-content\/uploads\/2024\/09\/Captura-de-tela-2024-09-27-170323-150x150.png","contentUrl":"https:\/\/chelso.com.br\/site\/wp-content\/uploads\/2024\/09\/Captura-de-tela-2024-09-27-170323-150x150.png","caption":"Edilson Rodrigues"},"url":"https:\/\/chelso.com.br\/site\/author\/edilson\/"}]}},"amp_enabled":true,"_links":{"self":[{"href":"https:\/\/chelso.com.br\/site\/wp-json\/wp\/v2\/posts\/22465","targetHints":{"allow":["GET"]}}],"collection":[{"href":"https:\/\/chelso.com.br\/site\/wp-json\/wp\/v2\/posts"}],"about":[{"href":"https:\/\/chelso.com.br\/site\/wp-json\/wp\/v2\/types\/post"}],"author":[{"embeddable":true,"href":"https:\/\/chelso.com.br\/site\/wp-json\/wp\/v2\/users\/43"}],"replies":[{"embeddable":true,"href":"https:\/\/chelso.com.br\/site\/wp-json\/wp\/v2\/comments?post=22465"}],"version-history":[{"count":2,"href":"https:\/\/chelso.com.br\/site\/wp-json\/wp\/v2\/posts\/22465\/revisions"}],"predecessor-version":[{"id":22473,"href":"https:\/\/chelso.com.br\/site\/wp-json\/wp\/v2\/posts\/22465\/revisions\/22473"}],"wp:featuredmedia":[{"embeddable":true,"href":"https:\/\/chelso.com.br\/site\/wp-json\/wp\/v2\/media\/22466"}],"wp:attachment":[{"href":"https:\/\/chelso.com.br\/site\/wp-json\/wp\/v2\/media?parent=22465"}],"wp:term":[{"taxonomy":"category","embeddable":true,"href":"https:\/\/chelso.com.br\/site\/wp-json\/wp\/v2\/categories?post=22465"},{"taxonomy":"post_tag","embeddable":true,"href":"https:\/\/chelso.com.br\/site\/wp-json\/wp\/v2\/tags?post=22465"}],"curies":[{"name":"wp","href":"https:\/\/api.w.org\/{rel}","templated":true}]}}