{"id":22625,"date":"2025-01-09T11:48:08","date_gmt":"2025-01-09T14:48:08","guid":{"rendered":"https:\/\/chelso.com.br\/site\/?p=22625"},"modified":"2025-01-09T11:57:43","modified_gmt":"2025-01-09T14:57:43","slug":"maratonas-majors-tem-inicio-no-dia-2-de-marco-em-toquio","status":"publish","type":"post","link":"https:\/\/chelso.com.br\/site\/maratonas-majors-tem-inicio-no-dia-2-de-marco-em-toquio\/","title":{"rendered":"Maratonas Majors t\u00eam in\u00edcio no dia 2 de mar\u00e7o, em T\u00f3quio"},"content":{"rendered":"<p style=\"text-align: center;\">O calend\u00e1rio com as Maratonas Majors de 2025, as provas de rua mais importantes da temporada do atletismo mundial, tem in\u00edcio no dia 2 de mar\u00e7o, em T\u00f3quio, no Jap\u00e3o. O circuito japon\u00eas \u00e9 o mais novo da lista e come\u00e7ou a ser disputada no ano de 2008.<\/p>\n<p style=\"text-align: center;\">A segunda prova do ano acontece em Boston, nos Estados Unidos, no dia 21 de abril, mantendo a tradi\u00e7\u00e3o como o circuito mais antigo do mundo, iniciado no ano de 1897, e realizado anualmente no Dia dos Patriotas, na terceira segunda-feira do m\u00eas de abril. Para participar deste grande evento esportivo \u00e9 preciso completar uma prova oficial at\u00e9 18 meses antes dentro do tempo estipulado para garantir a vaga.<\/p>\n<p style=\"text-align: center;\">A Maratona de Londres, na Inglaterra, vem logo a seguir, no dia 27 de abril, como uma das mais r\u00e1pidas e palco de sete recordes mundiais.<\/p>\n<p style=\"text-align: center;\">No m\u00eas de agosto, no dia 31, \u00e9 a vez da Maratona Major de Sydney, na Austr\u00e1lia, fazer sua estreia no circuito mundial em 2025. \u00c9 a mesma rota usada no ano de 2000 durante os Jogos Ol\u00edmpicos.<\/p>\n<p style=\"text-align: center;\">No dia 21 de setembro, o circuito mundial das Maratonas Majors segue o caminho at\u00e9 Berlim, na Alemanha, numa outra considerada como uma das mais r\u00e1pidas, devido a seu trajeto plano, que j\u00e1 lhe rendeu 13 recordes mundiais estabelecidos.<\/p>\n<p style=\"text-align: center;\">De volta aos Estados Unidos, a temporada 2025 das Maratonas Majors encerra com os circuitos de Chicago, no dia 12 de outubro e, Nova York, no dia 2 de novembro. O percurso de Chicago \u00e9 reconhecido como um dos mais populares, disputado desde 1977, enquanto que Nova York acontece desde o ano de 1970, atraindo anualmente cerca de 50 mil atletas de todo o mundo.<\/p>\n<p style=\"text-align: center;\"><strong>Fonte de informa\u00e7\u00f5es:<\/strong><\/p>\n<p style=\"text-align: center;\"><a href=\"https:\/\/olympics.com\/pt\/noticias\/maratonas-majors-2025-calendario-completo-sete-provas\">Maratonas Majors 2025: confira o calend\u00e1rio completo das sete provas<\/a><\/p>\n<p style=\"text-align: center;\"><strong>Cr\u00e9dito imagem:<\/strong><\/p>\n<p style=\"text-align: center;\"><a href=\"https:\/\/olympics.com\/pt\/noticias\/maratonas-majors-2025-calendario-completo-sete-provas\">chicagomarathon.com<\/a><\/p>\n<p>&nbsp;<\/p>\n","protected":false},"excerpt":{"rendered":"<p>O calend\u00e1rio com as Maratonas Majors de 2025, as provas de rua mais importantes da temporada do atletismo mundial, tem in\u00edcio no dia 2 de mar\u00e7o, em T\u00f3quio, no Jap\u00e3o. O circuito japon\u00eas \u00e9 o mais novo da lista e come\u00e7ou a ser disputada no ano de 2008. A segunda prova do ano acontece em<\/p>\n","protected":false},"author":43,"featured_media":22626,"comment_status":"open","ping_status":"closed","sticky":false,"template":"","format":"standard","meta":{"om_disable_all_campaigns":false,"_monsterinsights_skip_tracking":false,"_monsterinsights_sitenote_active":false,"_monsterinsights_sitenote_note":"","_monsterinsights_sitenote_category":0,"footnotes":""},"categories":[30],"tags":[],"class_list":{"0":"post-22625","1":"post","2":"type-post","3":"status-publish","4":"format-standard","5":"has-post-thumbnail","7":"category-noticias"},"aioseo_notices":[],"yoast_head":"<!-- This site is optimized with the Yoast SEO plugin v27.5 - https:\/\/yoast.com\/product\/yoast-seo-wordpress\/ -->\n<title>Maratonas Majors t\u00eam in\u00edcio no dia 2 de mar\u00e7o, em T\u00f3quio - Portal Chelso Sports<\/title>\n<meta name=\"robots\" content=\"index, follow, max-snippet:-1, max-image-preview:large, max-video-preview:-1\" \/>\n<link rel=\"canonical\" href=\"https:\/\/chelso.com.br\/site\/maratonas-majors-tem-inicio-no-dia-2-de-marco-em-toquio\/\" \/>\n<meta property=\"og:locale\" content=\"pt_BR\" \/>\n<meta property=\"og:type\" content=\"article\" \/>\n<meta property=\"og:title\" content=\"Maratonas Majors t\u00eam in\u00edcio no dia 2 de mar\u00e7o, em T\u00f3quio - Portal Chelso Sports\" \/>\n<meta property=\"og:description\" content=\"O calend\u00e1rio com as Maratonas Majors de 2025, as provas de rua mais importantes da temporada do atletismo mundial, tem in\u00edcio no dia 2 de mar\u00e7o, em T\u00f3quio, no Jap\u00e3o. O circuito japon\u00eas \u00e9 o mais novo da lista e come\u00e7ou a ser disputada no ano de 2008. A segunda prova do ano acontece em\" \/>\n<meta property=\"og:url\" content=\"https:\/\/chelso.com.br\/site\/maratonas-majors-tem-inicio-no-dia-2-de-marco-em-toquio\/\" \/>\n<meta property=\"og:site_name\" content=\"Portal Chelso Sports\" \/>\n<meta property=\"article:published_time\" content=\"2025-01-09T14:48:08+00:00\" \/>\n<meta property=\"article:modified_time\" content=\"2025-01-09T14:57:43+00:00\" \/>\n<meta property=\"og:image\" content=\"https:\/\/chelso.com.br\/site\/wp-content\/uploads\/2025\/01\/Cheer-zones.jpg\" \/>\n\t<meta property=\"og:image:width\" content=\"1200\" \/>\n\t<meta property=\"og:image:height\" content=\"432\" \/>\n\t<meta property=\"og:image:type\" content=\"image\/jpeg\" \/>\n<meta name=\"author\" content=\"Edilson Rodrigues\" \/>\n<meta name=\"twitter:card\" content=\"summary_large_image\" \/>\n<meta name=\"twitter:label1\" content=\"Escrito por\" \/>\n\t<meta name=\"twitter:data1\" content=\"Edilson Rodrigues\" \/>\n\t<meta name=\"twitter:label2\" content=\"Est. tempo de leitura\" \/>\n\t<meta name=\"twitter:data2\" content=\"2 minutos\" \/>\n<script type=\"application\/ld+json\" class=\"yoast-schema-graph\">{\"@context\":\"https:\\\/\\\/schema.org\",\"@graph\":[{\"@type\":\"Article\",\"@id\":\"https:\\\/\\\/chelso.com.br\\\/site\\\/maratonas-majors-tem-inicio-no-dia-2-de-marco-em-toquio\\\/#article\",\"isPartOf\":{\"@id\":\"https:\\\/\\\/chelso.com.br\\\/site\\\/maratonas-majors-tem-inicio-no-dia-2-de-marco-em-toquio\\\/\"},\"author\":{\"name\":\"Edilson Rodrigues\",\"@id\":\"https:\\\/\\\/chelso.com.br\\\/site\\\/#\\\/schema\\\/person\\\/a1e459f9cc882778a4f1367cb2ba51e3\"},\"headline\":\"Maratonas Majors t\u00eam in\u00edcio no dia 2 de mar\u00e7o, em T\u00f3quio\",\"datePublished\":\"2025-01-09T14:48:08+00:00\",\"dateModified\":\"2025-01-09T14:57:43+00:00\",\"mainEntityOfPage\":{\"@id\":\"https:\\\/\\\/chelso.com.br\\\/site\\\/maratonas-majors-tem-inicio-no-dia-2-de-marco-em-toquio\\\/\"},\"wordCount\":310,\"commentCount\":0,\"image\":{\"@id\":\"https:\\\/\\\/chelso.com.br\\\/site\\\/maratonas-majors-tem-inicio-no-dia-2-de-marco-em-toquio\\\/#primaryimage\"},\"thumbnailUrl\":\"https:\\\/\\\/chelso.com.br\\\/site\\\/wp-content\\\/uploads\\\/2025\\\/01\\\/Cheer-zones.jpg\",\"articleSection\":[\"Not\u00edcias\"],\"inLanguage\":\"pt-BR\",\"potentialAction\":[{\"@type\":\"CommentAction\",\"name\":\"Comment\",\"target\":[\"https:\\\/\\\/chelso.com.br\\\/site\\\/maratonas-majors-tem-inicio-no-dia-2-de-marco-em-toquio\\\/#respond\"]}]},{\"@type\":\"WebPage\",\"@id\":\"https:\\\/\\\/chelso.com.br\\\/site\\\/maratonas-majors-tem-inicio-no-dia-2-de-marco-em-toquio\\\/\",\"url\":\"https:\\\/\\\/chelso.com.br\\\/site\\\/maratonas-majors-tem-inicio-no-dia-2-de-marco-em-toquio\\\/\",\"name\":\"Maratonas Majors t\u00eam in\u00edcio no dia 2 de mar\u00e7o, em T\u00f3quio - Portal Chelso Sports\",\"isPartOf\":{\"@id\":\"https:\\\/\\\/chelso.com.br\\\/site\\\/#website\"},\"primaryImageOfPage\":{\"@id\":\"https:\\\/\\\/chelso.com.br\\\/site\\\/maratonas-majors-tem-inicio-no-dia-2-de-marco-em-toquio\\\/#primaryimage\"},\"image\":{\"@id\":\"https:\\\/\\\/chelso.com.br\\\/site\\\/maratonas-majors-tem-inicio-no-dia-2-de-marco-em-toquio\\\/#primaryimage\"},\"thumbnailUrl\":\"https:\\\/\\\/chelso.com.br\\\/site\\\/wp-content\\\/uploads\\\/2025\\\/01\\\/Cheer-zones.jpg\",\"datePublished\":\"2025-01-09T14:48:08+00:00\",\"dateModified\":\"2025-01-09T14:57:43+00:00\",\"author\":{\"@id\":\"https:\\\/\\\/chelso.com.br\\\/site\\\/#\\\/schema\\\/person\\\/a1e459f9cc882778a4f1367cb2ba51e3\"},\"breadcrumb\":{\"@id\":\"https:\\\/\\\/chelso.com.br\\\/site\\\/maratonas-majors-tem-inicio-no-dia-2-de-marco-em-toquio\\\/#breadcrumb\"},\"inLanguage\":\"pt-BR\",\"potentialAction\":[{\"@type\":\"ReadAction\",\"target\":[\"https:\\\/\\\/chelso.com.br\\\/site\\\/maratonas-majors-tem-inicio-no-dia-2-de-marco-em-toquio\\\/\"]}]},{\"@type\":\"ImageObject\",\"inLanguage\":\"pt-BR\",\"@id\":\"https:\\\/\\\/chelso.com.br\\\/site\\\/maratonas-majors-tem-inicio-no-dia-2-de-marco-em-toquio\\\/#primaryimage\",\"url\":\"https:\\\/\\\/chelso.com.br\\\/site\\\/wp-content\\\/uploads\\\/2025\\\/01\\\/Cheer-zones.jpg\",\"contentUrl\":\"https:\\\/\\\/chelso.com.br\\\/site\\\/wp-content\\\/uploads\\\/2025\\\/01\\\/Cheer-zones.jpg\",\"width\":1200,\"height\":432},{\"@type\":\"BreadcrumbList\",\"@id\":\"https:\\\/\\\/chelso.com.br\\\/site\\\/maratonas-majors-tem-inicio-no-dia-2-de-marco-em-toquio\\\/#breadcrumb\",\"itemListElement\":[{\"@type\":\"ListItem\",\"position\":1,\"name\":\"In\u00edcio\",\"item\":\"https:\\\/\\\/chelso.com.br\\\/site\\\/\"},{\"@type\":\"ListItem\",\"position\":2,\"name\":\"Maratonas Majors t\u00eam in\u00edcio no dia 2 de mar\u00e7o, em T\u00f3quio\"}]},{\"@type\":\"WebSite\",\"@id\":\"https:\\\/\\\/chelso.com.br\\\/site\\\/#website\",\"url\":\"https:\\\/\\\/chelso.com.br\\\/site\\\/\",\"name\":\"Portal Chelso Sports\",\"description\":\"Conte\u00fado especializado em corrida de rua e triathlon\",\"potentialAction\":[{\"@type\":\"SearchAction\",\"target\":{\"@type\":\"EntryPoint\",\"urlTemplate\":\"https:\\\/\\\/chelso.com.br\\\/site\\\/?s={search_term_string}\"},\"query-input\":{\"@type\":\"PropertyValueSpecification\",\"valueRequired\":true,\"valueName\":\"search_term_string\"}}],\"inLanguage\":\"pt-BR\"},{\"@type\":\"Person\",\"@id\":\"https:\\\/\\\/chelso.com.br\\\/site\\\/#\\\/schema\\\/person\\\/a1e459f9cc882778a4f1367cb2ba51e3\",\"name\":\"Edilson Rodrigues\",\"image\":{\"@type\":\"ImageObject\",\"inLanguage\":\"pt-BR\",\"@id\":\"https:\\\/\\\/chelso.com.br\\\/site\\\/wp-content\\\/uploads\\\/2024\\\/09\\\/Captura-de-tela-2024-09-27-170323-150x150.png\",\"url\":\"https:\\\/\\\/chelso.com.br\\\/site\\\/wp-content\\\/uploads\\\/2024\\\/09\\\/Captura-de-tela-2024-09-27-170323-150x150.png\",\"contentUrl\":\"https:\\\/\\\/chelso.com.br\\\/site\\\/wp-content\\\/uploads\\\/2024\\\/09\\\/Captura-de-tela-2024-09-27-170323-150x150.png\",\"caption\":\"Edilson Rodrigues\"},\"url\":\"https:\\\/\\\/chelso.com.br\\\/site\\\/author\\\/edilson\\\/\"}]}<\/script>\n<!-- \/ Yoast SEO plugin. -->","yoast_head_json":{"title":"Maratonas Majors t\u00eam in\u00edcio no dia 2 de mar\u00e7o, em T\u00f3quio - Portal Chelso Sports","robots":{"index":"index","follow":"follow","max-snippet":"max-snippet:-1","max-image-preview":"max-image-preview:large","max-video-preview":"max-video-preview:-1"},"canonical":"https:\/\/chelso.com.br\/site\/maratonas-majors-tem-inicio-no-dia-2-de-marco-em-toquio\/","og_locale":"pt_BR","og_type":"article","og_title":"Maratonas Majors t\u00eam in\u00edcio no dia 2 de mar\u00e7o, em T\u00f3quio - Portal Chelso Sports","og_description":"O calend\u00e1rio com as Maratonas Majors de 2025, as provas de rua mais importantes da temporada do atletismo mundial, tem in\u00edcio no dia 2 de mar\u00e7o, em T\u00f3quio, no Jap\u00e3o. O circuito japon\u00eas \u00e9 o mais novo da lista e come\u00e7ou a ser disputada no ano de 2008. A segunda prova do ano acontece em","og_url":"https:\/\/chelso.com.br\/site\/maratonas-majors-tem-inicio-no-dia-2-de-marco-em-toquio\/","og_site_name":"Portal Chelso Sports","article_published_time":"2025-01-09T14:48:08+00:00","article_modified_time":"2025-01-09T14:57:43+00:00","og_image":[{"width":1200,"height":432,"url":"https:\/\/chelso.com.br\/site\/wp-content\/uploads\/2025\/01\/Cheer-zones.jpg","type":"image\/jpeg"}],"author":"Edilson Rodrigues","twitter_card":"summary_large_image","twitter_misc":{"Escrito por":"Edilson Rodrigues","Est. tempo de leitura":"2 minutos"},"schema":{"@context":"https:\/\/schema.org","@graph":[{"@type":"Article","@id":"https:\/\/chelso.com.br\/site\/maratonas-majors-tem-inicio-no-dia-2-de-marco-em-toquio\/#article","isPartOf":{"@id":"https:\/\/chelso.com.br\/site\/maratonas-majors-tem-inicio-no-dia-2-de-marco-em-toquio\/"},"author":{"name":"Edilson Rodrigues","@id":"https:\/\/chelso.com.br\/site\/#\/schema\/person\/a1e459f9cc882778a4f1367cb2ba51e3"},"headline":"Maratonas Majors t\u00eam in\u00edcio no dia 2 de mar\u00e7o, em T\u00f3quio","datePublished":"2025-01-09T14:48:08+00:00","dateModified":"2025-01-09T14:57:43+00:00","mainEntityOfPage":{"@id":"https:\/\/chelso.com.br\/site\/maratonas-majors-tem-inicio-no-dia-2-de-marco-em-toquio\/"},"wordCount":310,"commentCount":0,"image":{"@id":"https:\/\/chelso.com.br\/site\/maratonas-majors-tem-inicio-no-dia-2-de-marco-em-toquio\/#primaryimage"},"thumbnailUrl":"https:\/\/chelso.com.br\/site\/wp-content\/uploads\/2025\/01\/Cheer-zones.jpg","articleSection":["Not\u00edcias"],"inLanguage":"pt-BR","potentialAction":[{"@type":"CommentAction","name":"Comment","target":["https:\/\/chelso.com.br\/site\/maratonas-majors-tem-inicio-no-dia-2-de-marco-em-toquio\/#respond"]}]},{"@type":"WebPage","@id":"https:\/\/chelso.com.br\/site\/maratonas-majors-tem-inicio-no-dia-2-de-marco-em-toquio\/","url":"https:\/\/chelso.com.br\/site\/maratonas-majors-tem-inicio-no-dia-2-de-marco-em-toquio\/","name":"Maratonas Majors t\u00eam in\u00edcio no dia 2 de mar\u00e7o, em T\u00f3quio - Portal Chelso Sports","isPartOf":{"@id":"https:\/\/chelso.com.br\/site\/#website"},"primaryImageOfPage":{"@id":"https:\/\/chelso.com.br\/site\/maratonas-majors-tem-inicio-no-dia-2-de-marco-em-toquio\/#primaryimage"},"image":{"@id":"https:\/\/chelso.com.br\/site\/maratonas-majors-tem-inicio-no-dia-2-de-marco-em-toquio\/#primaryimage"},"thumbnailUrl":"https:\/\/chelso.com.br\/site\/wp-content\/uploads\/2025\/01\/Cheer-zones.jpg","datePublished":"2025-01-09T14:48:08+00:00","dateModified":"2025-01-09T14:57:43+00:00","author":{"@id":"https:\/\/chelso.com.br\/site\/#\/schema\/person\/a1e459f9cc882778a4f1367cb2ba51e3"},"breadcrumb":{"@id":"https:\/\/chelso.com.br\/site\/maratonas-majors-tem-inicio-no-dia-2-de-marco-em-toquio\/#breadcrumb"},"inLanguage":"pt-BR","potentialAction":[{"@type":"ReadAction","target":["https:\/\/chelso.com.br\/site\/maratonas-majors-tem-inicio-no-dia-2-de-marco-em-toquio\/"]}]},{"@type":"ImageObject","inLanguage":"pt-BR","@id":"https:\/\/chelso.com.br\/site\/maratonas-majors-tem-inicio-no-dia-2-de-marco-em-toquio\/#primaryimage","url":"https:\/\/chelso.com.br\/site\/wp-content\/uploads\/2025\/01\/Cheer-zones.jpg","contentUrl":"https:\/\/chelso.com.br\/site\/wp-content\/uploads\/2025\/01\/Cheer-zones.jpg","width":1200,"height":432},{"@type":"BreadcrumbList","@id":"https:\/\/chelso.com.br\/site\/maratonas-majors-tem-inicio-no-dia-2-de-marco-em-toquio\/#breadcrumb","itemListElement":[{"@type":"ListItem","position":1,"name":"In\u00edcio","item":"https:\/\/chelso.com.br\/site\/"},{"@type":"ListItem","position":2,"name":"Maratonas Majors t\u00eam in\u00edcio no dia 2 de mar\u00e7o, em T\u00f3quio"}]},{"@type":"WebSite","@id":"https:\/\/chelso.com.br\/site\/#website","url":"https:\/\/chelso.com.br\/site\/","name":"Portal Chelso Sports","description":"Conte\u00fado especializado em corrida de rua e triathlon","potentialAction":[{"@type":"SearchAction","target":{"@type":"EntryPoint","urlTemplate":"https:\/\/chelso.com.br\/site\/?s={search_term_string}"},"query-input":{"@type":"PropertyValueSpecification","valueRequired":true,"valueName":"search_term_string"}}],"inLanguage":"pt-BR"},{"@type":"Person","@id":"https:\/\/chelso.com.br\/site\/#\/schema\/person\/a1e459f9cc882778a4f1367cb2ba51e3","name":"Edilson Rodrigues","image":{"@type":"ImageObject","inLanguage":"pt-BR","@id":"https:\/\/chelso.com.br\/site\/wp-content\/uploads\/2024\/09\/Captura-de-tela-2024-09-27-170323-150x150.png","url":"https:\/\/chelso.com.br\/site\/wp-content\/uploads\/2024\/09\/Captura-de-tela-2024-09-27-170323-150x150.png","contentUrl":"https:\/\/chelso.com.br\/site\/wp-content\/uploads\/2024\/09\/Captura-de-tela-2024-09-27-170323-150x150.png","caption":"Edilson Rodrigues"},"url":"https:\/\/chelso.com.br\/site\/author\/edilson\/"}]}},"amp_enabled":true,"_links":{"self":[{"href":"https:\/\/chelso.com.br\/site\/wp-json\/wp\/v2\/posts\/22625","targetHints":{"allow":["GET"]}}],"collection":[{"href":"https:\/\/chelso.com.br\/site\/wp-json\/wp\/v2\/posts"}],"about":[{"href":"https:\/\/chelso.com.br\/site\/wp-json\/wp\/v2\/types\/post"}],"author":[{"embeddable":true,"href":"https:\/\/chelso.com.br\/site\/wp-json\/wp\/v2\/users\/43"}],"replies":[{"embeddable":true,"href":"https:\/\/chelso.com.br\/site\/wp-json\/wp\/v2\/comments?post=22625"}],"version-history":[{"count":3,"href":"https:\/\/chelso.com.br\/site\/wp-json\/wp\/v2\/posts\/22625\/revisions"}],"predecessor-version":[{"id":22629,"href":"https:\/\/chelso.com.br\/site\/wp-json\/wp\/v2\/posts\/22625\/revisions\/22629"}],"wp:featuredmedia":[{"embeddable":true,"href":"https:\/\/chelso.com.br\/site\/wp-json\/wp\/v2\/media\/22626"}],"wp:attachment":[{"href":"https:\/\/chelso.com.br\/site\/wp-json\/wp\/v2\/media?parent=22625"}],"wp:term":[{"taxonomy":"category","embeddable":true,"href":"https:\/\/chelso.com.br\/site\/wp-json\/wp\/v2\/categories?post=22625"},{"taxonomy":"post_tag","embeddable":true,"href":"https:\/\/chelso.com.br\/site\/wp-json\/wp\/v2\/tags?post=22625"}],"curies":[{"name":"wp","href":"https:\/\/api.w.org\/{rel}","templated":true}]}}