{"id":22699,"date":"2025-01-15T16:07:25","date_gmt":"2025-01-15T19:07:25","guid":{"rendered":"https:\/\/chelso.com.br\/site\/?p=22699"},"modified":"2025-01-15T16:19:51","modified_gmt":"2025-01-15T19:19:51","slug":"corrida-sao-vicente-meia-maratona-acontece-neste-domingo-dia-19-de-janeiro","status":"publish","type":"post","link":"https:\/\/chelso.com.br\/site\/corrida-sao-vicente-meia-maratona-acontece-neste-domingo-dia-19-de-janeiro\/","title":{"rendered":"Corrida S\u00e3o Vicente Meia Maratona de Americana acontece neste domingo, dia 19 de janeiro"},"content":{"rendered":"<p style=\"text-align: center;\">A partir das 6h30 ser\u00e1 dada a largada para a primeira edi\u00e7\u00e3o da Corrida S\u00e3o Vicente Meia Maratona de Americana para o percurso de 21 km. O circuito inaugura o calend\u00e1rio das provas no munic\u00edpio e movimenta a regi\u00e3o da Pra\u00e7a Comendador Muller, n\u00ba 78, na Bas\u00edlica de Americana, centro da cidade.<\/p>\n<p><img fetchpriority=\"high\" decoding=\"async\" class=\"wp-image-22701 aligncenter\" src=\"https:\/\/chelso.com.br\/site\/wp-content\/uploads\/2025\/01\/WhatsApp-Image-2025-01-15-at-16.00.40-2-300x200.jpeg\" alt=\"\" width=\"514\" height=\"342\" srcset=\"https:\/\/chelso.com.br\/site\/wp-content\/uploads\/2025\/01\/WhatsApp-Image-2025-01-15-at-16.00.40-2-300x200.jpeg 300w, https:\/\/chelso.com.br\/site\/wp-content\/uploads\/2025\/01\/WhatsApp-Image-2025-01-15-at-16.00.40-2-1024x682.jpeg 1024w, https:\/\/chelso.com.br\/site\/wp-content\/uploads\/2025\/01\/WhatsApp-Image-2025-01-15-at-16.00.40-2-1536x1023.jpeg 1536w, https:\/\/chelso.com.br\/site\/wp-content\/uploads\/2025\/01\/WhatsApp-Image-2025-01-15-at-16.00.40-2-150x100.jpeg 150w, https:\/\/chelso.com.br\/site\/wp-content\/uploads\/2025\/01\/WhatsApp-Image-2025-01-15-at-16.00.40-2-450x300.jpeg 450w, https:\/\/chelso.com.br\/site\/wp-content\/uploads\/2025\/01\/WhatsApp-Image-2025-01-15-at-16.00.40-2-1200x800.jpeg 1200w, https:\/\/chelso.com.br\/site\/wp-content\/uploads\/2025\/01\/WhatsApp-Image-2025-01-15-at-16.00.40-2-768x512.jpeg 768w, https:\/\/chelso.com.br\/site\/wp-content\/uploads\/2025\/01\/WhatsApp-Image-2025-01-15-at-16.00.40-2.jpeg 1600w\" sizes=\"(max-width: 514px) 100vw, 514px\" \/><\/p>\n<p style=\"text-align: center;\">Com premia\u00e7\u00e3o em dinheiro para os cinco primeiros colocados na classifica\u00e7\u00e3o geral da prova dos 21 km (masculino e feminino), o evento conta com a organiza\u00e7\u00e3o da Chelso Sports, apoio da Prefeitura Municipal de Americana e o patroc\u00ednio master dos Supermercados S\u00e3o Vicente.<\/p>\n<p><img decoding=\"async\" class=\"wp-image-22702 aligncenter\" src=\"https:\/\/chelso.com.br\/site\/wp-content\/uploads\/2025\/01\/WhatsApp-Image-2025-01-15-at-16.00.40-3-300x200.jpeg\" alt=\"\" width=\"536\" height=\"358\" srcset=\"https:\/\/chelso.com.br\/site\/wp-content\/uploads\/2025\/01\/WhatsApp-Image-2025-01-15-at-16.00.40-3-300x200.jpeg 300w, https:\/\/chelso.com.br\/site\/wp-content\/uploads\/2025\/01\/WhatsApp-Image-2025-01-15-at-16.00.40-3-1024x684.jpeg 1024w, https:\/\/chelso.com.br\/site\/wp-content\/uploads\/2025\/01\/WhatsApp-Image-2025-01-15-at-16.00.40-3-1536x1025.jpeg 1536w, https:\/\/chelso.com.br\/site\/wp-content\/uploads\/2025\/01\/WhatsApp-Image-2025-01-15-at-16.00.40-3-2048x1367.jpeg 2048w, https:\/\/chelso.com.br\/site\/wp-content\/uploads\/2025\/01\/WhatsApp-Image-2025-01-15-at-16.00.40-3-150x100.jpeg 150w, https:\/\/chelso.com.br\/site\/wp-content\/uploads\/2025\/01\/WhatsApp-Image-2025-01-15-at-16.00.40-3-450x300.jpeg 450w, https:\/\/chelso.com.br\/site\/wp-content\/uploads\/2025\/01\/WhatsApp-Image-2025-01-15-at-16.00.40-3-1200x801.jpeg 1200w, https:\/\/chelso.com.br\/site\/wp-content\/uploads\/2025\/01\/WhatsApp-Image-2025-01-15-at-16.00.40-3-768x513.jpeg 768w\" sizes=\"(max-width: 536px) 100vw, 536px\" \/><\/p>\n<p style=\"text-align: center;\">A competi\u00e7\u00e3o deste final de semana conta ainda com as provas de 10 km, com largada marcada \u00e0s 7h e a prova de 5km, com largada que acontece \u00e0s 7h20.<\/p>\n<p style=\"text-align: center;\">Participe dessa iniciativa e fa\u00e7a parte da hist\u00f3ria. Inscri\u00e7\u00f5es abertas online para participantes com idade m\u00ednima de 18 anos (21 km), de 16 anos (10 km) e de 14 anos (5 km). Inscreva-se pelo site: <a href=\"http:\/\/www.chelso.com.br\">www.chelso.com.br<\/a>.<\/p>\n<p><img decoding=\"async\" class=\"wp-image-22703 aligncenter\" src=\"https:\/\/chelso.com.br\/site\/wp-content\/uploads\/2025\/01\/racingbrasil04821_desafiodoguerreiro_3501_534537_84838-200x300.jpg\" alt=\"\" width=\"427\" height=\"641\" srcset=\"https:\/\/chelso.com.br\/site\/wp-content\/uploads\/2025\/01\/racingbrasil04821_desafiodoguerreiro_3501_534537_84838-200x300.jpg 200w, https:\/\/chelso.com.br\/site\/wp-content\/uploads\/2025\/01\/racingbrasil04821_desafiodoguerreiro_3501_534537_84838-683x1024.jpg 683w, https:\/\/chelso.com.br\/site\/wp-content\/uploads\/2025\/01\/racingbrasil04821_desafiodoguerreiro_3501_534537_84838-1024x1536.jpg 1024w, https:\/\/chelso.com.br\/site\/wp-content\/uploads\/2025\/01\/racingbrasil04821_desafiodoguerreiro_3501_534537_84838-1365x2048.jpg 1365w, https:\/\/chelso.com.br\/site\/wp-content\/uploads\/2025\/01\/racingbrasil04821_desafiodoguerreiro_3501_534537_84838-150x225.jpg 150w, https:\/\/chelso.com.br\/site\/wp-content\/uploads\/2025\/01\/racingbrasil04821_desafiodoguerreiro_3501_534537_84838-450x675.jpg 450w, https:\/\/chelso.com.br\/site\/wp-content\/uploads\/2025\/01\/racingbrasil04821_desafiodoguerreiro_3501_534537_84838-1200x1800.jpg 1200w, https:\/\/chelso.com.br\/site\/wp-content\/uploads\/2025\/01\/racingbrasil04821_desafiodoguerreiro_3501_534537_84838-768x1152.jpg 768w, https:\/\/chelso.com.br\/site\/wp-content\/uploads\/2025\/01\/racingbrasil04821_desafiodoguerreiro_3501_534537_84838-scaled.jpg 1707w\" sizes=\"(max-width: 427px) 100vw, 427px\" \/><\/p>\n<p style=\"text-align: center;\"><strong>Retirada de kits:<\/strong><\/p>\n<p style=\"text-align: center;\">Dia 16 de janeiro (quinta-feira) \u2013\u00a0 das 13h \u00e0s 17h.<\/p>\n<p style=\"text-align: center;\">Dia 17 de janeiro (sexta-feira) \u2013\u00a0 das 10h \u00e0s 17h.<\/p>\n<p style=\"text-align: center;\">Dia 18 de janeiro (s\u00e1bado) \u2013\u00a0 das 10h \u00e0s 15h.<\/p>\n<p style=\"text-align: center;\"><strong>Local: <\/strong>Supermercados S\u00e3o Vicente (Loja 1), localizada a rua Jo\u00e3o Bernestein, 630, Jardim S\u00e3o Vito, em Americana.<\/p>\n<p style=\"text-align: center;\"><strong>Observa\u00e7\u00e3o:<\/strong> Para retirada do kit \u00e9 necess\u00e1ria a apresenta\u00e7\u00e3o do comprovante de inscri\u00e7\u00e3o e do documento com foto.<\/p>\n<p style=\"text-align: center;\"><strong>Assista ao Simp\u00f3sio t\u00e9cnico da prova:<\/strong><\/p>\n<p style=\"text-align: center;\"><a href=\"https:\/\/www.youtube.com\/watch?v=HVcdgI0SNMk&amp;t=1s\">Simp\u00f3sio T\u00e9cnico Corrida S\u00e3o Vicente Meia Maratona de Americana<\/a><\/p>\n<p style=\"text-align: center;\"><strong>\u00a0<\/strong><\/p>\n<p style=\"text-align: center;\"><strong>Siga Instagram:<\/strong><\/p>\n<p style=\"text-align: center;\">@chelsosports<\/p>\n<p style=\"text-align: center;\">@meiamaratonadeamericana<\/p>\n<p style=\"text-align: center;\"><strong>Acesse:<\/strong> <a href=\"http:\/\/www.svicente.com.br\">www.svicente.com.br<\/a><\/p>\n<p style=\"text-align: center;\"><strong>\u00a0<\/strong><\/p>\n<p style=\"text-align: center;\"><strong>Assessoria de Imprensa Chelso Sports<\/strong><\/p>\n<p style=\"text-align: center;\">Jornalista Edilson Rodrigues de Morais, Mtb 26.319<\/p>\n<p style=\"text-align: center;\"><strong>\u00a0<\/strong><\/p>\n<p style=\"text-align: center;\"><strong>\u00a0<\/strong><\/p>\n","protected":false},"excerpt":{"rendered":"<p>A partir das 6h30 ser\u00e1 dada a largada para a primeira edi\u00e7\u00e3o da Corrida S\u00e3o Vicente Meia Maratona de Americana para o percurso de 21 km. O circuito inaugura o calend\u00e1rio das provas no munic\u00edpio e movimenta a regi\u00e3o da Pra\u00e7a Comendador Muller, n\u00ba 78, na Bas\u00edlica de Americana, centro da cidade. Com premia\u00e7\u00e3o em<\/p>\n","protected":false},"author":43,"featured_media":22700,"comment_status":"open","ping_status":"closed","sticky":false,"template":"","format":"standard","meta":{"om_disable_all_campaigns":false,"_monsterinsights_skip_tracking":false,"_monsterinsights_sitenote_active":false,"_monsterinsights_sitenote_note":"","_monsterinsights_sitenote_category":0,"footnotes":""},"categories":[30],"tags":[],"class_list":{"0":"post-22699","1":"post","2":"type-post","3":"status-publish","4":"format-standard","5":"has-post-thumbnail","7":"category-noticias"},"aioseo_notices":[],"yoast_head":"<!-- This site is optimized with the Yoast SEO plugin v27.5 - https:\/\/yoast.com\/product\/yoast-seo-wordpress\/ -->\n<title>Corrida S\u00e3o Vicente Meia Maratona de Americana acontece neste domingo, dia 19 de janeiro - Portal Chelso Sports<\/title>\n<meta name=\"robots\" content=\"index, follow, max-snippet:-1, max-image-preview:large, max-video-preview:-1\" \/>\n<link rel=\"canonical\" href=\"https:\/\/chelso.com.br\/site\/corrida-sao-vicente-meia-maratona-acontece-neste-domingo-dia-19-de-janeiro\/\" \/>\n<meta property=\"og:locale\" content=\"pt_BR\" \/>\n<meta property=\"og:type\" content=\"article\" \/>\n<meta property=\"og:title\" content=\"Corrida S\u00e3o Vicente Meia Maratona de Americana acontece neste domingo, dia 19 de janeiro - Portal Chelso Sports\" \/>\n<meta property=\"og:description\" content=\"A partir das 6h30 ser\u00e1 dada a largada para a primeira edi\u00e7\u00e3o da Corrida S\u00e3o Vicente Meia Maratona de Americana para o percurso de 21 km. O circuito inaugura o calend\u00e1rio das provas no munic\u00edpio e movimenta a regi\u00e3o da Pra\u00e7a Comendador Muller, n\u00ba 78, na Bas\u00edlica de Americana, centro da cidade. Com premia\u00e7\u00e3o em\" \/>\n<meta property=\"og:url\" content=\"https:\/\/chelso.com.br\/site\/corrida-sao-vicente-meia-maratona-acontece-neste-domingo-dia-19-de-janeiro\/\" \/>\n<meta property=\"og:site_name\" content=\"Portal Chelso Sports\" \/>\n<meta property=\"article:published_time\" content=\"2025-01-15T19:07:25+00:00\" \/>\n<meta property=\"article:modified_time\" content=\"2025-01-15T19:19:51+00:00\" \/>\n<meta property=\"og:image\" content=\"https:\/\/chelso.com.br\/site\/wp-content\/uploads\/2025\/01\/WhatsApp-Image-2025-01-15-at-16.00.40-1.jpeg\" \/>\n\t<meta property=\"og:image:width\" content=\"1600\" \/>\n\t<meta property=\"og:image:height\" content=\"1068\" \/>\n\t<meta property=\"og:image:type\" content=\"image\/jpeg\" \/>\n<meta name=\"author\" content=\"Edilson Rodrigues\" \/>\n<meta name=\"twitter:card\" content=\"summary_large_image\" \/>\n<meta name=\"twitter:label1\" content=\"Escrito por\" \/>\n\t<meta name=\"twitter:data1\" content=\"Edilson Rodrigues\" \/>\n\t<meta name=\"twitter:label2\" content=\"Est. tempo de leitura\" \/>\n\t<meta name=\"twitter:data2\" content=\"3 minutos\" \/>\n<script type=\"application\/ld+json\" class=\"yoast-schema-graph\">{\"@context\":\"https:\\\/\\\/schema.org\",\"@graph\":[{\"@type\":\"Article\",\"@id\":\"https:\\\/\\\/chelso.com.br\\\/site\\\/corrida-sao-vicente-meia-maratona-acontece-neste-domingo-dia-19-de-janeiro\\\/#article\",\"isPartOf\":{\"@id\":\"https:\\\/\\\/chelso.com.br\\\/site\\\/corrida-sao-vicente-meia-maratona-acontece-neste-domingo-dia-19-de-janeiro\\\/\"},\"author\":{\"name\":\"Edilson Rodrigues\",\"@id\":\"https:\\\/\\\/chelso.com.br\\\/site\\\/#\\\/schema\\\/person\\\/a1e459f9cc882778a4f1367cb2ba51e3\"},\"headline\":\"Corrida S\u00e3o Vicente Meia Maratona de Americana acontece neste domingo, dia 19 de janeiro\",\"datePublished\":\"2025-01-15T19:07:25+00:00\",\"dateModified\":\"2025-01-15T19:19:51+00:00\",\"mainEntityOfPage\":{\"@id\":\"https:\\\/\\\/chelso.com.br\\\/site\\\/corrida-sao-vicente-meia-maratona-acontece-neste-domingo-dia-19-de-janeiro\\\/\"},\"wordCount\":292,\"commentCount\":0,\"image\":{\"@id\":\"https:\\\/\\\/chelso.com.br\\\/site\\\/corrida-sao-vicente-meia-maratona-acontece-neste-domingo-dia-19-de-janeiro\\\/#primaryimage\"},\"thumbnailUrl\":\"https:\\\/\\\/chelso.com.br\\\/site\\\/wp-content\\\/uploads\\\/2025\\\/01\\\/WhatsApp-Image-2025-01-15-at-16.00.40-1.jpeg\",\"articleSection\":[\"Not\u00edcias\"],\"inLanguage\":\"pt-BR\",\"potentialAction\":[{\"@type\":\"CommentAction\",\"name\":\"Comment\",\"target\":[\"https:\\\/\\\/chelso.com.br\\\/site\\\/corrida-sao-vicente-meia-maratona-acontece-neste-domingo-dia-19-de-janeiro\\\/#respond\"]}]},{\"@type\":\"WebPage\",\"@id\":\"https:\\\/\\\/chelso.com.br\\\/site\\\/corrida-sao-vicente-meia-maratona-acontece-neste-domingo-dia-19-de-janeiro\\\/\",\"url\":\"https:\\\/\\\/chelso.com.br\\\/site\\\/corrida-sao-vicente-meia-maratona-acontece-neste-domingo-dia-19-de-janeiro\\\/\",\"name\":\"Corrida S\u00e3o Vicente Meia Maratona de Americana acontece neste domingo, dia 19 de janeiro - Portal Chelso Sports\",\"isPartOf\":{\"@id\":\"https:\\\/\\\/chelso.com.br\\\/site\\\/#website\"},\"primaryImageOfPage\":{\"@id\":\"https:\\\/\\\/chelso.com.br\\\/site\\\/corrida-sao-vicente-meia-maratona-acontece-neste-domingo-dia-19-de-janeiro\\\/#primaryimage\"},\"image\":{\"@id\":\"https:\\\/\\\/chelso.com.br\\\/site\\\/corrida-sao-vicente-meia-maratona-acontece-neste-domingo-dia-19-de-janeiro\\\/#primaryimage\"},\"thumbnailUrl\":\"https:\\\/\\\/chelso.com.br\\\/site\\\/wp-content\\\/uploads\\\/2025\\\/01\\\/WhatsApp-Image-2025-01-15-at-16.00.40-1.jpeg\",\"datePublished\":\"2025-01-15T19:07:25+00:00\",\"dateModified\":\"2025-01-15T19:19:51+00:00\",\"author\":{\"@id\":\"https:\\\/\\\/chelso.com.br\\\/site\\\/#\\\/schema\\\/person\\\/a1e459f9cc882778a4f1367cb2ba51e3\"},\"breadcrumb\":{\"@id\":\"https:\\\/\\\/chelso.com.br\\\/site\\\/corrida-sao-vicente-meia-maratona-acontece-neste-domingo-dia-19-de-janeiro\\\/#breadcrumb\"},\"inLanguage\":\"pt-BR\",\"potentialAction\":[{\"@type\":\"ReadAction\",\"target\":[\"https:\\\/\\\/chelso.com.br\\\/site\\\/corrida-sao-vicente-meia-maratona-acontece-neste-domingo-dia-19-de-janeiro\\\/\"]}]},{\"@type\":\"ImageObject\",\"inLanguage\":\"pt-BR\",\"@id\":\"https:\\\/\\\/chelso.com.br\\\/site\\\/corrida-sao-vicente-meia-maratona-acontece-neste-domingo-dia-19-de-janeiro\\\/#primaryimage\",\"url\":\"https:\\\/\\\/chelso.com.br\\\/site\\\/wp-content\\\/uploads\\\/2025\\\/01\\\/WhatsApp-Image-2025-01-15-at-16.00.40-1.jpeg\",\"contentUrl\":\"https:\\\/\\\/chelso.com.br\\\/site\\\/wp-content\\\/uploads\\\/2025\\\/01\\\/WhatsApp-Image-2025-01-15-at-16.00.40-1.jpeg\",\"width\":1600,\"height\":1068},{\"@type\":\"BreadcrumbList\",\"@id\":\"https:\\\/\\\/chelso.com.br\\\/site\\\/corrida-sao-vicente-meia-maratona-acontece-neste-domingo-dia-19-de-janeiro\\\/#breadcrumb\",\"itemListElement\":[{\"@type\":\"ListItem\",\"position\":1,\"name\":\"In\u00edcio\",\"item\":\"https:\\\/\\\/chelso.com.br\\\/site\\\/\"},{\"@type\":\"ListItem\",\"position\":2,\"name\":\"Corrida S\u00e3o Vicente Meia Maratona de Americana acontece neste domingo, dia 19 de janeiro\"}]},{\"@type\":\"WebSite\",\"@id\":\"https:\\\/\\\/chelso.com.br\\\/site\\\/#website\",\"url\":\"https:\\\/\\\/chelso.com.br\\\/site\\\/\",\"name\":\"Portal Chelso Sports\",\"description\":\"Conte\u00fado especializado em corrida de rua e triathlon\",\"potentialAction\":[{\"@type\":\"SearchAction\",\"target\":{\"@type\":\"EntryPoint\",\"urlTemplate\":\"https:\\\/\\\/chelso.com.br\\\/site\\\/?s={search_term_string}\"},\"query-input\":{\"@type\":\"PropertyValueSpecification\",\"valueRequired\":true,\"valueName\":\"search_term_string\"}}],\"inLanguage\":\"pt-BR\"},{\"@type\":\"Person\",\"@id\":\"https:\\\/\\\/chelso.com.br\\\/site\\\/#\\\/schema\\\/person\\\/a1e459f9cc882778a4f1367cb2ba51e3\",\"name\":\"Edilson Rodrigues\",\"image\":{\"@type\":\"ImageObject\",\"inLanguage\":\"pt-BR\",\"@id\":\"https:\\\/\\\/chelso.com.br\\\/site\\\/wp-content\\\/uploads\\\/2024\\\/09\\\/Captura-de-tela-2024-09-27-170323-150x150.png\",\"url\":\"https:\\\/\\\/chelso.com.br\\\/site\\\/wp-content\\\/uploads\\\/2024\\\/09\\\/Captura-de-tela-2024-09-27-170323-150x150.png\",\"contentUrl\":\"https:\\\/\\\/chelso.com.br\\\/site\\\/wp-content\\\/uploads\\\/2024\\\/09\\\/Captura-de-tela-2024-09-27-170323-150x150.png\",\"caption\":\"Edilson Rodrigues\"},\"url\":\"https:\\\/\\\/chelso.com.br\\\/site\\\/author\\\/edilson\\\/\"}]}<\/script>\n<!-- \/ Yoast SEO plugin. -->","yoast_head_json":{"title":"Corrida S\u00e3o Vicente Meia Maratona de Americana acontece neste domingo, dia 19 de janeiro - Portal Chelso Sports","robots":{"index":"index","follow":"follow","max-snippet":"max-snippet:-1","max-image-preview":"max-image-preview:large","max-video-preview":"max-video-preview:-1"},"canonical":"https:\/\/chelso.com.br\/site\/corrida-sao-vicente-meia-maratona-acontece-neste-domingo-dia-19-de-janeiro\/","og_locale":"pt_BR","og_type":"article","og_title":"Corrida S\u00e3o Vicente Meia Maratona de Americana acontece neste domingo, dia 19 de janeiro - Portal Chelso Sports","og_description":"A partir das 6h30 ser\u00e1 dada a largada para a primeira edi\u00e7\u00e3o da Corrida S\u00e3o Vicente Meia Maratona de Americana para o percurso de 21 km. O circuito inaugura o calend\u00e1rio das provas no munic\u00edpio e movimenta a regi\u00e3o da Pra\u00e7a Comendador Muller, n\u00ba 78, na Bas\u00edlica de Americana, centro da cidade. Com premia\u00e7\u00e3o em","og_url":"https:\/\/chelso.com.br\/site\/corrida-sao-vicente-meia-maratona-acontece-neste-domingo-dia-19-de-janeiro\/","og_site_name":"Portal Chelso Sports","article_published_time":"2025-01-15T19:07:25+00:00","article_modified_time":"2025-01-15T19:19:51+00:00","og_image":[{"width":1600,"height":1068,"url":"https:\/\/chelso.com.br\/site\/wp-content\/uploads\/2025\/01\/WhatsApp-Image-2025-01-15-at-16.00.40-1.jpeg","type":"image\/jpeg"}],"author":"Edilson Rodrigues","twitter_card":"summary_large_image","twitter_misc":{"Escrito por":"Edilson Rodrigues","Est. tempo de leitura":"3 minutos"},"schema":{"@context":"https:\/\/schema.org","@graph":[{"@type":"Article","@id":"https:\/\/chelso.com.br\/site\/corrida-sao-vicente-meia-maratona-acontece-neste-domingo-dia-19-de-janeiro\/#article","isPartOf":{"@id":"https:\/\/chelso.com.br\/site\/corrida-sao-vicente-meia-maratona-acontece-neste-domingo-dia-19-de-janeiro\/"},"author":{"name":"Edilson Rodrigues","@id":"https:\/\/chelso.com.br\/site\/#\/schema\/person\/a1e459f9cc882778a4f1367cb2ba51e3"},"headline":"Corrida S\u00e3o Vicente Meia Maratona de Americana acontece neste domingo, dia 19 de janeiro","datePublished":"2025-01-15T19:07:25+00:00","dateModified":"2025-01-15T19:19:51+00:00","mainEntityOfPage":{"@id":"https:\/\/chelso.com.br\/site\/corrida-sao-vicente-meia-maratona-acontece-neste-domingo-dia-19-de-janeiro\/"},"wordCount":292,"commentCount":0,"image":{"@id":"https:\/\/chelso.com.br\/site\/corrida-sao-vicente-meia-maratona-acontece-neste-domingo-dia-19-de-janeiro\/#primaryimage"},"thumbnailUrl":"https:\/\/chelso.com.br\/site\/wp-content\/uploads\/2025\/01\/WhatsApp-Image-2025-01-15-at-16.00.40-1.jpeg","articleSection":["Not\u00edcias"],"inLanguage":"pt-BR","potentialAction":[{"@type":"CommentAction","name":"Comment","target":["https:\/\/chelso.com.br\/site\/corrida-sao-vicente-meia-maratona-acontece-neste-domingo-dia-19-de-janeiro\/#respond"]}]},{"@type":"WebPage","@id":"https:\/\/chelso.com.br\/site\/corrida-sao-vicente-meia-maratona-acontece-neste-domingo-dia-19-de-janeiro\/","url":"https:\/\/chelso.com.br\/site\/corrida-sao-vicente-meia-maratona-acontece-neste-domingo-dia-19-de-janeiro\/","name":"Corrida S\u00e3o Vicente Meia Maratona de Americana acontece neste domingo, dia 19 de janeiro - Portal Chelso Sports","isPartOf":{"@id":"https:\/\/chelso.com.br\/site\/#website"},"primaryImageOfPage":{"@id":"https:\/\/chelso.com.br\/site\/corrida-sao-vicente-meia-maratona-acontece-neste-domingo-dia-19-de-janeiro\/#primaryimage"},"image":{"@id":"https:\/\/chelso.com.br\/site\/corrida-sao-vicente-meia-maratona-acontece-neste-domingo-dia-19-de-janeiro\/#primaryimage"},"thumbnailUrl":"https:\/\/chelso.com.br\/site\/wp-content\/uploads\/2025\/01\/WhatsApp-Image-2025-01-15-at-16.00.40-1.jpeg","datePublished":"2025-01-15T19:07:25+00:00","dateModified":"2025-01-15T19:19:51+00:00","author":{"@id":"https:\/\/chelso.com.br\/site\/#\/schema\/person\/a1e459f9cc882778a4f1367cb2ba51e3"},"breadcrumb":{"@id":"https:\/\/chelso.com.br\/site\/corrida-sao-vicente-meia-maratona-acontece-neste-domingo-dia-19-de-janeiro\/#breadcrumb"},"inLanguage":"pt-BR","potentialAction":[{"@type":"ReadAction","target":["https:\/\/chelso.com.br\/site\/corrida-sao-vicente-meia-maratona-acontece-neste-domingo-dia-19-de-janeiro\/"]}]},{"@type":"ImageObject","inLanguage":"pt-BR","@id":"https:\/\/chelso.com.br\/site\/corrida-sao-vicente-meia-maratona-acontece-neste-domingo-dia-19-de-janeiro\/#primaryimage","url":"https:\/\/chelso.com.br\/site\/wp-content\/uploads\/2025\/01\/WhatsApp-Image-2025-01-15-at-16.00.40-1.jpeg","contentUrl":"https:\/\/chelso.com.br\/site\/wp-content\/uploads\/2025\/01\/WhatsApp-Image-2025-01-15-at-16.00.40-1.jpeg","width":1600,"height":1068},{"@type":"BreadcrumbList","@id":"https:\/\/chelso.com.br\/site\/corrida-sao-vicente-meia-maratona-acontece-neste-domingo-dia-19-de-janeiro\/#breadcrumb","itemListElement":[{"@type":"ListItem","position":1,"name":"In\u00edcio","item":"https:\/\/chelso.com.br\/site\/"},{"@type":"ListItem","position":2,"name":"Corrida S\u00e3o Vicente Meia Maratona de Americana acontece neste domingo, dia 19 de janeiro"}]},{"@type":"WebSite","@id":"https:\/\/chelso.com.br\/site\/#website","url":"https:\/\/chelso.com.br\/site\/","name":"Portal Chelso Sports","description":"Conte\u00fado especializado em corrida de rua e triathlon","potentialAction":[{"@type":"SearchAction","target":{"@type":"EntryPoint","urlTemplate":"https:\/\/chelso.com.br\/site\/?s={search_term_string}"},"query-input":{"@type":"PropertyValueSpecification","valueRequired":true,"valueName":"search_term_string"}}],"inLanguage":"pt-BR"},{"@type":"Person","@id":"https:\/\/chelso.com.br\/site\/#\/schema\/person\/a1e459f9cc882778a4f1367cb2ba51e3","name":"Edilson Rodrigues","image":{"@type":"ImageObject","inLanguage":"pt-BR","@id":"https:\/\/chelso.com.br\/site\/wp-content\/uploads\/2024\/09\/Captura-de-tela-2024-09-27-170323-150x150.png","url":"https:\/\/chelso.com.br\/site\/wp-content\/uploads\/2024\/09\/Captura-de-tela-2024-09-27-170323-150x150.png","contentUrl":"https:\/\/chelso.com.br\/site\/wp-content\/uploads\/2024\/09\/Captura-de-tela-2024-09-27-170323-150x150.png","caption":"Edilson Rodrigues"},"url":"https:\/\/chelso.com.br\/site\/author\/edilson\/"}]}},"amp_enabled":true,"_links":{"self":[{"href":"https:\/\/chelso.com.br\/site\/wp-json\/wp\/v2\/posts\/22699","targetHints":{"allow":["GET"]}}],"collection":[{"href":"https:\/\/chelso.com.br\/site\/wp-json\/wp\/v2\/posts"}],"about":[{"href":"https:\/\/chelso.com.br\/site\/wp-json\/wp\/v2\/types\/post"}],"author":[{"embeddable":true,"href":"https:\/\/chelso.com.br\/site\/wp-json\/wp\/v2\/users\/43"}],"replies":[{"embeddable":true,"href":"https:\/\/chelso.com.br\/site\/wp-json\/wp\/v2\/comments?post=22699"}],"version-history":[{"count":6,"href":"https:\/\/chelso.com.br\/site\/wp-json\/wp\/v2\/posts\/22699\/revisions"}],"predecessor-version":[{"id":22709,"href":"https:\/\/chelso.com.br\/site\/wp-json\/wp\/v2\/posts\/22699\/revisions\/22709"}],"wp:featuredmedia":[{"embeddable":true,"href":"https:\/\/chelso.com.br\/site\/wp-json\/wp\/v2\/media\/22700"}],"wp:attachment":[{"href":"https:\/\/chelso.com.br\/site\/wp-json\/wp\/v2\/media?parent=22699"}],"wp:term":[{"taxonomy":"category","embeddable":true,"href":"https:\/\/chelso.com.br\/site\/wp-json\/wp\/v2\/categories?post=22699"},{"taxonomy":"post_tag","embeddable":true,"href":"https:\/\/chelso.com.br\/site\/wp-json\/wp\/v2\/tags?post=22699"}],"curies":[{"name":"wp","href":"https:\/\/api.w.org\/{rel}","templated":true}]}}