{"id":23555,"date":"2025-02-11T17:01:41","date_gmt":"2025-02-11T20:01:41","guid":{"rendered":"https:\/\/chelso.com.br\/site\/?p=23555"},"modified":"2025-02-12T17:56:35","modified_gmt":"2025-02-12T20:56:35","slug":"faca-a-inscricao-para-a-corrida-sao-vicente-39a-volta-pedestre-de-itu","status":"publish","type":"post","link":"https:\/\/chelso.com.br\/site\/faca-a-inscricao-para-a-corrida-sao-vicente-39a-volta-pedestre-de-itu\/","title":{"rendered":"Fa\u00e7a a inscri\u00e7\u00e3o para a Corrida S\u00e3o Vicente 39\u00aa Volta Pedestre de Itu"},"content":{"rendered":"<p style=\"text-align: center;\">As inscri\u00e7\u00f5es est\u00e3o abertas para a Corrida S\u00e3o Vicente 39\u00aa Volta Pedestre de Itu.<\/p>\n<p style=\"text-align: center;\">Essa tradicional corrida de rua do estado de S\u00e3o Paulo est\u00e1 agendada para o dia 23 de fevereiro (domingo) com os percursos de 6,5 km e de 10 km.<\/p>\n<p style=\"text-align: center;\">O evento \u00e9 uma promo\u00e7\u00e3o dos Supermercados S\u00e3o Vicente, com a organiza\u00e7\u00e3o da Chelso Sports e o apoio da Prefeitura Municipal de Itu.<\/p>\n<p style=\"text-align: center;\">Concentra\u00e7\u00e3o \u00e0s 6h, na Rua Suzana Dias, 337 &#8211; Alto, Itu &#8211; SP, 13300-045, com largada a partir das 7h para os dois percursos: 6,5 km e 10 km (masculino e feminino).<\/p>\n<p style=\"text-align: center;\">Venha correr com a gente e fazer parte desta festa do esporte, curtindo a experi\u00eancia de uma prova fant\u00e1stica. No final dos percursos, aproveite um p\u00f3s-prova repleto de produtos selecionados pelos Supermercados S\u00e3o Vicente para garantir a reposi\u00e7\u00e3o de seus nutrientes e da sua hidrata\u00e7\u00e3o.<\/p>\n<p style=\"text-align: center;\">Premia\u00e7\u00e3o geral at\u00e9 o quinto colocado e premia\u00e7\u00e3o por categorias de 5 em 5 anos at\u00e9 a terceira coloca\u00e7\u00e3o.<\/p>\n<p style=\"text-align: center;\">Inscri\u00e7\u00f5es online para participantes com idade m\u00ednima de 16 anos pelo site: <a href=\"http:\/\/www.chelso.com.br\">www.chelso.com.br<\/a><\/p>\n<p style=\"text-align: center;\"><strong>RETIRADA DE KITS:<\/strong><\/p>\n<p style=\"text-align: center;\"><strong>Dias:<\/strong><\/p>\n<p style=\"text-align: center;\">21 e 22 de fevereiro de 2025<\/p>\n<p style=\"text-align: center;\"><strong>Hor\u00e1rios:<\/strong><\/p>\n<p style=\"text-align: center;\">21 e 22\/2, das 10h \u00e0s 15h<\/p>\n<p style=\"text-align: center;\"><strong>Local:<\/strong><\/p>\n<p style=\"text-align: center;\">Supermercados S\u00e3o Vicente, unidade localizada a avenida Eugen Wissmann, 600, no bairro S\u00e3o Luiz, Itu.<\/p>\n<p style=\"text-align: center;\"><strong>Cr\u00e9dito fotos:<\/strong>\u00a0ChelsoSports.com.br<\/p>\n<p style=\"text-align: center;\"><strong>\u00a0<\/strong><\/p>\n<p style=\"text-align: center;\"><strong>Assessoria de Imprensa Chelso Sports &amp; Business<\/strong><\/p>\n<p style=\"text-align: center;\">Jornalista Edilson Rodrigues de Morais<\/p>\n<p style=\"text-align: center;\">(19) 99706.1570 \u2013 <a href=\"http:\/\/www.chelso.com.br\">www.chelso.com.br<\/a><\/p>\n","protected":false},"excerpt":{"rendered":"<p>As inscri\u00e7\u00f5es est\u00e3o abertas para a Corrida S\u00e3o Vicente 39\u00aa Volta Pedestre de Itu. Essa tradicional corrida de rua do estado de S\u00e3o Paulo est\u00e1 agendada para o dia 23 de fevereiro (domingo) com os percursos de 6,5 km e de 10 km. O evento \u00e9 uma promo\u00e7\u00e3o dos Supermercados S\u00e3o Vicente, com a organiza\u00e7\u00e3o<\/p>\n","protected":false},"author":43,"featured_media":23556,"comment_status":"open","ping_status":"closed","sticky":false,"template":"","format":"standard","meta":{"om_disable_all_campaigns":false,"_monsterinsights_skip_tracking":false,"_monsterinsights_sitenote_active":false,"_monsterinsights_sitenote_note":"","_monsterinsights_sitenote_category":0,"footnotes":""},"categories":[30],"tags":[4622,4646],"class_list":{"0":"post-23555","1":"post","2":"type-post","3":"status-publish","4":"format-standard","5":"has-post-thumbnail","7":"category-noticias","8":"tag-chelso-itu-saovicente-corrida-39a","9":"tag-voltapedestreitu"},"aioseo_notices":[],"yoast_head":"<!-- This site is optimized with the Yoast SEO plugin v27.5 - https:\/\/yoast.com\/product\/yoast-seo-wordpress\/ -->\n<title>Fa\u00e7a a inscri\u00e7\u00e3o para a Corrida S\u00e3o Vicente 39\u00aa Volta Pedestre de Itu - Portal Chelso Sports<\/title>\n<meta name=\"robots\" content=\"index, follow, max-snippet:-1, max-image-preview:large, max-video-preview:-1\" \/>\n<link rel=\"canonical\" href=\"https:\/\/chelso.com.br\/site\/faca-a-inscricao-para-a-corrida-sao-vicente-39a-volta-pedestre-de-itu\/\" \/>\n<meta property=\"og:locale\" content=\"pt_BR\" \/>\n<meta property=\"og:type\" content=\"article\" \/>\n<meta property=\"og:title\" content=\"Fa\u00e7a a inscri\u00e7\u00e3o para a Corrida S\u00e3o Vicente 39\u00aa Volta Pedestre de Itu - Portal Chelso Sports\" \/>\n<meta property=\"og:description\" content=\"As inscri\u00e7\u00f5es est\u00e3o abertas para a Corrida S\u00e3o Vicente 39\u00aa Volta Pedestre de Itu. Essa tradicional corrida de rua do estado de S\u00e3o Paulo est\u00e1 agendada para o dia 23 de fevereiro (domingo) com os percursos de 6,5 km e de 10 km. O evento \u00e9 uma promo\u00e7\u00e3o dos Supermercados S\u00e3o Vicente, com a organiza\u00e7\u00e3o\" \/>\n<meta property=\"og:url\" content=\"https:\/\/chelso.com.br\/site\/faca-a-inscricao-para-a-corrida-sao-vicente-39a-volta-pedestre-de-itu\/\" \/>\n<meta property=\"og:site_name\" content=\"Portal Chelso Sports\" \/>\n<meta property=\"article:published_time\" content=\"2025-02-11T20:01:41+00:00\" \/>\n<meta property=\"article:modified_time\" content=\"2025-02-12T20:56:35+00:00\" \/>\n<meta property=\"og:image\" content=\"https:\/\/chelso.com.br\/site\/wp-content\/uploads\/2025\/02\/QMGL2BGI0N2K5S37WZ1A4UOD05F9UBF32GW8GY55W70EKBCQ7M-1536x639-2.png\" \/>\n\t<meta property=\"og:image:width\" content=\"1536\" \/>\n\t<meta property=\"og:image:height\" content=\"639\" \/>\n\t<meta property=\"og:image:type\" content=\"image\/png\" \/>\n<meta name=\"author\" content=\"Edilson Rodrigues\" \/>\n<meta name=\"twitter:card\" content=\"summary_large_image\" \/>\n<meta name=\"twitter:label1\" content=\"Escrito por\" \/>\n\t<meta name=\"twitter:data1\" content=\"Edilson Rodrigues\" \/>\n\t<meta name=\"twitter:label2\" content=\"Est. tempo de leitura\" \/>\n\t<meta name=\"twitter:data2\" content=\"2 minutos\" \/>\n<script type=\"application\/ld+json\" class=\"yoast-schema-graph\">{\"@context\":\"https:\\\/\\\/schema.org\",\"@graph\":[{\"@type\":\"Article\",\"@id\":\"https:\\\/\\\/chelso.com.br\\\/site\\\/faca-a-inscricao-para-a-corrida-sao-vicente-39a-volta-pedestre-de-itu\\\/#article\",\"isPartOf\":{\"@id\":\"https:\\\/\\\/chelso.com.br\\\/site\\\/faca-a-inscricao-para-a-corrida-sao-vicente-39a-volta-pedestre-de-itu\\\/\"},\"author\":{\"name\":\"Edilson Rodrigues\",\"@id\":\"https:\\\/\\\/chelso.com.br\\\/site\\\/#\\\/schema\\\/person\\\/a1e459f9cc882778a4f1367cb2ba51e3\"},\"headline\":\"Fa\u00e7a a inscri\u00e7\u00e3o para a Corrida S\u00e3o Vicente 39\u00aa Volta Pedestre de Itu\",\"datePublished\":\"2025-02-11T20:01:41+00:00\",\"dateModified\":\"2025-02-12T20:56:35+00:00\",\"mainEntityOfPage\":{\"@id\":\"https:\\\/\\\/chelso.com.br\\\/site\\\/faca-a-inscricao-para-a-corrida-sao-vicente-39a-volta-pedestre-de-itu\\\/\"},\"wordCount\":255,\"commentCount\":0,\"image\":{\"@id\":\"https:\\\/\\\/chelso.com.br\\\/site\\\/faca-a-inscricao-para-a-corrida-sao-vicente-39a-volta-pedestre-de-itu\\\/#primaryimage\"},\"thumbnailUrl\":\"https:\\\/\\\/chelso.com.br\\\/site\\\/wp-content\\\/uploads\\\/2025\\\/02\\\/QMGL2BGI0N2K5S37WZ1A4UOD05F9UBF32GW8GY55W70EKBCQ7M-1536x639-2.png\",\"keywords\":[\"chelso; itu; saovicente; corrida; 39\u00aa\",\"voltapedestreitu\"],\"articleSection\":[\"Not\u00edcias\"],\"inLanguage\":\"pt-BR\",\"potentialAction\":[{\"@type\":\"CommentAction\",\"name\":\"Comment\",\"target\":[\"https:\\\/\\\/chelso.com.br\\\/site\\\/faca-a-inscricao-para-a-corrida-sao-vicente-39a-volta-pedestre-de-itu\\\/#respond\"]}]},{\"@type\":\"WebPage\",\"@id\":\"https:\\\/\\\/chelso.com.br\\\/site\\\/faca-a-inscricao-para-a-corrida-sao-vicente-39a-volta-pedestre-de-itu\\\/\",\"url\":\"https:\\\/\\\/chelso.com.br\\\/site\\\/faca-a-inscricao-para-a-corrida-sao-vicente-39a-volta-pedestre-de-itu\\\/\",\"name\":\"Fa\u00e7a a inscri\u00e7\u00e3o para a Corrida S\u00e3o Vicente 39\u00aa Volta Pedestre de Itu - Portal Chelso Sports\",\"isPartOf\":{\"@id\":\"https:\\\/\\\/chelso.com.br\\\/site\\\/#website\"},\"primaryImageOfPage\":{\"@id\":\"https:\\\/\\\/chelso.com.br\\\/site\\\/faca-a-inscricao-para-a-corrida-sao-vicente-39a-volta-pedestre-de-itu\\\/#primaryimage\"},\"image\":{\"@id\":\"https:\\\/\\\/chelso.com.br\\\/site\\\/faca-a-inscricao-para-a-corrida-sao-vicente-39a-volta-pedestre-de-itu\\\/#primaryimage\"},\"thumbnailUrl\":\"https:\\\/\\\/chelso.com.br\\\/site\\\/wp-content\\\/uploads\\\/2025\\\/02\\\/QMGL2BGI0N2K5S37WZ1A4UOD05F9UBF32GW8GY55W70EKBCQ7M-1536x639-2.png\",\"datePublished\":\"2025-02-11T20:01:41+00:00\",\"dateModified\":\"2025-02-12T20:56:35+00:00\",\"author\":{\"@id\":\"https:\\\/\\\/chelso.com.br\\\/site\\\/#\\\/schema\\\/person\\\/a1e459f9cc882778a4f1367cb2ba51e3\"},\"breadcrumb\":{\"@id\":\"https:\\\/\\\/chelso.com.br\\\/site\\\/faca-a-inscricao-para-a-corrida-sao-vicente-39a-volta-pedestre-de-itu\\\/#breadcrumb\"},\"inLanguage\":\"pt-BR\",\"potentialAction\":[{\"@type\":\"ReadAction\",\"target\":[\"https:\\\/\\\/chelso.com.br\\\/site\\\/faca-a-inscricao-para-a-corrida-sao-vicente-39a-volta-pedestre-de-itu\\\/\"]}]},{\"@type\":\"ImageObject\",\"inLanguage\":\"pt-BR\",\"@id\":\"https:\\\/\\\/chelso.com.br\\\/site\\\/faca-a-inscricao-para-a-corrida-sao-vicente-39a-volta-pedestre-de-itu\\\/#primaryimage\",\"url\":\"https:\\\/\\\/chelso.com.br\\\/site\\\/wp-content\\\/uploads\\\/2025\\\/02\\\/QMGL2BGI0N2K5S37WZ1A4UOD05F9UBF32GW8GY55W70EKBCQ7M-1536x639-2.png\",\"contentUrl\":\"https:\\\/\\\/chelso.com.br\\\/site\\\/wp-content\\\/uploads\\\/2025\\\/02\\\/QMGL2BGI0N2K5S37WZ1A4UOD05F9UBF32GW8GY55W70EKBCQ7M-1536x639-2.png\",\"width\":1536,\"height\":639},{\"@type\":\"BreadcrumbList\",\"@id\":\"https:\\\/\\\/chelso.com.br\\\/site\\\/faca-a-inscricao-para-a-corrida-sao-vicente-39a-volta-pedestre-de-itu\\\/#breadcrumb\",\"itemListElement\":[{\"@type\":\"ListItem\",\"position\":1,\"name\":\"In\u00edcio\",\"item\":\"https:\\\/\\\/chelso.com.br\\\/site\\\/\"},{\"@type\":\"ListItem\",\"position\":2,\"name\":\"Fa\u00e7a a inscri\u00e7\u00e3o para a Corrida S\u00e3o Vicente 39\u00aa Volta Pedestre de Itu\"}]},{\"@type\":\"WebSite\",\"@id\":\"https:\\\/\\\/chelso.com.br\\\/site\\\/#website\",\"url\":\"https:\\\/\\\/chelso.com.br\\\/site\\\/\",\"name\":\"Portal Chelso Sports\",\"description\":\"Conte\u00fado especializado em corrida de rua e triathlon\",\"potentialAction\":[{\"@type\":\"SearchAction\",\"target\":{\"@type\":\"EntryPoint\",\"urlTemplate\":\"https:\\\/\\\/chelso.com.br\\\/site\\\/?s={search_term_string}\"},\"query-input\":{\"@type\":\"PropertyValueSpecification\",\"valueRequired\":true,\"valueName\":\"search_term_string\"}}],\"inLanguage\":\"pt-BR\"},{\"@type\":\"Person\",\"@id\":\"https:\\\/\\\/chelso.com.br\\\/site\\\/#\\\/schema\\\/person\\\/a1e459f9cc882778a4f1367cb2ba51e3\",\"name\":\"Edilson Rodrigues\",\"image\":{\"@type\":\"ImageObject\",\"inLanguage\":\"pt-BR\",\"@id\":\"https:\\\/\\\/chelso.com.br\\\/site\\\/wp-content\\\/uploads\\\/2024\\\/09\\\/Captura-de-tela-2024-09-27-170323-150x150.png\",\"url\":\"https:\\\/\\\/chelso.com.br\\\/site\\\/wp-content\\\/uploads\\\/2024\\\/09\\\/Captura-de-tela-2024-09-27-170323-150x150.png\",\"contentUrl\":\"https:\\\/\\\/chelso.com.br\\\/site\\\/wp-content\\\/uploads\\\/2024\\\/09\\\/Captura-de-tela-2024-09-27-170323-150x150.png\",\"caption\":\"Edilson Rodrigues\"},\"url\":\"https:\\\/\\\/chelso.com.br\\\/site\\\/author\\\/edilson\\\/\"}]}<\/script>\n<!-- \/ Yoast SEO plugin. -->","yoast_head_json":{"title":"Fa\u00e7a a inscri\u00e7\u00e3o para a Corrida S\u00e3o Vicente 39\u00aa Volta Pedestre de Itu - Portal Chelso Sports","robots":{"index":"index","follow":"follow","max-snippet":"max-snippet:-1","max-image-preview":"max-image-preview:large","max-video-preview":"max-video-preview:-1"},"canonical":"https:\/\/chelso.com.br\/site\/faca-a-inscricao-para-a-corrida-sao-vicente-39a-volta-pedestre-de-itu\/","og_locale":"pt_BR","og_type":"article","og_title":"Fa\u00e7a a inscri\u00e7\u00e3o para a Corrida S\u00e3o Vicente 39\u00aa Volta Pedestre de Itu - Portal Chelso Sports","og_description":"As inscri\u00e7\u00f5es est\u00e3o abertas para a Corrida S\u00e3o Vicente 39\u00aa Volta Pedestre de Itu. Essa tradicional corrida de rua do estado de S\u00e3o Paulo est\u00e1 agendada para o dia 23 de fevereiro (domingo) com os percursos de 6,5 km e de 10 km. O evento \u00e9 uma promo\u00e7\u00e3o dos Supermercados S\u00e3o Vicente, com a organiza\u00e7\u00e3o","og_url":"https:\/\/chelso.com.br\/site\/faca-a-inscricao-para-a-corrida-sao-vicente-39a-volta-pedestre-de-itu\/","og_site_name":"Portal Chelso Sports","article_published_time":"2025-02-11T20:01:41+00:00","article_modified_time":"2025-02-12T20:56:35+00:00","og_image":[{"width":1536,"height":639,"url":"https:\/\/chelso.com.br\/site\/wp-content\/uploads\/2025\/02\/QMGL2BGI0N2K5S37WZ1A4UOD05F9UBF32GW8GY55W70EKBCQ7M-1536x639-2.png","type":"image\/png"}],"author":"Edilson Rodrigues","twitter_card":"summary_large_image","twitter_misc":{"Escrito por":"Edilson Rodrigues","Est. tempo de leitura":"2 minutos"},"schema":{"@context":"https:\/\/schema.org","@graph":[{"@type":"Article","@id":"https:\/\/chelso.com.br\/site\/faca-a-inscricao-para-a-corrida-sao-vicente-39a-volta-pedestre-de-itu\/#article","isPartOf":{"@id":"https:\/\/chelso.com.br\/site\/faca-a-inscricao-para-a-corrida-sao-vicente-39a-volta-pedestre-de-itu\/"},"author":{"name":"Edilson Rodrigues","@id":"https:\/\/chelso.com.br\/site\/#\/schema\/person\/a1e459f9cc882778a4f1367cb2ba51e3"},"headline":"Fa\u00e7a a inscri\u00e7\u00e3o para a Corrida S\u00e3o Vicente 39\u00aa Volta Pedestre de Itu","datePublished":"2025-02-11T20:01:41+00:00","dateModified":"2025-02-12T20:56:35+00:00","mainEntityOfPage":{"@id":"https:\/\/chelso.com.br\/site\/faca-a-inscricao-para-a-corrida-sao-vicente-39a-volta-pedestre-de-itu\/"},"wordCount":255,"commentCount":0,"image":{"@id":"https:\/\/chelso.com.br\/site\/faca-a-inscricao-para-a-corrida-sao-vicente-39a-volta-pedestre-de-itu\/#primaryimage"},"thumbnailUrl":"https:\/\/chelso.com.br\/site\/wp-content\/uploads\/2025\/02\/QMGL2BGI0N2K5S37WZ1A4UOD05F9UBF32GW8GY55W70EKBCQ7M-1536x639-2.png","keywords":["chelso; itu; saovicente; corrida; 39\u00aa","voltapedestreitu"],"articleSection":["Not\u00edcias"],"inLanguage":"pt-BR","potentialAction":[{"@type":"CommentAction","name":"Comment","target":["https:\/\/chelso.com.br\/site\/faca-a-inscricao-para-a-corrida-sao-vicente-39a-volta-pedestre-de-itu\/#respond"]}]},{"@type":"WebPage","@id":"https:\/\/chelso.com.br\/site\/faca-a-inscricao-para-a-corrida-sao-vicente-39a-volta-pedestre-de-itu\/","url":"https:\/\/chelso.com.br\/site\/faca-a-inscricao-para-a-corrida-sao-vicente-39a-volta-pedestre-de-itu\/","name":"Fa\u00e7a a inscri\u00e7\u00e3o para a Corrida S\u00e3o Vicente 39\u00aa Volta Pedestre de Itu - Portal Chelso Sports","isPartOf":{"@id":"https:\/\/chelso.com.br\/site\/#website"},"primaryImageOfPage":{"@id":"https:\/\/chelso.com.br\/site\/faca-a-inscricao-para-a-corrida-sao-vicente-39a-volta-pedestre-de-itu\/#primaryimage"},"image":{"@id":"https:\/\/chelso.com.br\/site\/faca-a-inscricao-para-a-corrida-sao-vicente-39a-volta-pedestre-de-itu\/#primaryimage"},"thumbnailUrl":"https:\/\/chelso.com.br\/site\/wp-content\/uploads\/2025\/02\/QMGL2BGI0N2K5S37WZ1A4UOD05F9UBF32GW8GY55W70EKBCQ7M-1536x639-2.png","datePublished":"2025-02-11T20:01:41+00:00","dateModified":"2025-02-12T20:56:35+00:00","author":{"@id":"https:\/\/chelso.com.br\/site\/#\/schema\/person\/a1e459f9cc882778a4f1367cb2ba51e3"},"breadcrumb":{"@id":"https:\/\/chelso.com.br\/site\/faca-a-inscricao-para-a-corrida-sao-vicente-39a-volta-pedestre-de-itu\/#breadcrumb"},"inLanguage":"pt-BR","potentialAction":[{"@type":"ReadAction","target":["https:\/\/chelso.com.br\/site\/faca-a-inscricao-para-a-corrida-sao-vicente-39a-volta-pedestre-de-itu\/"]}]},{"@type":"ImageObject","inLanguage":"pt-BR","@id":"https:\/\/chelso.com.br\/site\/faca-a-inscricao-para-a-corrida-sao-vicente-39a-volta-pedestre-de-itu\/#primaryimage","url":"https:\/\/chelso.com.br\/site\/wp-content\/uploads\/2025\/02\/QMGL2BGI0N2K5S37WZ1A4UOD05F9UBF32GW8GY55W70EKBCQ7M-1536x639-2.png","contentUrl":"https:\/\/chelso.com.br\/site\/wp-content\/uploads\/2025\/02\/QMGL2BGI0N2K5S37WZ1A4UOD05F9UBF32GW8GY55W70EKBCQ7M-1536x639-2.png","width":1536,"height":639},{"@type":"BreadcrumbList","@id":"https:\/\/chelso.com.br\/site\/faca-a-inscricao-para-a-corrida-sao-vicente-39a-volta-pedestre-de-itu\/#breadcrumb","itemListElement":[{"@type":"ListItem","position":1,"name":"In\u00edcio","item":"https:\/\/chelso.com.br\/site\/"},{"@type":"ListItem","position":2,"name":"Fa\u00e7a a inscri\u00e7\u00e3o para a Corrida S\u00e3o Vicente 39\u00aa Volta Pedestre de Itu"}]},{"@type":"WebSite","@id":"https:\/\/chelso.com.br\/site\/#website","url":"https:\/\/chelso.com.br\/site\/","name":"Portal Chelso Sports","description":"Conte\u00fado especializado em corrida de rua e triathlon","potentialAction":[{"@type":"SearchAction","target":{"@type":"EntryPoint","urlTemplate":"https:\/\/chelso.com.br\/site\/?s={search_term_string}"},"query-input":{"@type":"PropertyValueSpecification","valueRequired":true,"valueName":"search_term_string"}}],"inLanguage":"pt-BR"},{"@type":"Person","@id":"https:\/\/chelso.com.br\/site\/#\/schema\/person\/a1e459f9cc882778a4f1367cb2ba51e3","name":"Edilson Rodrigues","image":{"@type":"ImageObject","inLanguage":"pt-BR","@id":"https:\/\/chelso.com.br\/site\/wp-content\/uploads\/2024\/09\/Captura-de-tela-2024-09-27-170323-150x150.png","url":"https:\/\/chelso.com.br\/site\/wp-content\/uploads\/2024\/09\/Captura-de-tela-2024-09-27-170323-150x150.png","contentUrl":"https:\/\/chelso.com.br\/site\/wp-content\/uploads\/2024\/09\/Captura-de-tela-2024-09-27-170323-150x150.png","caption":"Edilson Rodrigues"},"url":"https:\/\/chelso.com.br\/site\/author\/edilson\/"}]}},"amp_enabled":true,"_links":{"self":[{"href":"https:\/\/chelso.com.br\/site\/wp-json\/wp\/v2\/posts\/23555","targetHints":{"allow":["GET"]}}],"collection":[{"href":"https:\/\/chelso.com.br\/site\/wp-json\/wp\/v2\/posts"}],"about":[{"href":"https:\/\/chelso.com.br\/site\/wp-json\/wp\/v2\/types\/post"}],"author":[{"embeddable":true,"href":"https:\/\/chelso.com.br\/site\/wp-json\/wp\/v2\/users\/43"}],"replies":[{"embeddable":true,"href":"https:\/\/chelso.com.br\/site\/wp-json\/wp\/v2\/comments?post=23555"}],"version-history":[{"count":5,"href":"https:\/\/chelso.com.br\/site\/wp-json\/wp\/v2\/posts\/23555\/revisions"}],"predecessor-version":[{"id":23585,"href":"https:\/\/chelso.com.br\/site\/wp-json\/wp\/v2\/posts\/23555\/revisions\/23585"}],"wp:featuredmedia":[{"embeddable":true,"href":"https:\/\/chelso.com.br\/site\/wp-json\/wp\/v2\/media\/23556"}],"wp:attachment":[{"href":"https:\/\/chelso.com.br\/site\/wp-json\/wp\/v2\/media?parent=23555"}],"wp:term":[{"taxonomy":"category","embeddable":true,"href":"https:\/\/chelso.com.br\/site\/wp-json\/wp\/v2\/categories?post=23555"},{"taxonomy":"post_tag","embeddable":true,"href":"https:\/\/chelso.com.br\/site\/wp-json\/wp\/v2\/tags?post=23555"}],"curies":[{"name":"wp","href":"https:\/\/api.w.org\/{rel}","templated":true}]}}