{"id":23868,"date":"2025-02-24T15:06:00","date_gmt":"2025-02-24T18:06:00","guid":{"rendered":"https:\/\/chelso.com.br\/site\/?p=23868"},"modified":"2025-02-24T15:08:54","modified_gmt":"2025-02-24T18:08:54","slug":"os-vencedores-da-corrida-sao-vicente-39a-volta-pedestre-de-itu","status":"publish","type":"post","link":"https:\/\/chelso.com.br\/site\/os-vencedores-da-corrida-sao-vicente-39a-volta-pedestre-de-itu\/","title":{"rendered":"Os vencedores da Corrida S\u00e3o Vicente 39\u00aa Volta Pedestre de Itu"},"content":{"rendered":"<p style=\"text-align: center;\">A tradicional Corrida S\u00e3o Vicente 39\u00aa Volta Pedestre de Itu j\u00e1 conhece os seus campe\u00f5es e campe\u00e3s.<\/p>\n<p style=\"text-align: center;\">A prova disputada no domingo, dia 23 de fevereiro, foi um tremendo sucesso com a promo\u00e7\u00e3o dos Supermercados S\u00e3o Vicente. A organiza\u00e7\u00e3o ficou a cargo da Chelso Sports &amp; Business e com o apoio da Prefeitura Municipal de Itu.<\/p>\n<p style=\"text-align: center;\">Para conferir todos os resultados (6,5 km e 10 km) no masculino e no feminino, basta acessar: <a href=\"https:\/\/chelso.com.br\/resultados\/#\/\">https:\/\/chelso.com.br\/resultados\/#\/<\/a><\/p>\n<p><img fetchpriority=\"high\" decoding=\"async\" class=\" wp-image-23870 aligncenter\" src=\"https:\/\/chelso.com.br\/site\/wp-content\/uploads\/2025\/02\/WhatsApp-Image-2025-02-24-at-14.50.02-300x200.jpeg\" alt=\"\" width=\"447\" height=\"298\" srcset=\"https:\/\/chelso.com.br\/site\/wp-content\/uploads\/2025\/02\/WhatsApp-Image-2025-02-24-at-14.50.02-300x200.jpeg 300w, https:\/\/chelso.com.br\/site\/wp-content\/uploads\/2025\/02\/WhatsApp-Image-2025-02-24-at-14.50.02-1024x682.jpeg 1024w, https:\/\/chelso.com.br\/site\/wp-content\/uploads\/2025\/02\/WhatsApp-Image-2025-02-24-at-14.50.02-1536x1022.jpeg 1536w, https:\/\/chelso.com.br\/site\/wp-content\/uploads\/2025\/02\/WhatsApp-Image-2025-02-24-at-14.50.02-150x100.jpeg 150w, https:\/\/chelso.com.br\/site\/wp-content\/uploads\/2025\/02\/WhatsApp-Image-2025-02-24-at-14.50.02-450x300.jpeg 450w, https:\/\/chelso.com.br\/site\/wp-content\/uploads\/2025\/02\/WhatsApp-Image-2025-02-24-at-14.50.02-1200x799.jpeg 1200w, https:\/\/chelso.com.br\/site\/wp-content\/uploads\/2025\/02\/WhatsApp-Image-2025-02-24-at-14.50.02-768x511.jpeg 768w, https:\/\/chelso.com.br\/site\/wp-content\/uploads\/2025\/02\/WhatsApp-Image-2025-02-24-at-14.50.02.jpeg 1600w\" sizes=\"(max-width: 447px) 100vw, 447px\" \/><\/p>\n<p style=\"text-align: center;\"><strong>RESULTADOS GERAIS:<\/strong><\/p>\n<p style=\"text-align: center;\"><strong>Masculino 6,5 km:<\/strong><\/p>\n<p style=\"text-align: center;\">1\u00ba Colocado: Renato da Silva (21:14)<\/p>\n<p style=\"text-align: center;\">2\u00ba Colocado: Ronaldo Cristiano Guizo (21:41)<\/p>\n<p style=\"text-align: center;\">3\u00ba Colocado: Edson Sousa Alves (21:48)<\/p>\n<p style=\"text-align: center;\">4\u00ba Colocado: Robson C\u00e1ssio de Souza Santos (22:00)<\/p>\n<p style=\"text-align: center;\">5\u00ba Colocado: Dejair Alves Mazaia (22:01)<\/p>\n<p style=\"text-align: center;\"><strong>Feminino 6,5 km:<\/strong><\/p>\n<p style=\"text-align: center;\">1\u00ba Colocado: Solange Bento Bela (25:05)<\/p>\n<p style=\"text-align: center;\">2\u00ba Colocado: Thais Vidotto Baggio (26:46)<\/p>\n<p style=\"text-align: center;\">3\u00ba Colocado: Maria Eduarda da Silva (27:38)<\/p>\n<p style=\"text-align: center;\">4\u00ba Colocado: Juliana A. S. Cardoso (28:05)<\/p>\n<p style=\"text-align: center;\">5\u00ba Colocado: Ta\u00eds Teixeira de Souza (28:25)<\/p>\n<p><img decoding=\"async\" class=\" wp-image-23871 aligncenter\" src=\"https:\/\/chelso.com.br\/site\/wp-content\/uploads\/2025\/02\/WhatsApp-Image-2025-02-24-at-14.49.45-300x200.jpeg\" alt=\"\" width=\"434\" height=\"289\" srcset=\"https:\/\/chelso.com.br\/site\/wp-content\/uploads\/2025\/02\/WhatsApp-Image-2025-02-24-at-14.49.45-300x200.jpeg 300w, https:\/\/chelso.com.br\/site\/wp-content\/uploads\/2025\/02\/WhatsApp-Image-2025-02-24-at-14.49.45-1024x682.jpeg 1024w, https:\/\/chelso.com.br\/site\/wp-content\/uploads\/2025\/02\/WhatsApp-Image-2025-02-24-at-14.49.45-1536x1022.jpeg 1536w, https:\/\/chelso.com.br\/site\/wp-content\/uploads\/2025\/02\/WhatsApp-Image-2025-02-24-at-14.49.45-150x100.jpeg 150w, https:\/\/chelso.com.br\/site\/wp-content\/uploads\/2025\/02\/WhatsApp-Image-2025-02-24-at-14.49.45-450x300.jpeg 450w, https:\/\/chelso.com.br\/site\/wp-content\/uploads\/2025\/02\/WhatsApp-Image-2025-02-24-at-14.49.45-1200x799.jpeg 1200w, https:\/\/chelso.com.br\/site\/wp-content\/uploads\/2025\/02\/WhatsApp-Image-2025-02-24-at-14.49.45-768x511.jpeg 768w, https:\/\/chelso.com.br\/site\/wp-content\/uploads\/2025\/02\/WhatsApp-Image-2025-02-24-at-14.49.45.jpeg 1600w\" sizes=\"(max-width: 434px) 100vw, 434px\" \/><\/p>\n<p style=\"text-align: center;\"><strong>Masculino 10 km:<\/strong><\/p>\n<p style=\"text-align: center;\">1\u00ba Colocado: Cristiano da Silva Almeida (33:45)<\/p>\n<p style=\"text-align: center;\">2\u00ba Colocado: Gilberto da Silva Roque (33:52)<\/p>\n<p style=\"text-align: center;\">3\u00ba Colocado: Jos\u00e9 Alef Te\u00f3filo de Jesus (34:14)<\/p>\n<p style=\"text-align: center;\">4\u00ba Colocado: William Carlos Bueno Lisboa (35:45)<\/p>\n<p style=\"text-align: center;\">5\u00ba Colocado: Pedro Manoel de Toledo Simon (36:02)<\/p>\n<p style=\"text-align: center;\"><strong>Feminino 10 km:<\/strong><\/p>\n<p style=\"text-align: center;\">1\u00ba Colocado: Daiane M. Z. Piovezane (41:20)<\/p>\n<p style=\"text-align: center;\">2\u00ba Colocado: Raquel Barreto de Oliveira (41:56)<\/p>\n<p style=\"text-align: center;\">3\u00ba Colocado: Adriana Vidal da Silva (43:25)<\/p>\n<p style=\"text-align: center;\">4\u00ba Colocado: Maria Leite Emidia (44:08)<\/p>\n<p style=\"text-align: center;\">5\u00ba Colocado: Karla Tasseli Ortolan Coelho (44:29)<\/p>\n<p style=\"text-align: center;\"><strong>Cr\u00e9dito fotos:<\/strong>\u00a0ChelsoSports.com.br<\/p>\n<p style=\"text-align: center;\"><strong>\u00a0<\/strong><\/p>\n<p style=\"text-align: center;\"><strong>Assessoria de Imprensa Chelso Sports &amp; Business<\/strong><\/p>\n<p style=\"text-align: center;\">Jornalista Edilson Rodrigues de Morais<\/p>\n<p style=\"text-align: center;\">(19) 99706.1570 \u2013 <a href=\"http:\/\/www.chelso.com.br\">www.chelso.com.br<\/a><\/p>\n","protected":false},"excerpt":{"rendered":"<p>A tradicional Corrida S\u00e3o Vicente 39\u00aa Volta Pedestre de Itu j\u00e1 conhece os seus campe\u00f5es e campe\u00e3s. A prova disputada no domingo, dia 23 de fevereiro, foi um tremendo sucesso com a promo\u00e7\u00e3o dos Supermercados S\u00e3o Vicente. A organiza\u00e7\u00e3o ficou a cargo da Chelso Sports &amp; Business e com o apoio da Prefeitura Municipal de<\/p>\n","protected":false},"author":43,"featured_media":23869,"comment_status":"open","ping_status":"closed","sticky":false,"template":"","format":"standard","meta":{"om_disable_all_campaigns":false,"_monsterinsights_skip_tracking":false,"_monsterinsights_sitenote_active":false,"_monsterinsights_sitenote_note":"","_monsterinsights_sitenote_category":0,"footnotes":""},"categories":[30],"tags":[4711],"class_list":{"0":"post-23868","1":"post","2":"type-post","3":"status-publish","4":"format-standard","5":"has-post-thumbnail","7":"category-noticias","8":"tag-saovicente-saovicente-resultados-voltapedestre-voltapedestreitu-chelso-pedestrianismo"},"aioseo_notices":[],"yoast_head":"<!-- This site is optimized with the Yoast SEO plugin v27.5 - https:\/\/yoast.com\/product\/yoast-seo-wordpress\/ -->\n<title>Os vencedores da Corrida S\u00e3o Vicente 39\u00aa Volta Pedestre de Itu - Portal Chelso Sports<\/title>\n<meta name=\"robots\" content=\"index, follow, max-snippet:-1, max-image-preview:large, max-video-preview:-1\" \/>\n<link rel=\"canonical\" href=\"https:\/\/chelso.com.br\/site\/os-vencedores-da-corrida-sao-vicente-39a-volta-pedestre-de-itu\/\" \/>\n<meta property=\"og:locale\" content=\"pt_BR\" \/>\n<meta property=\"og:type\" content=\"article\" \/>\n<meta property=\"og:title\" content=\"Os vencedores da Corrida S\u00e3o Vicente 39\u00aa Volta Pedestre de Itu - Portal Chelso Sports\" \/>\n<meta property=\"og:description\" content=\"A tradicional Corrida S\u00e3o Vicente 39\u00aa Volta Pedestre de Itu j\u00e1 conhece os seus campe\u00f5es e campe\u00e3s. A prova disputada no domingo, dia 23 de fevereiro, foi um tremendo sucesso com a promo\u00e7\u00e3o dos Supermercados S\u00e3o Vicente. A organiza\u00e7\u00e3o ficou a cargo da Chelso Sports &amp; Business e com o apoio da Prefeitura Municipal de\" \/>\n<meta property=\"og:url\" content=\"https:\/\/chelso.com.br\/site\/os-vencedores-da-corrida-sao-vicente-39a-volta-pedestre-de-itu\/\" \/>\n<meta property=\"og:site_name\" content=\"Portal Chelso Sports\" \/>\n<meta property=\"article:published_time\" content=\"2025-02-24T18:06:00+00:00\" \/>\n<meta property=\"article:modified_time\" content=\"2025-02-24T18:08:54+00:00\" \/>\n<meta property=\"og:image\" content=\"https:\/\/chelso.com.br\/site\/wp-content\/uploads\/2025\/02\/WhatsApp-Image-2025-02-24-at-14.50.31.jpeg\" \/>\n\t<meta property=\"og:image:width\" content=\"1600\" \/>\n\t<meta property=\"og:image:height\" content=\"1065\" \/>\n\t<meta property=\"og:image:type\" content=\"image\/jpeg\" \/>\n<meta name=\"author\" content=\"Edilson Rodrigues\" \/>\n<meta name=\"twitter:card\" content=\"summary_large_image\" \/>\n<meta name=\"twitter:label1\" content=\"Escrito por\" \/>\n\t<meta name=\"twitter:data1\" content=\"Edilson Rodrigues\" \/>\n\t<meta name=\"twitter:label2\" content=\"Est. tempo de leitura\" \/>\n\t<meta name=\"twitter:data2\" content=\"2 minutos\" \/>\n<script type=\"application\/ld+json\" class=\"yoast-schema-graph\">{\"@context\":\"https:\\\/\\\/schema.org\",\"@graph\":[{\"@type\":\"Article\",\"@id\":\"https:\\\/\\\/chelso.com.br\\\/site\\\/os-vencedores-da-corrida-sao-vicente-39a-volta-pedestre-de-itu\\\/#article\",\"isPartOf\":{\"@id\":\"https:\\\/\\\/chelso.com.br\\\/site\\\/os-vencedores-da-corrida-sao-vicente-39a-volta-pedestre-de-itu\\\/\"},\"author\":{\"name\":\"Edilson Rodrigues\",\"@id\":\"https:\\\/\\\/chelso.com.br\\\/site\\\/#\\\/schema\\\/person\\\/a1e459f9cc882778a4f1367cb2ba51e3\"},\"headline\":\"Os vencedores da Corrida S\u00e3o Vicente 39\u00aa Volta Pedestre de Itu\",\"datePublished\":\"2025-02-24T18:06:00+00:00\",\"dateModified\":\"2025-02-24T18:08:54+00:00\",\"mainEntityOfPage\":{\"@id\":\"https:\\\/\\\/chelso.com.br\\\/site\\\/os-vencedores-da-corrida-sao-vicente-39a-volta-pedestre-de-itu\\\/\"},\"wordCount\":222,\"commentCount\":0,\"image\":{\"@id\":\"https:\\\/\\\/chelso.com.br\\\/site\\\/os-vencedores-da-corrida-sao-vicente-39a-volta-pedestre-de-itu\\\/#primaryimage\"},\"thumbnailUrl\":\"https:\\\/\\\/chelso.com.br\\\/site\\\/wp-content\\\/uploads\\\/2025\\\/02\\\/WhatsApp-Image-2025-02-24-at-14.50.31.jpeg\",\"keywords\":[\"SaoVicente; saovicente; resultados; voltapedestre; voltapedestreitu; chelso; pedestrianismo\"],\"articleSection\":[\"Not\u00edcias\"],\"inLanguage\":\"pt-BR\",\"potentialAction\":[{\"@type\":\"CommentAction\",\"name\":\"Comment\",\"target\":[\"https:\\\/\\\/chelso.com.br\\\/site\\\/os-vencedores-da-corrida-sao-vicente-39a-volta-pedestre-de-itu\\\/#respond\"]}]},{\"@type\":\"WebPage\",\"@id\":\"https:\\\/\\\/chelso.com.br\\\/site\\\/os-vencedores-da-corrida-sao-vicente-39a-volta-pedestre-de-itu\\\/\",\"url\":\"https:\\\/\\\/chelso.com.br\\\/site\\\/os-vencedores-da-corrida-sao-vicente-39a-volta-pedestre-de-itu\\\/\",\"name\":\"Os vencedores da Corrida S\u00e3o Vicente 39\u00aa Volta Pedestre de Itu - Portal Chelso Sports\",\"isPartOf\":{\"@id\":\"https:\\\/\\\/chelso.com.br\\\/site\\\/#website\"},\"primaryImageOfPage\":{\"@id\":\"https:\\\/\\\/chelso.com.br\\\/site\\\/os-vencedores-da-corrida-sao-vicente-39a-volta-pedestre-de-itu\\\/#primaryimage\"},\"image\":{\"@id\":\"https:\\\/\\\/chelso.com.br\\\/site\\\/os-vencedores-da-corrida-sao-vicente-39a-volta-pedestre-de-itu\\\/#primaryimage\"},\"thumbnailUrl\":\"https:\\\/\\\/chelso.com.br\\\/site\\\/wp-content\\\/uploads\\\/2025\\\/02\\\/WhatsApp-Image-2025-02-24-at-14.50.31.jpeg\",\"datePublished\":\"2025-02-24T18:06:00+00:00\",\"dateModified\":\"2025-02-24T18:08:54+00:00\",\"author\":{\"@id\":\"https:\\\/\\\/chelso.com.br\\\/site\\\/#\\\/schema\\\/person\\\/a1e459f9cc882778a4f1367cb2ba51e3\"},\"breadcrumb\":{\"@id\":\"https:\\\/\\\/chelso.com.br\\\/site\\\/os-vencedores-da-corrida-sao-vicente-39a-volta-pedestre-de-itu\\\/#breadcrumb\"},\"inLanguage\":\"pt-BR\",\"potentialAction\":[{\"@type\":\"ReadAction\",\"target\":[\"https:\\\/\\\/chelso.com.br\\\/site\\\/os-vencedores-da-corrida-sao-vicente-39a-volta-pedestre-de-itu\\\/\"]}]},{\"@type\":\"ImageObject\",\"inLanguage\":\"pt-BR\",\"@id\":\"https:\\\/\\\/chelso.com.br\\\/site\\\/os-vencedores-da-corrida-sao-vicente-39a-volta-pedestre-de-itu\\\/#primaryimage\",\"url\":\"https:\\\/\\\/chelso.com.br\\\/site\\\/wp-content\\\/uploads\\\/2025\\\/02\\\/WhatsApp-Image-2025-02-24-at-14.50.31.jpeg\",\"contentUrl\":\"https:\\\/\\\/chelso.com.br\\\/site\\\/wp-content\\\/uploads\\\/2025\\\/02\\\/WhatsApp-Image-2025-02-24-at-14.50.31.jpeg\",\"width\":1600,\"height\":1065},{\"@type\":\"BreadcrumbList\",\"@id\":\"https:\\\/\\\/chelso.com.br\\\/site\\\/os-vencedores-da-corrida-sao-vicente-39a-volta-pedestre-de-itu\\\/#breadcrumb\",\"itemListElement\":[{\"@type\":\"ListItem\",\"position\":1,\"name\":\"In\u00edcio\",\"item\":\"https:\\\/\\\/chelso.com.br\\\/site\\\/\"},{\"@type\":\"ListItem\",\"position\":2,\"name\":\"Os vencedores da Corrida S\u00e3o Vicente 39\u00aa Volta Pedestre de Itu\"}]},{\"@type\":\"WebSite\",\"@id\":\"https:\\\/\\\/chelso.com.br\\\/site\\\/#website\",\"url\":\"https:\\\/\\\/chelso.com.br\\\/site\\\/\",\"name\":\"Portal Chelso Sports\",\"description\":\"Conte\u00fado especializado em corrida de rua e triathlon\",\"potentialAction\":[{\"@type\":\"SearchAction\",\"target\":{\"@type\":\"EntryPoint\",\"urlTemplate\":\"https:\\\/\\\/chelso.com.br\\\/site\\\/?s={search_term_string}\"},\"query-input\":{\"@type\":\"PropertyValueSpecification\",\"valueRequired\":true,\"valueName\":\"search_term_string\"}}],\"inLanguage\":\"pt-BR\"},{\"@type\":\"Person\",\"@id\":\"https:\\\/\\\/chelso.com.br\\\/site\\\/#\\\/schema\\\/person\\\/a1e459f9cc882778a4f1367cb2ba51e3\",\"name\":\"Edilson Rodrigues\",\"image\":{\"@type\":\"ImageObject\",\"inLanguage\":\"pt-BR\",\"@id\":\"https:\\\/\\\/chelso.com.br\\\/site\\\/wp-content\\\/uploads\\\/2024\\\/09\\\/Captura-de-tela-2024-09-27-170323-150x150.png\",\"url\":\"https:\\\/\\\/chelso.com.br\\\/site\\\/wp-content\\\/uploads\\\/2024\\\/09\\\/Captura-de-tela-2024-09-27-170323-150x150.png\",\"contentUrl\":\"https:\\\/\\\/chelso.com.br\\\/site\\\/wp-content\\\/uploads\\\/2024\\\/09\\\/Captura-de-tela-2024-09-27-170323-150x150.png\",\"caption\":\"Edilson Rodrigues\"},\"url\":\"https:\\\/\\\/chelso.com.br\\\/site\\\/author\\\/edilson\\\/\"}]}<\/script>\n<!-- \/ Yoast SEO plugin. -->","yoast_head_json":{"title":"Os vencedores da Corrida S\u00e3o Vicente 39\u00aa Volta Pedestre de Itu - Portal Chelso Sports","robots":{"index":"index","follow":"follow","max-snippet":"max-snippet:-1","max-image-preview":"max-image-preview:large","max-video-preview":"max-video-preview:-1"},"canonical":"https:\/\/chelso.com.br\/site\/os-vencedores-da-corrida-sao-vicente-39a-volta-pedestre-de-itu\/","og_locale":"pt_BR","og_type":"article","og_title":"Os vencedores da Corrida S\u00e3o Vicente 39\u00aa Volta Pedestre de Itu - Portal Chelso Sports","og_description":"A tradicional Corrida S\u00e3o Vicente 39\u00aa Volta Pedestre de Itu j\u00e1 conhece os seus campe\u00f5es e campe\u00e3s. A prova disputada no domingo, dia 23 de fevereiro, foi um tremendo sucesso com a promo\u00e7\u00e3o dos Supermercados S\u00e3o Vicente. A organiza\u00e7\u00e3o ficou a cargo da Chelso Sports &amp; Business e com o apoio da Prefeitura Municipal de","og_url":"https:\/\/chelso.com.br\/site\/os-vencedores-da-corrida-sao-vicente-39a-volta-pedestre-de-itu\/","og_site_name":"Portal Chelso Sports","article_published_time":"2025-02-24T18:06:00+00:00","article_modified_time":"2025-02-24T18:08:54+00:00","og_image":[{"width":1600,"height":1065,"url":"https:\/\/chelso.com.br\/site\/wp-content\/uploads\/2025\/02\/WhatsApp-Image-2025-02-24-at-14.50.31.jpeg","type":"image\/jpeg"}],"author":"Edilson Rodrigues","twitter_card":"summary_large_image","twitter_misc":{"Escrito por":"Edilson Rodrigues","Est. tempo de leitura":"2 minutos"},"schema":{"@context":"https:\/\/schema.org","@graph":[{"@type":"Article","@id":"https:\/\/chelso.com.br\/site\/os-vencedores-da-corrida-sao-vicente-39a-volta-pedestre-de-itu\/#article","isPartOf":{"@id":"https:\/\/chelso.com.br\/site\/os-vencedores-da-corrida-sao-vicente-39a-volta-pedestre-de-itu\/"},"author":{"name":"Edilson Rodrigues","@id":"https:\/\/chelso.com.br\/site\/#\/schema\/person\/a1e459f9cc882778a4f1367cb2ba51e3"},"headline":"Os vencedores da Corrida S\u00e3o Vicente 39\u00aa Volta Pedestre de Itu","datePublished":"2025-02-24T18:06:00+00:00","dateModified":"2025-02-24T18:08:54+00:00","mainEntityOfPage":{"@id":"https:\/\/chelso.com.br\/site\/os-vencedores-da-corrida-sao-vicente-39a-volta-pedestre-de-itu\/"},"wordCount":222,"commentCount":0,"image":{"@id":"https:\/\/chelso.com.br\/site\/os-vencedores-da-corrida-sao-vicente-39a-volta-pedestre-de-itu\/#primaryimage"},"thumbnailUrl":"https:\/\/chelso.com.br\/site\/wp-content\/uploads\/2025\/02\/WhatsApp-Image-2025-02-24-at-14.50.31.jpeg","keywords":["SaoVicente; saovicente; resultados; voltapedestre; voltapedestreitu; chelso; pedestrianismo"],"articleSection":["Not\u00edcias"],"inLanguage":"pt-BR","potentialAction":[{"@type":"CommentAction","name":"Comment","target":["https:\/\/chelso.com.br\/site\/os-vencedores-da-corrida-sao-vicente-39a-volta-pedestre-de-itu\/#respond"]}]},{"@type":"WebPage","@id":"https:\/\/chelso.com.br\/site\/os-vencedores-da-corrida-sao-vicente-39a-volta-pedestre-de-itu\/","url":"https:\/\/chelso.com.br\/site\/os-vencedores-da-corrida-sao-vicente-39a-volta-pedestre-de-itu\/","name":"Os vencedores da Corrida S\u00e3o Vicente 39\u00aa Volta Pedestre de Itu - Portal Chelso Sports","isPartOf":{"@id":"https:\/\/chelso.com.br\/site\/#website"},"primaryImageOfPage":{"@id":"https:\/\/chelso.com.br\/site\/os-vencedores-da-corrida-sao-vicente-39a-volta-pedestre-de-itu\/#primaryimage"},"image":{"@id":"https:\/\/chelso.com.br\/site\/os-vencedores-da-corrida-sao-vicente-39a-volta-pedestre-de-itu\/#primaryimage"},"thumbnailUrl":"https:\/\/chelso.com.br\/site\/wp-content\/uploads\/2025\/02\/WhatsApp-Image-2025-02-24-at-14.50.31.jpeg","datePublished":"2025-02-24T18:06:00+00:00","dateModified":"2025-02-24T18:08:54+00:00","author":{"@id":"https:\/\/chelso.com.br\/site\/#\/schema\/person\/a1e459f9cc882778a4f1367cb2ba51e3"},"breadcrumb":{"@id":"https:\/\/chelso.com.br\/site\/os-vencedores-da-corrida-sao-vicente-39a-volta-pedestre-de-itu\/#breadcrumb"},"inLanguage":"pt-BR","potentialAction":[{"@type":"ReadAction","target":["https:\/\/chelso.com.br\/site\/os-vencedores-da-corrida-sao-vicente-39a-volta-pedestre-de-itu\/"]}]},{"@type":"ImageObject","inLanguage":"pt-BR","@id":"https:\/\/chelso.com.br\/site\/os-vencedores-da-corrida-sao-vicente-39a-volta-pedestre-de-itu\/#primaryimage","url":"https:\/\/chelso.com.br\/site\/wp-content\/uploads\/2025\/02\/WhatsApp-Image-2025-02-24-at-14.50.31.jpeg","contentUrl":"https:\/\/chelso.com.br\/site\/wp-content\/uploads\/2025\/02\/WhatsApp-Image-2025-02-24-at-14.50.31.jpeg","width":1600,"height":1065},{"@type":"BreadcrumbList","@id":"https:\/\/chelso.com.br\/site\/os-vencedores-da-corrida-sao-vicente-39a-volta-pedestre-de-itu\/#breadcrumb","itemListElement":[{"@type":"ListItem","position":1,"name":"In\u00edcio","item":"https:\/\/chelso.com.br\/site\/"},{"@type":"ListItem","position":2,"name":"Os vencedores da Corrida S\u00e3o Vicente 39\u00aa Volta Pedestre de Itu"}]},{"@type":"WebSite","@id":"https:\/\/chelso.com.br\/site\/#website","url":"https:\/\/chelso.com.br\/site\/","name":"Portal Chelso Sports","description":"Conte\u00fado especializado em corrida de rua e triathlon","potentialAction":[{"@type":"SearchAction","target":{"@type":"EntryPoint","urlTemplate":"https:\/\/chelso.com.br\/site\/?s={search_term_string}"},"query-input":{"@type":"PropertyValueSpecification","valueRequired":true,"valueName":"search_term_string"}}],"inLanguage":"pt-BR"},{"@type":"Person","@id":"https:\/\/chelso.com.br\/site\/#\/schema\/person\/a1e459f9cc882778a4f1367cb2ba51e3","name":"Edilson Rodrigues","image":{"@type":"ImageObject","inLanguage":"pt-BR","@id":"https:\/\/chelso.com.br\/site\/wp-content\/uploads\/2024\/09\/Captura-de-tela-2024-09-27-170323-150x150.png","url":"https:\/\/chelso.com.br\/site\/wp-content\/uploads\/2024\/09\/Captura-de-tela-2024-09-27-170323-150x150.png","contentUrl":"https:\/\/chelso.com.br\/site\/wp-content\/uploads\/2024\/09\/Captura-de-tela-2024-09-27-170323-150x150.png","caption":"Edilson Rodrigues"},"url":"https:\/\/chelso.com.br\/site\/author\/edilson\/"}]}},"amp_enabled":true,"_links":{"self":[{"href":"https:\/\/chelso.com.br\/site\/wp-json\/wp\/v2\/posts\/23868","targetHints":{"allow":["GET"]}}],"collection":[{"href":"https:\/\/chelso.com.br\/site\/wp-json\/wp\/v2\/posts"}],"about":[{"href":"https:\/\/chelso.com.br\/site\/wp-json\/wp\/v2\/types\/post"}],"author":[{"embeddable":true,"href":"https:\/\/chelso.com.br\/site\/wp-json\/wp\/v2\/users\/43"}],"replies":[{"embeddable":true,"href":"https:\/\/chelso.com.br\/site\/wp-json\/wp\/v2\/comments?post=23868"}],"version-history":[{"count":2,"href":"https:\/\/chelso.com.br\/site\/wp-json\/wp\/v2\/posts\/23868\/revisions"}],"predecessor-version":[{"id":23873,"href":"https:\/\/chelso.com.br\/site\/wp-json\/wp\/v2\/posts\/23868\/revisions\/23873"}],"wp:featuredmedia":[{"embeddable":true,"href":"https:\/\/chelso.com.br\/site\/wp-json\/wp\/v2\/media\/23869"}],"wp:attachment":[{"href":"https:\/\/chelso.com.br\/site\/wp-json\/wp\/v2\/media?parent=23868"}],"wp:term":[{"taxonomy":"category","embeddable":true,"href":"https:\/\/chelso.com.br\/site\/wp-json\/wp\/v2\/categories?post=23868"},{"taxonomy":"post_tag","embeddable":true,"href":"https:\/\/chelso.com.br\/site\/wp-json\/wp\/v2\/tags?post=23868"}],"curies":[{"name":"wp","href":"https:\/\/api.w.org\/{rel}","templated":true}]}}