{"id":24207,"date":"2025-03-15T16:12:20","date_gmt":"2025-03-15T19:12:20","guid":{"rendered":"https:\/\/chelso.com.br\/site\/?p=24207"},"modified":"2025-03-27T08:37:38","modified_gmt":"2025-03-27T11:37:38","slug":"inscricoes-abertas-para-a-meia-maratona-de-barueri","status":"publish","type":"post","link":"https:\/\/chelso.com.br\/site\/inscricoes-abertas-para-a-meia-maratona-de-barueri\/","title":{"rendered":"Inscri\u00e7\u00f5es abertas para a Corrida S\u00e3o Vicente Meia Maratona de Barueri"},"content":{"rendered":"<p style=\"text-align: center;\">Aten\u00e7\u00e3o, corredores de rua de Barueri e regi\u00e3o!<\/p>\n<p style=\"text-align: center;\">No dia 4 de maio, acontece a 1\u00aa edi\u00e7\u00e3o da Corrida S\u00e3o Vicente Meia Maratona de Barueri, um evento imperd\u00edvel para atletas iniciantes e experientes que desejam testar sua velocidade e sua resist\u00eancia.<\/p>\n<p style=\"text-align: center;\"><strong>Local:<\/strong> Parque Ecol\u00f3gico do Tiet\u00ea Barueri<\/p>\n<p style=\"text-align: center;\"><strong>Endere\u00e7o: <\/strong>Avenida Doutor Dib Sauaia Neto, 1600 &#8211; Alphaville Industrial, Barueri &#8211; SP, 06401-160<\/p>\n<p style=\"text-align: center;\"><strong>Hor\u00e1rios de largada:<\/strong><\/p>\n<p style=\"text-align: center;\">6h30 \u2013 Meia Maratona (21 km)<\/p>\n<p style=\"text-align: center;\">7h15 \u2013 Percurso 10 km<\/p>\n<p style=\"text-align: center;\">7h25 \u2013 Percurso 5 km<\/p>\n<p style=\"text-align: center;\">Com organiza\u00e7\u00e3o da Chelso Sports &amp; Business e apoio da Prefeitura Municipal de Barueri, a prova promete ser a grande festa do esporte, reunindo corredores de todas as idades e n\u00edveis.<\/p>\n<p style=\"text-align: center;\"><strong>Inscri\u00e7\u00f5es:<\/strong><\/p>\n<p style=\"text-align: center;\">As inscri\u00e7\u00f5es online j\u00e1 est\u00e3o abertas e podem ser feitas pelo site <a href=\"http:\/\/www.meiamaratonadebarueri.com.br\">www.meiamaratonadebarueri.com.br<\/a><\/p>\n<p style=\"text-align: center;\">Idade m\u00ednima: 14 anos (5 km) | 18 anos (10 km e 21 km)<\/p>\n<p style=\"text-align: center;\"><strong>Premia\u00e7\u00e3o<\/strong><\/p>\n<p style=\"text-align: center;\"><strong>Meia Maratona (21 km)<\/strong>: Premia\u00e7\u00e3o em dinheiro para os cinco primeiros colocados no geral (masculino e feminino).<\/p>\n<p style=\"text-align: center;\"><strong>Trof\u00e9us:<\/strong> Para os cinco primeiros na classifica\u00e7\u00e3o geral de cada categoria (masculino e feminino).<\/p>\n<p style=\"text-align: center;\"><strong>Faixas et\u00e1rias:<\/strong> Premia\u00e7\u00e3o para os tr\u00eas primeiros colocados (masculino e feminino).<\/p>\n<p style=\"text-align: center;\"><strong>Entrega de kits:<\/strong><\/p>\n<p style=\"text-align: center;\">Local: Supermercados S\u00e3o Vicente \u2013 Estrada dos Romeiros, 448, Bairro Boa Vista, Barueri.<\/p>\n<p style=\"text-align: center;\"><strong>\u00a0<\/strong><\/p>\n<p style=\"text-align: center;\"><strong>Assessoria de Imprensa Chelso Sports &amp; Business<\/strong><\/p>\n<p style=\"text-align: center;\">Jornalista Edilson Rodrigues de Morais<\/p>\n<p style=\"text-align: center;\">(19) 99706.1570 \u2013\u00a0<a href=\"http:\/\/www.chelso.com.br\/\">www.chelso.com.br<\/a><\/p>\n","protected":false},"excerpt":{"rendered":"<p>Aten\u00e7\u00e3o, corredores de rua de Barueri e regi\u00e3o! No dia 4 de maio, acontece a 1\u00aa edi\u00e7\u00e3o da Corrida S\u00e3o Vicente Meia Maratona de Barueri, um evento imperd\u00edvel para atletas iniciantes e experientes que desejam testar sua velocidade e sua resist\u00eancia. Local: Parque Ecol\u00f3gico do Tiet\u00ea Barueri Endere\u00e7o: Avenida Doutor Dib Sauaia Neto, 1600 &#8211;<\/p>\n","protected":false},"author":43,"featured_media":24208,"comment_status":"open","ping_status":"closed","sticky":false,"template":"","format":"standard","meta":{"om_disable_all_campaigns":false,"_monsterinsights_skip_tracking":false,"_monsterinsights_sitenote_active":false,"_monsterinsights_sitenote_note":"","_monsterinsights_sitenote_category":0,"footnotes":""},"categories":[30],"tags":[4758],"class_list":{"0":"post-24207","1":"post","2":"type-post","3":"status-publish","4":"format-standard","5":"has-post-thumbnail","7":"category-noticias","8":"tag-chelso-barueri-meiamaratonabarueri"},"aioseo_notices":[],"yoast_head":"<!-- This site is optimized with the Yoast SEO plugin v27.5 - https:\/\/yoast.com\/product\/yoast-seo-wordpress\/ -->\n<title>Inscri\u00e7\u00f5es abertas para a Corrida S\u00e3o Vicente Meia Maratona de Barueri - Portal Chelso Sports<\/title>\n<meta name=\"robots\" content=\"index, follow, max-snippet:-1, max-image-preview:large, max-video-preview:-1\" \/>\n<link rel=\"canonical\" href=\"https:\/\/chelso.com.br\/site\/inscricoes-abertas-para-a-meia-maratona-de-barueri\/\" \/>\n<meta property=\"og:locale\" content=\"pt_BR\" \/>\n<meta property=\"og:type\" content=\"article\" \/>\n<meta property=\"og:title\" content=\"Inscri\u00e7\u00f5es abertas para a Corrida S\u00e3o Vicente Meia Maratona de Barueri - Portal Chelso Sports\" \/>\n<meta property=\"og:description\" content=\"Aten\u00e7\u00e3o, corredores de rua de Barueri e regi\u00e3o! No dia 4 de maio, acontece a 1\u00aa edi\u00e7\u00e3o da Corrida S\u00e3o Vicente Meia Maratona de Barueri, um evento imperd\u00edvel para atletas iniciantes e experientes que desejam testar sua velocidade e sua resist\u00eancia. Local: Parque Ecol\u00f3gico do Tiet\u00ea Barueri Endere\u00e7o: Avenida Doutor Dib Sauaia Neto, 1600 &#8211;\" \/>\n<meta property=\"og:url\" content=\"https:\/\/chelso.com.br\/site\/inscricoes-abertas-para-a-meia-maratona-de-barueri\/\" \/>\n<meta property=\"og:site_name\" content=\"Portal Chelso Sports\" \/>\n<meta property=\"article:published_time\" content=\"2025-03-15T19:12:20+00:00\" \/>\n<meta property=\"article:modified_time\" content=\"2025-03-27T11:37:38+00:00\" \/>\n<meta property=\"og:image\" content=\"https:\/\/chelso.com.br\/site\/wp-content\/uploads\/2025\/03\/ZVNM2THCESDH45JLGDEPJQXVAUEQXHYOBDSL42ZHUWH1PQWLEY.png\" \/>\n\t<meta property=\"og:image:width\" content=\"1506\" \/>\n\t<meta property=\"og:image:height\" content=\"791\" \/>\n\t<meta property=\"og:image:type\" content=\"image\/png\" \/>\n<meta name=\"author\" content=\"Edilson Rodrigues\" \/>\n<meta name=\"twitter:card\" content=\"summary_large_image\" \/>\n<meta name=\"twitter:label1\" content=\"Escrito por\" \/>\n\t<meta name=\"twitter:data1\" content=\"Edilson Rodrigues\" \/>\n\t<meta name=\"twitter:label2\" content=\"Est. tempo de leitura\" \/>\n\t<meta name=\"twitter:data2\" content=\"2 minutos\" \/>\n<script type=\"application\/ld+json\" class=\"yoast-schema-graph\">{\"@context\":\"https:\\\/\\\/schema.org\",\"@graph\":[{\"@type\":\"Article\",\"@id\":\"https:\\\/\\\/chelso.com.br\\\/site\\\/inscricoes-abertas-para-a-meia-maratona-de-barueri\\\/#article\",\"isPartOf\":{\"@id\":\"https:\\\/\\\/chelso.com.br\\\/site\\\/inscricoes-abertas-para-a-meia-maratona-de-barueri\\\/\"},\"author\":{\"name\":\"Edilson Rodrigues\",\"@id\":\"https:\\\/\\\/chelso.com.br\\\/site\\\/#\\\/schema\\\/person\\\/a1e459f9cc882778a4f1367cb2ba51e3\"},\"headline\":\"Inscri\u00e7\u00f5es abertas para a Corrida S\u00e3o Vicente Meia Maratona de Barueri\",\"datePublished\":\"2025-03-15T19:12:20+00:00\",\"dateModified\":\"2025-03-27T11:37:38+00:00\",\"mainEntityOfPage\":{\"@id\":\"https:\\\/\\\/chelso.com.br\\\/site\\\/inscricoes-abertas-para-a-meia-maratona-de-barueri\\\/\"},\"wordCount\":235,\"commentCount\":0,\"image\":{\"@id\":\"https:\\\/\\\/chelso.com.br\\\/site\\\/inscricoes-abertas-para-a-meia-maratona-de-barueri\\\/#primaryimage\"},\"thumbnailUrl\":\"https:\\\/\\\/chelso.com.br\\\/site\\\/wp-content\\\/uploads\\\/2025\\\/03\\\/ZVNM2THCESDH45JLGDEPJQXVAUEQXHYOBDSL42ZHUWH1PQWLEY.png\",\"keywords\":[\"chelso; barueri; meiamaratonabarueri\"],\"articleSection\":[\"Not\u00edcias\"],\"inLanguage\":\"pt-BR\",\"potentialAction\":[{\"@type\":\"CommentAction\",\"name\":\"Comment\",\"target\":[\"https:\\\/\\\/chelso.com.br\\\/site\\\/inscricoes-abertas-para-a-meia-maratona-de-barueri\\\/#respond\"]}]},{\"@type\":\"WebPage\",\"@id\":\"https:\\\/\\\/chelso.com.br\\\/site\\\/inscricoes-abertas-para-a-meia-maratona-de-barueri\\\/\",\"url\":\"https:\\\/\\\/chelso.com.br\\\/site\\\/inscricoes-abertas-para-a-meia-maratona-de-barueri\\\/\",\"name\":\"Inscri\u00e7\u00f5es abertas para a Corrida S\u00e3o Vicente Meia Maratona de Barueri - Portal Chelso Sports\",\"isPartOf\":{\"@id\":\"https:\\\/\\\/chelso.com.br\\\/site\\\/#website\"},\"primaryImageOfPage\":{\"@id\":\"https:\\\/\\\/chelso.com.br\\\/site\\\/inscricoes-abertas-para-a-meia-maratona-de-barueri\\\/#primaryimage\"},\"image\":{\"@id\":\"https:\\\/\\\/chelso.com.br\\\/site\\\/inscricoes-abertas-para-a-meia-maratona-de-barueri\\\/#primaryimage\"},\"thumbnailUrl\":\"https:\\\/\\\/chelso.com.br\\\/site\\\/wp-content\\\/uploads\\\/2025\\\/03\\\/ZVNM2THCESDH45JLGDEPJQXVAUEQXHYOBDSL42ZHUWH1PQWLEY.png\",\"datePublished\":\"2025-03-15T19:12:20+00:00\",\"dateModified\":\"2025-03-27T11:37:38+00:00\",\"author\":{\"@id\":\"https:\\\/\\\/chelso.com.br\\\/site\\\/#\\\/schema\\\/person\\\/a1e459f9cc882778a4f1367cb2ba51e3\"},\"breadcrumb\":{\"@id\":\"https:\\\/\\\/chelso.com.br\\\/site\\\/inscricoes-abertas-para-a-meia-maratona-de-barueri\\\/#breadcrumb\"},\"inLanguage\":\"pt-BR\",\"potentialAction\":[{\"@type\":\"ReadAction\",\"target\":[\"https:\\\/\\\/chelso.com.br\\\/site\\\/inscricoes-abertas-para-a-meia-maratona-de-barueri\\\/\"]}]},{\"@type\":\"ImageObject\",\"inLanguage\":\"pt-BR\",\"@id\":\"https:\\\/\\\/chelso.com.br\\\/site\\\/inscricoes-abertas-para-a-meia-maratona-de-barueri\\\/#primaryimage\",\"url\":\"https:\\\/\\\/chelso.com.br\\\/site\\\/wp-content\\\/uploads\\\/2025\\\/03\\\/ZVNM2THCESDH45JLGDEPJQXVAUEQXHYOBDSL42ZHUWH1PQWLEY.png\",\"contentUrl\":\"https:\\\/\\\/chelso.com.br\\\/site\\\/wp-content\\\/uploads\\\/2025\\\/03\\\/ZVNM2THCESDH45JLGDEPJQXVAUEQXHYOBDSL42ZHUWH1PQWLEY.png\",\"width\":1506,\"height\":791},{\"@type\":\"BreadcrumbList\",\"@id\":\"https:\\\/\\\/chelso.com.br\\\/site\\\/inscricoes-abertas-para-a-meia-maratona-de-barueri\\\/#breadcrumb\",\"itemListElement\":[{\"@type\":\"ListItem\",\"position\":1,\"name\":\"In\u00edcio\",\"item\":\"https:\\\/\\\/chelso.com.br\\\/site\\\/\"},{\"@type\":\"ListItem\",\"position\":2,\"name\":\"Inscri\u00e7\u00f5es abertas para a Corrida S\u00e3o Vicente Meia Maratona de Barueri\"}]},{\"@type\":\"WebSite\",\"@id\":\"https:\\\/\\\/chelso.com.br\\\/site\\\/#website\",\"url\":\"https:\\\/\\\/chelso.com.br\\\/site\\\/\",\"name\":\"Portal Chelso Sports\",\"description\":\"Conte\u00fado especializado em corrida de rua e triathlon\",\"potentialAction\":[{\"@type\":\"SearchAction\",\"target\":{\"@type\":\"EntryPoint\",\"urlTemplate\":\"https:\\\/\\\/chelso.com.br\\\/site\\\/?s={search_term_string}\"},\"query-input\":{\"@type\":\"PropertyValueSpecification\",\"valueRequired\":true,\"valueName\":\"search_term_string\"}}],\"inLanguage\":\"pt-BR\"},{\"@type\":\"Person\",\"@id\":\"https:\\\/\\\/chelso.com.br\\\/site\\\/#\\\/schema\\\/person\\\/a1e459f9cc882778a4f1367cb2ba51e3\",\"name\":\"Edilson Rodrigues\",\"image\":{\"@type\":\"ImageObject\",\"inLanguage\":\"pt-BR\",\"@id\":\"https:\\\/\\\/chelso.com.br\\\/site\\\/wp-content\\\/uploads\\\/2024\\\/09\\\/Captura-de-tela-2024-09-27-170323-150x150.png\",\"url\":\"https:\\\/\\\/chelso.com.br\\\/site\\\/wp-content\\\/uploads\\\/2024\\\/09\\\/Captura-de-tela-2024-09-27-170323-150x150.png\",\"contentUrl\":\"https:\\\/\\\/chelso.com.br\\\/site\\\/wp-content\\\/uploads\\\/2024\\\/09\\\/Captura-de-tela-2024-09-27-170323-150x150.png\",\"caption\":\"Edilson Rodrigues\"},\"url\":\"https:\\\/\\\/chelso.com.br\\\/site\\\/author\\\/edilson\\\/\"}]}<\/script>\n<!-- \/ Yoast SEO plugin. -->","yoast_head_json":{"title":"Inscri\u00e7\u00f5es abertas para a Corrida S\u00e3o Vicente Meia Maratona de Barueri - Portal Chelso Sports","robots":{"index":"index","follow":"follow","max-snippet":"max-snippet:-1","max-image-preview":"max-image-preview:large","max-video-preview":"max-video-preview:-1"},"canonical":"https:\/\/chelso.com.br\/site\/inscricoes-abertas-para-a-meia-maratona-de-barueri\/","og_locale":"pt_BR","og_type":"article","og_title":"Inscri\u00e7\u00f5es abertas para a Corrida S\u00e3o Vicente Meia Maratona de Barueri - Portal Chelso Sports","og_description":"Aten\u00e7\u00e3o, corredores de rua de Barueri e regi\u00e3o! No dia 4 de maio, acontece a 1\u00aa edi\u00e7\u00e3o da Corrida S\u00e3o Vicente Meia Maratona de Barueri, um evento imperd\u00edvel para atletas iniciantes e experientes que desejam testar sua velocidade e sua resist\u00eancia. Local: Parque Ecol\u00f3gico do Tiet\u00ea Barueri Endere\u00e7o: Avenida Doutor Dib Sauaia Neto, 1600 &#8211;","og_url":"https:\/\/chelso.com.br\/site\/inscricoes-abertas-para-a-meia-maratona-de-barueri\/","og_site_name":"Portal Chelso Sports","article_published_time":"2025-03-15T19:12:20+00:00","article_modified_time":"2025-03-27T11:37:38+00:00","og_image":[{"width":1506,"height":791,"url":"https:\/\/chelso.com.br\/site\/wp-content\/uploads\/2025\/03\/ZVNM2THCESDH45JLGDEPJQXVAUEQXHYOBDSL42ZHUWH1PQWLEY.png","type":"image\/png"}],"author":"Edilson Rodrigues","twitter_card":"summary_large_image","twitter_misc":{"Escrito por":"Edilson Rodrigues","Est. tempo de leitura":"2 minutos"},"schema":{"@context":"https:\/\/schema.org","@graph":[{"@type":"Article","@id":"https:\/\/chelso.com.br\/site\/inscricoes-abertas-para-a-meia-maratona-de-barueri\/#article","isPartOf":{"@id":"https:\/\/chelso.com.br\/site\/inscricoes-abertas-para-a-meia-maratona-de-barueri\/"},"author":{"name":"Edilson Rodrigues","@id":"https:\/\/chelso.com.br\/site\/#\/schema\/person\/a1e459f9cc882778a4f1367cb2ba51e3"},"headline":"Inscri\u00e7\u00f5es abertas para a Corrida S\u00e3o Vicente Meia Maratona de Barueri","datePublished":"2025-03-15T19:12:20+00:00","dateModified":"2025-03-27T11:37:38+00:00","mainEntityOfPage":{"@id":"https:\/\/chelso.com.br\/site\/inscricoes-abertas-para-a-meia-maratona-de-barueri\/"},"wordCount":235,"commentCount":0,"image":{"@id":"https:\/\/chelso.com.br\/site\/inscricoes-abertas-para-a-meia-maratona-de-barueri\/#primaryimage"},"thumbnailUrl":"https:\/\/chelso.com.br\/site\/wp-content\/uploads\/2025\/03\/ZVNM2THCESDH45JLGDEPJQXVAUEQXHYOBDSL42ZHUWH1PQWLEY.png","keywords":["chelso; barueri; meiamaratonabarueri"],"articleSection":["Not\u00edcias"],"inLanguage":"pt-BR","potentialAction":[{"@type":"CommentAction","name":"Comment","target":["https:\/\/chelso.com.br\/site\/inscricoes-abertas-para-a-meia-maratona-de-barueri\/#respond"]}]},{"@type":"WebPage","@id":"https:\/\/chelso.com.br\/site\/inscricoes-abertas-para-a-meia-maratona-de-barueri\/","url":"https:\/\/chelso.com.br\/site\/inscricoes-abertas-para-a-meia-maratona-de-barueri\/","name":"Inscri\u00e7\u00f5es abertas para a Corrida S\u00e3o Vicente Meia Maratona de Barueri - Portal Chelso Sports","isPartOf":{"@id":"https:\/\/chelso.com.br\/site\/#website"},"primaryImageOfPage":{"@id":"https:\/\/chelso.com.br\/site\/inscricoes-abertas-para-a-meia-maratona-de-barueri\/#primaryimage"},"image":{"@id":"https:\/\/chelso.com.br\/site\/inscricoes-abertas-para-a-meia-maratona-de-barueri\/#primaryimage"},"thumbnailUrl":"https:\/\/chelso.com.br\/site\/wp-content\/uploads\/2025\/03\/ZVNM2THCESDH45JLGDEPJQXVAUEQXHYOBDSL42ZHUWH1PQWLEY.png","datePublished":"2025-03-15T19:12:20+00:00","dateModified":"2025-03-27T11:37:38+00:00","author":{"@id":"https:\/\/chelso.com.br\/site\/#\/schema\/person\/a1e459f9cc882778a4f1367cb2ba51e3"},"breadcrumb":{"@id":"https:\/\/chelso.com.br\/site\/inscricoes-abertas-para-a-meia-maratona-de-barueri\/#breadcrumb"},"inLanguage":"pt-BR","potentialAction":[{"@type":"ReadAction","target":["https:\/\/chelso.com.br\/site\/inscricoes-abertas-para-a-meia-maratona-de-barueri\/"]}]},{"@type":"ImageObject","inLanguage":"pt-BR","@id":"https:\/\/chelso.com.br\/site\/inscricoes-abertas-para-a-meia-maratona-de-barueri\/#primaryimage","url":"https:\/\/chelso.com.br\/site\/wp-content\/uploads\/2025\/03\/ZVNM2THCESDH45JLGDEPJQXVAUEQXHYOBDSL42ZHUWH1PQWLEY.png","contentUrl":"https:\/\/chelso.com.br\/site\/wp-content\/uploads\/2025\/03\/ZVNM2THCESDH45JLGDEPJQXVAUEQXHYOBDSL42ZHUWH1PQWLEY.png","width":1506,"height":791},{"@type":"BreadcrumbList","@id":"https:\/\/chelso.com.br\/site\/inscricoes-abertas-para-a-meia-maratona-de-barueri\/#breadcrumb","itemListElement":[{"@type":"ListItem","position":1,"name":"In\u00edcio","item":"https:\/\/chelso.com.br\/site\/"},{"@type":"ListItem","position":2,"name":"Inscri\u00e7\u00f5es abertas para a Corrida S\u00e3o Vicente Meia Maratona de Barueri"}]},{"@type":"WebSite","@id":"https:\/\/chelso.com.br\/site\/#website","url":"https:\/\/chelso.com.br\/site\/","name":"Portal Chelso Sports","description":"Conte\u00fado especializado em corrida de rua e triathlon","potentialAction":[{"@type":"SearchAction","target":{"@type":"EntryPoint","urlTemplate":"https:\/\/chelso.com.br\/site\/?s={search_term_string}"},"query-input":{"@type":"PropertyValueSpecification","valueRequired":true,"valueName":"search_term_string"}}],"inLanguage":"pt-BR"},{"@type":"Person","@id":"https:\/\/chelso.com.br\/site\/#\/schema\/person\/a1e459f9cc882778a4f1367cb2ba51e3","name":"Edilson Rodrigues","image":{"@type":"ImageObject","inLanguage":"pt-BR","@id":"https:\/\/chelso.com.br\/site\/wp-content\/uploads\/2024\/09\/Captura-de-tela-2024-09-27-170323-150x150.png","url":"https:\/\/chelso.com.br\/site\/wp-content\/uploads\/2024\/09\/Captura-de-tela-2024-09-27-170323-150x150.png","contentUrl":"https:\/\/chelso.com.br\/site\/wp-content\/uploads\/2024\/09\/Captura-de-tela-2024-09-27-170323-150x150.png","caption":"Edilson Rodrigues"},"url":"https:\/\/chelso.com.br\/site\/author\/edilson\/"}]}},"amp_enabled":true,"_links":{"self":[{"href":"https:\/\/chelso.com.br\/site\/wp-json\/wp\/v2\/posts\/24207","targetHints":{"allow":["GET"]}}],"collection":[{"href":"https:\/\/chelso.com.br\/site\/wp-json\/wp\/v2\/posts"}],"about":[{"href":"https:\/\/chelso.com.br\/site\/wp-json\/wp\/v2\/types\/post"}],"author":[{"embeddable":true,"href":"https:\/\/chelso.com.br\/site\/wp-json\/wp\/v2\/users\/43"}],"replies":[{"embeddable":true,"href":"https:\/\/chelso.com.br\/site\/wp-json\/wp\/v2\/comments?post=24207"}],"version-history":[{"count":4,"href":"https:\/\/chelso.com.br\/site\/wp-json\/wp\/v2\/posts\/24207\/revisions"}],"predecessor-version":[{"id":24439,"href":"https:\/\/chelso.com.br\/site\/wp-json\/wp\/v2\/posts\/24207\/revisions\/24439"}],"wp:featuredmedia":[{"embeddable":true,"href":"https:\/\/chelso.com.br\/site\/wp-json\/wp\/v2\/media\/24208"}],"wp:attachment":[{"href":"https:\/\/chelso.com.br\/site\/wp-json\/wp\/v2\/media?parent=24207"}],"wp:term":[{"taxonomy":"category","embeddable":true,"href":"https:\/\/chelso.com.br\/site\/wp-json\/wp\/v2\/categories?post=24207"},{"taxonomy":"post_tag","embeddable":true,"href":"https:\/\/chelso.com.br\/site\/wp-json\/wp\/v2\/tags?post=24207"}],"curies":[{"name":"wp","href":"https:\/\/api.w.org\/{rel}","templated":true}]}}