{"id":24763,"date":"2025-04-08T14:38:24","date_gmt":"2025-04-08T17:38:24","guid":{"rendered":"https:\/\/chelso.com.br\/site\/?p=24763"},"modified":"2025-04-08T14:54:37","modified_gmt":"2025-04-08T17:54:37","slug":"qual-sua-avaliacao-da-2a-edicao-da-vikings-run-2025","status":"publish","type":"post","link":"https:\/\/chelso.com.br\/site\/qual-sua-avaliacao-da-2a-edicao-da-vikings-run-2025\/","title":{"rendered":"Qual sua avalia\u00e7\u00e3o da 2\u00aa edi\u00e7\u00e3o da Vikings Run 2025?"},"content":{"rendered":"<p style=\"text-align: center;\">A reportagem da Chelso Sports &amp; Business saiu \u00e0 campo para ouvir os participantes da 2\u00aa edi\u00e7\u00e3o da Vikings Run, realizada no s\u00e1bado, dia 5 de abril, no ECPA (Esporte Clube Piracicabano de Automobilismo).<\/p>\n<p style=\"text-align: center;\">Antes e depois dos 5 km, corredores de v\u00e1rias regi\u00f5es de S\u00e3o Paulo deixaram suas opini\u00f5es e suas avalia\u00e7\u00f5es sobre a prova, que contou com Open Bar e o chopp premiado da Dama Bier, eleita a Melhor Cervejaria do Estado de S\u00e3o Paulo.<\/p>\n<p style=\"text-align: center;\"><strong>Camila de F\u00e1tima Gon\u00e7alves de Souza e Giovanna Ramos Prior<\/strong><\/p>\n<p style=\"text-align: center;\">\u201cSomos de Campinas e essa \u00e9 nossa primeira participa\u00e7\u00e3o numa corrida em Piracicaba. Viemos para conhecer e j\u00e1 estamos adorando.\u201d<\/p>\n<p><img fetchpriority=\"high\" decoding=\"async\" class=\"wp-image-24764 aligncenter\" src=\"https:\/\/chelso.com.br\/site\/wp-content\/uploads\/2025\/04\/Camila-e-Giovanna-300x207.jpeg\" alt=\"\" width=\"448\" height=\"309\" srcset=\"https:\/\/chelso.com.br\/site\/wp-content\/uploads\/2025\/04\/Camila-e-Giovanna-300x207.jpeg 300w, https:\/\/chelso.com.br\/site\/wp-content\/uploads\/2025\/04\/Camila-e-Giovanna-1024x707.jpeg 1024w, https:\/\/chelso.com.br\/site\/wp-content\/uploads\/2025\/04\/Camila-e-Giovanna-1536x1060.jpeg 1536w, https:\/\/chelso.com.br\/site\/wp-content\/uploads\/2025\/04\/Camila-e-Giovanna-150x104.jpeg 150w, https:\/\/chelso.com.br\/site\/wp-content\/uploads\/2025\/04\/Camila-e-Giovanna-450x311.jpeg 450w, https:\/\/chelso.com.br\/site\/wp-content\/uploads\/2025\/04\/Camila-e-Giovanna-1200x828.jpeg 1200w, https:\/\/chelso.com.br\/site\/wp-content\/uploads\/2025\/04\/Camila-e-Giovanna-768x530.jpeg 768w, https:\/\/chelso.com.br\/site\/wp-content\/uploads\/2025\/04\/Camila-e-Giovanna.jpeg 1600w\" sizes=\"(max-width: 448px) 100vw, 448px\" \/><\/p>\n<p style=\"text-align: center;\"><strong>Edgar Mendes Ferreira (S\u00e3o Paulo) e Alessandra Ocilia de Sousa (Santo Andr\u00e9)<\/strong><\/p>\n<p style=\"text-align: center;\">\u201cCom o aux\u00edlio de um amigo de Limeira tive o conhecimento da prova. Para a Alessandra, essa \u00e9 a estreia numa prova de corrida de rua.\u201d<\/p>\n<p><img decoding=\"async\" class=\"wp-image-24765 aligncenter\" src=\"https:\/\/chelso.com.br\/site\/wp-content\/uploads\/2025\/04\/Edgar-e-Alessandra-300x225.jpeg\" alt=\"\" width=\"463\" height=\"347\" srcset=\"https:\/\/chelso.com.br\/site\/wp-content\/uploads\/2025\/04\/Edgar-e-Alessandra-300x225.jpeg 300w, https:\/\/chelso.com.br\/site\/wp-content\/uploads\/2025\/04\/Edgar-e-Alessandra-1024x768.jpeg 1024w, https:\/\/chelso.com.br\/site\/wp-content\/uploads\/2025\/04\/Edgar-e-Alessandra-1536x1152.jpeg 1536w, https:\/\/chelso.com.br\/site\/wp-content\/uploads\/2025\/04\/Edgar-e-Alessandra-150x113.jpeg 150w, https:\/\/chelso.com.br\/site\/wp-content\/uploads\/2025\/04\/Edgar-e-Alessandra-450x338.jpeg 450w, https:\/\/chelso.com.br\/site\/wp-content\/uploads\/2025\/04\/Edgar-e-Alessandra-1200x900.jpeg 1200w, https:\/\/chelso.com.br\/site\/wp-content\/uploads\/2025\/04\/Edgar-e-Alessandra-768x576.jpeg 768w, https:\/\/chelso.com.br\/site\/wp-content\/uploads\/2025\/04\/Edgar-e-Alessandra.jpeg 1600w\" sizes=\"(max-width: 463px) 100vw, 463px\" \/><\/p>\n<p style=\"text-align: center;\"><strong>Gabriela Alves Ara\u00fajo (S\u00e3o Paulo), Maria Cl\u00e1udia Pereira Silva (Cerquilho) e J\u00e9ssica Pereira Alves (Piracicaba)<\/strong><\/p>\n<p style=\"text-align: center;\">\u201cAs amigas se reuniram para praticar esporte e garantir a divers\u00e3o no p\u00f3s prova.\u201d<\/p>\n<p><img decoding=\"async\" class=\" wp-image-24766 aligncenter\" src=\"https:\/\/chelso.com.br\/site\/wp-content\/uploads\/2025\/04\/Gabriela-Maria-e-Jessica-300x238.jpeg\" alt=\"\" width=\"463\" height=\"367\" srcset=\"https:\/\/chelso.com.br\/site\/wp-content\/uploads\/2025\/04\/Gabriela-Maria-e-Jessica-300x238.jpeg 300w, https:\/\/chelso.com.br\/site\/wp-content\/uploads\/2025\/04\/Gabriela-Maria-e-Jessica-1024x812.jpeg 1024w, https:\/\/chelso.com.br\/site\/wp-content\/uploads\/2025\/04\/Gabriela-Maria-e-Jessica-150x119.jpeg 150w, https:\/\/chelso.com.br\/site\/wp-content\/uploads\/2025\/04\/Gabriela-Maria-e-Jessica-450x357.jpeg 450w, https:\/\/chelso.com.br\/site\/wp-content\/uploads\/2025\/04\/Gabriela-Maria-e-Jessica-1200x951.jpeg 1200w, https:\/\/chelso.com.br\/site\/wp-content\/uploads\/2025\/04\/Gabriela-Maria-e-Jessica-768x609.jpeg 768w, https:\/\/chelso.com.br\/site\/wp-content\/uploads\/2025\/04\/Gabriela-Maria-e-Jessica.jpeg 1398w\" sizes=\"(max-width: 463px) 100vw, 463px\" \/><\/p>\n<p style=\"text-align: center;\"><strong>Os cinco primeiros colocados do masculino:<\/strong><\/p>\n<p style=\"text-align: center;\"><strong>Rivanildo Medeiros Garcia, Danilo Batista da Silva, Douglas Broto Coelho, Eliclebio Carvalho da Rocha e Jorge Souza de Oliveira<\/strong><\/p>\n<p style=\"text-align: center;\">\u201cTive dificuldades para concluir minha prepara\u00e7\u00e3o durante essa semana, mas acabei me recuperando a tempo para participar da prova. Essa \u00e9 a minha segunda vez num percurso disputado em um aut\u00f3dromo.\u201d \u2013 disse o campe\u00e3o Rivanildo.<\/p>\n<p><img loading=\"lazy\" decoding=\"async\" class=\" wp-image-24767 aligncenter\" src=\"https:\/\/chelso.com.br\/site\/wp-content\/uploads\/2025\/04\/primeiros-colocados-do-masculino-300x198.jpeg\" alt=\"\" width=\"446\" height=\"295\" srcset=\"https:\/\/chelso.com.br\/site\/wp-content\/uploads\/2025\/04\/primeiros-colocados-do-masculino-300x198.jpeg 300w, https:\/\/chelso.com.br\/site\/wp-content\/uploads\/2025\/04\/primeiros-colocados-do-masculino-1024x676.jpeg 1024w, https:\/\/chelso.com.br\/site\/wp-content\/uploads\/2025\/04\/primeiros-colocados-do-masculino-1536x1015.jpeg 1536w, https:\/\/chelso.com.br\/site\/wp-content\/uploads\/2025\/04\/primeiros-colocados-do-masculino-150x99.jpeg 150w, https:\/\/chelso.com.br\/site\/wp-content\/uploads\/2025\/04\/primeiros-colocados-do-masculino-450x297.jpeg 450w, https:\/\/chelso.com.br\/site\/wp-content\/uploads\/2025\/04\/primeiros-colocados-do-masculino-1200x793.jpeg 1200w, https:\/\/chelso.com.br\/site\/wp-content\/uploads\/2025\/04\/primeiros-colocados-do-masculino-768x507.jpeg 768w, https:\/\/chelso.com.br\/site\/wp-content\/uploads\/2025\/04\/primeiros-colocados-do-masculino.jpeg 1600w\" sizes=\"(max-width: 446px) 100vw, 446px\" \/><\/p>\n<p style=\"text-align: center;\"><strong>Lydian Kellen Mendes Ferreira (primeira colocada no feminino)<\/strong><\/p>\n<p style=\"text-align: center;\">\u201cEstava esperando dificuldades no percurso, principalmente em raz\u00e3o das curvas e das subidas, mas tive a felicidade de sair no pelot\u00e3o da frente, o que ajudou a vencer mais esse desafio.\u201d<\/p>\n<p><img loading=\"lazy\" decoding=\"async\" class=\" wp-image-24768 aligncenter\" src=\"https:\/\/chelso.com.br\/site\/wp-content\/uploads\/2025\/04\/Lydian-300x231.jpeg\" alt=\"\" width=\"443\" height=\"341\" srcset=\"https:\/\/chelso.com.br\/site\/wp-content\/uploads\/2025\/04\/Lydian-300x231.jpeg 300w, https:\/\/chelso.com.br\/site\/wp-content\/uploads\/2025\/04\/Lydian-1024x787.jpeg 1024w, https:\/\/chelso.com.br\/site\/wp-content\/uploads\/2025\/04\/Lydian-150x115.jpeg 150w, https:\/\/chelso.com.br\/site\/wp-content\/uploads\/2025\/04\/Lydian-450x346.jpeg 450w, https:\/\/chelso.com.br\/site\/wp-content\/uploads\/2025\/04\/Lydian-1200x922.jpeg 1200w, https:\/\/chelso.com.br\/site\/wp-content\/uploads\/2025\/04\/Lydian-768x590.jpeg 768w, https:\/\/chelso.com.br\/site\/wp-content\/uploads\/2025\/04\/Lydian.jpeg 1339w\" sizes=\"(max-width: 443px) 100vw, 443px\" \/><\/p>\n<p style=\"text-align: center;\"><strong>Eydiane Soares Lorenz e Richard Lorenz<\/strong><\/p>\n<p style=\"text-align: center;\">\u201cGostamos muito da experi\u00eancia. Evento top.\u201d<\/p>\n<p><img loading=\"lazy\" decoding=\"async\" class=\" wp-image-24769 aligncenter\" src=\"https:\/\/chelso.com.br\/site\/wp-content\/uploads\/2025\/04\/Richard-300x205.jpeg\" alt=\"\" width=\"451\" height=\"308\" srcset=\"https:\/\/chelso.com.br\/site\/wp-content\/uploads\/2025\/04\/Richard-300x205.jpeg 300w, https:\/\/chelso.com.br\/site\/wp-content\/uploads\/2025\/04\/Richard-1024x701.jpeg 1024w, https:\/\/chelso.com.br\/site\/wp-content\/uploads\/2025\/04\/Richard-150x103.jpeg 150w, https:\/\/chelso.com.br\/site\/wp-content\/uploads\/2025\/04\/Richard-450x308.jpeg 450w, https:\/\/chelso.com.br\/site\/wp-content\/uploads\/2025\/04\/Richard-1200x822.jpeg 1200w, https:\/\/chelso.com.br\/site\/wp-content\/uploads\/2025\/04\/Richard-768x526.jpeg 768w, https:\/\/chelso.com.br\/site\/wp-content\/uploads\/2025\/04\/Richard.jpeg 1273w\" sizes=\"(max-width: 451px) 100vw, 451px\" \/><\/p>\n<p style=\"text-align: center;\"><strong>Marlon Campos Fontana, Rachel Cristina Rodrigues, Maria Francimeire Gomes (Indaiatuba) e Carlos Willian Alves<\/strong><\/p>\n<p style=\"text-align: center;\">\u201cPratico a corrida de rua desde o ano de 2003. Esse esporte \u00e9 uma terapia, \u00e9 minha vida.\u201d \u2013 disse Maria Francimeire.<\/p>\n<p><img loading=\"lazy\" decoding=\"async\" class=\" wp-image-24770 aligncenter\" src=\"https:\/\/chelso.com.br\/site\/wp-content\/uploads\/2025\/04\/WhatsApp-Image-2025-04-08-at-14.14.44-300x225.jpeg\" alt=\"\" width=\"451\" height=\"338\" srcset=\"https:\/\/chelso.com.br\/site\/wp-content\/uploads\/2025\/04\/WhatsApp-Image-2025-04-08-at-14.14.44-300x225.jpeg 300w, https:\/\/chelso.com.br\/site\/wp-content\/uploads\/2025\/04\/WhatsApp-Image-2025-04-08-at-14.14.44-1024x768.jpeg 1024w, https:\/\/chelso.com.br\/site\/wp-content\/uploads\/2025\/04\/WhatsApp-Image-2025-04-08-at-14.14.44-1536x1152.jpeg 1536w, https:\/\/chelso.com.br\/site\/wp-content\/uploads\/2025\/04\/WhatsApp-Image-2025-04-08-at-14.14.44-150x113.jpeg 150w, https:\/\/chelso.com.br\/site\/wp-content\/uploads\/2025\/04\/WhatsApp-Image-2025-04-08-at-14.14.44-450x338.jpeg 450w, https:\/\/chelso.com.br\/site\/wp-content\/uploads\/2025\/04\/WhatsApp-Image-2025-04-08-at-14.14.44-1200x900.jpeg 1200w, https:\/\/chelso.com.br\/site\/wp-content\/uploads\/2025\/04\/WhatsApp-Image-2025-04-08-at-14.14.44-768x576.jpeg 768w, https:\/\/chelso.com.br\/site\/wp-content\/uploads\/2025\/04\/WhatsApp-Image-2025-04-08-at-14.14.44.jpeg 1600w\" sizes=\"(max-width: 451px) 100vw, 451px\" \/><\/p>\n<p style=\"text-align: center;\"><strong>Humberto de Alc\u00e2ntara Pereira (Jandira) e Wilson Robello J\u00fanior (Jundia\u00ed)<\/strong><\/p>\n<p style=\"text-align: center;\">\u201c\u00c9 nossa primeira participa\u00e7\u00e3o numa corrida organizada em aut\u00f3dromo. Est\u00e1 divertido. Valeu!\u201d<\/p>\n<p><img loading=\"lazy\" decoding=\"async\" class=\" wp-image-24771 aligncenter\" src=\"https:\/\/chelso.com.br\/site\/wp-content\/uploads\/2025\/04\/WhatsApp-Image-2025-04-08-at-14.23.24-300x247.jpeg\" alt=\"\" width=\"448\" height=\"369\" srcset=\"https:\/\/chelso.com.br\/site\/wp-content\/uploads\/2025\/04\/WhatsApp-Image-2025-04-08-at-14.23.24-300x247.jpeg 300w, https:\/\/chelso.com.br\/site\/wp-content\/uploads\/2025\/04\/WhatsApp-Image-2025-04-08-at-14.23.24-1024x842.jpeg 1024w, https:\/\/chelso.com.br\/site\/wp-content\/uploads\/2025\/04\/WhatsApp-Image-2025-04-08-at-14.23.24-150x123.jpeg 150w, https:\/\/chelso.com.br\/site\/wp-content\/uploads\/2025\/04\/WhatsApp-Image-2025-04-08-at-14.23.24-450x370.jpeg 450w, https:\/\/chelso.com.br\/site\/wp-content\/uploads\/2025\/04\/WhatsApp-Image-2025-04-08-at-14.23.24-1200x986.jpeg 1200w, https:\/\/chelso.com.br\/site\/wp-content\/uploads\/2025\/04\/WhatsApp-Image-2025-04-08-at-14.23.24-768x631.jpeg 768w, https:\/\/chelso.com.br\/site\/wp-content\/uploads\/2025\/04\/WhatsApp-Image-2025-04-08-at-14.23.24.jpeg 1298w\" sizes=\"(max-width: 448px) 100vw, 448px\" \/><\/p>\n<p style=\"text-align: center;\"><strong>Cr\u00e9dito fotos:<\/strong> Chelso Sports &amp; Business<\/p>\n<p style=\"text-align: center;\"><strong>Assessoria de Imprensa Chelso Sports &amp; Business<\/strong><\/p>\n<p style=\"text-align: center;\">Jornalista Edilson Rodrigues de Morais<\/p>\n<p style=\"text-align: center;\">(19) 99706.1570 \u2013\u00a0<a href=\"http:\/\/www.chelso.com.br\/\">www.chelso.com.br<\/a><\/p>\n","protected":false},"excerpt":{"rendered":"<p>A reportagem da Chelso Sports &amp; Business saiu \u00e0 campo para ouvir os participantes da 2\u00aa edi\u00e7\u00e3o da Vikings Run, realizada no s\u00e1bado, dia 5 de abril, no ECPA (Esporte Clube Piracicabano de Automobilismo). Antes e depois dos 5 km, corredores de v\u00e1rias regi\u00f5es de S\u00e3o Paulo deixaram suas opini\u00f5es e suas avalia\u00e7\u00f5es sobre a<\/p>\n","protected":false},"author":43,"featured_media":24767,"comment_status":"open","ping_status":"closed","sticky":false,"template":"","format":"standard","meta":{"om_disable_all_campaigns":false,"_monsterinsights_skip_tracking":false,"_monsterinsights_sitenote_active":false,"_monsterinsights_sitenote_note":"","_monsterinsights_sitenote_category":0,"footnotes":""},"categories":[30],"tags":[4789,4790],"class_list":{"0":"post-24763","1":"post","2":"type-post","3":"status-publish","4":"format-standard","5":"has-post-thumbnail","7":"category-noticias","8":"tag-chelso-vikinsruns","9":"tag-ecpa"},"aioseo_notices":[],"yoast_head":"<!-- This site is optimized with the Yoast SEO plugin v27.5 - https:\/\/yoast.com\/product\/yoast-seo-wordpress\/ -->\n<title>Qual sua avalia\u00e7\u00e3o da 2\u00aa edi\u00e7\u00e3o da Vikings Run 2025? - Portal Chelso Sports<\/title>\n<meta name=\"robots\" content=\"index, follow, max-snippet:-1, max-image-preview:large, max-video-preview:-1\" \/>\n<link rel=\"canonical\" href=\"https:\/\/chelso.com.br\/site\/qual-sua-avaliacao-da-2a-edicao-da-vikings-run-2025\/\" \/>\n<meta property=\"og:locale\" content=\"pt_BR\" \/>\n<meta property=\"og:type\" content=\"article\" \/>\n<meta property=\"og:title\" content=\"Qual sua avalia\u00e7\u00e3o da 2\u00aa edi\u00e7\u00e3o da Vikings Run 2025? - Portal Chelso Sports\" \/>\n<meta property=\"og:description\" content=\"A reportagem da Chelso Sports &amp; Business saiu \u00e0 campo para ouvir os participantes da 2\u00aa edi\u00e7\u00e3o da Vikings Run, realizada no s\u00e1bado, dia 5 de abril, no ECPA (Esporte Clube Piracicabano de Automobilismo). Antes e depois dos 5 km, corredores de v\u00e1rias regi\u00f5es de S\u00e3o Paulo deixaram suas opini\u00f5es e suas avalia\u00e7\u00f5es sobre a\" \/>\n<meta property=\"og:url\" content=\"https:\/\/chelso.com.br\/site\/qual-sua-avaliacao-da-2a-edicao-da-vikings-run-2025\/\" \/>\n<meta property=\"og:site_name\" content=\"Portal Chelso Sports\" \/>\n<meta property=\"article:published_time\" content=\"2025-04-08T17:38:24+00:00\" \/>\n<meta property=\"article:modified_time\" content=\"2025-04-08T17:54:37+00:00\" \/>\n<meta property=\"og:image\" content=\"https:\/\/chelso.com.br\/site\/wp-content\/uploads\/2025\/04\/primeiros-colocados-do-masculino.jpeg\" \/>\n\t<meta property=\"og:image:width\" content=\"1600\" \/>\n\t<meta property=\"og:image:height\" content=\"1057\" \/>\n\t<meta property=\"og:image:type\" content=\"image\/jpeg\" \/>\n<meta name=\"author\" content=\"Edilson Rodrigues\" \/>\n<meta name=\"twitter:card\" content=\"summary_large_image\" \/>\n<meta name=\"twitter:label1\" content=\"Escrito por\" \/>\n\t<meta name=\"twitter:data1\" content=\"Edilson Rodrigues\" \/>\n\t<meta name=\"twitter:label2\" content=\"Est. tempo de leitura\" \/>\n\t<meta name=\"twitter:data2\" content=\"4 minutos\" \/>\n<script type=\"application\/ld+json\" class=\"yoast-schema-graph\">{\"@context\":\"https:\\\/\\\/schema.org\",\"@graph\":[{\"@type\":\"Article\",\"@id\":\"https:\\\/\\\/chelso.com.br\\\/site\\\/qual-sua-avaliacao-da-2a-edicao-da-vikings-run-2025\\\/#article\",\"isPartOf\":{\"@id\":\"https:\\\/\\\/chelso.com.br\\\/site\\\/qual-sua-avaliacao-da-2a-edicao-da-vikings-run-2025\\\/\"},\"author\":{\"name\":\"Edilson Rodrigues\",\"@id\":\"https:\\\/\\\/chelso.com.br\\\/site\\\/#\\\/schema\\\/person\\\/a1e459f9cc882778a4f1367cb2ba51e3\"},\"headline\":\"Qual sua avalia\u00e7\u00e3o da 2\u00aa edi\u00e7\u00e3o da Vikings Run 2025?\",\"datePublished\":\"2025-04-08T17:38:24+00:00\",\"dateModified\":\"2025-04-08T17:54:37+00:00\",\"mainEntityOfPage\":{\"@id\":\"https:\\\/\\\/chelso.com.br\\\/site\\\/qual-sua-avaliacao-da-2a-edicao-da-vikings-run-2025\\\/\"},\"wordCount\":393,\"commentCount\":0,\"image\":{\"@id\":\"https:\\\/\\\/chelso.com.br\\\/site\\\/qual-sua-avaliacao-da-2a-edicao-da-vikings-run-2025\\\/#primaryimage\"},\"thumbnailUrl\":\"https:\\\/\\\/chelso.com.br\\\/site\\\/wp-content\\\/uploads\\\/2025\\\/04\\\/primeiros-colocados-do-masculino.jpeg\",\"keywords\":[\"chelso; vikinsruns\",\"ecpa\"],\"articleSection\":[\"Not\u00edcias\"],\"inLanguage\":\"pt-BR\",\"potentialAction\":[{\"@type\":\"CommentAction\",\"name\":\"Comment\",\"target\":[\"https:\\\/\\\/chelso.com.br\\\/site\\\/qual-sua-avaliacao-da-2a-edicao-da-vikings-run-2025\\\/#respond\"]}]},{\"@type\":\"WebPage\",\"@id\":\"https:\\\/\\\/chelso.com.br\\\/site\\\/qual-sua-avaliacao-da-2a-edicao-da-vikings-run-2025\\\/\",\"url\":\"https:\\\/\\\/chelso.com.br\\\/site\\\/qual-sua-avaliacao-da-2a-edicao-da-vikings-run-2025\\\/\",\"name\":\"Qual sua avalia\u00e7\u00e3o da 2\u00aa edi\u00e7\u00e3o da Vikings Run 2025? - Portal Chelso Sports\",\"isPartOf\":{\"@id\":\"https:\\\/\\\/chelso.com.br\\\/site\\\/#website\"},\"primaryImageOfPage\":{\"@id\":\"https:\\\/\\\/chelso.com.br\\\/site\\\/qual-sua-avaliacao-da-2a-edicao-da-vikings-run-2025\\\/#primaryimage\"},\"image\":{\"@id\":\"https:\\\/\\\/chelso.com.br\\\/site\\\/qual-sua-avaliacao-da-2a-edicao-da-vikings-run-2025\\\/#primaryimage\"},\"thumbnailUrl\":\"https:\\\/\\\/chelso.com.br\\\/site\\\/wp-content\\\/uploads\\\/2025\\\/04\\\/primeiros-colocados-do-masculino.jpeg\",\"datePublished\":\"2025-04-08T17:38:24+00:00\",\"dateModified\":\"2025-04-08T17:54:37+00:00\",\"author\":{\"@id\":\"https:\\\/\\\/chelso.com.br\\\/site\\\/#\\\/schema\\\/person\\\/a1e459f9cc882778a4f1367cb2ba51e3\"},\"breadcrumb\":{\"@id\":\"https:\\\/\\\/chelso.com.br\\\/site\\\/qual-sua-avaliacao-da-2a-edicao-da-vikings-run-2025\\\/#breadcrumb\"},\"inLanguage\":\"pt-BR\",\"potentialAction\":[{\"@type\":\"ReadAction\",\"target\":[\"https:\\\/\\\/chelso.com.br\\\/site\\\/qual-sua-avaliacao-da-2a-edicao-da-vikings-run-2025\\\/\"]}]},{\"@type\":\"ImageObject\",\"inLanguage\":\"pt-BR\",\"@id\":\"https:\\\/\\\/chelso.com.br\\\/site\\\/qual-sua-avaliacao-da-2a-edicao-da-vikings-run-2025\\\/#primaryimage\",\"url\":\"https:\\\/\\\/chelso.com.br\\\/site\\\/wp-content\\\/uploads\\\/2025\\\/04\\\/primeiros-colocados-do-masculino.jpeg\",\"contentUrl\":\"https:\\\/\\\/chelso.com.br\\\/site\\\/wp-content\\\/uploads\\\/2025\\\/04\\\/primeiros-colocados-do-masculino.jpeg\",\"width\":1600,\"height\":1057},{\"@type\":\"BreadcrumbList\",\"@id\":\"https:\\\/\\\/chelso.com.br\\\/site\\\/qual-sua-avaliacao-da-2a-edicao-da-vikings-run-2025\\\/#breadcrumb\",\"itemListElement\":[{\"@type\":\"ListItem\",\"position\":1,\"name\":\"In\u00edcio\",\"item\":\"https:\\\/\\\/chelso.com.br\\\/site\\\/\"},{\"@type\":\"ListItem\",\"position\":2,\"name\":\"Qual sua avalia\u00e7\u00e3o da 2\u00aa edi\u00e7\u00e3o da Vikings Run 2025?\"}]},{\"@type\":\"WebSite\",\"@id\":\"https:\\\/\\\/chelso.com.br\\\/site\\\/#website\",\"url\":\"https:\\\/\\\/chelso.com.br\\\/site\\\/\",\"name\":\"Portal Chelso Sports\",\"description\":\"Conte\u00fado especializado em corrida de rua e triathlon\",\"potentialAction\":[{\"@type\":\"SearchAction\",\"target\":{\"@type\":\"EntryPoint\",\"urlTemplate\":\"https:\\\/\\\/chelso.com.br\\\/site\\\/?s={search_term_string}\"},\"query-input\":{\"@type\":\"PropertyValueSpecification\",\"valueRequired\":true,\"valueName\":\"search_term_string\"}}],\"inLanguage\":\"pt-BR\"},{\"@type\":\"Person\",\"@id\":\"https:\\\/\\\/chelso.com.br\\\/site\\\/#\\\/schema\\\/person\\\/a1e459f9cc882778a4f1367cb2ba51e3\",\"name\":\"Edilson Rodrigues\",\"image\":{\"@type\":\"ImageObject\",\"inLanguage\":\"pt-BR\",\"@id\":\"https:\\\/\\\/chelso.com.br\\\/site\\\/wp-content\\\/uploads\\\/2024\\\/09\\\/Captura-de-tela-2024-09-27-170323-150x150.png\",\"url\":\"https:\\\/\\\/chelso.com.br\\\/site\\\/wp-content\\\/uploads\\\/2024\\\/09\\\/Captura-de-tela-2024-09-27-170323-150x150.png\",\"contentUrl\":\"https:\\\/\\\/chelso.com.br\\\/site\\\/wp-content\\\/uploads\\\/2024\\\/09\\\/Captura-de-tela-2024-09-27-170323-150x150.png\",\"caption\":\"Edilson Rodrigues\"},\"url\":\"https:\\\/\\\/chelso.com.br\\\/site\\\/author\\\/edilson\\\/\"}]}<\/script>\n<!-- \/ Yoast SEO plugin. -->","yoast_head_json":{"title":"Qual sua avalia\u00e7\u00e3o da 2\u00aa edi\u00e7\u00e3o da Vikings Run 2025? - Portal Chelso Sports","robots":{"index":"index","follow":"follow","max-snippet":"max-snippet:-1","max-image-preview":"max-image-preview:large","max-video-preview":"max-video-preview:-1"},"canonical":"https:\/\/chelso.com.br\/site\/qual-sua-avaliacao-da-2a-edicao-da-vikings-run-2025\/","og_locale":"pt_BR","og_type":"article","og_title":"Qual sua avalia\u00e7\u00e3o da 2\u00aa edi\u00e7\u00e3o da Vikings Run 2025? - Portal Chelso Sports","og_description":"A reportagem da Chelso Sports &amp; Business saiu \u00e0 campo para ouvir os participantes da 2\u00aa edi\u00e7\u00e3o da Vikings Run, realizada no s\u00e1bado, dia 5 de abril, no ECPA (Esporte Clube Piracicabano de Automobilismo). Antes e depois dos 5 km, corredores de v\u00e1rias regi\u00f5es de S\u00e3o Paulo deixaram suas opini\u00f5es e suas avalia\u00e7\u00f5es sobre a","og_url":"https:\/\/chelso.com.br\/site\/qual-sua-avaliacao-da-2a-edicao-da-vikings-run-2025\/","og_site_name":"Portal Chelso Sports","article_published_time":"2025-04-08T17:38:24+00:00","article_modified_time":"2025-04-08T17:54:37+00:00","og_image":[{"width":1600,"height":1057,"url":"https:\/\/chelso.com.br\/site\/wp-content\/uploads\/2025\/04\/primeiros-colocados-do-masculino.jpeg","type":"image\/jpeg"}],"author":"Edilson Rodrigues","twitter_card":"summary_large_image","twitter_misc":{"Escrito por":"Edilson Rodrigues","Est. tempo de leitura":"4 minutos"},"schema":{"@context":"https:\/\/schema.org","@graph":[{"@type":"Article","@id":"https:\/\/chelso.com.br\/site\/qual-sua-avaliacao-da-2a-edicao-da-vikings-run-2025\/#article","isPartOf":{"@id":"https:\/\/chelso.com.br\/site\/qual-sua-avaliacao-da-2a-edicao-da-vikings-run-2025\/"},"author":{"name":"Edilson Rodrigues","@id":"https:\/\/chelso.com.br\/site\/#\/schema\/person\/a1e459f9cc882778a4f1367cb2ba51e3"},"headline":"Qual sua avalia\u00e7\u00e3o da 2\u00aa edi\u00e7\u00e3o da Vikings Run 2025?","datePublished":"2025-04-08T17:38:24+00:00","dateModified":"2025-04-08T17:54:37+00:00","mainEntityOfPage":{"@id":"https:\/\/chelso.com.br\/site\/qual-sua-avaliacao-da-2a-edicao-da-vikings-run-2025\/"},"wordCount":393,"commentCount":0,"image":{"@id":"https:\/\/chelso.com.br\/site\/qual-sua-avaliacao-da-2a-edicao-da-vikings-run-2025\/#primaryimage"},"thumbnailUrl":"https:\/\/chelso.com.br\/site\/wp-content\/uploads\/2025\/04\/primeiros-colocados-do-masculino.jpeg","keywords":["chelso; vikinsruns","ecpa"],"articleSection":["Not\u00edcias"],"inLanguage":"pt-BR","potentialAction":[{"@type":"CommentAction","name":"Comment","target":["https:\/\/chelso.com.br\/site\/qual-sua-avaliacao-da-2a-edicao-da-vikings-run-2025\/#respond"]}]},{"@type":"WebPage","@id":"https:\/\/chelso.com.br\/site\/qual-sua-avaliacao-da-2a-edicao-da-vikings-run-2025\/","url":"https:\/\/chelso.com.br\/site\/qual-sua-avaliacao-da-2a-edicao-da-vikings-run-2025\/","name":"Qual sua avalia\u00e7\u00e3o da 2\u00aa edi\u00e7\u00e3o da Vikings Run 2025? - Portal Chelso Sports","isPartOf":{"@id":"https:\/\/chelso.com.br\/site\/#website"},"primaryImageOfPage":{"@id":"https:\/\/chelso.com.br\/site\/qual-sua-avaliacao-da-2a-edicao-da-vikings-run-2025\/#primaryimage"},"image":{"@id":"https:\/\/chelso.com.br\/site\/qual-sua-avaliacao-da-2a-edicao-da-vikings-run-2025\/#primaryimage"},"thumbnailUrl":"https:\/\/chelso.com.br\/site\/wp-content\/uploads\/2025\/04\/primeiros-colocados-do-masculino.jpeg","datePublished":"2025-04-08T17:38:24+00:00","dateModified":"2025-04-08T17:54:37+00:00","author":{"@id":"https:\/\/chelso.com.br\/site\/#\/schema\/person\/a1e459f9cc882778a4f1367cb2ba51e3"},"breadcrumb":{"@id":"https:\/\/chelso.com.br\/site\/qual-sua-avaliacao-da-2a-edicao-da-vikings-run-2025\/#breadcrumb"},"inLanguage":"pt-BR","potentialAction":[{"@type":"ReadAction","target":["https:\/\/chelso.com.br\/site\/qual-sua-avaliacao-da-2a-edicao-da-vikings-run-2025\/"]}]},{"@type":"ImageObject","inLanguage":"pt-BR","@id":"https:\/\/chelso.com.br\/site\/qual-sua-avaliacao-da-2a-edicao-da-vikings-run-2025\/#primaryimage","url":"https:\/\/chelso.com.br\/site\/wp-content\/uploads\/2025\/04\/primeiros-colocados-do-masculino.jpeg","contentUrl":"https:\/\/chelso.com.br\/site\/wp-content\/uploads\/2025\/04\/primeiros-colocados-do-masculino.jpeg","width":1600,"height":1057},{"@type":"BreadcrumbList","@id":"https:\/\/chelso.com.br\/site\/qual-sua-avaliacao-da-2a-edicao-da-vikings-run-2025\/#breadcrumb","itemListElement":[{"@type":"ListItem","position":1,"name":"In\u00edcio","item":"https:\/\/chelso.com.br\/site\/"},{"@type":"ListItem","position":2,"name":"Qual sua avalia\u00e7\u00e3o da 2\u00aa edi\u00e7\u00e3o da Vikings Run 2025?"}]},{"@type":"WebSite","@id":"https:\/\/chelso.com.br\/site\/#website","url":"https:\/\/chelso.com.br\/site\/","name":"Portal Chelso Sports","description":"Conte\u00fado especializado em corrida de rua e triathlon","potentialAction":[{"@type":"SearchAction","target":{"@type":"EntryPoint","urlTemplate":"https:\/\/chelso.com.br\/site\/?s={search_term_string}"},"query-input":{"@type":"PropertyValueSpecification","valueRequired":true,"valueName":"search_term_string"}}],"inLanguage":"pt-BR"},{"@type":"Person","@id":"https:\/\/chelso.com.br\/site\/#\/schema\/person\/a1e459f9cc882778a4f1367cb2ba51e3","name":"Edilson Rodrigues","image":{"@type":"ImageObject","inLanguage":"pt-BR","@id":"https:\/\/chelso.com.br\/site\/wp-content\/uploads\/2024\/09\/Captura-de-tela-2024-09-27-170323-150x150.png","url":"https:\/\/chelso.com.br\/site\/wp-content\/uploads\/2024\/09\/Captura-de-tela-2024-09-27-170323-150x150.png","contentUrl":"https:\/\/chelso.com.br\/site\/wp-content\/uploads\/2024\/09\/Captura-de-tela-2024-09-27-170323-150x150.png","caption":"Edilson Rodrigues"},"url":"https:\/\/chelso.com.br\/site\/author\/edilson\/"}]}},"amp_enabled":true,"_links":{"self":[{"href":"https:\/\/chelso.com.br\/site\/wp-json\/wp\/v2\/posts\/24763","targetHints":{"allow":["GET"]}}],"collection":[{"href":"https:\/\/chelso.com.br\/site\/wp-json\/wp\/v2\/posts"}],"about":[{"href":"https:\/\/chelso.com.br\/site\/wp-json\/wp\/v2\/types\/post"}],"author":[{"embeddable":true,"href":"https:\/\/chelso.com.br\/site\/wp-json\/wp\/v2\/users\/43"}],"replies":[{"embeddable":true,"href":"https:\/\/chelso.com.br\/site\/wp-json\/wp\/v2\/comments?post=24763"}],"version-history":[{"count":4,"href":"https:\/\/chelso.com.br\/site\/wp-json\/wp\/v2\/posts\/24763\/revisions"}],"predecessor-version":[{"id":24775,"href":"https:\/\/chelso.com.br\/site\/wp-json\/wp\/v2\/posts\/24763\/revisions\/24775"}],"wp:featuredmedia":[{"embeddable":true,"href":"https:\/\/chelso.com.br\/site\/wp-json\/wp\/v2\/media\/24767"}],"wp:attachment":[{"href":"https:\/\/chelso.com.br\/site\/wp-json\/wp\/v2\/media?parent=24763"}],"wp:term":[{"taxonomy":"category","embeddable":true,"href":"https:\/\/chelso.com.br\/site\/wp-json\/wp\/v2\/categories?post=24763"},{"taxonomy":"post_tag","embeddable":true,"href":"https:\/\/chelso.com.br\/site\/wp-json\/wp\/v2\/tags?post=24763"}],"curies":[{"name":"wp","href":"https:\/\/api.w.org\/{rel}","templated":true}]}}