{"id":24892,"date":"2025-04-15T14:38:36","date_gmt":"2025-04-15T17:38:36","guid":{"rendered":"https:\/\/chelso.com.br\/site\/?p=24892"},"modified":"2025-04-15T14:42:17","modified_gmt":"2025-04-15T17:42:17","slug":"maratona-de-boston-e-dia-21-de-abril-confira-todas-as-informacoes-sobre-a-segunda-major-de-2025","status":"publish","type":"post","link":"https:\/\/chelso.com.br\/site\/maratona-de-boston-e-dia-21-de-abril-confira-todas-as-informacoes-sobre-a-segunda-major-de-2025\/","title":{"rendered":"Maratona de Boston \u00e9 dia 21 de abril: as informa\u00e7\u00f5es sobre a segunda Major de 2025"},"content":{"rendered":"<p style=\"text-align: center;\">Na pr\u00f3xima segunda-feira, dia 21 de abril, a cidade de Boston, nos Estados Unidos, vai estar movimentada com a tradicional Maratona, a segunda Major de 2025.<\/p>\n<p style=\"text-align: center;\">Est\u00e1 ser\u00e1 a 129\u00aa edi\u00e7\u00e3o da prova, que re\u00fane mais de 30 mil atletas de v\u00e1rias partes do mundo e de grandes nomes do atletismo atual.<\/p>\n<p style=\"text-align: center;\">A prova conta com atletas profissionais de 20 pa\u00edses, incluindo medalhistas Ol\u00edmpicos. Ao todo, s\u00e3o 21 atletas com tempos abaixo de 2:09, no masculino, e 17 abaixo de 2:23, no feminino.<\/p>\n<p style=\"text-align: center;\">Os atuais campe\u00f5es, Hellen Obiri, do Qu\u00eania, e Sisav Lemma, da Eti\u00f3pia, est\u00e3o de volta \u00e0s ruas de Boston e v\u00e3o tentar defender seus t\u00edtulos. Medalhista de bronze em Paris 2024, Obiri, inclusive, venceu as duas \u00faltimas edi\u00e7\u00f5es e busca se tornar apenas a quarta mulher a ser tricampe\u00e3 do evento.<\/p>\n<p style=\"text-align: center;\">O start list feminino ainda conta com outros nomes de peso, como Edna Kiplagat, bicampe\u00e3 mundial e da prova de Boston (2017 e 2021), a atual vice,\u00a0Sharon Lokedi, al\u00e9m de\u00a0Amane Beriso\u00a0e\u00a0Yalemzerf Yehualaw, que t\u00eam os melhores tempos (2:14:58 e 2:16:52, respectivamente).<\/p>\n<p style=\"text-align: center;\">Entre os homens, cinco dos que terminaram no top 7 ano passado voltam a disputar a competi\u00e7\u00e3o em 2025. O atual vencedor e quarto maratonista mais r\u00e1pido da hist\u00f3ria, Sisay Lemma, ter\u00e1 a forte concorr\u00eancia de\u00a0Evans Chebet, bicampe\u00e3o em Boston,\u00a0Victor Kiplangat, atual campe\u00e3o mundial, assim como\u00a0John Korir<strong>,<\/strong>\u00a0quarto colocado e vencedor da Maratona de Chicago de 2024.<\/p>\n<p style=\"text-align: center;\"><strong>O calend\u00e1rio das Majors 2025<\/strong><\/p>\n<p style=\"text-align: center;\">Na primeira prova do ano, em T\u00f3quio, no Jap\u00e3o, realizada no m\u00eas de mar\u00e7o, os campe\u00f5es foram Tadese Takele e Sutume Asefa Kebede, ambos da Eti\u00f3pia.<\/p>\n<p style=\"text-align: center;\">Ap\u00f3s a prova de Boston, a ser realizada na pr\u00f3xima segunda-feira, dia 21, est\u00e3o agendadas as maratonas de Londres (27\/4), Sydney (31\/8), Berlim (21\/9), Chicago (12\/10) e Nova York 2\/11).<\/p>\n<p style=\"text-align: center;\"><strong>Cr\u00e9dito fotos:\u00a0<\/strong>The Boston Globe)<\/p>\n<p>&nbsp;<\/p>\n","protected":false},"excerpt":{"rendered":"<p>Na pr\u00f3xima segunda-feira, dia 21 de abril, a cidade de Boston, nos Estados Unidos, vai estar movimentada com a tradicional Maratona, a segunda Major de 2025. Est\u00e1 ser\u00e1 a 129\u00aa edi\u00e7\u00e3o da prova, que re\u00fane mais de 30 mil atletas de v\u00e1rias partes do mundo e de grandes nomes do atletismo atual. A prova conta<\/p>\n","protected":false},"author":43,"featured_media":24893,"comment_status":"open","ping_status":"closed","sticky":false,"template":"","format":"standard","meta":{"om_disable_all_campaigns":false,"_monsterinsights_skip_tracking":false,"_monsterinsights_sitenote_active":false,"_monsterinsights_sitenote_note":"","_monsterinsights_sitenote_category":0,"footnotes":""},"categories":[30],"tags":[4796],"class_list":{"0":"post-24892","1":"post","2":"type-post","3":"status-publish","4":"format-standard","5":"has-post-thumbnail","7":"category-noticias","8":"tag-boston-majors"},"aioseo_notices":[],"yoast_head":"<!-- This site is optimized with the Yoast SEO plugin v27.5 - https:\/\/yoast.com\/product\/yoast-seo-wordpress\/ -->\n<title>Maratona de Boston \u00e9 dia 21 de abril: as informa\u00e7\u00f5es sobre a segunda Major de 2025 - Portal Chelso Sports<\/title>\n<meta name=\"robots\" content=\"index, follow, max-snippet:-1, max-image-preview:large, max-video-preview:-1\" \/>\n<link rel=\"canonical\" href=\"https:\/\/chelso.com.br\/site\/maratona-de-boston-e-dia-21-de-abril-confira-todas-as-informacoes-sobre-a-segunda-major-de-2025\/\" \/>\n<meta property=\"og:locale\" content=\"pt_BR\" \/>\n<meta property=\"og:type\" content=\"article\" \/>\n<meta property=\"og:title\" content=\"Maratona de Boston \u00e9 dia 21 de abril: as informa\u00e7\u00f5es sobre a segunda Major de 2025 - Portal Chelso Sports\" \/>\n<meta property=\"og:description\" content=\"Na pr\u00f3xima segunda-feira, dia 21 de abril, a cidade de Boston, nos Estados Unidos, vai estar movimentada com a tradicional Maratona, a segunda Major de 2025. Est\u00e1 ser\u00e1 a 129\u00aa edi\u00e7\u00e3o da prova, que re\u00fane mais de 30 mil atletas de v\u00e1rias partes do mundo e de grandes nomes do atletismo atual. A prova conta\" \/>\n<meta property=\"og:url\" content=\"https:\/\/chelso.com.br\/site\/maratona-de-boston-e-dia-21-de-abril-confira-todas-as-informacoes-sobre-a-segunda-major-de-2025\/\" \/>\n<meta property=\"og:site_name\" content=\"Portal Chelso Sports\" \/>\n<meta property=\"article:published_time\" content=\"2025-04-15T17:38:36+00:00\" \/>\n<meta property=\"article:modified_time\" content=\"2025-04-15T17:42:17+00:00\" \/>\n<meta property=\"og:image\" content=\"https:\/\/chelso.com.br\/site\/wp-content\/uploads\/2025\/04\/35OV76PDYENKE4ADKTYTV7ZVZE-625d893e1af35.jpg\" \/>\n\t<meta property=\"og:image:width\" content=\"1200\" \/>\n\t<meta property=\"og:image:height\" content=\"800\" \/>\n\t<meta property=\"og:image:type\" content=\"image\/jpeg\" \/>\n<meta name=\"author\" content=\"Edilson Rodrigues\" \/>\n<meta name=\"twitter:card\" content=\"summary_large_image\" \/>\n<meta name=\"twitter:label1\" content=\"Escrito por\" \/>\n\t<meta name=\"twitter:data1\" content=\"Edilson Rodrigues\" \/>\n\t<meta name=\"twitter:label2\" content=\"Est. tempo de leitura\" \/>\n\t<meta name=\"twitter:data2\" content=\"2 minutos\" \/>\n<script type=\"application\/ld+json\" class=\"yoast-schema-graph\">{\"@context\":\"https:\\\/\\\/schema.org\",\"@graph\":[{\"@type\":\"Article\",\"@id\":\"https:\\\/\\\/chelso.com.br\\\/site\\\/maratona-de-boston-e-dia-21-de-abril-confira-todas-as-informacoes-sobre-a-segunda-major-de-2025\\\/#article\",\"isPartOf\":{\"@id\":\"https:\\\/\\\/chelso.com.br\\\/site\\\/maratona-de-boston-e-dia-21-de-abril-confira-todas-as-informacoes-sobre-a-segunda-major-de-2025\\\/\"},\"author\":{\"name\":\"Edilson Rodrigues\",\"@id\":\"https:\\\/\\\/chelso.com.br\\\/site\\\/#\\\/schema\\\/person\\\/a1e459f9cc882778a4f1367cb2ba51e3\"},\"headline\":\"Maratona de Boston \u00e9 dia 21 de abril: as informa\u00e7\u00f5es sobre a segunda Major de 2025\",\"datePublished\":\"2025-04-15T17:38:36+00:00\",\"dateModified\":\"2025-04-15T17:42:17+00:00\",\"mainEntityOfPage\":{\"@id\":\"https:\\\/\\\/chelso.com.br\\\/site\\\/maratona-de-boston-e-dia-21-de-abril-confira-todas-as-informacoes-sobre-a-segunda-major-de-2025\\\/\"},\"wordCount\":329,\"commentCount\":0,\"image\":{\"@id\":\"https:\\\/\\\/chelso.com.br\\\/site\\\/maratona-de-boston-e-dia-21-de-abril-confira-todas-as-informacoes-sobre-a-segunda-major-de-2025\\\/#primaryimage\"},\"thumbnailUrl\":\"https:\\\/\\\/chelso.com.br\\\/site\\\/wp-content\\\/uploads\\\/2025\\\/04\\\/35OV76PDYENKE4ADKTYTV7ZVZE-625d893e1af35.jpg\",\"keywords\":[\"boston; majors\"],\"articleSection\":[\"Not\u00edcias\"],\"inLanguage\":\"pt-BR\",\"potentialAction\":[{\"@type\":\"CommentAction\",\"name\":\"Comment\",\"target\":[\"https:\\\/\\\/chelso.com.br\\\/site\\\/maratona-de-boston-e-dia-21-de-abril-confira-todas-as-informacoes-sobre-a-segunda-major-de-2025\\\/#respond\"]}]},{\"@type\":\"WebPage\",\"@id\":\"https:\\\/\\\/chelso.com.br\\\/site\\\/maratona-de-boston-e-dia-21-de-abril-confira-todas-as-informacoes-sobre-a-segunda-major-de-2025\\\/\",\"url\":\"https:\\\/\\\/chelso.com.br\\\/site\\\/maratona-de-boston-e-dia-21-de-abril-confira-todas-as-informacoes-sobre-a-segunda-major-de-2025\\\/\",\"name\":\"Maratona de Boston \u00e9 dia 21 de abril: as informa\u00e7\u00f5es sobre a segunda Major de 2025 - Portal Chelso Sports\",\"isPartOf\":{\"@id\":\"https:\\\/\\\/chelso.com.br\\\/site\\\/#website\"},\"primaryImageOfPage\":{\"@id\":\"https:\\\/\\\/chelso.com.br\\\/site\\\/maratona-de-boston-e-dia-21-de-abril-confira-todas-as-informacoes-sobre-a-segunda-major-de-2025\\\/#primaryimage\"},\"image\":{\"@id\":\"https:\\\/\\\/chelso.com.br\\\/site\\\/maratona-de-boston-e-dia-21-de-abril-confira-todas-as-informacoes-sobre-a-segunda-major-de-2025\\\/#primaryimage\"},\"thumbnailUrl\":\"https:\\\/\\\/chelso.com.br\\\/site\\\/wp-content\\\/uploads\\\/2025\\\/04\\\/35OV76PDYENKE4ADKTYTV7ZVZE-625d893e1af35.jpg\",\"datePublished\":\"2025-04-15T17:38:36+00:00\",\"dateModified\":\"2025-04-15T17:42:17+00:00\",\"author\":{\"@id\":\"https:\\\/\\\/chelso.com.br\\\/site\\\/#\\\/schema\\\/person\\\/a1e459f9cc882778a4f1367cb2ba51e3\"},\"breadcrumb\":{\"@id\":\"https:\\\/\\\/chelso.com.br\\\/site\\\/maratona-de-boston-e-dia-21-de-abril-confira-todas-as-informacoes-sobre-a-segunda-major-de-2025\\\/#breadcrumb\"},\"inLanguage\":\"pt-BR\",\"potentialAction\":[{\"@type\":\"ReadAction\",\"target\":[\"https:\\\/\\\/chelso.com.br\\\/site\\\/maratona-de-boston-e-dia-21-de-abril-confira-todas-as-informacoes-sobre-a-segunda-major-de-2025\\\/\"]}]},{\"@type\":\"ImageObject\",\"inLanguage\":\"pt-BR\",\"@id\":\"https:\\\/\\\/chelso.com.br\\\/site\\\/maratona-de-boston-e-dia-21-de-abril-confira-todas-as-informacoes-sobre-a-segunda-major-de-2025\\\/#primaryimage\",\"url\":\"https:\\\/\\\/chelso.com.br\\\/site\\\/wp-content\\\/uploads\\\/2025\\\/04\\\/35OV76PDYENKE4ADKTYTV7ZVZE-625d893e1af35.jpg\",\"contentUrl\":\"https:\\\/\\\/chelso.com.br\\\/site\\\/wp-content\\\/uploads\\\/2025\\\/04\\\/35OV76PDYENKE4ADKTYTV7ZVZE-625d893e1af35.jpg\",\"width\":1200,\"height\":800},{\"@type\":\"BreadcrumbList\",\"@id\":\"https:\\\/\\\/chelso.com.br\\\/site\\\/maratona-de-boston-e-dia-21-de-abril-confira-todas-as-informacoes-sobre-a-segunda-major-de-2025\\\/#breadcrumb\",\"itemListElement\":[{\"@type\":\"ListItem\",\"position\":1,\"name\":\"In\u00edcio\",\"item\":\"https:\\\/\\\/chelso.com.br\\\/site\\\/\"},{\"@type\":\"ListItem\",\"position\":2,\"name\":\"Maratona de Boston \u00e9 dia 21 de abril: as informa\u00e7\u00f5es sobre a segunda Major de 2025\"}]},{\"@type\":\"WebSite\",\"@id\":\"https:\\\/\\\/chelso.com.br\\\/site\\\/#website\",\"url\":\"https:\\\/\\\/chelso.com.br\\\/site\\\/\",\"name\":\"Portal Chelso Sports\",\"description\":\"Conte\u00fado especializado em corrida de rua e triathlon\",\"potentialAction\":[{\"@type\":\"SearchAction\",\"target\":{\"@type\":\"EntryPoint\",\"urlTemplate\":\"https:\\\/\\\/chelso.com.br\\\/site\\\/?s={search_term_string}\"},\"query-input\":{\"@type\":\"PropertyValueSpecification\",\"valueRequired\":true,\"valueName\":\"search_term_string\"}}],\"inLanguage\":\"pt-BR\"},{\"@type\":\"Person\",\"@id\":\"https:\\\/\\\/chelso.com.br\\\/site\\\/#\\\/schema\\\/person\\\/a1e459f9cc882778a4f1367cb2ba51e3\",\"name\":\"Edilson Rodrigues\",\"image\":{\"@type\":\"ImageObject\",\"inLanguage\":\"pt-BR\",\"@id\":\"https:\\\/\\\/chelso.com.br\\\/site\\\/wp-content\\\/uploads\\\/2024\\\/09\\\/Captura-de-tela-2024-09-27-170323-150x150.png\",\"url\":\"https:\\\/\\\/chelso.com.br\\\/site\\\/wp-content\\\/uploads\\\/2024\\\/09\\\/Captura-de-tela-2024-09-27-170323-150x150.png\",\"contentUrl\":\"https:\\\/\\\/chelso.com.br\\\/site\\\/wp-content\\\/uploads\\\/2024\\\/09\\\/Captura-de-tela-2024-09-27-170323-150x150.png\",\"caption\":\"Edilson Rodrigues\"},\"url\":\"https:\\\/\\\/chelso.com.br\\\/site\\\/author\\\/edilson\\\/\"}]}<\/script>\n<!-- \/ Yoast SEO plugin. -->","yoast_head_json":{"title":"Maratona de Boston \u00e9 dia 21 de abril: as informa\u00e7\u00f5es sobre a segunda Major de 2025 - Portal Chelso Sports","robots":{"index":"index","follow":"follow","max-snippet":"max-snippet:-1","max-image-preview":"max-image-preview:large","max-video-preview":"max-video-preview:-1"},"canonical":"https:\/\/chelso.com.br\/site\/maratona-de-boston-e-dia-21-de-abril-confira-todas-as-informacoes-sobre-a-segunda-major-de-2025\/","og_locale":"pt_BR","og_type":"article","og_title":"Maratona de Boston \u00e9 dia 21 de abril: as informa\u00e7\u00f5es sobre a segunda Major de 2025 - Portal Chelso Sports","og_description":"Na pr\u00f3xima segunda-feira, dia 21 de abril, a cidade de Boston, nos Estados Unidos, vai estar movimentada com a tradicional Maratona, a segunda Major de 2025. Est\u00e1 ser\u00e1 a 129\u00aa edi\u00e7\u00e3o da prova, que re\u00fane mais de 30 mil atletas de v\u00e1rias partes do mundo e de grandes nomes do atletismo atual. A prova conta","og_url":"https:\/\/chelso.com.br\/site\/maratona-de-boston-e-dia-21-de-abril-confira-todas-as-informacoes-sobre-a-segunda-major-de-2025\/","og_site_name":"Portal Chelso Sports","article_published_time":"2025-04-15T17:38:36+00:00","article_modified_time":"2025-04-15T17:42:17+00:00","og_image":[{"width":1200,"height":800,"url":"https:\/\/chelso.com.br\/site\/wp-content\/uploads\/2025\/04\/35OV76PDYENKE4ADKTYTV7ZVZE-625d893e1af35.jpg","type":"image\/jpeg"}],"author":"Edilson Rodrigues","twitter_card":"summary_large_image","twitter_misc":{"Escrito por":"Edilson Rodrigues","Est. tempo de leitura":"2 minutos"},"schema":{"@context":"https:\/\/schema.org","@graph":[{"@type":"Article","@id":"https:\/\/chelso.com.br\/site\/maratona-de-boston-e-dia-21-de-abril-confira-todas-as-informacoes-sobre-a-segunda-major-de-2025\/#article","isPartOf":{"@id":"https:\/\/chelso.com.br\/site\/maratona-de-boston-e-dia-21-de-abril-confira-todas-as-informacoes-sobre-a-segunda-major-de-2025\/"},"author":{"name":"Edilson Rodrigues","@id":"https:\/\/chelso.com.br\/site\/#\/schema\/person\/a1e459f9cc882778a4f1367cb2ba51e3"},"headline":"Maratona de Boston \u00e9 dia 21 de abril: as informa\u00e7\u00f5es sobre a segunda Major de 2025","datePublished":"2025-04-15T17:38:36+00:00","dateModified":"2025-04-15T17:42:17+00:00","mainEntityOfPage":{"@id":"https:\/\/chelso.com.br\/site\/maratona-de-boston-e-dia-21-de-abril-confira-todas-as-informacoes-sobre-a-segunda-major-de-2025\/"},"wordCount":329,"commentCount":0,"image":{"@id":"https:\/\/chelso.com.br\/site\/maratona-de-boston-e-dia-21-de-abril-confira-todas-as-informacoes-sobre-a-segunda-major-de-2025\/#primaryimage"},"thumbnailUrl":"https:\/\/chelso.com.br\/site\/wp-content\/uploads\/2025\/04\/35OV76PDYENKE4ADKTYTV7ZVZE-625d893e1af35.jpg","keywords":["boston; majors"],"articleSection":["Not\u00edcias"],"inLanguage":"pt-BR","potentialAction":[{"@type":"CommentAction","name":"Comment","target":["https:\/\/chelso.com.br\/site\/maratona-de-boston-e-dia-21-de-abril-confira-todas-as-informacoes-sobre-a-segunda-major-de-2025\/#respond"]}]},{"@type":"WebPage","@id":"https:\/\/chelso.com.br\/site\/maratona-de-boston-e-dia-21-de-abril-confira-todas-as-informacoes-sobre-a-segunda-major-de-2025\/","url":"https:\/\/chelso.com.br\/site\/maratona-de-boston-e-dia-21-de-abril-confira-todas-as-informacoes-sobre-a-segunda-major-de-2025\/","name":"Maratona de Boston \u00e9 dia 21 de abril: as informa\u00e7\u00f5es sobre a segunda Major de 2025 - Portal Chelso Sports","isPartOf":{"@id":"https:\/\/chelso.com.br\/site\/#website"},"primaryImageOfPage":{"@id":"https:\/\/chelso.com.br\/site\/maratona-de-boston-e-dia-21-de-abril-confira-todas-as-informacoes-sobre-a-segunda-major-de-2025\/#primaryimage"},"image":{"@id":"https:\/\/chelso.com.br\/site\/maratona-de-boston-e-dia-21-de-abril-confira-todas-as-informacoes-sobre-a-segunda-major-de-2025\/#primaryimage"},"thumbnailUrl":"https:\/\/chelso.com.br\/site\/wp-content\/uploads\/2025\/04\/35OV76PDYENKE4ADKTYTV7ZVZE-625d893e1af35.jpg","datePublished":"2025-04-15T17:38:36+00:00","dateModified":"2025-04-15T17:42:17+00:00","author":{"@id":"https:\/\/chelso.com.br\/site\/#\/schema\/person\/a1e459f9cc882778a4f1367cb2ba51e3"},"breadcrumb":{"@id":"https:\/\/chelso.com.br\/site\/maratona-de-boston-e-dia-21-de-abril-confira-todas-as-informacoes-sobre-a-segunda-major-de-2025\/#breadcrumb"},"inLanguage":"pt-BR","potentialAction":[{"@type":"ReadAction","target":["https:\/\/chelso.com.br\/site\/maratona-de-boston-e-dia-21-de-abril-confira-todas-as-informacoes-sobre-a-segunda-major-de-2025\/"]}]},{"@type":"ImageObject","inLanguage":"pt-BR","@id":"https:\/\/chelso.com.br\/site\/maratona-de-boston-e-dia-21-de-abril-confira-todas-as-informacoes-sobre-a-segunda-major-de-2025\/#primaryimage","url":"https:\/\/chelso.com.br\/site\/wp-content\/uploads\/2025\/04\/35OV76PDYENKE4ADKTYTV7ZVZE-625d893e1af35.jpg","contentUrl":"https:\/\/chelso.com.br\/site\/wp-content\/uploads\/2025\/04\/35OV76PDYENKE4ADKTYTV7ZVZE-625d893e1af35.jpg","width":1200,"height":800},{"@type":"BreadcrumbList","@id":"https:\/\/chelso.com.br\/site\/maratona-de-boston-e-dia-21-de-abril-confira-todas-as-informacoes-sobre-a-segunda-major-de-2025\/#breadcrumb","itemListElement":[{"@type":"ListItem","position":1,"name":"In\u00edcio","item":"https:\/\/chelso.com.br\/site\/"},{"@type":"ListItem","position":2,"name":"Maratona de Boston \u00e9 dia 21 de abril: as informa\u00e7\u00f5es sobre a segunda Major de 2025"}]},{"@type":"WebSite","@id":"https:\/\/chelso.com.br\/site\/#website","url":"https:\/\/chelso.com.br\/site\/","name":"Portal Chelso Sports","description":"Conte\u00fado especializado em corrida de rua e triathlon","potentialAction":[{"@type":"SearchAction","target":{"@type":"EntryPoint","urlTemplate":"https:\/\/chelso.com.br\/site\/?s={search_term_string}"},"query-input":{"@type":"PropertyValueSpecification","valueRequired":true,"valueName":"search_term_string"}}],"inLanguage":"pt-BR"},{"@type":"Person","@id":"https:\/\/chelso.com.br\/site\/#\/schema\/person\/a1e459f9cc882778a4f1367cb2ba51e3","name":"Edilson Rodrigues","image":{"@type":"ImageObject","inLanguage":"pt-BR","@id":"https:\/\/chelso.com.br\/site\/wp-content\/uploads\/2024\/09\/Captura-de-tela-2024-09-27-170323-150x150.png","url":"https:\/\/chelso.com.br\/site\/wp-content\/uploads\/2024\/09\/Captura-de-tela-2024-09-27-170323-150x150.png","contentUrl":"https:\/\/chelso.com.br\/site\/wp-content\/uploads\/2024\/09\/Captura-de-tela-2024-09-27-170323-150x150.png","caption":"Edilson Rodrigues"},"url":"https:\/\/chelso.com.br\/site\/author\/edilson\/"}]}},"amp_enabled":true,"_links":{"self":[{"href":"https:\/\/chelso.com.br\/site\/wp-json\/wp\/v2\/posts\/24892","targetHints":{"allow":["GET"]}}],"collection":[{"href":"https:\/\/chelso.com.br\/site\/wp-json\/wp\/v2\/posts"}],"about":[{"href":"https:\/\/chelso.com.br\/site\/wp-json\/wp\/v2\/types\/post"}],"author":[{"embeddable":true,"href":"https:\/\/chelso.com.br\/site\/wp-json\/wp\/v2\/users\/43"}],"replies":[{"embeddable":true,"href":"https:\/\/chelso.com.br\/site\/wp-json\/wp\/v2\/comments?post=24892"}],"version-history":[{"count":3,"href":"https:\/\/chelso.com.br\/site\/wp-json\/wp\/v2\/posts\/24892\/revisions"}],"predecessor-version":[{"id":24896,"href":"https:\/\/chelso.com.br\/site\/wp-json\/wp\/v2\/posts\/24892\/revisions\/24896"}],"wp:featuredmedia":[{"embeddable":true,"href":"https:\/\/chelso.com.br\/site\/wp-json\/wp\/v2\/media\/24893"}],"wp:attachment":[{"href":"https:\/\/chelso.com.br\/site\/wp-json\/wp\/v2\/media?parent=24892"}],"wp:term":[{"taxonomy":"category","embeddable":true,"href":"https:\/\/chelso.com.br\/site\/wp-json\/wp\/v2\/categories?post=24892"},{"taxonomy":"post_tag","embeddable":true,"href":"https:\/\/chelso.com.br\/site\/wp-json\/wp\/v2\/tags?post=24892"}],"curies":[{"name":"wp","href":"https:\/\/api.w.org\/{rel}","templated":true}]}}