{"id":26268,"date":"2025-07-06T21:26:25","date_gmt":"2025-07-07T00:26:25","guid":{"rendered":"https:\/\/chelso.com.br\/site\/?p=26268"},"modified":"2025-07-08T21:58:11","modified_gmt":"2025-07-09T00:58:11","slug":"o-melhor-maratonista-do-momento-vai-correr-em-berlim","status":"publish","type":"post","link":"https:\/\/chelso.com.br\/site\/o-melhor-maratonista-do-momento-vai-correr-em-berlim\/","title":{"rendered":"O melhor maratonista do momento vai correr em Berlim"},"content":{"rendered":"<p style=\"text-align: center;\">A nova promessa queniana da maratona, Sebastian Sawe, decidiu n\u00e3o participar do Campeonato Mundial de Atletismo de T\u00f3quio para competir na maratona de Berlim, uma corrida com reputa\u00e7\u00e3o de ser r\u00e1pida e prop\u00edcia a recordes.<\/p>\n<p style=\"text-align: center;\">Rec\u00e9m-chegado \u00e0 dist\u00e2ncia de 42.195 km, o corredor de 30 anos j\u00e1 mostrou sinais de seu potencial. Em dezembro de 2024 venceu a maratona de Val\u00eancia (Espanha) em 2 horas 2 minutos e 5 segundos, e em abril passado, em Londres, alcan\u00e7ou o melhor tempo da temporada com 2h02:17.<\/p>\n<p style=\"text-align: center;\">Esperava-se que ele fizesse parte da equipe do Qu\u00eania para a maratona no Campeonato Mundial de Atletismo em T\u00f3quio, uma corrida marcada para 14 de setembro.<\/p>\n<p style=\"text-align: center;\">&#8220;Estou me preparando para Berlim&#8221;, cuja maratona acontece em 21 de setembro, disse Sawe na ter\u00e7a-feira.<\/p>\n<p style=\"text-align: center;\">O percurso plano da maratona na capital alem\u00e3 \u00e9 considerado o mais r\u00e1pido do mundo, e 13 recordes mundiais foram quebrados na categoria masculina.<\/p>\n<p style=\"text-align: center;\">Sawe disse que esperava conseguir um bom tempo em sua primeira participa\u00e7\u00e3o em Berlim, mas n\u00e3o espera bater o recorde mundial de 2h00:35, estabelecido em Chicago em 2023 por seu compatriota Kelvin Kiptum, que morreu tragicamente em um acidente de tr\u00e2nsito em fevereiro de 2024 aos 24 anos.<\/p>\n<p style=\"text-align: center;\">&#8220;\u00c9 muito cedo para falar sobre um recorde mundial. Isso leva tempo e \u00e9 planejado&#8221;, explicou Sawe.<\/p>\n<p style=\"text-align: center;\">Fonte: https:\/\/www.barrons.com\/<\/p>\n","protected":false},"excerpt":{"rendered":"<p>A nova promessa queniana da maratona, Sebastian Sawe, decidiu n\u00e3o participar do Campeonato Mundial de Atletismo de T\u00f3quio para competir na maratona de Berlim, uma corrida com reputa\u00e7\u00e3o de ser r\u00e1pida e prop\u00edcia a recordes. Rec\u00e9m-chegado \u00e0 dist\u00e2ncia de 42.195 km, o corredor de 30 anos j\u00e1 mostrou sinais de seu potencial. Em dezembro de<\/p>\n","protected":false},"author":43,"featured_media":26269,"comment_status":"open","ping_status":"closed","sticky":false,"template":"","format":"standard","meta":{"om_disable_all_campaigns":false,"_monsterinsights_skip_tracking":false,"_monsterinsights_sitenote_active":false,"_monsterinsights_sitenote_note":"","_monsterinsights_sitenote_category":0,"footnotes":""},"categories":[30],"tags":[4919,4920],"class_list":{"0":"post-26268","1":"post","2":"type-post","3":"status-publish","4":"format-standard","5":"has-post-thumbnail","7":"category-noticias","8":"tag-maratona-maratonaberlim-chelso","9":"tag-sebastian-sawe-quenia"},"aioseo_notices":[],"yoast_head":"<!-- This site is optimized with the Yoast SEO plugin v27.4 - https:\/\/yoast.com\/product\/yoast-seo-wordpress\/ -->\n<title>O melhor maratonista do momento vai correr em Berlim - Portal Chelso Sports<\/title>\n<meta name=\"robots\" content=\"index, follow, max-snippet:-1, max-image-preview:large, max-video-preview:-1\" \/>\n<link rel=\"canonical\" href=\"https:\/\/chelso.com.br\/site\/o-melhor-maratonista-do-momento-vai-correr-em-berlim\/\" \/>\n<meta property=\"og:locale\" content=\"pt_BR\" \/>\n<meta property=\"og:type\" content=\"article\" \/>\n<meta property=\"og:title\" content=\"O melhor maratonista do momento vai correr em Berlim - Portal Chelso Sports\" \/>\n<meta property=\"og:description\" content=\"A nova promessa queniana da maratona, Sebastian Sawe, decidiu n\u00e3o participar do Campeonato Mundial de Atletismo de T\u00f3quio para competir na maratona de Berlim, uma corrida com reputa\u00e7\u00e3o de ser r\u00e1pida e prop\u00edcia a recordes. Rec\u00e9m-chegado \u00e0 dist\u00e2ncia de 42.195 km, o corredor de 30 anos j\u00e1 mostrou sinais de seu potencial. Em dezembro de\" \/>\n<meta property=\"og:url\" content=\"https:\/\/chelso.com.br\/site\/o-melhor-maratonista-do-momento-vai-correr-em-berlim\/\" \/>\n<meta property=\"og:site_name\" content=\"Portal Chelso Sports\" \/>\n<meta property=\"article:published_time\" content=\"2025-07-07T00:26:25+00:00\" \/>\n<meta property=\"article:modified_time\" content=\"2025-07-09T00:58:11+00:00\" \/>\n<meta property=\"og:image\" content=\"https:\/\/chelso.com.br\/site\/wp-content\/uploads\/2025\/07\/AFP3020533890906251330388095294008888093845-1.jpg\" \/>\n\t<meta property=\"og:image:width\" content=\"768\" \/>\n\t<meta property=\"og:image:height\" content=\"512\" \/>\n\t<meta property=\"og:image:type\" content=\"image\/jpeg\" \/>\n<meta name=\"author\" content=\"Edilson Rodrigues\" \/>\n<meta name=\"twitter:card\" content=\"summary_large_image\" \/>\n<meta name=\"twitter:label1\" content=\"Escrito por\" \/>\n\t<meta name=\"twitter:data1\" content=\"Edilson Rodrigues\" \/>\n\t<meta name=\"twitter:label2\" content=\"Est. tempo de leitura\" \/>\n\t<meta name=\"twitter:data2\" content=\"2 minutos\" \/>\n<script type=\"application\/ld+json\" class=\"yoast-schema-graph\">{\"@context\":\"https:\\\/\\\/schema.org\",\"@graph\":[{\"@type\":\"Article\",\"@id\":\"https:\\\/\\\/chelso.com.br\\\/site\\\/o-melhor-maratonista-do-momento-vai-correr-em-berlim\\\/#article\",\"isPartOf\":{\"@id\":\"https:\\\/\\\/chelso.com.br\\\/site\\\/o-melhor-maratonista-do-momento-vai-correr-em-berlim\\\/\"},\"author\":{\"name\":\"Edilson Rodrigues\",\"@id\":\"https:\\\/\\\/chelso.com.br\\\/site\\\/#\\\/schema\\\/person\\\/a1e459f9cc882778a4f1367cb2ba51e3\"},\"headline\":\"O melhor maratonista do momento vai correr em Berlim\",\"datePublished\":\"2025-07-07T00:26:25+00:00\",\"dateModified\":\"2025-07-09T00:58:11+00:00\",\"mainEntityOfPage\":{\"@id\":\"https:\\\/\\\/chelso.com.br\\\/site\\\/o-melhor-maratonista-do-momento-vai-correr-em-berlim\\\/\"},\"wordCount\":229,\"commentCount\":0,\"image\":{\"@id\":\"https:\\\/\\\/chelso.com.br\\\/site\\\/o-melhor-maratonista-do-momento-vai-correr-em-berlim\\\/#primaryimage\"},\"thumbnailUrl\":\"https:\\\/\\\/chelso.com.br\\\/site\\\/wp-content\\\/uploads\\\/2025\\\/07\\\/AFP3020533890906251330388095294008888093845-1.jpg\",\"keywords\":[\"maratona; maratonaberlim; chelso;\",\"Sebastian Sawe; qu\u00eania\"],\"articleSection\":[\"Not\u00edcias\"],\"inLanguage\":\"pt-BR\",\"potentialAction\":[{\"@type\":\"CommentAction\",\"name\":\"Comment\",\"target\":[\"https:\\\/\\\/chelso.com.br\\\/site\\\/o-melhor-maratonista-do-momento-vai-correr-em-berlim\\\/#respond\"]}]},{\"@type\":\"WebPage\",\"@id\":\"https:\\\/\\\/chelso.com.br\\\/site\\\/o-melhor-maratonista-do-momento-vai-correr-em-berlim\\\/\",\"url\":\"https:\\\/\\\/chelso.com.br\\\/site\\\/o-melhor-maratonista-do-momento-vai-correr-em-berlim\\\/\",\"name\":\"O melhor maratonista do momento vai correr em Berlim - Portal Chelso Sports\",\"isPartOf\":{\"@id\":\"https:\\\/\\\/chelso.com.br\\\/site\\\/#website\"},\"primaryImageOfPage\":{\"@id\":\"https:\\\/\\\/chelso.com.br\\\/site\\\/o-melhor-maratonista-do-momento-vai-correr-em-berlim\\\/#primaryimage\"},\"image\":{\"@id\":\"https:\\\/\\\/chelso.com.br\\\/site\\\/o-melhor-maratonista-do-momento-vai-correr-em-berlim\\\/#primaryimage\"},\"thumbnailUrl\":\"https:\\\/\\\/chelso.com.br\\\/site\\\/wp-content\\\/uploads\\\/2025\\\/07\\\/AFP3020533890906251330388095294008888093845-1.jpg\",\"datePublished\":\"2025-07-07T00:26:25+00:00\",\"dateModified\":\"2025-07-09T00:58:11+00:00\",\"author\":{\"@id\":\"https:\\\/\\\/chelso.com.br\\\/site\\\/#\\\/schema\\\/person\\\/a1e459f9cc882778a4f1367cb2ba51e3\"},\"breadcrumb\":{\"@id\":\"https:\\\/\\\/chelso.com.br\\\/site\\\/o-melhor-maratonista-do-momento-vai-correr-em-berlim\\\/#breadcrumb\"},\"inLanguage\":\"pt-BR\",\"potentialAction\":[{\"@type\":\"ReadAction\",\"target\":[\"https:\\\/\\\/chelso.com.br\\\/site\\\/o-melhor-maratonista-do-momento-vai-correr-em-berlim\\\/\"]}]},{\"@type\":\"ImageObject\",\"inLanguage\":\"pt-BR\",\"@id\":\"https:\\\/\\\/chelso.com.br\\\/site\\\/o-melhor-maratonista-do-momento-vai-correr-em-berlim\\\/#primaryimage\",\"url\":\"https:\\\/\\\/chelso.com.br\\\/site\\\/wp-content\\\/uploads\\\/2025\\\/07\\\/AFP3020533890906251330388095294008888093845-1.jpg\",\"contentUrl\":\"https:\\\/\\\/chelso.com.br\\\/site\\\/wp-content\\\/uploads\\\/2025\\\/07\\\/AFP3020533890906251330388095294008888093845-1.jpg\",\"width\":768,\"height\":512},{\"@type\":\"BreadcrumbList\",\"@id\":\"https:\\\/\\\/chelso.com.br\\\/site\\\/o-melhor-maratonista-do-momento-vai-correr-em-berlim\\\/#breadcrumb\",\"itemListElement\":[{\"@type\":\"ListItem\",\"position\":1,\"name\":\"In\u00edcio\",\"item\":\"https:\\\/\\\/chelso.com.br\\\/site\\\/\"},{\"@type\":\"ListItem\",\"position\":2,\"name\":\"O melhor maratonista do momento vai correr em Berlim\"}]},{\"@type\":\"WebSite\",\"@id\":\"https:\\\/\\\/chelso.com.br\\\/site\\\/#website\",\"url\":\"https:\\\/\\\/chelso.com.br\\\/site\\\/\",\"name\":\"Portal Chelso Sports\",\"description\":\"Conte\u00fado especializado em corrida de rua e triathlon\",\"potentialAction\":[{\"@type\":\"SearchAction\",\"target\":{\"@type\":\"EntryPoint\",\"urlTemplate\":\"https:\\\/\\\/chelso.com.br\\\/site\\\/?s={search_term_string}\"},\"query-input\":{\"@type\":\"PropertyValueSpecification\",\"valueRequired\":true,\"valueName\":\"search_term_string\"}}],\"inLanguage\":\"pt-BR\"},{\"@type\":\"Person\",\"@id\":\"https:\\\/\\\/chelso.com.br\\\/site\\\/#\\\/schema\\\/person\\\/a1e459f9cc882778a4f1367cb2ba51e3\",\"name\":\"Edilson Rodrigues\",\"image\":{\"@type\":\"ImageObject\",\"inLanguage\":\"pt-BR\",\"@id\":\"https:\\\/\\\/chelso.com.br\\\/site\\\/wp-content\\\/uploads\\\/2024\\\/09\\\/Captura-de-tela-2024-09-27-170323-150x150.png\",\"url\":\"https:\\\/\\\/chelso.com.br\\\/site\\\/wp-content\\\/uploads\\\/2024\\\/09\\\/Captura-de-tela-2024-09-27-170323-150x150.png\",\"contentUrl\":\"https:\\\/\\\/chelso.com.br\\\/site\\\/wp-content\\\/uploads\\\/2024\\\/09\\\/Captura-de-tela-2024-09-27-170323-150x150.png\",\"caption\":\"Edilson Rodrigues\"},\"url\":\"https:\\\/\\\/chelso.com.br\\\/site\\\/author\\\/edilson\\\/\"}]}<\/script>\n<!-- \/ Yoast SEO plugin. -->","yoast_head_json":{"title":"O melhor maratonista do momento vai correr em Berlim - Portal Chelso Sports","robots":{"index":"index","follow":"follow","max-snippet":"max-snippet:-1","max-image-preview":"max-image-preview:large","max-video-preview":"max-video-preview:-1"},"canonical":"https:\/\/chelso.com.br\/site\/o-melhor-maratonista-do-momento-vai-correr-em-berlim\/","og_locale":"pt_BR","og_type":"article","og_title":"O melhor maratonista do momento vai correr em Berlim - Portal Chelso Sports","og_description":"A nova promessa queniana da maratona, Sebastian Sawe, decidiu n\u00e3o participar do Campeonato Mundial de Atletismo de T\u00f3quio para competir na maratona de Berlim, uma corrida com reputa\u00e7\u00e3o de ser r\u00e1pida e prop\u00edcia a recordes. Rec\u00e9m-chegado \u00e0 dist\u00e2ncia de 42.195 km, o corredor de 30 anos j\u00e1 mostrou sinais de seu potencial. Em dezembro de","og_url":"https:\/\/chelso.com.br\/site\/o-melhor-maratonista-do-momento-vai-correr-em-berlim\/","og_site_name":"Portal Chelso Sports","article_published_time":"2025-07-07T00:26:25+00:00","article_modified_time":"2025-07-09T00:58:11+00:00","og_image":[{"width":768,"height":512,"url":"https:\/\/chelso.com.br\/site\/wp-content\/uploads\/2025\/07\/AFP3020533890906251330388095294008888093845-1.jpg","type":"image\/jpeg"}],"author":"Edilson Rodrigues","twitter_card":"summary_large_image","twitter_misc":{"Escrito por":"Edilson Rodrigues","Est. tempo de leitura":"2 minutos"},"schema":{"@context":"https:\/\/schema.org","@graph":[{"@type":"Article","@id":"https:\/\/chelso.com.br\/site\/o-melhor-maratonista-do-momento-vai-correr-em-berlim\/#article","isPartOf":{"@id":"https:\/\/chelso.com.br\/site\/o-melhor-maratonista-do-momento-vai-correr-em-berlim\/"},"author":{"name":"Edilson Rodrigues","@id":"https:\/\/chelso.com.br\/site\/#\/schema\/person\/a1e459f9cc882778a4f1367cb2ba51e3"},"headline":"O melhor maratonista do momento vai correr em Berlim","datePublished":"2025-07-07T00:26:25+00:00","dateModified":"2025-07-09T00:58:11+00:00","mainEntityOfPage":{"@id":"https:\/\/chelso.com.br\/site\/o-melhor-maratonista-do-momento-vai-correr-em-berlim\/"},"wordCount":229,"commentCount":0,"image":{"@id":"https:\/\/chelso.com.br\/site\/o-melhor-maratonista-do-momento-vai-correr-em-berlim\/#primaryimage"},"thumbnailUrl":"https:\/\/chelso.com.br\/site\/wp-content\/uploads\/2025\/07\/AFP3020533890906251330388095294008888093845-1.jpg","keywords":["maratona; maratonaberlim; chelso;","Sebastian Sawe; qu\u00eania"],"articleSection":["Not\u00edcias"],"inLanguage":"pt-BR","potentialAction":[{"@type":"CommentAction","name":"Comment","target":["https:\/\/chelso.com.br\/site\/o-melhor-maratonista-do-momento-vai-correr-em-berlim\/#respond"]}]},{"@type":"WebPage","@id":"https:\/\/chelso.com.br\/site\/o-melhor-maratonista-do-momento-vai-correr-em-berlim\/","url":"https:\/\/chelso.com.br\/site\/o-melhor-maratonista-do-momento-vai-correr-em-berlim\/","name":"O melhor maratonista do momento vai correr em Berlim - Portal Chelso Sports","isPartOf":{"@id":"https:\/\/chelso.com.br\/site\/#website"},"primaryImageOfPage":{"@id":"https:\/\/chelso.com.br\/site\/o-melhor-maratonista-do-momento-vai-correr-em-berlim\/#primaryimage"},"image":{"@id":"https:\/\/chelso.com.br\/site\/o-melhor-maratonista-do-momento-vai-correr-em-berlim\/#primaryimage"},"thumbnailUrl":"https:\/\/chelso.com.br\/site\/wp-content\/uploads\/2025\/07\/AFP3020533890906251330388095294008888093845-1.jpg","datePublished":"2025-07-07T00:26:25+00:00","dateModified":"2025-07-09T00:58:11+00:00","author":{"@id":"https:\/\/chelso.com.br\/site\/#\/schema\/person\/a1e459f9cc882778a4f1367cb2ba51e3"},"breadcrumb":{"@id":"https:\/\/chelso.com.br\/site\/o-melhor-maratonista-do-momento-vai-correr-em-berlim\/#breadcrumb"},"inLanguage":"pt-BR","potentialAction":[{"@type":"ReadAction","target":["https:\/\/chelso.com.br\/site\/o-melhor-maratonista-do-momento-vai-correr-em-berlim\/"]}]},{"@type":"ImageObject","inLanguage":"pt-BR","@id":"https:\/\/chelso.com.br\/site\/o-melhor-maratonista-do-momento-vai-correr-em-berlim\/#primaryimage","url":"https:\/\/chelso.com.br\/site\/wp-content\/uploads\/2025\/07\/AFP3020533890906251330388095294008888093845-1.jpg","contentUrl":"https:\/\/chelso.com.br\/site\/wp-content\/uploads\/2025\/07\/AFP3020533890906251330388095294008888093845-1.jpg","width":768,"height":512},{"@type":"BreadcrumbList","@id":"https:\/\/chelso.com.br\/site\/o-melhor-maratonista-do-momento-vai-correr-em-berlim\/#breadcrumb","itemListElement":[{"@type":"ListItem","position":1,"name":"In\u00edcio","item":"https:\/\/chelso.com.br\/site\/"},{"@type":"ListItem","position":2,"name":"O melhor maratonista do momento vai correr em Berlim"}]},{"@type":"WebSite","@id":"https:\/\/chelso.com.br\/site\/#website","url":"https:\/\/chelso.com.br\/site\/","name":"Portal Chelso Sports","description":"Conte\u00fado especializado em corrida de rua e triathlon","potentialAction":[{"@type":"SearchAction","target":{"@type":"EntryPoint","urlTemplate":"https:\/\/chelso.com.br\/site\/?s={search_term_string}"},"query-input":{"@type":"PropertyValueSpecification","valueRequired":true,"valueName":"search_term_string"}}],"inLanguage":"pt-BR"},{"@type":"Person","@id":"https:\/\/chelso.com.br\/site\/#\/schema\/person\/a1e459f9cc882778a4f1367cb2ba51e3","name":"Edilson Rodrigues","image":{"@type":"ImageObject","inLanguage":"pt-BR","@id":"https:\/\/chelso.com.br\/site\/wp-content\/uploads\/2024\/09\/Captura-de-tela-2024-09-27-170323-150x150.png","url":"https:\/\/chelso.com.br\/site\/wp-content\/uploads\/2024\/09\/Captura-de-tela-2024-09-27-170323-150x150.png","contentUrl":"https:\/\/chelso.com.br\/site\/wp-content\/uploads\/2024\/09\/Captura-de-tela-2024-09-27-170323-150x150.png","caption":"Edilson Rodrigues"},"url":"https:\/\/chelso.com.br\/site\/author\/edilson\/"}]}},"amp_enabled":true,"_links":{"self":[{"href":"https:\/\/chelso.com.br\/site\/wp-json\/wp\/v2\/posts\/26268","targetHints":{"allow":["GET"]}}],"collection":[{"href":"https:\/\/chelso.com.br\/site\/wp-json\/wp\/v2\/posts"}],"about":[{"href":"https:\/\/chelso.com.br\/site\/wp-json\/wp\/v2\/types\/post"}],"author":[{"embeddable":true,"href":"https:\/\/chelso.com.br\/site\/wp-json\/wp\/v2\/users\/43"}],"replies":[{"embeddable":true,"href":"https:\/\/chelso.com.br\/site\/wp-json\/wp\/v2\/comments?post=26268"}],"version-history":[{"count":1,"href":"https:\/\/chelso.com.br\/site\/wp-json\/wp\/v2\/posts\/26268\/revisions"}],"predecessor-version":[{"id":26270,"href":"https:\/\/chelso.com.br\/site\/wp-json\/wp\/v2\/posts\/26268\/revisions\/26270"}],"wp:featuredmedia":[{"embeddable":true,"href":"https:\/\/chelso.com.br\/site\/wp-json\/wp\/v2\/media\/26269"}],"wp:attachment":[{"href":"https:\/\/chelso.com.br\/site\/wp-json\/wp\/v2\/media?parent=26268"}],"wp:term":[{"taxonomy":"category","embeddable":true,"href":"https:\/\/chelso.com.br\/site\/wp-json\/wp\/v2\/categories?post=26268"},{"taxonomy":"post_tag","embeddable":true,"href":"https:\/\/chelso.com.br\/site\/wp-json\/wp\/v2\/tags?post=26268"}],"curies":[{"name":"wp","href":"https:\/\/api.w.org\/{rel}","templated":true}]}}