{"id":26488,"date":"2025-07-24T16:39:58","date_gmt":"2025-07-24T19:39:58","guid":{"rendered":"https:\/\/chelso.com.br\/site\/?p=26488"},"modified":"2025-07-24T16:41:32","modified_gmt":"2025-07-24T19:41:32","slug":"lilica-das-pernas-da-alegria-e-a-entrevistada-de-hoje-no-falatimecast","status":"publish","type":"post","link":"https:\/\/chelso.com.br\/site\/lilica-das-pernas-da-alegria-e-a-entrevistada-de-hoje-no-falatimecast\/","title":{"rendered":"Lilica das Pernas da Alegria \u00e9 a entrevistada de hoje no FalaTimeCast"},"content":{"rendered":"<p style=\"text-align: center;\">Em meio a um dia de muita saudade, nasceu a personagem Lilica, das Pernas da Alegria.<\/p>\n<p style=\"text-align: center;\">Confira a entrevista e conhe\u00e7a a trajet\u00f3ria de algu\u00e9m que soube transformar a dor em algo maior: em miss\u00e3o de amor e de sorriso.<\/p>\n<p style=\"text-align: center;\">FalaTimeCast \u00e9 hoje, dia 24 de julho, a partir das 20h.<\/p>\n<p><img fetchpriority=\"high\" decoding=\"async\" class=\"wp-image-26490 aligncenter\" src=\"https:\/\/chelso.com.br\/site\/wp-content\/uploads\/2025\/07\/WhatsApp-Image-2025-07-24-at-16.28.07-225x300.jpeg\" alt=\"\" width=\"324\" height=\"432\" srcset=\"https:\/\/chelso.com.br\/site\/wp-content\/uploads\/2025\/07\/WhatsApp-Image-2025-07-24-at-16.28.07-225x300.jpeg 225w, https:\/\/chelso.com.br\/site\/wp-content\/uploads\/2025\/07\/WhatsApp-Image-2025-07-24-at-16.28.07-768x1024.jpeg 768w, https:\/\/chelso.com.br\/site\/wp-content\/uploads\/2025\/07\/WhatsApp-Image-2025-07-24-at-16.28.07-1152x1536.jpeg 1152w, https:\/\/chelso.com.br\/site\/wp-content\/uploads\/2025\/07\/WhatsApp-Image-2025-07-24-at-16.28.07-150x200.jpeg 150w, https:\/\/chelso.com.br\/site\/wp-content\/uploads\/2025\/07\/WhatsApp-Image-2025-07-24-at-16.28.07-450x600.jpeg 450w, https:\/\/chelso.com.br\/site\/wp-content\/uploads\/2025\/07\/WhatsApp-Image-2025-07-24-at-16.28.07.jpeg 1200w\" sizes=\"(max-width: 324px) 100vw, 324px\" \/><\/p>\n<p>&nbsp;<\/p>\n<p style=\"text-align: center;\"><strong>Cr\u00e9dito fotos<\/strong>: Chelso Sports<\/p>\n<p style=\"text-align: center;\"><strong>Assessoria de Imprensa Chelso Sports &amp; Business<\/strong><\/p>\n<p style=\"text-align: center;\">Jornalista Edilson Rodrigues de Morais<\/p>\n<p style=\"text-align: center;\">(19) 99706.1570 \u2013\u00a0<a href=\"http:\/\/www.chelso.com.br\/\">www.chelso.com.br<\/a><\/p>\n","protected":false},"excerpt":{"rendered":"<p>Em meio a um dia de muita saudade, nasceu a personagem Lilica, das Pernas da Alegria. Confira a entrevista e conhe\u00e7a a trajet\u00f3ria de algu\u00e9m que soube transformar a dor em algo maior: em miss\u00e3o de amor e de sorriso. FalaTimeCast \u00e9 hoje, dia 24 de julho, a partir das 20h. &nbsp; Cr\u00e9dito fotos: Chelso<\/p>\n","protected":false},"author":43,"featured_media":26489,"comment_status":"open","ping_status":"closed","sticky":false,"template":"","format":"standard","meta":{"om_disable_all_campaigns":false,"_monsterinsights_skip_tracking":false,"_monsterinsights_sitenote_active":false,"_monsterinsights_sitenote_note":"","_monsterinsights_sitenote_category":0,"footnotes":""},"categories":[30],"tags":[4996],"class_list":{"0":"post-26488","1":"post","2":"type-post","3":"status-publish","4":"format-standard","5":"has-post-thumbnail","7":"category-noticias","8":"tag-lilica-lilicapernasdaalegria-chelso-falatimecast"},"aioseo_notices":[],"yoast_head":"<!-- This site is optimized with the Yoast SEO plugin v27.5 - https:\/\/yoast.com\/product\/yoast-seo-wordpress\/ -->\n<title>Lilica das Pernas da Alegria \u00e9 a entrevistada de hoje no FalaTimeCast - Portal Chelso Sports<\/title>\n<meta name=\"robots\" content=\"index, follow, max-snippet:-1, max-image-preview:large, max-video-preview:-1\" \/>\n<link rel=\"canonical\" href=\"https:\/\/chelso.com.br\/site\/lilica-das-pernas-da-alegria-e-a-entrevistada-de-hoje-no-falatimecast\/\" \/>\n<meta property=\"og:locale\" content=\"pt_BR\" \/>\n<meta property=\"og:type\" content=\"article\" \/>\n<meta property=\"og:title\" content=\"Lilica das Pernas da Alegria \u00e9 a entrevistada de hoje no FalaTimeCast - Portal Chelso Sports\" \/>\n<meta property=\"og:description\" content=\"Em meio a um dia de muita saudade, nasceu a personagem Lilica, das Pernas da Alegria. Confira a entrevista e conhe\u00e7a a trajet\u00f3ria de algu\u00e9m que soube transformar a dor em algo maior: em miss\u00e3o de amor e de sorriso. FalaTimeCast \u00e9 hoje, dia 24 de julho, a partir das 20h. &nbsp; Cr\u00e9dito fotos: Chelso\" \/>\n<meta property=\"og:url\" content=\"https:\/\/chelso.com.br\/site\/lilica-das-pernas-da-alegria-e-a-entrevistada-de-hoje-no-falatimecast\/\" \/>\n<meta property=\"og:site_name\" content=\"Portal Chelso Sports\" \/>\n<meta property=\"article:published_time\" content=\"2025-07-24T19:39:58+00:00\" \/>\n<meta property=\"article:modified_time\" content=\"2025-07-24T19:41:32+00:00\" \/>\n<meta property=\"og:image\" content=\"https:\/\/chelso.com.br\/site\/wp-content\/uploads\/2025\/07\/WhatsApp-Image-2025-07-24-at-16.27.55.jpeg\" \/>\n\t<meta property=\"og:image:width\" content=\"1200\" \/>\n\t<meta property=\"og:image:height\" content=\"1104\" \/>\n\t<meta property=\"og:image:type\" content=\"image\/jpeg\" \/>\n<meta name=\"author\" content=\"Edilson Rodrigues\" \/>\n<meta name=\"twitter:card\" content=\"summary_large_image\" \/>\n<meta name=\"twitter:label1\" content=\"Escrito por\" \/>\n\t<meta name=\"twitter:data1\" content=\"Edilson Rodrigues\" \/>\n\t<meta name=\"twitter:label2\" content=\"Est. tempo de leitura\" \/>\n\t<meta name=\"twitter:data2\" content=\"1 minuto\" \/>\n<script type=\"application\/ld+json\" class=\"yoast-schema-graph\">{\"@context\":\"https:\\\/\\\/schema.org\",\"@graph\":[{\"@type\":\"Article\",\"@id\":\"https:\\\/\\\/chelso.com.br\\\/site\\\/lilica-das-pernas-da-alegria-e-a-entrevistada-de-hoje-no-falatimecast\\\/#article\",\"isPartOf\":{\"@id\":\"https:\\\/\\\/chelso.com.br\\\/site\\\/lilica-das-pernas-da-alegria-e-a-entrevistada-de-hoje-no-falatimecast\\\/\"},\"author\":{\"name\":\"Edilson Rodrigues\",\"@id\":\"https:\\\/\\\/chelso.com.br\\\/site\\\/#\\\/schema\\\/person\\\/a1e459f9cc882778a4f1367cb2ba51e3\"},\"headline\":\"Lilica das Pernas da Alegria \u00e9 a entrevistada de hoje no FalaTimeCast\",\"datePublished\":\"2025-07-24T19:39:58+00:00\",\"dateModified\":\"2025-07-24T19:41:32+00:00\",\"mainEntityOfPage\":{\"@id\":\"https:\\\/\\\/chelso.com.br\\\/site\\\/lilica-das-pernas-da-alegria-e-a-entrevistada-de-hoje-no-falatimecast\\\/\"},\"wordCount\":86,\"commentCount\":0,\"image\":{\"@id\":\"https:\\\/\\\/chelso.com.br\\\/site\\\/lilica-das-pernas-da-alegria-e-a-entrevistada-de-hoje-no-falatimecast\\\/#primaryimage\"},\"thumbnailUrl\":\"https:\\\/\\\/chelso.com.br\\\/site\\\/wp-content\\\/uploads\\\/2025\\\/07\\\/WhatsApp-Image-2025-07-24-at-16.27.55.jpeg\",\"keywords\":[\"lilica; lilicapernasdaalegria; chelso; falatimecast\"],\"articleSection\":[\"Not\u00edcias\"],\"inLanguage\":\"pt-BR\",\"potentialAction\":[{\"@type\":\"CommentAction\",\"name\":\"Comment\",\"target\":[\"https:\\\/\\\/chelso.com.br\\\/site\\\/lilica-das-pernas-da-alegria-e-a-entrevistada-de-hoje-no-falatimecast\\\/#respond\"]}]},{\"@type\":\"WebPage\",\"@id\":\"https:\\\/\\\/chelso.com.br\\\/site\\\/lilica-das-pernas-da-alegria-e-a-entrevistada-de-hoje-no-falatimecast\\\/\",\"url\":\"https:\\\/\\\/chelso.com.br\\\/site\\\/lilica-das-pernas-da-alegria-e-a-entrevistada-de-hoje-no-falatimecast\\\/\",\"name\":\"Lilica das Pernas da Alegria \u00e9 a entrevistada de hoje no FalaTimeCast - Portal Chelso Sports\",\"isPartOf\":{\"@id\":\"https:\\\/\\\/chelso.com.br\\\/site\\\/#website\"},\"primaryImageOfPage\":{\"@id\":\"https:\\\/\\\/chelso.com.br\\\/site\\\/lilica-das-pernas-da-alegria-e-a-entrevistada-de-hoje-no-falatimecast\\\/#primaryimage\"},\"image\":{\"@id\":\"https:\\\/\\\/chelso.com.br\\\/site\\\/lilica-das-pernas-da-alegria-e-a-entrevistada-de-hoje-no-falatimecast\\\/#primaryimage\"},\"thumbnailUrl\":\"https:\\\/\\\/chelso.com.br\\\/site\\\/wp-content\\\/uploads\\\/2025\\\/07\\\/WhatsApp-Image-2025-07-24-at-16.27.55.jpeg\",\"datePublished\":\"2025-07-24T19:39:58+00:00\",\"dateModified\":\"2025-07-24T19:41:32+00:00\",\"author\":{\"@id\":\"https:\\\/\\\/chelso.com.br\\\/site\\\/#\\\/schema\\\/person\\\/a1e459f9cc882778a4f1367cb2ba51e3\"},\"breadcrumb\":{\"@id\":\"https:\\\/\\\/chelso.com.br\\\/site\\\/lilica-das-pernas-da-alegria-e-a-entrevistada-de-hoje-no-falatimecast\\\/#breadcrumb\"},\"inLanguage\":\"pt-BR\",\"potentialAction\":[{\"@type\":\"ReadAction\",\"target\":[\"https:\\\/\\\/chelso.com.br\\\/site\\\/lilica-das-pernas-da-alegria-e-a-entrevistada-de-hoje-no-falatimecast\\\/\"]}]},{\"@type\":\"ImageObject\",\"inLanguage\":\"pt-BR\",\"@id\":\"https:\\\/\\\/chelso.com.br\\\/site\\\/lilica-das-pernas-da-alegria-e-a-entrevistada-de-hoje-no-falatimecast\\\/#primaryimage\",\"url\":\"https:\\\/\\\/chelso.com.br\\\/site\\\/wp-content\\\/uploads\\\/2025\\\/07\\\/WhatsApp-Image-2025-07-24-at-16.27.55.jpeg\",\"contentUrl\":\"https:\\\/\\\/chelso.com.br\\\/site\\\/wp-content\\\/uploads\\\/2025\\\/07\\\/WhatsApp-Image-2025-07-24-at-16.27.55.jpeg\",\"width\":1200,\"height\":1104},{\"@type\":\"BreadcrumbList\",\"@id\":\"https:\\\/\\\/chelso.com.br\\\/site\\\/lilica-das-pernas-da-alegria-e-a-entrevistada-de-hoje-no-falatimecast\\\/#breadcrumb\",\"itemListElement\":[{\"@type\":\"ListItem\",\"position\":1,\"name\":\"In\u00edcio\",\"item\":\"https:\\\/\\\/chelso.com.br\\\/site\\\/\"},{\"@type\":\"ListItem\",\"position\":2,\"name\":\"Lilica das Pernas da Alegria \u00e9 a entrevistada de hoje no FalaTimeCast\"}]},{\"@type\":\"WebSite\",\"@id\":\"https:\\\/\\\/chelso.com.br\\\/site\\\/#website\",\"url\":\"https:\\\/\\\/chelso.com.br\\\/site\\\/\",\"name\":\"Portal Chelso Sports\",\"description\":\"Conte\u00fado especializado em corrida de rua e triathlon\",\"potentialAction\":[{\"@type\":\"SearchAction\",\"target\":{\"@type\":\"EntryPoint\",\"urlTemplate\":\"https:\\\/\\\/chelso.com.br\\\/site\\\/?s={search_term_string}\"},\"query-input\":{\"@type\":\"PropertyValueSpecification\",\"valueRequired\":true,\"valueName\":\"search_term_string\"}}],\"inLanguage\":\"pt-BR\"},{\"@type\":\"Person\",\"@id\":\"https:\\\/\\\/chelso.com.br\\\/site\\\/#\\\/schema\\\/person\\\/a1e459f9cc882778a4f1367cb2ba51e3\",\"name\":\"Edilson Rodrigues\",\"image\":{\"@type\":\"ImageObject\",\"inLanguage\":\"pt-BR\",\"@id\":\"https:\\\/\\\/chelso.com.br\\\/site\\\/wp-content\\\/uploads\\\/2024\\\/09\\\/Captura-de-tela-2024-09-27-170323-150x150.png\",\"url\":\"https:\\\/\\\/chelso.com.br\\\/site\\\/wp-content\\\/uploads\\\/2024\\\/09\\\/Captura-de-tela-2024-09-27-170323-150x150.png\",\"contentUrl\":\"https:\\\/\\\/chelso.com.br\\\/site\\\/wp-content\\\/uploads\\\/2024\\\/09\\\/Captura-de-tela-2024-09-27-170323-150x150.png\",\"caption\":\"Edilson Rodrigues\"},\"url\":\"https:\\\/\\\/chelso.com.br\\\/site\\\/author\\\/edilson\\\/\"}]}<\/script>\n<!-- \/ Yoast SEO plugin. -->","yoast_head_json":{"title":"Lilica das Pernas da Alegria \u00e9 a entrevistada de hoje no FalaTimeCast - Portal Chelso Sports","robots":{"index":"index","follow":"follow","max-snippet":"max-snippet:-1","max-image-preview":"max-image-preview:large","max-video-preview":"max-video-preview:-1"},"canonical":"https:\/\/chelso.com.br\/site\/lilica-das-pernas-da-alegria-e-a-entrevistada-de-hoje-no-falatimecast\/","og_locale":"pt_BR","og_type":"article","og_title":"Lilica das Pernas da Alegria \u00e9 a entrevistada de hoje no FalaTimeCast - Portal Chelso Sports","og_description":"Em meio a um dia de muita saudade, nasceu a personagem Lilica, das Pernas da Alegria. Confira a entrevista e conhe\u00e7a a trajet\u00f3ria de algu\u00e9m que soube transformar a dor em algo maior: em miss\u00e3o de amor e de sorriso. FalaTimeCast \u00e9 hoje, dia 24 de julho, a partir das 20h. &nbsp; Cr\u00e9dito fotos: Chelso","og_url":"https:\/\/chelso.com.br\/site\/lilica-das-pernas-da-alegria-e-a-entrevistada-de-hoje-no-falatimecast\/","og_site_name":"Portal Chelso Sports","article_published_time":"2025-07-24T19:39:58+00:00","article_modified_time":"2025-07-24T19:41:32+00:00","og_image":[{"width":1200,"height":1104,"url":"https:\/\/chelso.com.br\/site\/wp-content\/uploads\/2025\/07\/WhatsApp-Image-2025-07-24-at-16.27.55.jpeg","type":"image\/jpeg"}],"author":"Edilson Rodrigues","twitter_card":"summary_large_image","twitter_misc":{"Escrito por":"Edilson Rodrigues","Est. tempo de leitura":"1 minuto"},"schema":{"@context":"https:\/\/schema.org","@graph":[{"@type":"Article","@id":"https:\/\/chelso.com.br\/site\/lilica-das-pernas-da-alegria-e-a-entrevistada-de-hoje-no-falatimecast\/#article","isPartOf":{"@id":"https:\/\/chelso.com.br\/site\/lilica-das-pernas-da-alegria-e-a-entrevistada-de-hoje-no-falatimecast\/"},"author":{"name":"Edilson Rodrigues","@id":"https:\/\/chelso.com.br\/site\/#\/schema\/person\/a1e459f9cc882778a4f1367cb2ba51e3"},"headline":"Lilica das Pernas da Alegria \u00e9 a entrevistada de hoje no FalaTimeCast","datePublished":"2025-07-24T19:39:58+00:00","dateModified":"2025-07-24T19:41:32+00:00","mainEntityOfPage":{"@id":"https:\/\/chelso.com.br\/site\/lilica-das-pernas-da-alegria-e-a-entrevistada-de-hoje-no-falatimecast\/"},"wordCount":86,"commentCount":0,"image":{"@id":"https:\/\/chelso.com.br\/site\/lilica-das-pernas-da-alegria-e-a-entrevistada-de-hoje-no-falatimecast\/#primaryimage"},"thumbnailUrl":"https:\/\/chelso.com.br\/site\/wp-content\/uploads\/2025\/07\/WhatsApp-Image-2025-07-24-at-16.27.55.jpeg","keywords":["lilica; lilicapernasdaalegria; chelso; falatimecast"],"articleSection":["Not\u00edcias"],"inLanguage":"pt-BR","potentialAction":[{"@type":"CommentAction","name":"Comment","target":["https:\/\/chelso.com.br\/site\/lilica-das-pernas-da-alegria-e-a-entrevistada-de-hoje-no-falatimecast\/#respond"]}]},{"@type":"WebPage","@id":"https:\/\/chelso.com.br\/site\/lilica-das-pernas-da-alegria-e-a-entrevistada-de-hoje-no-falatimecast\/","url":"https:\/\/chelso.com.br\/site\/lilica-das-pernas-da-alegria-e-a-entrevistada-de-hoje-no-falatimecast\/","name":"Lilica das Pernas da Alegria \u00e9 a entrevistada de hoje no FalaTimeCast - Portal Chelso Sports","isPartOf":{"@id":"https:\/\/chelso.com.br\/site\/#website"},"primaryImageOfPage":{"@id":"https:\/\/chelso.com.br\/site\/lilica-das-pernas-da-alegria-e-a-entrevistada-de-hoje-no-falatimecast\/#primaryimage"},"image":{"@id":"https:\/\/chelso.com.br\/site\/lilica-das-pernas-da-alegria-e-a-entrevistada-de-hoje-no-falatimecast\/#primaryimage"},"thumbnailUrl":"https:\/\/chelso.com.br\/site\/wp-content\/uploads\/2025\/07\/WhatsApp-Image-2025-07-24-at-16.27.55.jpeg","datePublished":"2025-07-24T19:39:58+00:00","dateModified":"2025-07-24T19:41:32+00:00","author":{"@id":"https:\/\/chelso.com.br\/site\/#\/schema\/person\/a1e459f9cc882778a4f1367cb2ba51e3"},"breadcrumb":{"@id":"https:\/\/chelso.com.br\/site\/lilica-das-pernas-da-alegria-e-a-entrevistada-de-hoje-no-falatimecast\/#breadcrumb"},"inLanguage":"pt-BR","potentialAction":[{"@type":"ReadAction","target":["https:\/\/chelso.com.br\/site\/lilica-das-pernas-da-alegria-e-a-entrevistada-de-hoje-no-falatimecast\/"]}]},{"@type":"ImageObject","inLanguage":"pt-BR","@id":"https:\/\/chelso.com.br\/site\/lilica-das-pernas-da-alegria-e-a-entrevistada-de-hoje-no-falatimecast\/#primaryimage","url":"https:\/\/chelso.com.br\/site\/wp-content\/uploads\/2025\/07\/WhatsApp-Image-2025-07-24-at-16.27.55.jpeg","contentUrl":"https:\/\/chelso.com.br\/site\/wp-content\/uploads\/2025\/07\/WhatsApp-Image-2025-07-24-at-16.27.55.jpeg","width":1200,"height":1104},{"@type":"BreadcrumbList","@id":"https:\/\/chelso.com.br\/site\/lilica-das-pernas-da-alegria-e-a-entrevistada-de-hoje-no-falatimecast\/#breadcrumb","itemListElement":[{"@type":"ListItem","position":1,"name":"In\u00edcio","item":"https:\/\/chelso.com.br\/site\/"},{"@type":"ListItem","position":2,"name":"Lilica das Pernas da Alegria \u00e9 a entrevistada de hoje no FalaTimeCast"}]},{"@type":"WebSite","@id":"https:\/\/chelso.com.br\/site\/#website","url":"https:\/\/chelso.com.br\/site\/","name":"Portal Chelso Sports","description":"Conte\u00fado especializado em corrida de rua e triathlon","potentialAction":[{"@type":"SearchAction","target":{"@type":"EntryPoint","urlTemplate":"https:\/\/chelso.com.br\/site\/?s={search_term_string}"},"query-input":{"@type":"PropertyValueSpecification","valueRequired":true,"valueName":"search_term_string"}}],"inLanguage":"pt-BR"},{"@type":"Person","@id":"https:\/\/chelso.com.br\/site\/#\/schema\/person\/a1e459f9cc882778a4f1367cb2ba51e3","name":"Edilson Rodrigues","image":{"@type":"ImageObject","inLanguage":"pt-BR","@id":"https:\/\/chelso.com.br\/site\/wp-content\/uploads\/2024\/09\/Captura-de-tela-2024-09-27-170323-150x150.png","url":"https:\/\/chelso.com.br\/site\/wp-content\/uploads\/2024\/09\/Captura-de-tela-2024-09-27-170323-150x150.png","contentUrl":"https:\/\/chelso.com.br\/site\/wp-content\/uploads\/2024\/09\/Captura-de-tela-2024-09-27-170323-150x150.png","caption":"Edilson Rodrigues"},"url":"https:\/\/chelso.com.br\/site\/author\/edilson\/"}]}},"amp_enabled":true,"_links":{"self":[{"href":"https:\/\/chelso.com.br\/site\/wp-json\/wp\/v2\/posts\/26488","targetHints":{"allow":["GET"]}}],"collection":[{"href":"https:\/\/chelso.com.br\/site\/wp-json\/wp\/v2\/posts"}],"about":[{"href":"https:\/\/chelso.com.br\/site\/wp-json\/wp\/v2\/types\/post"}],"author":[{"embeddable":true,"href":"https:\/\/chelso.com.br\/site\/wp-json\/wp\/v2\/users\/43"}],"replies":[{"embeddable":true,"href":"https:\/\/chelso.com.br\/site\/wp-json\/wp\/v2\/comments?post=26488"}],"version-history":[{"count":3,"href":"https:\/\/chelso.com.br\/site\/wp-json\/wp\/v2\/posts\/26488\/revisions"}],"predecessor-version":[{"id":26493,"href":"https:\/\/chelso.com.br\/site\/wp-json\/wp\/v2\/posts\/26488\/revisions\/26493"}],"wp:featuredmedia":[{"embeddable":true,"href":"https:\/\/chelso.com.br\/site\/wp-json\/wp\/v2\/media\/26489"}],"wp:attachment":[{"href":"https:\/\/chelso.com.br\/site\/wp-json\/wp\/v2\/media?parent=26488"}],"wp:term":[{"taxonomy":"category","embeddable":true,"href":"https:\/\/chelso.com.br\/site\/wp-json\/wp\/v2\/categories?post=26488"},{"taxonomy":"post_tag","embeddable":true,"href":"https:\/\/chelso.com.br\/site\/wp-json\/wp\/v2\/tags?post=26488"}],"curies":[{"name":"wp","href":"https:\/\/api.w.org\/{rel}","templated":true}]}}