{"id":26664,"date":"2025-08-04T17:01:05","date_gmt":"2025-08-04T20:01:05","guid":{"rendered":"https:\/\/chelso.com.br\/site\/?p=26664"},"modified":"2025-08-05T12:09:39","modified_gmt":"2025-08-05T15:09:39","slug":"os-resultados-da-4a-edicao-da-corrida-esg-de-aniversario-de-piracicaba","status":"publish","type":"post","link":"https:\/\/chelso.com.br\/site\/os-resultados-da-4a-edicao-da-corrida-esg-de-aniversario-de-piracicaba\/","title":{"rendered":"Os resultados da 4\u00aa edi\u00e7\u00e3o da Corrida ESG de Anivers\u00e1rio de Piracicaba"},"content":{"rendered":"<p style=\"text-align: center;\">No \u00faltimo domingo, dia 3 de agosto, a Chelso Sports com o apoio da Prefeitura de Piracicaba organizou a 4\u00aa edi\u00e7\u00e3o da Corrida ESG de Anivers\u00e1rio de Piracicaba.<\/p>\n<p style=\"text-align: center;\">O evento agitou o Engenho Central e as imedia\u00e7\u00f5es da Rua do Porto com as provas de 5,5 km e 10 km (masculino e feminino).<\/p>\n<p style=\"text-align: center;\">A seguir, confira os campe\u00f5es e as campe\u00e3s das respectivas provas:<\/p>\n<p style=\"text-align: center;\"><strong>Masculino 5,5 km<\/strong><\/p>\n<p style=\"text-align: center;\">1\u00ba colocado \u2013 Renato da Silva \u2013 17:12<\/p>\n<p style=\"text-align: center;\">2\u00ba colocado \u2013 Ronaldo Cristiano Guizo \u2013 17:29<\/p>\n<p style=\"text-align: center;\">3\u00ba colocado \u2013 Romenigue Oliveira Santos \u2013 17:41<\/p>\n<p style=\"text-align: center;\">4\u00ba colocado \u2013 Kevin Alexandre Aparecido de Campos \u2013 17:54<\/p>\n<p style=\"text-align: center;\">5\u00ba colocado \u2013 Victor Luiz dos Santos \u2013 18:07<\/p>\n<p><img fetchpriority=\"high\" decoding=\"async\" class=\" wp-image-26667 aligncenter\" src=\"https:\/\/chelso.com.br\/site\/wp-content\/uploads\/2025\/08\/WhatsApp-Image-2025-08-04-at-16.59.17-300x284.jpeg\" alt=\"\" width=\"350\" height=\"331\" srcset=\"https:\/\/chelso.com.br\/site\/wp-content\/uploads\/2025\/08\/WhatsApp-Image-2025-08-04-at-16.59.17-300x284.jpeg 300w, https:\/\/chelso.com.br\/site\/wp-content\/uploads\/2025\/08\/WhatsApp-Image-2025-08-04-at-16.59.17-150x142.jpeg 150w, https:\/\/chelso.com.br\/site\/wp-content\/uploads\/2025\/08\/WhatsApp-Image-2025-08-04-at-16.59.17-450x425.jpeg 450w, https:\/\/chelso.com.br\/site\/wp-content\/uploads\/2025\/08\/WhatsApp-Image-2025-08-04-at-16.59.17-768x726.jpeg 768w, https:\/\/chelso.com.br\/site\/wp-content\/uploads\/2025\/08\/WhatsApp-Image-2025-08-04-at-16.59.17.jpeg 985w\" sizes=\"(max-width: 350px) 100vw, 350px\" \/><\/p>\n<p style=\"text-align: center;\"><strong>Feminino 5,5 km<\/strong><\/p>\n<p style=\"text-align: center;\">1\u00aa colocada \u2013 Mirian de Farias \u2013 20:45<\/p>\n<p style=\"text-align: center;\">2\u00aa colocada \u2013 Rosinei Rodrigues da Silva \u2013 22:07<\/p>\n<p style=\"text-align: center;\">3\u00aa colocada \u2013 Adrielly de Souza Arruda \u2013 22:17<\/p>\n<p style=\"text-align: center;\">4\u00aa colocada \u2013 Daiane Aparecida Miranda \u2013 22:40<\/p>\n<p style=\"text-align: center;\">5\u00aa colocada \u2013 Kelli Harumi Koshikumo Koshikumo \u2013 22:52<\/p>\n<p style=\"text-align: center;\"><strong>Masculino 10 km<\/strong><\/p>\n<p style=\"text-align: center;\">1\u00ba colocado \u2013 Adriano Sampaio \u2013 32:46<\/p>\n<p style=\"text-align: center;\">2\u00ba colocado \u2013 Jos\u00e9 Gustavo da Silva \u2013 33:12<\/p>\n<p style=\"text-align: center;\">3\u00ba colocado \u2013 Anderson Alves de Oliveira \u2013 34:42<\/p>\n<p style=\"text-align: center;\">4\u00ba colocado \u2013 Alderlanio Souza da Silva \u2013 34:59<\/p>\n<p style=\"text-align: center;\">5\u00ba colocado \u2013 Richard Luiz Miorando \u2013 35:08<\/p>\n<p><img decoding=\"async\" class=\" wp-image-26665 aligncenter\" src=\"https:\/\/chelso.com.br\/site\/wp-content\/uploads\/2025\/08\/WhatsApp-Image-2025-08-04-at-16.43.29-300x233.jpeg\" alt=\"\" width=\"350\" height=\"272\" srcset=\"https:\/\/chelso.com.br\/site\/wp-content\/uploads\/2025\/08\/WhatsApp-Image-2025-08-04-at-16.43.29-300x233.jpeg 300w, https:\/\/chelso.com.br\/site\/wp-content\/uploads\/2025\/08\/WhatsApp-Image-2025-08-04-at-16.43.29-1024x794.jpeg 1024w, https:\/\/chelso.com.br\/site\/wp-content\/uploads\/2025\/08\/WhatsApp-Image-2025-08-04-at-16.43.29-150x116.jpeg 150w, https:\/\/chelso.com.br\/site\/wp-content\/uploads\/2025\/08\/WhatsApp-Image-2025-08-04-at-16.43.29-450x349.jpeg 450w, https:\/\/chelso.com.br\/site\/wp-content\/uploads\/2025\/08\/WhatsApp-Image-2025-08-04-at-16.43.29-1200x931.jpeg 1200w, https:\/\/chelso.com.br\/site\/wp-content\/uploads\/2025\/08\/WhatsApp-Image-2025-08-04-at-16.43.29-768x596.jpeg 768w, https:\/\/chelso.com.br\/site\/wp-content\/uploads\/2025\/08\/WhatsApp-Image-2025-08-04-at-16.43.29.jpeg 1403w\" sizes=\"(max-width: 350px) 100vw, 350px\" \/><\/p>\n<p style=\"text-align: center;\"><strong>Feminino 10 km<\/strong><\/p>\n<p style=\"text-align: center;\">1\u00aa colocada \u2013 Leidiane Aparecida Cipriano Miorando \u2013 39:05<\/p>\n<p style=\"text-align: center;\">2\u00aa colocada \u2013 Andreia de Oliveira dos Santos da Silva \u2013 41:07<\/p>\n<p style=\"text-align: center;\">3\u00aa colocada \u2013 Andressa A. da Silva \u2013 41:14<\/p>\n<p style=\"text-align: center;\">4\u00aa colocada \u2013 Aline Regina Braga \u2013 41:56<\/p>\n<p style=\"text-align: center;\">5\u00aa colocada \u2013 Carolini Gomes de Lima \u2013 42:27<\/p>\n<p style=\"text-align: center;\"><strong>Fotos e textos &#8211;<\/strong> <strong>Assessoria de Imprensa Chelso Sports &amp; Business<\/strong><\/p>\n<p style=\"text-align: center;\">Jornalista Edilson Rodrigues de Morais<\/p>\n<p style=\"text-align: center;\">(19) 99706.1570 \u2013\u00a0<a href=\"http:\/\/www.chelso.com.br\/\">www.chelso.com.br<\/a><\/p>\n<p style=\"text-align: center;\">\n","protected":false},"excerpt":{"rendered":"<p>No \u00faltimo domingo, dia 3 de agosto, a Chelso Sports com o apoio da Prefeitura de Piracicaba organizou a 4\u00aa edi\u00e7\u00e3o da Corrida ESG de Anivers\u00e1rio de Piracicaba. O evento agitou o Engenho Central e as imedia\u00e7\u00f5es da Rua do Porto com as provas de 5,5 km e 10 km (masculino e feminino). A seguir,<\/p>\n","protected":false},"author":43,"featured_media":26672,"comment_status":"open","ping_status":"closed","sticky":false,"template":"","format":"standard","meta":{"om_disable_all_campaigns":false,"_monsterinsights_skip_tracking":false,"_monsterinsights_sitenote_active":false,"_monsterinsights_sitenote_note":"","_monsterinsights_sitenote_category":0,"footnotes":""},"categories":[30],"tags":[5074],"class_list":{"0":"post-26664","1":"post","2":"type-post","3":"status-publish","4":"format-standard","5":"has-post-thumbnail","7":"category-noticias","8":"tag-esg-corridaesgpiracicaba-258anospiracicaba-chelso"},"aioseo_notices":[],"yoast_head":"<!-- This site is optimized with the Yoast SEO plugin v27.5 - https:\/\/yoast.com\/product\/yoast-seo-wordpress\/ -->\n<title>Os resultados da 4\u00aa edi\u00e7\u00e3o da Corrida ESG de Anivers\u00e1rio de Piracicaba - Portal Chelso Sports<\/title>\n<meta name=\"robots\" content=\"index, follow, max-snippet:-1, max-image-preview:large, max-video-preview:-1\" \/>\n<link rel=\"canonical\" href=\"https:\/\/chelso.com.br\/site\/os-resultados-da-4a-edicao-da-corrida-esg-de-aniversario-de-piracicaba\/\" \/>\n<meta property=\"og:locale\" content=\"pt_BR\" \/>\n<meta property=\"og:type\" content=\"article\" \/>\n<meta property=\"og:title\" content=\"Os resultados da 4\u00aa edi\u00e7\u00e3o da Corrida ESG de Anivers\u00e1rio de Piracicaba - Portal Chelso Sports\" \/>\n<meta property=\"og:description\" content=\"No \u00faltimo domingo, dia 3 de agosto, a Chelso Sports com o apoio da Prefeitura de Piracicaba organizou a 4\u00aa edi\u00e7\u00e3o da Corrida ESG de Anivers\u00e1rio de Piracicaba. O evento agitou o Engenho Central e as imedia\u00e7\u00f5es da Rua do Porto com as provas de 5,5 km e 10 km (masculino e feminino). A seguir,\" \/>\n<meta property=\"og:url\" content=\"https:\/\/chelso.com.br\/site\/os-resultados-da-4a-edicao-da-corrida-esg-de-aniversario-de-piracicaba\/\" \/>\n<meta property=\"og:site_name\" content=\"Portal Chelso Sports\" \/>\n<meta property=\"article:published_time\" content=\"2025-08-04T20:01:05+00:00\" \/>\n<meta property=\"article:modified_time\" content=\"2025-08-05T15:09:39+00:00\" \/>\n<meta property=\"og:image\" content=\"https:\/\/chelso.com.br\/site\/wp-content\/uploads\/2025\/08\/4ESGD780_12194_030825_insta@mariana.mat0s-scaled.jpg\" \/>\n\t<meta property=\"og:image:width\" content=\"2560\" \/>\n\t<meta property=\"og:image:height\" content=\"1705\" \/>\n\t<meta property=\"og:image:type\" content=\"image\/jpeg\" \/>\n<meta name=\"author\" content=\"Edilson Rodrigues\" \/>\n<meta name=\"twitter:card\" content=\"summary_large_image\" \/>\n<meta name=\"twitter:label1\" content=\"Escrito por\" \/>\n\t<meta name=\"twitter:data1\" content=\"Edilson Rodrigues\" \/>\n\t<meta name=\"twitter:label2\" content=\"Est. tempo de leitura\" \/>\n\t<meta name=\"twitter:data2\" content=\"2 minutos\" \/>\n<script type=\"application\/ld+json\" class=\"yoast-schema-graph\">{\"@context\":\"https:\\\/\\\/schema.org\",\"@graph\":[{\"@type\":\"Article\",\"@id\":\"https:\\\/\\\/chelso.com.br\\\/site\\\/os-resultados-da-4a-edicao-da-corrida-esg-de-aniversario-de-piracicaba\\\/#article\",\"isPartOf\":{\"@id\":\"https:\\\/\\\/chelso.com.br\\\/site\\\/os-resultados-da-4a-edicao-da-corrida-esg-de-aniversario-de-piracicaba\\\/\"},\"author\":{\"name\":\"Edilson Rodrigues\",\"@id\":\"https:\\\/\\\/chelso.com.br\\\/site\\\/#\\\/schema\\\/person\\\/a1e459f9cc882778a4f1367cb2ba51e3\"},\"headline\":\"Os resultados da 4\u00aa edi\u00e7\u00e3o da Corrida ESG de Anivers\u00e1rio de Piracicaba\",\"datePublished\":\"2025-08-04T20:01:05+00:00\",\"dateModified\":\"2025-08-05T15:09:39+00:00\",\"mainEntityOfPage\":{\"@id\":\"https:\\\/\\\/chelso.com.br\\\/site\\\/os-resultados-da-4a-edicao-da-corrida-esg-de-aniversario-de-piracicaba\\\/\"},\"wordCount\":201,\"commentCount\":0,\"image\":{\"@id\":\"https:\\\/\\\/chelso.com.br\\\/site\\\/os-resultados-da-4a-edicao-da-corrida-esg-de-aniversario-de-piracicaba\\\/#primaryimage\"},\"thumbnailUrl\":\"https:\\\/\\\/chelso.com.br\\\/site\\\/wp-content\\\/uploads\\\/2025\\\/08\\\/4ESGD780_12194_030825_insta@mariana.mat0s-scaled.jpg\",\"keywords\":[\"esg; corridaesgpiracicaba; 258anospiracicaba; chelso\"],\"articleSection\":[\"Not\u00edcias\"],\"inLanguage\":\"pt-BR\",\"potentialAction\":[{\"@type\":\"CommentAction\",\"name\":\"Comment\",\"target\":[\"https:\\\/\\\/chelso.com.br\\\/site\\\/os-resultados-da-4a-edicao-da-corrida-esg-de-aniversario-de-piracicaba\\\/#respond\"]}]},{\"@type\":\"WebPage\",\"@id\":\"https:\\\/\\\/chelso.com.br\\\/site\\\/os-resultados-da-4a-edicao-da-corrida-esg-de-aniversario-de-piracicaba\\\/\",\"url\":\"https:\\\/\\\/chelso.com.br\\\/site\\\/os-resultados-da-4a-edicao-da-corrida-esg-de-aniversario-de-piracicaba\\\/\",\"name\":\"Os resultados da 4\u00aa edi\u00e7\u00e3o da Corrida ESG de Anivers\u00e1rio de Piracicaba - Portal Chelso Sports\",\"isPartOf\":{\"@id\":\"https:\\\/\\\/chelso.com.br\\\/site\\\/#website\"},\"primaryImageOfPage\":{\"@id\":\"https:\\\/\\\/chelso.com.br\\\/site\\\/os-resultados-da-4a-edicao-da-corrida-esg-de-aniversario-de-piracicaba\\\/#primaryimage\"},\"image\":{\"@id\":\"https:\\\/\\\/chelso.com.br\\\/site\\\/os-resultados-da-4a-edicao-da-corrida-esg-de-aniversario-de-piracicaba\\\/#primaryimage\"},\"thumbnailUrl\":\"https:\\\/\\\/chelso.com.br\\\/site\\\/wp-content\\\/uploads\\\/2025\\\/08\\\/4ESGD780_12194_030825_insta@mariana.mat0s-scaled.jpg\",\"datePublished\":\"2025-08-04T20:01:05+00:00\",\"dateModified\":\"2025-08-05T15:09:39+00:00\",\"author\":{\"@id\":\"https:\\\/\\\/chelso.com.br\\\/site\\\/#\\\/schema\\\/person\\\/a1e459f9cc882778a4f1367cb2ba51e3\"},\"breadcrumb\":{\"@id\":\"https:\\\/\\\/chelso.com.br\\\/site\\\/os-resultados-da-4a-edicao-da-corrida-esg-de-aniversario-de-piracicaba\\\/#breadcrumb\"},\"inLanguage\":\"pt-BR\",\"potentialAction\":[{\"@type\":\"ReadAction\",\"target\":[\"https:\\\/\\\/chelso.com.br\\\/site\\\/os-resultados-da-4a-edicao-da-corrida-esg-de-aniversario-de-piracicaba\\\/\"]}]},{\"@type\":\"ImageObject\",\"inLanguage\":\"pt-BR\",\"@id\":\"https:\\\/\\\/chelso.com.br\\\/site\\\/os-resultados-da-4a-edicao-da-corrida-esg-de-aniversario-de-piracicaba\\\/#primaryimage\",\"url\":\"https:\\\/\\\/chelso.com.br\\\/site\\\/wp-content\\\/uploads\\\/2025\\\/08\\\/4ESGD780_12194_030825_insta@mariana.mat0s-scaled.jpg\",\"contentUrl\":\"https:\\\/\\\/chelso.com.br\\\/site\\\/wp-content\\\/uploads\\\/2025\\\/08\\\/4ESGD780_12194_030825_insta@mariana.mat0s-scaled.jpg\",\"width\":2560,\"height\":1705},{\"@type\":\"BreadcrumbList\",\"@id\":\"https:\\\/\\\/chelso.com.br\\\/site\\\/os-resultados-da-4a-edicao-da-corrida-esg-de-aniversario-de-piracicaba\\\/#breadcrumb\",\"itemListElement\":[{\"@type\":\"ListItem\",\"position\":1,\"name\":\"In\u00edcio\",\"item\":\"https:\\\/\\\/chelso.com.br\\\/site\\\/\"},{\"@type\":\"ListItem\",\"position\":2,\"name\":\"Os resultados da 4\u00aa edi\u00e7\u00e3o da Corrida ESG de Anivers\u00e1rio de Piracicaba\"}]},{\"@type\":\"WebSite\",\"@id\":\"https:\\\/\\\/chelso.com.br\\\/site\\\/#website\",\"url\":\"https:\\\/\\\/chelso.com.br\\\/site\\\/\",\"name\":\"Portal Chelso Sports\",\"description\":\"Conte\u00fado especializado em corrida de rua e triathlon\",\"potentialAction\":[{\"@type\":\"SearchAction\",\"target\":{\"@type\":\"EntryPoint\",\"urlTemplate\":\"https:\\\/\\\/chelso.com.br\\\/site\\\/?s={search_term_string}\"},\"query-input\":{\"@type\":\"PropertyValueSpecification\",\"valueRequired\":true,\"valueName\":\"search_term_string\"}}],\"inLanguage\":\"pt-BR\"},{\"@type\":\"Person\",\"@id\":\"https:\\\/\\\/chelso.com.br\\\/site\\\/#\\\/schema\\\/person\\\/a1e459f9cc882778a4f1367cb2ba51e3\",\"name\":\"Edilson Rodrigues\",\"image\":{\"@type\":\"ImageObject\",\"inLanguage\":\"pt-BR\",\"@id\":\"https:\\\/\\\/chelso.com.br\\\/site\\\/wp-content\\\/uploads\\\/2024\\\/09\\\/Captura-de-tela-2024-09-27-170323-150x150.png\",\"url\":\"https:\\\/\\\/chelso.com.br\\\/site\\\/wp-content\\\/uploads\\\/2024\\\/09\\\/Captura-de-tela-2024-09-27-170323-150x150.png\",\"contentUrl\":\"https:\\\/\\\/chelso.com.br\\\/site\\\/wp-content\\\/uploads\\\/2024\\\/09\\\/Captura-de-tela-2024-09-27-170323-150x150.png\",\"caption\":\"Edilson Rodrigues\"},\"url\":\"https:\\\/\\\/chelso.com.br\\\/site\\\/author\\\/edilson\\\/\"}]}<\/script>\n<!-- \/ Yoast SEO plugin. -->","yoast_head_json":{"title":"Os resultados da 4\u00aa edi\u00e7\u00e3o da Corrida ESG de Anivers\u00e1rio de Piracicaba - Portal Chelso Sports","robots":{"index":"index","follow":"follow","max-snippet":"max-snippet:-1","max-image-preview":"max-image-preview:large","max-video-preview":"max-video-preview:-1"},"canonical":"https:\/\/chelso.com.br\/site\/os-resultados-da-4a-edicao-da-corrida-esg-de-aniversario-de-piracicaba\/","og_locale":"pt_BR","og_type":"article","og_title":"Os resultados da 4\u00aa edi\u00e7\u00e3o da Corrida ESG de Anivers\u00e1rio de Piracicaba - Portal Chelso Sports","og_description":"No \u00faltimo domingo, dia 3 de agosto, a Chelso Sports com o apoio da Prefeitura de Piracicaba organizou a 4\u00aa edi\u00e7\u00e3o da Corrida ESG de Anivers\u00e1rio de Piracicaba. O evento agitou o Engenho Central e as imedia\u00e7\u00f5es da Rua do Porto com as provas de 5,5 km e 10 km (masculino e feminino). A seguir,","og_url":"https:\/\/chelso.com.br\/site\/os-resultados-da-4a-edicao-da-corrida-esg-de-aniversario-de-piracicaba\/","og_site_name":"Portal Chelso Sports","article_published_time":"2025-08-04T20:01:05+00:00","article_modified_time":"2025-08-05T15:09:39+00:00","og_image":[{"width":2560,"height":1705,"url":"https:\/\/chelso.com.br\/site\/wp-content\/uploads\/2025\/08\/4ESGD780_12194_030825_insta@mariana.mat0s-scaled.jpg","type":"image\/jpeg"}],"author":"Edilson Rodrigues","twitter_card":"summary_large_image","twitter_misc":{"Escrito por":"Edilson Rodrigues","Est. tempo de leitura":"2 minutos"},"schema":{"@context":"https:\/\/schema.org","@graph":[{"@type":"Article","@id":"https:\/\/chelso.com.br\/site\/os-resultados-da-4a-edicao-da-corrida-esg-de-aniversario-de-piracicaba\/#article","isPartOf":{"@id":"https:\/\/chelso.com.br\/site\/os-resultados-da-4a-edicao-da-corrida-esg-de-aniversario-de-piracicaba\/"},"author":{"name":"Edilson Rodrigues","@id":"https:\/\/chelso.com.br\/site\/#\/schema\/person\/a1e459f9cc882778a4f1367cb2ba51e3"},"headline":"Os resultados da 4\u00aa edi\u00e7\u00e3o da Corrida ESG de Anivers\u00e1rio de Piracicaba","datePublished":"2025-08-04T20:01:05+00:00","dateModified":"2025-08-05T15:09:39+00:00","mainEntityOfPage":{"@id":"https:\/\/chelso.com.br\/site\/os-resultados-da-4a-edicao-da-corrida-esg-de-aniversario-de-piracicaba\/"},"wordCount":201,"commentCount":0,"image":{"@id":"https:\/\/chelso.com.br\/site\/os-resultados-da-4a-edicao-da-corrida-esg-de-aniversario-de-piracicaba\/#primaryimage"},"thumbnailUrl":"https:\/\/chelso.com.br\/site\/wp-content\/uploads\/2025\/08\/4ESGD780_12194_030825_insta@mariana.mat0s-scaled.jpg","keywords":["esg; corridaesgpiracicaba; 258anospiracicaba; chelso"],"articleSection":["Not\u00edcias"],"inLanguage":"pt-BR","potentialAction":[{"@type":"CommentAction","name":"Comment","target":["https:\/\/chelso.com.br\/site\/os-resultados-da-4a-edicao-da-corrida-esg-de-aniversario-de-piracicaba\/#respond"]}]},{"@type":"WebPage","@id":"https:\/\/chelso.com.br\/site\/os-resultados-da-4a-edicao-da-corrida-esg-de-aniversario-de-piracicaba\/","url":"https:\/\/chelso.com.br\/site\/os-resultados-da-4a-edicao-da-corrida-esg-de-aniversario-de-piracicaba\/","name":"Os resultados da 4\u00aa edi\u00e7\u00e3o da Corrida ESG de Anivers\u00e1rio de Piracicaba - Portal Chelso Sports","isPartOf":{"@id":"https:\/\/chelso.com.br\/site\/#website"},"primaryImageOfPage":{"@id":"https:\/\/chelso.com.br\/site\/os-resultados-da-4a-edicao-da-corrida-esg-de-aniversario-de-piracicaba\/#primaryimage"},"image":{"@id":"https:\/\/chelso.com.br\/site\/os-resultados-da-4a-edicao-da-corrida-esg-de-aniversario-de-piracicaba\/#primaryimage"},"thumbnailUrl":"https:\/\/chelso.com.br\/site\/wp-content\/uploads\/2025\/08\/4ESGD780_12194_030825_insta@mariana.mat0s-scaled.jpg","datePublished":"2025-08-04T20:01:05+00:00","dateModified":"2025-08-05T15:09:39+00:00","author":{"@id":"https:\/\/chelso.com.br\/site\/#\/schema\/person\/a1e459f9cc882778a4f1367cb2ba51e3"},"breadcrumb":{"@id":"https:\/\/chelso.com.br\/site\/os-resultados-da-4a-edicao-da-corrida-esg-de-aniversario-de-piracicaba\/#breadcrumb"},"inLanguage":"pt-BR","potentialAction":[{"@type":"ReadAction","target":["https:\/\/chelso.com.br\/site\/os-resultados-da-4a-edicao-da-corrida-esg-de-aniversario-de-piracicaba\/"]}]},{"@type":"ImageObject","inLanguage":"pt-BR","@id":"https:\/\/chelso.com.br\/site\/os-resultados-da-4a-edicao-da-corrida-esg-de-aniversario-de-piracicaba\/#primaryimage","url":"https:\/\/chelso.com.br\/site\/wp-content\/uploads\/2025\/08\/4ESGD780_12194_030825_insta@mariana.mat0s-scaled.jpg","contentUrl":"https:\/\/chelso.com.br\/site\/wp-content\/uploads\/2025\/08\/4ESGD780_12194_030825_insta@mariana.mat0s-scaled.jpg","width":2560,"height":1705},{"@type":"BreadcrumbList","@id":"https:\/\/chelso.com.br\/site\/os-resultados-da-4a-edicao-da-corrida-esg-de-aniversario-de-piracicaba\/#breadcrumb","itemListElement":[{"@type":"ListItem","position":1,"name":"In\u00edcio","item":"https:\/\/chelso.com.br\/site\/"},{"@type":"ListItem","position":2,"name":"Os resultados da 4\u00aa edi\u00e7\u00e3o da Corrida ESG de Anivers\u00e1rio de Piracicaba"}]},{"@type":"WebSite","@id":"https:\/\/chelso.com.br\/site\/#website","url":"https:\/\/chelso.com.br\/site\/","name":"Portal Chelso Sports","description":"Conte\u00fado especializado em corrida de rua e triathlon","potentialAction":[{"@type":"SearchAction","target":{"@type":"EntryPoint","urlTemplate":"https:\/\/chelso.com.br\/site\/?s={search_term_string}"},"query-input":{"@type":"PropertyValueSpecification","valueRequired":true,"valueName":"search_term_string"}}],"inLanguage":"pt-BR"},{"@type":"Person","@id":"https:\/\/chelso.com.br\/site\/#\/schema\/person\/a1e459f9cc882778a4f1367cb2ba51e3","name":"Edilson Rodrigues","image":{"@type":"ImageObject","inLanguage":"pt-BR","@id":"https:\/\/chelso.com.br\/site\/wp-content\/uploads\/2024\/09\/Captura-de-tela-2024-09-27-170323-150x150.png","url":"https:\/\/chelso.com.br\/site\/wp-content\/uploads\/2024\/09\/Captura-de-tela-2024-09-27-170323-150x150.png","contentUrl":"https:\/\/chelso.com.br\/site\/wp-content\/uploads\/2024\/09\/Captura-de-tela-2024-09-27-170323-150x150.png","caption":"Edilson Rodrigues"},"url":"https:\/\/chelso.com.br\/site\/author\/edilson\/"}]}},"amp_enabled":true,"_links":{"self":[{"href":"https:\/\/chelso.com.br\/site\/wp-json\/wp\/v2\/posts\/26664","targetHints":{"allow":["GET"]}}],"collection":[{"href":"https:\/\/chelso.com.br\/site\/wp-json\/wp\/v2\/posts"}],"about":[{"href":"https:\/\/chelso.com.br\/site\/wp-json\/wp\/v2\/types\/post"}],"author":[{"embeddable":true,"href":"https:\/\/chelso.com.br\/site\/wp-json\/wp\/v2\/users\/43"}],"replies":[{"embeddable":true,"href":"https:\/\/chelso.com.br\/site\/wp-json\/wp\/v2\/comments?post=26664"}],"version-history":[{"count":4,"href":"https:\/\/chelso.com.br\/site\/wp-json\/wp\/v2\/posts\/26664\/revisions"}],"predecessor-version":[{"id":26671,"href":"https:\/\/chelso.com.br\/site\/wp-json\/wp\/v2\/posts\/26664\/revisions\/26671"}],"wp:featuredmedia":[{"embeddable":true,"href":"https:\/\/chelso.com.br\/site\/wp-json\/wp\/v2\/media\/26672"}],"wp:attachment":[{"href":"https:\/\/chelso.com.br\/site\/wp-json\/wp\/v2\/media?parent=26664"}],"wp:term":[{"taxonomy":"category","embeddable":true,"href":"https:\/\/chelso.com.br\/site\/wp-json\/wp\/v2\/categories?post=26664"},{"taxonomy":"post_tag","embeddable":true,"href":"https:\/\/chelso.com.br\/site\/wp-json\/wp\/v2\/tags?post=26664"}],"curies":[{"name":"wp","href":"https:\/\/api.w.org\/{rel}","templated":true}]}}