{"id":26914,"date":"2025-08-22T15:05:52","date_gmt":"2025-08-22T18:05:52","guid":{"rendered":"https:\/\/chelso.com.br\/site\/?p=26914"},"modified":"2025-08-22T15:09:58","modified_gmt":"2025-08-22T18:09:58","slug":"7a-corrida-sao-vicente-nova-odessa-running-alteracoes-do-transito-para-o-domingo-dia-24-8","status":"publish","type":"post","link":"https:\/\/chelso.com.br\/site\/7a-corrida-sao-vicente-nova-odessa-running-alteracoes-do-transito-para-o-domingo-dia-24-8\/","title":{"rendered":"7\u00aa Corrida S\u00e3o Vicente Nova Odessa Running: altera\u00e7\u00f5es do tr\u00e2nsito para o domingo, dia 24\/8"},"content":{"rendered":"<p style=\"text-align: center;\">Aten\u00e7\u00e3o, Nova Odessa! Neste domingo, dia 24 de agosto, a cidade vai estar movimentada com a 7\u00aa Corrida S\u00e3o Vicente Nova Odessa Running que segue por algumas das principais ruas e avenidas de Nova Odessa.<\/p>\n<p style=\"text-align: center;\">Com a supervis\u00e3o t\u00e9cnica da Federa\u00e7\u00e3o Paulista de Atletismo, a concentra\u00e7\u00e3o da prova est\u00e1 agendada \u00e0s 6h, na Pra\u00e7a Vera Luzia Samartin Lorenzi, localizada no Jardim Marajoara. Largada \u00e0s 7h para o percurso de 10 km e sa\u00edda dos competidores dos 5 km, a partir das 7h20.<\/p>\n<p style=\"text-align: center;\">Com uma excelente estrutura, kits de primeira qualidade fornecidos pela Rede de Supermercados S\u00e3o Vicente, a prova traz como destaque o Jardim Bot\u00e2nico Plantarum, idealizado em 1990 e considerado atualmente refer\u00eancia em pesquisa e em conserva\u00e7\u00e3o da flora brasileira.<\/p>\n<p><img fetchpriority=\"high\" decoding=\"async\" class=\"wp-image-26915 aligncenter\" src=\"https:\/\/chelso.com.br\/site\/wp-content\/uploads\/2025\/08\/WhatsApp-Image-2025-08-22-at-10.18.47-2-300x200.jpeg\" alt=\"\" width=\"390\" height=\"260\" srcset=\"https:\/\/chelso.com.br\/site\/wp-content\/uploads\/2025\/08\/WhatsApp-Image-2025-08-22-at-10.18.47-2-300x200.jpeg 300w, https:\/\/chelso.com.br\/site\/wp-content\/uploads\/2025\/08\/WhatsApp-Image-2025-08-22-at-10.18.47-2-1024x684.jpeg 1024w, https:\/\/chelso.com.br\/site\/wp-content\/uploads\/2025\/08\/WhatsApp-Image-2025-08-22-at-10.18.47-2-1536x1025.jpeg 1536w, https:\/\/chelso.com.br\/site\/wp-content\/uploads\/2025\/08\/WhatsApp-Image-2025-08-22-at-10.18.47-2-150x100.jpeg 150w, https:\/\/chelso.com.br\/site\/wp-content\/uploads\/2025\/08\/WhatsApp-Image-2025-08-22-at-10.18.47-2-450x300.jpeg 450w, https:\/\/chelso.com.br\/site\/wp-content\/uploads\/2025\/08\/WhatsApp-Image-2025-08-22-at-10.18.47-2-1200x801.jpeg 1200w, https:\/\/chelso.com.br\/site\/wp-content\/uploads\/2025\/08\/WhatsApp-Image-2025-08-22-at-10.18.47-2-768x513.jpeg 768w, https:\/\/chelso.com.br\/site\/wp-content\/uploads\/2025\/08\/WhatsApp-Image-2025-08-22-at-10.18.47-2.jpeg 1600w\" sizes=\"(max-width: 390px) 100vw, 390px\" \/><\/p>\n<p style=\"text-align: center;\"><strong>Retirada dos kits:<\/strong><\/p>\n<p style=\"text-align: center;\">Os participantes da 7\u00aa Corrida S\u00e3o Vicente Nova Odessa Running podem retirar os kits no Supermercado S\u00e3o Vicente, loja 1, que fica localizada a rua Jo\u00e3o Bernestein, 630, no Jardim S\u00e3o Vito, no munic\u00edpio de Americana. Dias 22 e 23 de agosto (sexta-feira e s\u00e1bado), das 10h \u00e0s 15h.<\/p>\n<p><img decoding=\"async\" class=\" wp-image-26916 aligncenter\" src=\"https:\/\/chelso.com.br\/site\/wp-content\/uploads\/2025\/08\/WhatsApp-Image-2025-08-22-at-10.18.47-1-300x200.jpeg\" alt=\"\" width=\"398\" height=\"265\" srcset=\"https:\/\/chelso.com.br\/site\/wp-content\/uploads\/2025\/08\/WhatsApp-Image-2025-08-22-at-10.18.47-1-300x200.jpeg 300w, https:\/\/chelso.com.br\/site\/wp-content\/uploads\/2025\/08\/WhatsApp-Image-2025-08-22-at-10.18.47-1-1024x684.jpeg 1024w, https:\/\/chelso.com.br\/site\/wp-content\/uploads\/2025\/08\/WhatsApp-Image-2025-08-22-at-10.18.47-1-1536x1025.jpeg 1536w, https:\/\/chelso.com.br\/site\/wp-content\/uploads\/2025\/08\/WhatsApp-Image-2025-08-22-at-10.18.47-1-150x100.jpeg 150w, https:\/\/chelso.com.br\/site\/wp-content\/uploads\/2025\/08\/WhatsApp-Image-2025-08-22-at-10.18.47-1-450x300.jpeg 450w, https:\/\/chelso.com.br\/site\/wp-content\/uploads\/2025\/08\/WhatsApp-Image-2025-08-22-at-10.18.47-1-1200x801.jpeg 1200w, https:\/\/chelso.com.br\/site\/wp-content\/uploads\/2025\/08\/WhatsApp-Image-2025-08-22-at-10.18.47-1-768x513.jpeg 768w, https:\/\/chelso.com.br\/site\/wp-content\/uploads\/2025\/08\/WhatsApp-Image-2025-08-22-at-10.18.47-1.jpeg 1600w\" sizes=\"(max-width: 398px) 100vw, 398px\" \/><\/p>\n<p style=\"text-align: center;\"><strong>Altera\u00e7\u00f5es no tr\u00e2nsito<\/strong><\/p>\n<p style=\"text-align: center;\">Para garantir a seguran\u00e7a da popula\u00e7\u00e3o e dos participantes da corrida, a Chelso Sports e a Prefeitura Municipal de Nova Odessa anunciam as altera\u00e7\u00f5es no tr\u00e2nsito para a avenida Brasil e imedia\u00e7\u00f5es da Pra\u00e7a Vera Luzia Samartin Lorenzi:<\/p>\n<p style=\"text-align: center;\"><strong>Avenida Brasil<\/strong> \u2013 interditada das 6h \u00e0s 8h30 deste domingo, dia 24. Para este local, o fluxo de ve\u00edculos ser\u00e1 controlado com possibilidade de lentid\u00e3o para os hor\u00e1rios.<\/p>\n<p style=\"text-align: center;\"><strong>Avenidas Industrial Oscar Berggren e Carlos Rosenfeld<\/strong>, interditadas das 6h30 \u00e0s 8h30.<\/p>\n<p style=\"text-align: center;\"><strong>Cr\u00e9dito fotos:<\/strong> Fotop<\/p>\n<p style=\"text-align: center;\"><strong>Reda\u00e7\u00e3o Assessoria de Imprensa Chelso Sports<\/strong><\/p>\n<p style=\"text-align: center;\">Jornalista Edilson Rodrigues de Morais, Mtb 26.319<\/p>\n<p style=\"text-align: center;\">(19) 99706.1570 \u2013 www.chelso.com.br<\/p>\n<p style=\"text-align: center;\">\n","protected":false},"excerpt":{"rendered":"<p>Aten\u00e7\u00e3o, Nova Odessa! Neste domingo, dia 24 de agosto, a cidade vai estar movimentada com a 7\u00aa Corrida S\u00e3o Vicente Nova Odessa Running que segue por algumas das principais ruas e avenidas de Nova Odessa. Com a supervis\u00e3o t\u00e9cnica da Federa\u00e7\u00e3o Paulista de Atletismo, a concentra\u00e7\u00e3o da prova est\u00e1 agendada \u00e0s 6h, na Pra\u00e7a Vera<\/p>\n","protected":false},"author":43,"featured_media":26918,"comment_status":"open","ping_status":"closed","sticky":false,"template":"","format":"standard","meta":{"om_disable_all_campaigns":false,"_monsterinsights_skip_tracking":false,"_monsterinsights_sitenote_active":false,"_monsterinsights_sitenote_note":"","_monsterinsights_sitenote_category":0,"footnotes":""},"categories":[30],"tags":[5151],"class_list":{"0":"post-26914","1":"post","2":"type-post","3":"status-publish","4":"format-standard","5":"has-post-thumbnail","7":"category-noticias","8":"tag-corridasaovicente-saovicente-novaodessa-novaodessarunning-chelso"},"aioseo_notices":[],"yoast_head":"<!-- This site is optimized with the Yoast SEO plugin v27.5 - https:\/\/yoast.com\/product\/yoast-seo-wordpress\/ -->\n<title>7\u00aa Corrida S\u00e3o Vicente Nova Odessa Running: altera\u00e7\u00f5es do tr\u00e2nsito para o domingo, dia 24\/8 - Portal Chelso Sports<\/title>\n<meta name=\"robots\" content=\"index, follow, max-snippet:-1, max-image-preview:large, max-video-preview:-1\" \/>\n<link rel=\"canonical\" href=\"https:\/\/chelso.com.br\/site\/7a-corrida-sao-vicente-nova-odessa-running-alteracoes-do-transito-para-o-domingo-dia-24-8\/\" \/>\n<meta property=\"og:locale\" content=\"pt_BR\" \/>\n<meta property=\"og:type\" content=\"article\" \/>\n<meta property=\"og:title\" content=\"7\u00aa Corrida S\u00e3o Vicente Nova Odessa Running: altera\u00e7\u00f5es do tr\u00e2nsito para o domingo, dia 24\/8 - Portal Chelso Sports\" \/>\n<meta property=\"og:description\" content=\"Aten\u00e7\u00e3o, Nova Odessa! Neste domingo, dia 24 de agosto, a cidade vai estar movimentada com a 7\u00aa Corrida S\u00e3o Vicente Nova Odessa Running que segue por algumas das principais ruas e avenidas de Nova Odessa. Com a supervis\u00e3o t\u00e9cnica da Federa\u00e7\u00e3o Paulista de Atletismo, a concentra\u00e7\u00e3o da prova est\u00e1 agendada \u00e0s 6h, na Pra\u00e7a Vera\" \/>\n<meta property=\"og:url\" content=\"https:\/\/chelso.com.br\/site\/7a-corrida-sao-vicente-nova-odessa-running-alteracoes-do-transito-para-o-domingo-dia-24-8\/\" \/>\n<meta property=\"og:site_name\" content=\"Portal Chelso Sports\" \/>\n<meta property=\"article:published_time\" content=\"2025-08-22T18:05:52+00:00\" \/>\n<meta property=\"article:modified_time\" content=\"2025-08-22T18:09:58+00:00\" \/>\n<meta property=\"og:image\" content=\"https:\/\/chelso.com.br\/site\/wp-content\/uploads\/2025\/08\/WhatsApp-Image-2025-08-22-at-10.18.47.jpeg\" \/>\n\t<meta property=\"og:image:width\" content=\"1600\" \/>\n\t<meta property=\"og:image:height\" content=\"1068\" \/>\n\t<meta property=\"og:image:type\" content=\"image\/jpeg\" \/>\n<meta name=\"author\" content=\"Edilson Rodrigues\" \/>\n<meta name=\"twitter:card\" content=\"summary_large_image\" \/>\n<meta name=\"twitter:label1\" content=\"Escrito por\" \/>\n\t<meta name=\"twitter:data1\" content=\"Edilson Rodrigues\" \/>\n\t<meta name=\"twitter:label2\" content=\"Est. tempo de leitura\" \/>\n\t<meta name=\"twitter:data2\" content=\"3 minutos\" \/>\n<script type=\"application\/ld+json\" class=\"yoast-schema-graph\">{\"@context\":\"https:\\\/\\\/schema.org\",\"@graph\":[{\"@type\":\"Article\",\"@id\":\"https:\\\/\\\/chelso.com.br\\\/site\\\/7a-corrida-sao-vicente-nova-odessa-running-alteracoes-do-transito-para-o-domingo-dia-24-8\\\/#article\",\"isPartOf\":{\"@id\":\"https:\\\/\\\/chelso.com.br\\\/site\\\/7a-corrida-sao-vicente-nova-odessa-running-alteracoes-do-transito-para-o-domingo-dia-24-8\\\/\"},\"author\":{\"name\":\"Edilson Rodrigues\",\"@id\":\"https:\\\/\\\/chelso.com.br\\\/site\\\/#\\\/schema\\\/person\\\/a1e459f9cc882778a4f1367cb2ba51e3\"},\"headline\":\"7\u00aa Corrida S\u00e3o Vicente Nova Odessa Running: altera\u00e7\u00f5es do tr\u00e2nsito para o domingo, dia 24\\\/8\",\"datePublished\":\"2025-08-22T18:05:52+00:00\",\"dateModified\":\"2025-08-22T18:09:58+00:00\",\"mainEntityOfPage\":{\"@id\":\"https:\\\/\\\/chelso.com.br\\\/site\\\/7a-corrida-sao-vicente-nova-odessa-running-alteracoes-do-transito-para-o-domingo-dia-24-8\\\/\"},\"wordCount\":308,\"commentCount\":0,\"image\":{\"@id\":\"https:\\\/\\\/chelso.com.br\\\/site\\\/7a-corrida-sao-vicente-nova-odessa-running-alteracoes-do-transito-para-o-domingo-dia-24-8\\\/#primaryimage\"},\"thumbnailUrl\":\"https:\\\/\\\/chelso.com.br\\\/site\\\/wp-content\\\/uploads\\\/2025\\\/08\\\/WhatsApp-Image-2025-08-22-at-10.18.47.jpeg\",\"keywords\":[\"CorridaS\u00e3oVicente; s\u00e3ovicente; novaodessa; novaodessarunning; chelso\"],\"articleSection\":[\"Not\u00edcias\"],\"inLanguage\":\"pt-BR\",\"potentialAction\":[{\"@type\":\"CommentAction\",\"name\":\"Comment\",\"target\":[\"https:\\\/\\\/chelso.com.br\\\/site\\\/7a-corrida-sao-vicente-nova-odessa-running-alteracoes-do-transito-para-o-domingo-dia-24-8\\\/#respond\"]}]},{\"@type\":\"WebPage\",\"@id\":\"https:\\\/\\\/chelso.com.br\\\/site\\\/7a-corrida-sao-vicente-nova-odessa-running-alteracoes-do-transito-para-o-domingo-dia-24-8\\\/\",\"url\":\"https:\\\/\\\/chelso.com.br\\\/site\\\/7a-corrida-sao-vicente-nova-odessa-running-alteracoes-do-transito-para-o-domingo-dia-24-8\\\/\",\"name\":\"7\u00aa Corrida S\u00e3o Vicente Nova Odessa Running: altera\u00e7\u00f5es do tr\u00e2nsito para o domingo, dia 24\\\/8 - Portal Chelso Sports\",\"isPartOf\":{\"@id\":\"https:\\\/\\\/chelso.com.br\\\/site\\\/#website\"},\"primaryImageOfPage\":{\"@id\":\"https:\\\/\\\/chelso.com.br\\\/site\\\/7a-corrida-sao-vicente-nova-odessa-running-alteracoes-do-transito-para-o-domingo-dia-24-8\\\/#primaryimage\"},\"image\":{\"@id\":\"https:\\\/\\\/chelso.com.br\\\/site\\\/7a-corrida-sao-vicente-nova-odessa-running-alteracoes-do-transito-para-o-domingo-dia-24-8\\\/#primaryimage\"},\"thumbnailUrl\":\"https:\\\/\\\/chelso.com.br\\\/site\\\/wp-content\\\/uploads\\\/2025\\\/08\\\/WhatsApp-Image-2025-08-22-at-10.18.47.jpeg\",\"datePublished\":\"2025-08-22T18:05:52+00:00\",\"dateModified\":\"2025-08-22T18:09:58+00:00\",\"author\":{\"@id\":\"https:\\\/\\\/chelso.com.br\\\/site\\\/#\\\/schema\\\/person\\\/a1e459f9cc882778a4f1367cb2ba51e3\"},\"breadcrumb\":{\"@id\":\"https:\\\/\\\/chelso.com.br\\\/site\\\/7a-corrida-sao-vicente-nova-odessa-running-alteracoes-do-transito-para-o-domingo-dia-24-8\\\/#breadcrumb\"},\"inLanguage\":\"pt-BR\",\"potentialAction\":[{\"@type\":\"ReadAction\",\"target\":[\"https:\\\/\\\/chelso.com.br\\\/site\\\/7a-corrida-sao-vicente-nova-odessa-running-alteracoes-do-transito-para-o-domingo-dia-24-8\\\/\"]}]},{\"@type\":\"ImageObject\",\"inLanguage\":\"pt-BR\",\"@id\":\"https:\\\/\\\/chelso.com.br\\\/site\\\/7a-corrida-sao-vicente-nova-odessa-running-alteracoes-do-transito-para-o-domingo-dia-24-8\\\/#primaryimage\",\"url\":\"https:\\\/\\\/chelso.com.br\\\/site\\\/wp-content\\\/uploads\\\/2025\\\/08\\\/WhatsApp-Image-2025-08-22-at-10.18.47.jpeg\",\"contentUrl\":\"https:\\\/\\\/chelso.com.br\\\/site\\\/wp-content\\\/uploads\\\/2025\\\/08\\\/WhatsApp-Image-2025-08-22-at-10.18.47.jpeg\",\"width\":1600,\"height\":1068},{\"@type\":\"BreadcrumbList\",\"@id\":\"https:\\\/\\\/chelso.com.br\\\/site\\\/7a-corrida-sao-vicente-nova-odessa-running-alteracoes-do-transito-para-o-domingo-dia-24-8\\\/#breadcrumb\",\"itemListElement\":[{\"@type\":\"ListItem\",\"position\":1,\"name\":\"In\u00edcio\",\"item\":\"https:\\\/\\\/chelso.com.br\\\/site\\\/\"},{\"@type\":\"ListItem\",\"position\":2,\"name\":\"7\u00aa Corrida S\u00e3o Vicente Nova Odessa Running: altera\u00e7\u00f5es do tr\u00e2nsito para o domingo, dia 24\\\/8\"}]},{\"@type\":\"WebSite\",\"@id\":\"https:\\\/\\\/chelso.com.br\\\/site\\\/#website\",\"url\":\"https:\\\/\\\/chelso.com.br\\\/site\\\/\",\"name\":\"Portal Chelso Sports\",\"description\":\"Conte\u00fado especializado em corrida de rua e triathlon\",\"potentialAction\":[{\"@type\":\"SearchAction\",\"target\":{\"@type\":\"EntryPoint\",\"urlTemplate\":\"https:\\\/\\\/chelso.com.br\\\/site\\\/?s={search_term_string}\"},\"query-input\":{\"@type\":\"PropertyValueSpecification\",\"valueRequired\":true,\"valueName\":\"search_term_string\"}}],\"inLanguage\":\"pt-BR\"},{\"@type\":\"Person\",\"@id\":\"https:\\\/\\\/chelso.com.br\\\/site\\\/#\\\/schema\\\/person\\\/a1e459f9cc882778a4f1367cb2ba51e3\",\"name\":\"Edilson Rodrigues\",\"image\":{\"@type\":\"ImageObject\",\"inLanguage\":\"pt-BR\",\"@id\":\"https:\\\/\\\/chelso.com.br\\\/site\\\/wp-content\\\/uploads\\\/2024\\\/09\\\/Captura-de-tela-2024-09-27-170323-150x150.png\",\"url\":\"https:\\\/\\\/chelso.com.br\\\/site\\\/wp-content\\\/uploads\\\/2024\\\/09\\\/Captura-de-tela-2024-09-27-170323-150x150.png\",\"contentUrl\":\"https:\\\/\\\/chelso.com.br\\\/site\\\/wp-content\\\/uploads\\\/2024\\\/09\\\/Captura-de-tela-2024-09-27-170323-150x150.png\",\"caption\":\"Edilson Rodrigues\"},\"url\":\"https:\\\/\\\/chelso.com.br\\\/site\\\/author\\\/edilson\\\/\"}]}<\/script>\n<!-- \/ Yoast SEO plugin. -->","yoast_head_json":{"title":"7\u00aa Corrida S\u00e3o Vicente Nova Odessa Running: altera\u00e7\u00f5es do tr\u00e2nsito para o domingo, dia 24\/8 - Portal Chelso Sports","robots":{"index":"index","follow":"follow","max-snippet":"max-snippet:-1","max-image-preview":"max-image-preview:large","max-video-preview":"max-video-preview:-1"},"canonical":"https:\/\/chelso.com.br\/site\/7a-corrida-sao-vicente-nova-odessa-running-alteracoes-do-transito-para-o-domingo-dia-24-8\/","og_locale":"pt_BR","og_type":"article","og_title":"7\u00aa Corrida S\u00e3o Vicente Nova Odessa Running: altera\u00e7\u00f5es do tr\u00e2nsito para o domingo, dia 24\/8 - Portal Chelso Sports","og_description":"Aten\u00e7\u00e3o, Nova Odessa! Neste domingo, dia 24 de agosto, a cidade vai estar movimentada com a 7\u00aa Corrida S\u00e3o Vicente Nova Odessa Running que segue por algumas das principais ruas e avenidas de Nova Odessa. Com a supervis\u00e3o t\u00e9cnica da Federa\u00e7\u00e3o Paulista de Atletismo, a concentra\u00e7\u00e3o da prova est\u00e1 agendada \u00e0s 6h, na Pra\u00e7a Vera","og_url":"https:\/\/chelso.com.br\/site\/7a-corrida-sao-vicente-nova-odessa-running-alteracoes-do-transito-para-o-domingo-dia-24-8\/","og_site_name":"Portal Chelso Sports","article_published_time":"2025-08-22T18:05:52+00:00","article_modified_time":"2025-08-22T18:09:58+00:00","og_image":[{"width":1600,"height":1068,"url":"https:\/\/chelso.com.br\/site\/wp-content\/uploads\/2025\/08\/WhatsApp-Image-2025-08-22-at-10.18.47.jpeg","type":"image\/jpeg"}],"author":"Edilson Rodrigues","twitter_card":"summary_large_image","twitter_misc":{"Escrito por":"Edilson Rodrigues","Est. tempo de leitura":"3 minutos"},"schema":{"@context":"https:\/\/schema.org","@graph":[{"@type":"Article","@id":"https:\/\/chelso.com.br\/site\/7a-corrida-sao-vicente-nova-odessa-running-alteracoes-do-transito-para-o-domingo-dia-24-8\/#article","isPartOf":{"@id":"https:\/\/chelso.com.br\/site\/7a-corrida-sao-vicente-nova-odessa-running-alteracoes-do-transito-para-o-domingo-dia-24-8\/"},"author":{"name":"Edilson Rodrigues","@id":"https:\/\/chelso.com.br\/site\/#\/schema\/person\/a1e459f9cc882778a4f1367cb2ba51e3"},"headline":"7\u00aa Corrida S\u00e3o Vicente Nova Odessa Running: altera\u00e7\u00f5es do tr\u00e2nsito para o domingo, dia 24\/8","datePublished":"2025-08-22T18:05:52+00:00","dateModified":"2025-08-22T18:09:58+00:00","mainEntityOfPage":{"@id":"https:\/\/chelso.com.br\/site\/7a-corrida-sao-vicente-nova-odessa-running-alteracoes-do-transito-para-o-domingo-dia-24-8\/"},"wordCount":308,"commentCount":0,"image":{"@id":"https:\/\/chelso.com.br\/site\/7a-corrida-sao-vicente-nova-odessa-running-alteracoes-do-transito-para-o-domingo-dia-24-8\/#primaryimage"},"thumbnailUrl":"https:\/\/chelso.com.br\/site\/wp-content\/uploads\/2025\/08\/WhatsApp-Image-2025-08-22-at-10.18.47.jpeg","keywords":["CorridaS\u00e3oVicente; s\u00e3ovicente; novaodessa; novaodessarunning; chelso"],"articleSection":["Not\u00edcias"],"inLanguage":"pt-BR","potentialAction":[{"@type":"CommentAction","name":"Comment","target":["https:\/\/chelso.com.br\/site\/7a-corrida-sao-vicente-nova-odessa-running-alteracoes-do-transito-para-o-domingo-dia-24-8\/#respond"]}]},{"@type":"WebPage","@id":"https:\/\/chelso.com.br\/site\/7a-corrida-sao-vicente-nova-odessa-running-alteracoes-do-transito-para-o-domingo-dia-24-8\/","url":"https:\/\/chelso.com.br\/site\/7a-corrida-sao-vicente-nova-odessa-running-alteracoes-do-transito-para-o-domingo-dia-24-8\/","name":"7\u00aa Corrida S\u00e3o Vicente Nova Odessa Running: altera\u00e7\u00f5es do tr\u00e2nsito para o domingo, dia 24\/8 - Portal Chelso Sports","isPartOf":{"@id":"https:\/\/chelso.com.br\/site\/#website"},"primaryImageOfPage":{"@id":"https:\/\/chelso.com.br\/site\/7a-corrida-sao-vicente-nova-odessa-running-alteracoes-do-transito-para-o-domingo-dia-24-8\/#primaryimage"},"image":{"@id":"https:\/\/chelso.com.br\/site\/7a-corrida-sao-vicente-nova-odessa-running-alteracoes-do-transito-para-o-domingo-dia-24-8\/#primaryimage"},"thumbnailUrl":"https:\/\/chelso.com.br\/site\/wp-content\/uploads\/2025\/08\/WhatsApp-Image-2025-08-22-at-10.18.47.jpeg","datePublished":"2025-08-22T18:05:52+00:00","dateModified":"2025-08-22T18:09:58+00:00","author":{"@id":"https:\/\/chelso.com.br\/site\/#\/schema\/person\/a1e459f9cc882778a4f1367cb2ba51e3"},"breadcrumb":{"@id":"https:\/\/chelso.com.br\/site\/7a-corrida-sao-vicente-nova-odessa-running-alteracoes-do-transito-para-o-domingo-dia-24-8\/#breadcrumb"},"inLanguage":"pt-BR","potentialAction":[{"@type":"ReadAction","target":["https:\/\/chelso.com.br\/site\/7a-corrida-sao-vicente-nova-odessa-running-alteracoes-do-transito-para-o-domingo-dia-24-8\/"]}]},{"@type":"ImageObject","inLanguage":"pt-BR","@id":"https:\/\/chelso.com.br\/site\/7a-corrida-sao-vicente-nova-odessa-running-alteracoes-do-transito-para-o-domingo-dia-24-8\/#primaryimage","url":"https:\/\/chelso.com.br\/site\/wp-content\/uploads\/2025\/08\/WhatsApp-Image-2025-08-22-at-10.18.47.jpeg","contentUrl":"https:\/\/chelso.com.br\/site\/wp-content\/uploads\/2025\/08\/WhatsApp-Image-2025-08-22-at-10.18.47.jpeg","width":1600,"height":1068},{"@type":"BreadcrumbList","@id":"https:\/\/chelso.com.br\/site\/7a-corrida-sao-vicente-nova-odessa-running-alteracoes-do-transito-para-o-domingo-dia-24-8\/#breadcrumb","itemListElement":[{"@type":"ListItem","position":1,"name":"In\u00edcio","item":"https:\/\/chelso.com.br\/site\/"},{"@type":"ListItem","position":2,"name":"7\u00aa Corrida S\u00e3o Vicente Nova Odessa Running: altera\u00e7\u00f5es do tr\u00e2nsito para o domingo, dia 24\/8"}]},{"@type":"WebSite","@id":"https:\/\/chelso.com.br\/site\/#website","url":"https:\/\/chelso.com.br\/site\/","name":"Portal Chelso Sports","description":"Conte\u00fado especializado em corrida de rua e triathlon","potentialAction":[{"@type":"SearchAction","target":{"@type":"EntryPoint","urlTemplate":"https:\/\/chelso.com.br\/site\/?s={search_term_string}"},"query-input":{"@type":"PropertyValueSpecification","valueRequired":true,"valueName":"search_term_string"}}],"inLanguage":"pt-BR"},{"@type":"Person","@id":"https:\/\/chelso.com.br\/site\/#\/schema\/person\/a1e459f9cc882778a4f1367cb2ba51e3","name":"Edilson Rodrigues","image":{"@type":"ImageObject","inLanguage":"pt-BR","@id":"https:\/\/chelso.com.br\/site\/wp-content\/uploads\/2024\/09\/Captura-de-tela-2024-09-27-170323-150x150.png","url":"https:\/\/chelso.com.br\/site\/wp-content\/uploads\/2024\/09\/Captura-de-tela-2024-09-27-170323-150x150.png","contentUrl":"https:\/\/chelso.com.br\/site\/wp-content\/uploads\/2024\/09\/Captura-de-tela-2024-09-27-170323-150x150.png","caption":"Edilson Rodrigues"},"url":"https:\/\/chelso.com.br\/site\/author\/edilson\/"}]}},"amp_enabled":true,"_links":{"self":[{"href":"https:\/\/chelso.com.br\/site\/wp-json\/wp\/v2\/posts\/26914","targetHints":{"allow":["GET"]}}],"collection":[{"href":"https:\/\/chelso.com.br\/site\/wp-json\/wp\/v2\/posts"}],"about":[{"href":"https:\/\/chelso.com.br\/site\/wp-json\/wp\/v2\/types\/post"}],"author":[{"embeddable":true,"href":"https:\/\/chelso.com.br\/site\/wp-json\/wp\/v2\/users\/43"}],"replies":[{"embeddable":true,"href":"https:\/\/chelso.com.br\/site\/wp-json\/wp\/v2\/comments?post=26914"}],"version-history":[{"count":4,"href":"https:\/\/chelso.com.br\/site\/wp-json\/wp\/v2\/posts\/26914\/revisions"}],"predecessor-version":[{"id":26921,"href":"https:\/\/chelso.com.br\/site\/wp-json\/wp\/v2\/posts\/26914\/revisions\/26921"}],"wp:featuredmedia":[{"embeddable":true,"href":"https:\/\/chelso.com.br\/site\/wp-json\/wp\/v2\/media\/26918"}],"wp:attachment":[{"href":"https:\/\/chelso.com.br\/site\/wp-json\/wp\/v2\/media?parent=26914"}],"wp:term":[{"taxonomy":"category","embeddable":true,"href":"https:\/\/chelso.com.br\/site\/wp-json\/wp\/v2\/categories?post=26914"},{"taxonomy":"post_tag","embeddable":true,"href":"https:\/\/chelso.com.br\/site\/wp-json\/wp\/v2\/tags?post=26914"}],"curies":[{"name":"wp","href":"https:\/\/api.w.org\/{rel}","templated":true}]}}