{"id":26957,"date":"2025-08-25T15:34:24","date_gmt":"2025-08-25T18:34:24","guid":{"rendered":"https:\/\/chelso.com.br\/site\/?p=26957"},"modified":"2025-08-25T15:35:46","modified_gmt":"2025-08-25T18:35:46","slug":"os-campeoes-e-as-campeas-da-7a-corrida-sao-vicente-nova-odessa-running","status":"publish","type":"post","link":"https:\/\/chelso.com.br\/site\/os-campeoes-e-as-campeas-da-7a-corrida-sao-vicente-nova-odessa-running\/","title":{"rendered":"Os campe\u00f5es e as campe\u00e3s da 7\u00aa Corrida S\u00e3o Vicente Nova Odessa Running"},"content":{"rendered":"<p style=\"text-align: center;\">Com a supervis\u00e3o t\u00e9cnica da Federa\u00e7\u00e3o Paulista de Atletismo, promo\u00e7\u00e3o da Rede de Supermercados S\u00e3o Vicente, organiza\u00e7\u00e3o da Chelso Sports e apoio da Prefeitura Municipal de Nova Odessa, a 7\u00aa Corrida S\u00e3o Vicente Nova Odessa Running foi sucesso absoluto!<\/p>\n<p style=\"text-align: center;\">Conhe\u00e7a os campe\u00f5es e as campe\u00e3s das provas de 10 km e de 5 km (masculino e feminino):<\/p>\n<p><img fetchpriority=\"high\" decoding=\"async\" class=\"wp-image-26959 aligncenter\" src=\"https:\/\/chelso.com.br\/site\/wp-content\/uploads\/2025\/08\/WhatsApp-Image-2025-08-25-at-13.32.00-225x300.jpeg\" alt=\"\" width=\"262\" height=\"349\" srcset=\"https:\/\/chelso.com.br\/site\/wp-content\/uploads\/2025\/08\/WhatsApp-Image-2025-08-25-at-13.32.00-225x300.jpeg 225w, https:\/\/chelso.com.br\/site\/wp-content\/uploads\/2025\/08\/WhatsApp-Image-2025-08-25-at-13.32.00-768x1024.jpeg 768w, https:\/\/chelso.com.br\/site\/wp-content\/uploads\/2025\/08\/WhatsApp-Image-2025-08-25-at-13.32.00-1152x1536.jpeg 1152w, https:\/\/chelso.com.br\/site\/wp-content\/uploads\/2025\/08\/WhatsApp-Image-2025-08-25-at-13.32.00-150x200.jpeg 150w, https:\/\/chelso.com.br\/site\/wp-content\/uploads\/2025\/08\/WhatsApp-Image-2025-08-25-at-13.32.00-450x600.jpeg 450w, https:\/\/chelso.com.br\/site\/wp-content\/uploads\/2025\/08\/WhatsApp-Image-2025-08-25-at-13.32.00.jpeg 1200w\" sizes=\"(max-width: 262px) 100vw, 262px\" \/><\/p>\n<p style=\"text-align: center;\"><strong>Masculino 10 km<\/strong><\/p>\n<p style=\"text-align: center;\">1\u00ba colocado \u2013 Luan Bissoli \u2013 31:52<\/p>\n<p style=\"text-align: center;\">2\u00ba colocado \u2013 Sebasti\u00e3o Ara\u00fajo \u2013 36:15<\/p>\n<p style=\"text-align: center;\">3\u00ba colocado \u2013 Edemilton Santos de Oliveira \u2013 36:20<\/p>\n<p style=\"text-align: center;\">4\u00ba colocado \u2013 Danilo da Silva Ursolino \u2013 36:30<\/p>\n<p style=\"text-align: center;\">5\u00ba colocado \u2013 Anderson Alves de Oliveira \u2013 36:36<\/p>\n<p style=\"text-align: center;\"><strong>Feminino 10 km<\/strong><\/p>\n<p style=\"text-align: center;\">1\u00aa colocada \u2013 F\u00e1tima Silveira \u2013 44:47<\/p>\n<p style=\"text-align: center;\">2\u00aa colocada \u2013 Silvania Maria da Silva \u2013 45:21<\/p>\n<p style=\"text-align: center;\">3\u00aa colocada \u2013 Alessandra Wenzel \u2013 45:55<\/p>\n<p style=\"text-align: center;\">4\u00aa colocada \u2013 Stefani Maria Ferreira \u2013 46:53<\/p>\n<p style=\"text-align: center;\">5\u00aa colocada \u2013 Hemily Sales de Souza Dias \u2013 47:12<\/p>\n<p style=\"text-align: center;\"><strong>Masculino 5 km<\/strong><\/p>\n<p style=\"text-align: center;\">1\u00ba colocado \u2013 Lucas Bissoli \u2013 15:22<\/p>\n<p style=\"text-align: center;\">2\u00ba colocado \u2013 Jos\u00e9 Gustavo da Silva \u2013 16:33<\/p>\n<p style=\"text-align: center;\">3\u00ba colocado \u2013 Douglas Freitas \u2013 16:54<\/p>\n<p style=\"text-align: center;\">4\u00ba colocado \u2013 Pedro Benevides do Rozario Amancio \u2013 17:01<\/p>\n<p style=\"text-align: center;\">5\u00ba colocado \u2013 Victor Luiz dos Santos \u2013 17:10<\/p>\n<p style=\"text-align: center;\"><strong>Feminino 5 km<\/strong><\/p>\n<p style=\"text-align: center;\">1\u00aa colocada \u2013 Nat\u00e1lia Regina Painelli Michelim \u2013 18:19<\/p>\n<p style=\"text-align: center;\">2\u00aa colocada \u2013 Thaylane da Silva Mota \u2013 19:49<\/p>\n<p style=\"text-align: center;\">3\u00aa colocada \u2013 Tais Teixeira de Souza \u2013 20:27<\/p>\n<p style=\"text-align: center;\">4\u00aa colocada \u2013 Braz Valdirene Braz da Silva \u2013 20:46<\/p>\n<p style=\"text-align: center;\">5\u00aa colocada \u2013 Valentina \u2013 20:52<\/p>\n<p><strong>\u00a0<\/strong><\/p>\n<p><strong>\u00a0<\/strong><\/p>\n<p style=\"text-align: center;\"><strong>Cr\u00e9dito fotos:<\/strong> Fotop<\/p>\n<p style=\"text-align: center;\"><strong>Reda\u00e7\u00e3o Assessoria de Imprensa Chelso Sports<\/strong><\/p>\n<p style=\"text-align: center;\">Jornalista Edilson Rodrigues de Morais, Mtb 26.319<\/p>\n<p style=\"text-align: center;\">(19) 99706.1570 \u2013 www.chelso.com.br<\/p>\n","protected":false},"excerpt":{"rendered":"<p>Com a supervis\u00e3o t\u00e9cnica da Federa\u00e7\u00e3o Paulista de Atletismo, promo\u00e7\u00e3o da Rede de Supermercados S\u00e3o Vicente, organiza\u00e7\u00e3o da Chelso Sports e apoio da Prefeitura Municipal de Nova Odessa, a 7\u00aa Corrida S\u00e3o Vicente Nova Odessa Running foi sucesso absoluto! Conhe\u00e7a os campe\u00f5es e as campe\u00e3s das provas de 10 km e de 5 km (masculino<\/p>\n","protected":false},"author":43,"featured_media":26958,"comment_status":"open","ping_status":"closed","sticky":false,"template":"","format":"standard","meta":{"om_disable_all_campaigns":false,"_monsterinsights_skip_tracking":false,"_monsterinsights_sitenote_active":false,"_monsterinsights_sitenote_note":"","_monsterinsights_sitenote_category":0,"footnotes":""},"categories":[30],"tags":[5189],"class_list":{"0":"post-26957","1":"post","2":"type-post","3":"status-publish","4":"format-standard","5":"has-post-thumbnail","7":"category-noticias","8":"tag-saovicente-saovicente-novaodessa-novaodessarunning-chelso"},"aioseo_notices":[],"yoast_head":"<!-- This site is optimized with the Yoast SEO plugin v27.5 - https:\/\/yoast.com\/product\/yoast-seo-wordpress\/ -->\n<title>Os campe\u00f5es e as campe\u00e3s da 7\u00aa Corrida S\u00e3o Vicente Nova Odessa Running - Portal Chelso Sports<\/title>\n<meta name=\"robots\" content=\"index, follow, max-snippet:-1, max-image-preview:large, max-video-preview:-1\" \/>\n<link rel=\"canonical\" href=\"https:\/\/chelso.com.br\/site\/os-campeoes-e-as-campeas-da-7a-corrida-sao-vicente-nova-odessa-running\/\" \/>\n<meta property=\"og:locale\" content=\"pt_BR\" \/>\n<meta property=\"og:type\" content=\"article\" \/>\n<meta property=\"og:title\" content=\"Os campe\u00f5es e as campe\u00e3s da 7\u00aa Corrida S\u00e3o Vicente Nova Odessa Running - Portal Chelso Sports\" \/>\n<meta property=\"og:description\" content=\"Com a supervis\u00e3o t\u00e9cnica da Federa\u00e7\u00e3o Paulista de Atletismo, promo\u00e7\u00e3o da Rede de Supermercados S\u00e3o Vicente, organiza\u00e7\u00e3o da Chelso Sports e apoio da Prefeitura Municipal de Nova Odessa, a 7\u00aa Corrida S\u00e3o Vicente Nova Odessa Running foi sucesso absoluto! Conhe\u00e7a os campe\u00f5es e as campe\u00e3s das provas de 10 km e de 5 km (masculino\" \/>\n<meta property=\"og:url\" content=\"https:\/\/chelso.com.br\/site\/os-campeoes-e-as-campeas-da-7a-corrida-sao-vicente-nova-odessa-running\/\" \/>\n<meta property=\"og:site_name\" content=\"Portal Chelso Sports\" \/>\n<meta property=\"article:published_time\" content=\"2025-08-25T18:34:24+00:00\" \/>\n<meta property=\"article:modified_time\" content=\"2025-08-25T18:35:46+00:00\" \/>\n<meta property=\"og:image\" content=\"https:\/\/chelso.com.br\/site\/wp-content\/uploads\/2025\/08\/WhatsApp-Image-2025-08-25-at-13.32.00-1.jpeg\" \/>\n\t<meta property=\"og:image:width\" content=\"1200\" \/>\n\t<meta property=\"og:image:height\" content=\"1147\" \/>\n\t<meta property=\"og:image:type\" content=\"image\/jpeg\" \/>\n<meta name=\"author\" content=\"Edilson Rodrigues\" \/>\n<meta name=\"twitter:card\" content=\"summary_large_image\" \/>\n<meta name=\"twitter:label1\" content=\"Escrito por\" \/>\n\t<meta name=\"twitter:data1\" content=\"Edilson Rodrigues\" \/>\n\t<meta name=\"twitter:label2\" content=\"Est. tempo de leitura\" \/>\n\t<meta name=\"twitter:data2\" content=\"2 minutos\" \/>\n<script type=\"application\/ld+json\" class=\"yoast-schema-graph\">{\"@context\":\"https:\\\/\\\/schema.org\",\"@graph\":[{\"@type\":\"Article\",\"@id\":\"https:\\\/\\\/chelso.com.br\\\/site\\\/os-campeoes-e-as-campeas-da-7a-corrida-sao-vicente-nova-odessa-running\\\/#article\",\"isPartOf\":{\"@id\":\"https:\\\/\\\/chelso.com.br\\\/site\\\/os-campeoes-e-as-campeas-da-7a-corrida-sao-vicente-nova-odessa-running\\\/\"},\"author\":{\"name\":\"Edilson Rodrigues\",\"@id\":\"https:\\\/\\\/chelso.com.br\\\/site\\\/#\\\/schema\\\/person\\\/a1e459f9cc882778a4f1367cb2ba51e3\"},\"headline\":\"Os campe\u00f5es e as campe\u00e3s da 7\u00aa Corrida S\u00e3o Vicente Nova Odessa Running\",\"datePublished\":\"2025-08-25T18:34:24+00:00\",\"dateModified\":\"2025-08-25T18:35:46+00:00\",\"mainEntityOfPage\":{\"@id\":\"https:\\\/\\\/chelso.com.br\\\/site\\\/os-campeoes-e-as-campeas-da-7a-corrida-sao-vicente-nova-odessa-running\\\/\"},\"wordCount\":199,\"commentCount\":0,\"image\":{\"@id\":\"https:\\\/\\\/chelso.com.br\\\/site\\\/os-campeoes-e-as-campeas-da-7a-corrida-sao-vicente-nova-odessa-running\\\/#primaryimage\"},\"thumbnailUrl\":\"https:\\\/\\\/chelso.com.br\\\/site\\\/wp-content\\\/uploads\\\/2025\\\/08\\\/WhatsApp-Image-2025-08-25-at-13.32.00-1.jpeg\",\"keywords\":[\"s\u00e3ovicente; saovicente; novaodessa; novaodessarunning; chelso\"],\"articleSection\":[\"Not\u00edcias\"],\"inLanguage\":\"pt-BR\",\"potentialAction\":[{\"@type\":\"CommentAction\",\"name\":\"Comment\",\"target\":[\"https:\\\/\\\/chelso.com.br\\\/site\\\/os-campeoes-e-as-campeas-da-7a-corrida-sao-vicente-nova-odessa-running\\\/#respond\"]}]},{\"@type\":\"WebPage\",\"@id\":\"https:\\\/\\\/chelso.com.br\\\/site\\\/os-campeoes-e-as-campeas-da-7a-corrida-sao-vicente-nova-odessa-running\\\/\",\"url\":\"https:\\\/\\\/chelso.com.br\\\/site\\\/os-campeoes-e-as-campeas-da-7a-corrida-sao-vicente-nova-odessa-running\\\/\",\"name\":\"Os campe\u00f5es e as campe\u00e3s da 7\u00aa Corrida S\u00e3o Vicente Nova Odessa Running - Portal Chelso Sports\",\"isPartOf\":{\"@id\":\"https:\\\/\\\/chelso.com.br\\\/site\\\/#website\"},\"primaryImageOfPage\":{\"@id\":\"https:\\\/\\\/chelso.com.br\\\/site\\\/os-campeoes-e-as-campeas-da-7a-corrida-sao-vicente-nova-odessa-running\\\/#primaryimage\"},\"image\":{\"@id\":\"https:\\\/\\\/chelso.com.br\\\/site\\\/os-campeoes-e-as-campeas-da-7a-corrida-sao-vicente-nova-odessa-running\\\/#primaryimage\"},\"thumbnailUrl\":\"https:\\\/\\\/chelso.com.br\\\/site\\\/wp-content\\\/uploads\\\/2025\\\/08\\\/WhatsApp-Image-2025-08-25-at-13.32.00-1.jpeg\",\"datePublished\":\"2025-08-25T18:34:24+00:00\",\"dateModified\":\"2025-08-25T18:35:46+00:00\",\"author\":{\"@id\":\"https:\\\/\\\/chelso.com.br\\\/site\\\/#\\\/schema\\\/person\\\/a1e459f9cc882778a4f1367cb2ba51e3\"},\"breadcrumb\":{\"@id\":\"https:\\\/\\\/chelso.com.br\\\/site\\\/os-campeoes-e-as-campeas-da-7a-corrida-sao-vicente-nova-odessa-running\\\/#breadcrumb\"},\"inLanguage\":\"pt-BR\",\"potentialAction\":[{\"@type\":\"ReadAction\",\"target\":[\"https:\\\/\\\/chelso.com.br\\\/site\\\/os-campeoes-e-as-campeas-da-7a-corrida-sao-vicente-nova-odessa-running\\\/\"]}]},{\"@type\":\"ImageObject\",\"inLanguage\":\"pt-BR\",\"@id\":\"https:\\\/\\\/chelso.com.br\\\/site\\\/os-campeoes-e-as-campeas-da-7a-corrida-sao-vicente-nova-odessa-running\\\/#primaryimage\",\"url\":\"https:\\\/\\\/chelso.com.br\\\/site\\\/wp-content\\\/uploads\\\/2025\\\/08\\\/WhatsApp-Image-2025-08-25-at-13.32.00-1.jpeg\",\"contentUrl\":\"https:\\\/\\\/chelso.com.br\\\/site\\\/wp-content\\\/uploads\\\/2025\\\/08\\\/WhatsApp-Image-2025-08-25-at-13.32.00-1.jpeg\",\"width\":1200,\"height\":1147},{\"@type\":\"BreadcrumbList\",\"@id\":\"https:\\\/\\\/chelso.com.br\\\/site\\\/os-campeoes-e-as-campeas-da-7a-corrida-sao-vicente-nova-odessa-running\\\/#breadcrumb\",\"itemListElement\":[{\"@type\":\"ListItem\",\"position\":1,\"name\":\"In\u00edcio\",\"item\":\"https:\\\/\\\/chelso.com.br\\\/site\\\/\"},{\"@type\":\"ListItem\",\"position\":2,\"name\":\"Os campe\u00f5es e as campe\u00e3s da 7\u00aa Corrida S\u00e3o Vicente Nova Odessa Running\"}]},{\"@type\":\"WebSite\",\"@id\":\"https:\\\/\\\/chelso.com.br\\\/site\\\/#website\",\"url\":\"https:\\\/\\\/chelso.com.br\\\/site\\\/\",\"name\":\"Portal Chelso Sports\",\"description\":\"Conte\u00fado especializado em corrida de rua e triathlon\",\"potentialAction\":[{\"@type\":\"SearchAction\",\"target\":{\"@type\":\"EntryPoint\",\"urlTemplate\":\"https:\\\/\\\/chelso.com.br\\\/site\\\/?s={search_term_string}\"},\"query-input\":{\"@type\":\"PropertyValueSpecification\",\"valueRequired\":true,\"valueName\":\"search_term_string\"}}],\"inLanguage\":\"pt-BR\"},{\"@type\":\"Person\",\"@id\":\"https:\\\/\\\/chelso.com.br\\\/site\\\/#\\\/schema\\\/person\\\/a1e459f9cc882778a4f1367cb2ba51e3\",\"name\":\"Edilson Rodrigues\",\"image\":{\"@type\":\"ImageObject\",\"inLanguage\":\"pt-BR\",\"@id\":\"https:\\\/\\\/chelso.com.br\\\/site\\\/wp-content\\\/uploads\\\/2024\\\/09\\\/Captura-de-tela-2024-09-27-170323-150x150.png\",\"url\":\"https:\\\/\\\/chelso.com.br\\\/site\\\/wp-content\\\/uploads\\\/2024\\\/09\\\/Captura-de-tela-2024-09-27-170323-150x150.png\",\"contentUrl\":\"https:\\\/\\\/chelso.com.br\\\/site\\\/wp-content\\\/uploads\\\/2024\\\/09\\\/Captura-de-tela-2024-09-27-170323-150x150.png\",\"caption\":\"Edilson Rodrigues\"},\"url\":\"https:\\\/\\\/chelso.com.br\\\/site\\\/author\\\/edilson\\\/\"}]}<\/script>\n<!-- \/ Yoast SEO plugin. -->","yoast_head_json":{"title":"Os campe\u00f5es e as campe\u00e3s da 7\u00aa Corrida S\u00e3o Vicente Nova Odessa Running - Portal Chelso Sports","robots":{"index":"index","follow":"follow","max-snippet":"max-snippet:-1","max-image-preview":"max-image-preview:large","max-video-preview":"max-video-preview:-1"},"canonical":"https:\/\/chelso.com.br\/site\/os-campeoes-e-as-campeas-da-7a-corrida-sao-vicente-nova-odessa-running\/","og_locale":"pt_BR","og_type":"article","og_title":"Os campe\u00f5es e as campe\u00e3s da 7\u00aa Corrida S\u00e3o Vicente Nova Odessa Running - Portal Chelso Sports","og_description":"Com a supervis\u00e3o t\u00e9cnica da Federa\u00e7\u00e3o Paulista de Atletismo, promo\u00e7\u00e3o da Rede de Supermercados S\u00e3o Vicente, organiza\u00e7\u00e3o da Chelso Sports e apoio da Prefeitura Municipal de Nova Odessa, a 7\u00aa Corrida S\u00e3o Vicente Nova Odessa Running foi sucesso absoluto! Conhe\u00e7a os campe\u00f5es e as campe\u00e3s das provas de 10 km e de 5 km (masculino","og_url":"https:\/\/chelso.com.br\/site\/os-campeoes-e-as-campeas-da-7a-corrida-sao-vicente-nova-odessa-running\/","og_site_name":"Portal Chelso Sports","article_published_time":"2025-08-25T18:34:24+00:00","article_modified_time":"2025-08-25T18:35:46+00:00","og_image":[{"width":1200,"height":1147,"url":"https:\/\/chelso.com.br\/site\/wp-content\/uploads\/2025\/08\/WhatsApp-Image-2025-08-25-at-13.32.00-1.jpeg","type":"image\/jpeg"}],"author":"Edilson Rodrigues","twitter_card":"summary_large_image","twitter_misc":{"Escrito por":"Edilson Rodrigues","Est. tempo de leitura":"2 minutos"},"schema":{"@context":"https:\/\/schema.org","@graph":[{"@type":"Article","@id":"https:\/\/chelso.com.br\/site\/os-campeoes-e-as-campeas-da-7a-corrida-sao-vicente-nova-odessa-running\/#article","isPartOf":{"@id":"https:\/\/chelso.com.br\/site\/os-campeoes-e-as-campeas-da-7a-corrida-sao-vicente-nova-odessa-running\/"},"author":{"name":"Edilson Rodrigues","@id":"https:\/\/chelso.com.br\/site\/#\/schema\/person\/a1e459f9cc882778a4f1367cb2ba51e3"},"headline":"Os campe\u00f5es e as campe\u00e3s da 7\u00aa Corrida S\u00e3o Vicente Nova Odessa Running","datePublished":"2025-08-25T18:34:24+00:00","dateModified":"2025-08-25T18:35:46+00:00","mainEntityOfPage":{"@id":"https:\/\/chelso.com.br\/site\/os-campeoes-e-as-campeas-da-7a-corrida-sao-vicente-nova-odessa-running\/"},"wordCount":199,"commentCount":0,"image":{"@id":"https:\/\/chelso.com.br\/site\/os-campeoes-e-as-campeas-da-7a-corrida-sao-vicente-nova-odessa-running\/#primaryimage"},"thumbnailUrl":"https:\/\/chelso.com.br\/site\/wp-content\/uploads\/2025\/08\/WhatsApp-Image-2025-08-25-at-13.32.00-1.jpeg","keywords":["s\u00e3ovicente; saovicente; novaodessa; novaodessarunning; chelso"],"articleSection":["Not\u00edcias"],"inLanguage":"pt-BR","potentialAction":[{"@type":"CommentAction","name":"Comment","target":["https:\/\/chelso.com.br\/site\/os-campeoes-e-as-campeas-da-7a-corrida-sao-vicente-nova-odessa-running\/#respond"]}]},{"@type":"WebPage","@id":"https:\/\/chelso.com.br\/site\/os-campeoes-e-as-campeas-da-7a-corrida-sao-vicente-nova-odessa-running\/","url":"https:\/\/chelso.com.br\/site\/os-campeoes-e-as-campeas-da-7a-corrida-sao-vicente-nova-odessa-running\/","name":"Os campe\u00f5es e as campe\u00e3s da 7\u00aa Corrida S\u00e3o Vicente Nova Odessa Running - Portal Chelso Sports","isPartOf":{"@id":"https:\/\/chelso.com.br\/site\/#website"},"primaryImageOfPage":{"@id":"https:\/\/chelso.com.br\/site\/os-campeoes-e-as-campeas-da-7a-corrida-sao-vicente-nova-odessa-running\/#primaryimage"},"image":{"@id":"https:\/\/chelso.com.br\/site\/os-campeoes-e-as-campeas-da-7a-corrida-sao-vicente-nova-odessa-running\/#primaryimage"},"thumbnailUrl":"https:\/\/chelso.com.br\/site\/wp-content\/uploads\/2025\/08\/WhatsApp-Image-2025-08-25-at-13.32.00-1.jpeg","datePublished":"2025-08-25T18:34:24+00:00","dateModified":"2025-08-25T18:35:46+00:00","author":{"@id":"https:\/\/chelso.com.br\/site\/#\/schema\/person\/a1e459f9cc882778a4f1367cb2ba51e3"},"breadcrumb":{"@id":"https:\/\/chelso.com.br\/site\/os-campeoes-e-as-campeas-da-7a-corrida-sao-vicente-nova-odessa-running\/#breadcrumb"},"inLanguage":"pt-BR","potentialAction":[{"@type":"ReadAction","target":["https:\/\/chelso.com.br\/site\/os-campeoes-e-as-campeas-da-7a-corrida-sao-vicente-nova-odessa-running\/"]}]},{"@type":"ImageObject","inLanguage":"pt-BR","@id":"https:\/\/chelso.com.br\/site\/os-campeoes-e-as-campeas-da-7a-corrida-sao-vicente-nova-odessa-running\/#primaryimage","url":"https:\/\/chelso.com.br\/site\/wp-content\/uploads\/2025\/08\/WhatsApp-Image-2025-08-25-at-13.32.00-1.jpeg","contentUrl":"https:\/\/chelso.com.br\/site\/wp-content\/uploads\/2025\/08\/WhatsApp-Image-2025-08-25-at-13.32.00-1.jpeg","width":1200,"height":1147},{"@type":"BreadcrumbList","@id":"https:\/\/chelso.com.br\/site\/os-campeoes-e-as-campeas-da-7a-corrida-sao-vicente-nova-odessa-running\/#breadcrumb","itemListElement":[{"@type":"ListItem","position":1,"name":"In\u00edcio","item":"https:\/\/chelso.com.br\/site\/"},{"@type":"ListItem","position":2,"name":"Os campe\u00f5es e as campe\u00e3s da 7\u00aa Corrida S\u00e3o Vicente Nova Odessa Running"}]},{"@type":"WebSite","@id":"https:\/\/chelso.com.br\/site\/#website","url":"https:\/\/chelso.com.br\/site\/","name":"Portal Chelso Sports","description":"Conte\u00fado especializado em corrida de rua e triathlon","potentialAction":[{"@type":"SearchAction","target":{"@type":"EntryPoint","urlTemplate":"https:\/\/chelso.com.br\/site\/?s={search_term_string}"},"query-input":{"@type":"PropertyValueSpecification","valueRequired":true,"valueName":"search_term_string"}}],"inLanguage":"pt-BR"},{"@type":"Person","@id":"https:\/\/chelso.com.br\/site\/#\/schema\/person\/a1e459f9cc882778a4f1367cb2ba51e3","name":"Edilson Rodrigues","image":{"@type":"ImageObject","inLanguage":"pt-BR","@id":"https:\/\/chelso.com.br\/site\/wp-content\/uploads\/2024\/09\/Captura-de-tela-2024-09-27-170323-150x150.png","url":"https:\/\/chelso.com.br\/site\/wp-content\/uploads\/2024\/09\/Captura-de-tela-2024-09-27-170323-150x150.png","contentUrl":"https:\/\/chelso.com.br\/site\/wp-content\/uploads\/2024\/09\/Captura-de-tela-2024-09-27-170323-150x150.png","caption":"Edilson Rodrigues"},"url":"https:\/\/chelso.com.br\/site\/author\/edilson\/"}]}},"amp_enabled":true,"_links":{"self":[{"href":"https:\/\/chelso.com.br\/site\/wp-json\/wp\/v2\/posts\/26957","targetHints":{"allow":["GET"]}}],"collection":[{"href":"https:\/\/chelso.com.br\/site\/wp-json\/wp\/v2\/posts"}],"about":[{"href":"https:\/\/chelso.com.br\/site\/wp-json\/wp\/v2\/types\/post"}],"author":[{"embeddable":true,"href":"https:\/\/chelso.com.br\/site\/wp-json\/wp\/v2\/users\/43"}],"replies":[{"embeddable":true,"href":"https:\/\/chelso.com.br\/site\/wp-json\/wp\/v2\/comments?post=26957"}],"version-history":[{"count":1,"href":"https:\/\/chelso.com.br\/site\/wp-json\/wp\/v2\/posts\/26957\/revisions"}],"predecessor-version":[{"id":26960,"href":"https:\/\/chelso.com.br\/site\/wp-json\/wp\/v2\/posts\/26957\/revisions\/26960"}],"wp:featuredmedia":[{"embeddable":true,"href":"https:\/\/chelso.com.br\/site\/wp-json\/wp\/v2\/media\/26958"}],"wp:attachment":[{"href":"https:\/\/chelso.com.br\/site\/wp-json\/wp\/v2\/media?parent=26957"}],"wp:term":[{"taxonomy":"category","embeddable":true,"href":"https:\/\/chelso.com.br\/site\/wp-json\/wp\/v2\/categories?post=26957"},{"taxonomy":"post_tag","embeddable":true,"href":"https:\/\/chelso.com.br\/site\/wp-json\/wp\/v2\/tags?post=26957"}],"curies":[{"name":"wp","href":"https:\/\/api.w.org\/{rel}","templated":true}]}}