{"id":27486,"date":"2025-10-04T13:34:02","date_gmt":"2025-10-04T16:34:02","guid":{"rendered":"https:\/\/chelso.com.br\/site\/?p=27486"},"modified":"2025-10-04T13:37:40","modified_gmt":"2025-10-04T16:37:40","slug":"copa-interior-sao-pedro-inscricoes-abertas","status":"publish","type":"post","link":"https:\/\/chelso.com.br\/site\/copa-interior-sao-pedro-inscricoes-abertas\/","title":{"rendered":"Copa Interior 5\u00aa Etapa S\u00e3o Pedro: Inscri\u00e7\u00f5es abertas"},"content":{"rendered":"<p style=\"text-align: center;\">A 5\u00aa e \u00faltima etapa da temporada 2025 da Copa Interior est\u00e1 agendada para movimentar a cidade de S\u00e3o Pedro.<\/p>\n<p style=\"text-align: center;\">A prova acontece no dia 30 de novembro, no Parque Maria Ang\u00e9lica, nas modalidades de triathlon, aquathlon e duathlon.<\/p>\n<p style=\"text-align: center;\">A etapa de S\u00e3o Pedro \u00e9 homologada e v\u00e1lida pela Federa\u00e7\u00e3o Paulista de Triathlon.<\/p>\n<p style=\"text-align: center;\">As inscri\u00e7\u00f5es online est\u00e3o abertas e podem ser feitas pelo site: <a href=\"http:\/\/www.copainterior.com.br\">www.copainterior.com.br<\/a> para participantes com idade m\u00ednima de 13 anos (dist\u00e2ncia fitness), 16 anos (dist\u00e2ncia sprint) e 18 anos (dist\u00e2ncia ol\u00edmpica).<\/p>\n<p style=\"text-align: center;\"><strong>Observa\u00e7\u00e3o: <\/strong><\/p>\n<p style=\"text-align: center;\">Para ser declarado (a) CAMPE\u00c3O (a), VICE-CAMPE\u00c3O (a) ou TERCEIRO (a) LUGAR, do Campeonato da Copa Interior o atleta dever\u00e1 estar INSCRITO em todas as 5 (cinco) etapas da Copa Interior 2025 na mesma modalidade.<\/p>\n<p style=\"text-align: center;\"><strong>Retirada de kits:<\/strong><\/p>\n<p style=\"text-align: center;\"><strong>Dia 28 de novembro de 2025 (sexta-feira)<\/strong><\/p>\n<p style=\"text-align: center;\">Das 10h \u00e0s 15h.<\/p>\n<p style=\"text-align: center;\">Loja RunFor, localizado a avenida Dona Jane Concei\u00e7\u00e3o, 816, bairro Paulista, em Piracicaba.<\/p>\n<p style=\"text-align: center;\"><strong>Dia 29 de novembro de 2025 (s\u00e1bado)<\/strong><\/p>\n<p style=\"text-align: center;\">Das 10h \u00e0s 15h.<\/p>\n<p style=\"text-align: center;\">Parque Maria Ang\u00e9lica, em S\u00e3o Pedro.<\/p>\n<p style=\"text-align: center;\"><strong>Dia 30 de novembro de 2025 (domingo)<\/strong><\/p>\n<p style=\"text-align: center;\">Das 5h \u00e0s 6h.<\/p>\n<p style=\"text-align: center;\">Parque Maria Ang\u00e9lica, em S\u00e3o Pedro.<\/p>\n<p style=\"text-align: center;\"><strong>Reda\u00e7\u00e3o Assessoria de Imprensa Chelso Sports<\/strong><\/p>\n<p style=\"text-align: center;\">Jornalista Edilson Rodrigues de Morais, Mtb 26.319<\/p>\n<p style=\"text-align: center;\">(19) 99706.1570 \u2013 www.chelso.com.br<\/p>\n","protected":false},"excerpt":{"rendered":"<p>A 5\u00aa e \u00faltima etapa da temporada 2025 da Copa Interior est\u00e1 agendada para movimentar a cidade de S\u00e3o Pedro. A prova acontece no dia 30 de novembro, no Parque Maria Ang\u00e9lica, nas modalidades de triathlon, aquathlon e duathlon. A etapa de S\u00e3o Pedro \u00e9 homologada e v\u00e1lida pela Federa\u00e7\u00e3o Paulista de Triathlon. As inscri\u00e7\u00f5es<\/p>\n","protected":false},"author":43,"featured_media":27487,"comment_status":"open","ping_status":"closed","sticky":false,"template":"","format":"standard","meta":{"om_disable_all_campaigns":false,"_monsterinsights_skip_tracking":false,"_monsterinsights_sitenote_active":false,"_monsterinsights_sitenote_note":"","_monsterinsights_sitenote_category":0,"footnotes":""},"categories":[30],"tags":[5513],"class_list":{"0":"post-27486","1":"post","2":"type-post","3":"status-publish","4":"format-standard","5":"has-post-thumbnail","7":"category-noticias","8":"tag-copainterior-saopedro-saopedro-chelso"},"aioseo_notices":[],"yoast_head":"<!-- This site is optimized with the Yoast SEO plugin v27.5 - https:\/\/yoast.com\/product\/yoast-seo-wordpress\/ -->\n<title>Copa Interior 5\u00aa Etapa S\u00e3o Pedro: Inscri\u00e7\u00f5es abertas - Portal Chelso Sports<\/title>\n<meta name=\"robots\" content=\"index, follow, max-snippet:-1, max-image-preview:large, max-video-preview:-1\" \/>\n<link rel=\"canonical\" href=\"https:\/\/chelso.com.br\/site\/copa-interior-sao-pedro-inscricoes-abertas\/\" \/>\n<meta property=\"og:locale\" content=\"pt_BR\" \/>\n<meta property=\"og:type\" content=\"article\" \/>\n<meta property=\"og:title\" content=\"Copa Interior 5\u00aa Etapa S\u00e3o Pedro: Inscri\u00e7\u00f5es abertas - Portal Chelso Sports\" \/>\n<meta property=\"og:description\" content=\"A 5\u00aa e \u00faltima etapa da temporada 2025 da Copa Interior est\u00e1 agendada para movimentar a cidade de S\u00e3o Pedro. A prova acontece no dia 30 de novembro, no Parque Maria Ang\u00e9lica, nas modalidades de triathlon, aquathlon e duathlon. A etapa de S\u00e3o Pedro \u00e9 homologada e v\u00e1lida pela Federa\u00e7\u00e3o Paulista de Triathlon. As inscri\u00e7\u00f5es\" \/>\n<meta property=\"og:url\" content=\"https:\/\/chelso.com.br\/site\/copa-interior-sao-pedro-inscricoes-abertas\/\" \/>\n<meta property=\"og:site_name\" content=\"Portal Chelso Sports\" \/>\n<meta property=\"article:published_time\" content=\"2025-10-04T16:34:02+00:00\" \/>\n<meta property=\"article:modified_time\" content=\"2025-10-04T16:37:40+00:00\" \/>\n<meta property=\"og:image\" content=\"https:\/\/chelso.com.br\/site\/wp-content\/uploads\/2025\/10\/WhatsApp-Image-2025-10-04-at-13.31.05.jpeg\" \/>\n\t<meta property=\"og:image:width\" content=\"897\" \/>\n\t<meta property=\"og:image:height\" content=\"479\" \/>\n\t<meta property=\"og:image:type\" content=\"image\/jpeg\" \/>\n<meta name=\"author\" content=\"Edilson Rodrigues\" \/>\n<meta name=\"twitter:card\" content=\"summary_large_image\" \/>\n<meta name=\"twitter:label1\" content=\"Escrito por\" \/>\n\t<meta name=\"twitter:data1\" content=\"Edilson Rodrigues\" \/>\n\t<meta name=\"twitter:label2\" content=\"Est. tempo de leitura\" \/>\n\t<meta name=\"twitter:data2\" content=\"2 minutos\" \/>\n<script type=\"application\/ld+json\" class=\"yoast-schema-graph\">{\"@context\":\"https:\\\/\\\/schema.org\",\"@graph\":[{\"@type\":\"Article\",\"@id\":\"https:\\\/\\\/chelso.com.br\\\/site\\\/copa-interior-sao-pedro-inscricoes-abertas\\\/#article\",\"isPartOf\":{\"@id\":\"https:\\\/\\\/chelso.com.br\\\/site\\\/copa-interior-sao-pedro-inscricoes-abertas\\\/\"},\"author\":{\"name\":\"Edilson Rodrigues\",\"@id\":\"https:\\\/\\\/chelso.com.br\\\/site\\\/#\\\/schema\\\/person\\\/a1e459f9cc882778a4f1367cb2ba51e3\"},\"headline\":\"Copa Interior 5\u00aa Etapa S\u00e3o Pedro: Inscri\u00e7\u00f5es abertas\",\"datePublished\":\"2025-10-04T16:34:02+00:00\",\"dateModified\":\"2025-10-04T16:37:40+00:00\",\"mainEntityOfPage\":{\"@id\":\"https:\\\/\\\/chelso.com.br\\\/site\\\/copa-interior-sao-pedro-inscricoes-abertas\\\/\"},\"wordCount\":215,\"commentCount\":0,\"image\":{\"@id\":\"https:\\\/\\\/chelso.com.br\\\/site\\\/copa-interior-sao-pedro-inscricoes-abertas\\\/#primaryimage\"},\"thumbnailUrl\":\"https:\\\/\\\/chelso.com.br\\\/site\\\/wp-content\\\/uploads\\\/2025\\\/10\\\/WhatsApp-Image-2025-10-04-at-13.31.05.jpeg\",\"keywords\":[\"copainterior; saopedro; s\u00e3opedro; chelso\"],\"articleSection\":[\"Not\u00edcias\"],\"inLanguage\":\"pt-BR\",\"potentialAction\":[{\"@type\":\"CommentAction\",\"name\":\"Comment\",\"target\":[\"https:\\\/\\\/chelso.com.br\\\/site\\\/copa-interior-sao-pedro-inscricoes-abertas\\\/#respond\"]}]},{\"@type\":\"WebPage\",\"@id\":\"https:\\\/\\\/chelso.com.br\\\/site\\\/copa-interior-sao-pedro-inscricoes-abertas\\\/\",\"url\":\"https:\\\/\\\/chelso.com.br\\\/site\\\/copa-interior-sao-pedro-inscricoes-abertas\\\/\",\"name\":\"Copa Interior 5\u00aa Etapa S\u00e3o Pedro: Inscri\u00e7\u00f5es abertas - Portal Chelso Sports\",\"isPartOf\":{\"@id\":\"https:\\\/\\\/chelso.com.br\\\/site\\\/#website\"},\"primaryImageOfPage\":{\"@id\":\"https:\\\/\\\/chelso.com.br\\\/site\\\/copa-interior-sao-pedro-inscricoes-abertas\\\/#primaryimage\"},\"image\":{\"@id\":\"https:\\\/\\\/chelso.com.br\\\/site\\\/copa-interior-sao-pedro-inscricoes-abertas\\\/#primaryimage\"},\"thumbnailUrl\":\"https:\\\/\\\/chelso.com.br\\\/site\\\/wp-content\\\/uploads\\\/2025\\\/10\\\/WhatsApp-Image-2025-10-04-at-13.31.05.jpeg\",\"datePublished\":\"2025-10-04T16:34:02+00:00\",\"dateModified\":\"2025-10-04T16:37:40+00:00\",\"author\":{\"@id\":\"https:\\\/\\\/chelso.com.br\\\/site\\\/#\\\/schema\\\/person\\\/a1e459f9cc882778a4f1367cb2ba51e3\"},\"breadcrumb\":{\"@id\":\"https:\\\/\\\/chelso.com.br\\\/site\\\/copa-interior-sao-pedro-inscricoes-abertas\\\/#breadcrumb\"},\"inLanguage\":\"pt-BR\",\"potentialAction\":[{\"@type\":\"ReadAction\",\"target\":[\"https:\\\/\\\/chelso.com.br\\\/site\\\/copa-interior-sao-pedro-inscricoes-abertas\\\/\"]}]},{\"@type\":\"ImageObject\",\"inLanguage\":\"pt-BR\",\"@id\":\"https:\\\/\\\/chelso.com.br\\\/site\\\/copa-interior-sao-pedro-inscricoes-abertas\\\/#primaryimage\",\"url\":\"https:\\\/\\\/chelso.com.br\\\/site\\\/wp-content\\\/uploads\\\/2025\\\/10\\\/WhatsApp-Image-2025-10-04-at-13.31.05.jpeg\",\"contentUrl\":\"https:\\\/\\\/chelso.com.br\\\/site\\\/wp-content\\\/uploads\\\/2025\\\/10\\\/WhatsApp-Image-2025-10-04-at-13.31.05.jpeg\",\"width\":897,\"height\":479},{\"@type\":\"BreadcrumbList\",\"@id\":\"https:\\\/\\\/chelso.com.br\\\/site\\\/copa-interior-sao-pedro-inscricoes-abertas\\\/#breadcrumb\",\"itemListElement\":[{\"@type\":\"ListItem\",\"position\":1,\"name\":\"In\u00edcio\",\"item\":\"https:\\\/\\\/chelso.com.br\\\/site\\\/\"},{\"@type\":\"ListItem\",\"position\":2,\"name\":\"Copa Interior 5\u00aa Etapa S\u00e3o Pedro: Inscri\u00e7\u00f5es abertas\"}]},{\"@type\":\"WebSite\",\"@id\":\"https:\\\/\\\/chelso.com.br\\\/site\\\/#website\",\"url\":\"https:\\\/\\\/chelso.com.br\\\/site\\\/\",\"name\":\"Portal Chelso Sports\",\"description\":\"Conte\u00fado especializado em corrida de rua e triathlon\",\"potentialAction\":[{\"@type\":\"SearchAction\",\"target\":{\"@type\":\"EntryPoint\",\"urlTemplate\":\"https:\\\/\\\/chelso.com.br\\\/site\\\/?s={search_term_string}\"},\"query-input\":{\"@type\":\"PropertyValueSpecification\",\"valueRequired\":true,\"valueName\":\"search_term_string\"}}],\"inLanguage\":\"pt-BR\"},{\"@type\":\"Person\",\"@id\":\"https:\\\/\\\/chelso.com.br\\\/site\\\/#\\\/schema\\\/person\\\/a1e459f9cc882778a4f1367cb2ba51e3\",\"name\":\"Edilson Rodrigues\",\"image\":{\"@type\":\"ImageObject\",\"inLanguage\":\"pt-BR\",\"@id\":\"https:\\\/\\\/chelso.com.br\\\/site\\\/wp-content\\\/uploads\\\/2024\\\/09\\\/Captura-de-tela-2024-09-27-170323-150x150.png\",\"url\":\"https:\\\/\\\/chelso.com.br\\\/site\\\/wp-content\\\/uploads\\\/2024\\\/09\\\/Captura-de-tela-2024-09-27-170323-150x150.png\",\"contentUrl\":\"https:\\\/\\\/chelso.com.br\\\/site\\\/wp-content\\\/uploads\\\/2024\\\/09\\\/Captura-de-tela-2024-09-27-170323-150x150.png\",\"caption\":\"Edilson Rodrigues\"},\"url\":\"https:\\\/\\\/chelso.com.br\\\/site\\\/author\\\/edilson\\\/\"}]}<\/script>\n<!-- \/ Yoast SEO plugin. -->","yoast_head_json":{"title":"Copa Interior 5\u00aa Etapa S\u00e3o Pedro: Inscri\u00e7\u00f5es abertas - Portal Chelso Sports","robots":{"index":"index","follow":"follow","max-snippet":"max-snippet:-1","max-image-preview":"max-image-preview:large","max-video-preview":"max-video-preview:-1"},"canonical":"https:\/\/chelso.com.br\/site\/copa-interior-sao-pedro-inscricoes-abertas\/","og_locale":"pt_BR","og_type":"article","og_title":"Copa Interior 5\u00aa Etapa S\u00e3o Pedro: Inscri\u00e7\u00f5es abertas - Portal Chelso Sports","og_description":"A 5\u00aa e \u00faltima etapa da temporada 2025 da Copa Interior est\u00e1 agendada para movimentar a cidade de S\u00e3o Pedro. A prova acontece no dia 30 de novembro, no Parque Maria Ang\u00e9lica, nas modalidades de triathlon, aquathlon e duathlon. A etapa de S\u00e3o Pedro \u00e9 homologada e v\u00e1lida pela Federa\u00e7\u00e3o Paulista de Triathlon. As inscri\u00e7\u00f5es","og_url":"https:\/\/chelso.com.br\/site\/copa-interior-sao-pedro-inscricoes-abertas\/","og_site_name":"Portal Chelso Sports","article_published_time":"2025-10-04T16:34:02+00:00","article_modified_time":"2025-10-04T16:37:40+00:00","og_image":[{"width":897,"height":479,"url":"https:\/\/chelso.com.br\/site\/wp-content\/uploads\/2025\/10\/WhatsApp-Image-2025-10-04-at-13.31.05.jpeg","type":"image\/jpeg"}],"author":"Edilson Rodrigues","twitter_card":"summary_large_image","twitter_misc":{"Escrito por":"Edilson Rodrigues","Est. tempo de leitura":"2 minutos"},"schema":{"@context":"https:\/\/schema.org","@graph":[{"@type":"Article","@id":"https:\/\/chelso.com.br\/site\/copa-interior-sao-pedro-inscricoes-abertas\/#article","isPartOf":{"@id":"https:\/\/chelso.com.br\/site\/copa-interior-sao-pedro-inscricoes-abertas\/"},"author":{"name":"Edilson Rodrigues","@id":"https:\/\/chelso.com.br\/site\/#\/schema\/person\/a1e459f9cc882778a4f1367cb2ba51e3"},"headline":"Copa Interior 5\u00aa Etapa S\u00e3o Pedro: Inscri\u00e7\u00f5es abertas","datePublished":"2025-10-04T16:34:02+00:00","dateModified":"2025-10-04T16:37:40+00:00","mainEntityOfPage":{"@id":"https:\/\/chelso.com.br\/site\/copa-interior-sao-pedro-inscricoes-abertas\/"},"wordCount":215,"commentCount":0,"image":{"@id":"https:\/\/chelso.com.br\/site\/copa-interior-sao-pedro-inscricoes-abertas\/#primaryimage"},"thumbnailUrl":"https:\/\/chelso.com.br\/site\/wp-content\/uploads\/2025\/10\/WhatsApp-Image-2025-10-04-at-13.31.05.jpeg","keywords":["copainterior; saopedro; s\u00e3opedro; chelso"],"articleSection":["Not\u00edcias"],"inLanguage":"pt-BR","potentialAction":[{"@type":"CommentAction","name":"Comment","target":["https:\/\/chelso.com.br\/site\/copa-interior-sao-pedro-inscricoes-abertas\/#respond"]}]},{"@type":"WebPage","@id":"https:\/\/chelso.com.br\/site\/copa-interior-sao-pedro-inscricoes-abertas\/","url":"https:\/\/chelso.com.br\/site\/copa-interior-sao-pedro-inscricoes-abertas\/","name":"Copa Interior 5\u00aa Etapa S\u00e3o Pedro: Inscri\u00e7\u00f5es abertas - Portal Chelso Sports","isPartOf":{"@id":"https:\/\/chelso.com.br\/site\/#website"},"primaryImageOfPage":{"@id":"https:\/\/chelso.com.br\/site\/copa-interior-sao-pedro-inscricoes-abertas\/#primaryimage"},"image":{"@id":"https:\/\/chelso.com.br\/site\/copa-interior-sao-pedro-inscricoes-abertas\/#primaryimage"},"thumbnailUrl":"https:\/\/chelso.com.br\/site\/wp-content\/uploads\/2025\/10\/WhatsApp-Image-2025-10-04-at-13.31.05.jpeg","datePublished":"2025-10-04T16:34:02+00:00","dateModified":"2025-10-04T16:37:40+00:00","author":{"@id":"https:\/\/chelso.com.br\/site\/#\/schema\/person\/a1e459f9cc882778a4f1367cb2ba51e3"},"breadcrumb":{"@id":"https:\/\/chelso.com.br\/site\/copa-interior-sao-pedro-inscricoes-abertas\/#breadcrumb"},"inLanguage":"pt-BR","potentialAction":[{"@type":"ReadAction","target":["https:\/\/chelso.com.br\/site\/copa-interior-sao-pedro-inscricoes-abertas\/"]}]},{"@type":"ImageObject","inLanguage":"pt-BR","@id":"https:\/\/chelso.com.br\/site\/copa-interior-sao-pedro-inscricoes-abertas\/#primaryimage","url":"https:\/\/chelso.com.br\/site\/wp-content\/uploads\/2025\/10\/WhatsApp-Image-2025-10-04-at-13.31.05.jpeg","contentUrl":"https:\/\/chelso.com.br\/site\/wp-content\/uploads\/2025\/10\/WhatsApp-Image-2025-10-04-at-13.31.05.jpeg","width":897,"height":479},{"@type":"BreadcrumbList","@id":"https:\/\/chelso.com.br\/site\/copa-interior-sao-pedro-inscricoes-abertas\/#breadcrumb","itemListElement":[{"@type":"ListItem","position":1,"name":"In\u00edcio","item":"https:\/\/chelso.com.br\/site\/"},{"@type":"ListItem","position":2,"name":"Copa Interior 5\u00aa Etapa S\u00e3o Pedro: Inscri\u00e7\u00f5es abertas"}]},{"@type":"WebSite","@id":"https:\/\/chelso.com.br\/site\/#website","url":"https:\/\/chelso.com.br\/site\/","name":"Portal Chelso Sports","description":"Conte\u00fado especializado em corrida de rua e triathlon","potentialAction":[{"@type":"SearchAction","target":{"@type":"EntryPoint","urlTemplate":"https:\/\/chelso.com.br\/site\/?s={search_term_string}"},"query-input":{"@type":"PropertyValueSpecification","valueRequired":true,"valueName":"search_term_string"}}],"inLanguage":"pt-BR"},{"@type":"Person","@id":"https:\/\/chelso.com.br\/site\/#\/schema\/person\/a1e459f9cc882778a4f1367cb2ba51e3","name":"Edilson Rodrigues","image":{"@type":"ImageObject","inLanguage":"pt-BR","@id":"https:\/\/chelso.com.br\/site\/wp-content\/uploads\/2024\/09\/Captura-de-tela-2024-09-27-170323-150x150.png","url":"https:\/\/chelso.com.br\/site\/wp-content\/uploads\/2024\/09\/Captura-de-tela-2024-09-27-170323-150x150.png","contentUrl":"https:\/\/chelso.com.br\/site\/wp-content\/uploads\/2024\/09\/Captura-de-tela-2024-09-27-170323-150x150.png","caption":"Edilson Rodrigues"},"url":"https:\/\/chelso.com.br\/site\/author\/edilson\/"}]}},"amp_enabled":true,"_links":{"self":[{"href":"https:\/\/chelso.com.br\/site\/wp-json\/wp\/v2\/posts\/27486","targetHints":{"allow":["GET"]}}],"collection":[{"href":"https:\/\/chelso.com.br\/site\/wp-json\/wp\/v2\/posts"}],"about":[{"href":"https:\/\/chelso.com.br\/site\/wp-json\/wp\/v2\/types\/post"}],"author":[{"embeddable":true,"href":"https:\/\/chelso.com.br\/site\/wp-json\/wp\/v2\/users\/43"}],"replies":[{"embeddable":true,"href":"https:\/\/chelso.com.br\/site\/wp-json\/wp\/v2\/comments?post=27486"}],"version-history":[{"count":5,"href":"https:\/\/chelso.com.br\/site\/wp-json\/wp\/v2\/posts\/27486\/revisions"}],"predecessor-version":[{"id":27492,"href":"https:\/\/chelso.com.br\/site\/wp-json\/wp\/v2\/posts\/27486\/revisions\/27492"}],"wp:featuredmedia":[{"embeddable":true,"href":"https:\/\/chelso.com.br\/site\/wp-json\/wp\/v2\/media\/27487"}],"wp:attachment":[{"href":"https:\/\/chelso.com.br\/site\/wp-json\/wp\/v2\/media?parent=27486"}],"wp:term":[{"taxonomy":"category","embeddable":true,"href":"https:\/\/chelso.com.br\/site\/wp-json\/wp\/v2\/categories?post=27486"},{"taxonomy":"post_tag","embeddable":true,"href":"https:\/\/chelso.com.br\/site\/wp-json\/wp\/v2\/tags?post=27486"}],"curies":[{"name":"wp","href":"https:\/\/api.w.org\/{rel}","templated":true}]}}