{"id":27530,"date":"2025-10-08T13:43:21","date_gmt":"2025-10-08T16:43:21","guid":{"rendered":"https:\/\/chelso.com.br\/site\/?p=27530"},"modified":"2025-10-10T11:34:15","modified_gmt":"2025-10-10T14:34:15","slug":"campinas-sedia-feira-inedita-de-corrida-de-rua-e-recebe-organizador-da-sao-silvestre","status":"publish","type":"post","link":"https:\/\/chelso.com.br\/site\/campinas-sedia-feira-inedita-de-corrida-de-rua-e-recebe-organizador-da-sao-silvestre\/","title":{"rendered":"Campinas sedia feira in\u00e9dita de corrida de rua e recebe organizador da S\u00e3o Silvestre"},"content":{"rendered":"<p style=\"text-align: center;\">A cidade de Campinas, com apoio da prefeitura do munic\u00edpio, prepara-se para sediar a 1\u00aa edi\u00e7\u00e3o da RunExpo, o primeiro evento no Brasil totalmente dedicado ao mercado da corrida de rua e dos esportes de endurance. A feira in\u00e9dita acontece nos dias 28 e 29 de outubro, das 8h \u00e0s 18h, no prestigiado Clube de T\u00eanis Campinas.<\/p>\n<p style=\"text-align: center;\">Mais do que uma feira, a RunExpo surge como a plataforma definitiva para conectar marcas, organizadores, atletas e profissionais do setor, oferecendo uma oportunidade \u00fanica de networking e acesso \u00e0s principais novidades do universo running e outdoor do Brasil.<\/p>\n<p style=\"text-align: center;\">O evento \u00e9 uma realiza\u00e7\u00e3o do portal Correria Campinas e as inscri\u00e7\u00f5es podem ser feitas atrav\u00e9s do site: <a href=\"http:\/\/www.runexpo.com.br\">www.runexpo.com.br<\/a><\/p>\n<p><img fetchpriority=\"high\" decoding=\"async\" class=\"wp-image-27531 aligncenter\" src=\"https:\/\/chelso.com.br\/site\/wp-content\/uploads\/2025\/10\/WhatsApp-Image-2025-10-08-at-12.31.05-241x300.jpeg\" alt=\"\" width=\"340\" height=\"423\" srcset=\"https:\/\/chelso.com.br\/site\/wp-content\/uploads\/2025\/10\/WhatsApp-Image-2025-10-08-at-12.31.05-241x300.jpeg 241w, https:\/\/chelso.com.br\/site\/wp-content\/uploads\/2025\/10\/WhatsApp-Image-2025-10-08-at-12.31.05-823x1024.jpeg 823w, https:\/\/chelso.com.br\/site\/wp-content\/uploads\/2025\/10\/WhatsApp-Image-2025-10-08-at-12.31.05-150x187.jpeg 150w, https:\/\/chelso.com.br\/site\/wp-content\/uploads\/2025\/10\/WhatsApp-Image-2025-10-08-at-12.31.05-450x560.jpeg 450w, https:\/\/chelso.com.br\/site\/wp-content\/uploads\/2025\/10\/WhatsApp-Image-2025-10-08-at-12.31.05-768x955.jpeg 768w, https:\/\/chelso.com.br\/site\/wp-content\/uploads\/2025\/10\/WhatsApp-Image-2025-10-08-at-12.31.05.jpeg 1080w\" sizes=\"(max-width: 340px) 100vw, 340px\" \/><\/p>\n<p style=\"text-align: center;\"><strong>Palestrantes confirmados<\/strong><\/p>\n<p style=\"text-align: center;\">A RunExpo j\u00e1 confirmou as presen\u00e7as dos seguintes palestrantes:<\/p>\n<p style=\"text-align: center;\"><strong>Palestrante:<\/strong> Daniel Krutman \u2013 CEO da Tickets Sports;<\/p>\n<p style=\"text-align: center;\"><strong>Tema<\/strong>: Palestra de abertura.<\/p>\n<p style=\"text-align: center;\"><strong>Palestrante:<\/strong> Paulo Carelli \u2013 CEO da Iguana Sports;<\/p>\n<p style=\"text-align: center;\"><strong>Tema:<\/strong> O jeito Iguana de se fazer corrida.<\/p>\n<p style=\"text-align: center;\"><strong>Palestrantes:<\/strong> Rafael Zobaran \u2013 CEO da ZBRclama Sports, Gustavo Nogueira \u2013 CEO da \u00cdndice Spots Mkt e Ailton Zulu \u2013 CEO da AZ Running<\/p>\n<p style=\"text-align: center;\"><strong>Tema:<\/strong> O Mercado do Trail Run: Desafios e Oportunidades<\/p>\n<p style=\"text-align: center;\"><strong>Palestrantes:<\/strong> F\u00e1bio Bessa e Thiago Kawamura \u2013 Stemma Media &amp; Sports<\/p>\n<p style=\"text-align: center;\"><strong>Tema:<\/strong> Transmiss\u00e3o ao vivo, como funciona e quais s\u00e3o as oportunidades.<\/p>\n<p style=\"text-align: center;\"><strong>Palestrantes:<\/strong> Joel Oliveira \u2013 Presidente da FPA (Federa\u00e7\u00e3o Paulista de Atletismo)<\/p>\n<p style=\"text-align: center;\"><strong>Tema:<\/strong> Palestra \u2013 FPA<\/p>\n<p style=\"text-align: center;\"><strong>Palestrante:<\/strong> Marcos Yano \u2013 CEO da Vega Sports<\/p>\n<p style=\"text-align: center;\"><strong>Tema:<\/strong> Desafios da S\u00e3o Silvestre<\/p>\n<p style=\"text-align: center;\"><strong>Palestrantes:<\/strong> Tony Muknicka \u2013 Presidente da Proeesp e Renan B\u00fassulo \u2013 Fundador da Runksport<\/p>\n<p style=\"text-align: center;\"><strong>Tema:<\/strong> Como crescer no interior<\/p>\n<p style=\"text-align: center;\"><strong>Palestrantes:<\/strong> Felipe Campos \u2013 Especialista em marketing esportivo e parcerias estrat\u00e9gicas, F\u00e1bio Cecon \u2013 Diretor de marketing Supermercado Pague Menos e Luciana Pepper \u2013 CEO da Pepper Sports e Diretora de projetos da Abraceo<\/p>\n<p style=\"text-align: center;\"><strong>Tema:<\/strong> Talk Marcas<\/p>\n<p style=\"text-align: center;\"><strong>Campinas: Um Polo Estrat\u00e9gico<\/strong><\/p>\n<p style=\"text-align: center;\">A escolha por Campinas se justifica por sua relev\u00e2ncia no cen\u00e1rio esportivo nacional.<\/p>\n<p style=\"text-align: center;\">A cidade \u00e9 a segunda com mais corridas de rua no estado de S\u00e3o Paulo e \u00e9 a sede da Regi\u00e3o Metropolitana de Campinas, com mais de tr\u00eas milh\u00f5es de pessoas engajadas em esportes e bem-estar.<\/p>\n<p style=\"text-align: center;\">Com uma infraestrutura de ponta e um p\u00fablico engajado, Campinas oferece um ambiente ideal para o crescimento e a associa\u00e7\u00e3o de marcas \u00e0 sa\u00fade e qualidade de vida.<\/p>\n<p style=\"text-align: center;\"><strong>Servi\u00e7o:<\/strong><\/p>\n<p style=\"text-align: center;\">Evento: RunExpo 2025<\/p>\n<p style=\"text-align: center;\">Data: 28 e 29 de outubro de 2025<\/p>\n<p style=\"text-align: center;\">Hor\u00e1rio: das 8h \u00e0s 18h.<\/p>\n<p style=\"text-align: center;\">Local: Clube de T\u00eanis Campinas, rua Coronel Quirino, 1346, Cambu\u00ed.<\/p>\n<p style=\"text-align: center;\">Inscri\u00e7\u00f5es e programa\u00e7\u00e3o: <a href=\"http:\/\/www.runexpo.com.br\">www.runexpo.com.br<\/a><\/p>\n<p style=\"text-align: center;\"><strong>Patrocinadores: <\/strong>Racezone Tecnologia, Fotop, Ticket Sports, Fotto, Tag Run, I9sports, Wienbier, 220v e Medicall.<\/p>\n<p style=\"text-align: center;\"><strong>Apoio Institucional<\/strong>: Prefeitura Municipal de Campinas, ABRACEO e Caf\u00e9 Aroma Real.<\/p>\n<p style=\"text-align: center;\"><strong>Reda\u00e7\u00e3o Assessoria de Imprensa Chelso Sports<\/strong><\/p>\n<p style=\"text-align: center;\">Jornalista Edilson Rodrigues de Morais, Mtb 26.319<\/p>\n<p style=\"text-align: center;\">(19) 99706.1570 \u2013 www.chelso.com.br<\/p>\n","protected":false},"excerpt":{"rendered":"<p>A cidade de Campinas, com apoio da prefeitura do munic\u00edpio, prepara-se para sediar a 1\u00aa edi\u00e7\u00e3o da RunExpo, o primeiro evento no Brasil totalmente dedicado ao mercado da corrida de rua e dos esportes de endurance. A feira in\u00e9dita acontece nos dias 28 e 29 de outubro, das 8h \u00e0s 18h, no prestigiado Clube de<\/p>\n","protected":false},"author":43,"featured_media":27532,"comment_status":"open","ping_status":"closed","sticky":false,"template":"","format":"standard","meta":{"om_disable_all_campaigns":false,"_monsterinsights_skip_tracking":false,"_monsterinsights_sitenote_active":false,"_monsterinsights_sitenote_note":"","_monsterinsights_sitenote_category":0,"footnotes":""},"categories":[30],"tags":[5545,5539,5541,5544,5542,5543,5538,5540],"class_list":{"0":"post-27530","1":"post","2":"type-post","3":"status-publish","4":"format-standard","5":"has-post-thumbnail","7":"category-noticias","8":"tag-clubedeteniscampinas","9":"tag-corridaderua-endurance","10":"tag-danielkrutman-danielkrutman-rafaelzobaran","11":"tag-felipecampos-fabiocecon","12":"tag-gustavonogueira-ailton-zulu-fabiobessa-thiagokawamura","13":"tag-joeloliveira-marcosyano-tonymuknicka-renanbussulo","14":"tag-runexpo-campinas-correriacampinas","15":"tag-universorunning-outdoor"},"aioseo_notices":[],"yoast_head":"<!-- This site is optimized with the Yoast SEO plugin v27.5 - https:\/\/yoast.com\/product\/yoast-seo-wordpress\/ -->\n<title>Campinas sedia feira in\u00e9dita de corrida de rua e recebe organizador da S\u00e3o Silvestre - Portal Chelso Sports<\/title>\n<meta name=\"robots\" content=\"index, follow, max-snippet:-1, max-image-preview:large, max-video-preview:-1\" \/>\n<link rel=\"canonical\" href=\"https:\/\/chelso.com.br\/site\/campinas-sedia-feira-inedita-de-corrida-de-rua-e-recebe-organizador-da-sao-silvestre\/\" \/>\n<meta property=\"og:locale\" content=\"pt_BR\" \/>\n<meta property=\"og:type\" content=\"article\" \/>\n<meta property=\"og:title\" content=\"Campinas sedia feira in\u00e9dita de corrida de rua e recebe organizador da S\u00e3o Silvestre - Portal Chelso Sports\" \/>\n<meta property=\"og:description\" content=\"A cidade de Campinas, com apoio da prefeitura do munic\u00edpio, prepara-se para sediar a 1\u00aa edi\u00e7\u00e3o da RunExpo, o primeiro evento no Brasil totalmente dedicado ao mercado da corrida de rua e dos esportes de endurance. A feira in\u00e9dita acontece nos dias 28 e 29 de outubro, das 8h \u00e0s 18h, no prestigiado Clube de\" \/>\n<meta property=\"og:url\" content=\"https:\/\/chelso.com.br\/site\/campinas-sedia-feira-inedita-de-corrida-de-rua-e-recebe-organizador-da-sao-silvestre\/\" \/>\n<meta property=\"og:site_name\" content=\"Portal Chelso Sports\" \/>\n<meta property=\"article:published_time\" content=\"2025-10-08T16:43:21+00:00\" \/>\n<meta property=\"article:modified_time\" content=\"2025-10-10T14:34:15+00:00\" \/>\n<meta property=\"og:image\" content=\"https:\/\/chelso.com.br\/site\/wp-content\/uploads\/2025\/10\/WhatsApp-Image-2025-10-08-at-12.31.05-Copia.jpeg\" \/>\n\t<meta property=\"og:image:width\" content=\"1080\" \/>\n\t<meta property=\"og:image:height\" content=\"946\" \/>\n\t<meta property=\"og:image:type\" content=\"image\/jpeg\" \/>\n<meta name=\"author\" content=\"Edilson Rodrigues\" \/>\n<meta name=\"twitter:card\" content=\"summary_large_image\" \/>\n<meta name=\"twitter:label1\" content=\"Escrito por\" \/>\n\t<meta name=\"twitter:data1\" content=\"Edilson Rodrigues\" \/>\n\t<meta name=\"twitter:label2\" content=\"Est. tempo de leitura\" \/>\n\t<meta name=\"twitter:data2\" content=\"3 minutos\" \/>\n<script type=\"application\/ld+json\" class=\"yoast-schema-graph\">{\"@context\":\"https:\\\/\\\/schema.org\",\"@graph\":[{\"@type\":\"Article\",\"@id\":\"https:\\\/\\\/chelso.com.br\\\/site\\\/campinas-sedia-feira-inedita-de-corrida-de-rua-e-recebe-organizador-da-sao-silvestre\\\/#article\",\"isPartOf\":{\"@id\":\"https:\\\/\\\/chelso.com.br\\\/site\\\/campinas-sedia-feira-inedita-de-corrida-de-rua-e-recebe-organizador-da-sao-silvestre\\\/\"},\"author\":{\"name\":\"Edilson Rodrigues\",\"@id\":\"https:\\\/\\\/chelso.com.br\\\/site\\\/#\\\/schema\\\/person\\\/a1e459f9cc882778a4f1367cb2ba51e3\"},\"headline\":\"Campinas sedia feira in\u00e9dita de corrida de rua e recebe organizador da S\u00e3o Silvestre\",\"datePublished\":\"2025-10-08T16:43:21+00:00\",\"dateModified\":\"2025-10-10T14:34:15+00:00\",\"mainEntityOfPage\":{\"@id\":\"https:\\\/\\\/chelso.com.br\\\/site\\\/campinas-sedia-feira-inedita-de-corrida-de-rua-e-recebe-organizador-da-sao-silvestre\\\/\"},\"wordCount\":475,\"commentCount\":0,\"image\":{\"@id\":\"https:\\\/\\\/chelso.com.br\\\/site\\\/campinas-sedia-feira-inedita-de-corrida-de-rua-e-recebe-organizador-da-sao-silvestre\\\/#primaryimage\"},\"thumbnailUrl\":\"https:\\\/\\\/chelso.com.br\\\/site\\\/wp-content\\\/uploads\\\/2025\\\/10\\\/WhatsApp-Image-2025-10-08-at-12.31.05-Copia.jpeg\",\"keywords\":[\"clubedet\u00eaniscampinas\",\"corridaderua; endurance\",\"DanielKrutman; DanielKrutman; RafaelZobaran\",\"FelipeCampos; F\u00e1bioCecon;\",\"GustavoNogueira; Ailton Zulu; F\u00e1bioBessa; ThiagoKawamura\",\"JoelOliveira; MarcosYano; TonyMuknicka; RenanB\u00fassulo\",\"runexpo; campinas; correriacampinas\",\"universorunning; outdoor\"],\"articleSection\":[\"Not\u00edcias\"],\"inLanguage\":\"pt-BR\",\"potentialAction\":[{\"@type\":\"CommentAction\",\"name\":\"Comment\",\"target\":[\"https:\\\/\\\/chelso.com.br\\\/site\\\/campinas-sedia-feira-inedita-de-corrida-de-rua-e-recebe-organizador-da-sao-silvestre\\\/#respond\"]}]},{\"@type\":\"WebPage\",\"@id\":\"https:\\\/\\\/chelso.com.br\\\/site\\\/campinas-sedia-feira-inedita-de-corrida-de-rua-e-recebe-organizador-da-sao-silvestre\\\/\",\"url\":\"https:\\\/\\\/chelso.com.br\\\/site\\\/campinas-sedia-feira-inedita-de-corrida-de-rua-e-recebe-organizador-da-sao-silvestre\\\/\",\"name\":\"Campinas sedia feira in\u00e9dita de corrida de rua e recebe organizador da S\u00e3o Silvestre - Portal Chelso Sports\",\"isPartOf\":{\"@id\":\"https:\\\/\\\/chelso.com.br\\\/site\\\/#website\"},\"primaryImageOfPage\":{\"@id\":\"https:\\\/\\\/chelso.com.br\\\/site\\\/campinas-sedia-feira-inedita-de-corrida-de-rua-e-recebe-organizador-da-sao-silvestre\\\/#primaryimage\"},\"image\":{\"@id\":\"https:\\\/\\\/chelso.com.br\\\/site\\\/campinas-sedia-feira-inedita-de-corrida-de-rua-e-recebe-organizador-da-sao-silvestre\\\/#primaryimage\"},\"thumbnailUrl\":\"https:\\\/\\\/chelso.com.br\\\/site\\\/wp-content\\\/uploads\\\/2025\\\/10\\\/WhatsApp-Image-2025-10-08-at-12.31.05-Copia.jpeg\",\"datePublished\":\"2025-10-08T16:43:21+00:00\",\"dateModified\":\"2025-10-10T14:34:15+00:00\",\"author\":{\"@id\":\"https:\\\/\\\/chelso.com.br\\\/site\\\/#\\\/schema\\\/person\\\/a1e459f9cc882778a4f1367cb2ba51e3\"},\"breadcrumb\":{\"@id\":\"https:\\\/\\\/chelso.com.br\\\/site\\\/campinas-sedia-feira-inedita-de-corrida-de-rua-e-recebe-organizador-da-sao-silvestre\\\/#breadcrumb\"},\"inLanguage\":\"pt-BR\",\"potentialAction\":[{\"@type\":\"ReadAction\",\"target\":[\"https:\\\/\\\/chelso.com.br\\\/site\\\/campinas-sedia-feira-inedita-de-corrida-de-rua-e-recebe-organizador-da-sao-silvestre\\\/\"]}]},{\"@type\":\"ImageObject\",\"inLanguage\":\"pt-BR\",\"@id\":\"https:\\\/\\\/chelso.com.br\\\/site\\\/campinas-sedia-feira-inedita-de-corrida-de-rua-e-recebe-organizador-da-sao-silvestre\\\/#primaryimage\",\"url\":\"https:\\\/\\\/chelso.com.br\\\/site\\\/wp-content\\\/uploads\\\/2025\\\/10\\\/WhatsApp-Image-2025-10-08-at-12.31.05-Copia.jpeg\",\"contentUrl\":\"https:\\\/\\\/chelso.com.br\\\/site\\\/wp-content\\\/uploads\\\/2025\\\/10\\\/WhatsApp-Image-2025-10-08-at-12.31.05-Copia.jpeg\",\"width\":1080,\"height\":946},{\"@type\":\"BreadcrumbList\",\"@id\":\"https:\\\/\\\/chelso.com.br\\\/site\\\/campinas-sedia-feira-inedita-de-corrida-de-rua-e-recebe-organizador-da-sao-silvestre\\\/#breadcrumb\",\"itemListElement\":[{\"@type\":\"ListItem\",\"position\":1,\"name\":\"In\u00edcio\",\"item\":\"https:\\\/\\\/chelso.com.br\\\/site\\\/\"},{\"@type\":\"ListItem\",\"position\":2,\"name\":\"Campinas sedia feira in\u00e9dita de corrida de rua e recebe organizador da S\u00e3o Silvestre\"}]},{\"@type\":\"WebSite\",\"@id\":\"https:\\\/\\\/chelso.com.br\\\/site\\\/#website\",\"url\":\"https:\\\/\\\/chelso.com.br\\\/site\\\/\",\"name\":\"Portal Chelso Sports\",\"description\":\"Conte\u00fado especializado em corrida de rua e triathlon\",\"potentialAction\":[{\"@type\":\"SearchAction\",\"target\":{\"@type\":\"EntryPoint\",\"urlTemplate\":\"https:\\\/\\\/chelso.com.br\\\/site\\\/?s={search_term_string}\"},\"query-input\":{\"@type\":\"PropertyValueSpecification\",\"valueRequired\":true,\"valueName\":\"search_term_string\"}}],\"inLanguage\":\"pt-BR\"},{\"@type\":\"Person\",\"@id\":\"https:\\\/\\\/chelso.com.br\\\/site\\\/#\\\/schema\\\/person\\\/a1e459f9cc882778a4f1367cb2ba51e3\",\"name\":\"Edilson Rodrigues\",\"image\":{\"@type\":\"ImageObject\",\"inLanguage\":\"pt-BR\",\"@id\":\"https:\\\/\\\/chelso.com.br\\\/site\\\/wp-content\\\/uploads\\\/2024\\\/09\\\/Captura-de-tela-2024-09-27-170323-150x150.png\",\"url\":\"https:\\\/\\\/chelso.com.br\\\/site\\\/wp-content\\\/uploads\\\/2024\\\/09\\\/Captura-de-tela-2024-09-27-170323-150x150.png\",\"contentUrl\":\"https:\\\/\\\/chelso.com.br\\\/site\\\/wp-content\\\/uploads\\\/2024\\\/09\\\/Captura-de-tela-2024-09-27-170323-150x150.png\",\"caption\":\"Edilson Rodrigues\"},\"url\":\"https:\\\/\\\/chelso.com.br\\\/site\\\/author\\\/edilson\\\/\"}]}<\/script>\n<!-- \/ Yoast SEO plugin. -->","yoast_head_json":{"title":"Campinas sedia feira in\u00e9dita de corrida de rua e recebe organizador da S\u00e3o Silvestre - Portal Chelso Sports","robots":{"index":"index","follow":"follow","max-snippet":"max-snippet:-1","max-image-preview":"max-image-preview:large","max-video-preview":"max-video-preview:-1"},"canonical":"https:\/\/chelso.com.br\/site\/campinas-sedia-feira-inedita-de-corrida-de-rua-e-recebe-organizador-da-sao-silvestre\/","og_locale":"pt_BR","og_type":"article","og_title":"Campinas sedia feira in\u00e9dita de corrida de rua e recebe organizador da S\u00e3o Silvestre - Portal Chelso Sports","og_description":"A cidade de Campinas, com apoio da prefeitura do munic\u00edpio, prepara-se para sediar a 1\u00aa edi\u00e7\u00e3o da RunExpo, o primeiro evento no Brasil totalmente dedicado ao mercado da corrida de rua e dos esportes de endurance. A feira in\u00e9dita acontece nos dias 28 e 29 de outubro, das 8h \u00e0s 18h, no prestigiado Clube de","og_url":"https:\/\/chelso.com.br\/site\/campinas-sedia-feira-inedita-de-corrida-de-rua-e-recebe-organizador-da-sao-silvestre\/","og_site_name":"Portal Chelso Sports","article_published_time":"2025-10-08T16:43:21+00:00","article_modified_time":"2025-10-10T14:34:15+00:00","og_image":[{"width":1080,"height":946,"url":"https:\/\/chelso.com.br\/site\/wp-content\/uploads\/2025\/10\/WhatsApp-Image-2025-10-08-at-12.31.05-Copia.jpeg","type":"image\/jpeg"}],"author":"Edilson Rodrigues","twitter_card":"summary_large_image","twitter_misc":{"Escrito por":"Edilson Rodrigues","Est. tempo de leitura":"3 minutos"},"schema":{"@context":"https:\/\/schema.org","@graph":[{"@type":"Article","@id":"https:\/\/chelso.com.br\/site\/campinas-sedia-feira-inedita-de-corrida-de-rua-e-recebe-organizador-da-sao-silvestre\/#article","isPartOf":{"@id":"https:\/\/chelso.com.br\/site\/campinas-sedia-feira-inedita-de-corrida-de-rua-e-recebe-organizador-da-sao-silvestre\/"},"author":{"name":"Edilson Rodrigues","@id":"https:\/\/chelso.com.br\/site\/#\/schema\/person\/a1e459f9cc882778a4f1367cb2ba51e3"},"headline":"Campinas sedia feira in\u00e9dita de corrida de rua e recebe organizador da S\u00e3o Silvestre","datePublished":"2025-10-08T16:43:21+00:00","dateModified":"2025-10-10T14:34:15+00:00","mainEntityOfPage":{"@id":"https:\/\/chelso.com.br\/site\/campinas-sedia-feira-inedita-de-corrida-de-rua-e-recebe-organizador-da-sao-silvestre\/"},"wordCount":475,"commentCount":0,"image":{"@id":"https:\/\/chelso.com.br\/site\/campinas-sedia-feira-inedita-de-corrida-de-rua-e-recebe-organizador-da-sao-silvestre\/#primaryimage"},"thumbnailUrl":"https:\/\/chelso.com.br\/site\/wp-content\/uploads\/2025\/10\/WhatsApp-Image-2025-10-08-at-12.31.05-Copia.jpeg","keywords":["clubedet\u00eaniscampinas","corridaderua; endurance","DanielKrutman; DanielKrutman; RafaelZobaran","FelipeCampos; F\u00e1bioCecon;","GustavoNogueira; Ailton Zulu; F\u00e1bioBessa; ThiagoKawamura","JoelOliveira; MarcosYano; TonyMuknicka; RenanB\u00fassulo","runexpo; campinas; correriacampinas","universorunning; outdoor"],"articleSection":["Not\u00edcias"],"inLanguage":"pt-BR","potentialAction":[{"@type":"CommentAction","name":"Comment","target":["https:\/\/chelso.com.br\/site\/campinas-sedia-feira-inedita-de-corrida-de-rua-e-recebe-organizador-da-sao-silvestre\/#respond"]}]},{"@type":"WebPage","@id":"https:\/\/chelso.com.br\/site\/campinas-sedia-feira-inedita-de-corrida-de-rua-e-recebe-organizador-da-sao-silvestre\/","url":"https:\/\/chelso.com.br\/site\/campinas-sedia-feira-inedita-de-corrida-de-rua-e-recebe-organizador-da-sao-silvestre\/","name":"Campinas sedia feira in\u00e9dita de corrida de rua e recebe organizador da S\u00e3o Silvestre - Portal Chelso Sports","isPartOf":{"@id":"https:\/\/chelso.com.br\/site\/#website"},"primaryImageOfPage":{"@id":"https:\/\/chelso.com.br\/site\/campinas-sedia-feira-inedita-de-corrida-de-rua-e-recebe-organizador-da-sao-silvestre\/#primaryimage"},"image":{"@id":"https:\/\/chelso.com.br\/site\/campinas-sedia-feira-inedita-de-corrida-de-rua-e-recebe-organizador-da-sao-silvestre\/#primaryimage"},"thumbnailUrl":"https:\/\/chelso.com.br\/site\/wp-content\/uploads\/2025\/10\/WhatsApp-Image-2025-10-08-at-12.31.05-Copia.jpeg","datePublished":"2025-10-08T16:43:21+00:00","dateModified":"2025-10-10T14:34:15+00:00","author":{"@id":"https:\/\/chelso.com.br\/site\/#\/schema\/person\/a1e459f9cc882778a4f1367cb2ba51e3"},"breadcrumb":{"@id":"https:\/\/chelso.com.br\/site\/campinas-sedia-feira-inedita-de-corrida-de-rua-e-recebe-organizador-da-sao-silvestre\/#breadcrumb"},"inLanguage":"pt-BR","potentialAction":[{"@type":"ReadAction","target":["https:\/\/chelso.com.br\/site\/campinas-sedia-feira-inedita-de-corrida-de-rua-e-recebe-organizador-da-sao-silvestre\/"]}]},{"@type":"ImageObject","inLanguage":"pt-BR","@id":"https:\/\/chelso.com.br\/site\/campinas-sedia-feira-inedita-de-corrida-de-rua-e-recebe-organizador-da-sao-silvestre\/#primaryimage","url":"https:\/\/chelso.com.br\/site\/wp-content\/uploads\/2025\/10\/WhatsApp-Image-2025-10-08-at-12.31.05-Copia.jpeg","contentUrl":"https:\/\/chelso.com.br\/site\/wp-content\/uploads\/2025\/10\/WhatsApp-Image-2025-10-08-at-12.31.05-Copia.jpeg","width":1080,"height":946},{"@type":"BreadcrumbList","@id":"https:\/\/chelso.com.br\/site\/campinas-sedia-feira-inedita-de-corrida-de-rua-e-recebe-organizador-da-sao-silvestre\/#breadcrumb","itemListElement":[{"@type":"ListItem","position":1,"name":"In\u00edcio","item":"https:\/\/chelso.com.br\/site\/"},{"@type":"ListItem","position":2,"name":"Campinas sedia feira in\u00e9dita de corrida de rua e recebe organizador da S\u00e3o Silvestre"}]},{"@type":"WebSite","@id":"https:\/\/chelso.com.br\/site\/#website","url":"https:\/\/chelso.com.br\/site\/","name":"Portal Chelso Sports","description":"Conte\u00fado especializado em corrida de rua e triathlon","potentialAction":[{"@type":"SearchAction","target":{"@type":"EntryPoint","urlTemplate":"https:\/\/chelso.com.br\/site\/?s={search_term_string}"},"query-input":{"@type":"PropertyValueSpecification","valueRequired":true,"valueName":"search_term_string"}}],"inLanguage":"pt-BR"},{"@type":"Person","@id":"https:\/\/chelso.com.br\/site\/#\/schema\/person\/a1e459f9cc882778a4f1367cb2ba51e3","name":"Edilson Rodrigues","image":{"@type":"ImageObject","inLanguage":"pt-BR","@id":"https:\/\/chelso.com.br\/site\/wp-content\/uploads\/2024\/09\/Captura-de-tela-2024-09-27-170323-150x150.png","url":"https:\/\/chelso.com.br\/site\/wp-content\/uploads\/2024\/09\/Captura-de-tela-2024-09-27-170323-150x150.png","contentUrl":"https:\/\/chelso.com.br\/site\/wp-content\/uploads\/2024\/09\/Captura-de-tela-2024-09-27-170323-150x150.png","caption":"Edilson Rodrigues"},"url":"https:\/\/chelso.com.br\/site\/author\/edilson\/"}]}},"amp_enabled":true,"_links":{"self":[{"href":"https:\/\/chelso.com.br\/site\/wp-json\/wp\/v2\/posts\/27530","targetHints":{"allow":["GET"]}}],"collection":[{"href":"https:\/\/chelso.com.br\/site\/wp-json\/wp\/v2\/posts"}],"about":[{"href":"https:\/\/chelso.com.br\/site\/wp-json\/wp\/v2\/types\/post"}],"author":[{"embeddable":true,"href":"https:\/\/chelso.com.br\/site\/wp-json\/wp\/v2\/users\/43"}],"replies":[{"embeddable":true,"href":"https:\/\/chelso.com.br\/site\/wp-json\/wp\/v2\/comments?post=27530"}],"version-history":[{"count":4,"href":"https:\/\/chelso.com.br\/site\/wp-json\/wp\/v2\/posts\/27530\/revisions"}],"predecessor-version":[{"id":27557,"href":"https:\/\/chelso.com.br\/site\/wp-json\/wp\/v2\/posts\/27530\/revisions\/27557"}],"wp:featuredmedia":[{"embeddable":true,"href":"https:\/\/chelso.com.br\/site\/wp-json\/wp\/v2\/media\/27532"}],"wp:attachment":[{"href":"https:\/\/chelso.com.br\/site\/wp-json\/wp\/v2\/media?parent=27530"}],"wp:term":[{"taxonomy":"category","embeddable":true,"href":"https:\/\/chelso.com.br\/site\/wp-json\/wp\/v2\/categories?post=27530"},{"taxonomy":"post_tag","embeddable":true,"href":"https:\/\/chelso.com.br\/site\/wp-json\/wp\/v2\/tags?post=27530"}],"curies":[{"name":"wp","href":"https:\/\/api.w.org\/{rel}","templated":true}]}}