{"id":27552,"date":"2025-10-09T15:16:02","date_gmt":"2025-10-09T18:16:02","guid":{"rendered":"https:\/\/chelso.com.br\/site\/?p=27552"},"modified":"2025-10-09T15:17:03","modified_gmt":"2025-10-09T18:17:03","slug":"presidente-da-fpa-joel-lucas-oliveira-e-o-convidado-desta-semana-no-falatimecast","status":"publish","type":"post","link":"https:\/\/chelso.com.br\/site\/presidente-da-fpa-joel-lucas-oliveira-e-o-convidado-desta-semana-no-falatimecast\/","title":{"rendered":"Presidente da FPA, Joel Lucas Oliveira, \u00e9 o convidado desta semana no FalaTimeCast"},"content":{"rendered":"<p style=\"text-align: center;\">O FalaTimeCast de hoje entrevista Joel Lucas Oliveira, presidente da FPA (Federa\u00e7\u00e3o Paulista de Atletismo). Ele vai falar de sua hist\u00f3ria esportiva e dos pr\u00f3ximos desafios da FPA.<\/p>\n<p style=\"text-align: center;\">Na pauta da entrevista desta quinta-feira, Joel fala ainda sobre lideran\u00e7a, desafios da gest\u00e3o esportiva e do futuro do atletismo no Brasil.<\/p>\n<p style=\"text-align: center;\">FalaTimeCast vai ao ar todas as quintas-feiras, a partir das 20h, no YouTube.<\/p>\n<p><img fetchpriority=\"high\" decoding=\"async\" class=\"wp-image-27553 aligncenter\" src=\"https:\/\/chelso.com.br\/site\/wp-content\/uploads\/2025\/10\/WhatsApp-Image-2025-10-09-at-11.30.59-300x169.jpeg\" alt=\"\" width=\"367\" height=\"207\" srcset=\"https:\/\/chelso.com.br\/site\/wp-content\/uploads\/2025\/10\/WhatsApp-Image-2025-10-09-at-11.30.59-300x169.jpeg 300w, https:\/\/chelso.com.br\/site\/wp-content\/uploads\/2025\/10\/WhatsApp-Image-2025-10-09-at-11.30.59-1024x576.jpeg 1024w, https:\/\/chelso.com.br\/site\/wp-content\/uploads\/2025\/10\/WhatsApp-Image-2025-10-09-at-11.30.59-1536x864.jpeg 1536w, https:\/\/chelso.com.br\/site\/wp-content\/uploads\/2025\/10\/WhatsApp-Image-2025-10-09-at-11.30.59-150x84.jpeg 150w, https:\/\/chelso.com.br\/site\/wp-content\/uploads\/2025\/10\/WhatsApp-Image-2025-10-09-at-11.30.59-450x253.jpeg 450w, https:\/\/chelso.com.br\/site\/wp-content\/uploads\/2025\/10\/WhatsApp-Image-2025-10-09-at-11.30.59-1200x675.jpeg 1200w, https:\/\/chelso.com.br\/site\/wp-content\/uploads\/2025\/10\/WhatsApp-Image-2025-10-09-at-11.30.59-768x432.jpeg 768w, https:\/\/chelso.com.br\/site\/wp-content\/uploads\/2025\/10\/WhatsApp-Image-2025-10-09-at-11.30.59.jpeg 1600w\" sizes=\"(max-width: 367px) 100vw, 367px\" \/><\/p>\n<p style=\"text-align: center;\"><strong>\u00a0<\/strong><\/p>\n<p style=\"text-align: center;\"><strong>Reda\u00e7\u00e3o Assessoria de Imprensa Chelso Sports<\/strong><\/p>\n<p style=\"text-align: center;\">Jornalista Edilson Rodrigues de Morais, Mtb 26.319<\/p>\n<p style=\"text-align: center;\">(19) 99706.1570 \u2013 www.chelso.com.br<\/p>\n","protected":false},"excerpt":{"rendered":"<p>O FalaTimeCast de hoje entrevista Joel Lucas Oliveira, presidente da FPA (Federa\u00e7\u00e3o Paulista de Atletismo). Ele vai falar de sua hist\u00f3ria esportiva e dos pr\u00f3ximos desafios da FPA. Na pauta da entrevista desta quinta-feira, Joel fala ainda sobre lideran\u00e7a, desafios da gest\u00e3o esportiva e do futuro do atletismo no Brasil. FalaTimeCast vai ao ar todas<\/p>\n","protected":false},"author":43,"featured_media":27554,"comment_status":"open","ping_status":"closed","sticky":false,"template":"","format":"standard","meta":{"om_disable_all_campaigns":false,"_monsterinsights_skip_tracking":false,"_monsterinsights_sitenote_active":false,"_monsterinsights_sitenote_note":"","_monsterinsights_sitenote_category":0,"footnotes":""},"categories":[30],"tags":[5558],"class_list":{"0":"post-27552","1":"post","2":"type-post","3":"status-publish","4":"format-standard","5":"has-post-thumbnail","7":"category-noticias","8":"tag-fpa-joellucas-joellucasoliveira-fpa-chelso-falatimecast"},"aioseo_notices":[],"yoast_head":"<!-- This site is optimized with the Yoast SEO plugin v27.5 - https:\/\/yoast.com\/product\/yoast-seo-wordpress\/ -->\n<title>Presidente da FPA, Joel Lucas Oliveira, \u00e9 o convidado desta semana no FalaTimeCast - Portal Chelso Sports<\/title>\n<meta name=\"robots\" content=\"index, follow, max-snippet:-1, max-image-preview:large, max-video-preview:-1\" \/>\n<link rel=\"canonical\" href=\"https:\/\/chelso.com.br\/site\/presidente-da-fpa-joel-lucas-oliveira-e-o-convidado-desta-semana-no-falatimecast\/\" \/>\n<meta property=\"og:locale\" content=\"pt_BR\" \/>\n<meta property=\"og:type\" content=\"article\" \/>\n<meta property=\"og:title\" content=\"Presidente da FPA, Joel Lucas Oliveira, \u00e9 o convidado desta semana no FalaTimeCast - Portal Chelso Sports\" \/>\n<meta property=\"og:description\" content=\"O FalaTimeCast de hoje entrevista Joel Lucas Oliveira, presidente da FPA (Federa\u00e7\u00e3o Paulista de Atletismo). Ele vai falar de sua hist\u00f3ria esportiva e dos pr\u00f3ximos desafios da FPA. Na pauta da entrevista desta quinta-feira, Joel fala ainda sobre lideran\u00e7a, desafios da gest\u00e3o esportiva e do futuro do atletismo no Brasil. FalaTimeCast vai ao ar todas\" \/>\n<meta property=\"og:url\" content=\"https:\/\/chelso.com.br\/site\/presidente-da-fpa-joel-lucas-oliveira-e-o-convidado-desta-semana-no-falatimecast\/\" \/>\n<meta property=\"og:site_name\" content=\"Portal Chelso Sports\" \/>\n<meta property=\"article:published_time\" content=\"2025-10-09T18:16:02+00:00\" \/>\n<meta property=\"article:modified_time\" content=\"2025-10-09T18:17:03+00:00\" \/>\n<meta property=\"og:image\" content=\"https:\/\/chelso.com.br\/site\/wp-content\/uploads\/2025\/10\/WhatsApp-Image-2025-10-09-at-11.30.59-1.jpeg\" \/>\n\t<meta property=\"og:image:width\" content=\"1600\" \/>\n\t<meta property=\"og:image:height\" content=\"900\" \/>\n\t<meta property=\"og:image:type\" content=\"image\/jpeg\" \/>\n<meta name=\"author\" content=\"Edilson Rodrigues\" \/>\n<meta name=\"twitter:card\" content=\"summary_large_image\" \/>\n<meta name=\"twitter:label1\" content=\"Escrito por\" \/>\n\t<meta name=\"twitter:data1\" content=\"Edilson Rodrigues\" \/>\n\t<meta name=\"twitter:label2\" content=\"Est. tempo de leitura\" \/>\n\t<meta name=\"twitter:data2\" content=\"1 minuto\" \/>\n<script type=\"application\/ld+json\" class=\"yoast-schema-graph\">{\"@context\":\"https:\\\/\\\/schema.org\",\"@graph\":[{\"@type\":\"Article\",\"@id\":\"https:\\\/\\\/chelso.com.br\\\/site\\\/presidente-da-fpa-joel-lucas-oliveira-e-o-convidado-desta-semana-no-falatimecast\\\/#article\",\"isPartOf\":{\"@id\":\"https:\\\/\\\/chelso.com.br\\\/site\\\/presidente-da-fpa-joel-lucas-oliveira-e-o-convidado-desta-semana-no-falatimecast\\\/\"},\"author\":{\"name\":\"Edilson Rodrigues\",\"@id\":\"https:\\\/\\\/chelso.com.br\\\/site\\\/#\\\/schema\\\/person\\\/a1e459f9cc882778a4f1367cb2ba51e3\"},\"headline\":\"Presidente da FPA, Joel Lucas Oliveira, \u00e9 o convidado desta semana no FalaTimeCast\",\"datePublished\":\"2025-10-09T18:16:02+00:00\",\"dateModified\":\"2025-10-09T18:17:03+00:00\",\"mainEntityOfPage\":{\"@id\":\"https:\\\/\\\/chelso.com.br\\\/site\\\/presidente-da-fpa-joel-lucas-oliveira-e-o-convidado-desta-semana-no-falatimecast\\\/\"},\"wordCount\":97,\"commentCount\":0,\"image\":{\"@id\":\"https:\\\/\\\/chelso.com.br\\\/site\\\/presidente-da-fpa-joel-lucas-oliveira-e-o-convidado-desta-semana-no-falatimecast\\\/#primaryimage\"},\"thumbnailUrl\":\"https:\\\/\\\/chelso.com.br\\\/site\\\/wp-content\\\/uploads\\\/2025\\\/10\\\/WhatsApp-Image-2025-10-09-at-11.30.59-1.jpeg\",\"keywords\":[\"fpa; joellucas; joellucasoliveira; FPA; chelso; falatimecast\"],\"articleSection\":[\"Not\u00edcias\"],\"inLanguage\":\"pt-BR\",\"potentialAction\":[{\"@type\":\"CommentAction\",\"name\":\"Comment\",\"target\":[\"https:\\\/\\\/chelso.com.br\\\/site\\\/presidente-da-fpa-joel-lucas-oliveira-e-o-convidado-desta-semana-no-falatimecast\\\/#respond\"]}]},{\"@type\":\"WebPage\",\"@id\":\"https:\\\/\\\/chelso.com.br\\\/site\\\/presidente-da-fpa-joel-lucas-oliveira-e-o-convidado-desta-semana-no-falatimecast\\\/\",\"url\":\"https:\\\/\\\/chelso.com.br\\\/site\\\/presidente-da-fpa-joel-lucas-oliveira-e-o-convidado-desta-semana-no-falatimecast\\\/\",\"name\":\"Presidente da FPA, Joel Lucas Oliveira, \u00e9 o convidado desta semana no FalaTimeCast - Portal Chelso Sports\",\"isPartOf\":{\"@id\":\"https:\\\/\\\/chelso.com.br\\\/site\\\/#website\"},\"primaryImageOfPage\":{\"@id\":\"https:\\\/\\\/chelso.com.br\\\/site\\\/presidente-da-fpa-joel-lucas-oliveira-e-o-convidado-desta-semana-no-falatimecast\\\/#primaryimage\"},\"image\":{\"@id\":\"https:\\\/\\\/chelso.com.br\\\/site\\\/presidente-da-fpa-joel-lucas-oliveira-e-o-convidado-desta-semana-no-falatimecast\\\/#primaryimage\"},\"thumbnailUrl\":\"https:\\\/\\\/chelso.com.br\\\/site\\\/wp-content\\\/uploads\\\/2025\\\/10\\\/WhatsApp-Image-2025-10-09-at-11.30.59-1.jpeg\",\"datePublished\":\"2025-10-09T18:16:02+00:00\",\"dateModified\":\"2025-10-09T18:17:03+00:00\",\"author\":{\"@id\":\"https:\\\/\\\/chelso.com.br\\\/site\\\/#\\\/schema\\\/person\\\/a1e459f9cc882778a4f1367cb2ba51e3\"},\"breadcrumb\":{\"@id\":\"https:\\\/\\\/chelso.com.br\\\/site\\\/presidente-da-fpa-joel-lucas-oliveira-e-o-convidado-desta-semana-no-falatimecast\\\/#breadcrumb\"},\"inLanguage\":\"pt-BR\",\"potentialAction\":[{\"@type\":\"ReadAction\",\"target\":[\"https:\\\/\\\/chelso.com.br\\\/site\\\/presidente-da-fpa-joel-lucas-oliveira-e-o-convidado-desta-semana-no-falatimecast\\\/\"]}]},{\"@type\":\"ImageObject\",\"inLanguage\":\"pt-BR\",\"@id\":\"https:\\\/\\\/chelso.com.br\\\/site\\\/presidente-da-fpa-joel-lucas-oliveira-e-o-convidado-desta-semana-no-falatimecast\\\/#primaryimage\",\"url\":\"https:\\\/\\\/chelso.com.br\\\/site\\\/wp-content\\\/uploads\\\/2025\\\/10\\\/WhatsApp-Image-2025-10-09-at-11.30.59-1.jpeg\",\"contentUrl\":\"https:\\\/\\\/chelso.com.br\\\/site\\\/wp-content\\\/uploads\\\/2025\\\/10\\\/WhatsApp-Image-2025-10-09-at-11.30.59-1.jpeg\",\"width\":1600,\"height\":900},{\"@type\":\"BreadcrumbList\",\"@id\":\"https:\\\/\\\/chelso.com.br\\\/site\\\/presidente-da-fpa-joel-lucas-oliveira-e-o-convidado-desta-semana-no-falatimecast\\\/#breadcrumb\",\"itemListElement\":[{\"@type\":\"ListItem\",\"position\":1,\"name\":\"In\u00edcio\",\"item\":\"https:\\\/\\\/chelso.com.br\\\/site\\\/\"},{\"@type\":\"ListItem\",\"position\":2,\"name\":\"Presidente da FPA, Joel Lucas Oliveira, \u00e9 o convidado desta semana no FalaTimeCast\"}]},{\"@type\":\"WebSite\",\"@id\":\"https:\\\/\\\/chelso.com.br\\\/site\\\/#website\",\"url\":\"https:\\\/\\\/chelso.com.br\\\/site\\\/\",\"name\":\"Portal Chelso Sports\",\"description\":\"Conte\u00fado especializado em corrida de rua e triathlon\",\"potentialAction\":[{\"@type\":\"SearchAction\",\"target\":{\"@type\":\"EntryPoint\",\"urlTemplate\":\"https:\\\/\\\/chelso.com.br\\\/site\\\/?s={search_term_string}\"},\"query-input\":{\"@type\":\"PropertyValueSpecification\",\"valueRequired\":true,\"valueName\":\"search_term_string\"}}],\"inLanguage\":\"pt-BR\"},{\"@type\":\"Person\",\"@id\":\"https:\\\/\\\/chelso.com.br\\\/site\\\/#\\\/schema\\\/person\\\/a1e459f9cc882778a4f1367cb2ba51e3\",\"name\":\"Edilson Rodrigues\",\"image\":{\"@type\":\"ImageObject\",\"inLanguage\":\"pt-BR\",\"@id\":\"https:\\\/\\\/chelso.com.br\\\/site\\\/wp-content\\\/uploads\\\/2024\\\/09\\\/Captura-de-tela-2024-09-27-170323-150x150.png\",\"url\":\"https:\\\/\\\/chelso.com.br\\\/site\\\/wp-content\\\/uploads\\\/2024\\\/09\\\/Captura-de-tela-2024-09-27-170323-150x150.png\",\"contentUrl\":\"https:\\\/\\\/chelso.com.br\\\/site\\\/wp-content\\\/uploads\\\/2024\\\/09\\\/Captura-de-tela-2024-09-27-170323-150x150.png\",\"caption\":\"Edilson Rodrigues\"},\"url\":\"https:\\\/\\\/chelso.com.br\\\/site\\\/author\\\/edilson\\\/\"}]}<\/script>\n<!-- \/ Yoast SEO plugin. -->","yoast_head_json":{"title":"Presidente da FPA, Joel Lucas Oliveira, \u00e9 o convidado desta semana no FalaTimeCast - Portal Chelso Sports","robots":{"index":"index","follow":"follow","max-snippet":"max-snippet:-1","max-image-preview":"max-image-preview:large","max-video-preview":"max-video-preview:-1"},"canonical":"https:\/\/chelso.com.br\/site\/presidente-da-fpa-joel-lucas-oliveira-e-o-convidado-desta-semana-no-falatimecast\/","og_locale":"pt_BR","og_type":"article","og_title":"Presidente da FPA, Joel Lucas Oliveira, \u00e9 o convidado desta semana no FalaTimeCast - Portal Chelso Sports","og_description":"O FalaTimeCast de hoje entrevista Joel Lucas Oliveira, presidente da FPA (Federa\u00e7\u00e3o Paulista de Atletismo). Ele vai falar de sua hist\u00f3ria esportiva e dos pr\u00f3ximos desafios da FPA. Na pauta da entrevista desta quinta-feira, Joel fala ainda sobre lideran\u00e7a, desafios da gest\u00e3o esportiva e do futuro do atletismo no Brasil. FalaTimeCast vai ao ar todas","og_url":"https:\/\/chelso.com.br\/site\/presidente-da-fpa-joel-lucas-oliveira-e-o-convidado-desta-semana-no-falatimecast\/","og_site_name":"Portal Chelso Sports","article_published_time":"2025-10-09T18:16:02+00:00","article_modified_time":"2025-10-09T18:17:03+00:00","og_image":[{"width":1600,"height":900,"url":"https:\/\/chelso.com.br\/site\/wp-content\/uploads\/2025\/10\/WhatsApp-Image-2025-10-09-at-11.30.59-1.jpeg","type":"image\/jpeg"}],"author":"Edilson Rodrigues","twitter_card":"summary_large_image","twitter_misc":{"Escrito por":"Edilson Rodrigues","Est. tempo de leitura":"1 minuto"},"schema":{"@context":"https:\/\/schema.org","@graph":[{"@type":"Article","@id":"https:\/\/chelso.com.br\/site\/presidente-da-fpa-joel-lucas-oliveira-e-o-convidado-desta-semana-no-falatimecast\/#article","isPartOf":{"@id":"https:\/\/chelso.com.br\/site\/presidente-da-fpa-joel-lucas-oliveira-e-o-convidado-desta-semana-no-falatimecast\/"},"author":{"name":"Edilson Rodrigues","@id":"https:\/\/chelso.com.br\/site\/#\/schema\/person\/a1e459f9cc882778a4f1367cb2ba51e3"},"headline":"Presidente da FPA, Joel Lucas Oliveira, \u00e9 o convidado desta semana no FalaTimeCast","datePublished":"2025-10-09T18:16:02+00:00","dateModified":"2025-10-09T18:17:03+00:00","mainEntityOfPage":{"@id":"https:\/\/chelso.com.br\/site\/presidente-da-fpa-joel-lucas-oliveira-e-o-convidado-desta-semana-no-falatimecast\/"},"wordCount":97,"commentCount":0,"image":{"@id":"https:\/\/chelso.com.br\/site\/presidente-da-fpa-joel-lucas-oliveira-e-o-convidado-desta-semana-no-falatimecast\/#primaryimage"},"thumbnailUrl":"https:\/\/chelso.com.br\/site\/wp-content\/uploads\/2025\/10\/WhatsApp-Image-2025-10-09-at-11.30.59-1.jpeg","keywords":["fpa; joellucas; joellucasoliveira; FPA; chelso; falatimecast"],"articleSection":["Not\u00edcias"],"inLanguage":"pt-BR","potentialAction":[{"@type":"CommentAction","name":"Comment","target":["https:\/\/chelso.com.br\/site\/presidente-da-fpa-joel-lucas-oliveira-e-o-convidado-desta-semana-no-falatimecast\/#respond"]}]},{"@type":"WebPage","@id":"https:\/\/chelso.com.br\/site\/presidente-da-fpa-joel-lucas-oliveira-e-o-convidado-desta-semana-no-falatimecast\/","url":"https:\/\/chelso.com.br\/site\/presidente-da-fpa-joel-lucas-oliveira-e-o-convidado-desta-semana-no-falatimecast\/","name":"Presidente da FPA, Joel Lucas Oliveira, \u00e9 o convidado desta semana no FalaTimeCast - Portal Chelso Sports","isPartOf":{"@id":"https:\/\/chelso.com.br\/site\/#website"},"primaryImageOfPage":{"@id":"https:\/\/chelso.com.br\/site\/presidente-da-fpa-joel-lucas-oliveira-e-o-convidado-desta-semana-no-falatimecast\/#primaryimage"},"image":{"@id":"https:\/\/chelso.com.br\/site\/presidente-da-fpa-joel-lucas-oliveira-e-o-convidado-desta-semana-no-falatimecast\/#primaryimage"},"thumbnailUrl":"https:\/\/chelso.com.br\/site\/wp-content\/uploads\/2025\/10\/WhatsApp-Image-2025-10-09-at-11.30.59-1.jpeg","datePublished":"2025-10-09T18:16:02+00:00","dateModified":"2025-10-09T18:17:03+00:00","author":{"@id":"https:\/\/chelso.com.br\/site\/#\/schema\/person\/a1e459f9cc882778a4f1367cb2ba51e3"},"breadcrumb":{"@id":"https:\/\/chelso.com.br\/site\/presidente-da-fpa-joel-lucas-oliveira-e-o-convidado-desta-semana-no-falatimecast\/#breadcrumb"},"inLanguage":"pt-BR","potentialAction":[{"@type":"ReadAction","target":["https:\/\/chelso.com.br\/site\/presidente-da-fpa-joel-lucas-oliveira-e-o-convidado-desta-semana-no-falatimecast\/"]}]},{"@type":"ImageObject","inLanguage":"pt-BR","@id":"https:\/\/chelso.com.br\/site\/presidente-da-fpa-joel-lucas-oliveira-e-o-convidado-desta-semana-no-falatimecast\/#primaryimage","url":"https:\/\/chelso.com.br\/site\/wp-content\/uploads\/2025\/10\/WhatsApp-Image-2025-10-09-at-11.30.59-1.jpeg","contentUrl":"https:\/\/chelso.com.br\/site\/wp-content\/uploads\/2025\/10\/WhatsApp-Image-2025-10-09-at-11.30.59-1.jpeg","width":1600,"height":900},{"@type":"BreadcrumbList","@id":"https:\/\/chelso.com.br\/site\/presidente-da-fpa-joel-lucas-oliveira-e-o-convidado-desta-semana-no-falatimecast\/#breadcrumb","itemListElement":[{"@type":"ListItem","position":1,"name":"In\u00edcio","item":"https:\/\/chelso.com.br\/site\/"},{"@type":"ListItem","position":2,"name":"Presidente da FPA, Joel Lucas Oliveira, \u00e9 o convidado desta semana no FalaTimeCast"}]},{"@type":"WebSite","@id":"https:\/\/chelso.com.br\/site\/#website","url":"https:\/\/chelso.com.br\/site\/","name":"Portal Chelso Sports","description":"Conte\u00fado especializado em corrida de rua e triathlon","potentialAction":[{"@type":"SearchAction","target":{"@type":"EntryPoint","urlTemplate":"https:\/\/chelso.com.br\/site\/?s={search_term_string}"},"query-input":{"@type":"PropertyValueSpecification","valueRequired":true,"valueName":"search_term_string"}}],"inLanguage":"pt-BR"},{"@type":"Person","@id":"https:\/\/chelso.com.br\/site\/#\/schema\/person\/a1e459f9cc882778a4f1367cb2ba51e3","name":"Edilson Rodrigues","image":{"@type":"ImageObject","inLanguage":"pt-BR","@id":"https:\/\/chelso.com.br\/site\/wp-content\/uploads\/2024\/09\/Captura-de-tela-2024-09-27-170323-150x150.png","url":"https:\/\/chelso.com.br\/site\/wp-content\/uploads\/2024\/09\/Captura-de-tela-2024-09-27-170323-150x150.png","contentUrl":"https:\/\/chelso.com.br\/site\/wp-content\/uploads\/2024\/09\/Captura-de-tela-2024-09-27-170323-150x150.png","caption":"Edilson Rodrigues"},"url":"https:\/\/chelso.com.br\/site\/author\/edilson\/"}]}},"amp_enabled":true,"_links":{"self":[{"href":"https:\/\/chelso.com.br\/site\/wp-json\/wp\/v2\/posts\/27552","targetHints":{"allow":["GET"]}}],"collection":[{"href":"https:\/\/chelso.com.br\/site\/wp-json\/wp\/v2\/posts"}],"about":[{"href":"https:\/\/chelso.com.br\/site\/wp-json\/wp\/v2\/types\/post"}],"author":[{"embeddable":true,"href":"https:\/\/chelso.com.br\/site\/wp-json\/wp\/v2\/users\/43"}],"replies":[{"embeddable":true,"href":"https:\/\/chelso.com.br\/site\/wp-json\/wp\/v2\/comments?post=27552"}],"version-history":[{"count":1,"href":"https:\/\/chelso.com.br\/site\/wp-json\/wp\/v2\/posts\/27552\/revisions"}],"predecessor-version":[{"id":27555,"href":"https:\/\/chelso.com.br\/site\/wp-json\/wp\/v2\/posts\/27552\/revisions\/27555"}],"wp:featuredmedia":[{"embeddable":true,"href":"https:\/\/chelso.com.br\/site\/wp-json\/wp\/v2\/media\/27554"}],"wp:attachment":[{"href":"https:\/\/chelso.com.br\/site\/wp-json\/wp\/v2\/media?parent=27552"}],"wp:term":[{"taxonomy":"category","embeddable":true,"href":"https:\/\/chelso.com.br\/site\/wp-json\/wp\/v2\/categories?post=27552"},{"taxonomy":"post_tag","embeddable":true,"href":"https:\/\/chelso.com.br\/site\/wp-json\/wp\/v2\/tags?post=27552"}],"curies":[{"name":"wp","href":"https:\/\/api.w.org\/{rel}","templated":true}]}}