{"id":27570,"date":"2025-10-10T15:18:56","date_gmt":"2025-10-10T18:18:56","guid":{"rendered":"https:\/\/chelso.com.br\/site\/?p=27570"},"modified":"2025-11-27T17:57:49","modified_gmt":"2025-11-27T20:57:49","slug":"27570-2","status":"publish","type":"post","link":"https:\/\/chelso.com.br\/site\/27570-2\/","title":{"rendered":"Inscri\u00e7\u00f5es abertas para a 3\u00aa Meia Maratona de Piracicaba: dia 7 de dezembro"},"content":{"rendered":"\t\t<div data-elementor-type=\"wp-post\" data-elementor-id=\"27570\" class=\"elementor elementor-27570\" data-elementor-post-type=\"post\">\n\t\t\t\t\t\t<section class=\"elementor-section elementor-top-section elementor-element elementor-element-696140a elementor-section-boxed elementor-section-height-default elementor-section-height-default\" data-id=\"696140a\" data-element_type=\"section\" data-e-type=\"section\">\n\t\t\t\t\t\t<div class=\"elementor-container elementor-column-gap-default\">\n\t\t\t\t\t<div class=\"elementor-column elementor-col-100 elementor-top-column elementor-element elementor-element-2c184d2f\" data-id=\"2c184d2f\" data-element_type=\"column\" data-e-type=\"column\">\n\t\t\t<div class=\"elementor-widget-wrap elementor-element-populated\">\n\t\t\t\t\t\t<div class=\"elementor-element elementor-element-13c8caee elementor-widget elementor-widget-text-editor\" data-id=\"13c8caee\" data-element_type=\"widget\" data-e-type=\"widget\" data-widget_type=\"text-editor.default\">\n\t\t\t\t<div class=\"elementor-widget-container\">\n\t\t\t\t\t\t\t\t\t<p style=\"text-align: center;\">Quer fazer parte da hist\u00f3ria?<\/p><p style=\"text-align: center;\">Ent\u00e3o, fa\u00e7a j\u00e1 sua inscri\u00e7\u00e3o para a 3\u00aa Meia Maratona de Piracicaba.<\/p><p style=\"text-align: center;\">A prova desafiadora percorre alguns dos principais pontos tur\u00edsticos do munic\u00edpio em dist\u00e2ncias de 21 km, 10 km e 5 km (masculino e feminino).<\/p><p style=\"text-align: center;\">A largada acontece no Parque da Rua do Porto (ao lado dos pedalinhos) no dia 7 de dezembro.<\/p><p style=\"text-align: center;\">A elite dos 21 km masculina e feminina come\u00e7a a prova \u00e0s 6h30, enquanto que os demais competidores dos 21 km largam \u00e0s 6h35. Os competidores dos 10 km saem \u00e0s 7h10 e, os corredores dos 5 km come\u00e7am a prova a partir das 7h27.<\/p><p><img fetchpriority=\"high\" decoding=\"async\" class=\"wp-image-27571 aligncenter\" src=\"https:\/\/chelso.com.br\/site\/wp-content\/uploads\/2025\/10\/Q57HNZAC0PFI7G35SLR94VZ1VMDH943MTEFPOI8UGKS2ZL8LOB-300x125.png\" alt=\"\" width=\"449\" height=\"187\" srcset=\"https:\/\/chelso.com.br\/site\/wp-content\/uploads\/2025\/10\/Q57HNZAC0PFI7G35SLR94VZ1VMDH943MTEFPOI8UGKS2ZL8LOB-300x125.png 300w, https:\/\/chelso.com.br\/site\/wp-content\/uploads\/2025\/10\/Q57HNZAC0PFI7G35SLR94VZ1VMDH943MTEFPOI8UGKS2ZL8LOB-1024x426.png 1024w, https:\/\/chelso.com.br\/site\/wp-content\/uploads\/2025\/10\/Q57HNZAC0PFI7G35SLR94VZ1VMDH943MTEFPOI8UGKS2ZL8LOB-1536x639.png 1536w, https:\/\/chelso.com.br\/site\/wp-content\/uploads\/2025\/10\/Q57HNZAC0PFI7G35SLR94VZ1VMDH943MTEFPOI8UGKS2ZL8LOB-150x62.png 150w, https:\/\/chelso.com.br\/site\/wp-content\/uploads\/2025\/10\/Q57HNZAC0PFI7G35SLR94VZ1VMDH943MTEFPOI8UGKS2ZL8LOB-450x187.png 450w, https:\/\/chelso.com.br\/site\/wp-content\/uploads\/2025\/10\/Q57HNZAC0PFI7G35SLR94VZ1VMDH943MTEFPOI8UGKS2ZL8LOB-1200x500.png 1200w, https:\/\/chelso.com.br\/site\/wp-content\/uploads\/2025\/10\/Q57HNZAC0PFI7G35SLR94VZ1VMDH943MTEFPOI8UGKS2ZL8LOB-768x320.png 768w, https:\/\/chelso.com.br\/site\/wp-content\/uploads\/2025\/10\/Q57HNZAC0PFI7G35SLR94VZ1VMDH943MTEFPOI8UGKS2ZL8LOB.png 1900w\" sizes=\"(max-width: 449px) 100vw, 449px\" \/><\/p><p style=\"text-align: center;\"><strong>Retirada dos kits<\/strong><\/p><p style=\"text-align: center;\">Dia 4 de dezembro (quinta-feira) \u2013 das 10h \u00e0s 17h;<\/p><p style=\"text-align: center;\">Dia 5 de dezembro (sexta-feira) \u2013 das 09h \u00e0s 17h;<\/p><p style=\"text-align: center;\">Dia 6 de dezembro (s\u00e1bado) \u2013 das 09h \u00e0s 15h.<\/p><p>\u00a0<\/p><p style=\"text-align: center;\"><span style=\"color: #000000;\">Local: Runfor<\/span><\/p><p style=\"text-align: center;\"><span style=\"color: #000000;\">Endere\u00e7o: Av Dona Jane Concei\u00e7\u00e3o, <\/span><span style=\"color: #000000;\">816 \u2013 Paulista, Piracicaba \u2013 SP<\/span><\/p><p style=\"text-align: center;\">\u00a0<\/p><p style=\"text-align: center;\"><strong>Premia\u00e7\u00e3o em dinheiro<\/strong><\/p><p style=\"text-align: center;\">Aos cinco primeiros colocados na classifica\u00e7\u00e3o geral da Elite 21 km (masculino e feminino).<\/p><p>\u00a0<\/p><p style=\"text-align: center;\"><strong>Reda\u00e7\u00e3o Assessoria de Imprensa Chelso Sports<\/strong><\/p><p style=\"text-align: center;\">Jornalista Edilson Rodrigues de Morais, Mtb 26.319<\/p><p style=\"text-align: center;\">(19) 99706.1570 \u2013 www.chelso.com.br<\/p>\t\t\t\t\t\t\t\t<\/div>\n\t\t\t\t<\/div>\n\t\t\t\t\t<\/div>\n\t\t<\/div>\n\t\t\t\t\t<\/div>\n\t\t<\/section>\n\t\t\t\t<\/div>\n\t\t","protected":false},"excerpt":{"rendered":"<p>Quer fazer parte da hist\u00f3ria? Ent\u00e3o, fa\u00e7a j\u00e1 sua inscri\u00e7\u00e3o para a 3\u00aa Meia Maratona de Piracicaba. A prova desafiadora percorre alguns dos principais pontos tur\u00edsticos do munic\u00edpio em dist\u00e2ncias de 21 km, 10 km e 5 km (masculino e feminino). A largada acontece no Parque da Rua do Porto (ao lado dos pedalinhos) no<\/p>\n","protected":false},"author":43,"featured_media":27572,"comment_status":"open","ping_status":"closed","sticky":false,"template":"","format":"standard","meta":{"om_disable_all_campaigns":false,"_monsterinsights_skip_tracking":false,"_monsterinsights_sitenote_active":false,"_monsterinsights_sitenote_note":"","_monsterinsights_sitenote_category":0,"footnotes":""},"categories":[30],"tags":[5560],"class_list":{"0":"post-27570","1":"post","2":"type-post","3":"status-publish","4":"format-standard","5":"has-post-thumbnail","7":"category-noticias","8":"tag-meiamaratona-meiamaratonapiracicaba-terceirameiamaratonapiracicaba-chelso-piracicaba"},"aioseo_notices":[],"yoast_head":"<!-- This site is optimized with the Yoast SEO plugin v27.5 - https:\/\/yoast.com\/product\/yoast-seo-wordpress\/ -->\n<title>Inscri\u00e7\u00f5es abertas para a 3\u00aa Meia Maratona de Piracicaba: dia 7 de dezembro - Portal Chelso Sports<\/title>\n<meta name=\"robots\" content=\"index, follow, max-snippet:-1, max-image-preview:large, max-video-preview:-1\" \/>\n<link rel=\"canonical\" href=\"https:\/\/chelso.com.br\/site\/27570-2\/\" \/>\n<meta property=\"og:locale\" content=\"pt_BR\" \/>\n<meta property=\"og:type\" content=\"article\" \/>\n<meta property=\"og:title\" content=\"Inscri\u00e7\u00f5es abertas para a 3\u00aa Meia Maratona de Piracicaba: dia 7 de dezembro - Portal Chelso Sports\" \/>\n<meta property=\"og:description\" content=\"Quer fazer parte da hist\u00f3ria? Ent\u00e3o, fa\u00e7a j\u00e1 sua inscri\u00e7\u00e3o para a 3\u00aa Meia Maratona de Piracicaba. A prova desafiadora percorre alguns dos principais pontos tur\u00edsticos do munic\u00edpio em dist\u00e2ncias de 21 km, 10 km e 5 km (masculino e feminino). A largada acontece no Parque da Rua do Porto (ao lado dos pedalinhos) no\" \/>\n<meta property=\"og:url\" content=\"https:\/\/chelso.com.br\/site\/27570-2\/\" \/>\n<meta property=\"og:site_name\" content=\"Portal Chelso Sports\" \/>\n<meta property=\"article:published_time\" content=\"2025-10-10T18:18:56+00:00\" \/>\n<meta property=\"article:modified_time\" content=\"2025-11-27T20:57:49+00:00\" \/>\n<meta property=\"og:image\" content=\"https:\/\/chelso.com.br\/site\/wp-content\/uploads\/2025\/10\/Q57HNZAC0PFI7G35SLR94VZ1VMDH943MTEFPOI8UGKS2ZL8LOB-Copia.png\" \/>\n\t<meta property=\"og:image:width\" content=\"1226\" \/>\n\t<meta property=\"og:image:height\" content=\"791\" \/>\n\t<meta property=\"og:image:type\" content=\"image\/png\" \/>\n<meta name=\"author\" content=\"Edilson Rodrigues\" \/>\n<meta name=\"twitter:card\" content=\"summary_large_image\" \/>\n<meta name=\"twitter:label1\" content=\"Escrito por\" \/>\n\t<meta name=\"twitter:data1\" content=\"Edilson Rodrigues\" \/>\n\t<meta name=\"twitter:label2\" content=\"Est. tempo de leitura\" \/>\n\t<meta name=\"twitter:data2\" content=\"2 minutos\" \/>\n<script type=\"application\/ld+json\" class=\"yoast-schema-graph\">{\"@context\":\"https:\\\/\\\/schema.org\",\"@graph\":[{\"@type\":\"Article\",\"@id\":\"https:\\\/\\\/chelso.com.br\\\/site\\\/27570-2\\\/#article\",\"isPartOf\":{\"@id\":\"https:\\\/\\\/chelso.com.br\\\/site\\\/27570-2\\\/\"},\"author\":{\"name\":\"Edilson Rodrigues\",\"@id\":\"https:\\\/\\\/chelso.com.br\\\/site\\\/#\\\/schema\\\/person\\\/a1e459f9cc882778a4f1367cb2ba51e3\"},\"headline\":\"Inscri\u00e7\u00f5es abertas para a 3\u00aa Meia Maratona de Piracicaba: dia 7 de dezembro\",\"datePublished\":\"2025-10-10T18:18:56+00:00\",\"dateModified\":\"2025-11-27T20:57:49+00:00\",\"mainEntityOfPage\":{\"@id\":\"https:\\\/\\\/chelso.com.br\\\/site\\\/27570-2\\\/\"},\"wordCount\":191,\"commentCount\":0,\"image\":{\"@id\":\"https:\\\/\\\/chelso.com.br\\\/site\\\/27570-2\\\/#primaryimage\"},\"thumbnailUrl\":\"https:\\\/\\\/chelso.com.br\\\/site\\\/wp-content\\\/uploads\\\/2025\\\/10\\\/Q57HNZAC0PFI7G35SLR94VZ1VMDH943MTEFPOI8UGKS2ZL8LOB-Copia.png\",\"keywords\":[\"meiamaratona; meiamaratonapiracicaba; terceirameiamaratonapiracicaba; chelso; piracicaba\"],\"articleSection\":[\"Not\u00edcias\"],\"inLanguage\":\"pt-BR\",\"potentialAction\":[{\"@type\":\"CommentAction\",\"name\":\"Comment\",\"target\":[\"https:\\\/\\\/chelso.com.br\\\/site\\\/27570-2\\\/#respond\"]}]},{\"@type\":\"WebPage\",\"@id\":\"https:\\\/\\\/chelso.com.br\\\/site\\\/27570-2\\\/\",\"url\":\"https:\\\/\\\/chelso.com.br\\\/site\\\/27570-2\\\/\",\"name\":\"Inscri\u00e7\u00f5es abertas para a 3\u00aa Meia Maratona de Piracicaba: dia 7 de dezembro - Portal Chelso Sports\",\"isPartOf\":{\"@id\":\"https:\\\/\\\/chelso.com.br\\\/site\\\/#website\"},\"primaryImageOfPage\":{\"@id\":\"https:\\\/\\\/chelso.com.br\\\/site\\\/27570-2\\\/#primaryimage\"},\"image\":{\"@id\":\"https:\\\/\\\/chelso.com.br\\\/site\\\/27570-2\\\/#primaryimage\"},\"thumbnailUrl\":\"https:\\\/\\\/chelso.com.br\\\/site\\\/wp-content\\\/uploads\\\/2025\\\/10\\\/Q57HNZAC0PFI7G35SLR94VZ1VMDH943MTEFPOI8UGKS2ZL8LOB-Copia.png\",\"datePublished\":\"2025-10-10T18:18:56+00:00\",\"dateModified\":\"2025-11-27T20:57:49+00:00\",\"author\":{\"@id\":\"https:\\\/\\\/chelso.com.br\\\/site\\\/#\\\/schema\\\/person\\\/a1e459f9cc882778a4f1367cb2ba51e3\"},\"breadcrumb\":{\"@id\":\"https:\\\/\\\/chelso.com.br\\\/site\\\/27570-2\\\/#breadcrumb\"},\"inLanguage\":\"pt-BR\",\"potentialAction\":[{\"@type\":\"ReadAction\",\"target\":[\"https:\\\/\\\/chelso.com.br\\\/site\\\/27570-2\\\/\"]}]},{\"@type\":\"ImageObject\",\"inLanguage\":\"pt-BR\",\"@id\":\"https:\\\/\\\/chelso.com.br\\\/site\\\/27570-2\\\/#primaryimage\",\"url\":\"https:\\\/\\\/chelso.com.br\\\/site\\\/wp-content\\\/uploads\\\/2025\\\/10\\\/Q57HNZAC0PFI7G35SLR94VZ1VMDH943MTEFPOI8UGKS2ZL8LOB-Copia.png\",\"contentUrl\":\"https:\\\/\\\/chelso.com.br\\\/site\\\/wp-content\\\/uploads\\\/2025\\\/10\\\/Q57HNZAC0PFI7G35SLR94VZ1VMDH943MTEFPOI8UGKS2ZL8LOB-Copia.png\",\"width\":1226,\"height\":791},{\"@type\":\"BreadcrumbList\",\"@id\":\"https:\\\/\\\/chelso.com.br\\\/site\\\/27570-2\\\/#breadcrumb\",\"itemListElement\":[{\"@type\":\"ListItem\",\"position\":1,\"name\":\"In\u00edcio\",\"item\":\"https:\\\/\\\/chelso.com.br\\\/site\\\/\"},{\"@type\":\"ListItem\",\"position\":2,\"name\":\"Inscri\u00e7\u00f5es abertas para a 3\u00aa Meia Maratona de Piracicaba: dia 7 de dezembro\"}]},{\"@type\":\"WebSite\",\"@id\":\"https:\\\/\\\/chelso.com.br\\\/site\\\/#website\",\"url\":\"https:\\\/\\\/chelso.com.br\\\/site\\\/\",\"name\":\"Portal Chelso Sports\",\"description\":\"Conte\u00fado especializado em corrida de rua e triathlon\",\"potentialAction\":[{\"@type\":\"SearchAction\",\"target\":{\"@type\":\"EntryPoint\",\"urlTemplate\":\"https:\\\/\\\/chelso.com.br\\\/site\\\/?s={search_term_string}\"},\"query-input\":{\"@type\":\"PropertyValueSpecification\",\"valueRequired\":true,\"valueName\":\"search_term_string\"}}],\"inLanguage\":\"pt-BR\"},{\"@type\":\"Person\",\"@id\":\"https:\\\/\\\/chelso.com.br\\\/site\\\/#\\\/schema\\\/person\\\/a1e459f9cc882778a4f1367cb2ba51e3\",\"name\":\"Edilson Rodrigues\",\"image\":{\"@type\":\"ImageObject\",\"inLanguage\":\"pt-BR\",\"@id\":\"https:\\\/\\\/chelso.com.br\\\/site\\\/wp-content\\\/uploads\\\/2024\\\/09\\\/Captura-de-tela-2024-09-27-170323-150x150.png\",\"url\":\"https:\\\/\\\/chelso.com.br\\\/site\\\/wp-content\\\/uploads\\\/2024\\\/09\\\/Captura-de-tela-2024-09-27-170323-150x150.png\",\"contentUrl\":\"https:\\\/\\\/chelso.com.br\\\/site\\\/wp-content\\\/uploads\\\/2024\\\/09\\\/Captura-de-tela-2024-09-27-170323-150x150.png\",\"caption\":\"Edilson Rodrigues\"},\"url\":\"https:\\\/\\\/chelso.com.br\\\/site\\\/author\\\/edilson\\\/\"}]}<\/script>\n<!-- \/ Yoast SEO plugin. -->","yoast_head_json":{"title":"Inscri\u00e7\u00f5es abertas para a 3\u00aa Meia Maratona de Piracicaba: dia 7 de dezembro - Portal Chelso Sports","robots":{"index":"index","follow":"follow","max-snippet":"max-snippet:-1","max-image-preview":"max-image-preview:large","max-video-preview":"max-video-preview:-1"},"canonical":"https:\/\/chelso.com.br\/site\/27570-2\/","og_locale":"pt_BR","og_type":"article","og_title":"Inscri\u00e7\u00f5es abertas para a 3\u00aa Meia Maratona de Piracicaba: dia 7 de dezembro - Portal Chelso Sports","og_description":"Quer fazer parte da hist\u00f3ria? Ent\u00e3o, fa\u00e7a j\u00e1 sua inscri\u00e7\u00e3o para a 3\u00aa Meia Maratona de Piracicaba. A prova desafiadora percorre alguns dos principais pontos tur\u00edsticos do munic\u00edpio em dist\u00e2ncias de 21 km, 10 km e 5 km (masculino e feminino). A largada acontece no Parque da Rua do Porto (ao lado dos pedalinhos) no","og_url":"https:\/\/chelso.com.br\/site\/27570-2\/","og_site_name":"Portal Chelso Sports","article_published_time":"2025-10-10T18:18:56+00:00","article_modified_time":"2025-11-27T20:57:49+00:00","og_image":[{"width":1226,"height":791,"url":"https:\/\/chelso.com.br\/site\/wp-content\/uploads\/2025\/10\/Q57HNZAC0PFI7G35SLR94VZ1VMDH943MTEFPOI8UGKS2ZL8LOB-Copia.png","type":"image\/png"}],"author":"Edilson Rodrigues","twitter_card":"summary_large_image","twitter_misc":{"Escrito por":"Edilson Rodrigues","Est. tempo de leitura":"2 minutos"},"schema":{"@context":"https:\/\/schema.org","@graph":[{"@type":"Article","@id":"https:\/\/chelso.com.br\/site\/27570-2\/#article","isPartOf":{"@id":"https:\/\/chelso.com.br\/site\/27570-2\/"},"author":{"name":"Edilson Rodrigues","@id":"https:\/\/chelso.com.br\/site\/#\/schema\/person\/a1e459f9cc882778a4f1367cb2ba51e3"},"headline":"Inscri\u00e7\u00f5es abertas para a 3\u00aa Meia Maratona de Piracicaba: dia 7 de dezembro","datePublished":"2025-10-10T18:18:56+00:00","dateModified":"2025-11-27T20:57:49+00:00","mainEntityOfPage":{"@id":"https:\/\/chelso.com.br\/site\/27570-2\/"},"wordCount":191,"commentCount":0,"image":{"@id":"https:\/\/chelso.com.br\/site\/27570-2\/#primaryimage"},"thumbnailUrl":"https:\/\/chelso.com.br\/site\/wp-content\/uploads\/2025\/10\/Q57HNZAC0PFI7G35SLR94VZ1VMDH943MTEFPOI8UGKS2ZL8LOB-Copia.png","keywords":["meiamaratona; meiamaratonapiracicaba; terceirameiamaratonapiracicaba; chelso; piracicaba"],"articleSection":["Not\u00edcias"],"inLanguage":"pt-BR","potentialAction":[{"@type":"CommentAction","name":"Comment","target":["https:\/\/chelso.com.br\/site\/27570-2\/#respond"]}]},{"@type":"WebPage","@id":"https:\/\/chelso.com.br\/site\/27570-2\/","url":"https:\/\/chelso.com.br\/site\/27570-2\/","name":"Inscri\u00e7\u00f5es abertas para a 3\u00aa Meia Maratona de Piracicaba: dia 7 de dezembro - Portal Chelso Sports","isPartOf":{"@id":"https:\/\/chelso.com.br\/site\/#website"},"primaryImageOfPage":{"@id":"https:\/\/chelso.com.br\/site\/27570-2\/#primaryimage"},"image":{"@id":"https:\/\/chelso.com.br\/site\/27570-2\/#primaryimage"},"thumbnailUrl":"https:\/\/chelso.com.br\/site\/wp-content\/uploads\/2025\/10\/Q57HNZAC0PFI7G35SLR94VZ1VMDH943MTEFPOI8UGKS2ZL8LOB-Copia.png","datePublished":"2025-10-10T18:18:56+00:00","dateModified":"2025-11-27T20:57:49+00:00","author":{"@id":"https:\/\/chelso.com.br\/site\/#\/schema\/person\/a1e459f9cc882778a4f1367cb2ba51e3"},"breadcrumb":{"@id":"https:\/\/chelso.com.br\/site\/27570-2\/#breadcrumb"},"inLanguage":"pt-BR","potentialAction":[{"@type":"ReadAction","target":["https:\/\/chelso.com.br\/site\/27570-2\/"]}]},{"@type":"ImageObject","inLanguage":"pt-BR","@id":"https:\/\/chelso.com.br\/site\/27570-2\/#primaryimage","url":"https:\/\/chelso.com.br\/site\/wp-content\/uploads\/2025\/10\/Q57HNZAC0PFI7G35SLR94VZ1VMDH943MTEFPOI8UGKS2ZL8LOB-Copia.png","contentUrl":"https:\/\/chelso.com.br\/site\/wp-content\/uploads\/2025\/10\/Q57HNZAC0PFI7G35SLR94VZ1VMDH943MTEFPOI8UGKS2ZL8LOB-Copia.png","width":1226,"height":791},{"@type":"BreadcrumbList","@id":"https:\/\/chelso.com.br\/site\/27570-2\/#breadcrumb","itemListElement":[{"@type":"ListItem","position":1,"name":"In\u00edcio","item":"https:\/\/chelso.com.br\/site\/"},{"@type":"ListItem","position":2,"name":"Inscri\u00e7\u00f5es abertas para a 3\u00aa Meia Maratona de Piracicaba: dia 7 de dezembro"}]},{"@type":"WebSite","@id":"https:\/\/chelso.com.br\/site\/#website","url":"https:\/\/chelso.com.br\/site\/","name":"Portal Chelso Sports","description":"Conte\u00fado especializado em corrida de rua e triathlon","potentialAction":[{"@type":"SearchAction","target":{"@type":"EntryPoint","urlTemplate":"https:\/\/chelso.com.br\/site\/?s={search_term_string}"},"query-input":{"@type":"PropertyValueSpecification","valueRequired":true,"valueName":"search_term_string"}}],"inLanguage":"pt-BR"},{"@type":"Person","@id":"https:\/\/chelso.com.br\/site\/#\/schema\/person\/a1e459f9cc882778a4f1367cb2ba51e3","name":"Edilson Rodrigues","image":{"@type":"ImageObject","inLanguage":"pt-BR","@id":"https:\/\/chelso.com.br\/site\/wp-content\/uploads\/2024\/09\/Captura-de-tela-2024-09-27-170323-150x150.png","url":"https:\/\/chelso.com.br\/site\/wp-content\/uploads\/2024\/09\/Captura-de-tela-2024-09-27-170323-150x150.png","contentUrl":"https:\/\/chelso.com.br\/site\/wp-content\/uploads\/2024\/09\/Captura-de-tela-2024-09-27-170323-150x150.png","caption":"Edilson Rodrigues"},"url":"https:\/\/chelso.com.br\/site\/author\/edilson\/"}]}},"amp_enabled":true,"_links":{"self":[{"href":"https:\/\/chelso.com.br\/site\/wp-json\/wp\/v2\/posts\/27570","targetHints":{"allow":["GET"]}}],"collection":[{"href":"https:\/\/chelso.com.br\/site\/wp-json\/wp\/v2\/posts"}],"about":[{"href":"https:\/\/chelso.com.br\/site\/wp-json\/wp\/v2\/types\/post"}],"author":[{"embeddable":true,"href":"https:\/\/chelso.com.br\/site\/wp-json\/wp\/v2\/users\/43"}],"replies":[{"embeddable":true,"href":"https:\/\/chelso.com.br\/site\/wp-json\/wp\/v2\/comments?post=27570"}],"version-history":[{"count":6,"href":"https:\/\/chelso.com.br\/site\/wp-json\/wp\/v2\/posts\/27570\/revisions"}],"predecessor-version":[{"id":28215,"href":"https:\/\/chelso.com.br\/site\/wp-json\/wp\/v2\/posts\/27570\/revisions\/28215"}],"wp:featuredmedia":[{"embeddable":true,"href":"https:\/\/chelso.com.br\/site\/wp-json\/wp\/v2\/media\/27572"}],"wp:attachment":[{"href":"https:\/\/chelso.com.br\/site\/wp-json\/wp\/v2\/media?parent=27570"}],"wp:term":[{"taxonomy":"category","embeddable":true,"href":"https:\/\/chelso.com.br\/site\/wp-json\/wp\/v2\/categories?post=27570"},{"taxonomy":"post_tag","embeddable":true,"href":"https:\/\/chelso.com.br\/site\/wp-json\/wp\/v2\/tags?post=27570"}],"curies":[{"name":"wp","href":"https:\/\/api.w.org\/{rel}","templated":true}]}}