{"id":27648,"date":"2025-10-17T17:42:51","date_gmt":"2025-10-17T20:42:51","guid":{"rendered":"https:\/\/chelso.com.br\/site\/?p=27648"},"modified":"2025-10-17T17:43:51","modified_gmt":"2025-10-17T20:43:51","slug":"inscricoes-abertas-para-a-11a-corrida-sao-vicente-do-alvinegro","status":"publish","type":"post","link":"https:\/\/chelso.com.br\/site\/inscricoes-abertas-para-a-11a-corrida-sao-vicente-do-alvinegro\/","title":{"rendered":"Inscri\u00e7\u00f5es abertas para a 11\u00aa Corrida S\u00e3o Vicente do Alvinegro"},"content":{"rendered":"<p style=\"text-align: center;\">Al\u00f4, torcida alvinegra e corredores de Piracicaba e da regi\u00e3o!<\/p>\n<p style=\"text-align: center;\">No dia 9 de novembro acontece a 11\u00aa Corrida S\u00e3o Vicente do Alvinegro. A \u00fanica prova com autoriza\u00e7\u00e3o para ser realizada pela avenida Independ\u00eancia, em Piracicaba.<\/p>\n<p style=\"text-align: center;\">As largadas e chegadas acontecem no Est\u00e1dio Municipal Bar\u00e3o da Serra Negra, o palco oficial das partidas do Esporte Clube XV de Novembro de Piracicaba.<\/p>\n<p style=\"text-align: center;\">Fa\u00e7a parte desta hist\u00f3ria e garanta sua inscri\u00e7\u00e3o online pelo site\u00a0<a href=\"http:\/\/www.chelso.com.br\/\">www.chelso.com.br<\/a>\u00a0para as provas de 15 km, 10 km e 5 km (masculino e feminino). Idades m\u00ednimas para participantes de 18 anos (15 km), 16 anos (10 km) e 14 anos (5 km).<\/p>\n<p style=\"text-align: center;\"><strong>Premia\u00e7\u00e3o em dinheiro<\/strong>\u00a0para os cinco primeiros colocados na classifica\u00e7\u00e3o geral dos 15 km (masculino e feminino).<\/p>\n<p style=\"text-align: center;\"><strong>Informa\u00e7\u00f5es gerais:<\/strong><\/p>\n<p style=\"text-align: center;\">Data: 9 de novembro de 2025<\/p>\n<p style=\"text-align: center;\"><strong>Hor\u00e1rios:<\/strong><br \/>\nConcentra\u00e7\u00e3o: 6h<br \/>\nLargada 15 Km: 6h30<br \/>\nLargada 10 Km: 6h45<br \/>\nLargada 5 Km: 7h<\/p>\n<p style=\"text-align: center;\"><strong>Local:<\/strong>\u00a0Est\u00e1dio Municipal Bar\u00e3o de Serra Negra<\/p>\n<p style=\"text-align: center;\"><strong>Retirada de kits:<\/strong><\/p>\n<p style=\"text-align: center;\"><strong>Datas:<\/strong><\/p>\n<p style=\"text-align: center;\"><strong>Dias 6 e 7 de novembro de 2025 (quinta e sexta-feira)<\/strong><\/p>\n<p style=\"text-align: center;\"><strong>Hor\u00e1rio:<\/strong>\u00a0das 10h \u00e0s 18h.<\/p>\n<p style=\"text-align: center;\"><strong>Dia: 8 de novembro de 2025 (s\u00e1bado)<\/strong><\/p>\n<p style=\"text-align: center;\"><strong>Hor\u00e1rio:<\/strong>\u00a0das 10h \u00e0s 15h.<\/p>\n<p style=\"text-align: center;\"><strong>Local: Supermercado S\u00e3o Vicente<\/strong><\/p>\n<p style=\"text-align: center;\">Endere\u00e7o: Avenida 31 de mar\u00e7o, 741 \u2013 Paulic\u00e9ia \u2013 Piracicaba<\/p>\n<p style=\"text-align: center;\"><strong>Reda\u00e7\u00e3o Assessoria de Imprensa Chelso Sports<\/strong><\/p>\n<p style=\"text-align: center;\">Jornalista Edilson Rodrigues de Morais, Mtb 26.319<\/p>\n<p style=\"text-align: center;\">(19) 99706.1570 \u2013 www.chelso.com.br<\/p>\n","protected":false},"excerpt":{"rendered":"<p>Al\u00f4, torcida alvinegra e corredores de Piracicaba e da regi\u00e3o! No dia 9 de novembro acontece a 11\u00aa Corrida S\u00e3o Vicente do Alvinegro. A \u00fanica prova com autoriza\u00e7\u00e3o para ser realizada pela avenida Independ\u00eancia, em Piracicaba. As largadas e chegadas acontecem no Est\u00e1dio Municipal Bar\u00e3o da Serra Negra, o palco oficial das partidas do Esporte<\/p>\n","protected":false},"author":43,"featured_media":27649,"comment_status":"open","ping_status":"closed","sticky":false,"template":"","format":"standard","meta":{"om_disable_all_campaigns":false,"_monsterinsights_skip_tracking":false,"_monsterinsights_sitenote_active":false,"_monsterinsights_sitenote_note":"","_monsterinsights_sitenote_category":0,"footnotes":""},"categories":[30],"tags":[5172],"class_list":{"0":"post-27648","1":"post","2":"type-post","3":"status-publish","4":"format-standard","5":"has-post-thumbnail","7":"category-noticias","8":"tag-supermercadossaovicente-corridasaovicente-corridadoalvinegro-xvdepiracicaba-corridaderua-chelsosports-alvinegro-corrida-barao"},"aioseo_notices":[],"yoast_head":"<!-- This site is optimized with the Yoast SEO plugin v27.5 - https:\/\/yoast.com\/product\/yoast-seo-wordpress\/ -->\n<title>Inscri\u00e7\u00f5es abertas para a 11\u00aa Corrida S\u00e3o Vicente do Alvinegro - Portal Chelso Sports<\/title>\n<meta name=\"robots\" content=\"index, follow, max-snippet:-1, max-image-preview:large, max-video-preview:-1\" \/>\n<link rel=\"canonical\" href=\"https:\/\/chelso.com.br\/site\/inscricoes-abertas-para-a-11a-corrida-sao-vicente-do-alvinegro\/\" \/>\n<meta property=\"og:locale\" content=\"pt_BR\" \/>\n<meta property=\"og:type\" content=\"article\" \/>\n<meta property=\"og:title\" content=\"Inscri\u00e7\u00f5es abertas para a 11\u00aa Corrida S\u00e3o Vicente do Alvinegro - Portal Chelso Sports\" \/>\n<meta property=\"og:description\" content=\"Al\u00f4, torcida alvinegra e corredores de Piracicaba e da regi\u00e3o! No dia 9 de novembro acontece a 11\u00aa Corrida S\u00e3o Vicente do Alvinegro. A \u00fanica prova com autoriza\u00e7\u00e3o para ser realizada pela avenida Independ\u00eancia, em Piracicaba. As largadas e chegadas acontecem no Est\u00e1dio Municipal Bar\u00e3o da Serra Negra, o palco oficial das partidas do Esporte\" \/>\n<meta property=\"og:url\" content=\"https:\/\/chelso.com.br\/site\/inscricoes-abertas-para-a-11a-corrida-sao-vicente-do-alvinegro\/\" \/>\n<meta property=\"og:site_name\" content=\"Portal Chelso Sports\" \/>\n<meta property=\"article:published_time\" content=\"2025-10-17T20:42:51+00:00\" \/>\n<meta property=\"article:modified_time\" content=\"2025-10-17T20:43:51+00:00\" \/>\n<meta property=\"og:image\" content=\"https:\/\/chelso.com.br\/site\/wp-content\/uploads\/2025\/10\/44RWVLUM4P8F2GD08IEX714XGZT0GM3NZQ6FGJLFHZEJX6KIXY-Copia-1200x649-1.png\" \/>\n\t<meta property=\"og:image:width\" content=\"1200\" \/>\n\t<meta property=\"og:image:height\" content=\"649\" \/>\n\t<meta property=\"og:image:type\" content=\"image\/png\" \/>\n<meta name=\"author\" content=\"Edilson Rodrigues\" \/>\n<meta name=\"twitter:card\" content=\"summary_large_image\" \/>\n<meta name=\"twitter:label1\" content=\"Escrito por\" \/>\n\t<meta name=\"twitter:data1\" content=\"Edilson Rodrigues\" \/>\n\t<meta name=\"twitter:label2\" content=\"Est. tempo de leitura\" \/>\n\t<meta name=\"twitter:data2\" content=\"2 minutos\" \/>\n<script type=\"application\/ld+json\" class=\"yoast-schema-graph\">{\"@context\":\"https:\\\/\\\/schema.org\",\"@graph\":[{\"@type\":\"Article\",\"@id\":\"https:\\\/\\\/chelso.com.br\\\/site\\\/inscricoes-abertas-para-a-11a-corrida-sao-vicente-do-alvinegro\\\/#article\",\"isPartOf\":{\"@id\":\"https:\\\/\\\/chelso.com.br\\\/site\\\/inscricoes-abertas-para-a-11a-corrida-sao-vicente-do-alvinegro\\\/\"},\"author\":{\"name\":\"Edilson Rodrigues\",\"@id\":\"https:\\\/\\\/chelso.com.br\\\/site\\\/#\\\/schema\\\/person\\\/a1e459f9cc882778a4f1367cb2ba51e3\"},\"headline\":\"Inscri\u00e7\u00f5es abertas para a 11\u00aa Corrida S\u00e3o Vicente do Alvinegro\",\"datePublished\":\"2025-10-17T20:42:51+00:00\",\"dateModified\":\"2025-10-17T20:43:51+00:00\",\"mainEntityOfPage\":{\"@id\":\"https:\\\/\\\/chelso.com.br\\\/site\\\/inscricoes-abertas-para-a-11a-corrida-sao-vicente-do-alvinegro\\\/\"},\"wordCount\":227,\"commentCount\":0,\"image\":{\"@id\":\"https:\\\/\\\/chelso.com.br\\\/site\\\/inscricoes-abertas-para-a-11a-corrida-sao-vicente-do-alvinegro\\\/#primaryimage\"},\"thumbnailUrl\":\"https:\\\/\\\/chelso.com.br\\\/site\\\/wp-content\\\/uploads\\\/2025\\\/10\\\/44RWVLUM4P8F2GD08IEX714XGZT0GM3NZQ6FGJLFHZEJX6KIXY-Copia-1200x649-1.png\",\"keywords\":[\"#supermercadossaovicente #corridasaovicente #corridadoalvinegro #xvdepiracicaba #corridaderua #chelsosports #alvinegro #corrida #bar\u00e3o\"],\"articleSection\":[\"Not\u00edcias\"],\"inLanguage\":\"pt-BR\",\"potentialAction\":[{\"@type\":\"CommentAction\",\"name\":\"Comment\",\"target\":[\"https:\\\/\\\/chelso.com.br\\\/site\\\/inscricoes-abertas-para-a-11a-corrida-sao-vicente-do-alvinegro\\\/#respond\"]}]},{\"@type\":\"WebPage\",\"@id\":\"https:\\\/\\\/chelso.com.br\\\/site\\\/inscricoes-abertas-para-a-11a-corrida-sao-vicente-do-alvinegro\\\/\",\"url\":\"https:\\\/\\\/chelso.com.br\\\/site\\\/inscricoes-abertas-para-a-11a-corrida-sao-vicente-do-alvinegro\\\/\",\"name\":\"Inscri\u00e7\u00f5es abertas para a 11\u00aa Corrida S\u00e3o Vicente do Alvinegro - Portal Chelso Sports\",\"isPartOf\":{\"@id\":\"https:\\\/\\\/chelso.com.br\\\/site\\\/#website\"},\"primaryImageOfPage\":{\"@id\":\"https:\\\/\\\/chelso.com.br\\\/site\\\/inscricoes-abertas-para-a-11a-corrida-sao-vicente-do-alvinegro\\\/#primaryimage\"},\"image\":{\"@id\":\"https:\\\/\\\/chelso.com.br\\\/site\\\/inscricoes-abertas-para-a-11a-corrida-sao-vicente-do-alvinegro\\\/#primaryimage\"},\"thumbnailUrl\":\"https:\\\/\\\/chelso.com.br\\\/site\\\/wp-content\\\/uploads\\\/2025\\\/10\\\/44RWVLUM4P8F2GD08IEX714XGZT0GM3NZQ6FGJLFHZEJX6KIXY-Copia-1200x649-1.png\",\"datePublished\":\"2025-10-17T20:42:51+00:00\",\"dateModified\":\"2025-10-17T20:43:51+00:00\",\"author\":{\"@id\":\"https:\\\/\\\/chelso.com.br\\\/site\\\/#\\\/schema\\\/person\\\/a1e459f9cc882778a4f1367cb2ba51e3\"},\"breadcrumb\":{\"@id\":\"https:\\\/\\\/chelso.com.br\\\/site\\\/inscricoes-abertas-para-a-11a-corrida-sao-vicente-do-alvinegro\\\/#breadcrumb\"},\"inLanguage\":\"pt-BR\",\"potentialAction\":[{\"@type\":\"ReadAction\",\"target\":[\"https:\\\/\\\/chelso.com.br\\\/site\\\/inscricoes-abertas-para-a-11a-corrida-sao-vicente-do-alvinegro\\\/\"]}]},{\"@type\":\"ImageObject\",\"inLanguage\":\"pt-BR\",\"@id\":\"https:\\\/\\\/chelso.com.br\\\/site\\\/inscricoes-abertas-para-a-11a-corrida-sao-vicente-do-alvinegro\\\/#primaryimage\",\"url\":\"https:\\\/\\\/chelso.com.br\\\/site\\\/wp-content\\\/uploads\\\/2025\\\/10\\\/44RWVLUM4P8F2GD08IEX714XGZT0GM3NZQ6FGJLFHZEJX6KIXY-Copia-1200x649-1.png\",\"contentUrl\":\"https:\\\/\\\/chelso.com.br\\\/site\\\/wp-content\\\/uploads\\\/2025\\\/10\\\/44RWVLUM4P8F2GD08IEX714XGZT0GM3NZQ6FGJLFHZEJX6KIXY-Copia-1200x649-1.png\",\"width\":1200,\"height\":649},{\"@type\":\"BreadcrumbList\",\"@id\":\"https:\\\/\\\/chelso.com.br\\\/site\\\/inscricoes-abertas-para-a-11a-corrida-sao-vicente-do-alvinegro\\\/#breadcrumb\",\"itemListElement\":[{\"@type\":\"ListItem\",\"position\":1,\"name\":\"In\u00edcio\",\"item\":\"https:\\\/\\\/chelso.com.br\\\/site\\\/\"},{\"@type\":\"ListItem\",\"position\":2,\"name\":\"Inscri\u00e7\u00f5es abertas para a 11\u00aa Corrida S\u00e3o Vicente do Alvinegro\"}]},{\"@type\":\"WebSite\",\"@id\":\"https:\\\/\\\/chelso.com.br\\\/site\\\/#website\",\"url\":\"https:\\\/\\\/chelso.com.br\\\/site\\\/\",\"name\":\"Portal Chelso Sports\",\"description\":\"Conte\u00fado especializado em corrida de rua e triathlon\",\"potentialAction\":[{\"@type\":\"SearchAction\",\"target\":{\"@type\":\"EntryPoint\",\"urlTemplate\":\"https:\\\/\\\/chelso.com.br\\\/site\\\/?s={search_term_string}\"},\"query-input\":{\"@type\":\"PropertyValueSpecification\",\"valueRequired\":true,\"valueName\":\"search_term_string\"}}],\"inLanguage\":\"pt-BR\"},{\"@type\":\"Person\",\"@id\":\"https:\\\/\\\/chelso.com.br\\\/site\\\/#\\\/schema\\\/person\\\/a1e459f9cc882778a4f1367cb2ba51e3\",\"name\":\"Edilson Rodrigues\",\"image\":{\"@type\":\"ImageObject\",\"inLanguage\":\"pt-BR\",\"@id\":\"https:\\\/\\\/chelso.com.br\\\/site\\\/wp-content\\\/uploads\\\/2024\\\/09\\\/Captura-de-tela-2024-09-27-170323-150x150.png\",\"url\":\"https:\\\/\\\/chelso.com.br\\\/site\\\/wp-content\\\/uploads\\\/2024\\\/09\\\/Captura-de-tela-2024-09-27-170323-150x150.png\",\"contentUrl\":\"https:\\\/\\\/chelso.com.br\\\/site\\\/wp-content\\\/uploads\\\/2024\\\/09\\\/Captura-de-tela-2024-09-27-170323-150x150.png\",\"caption\":\"Edilson Rodrigues\"},\"url\":\"https:\\\/\\\/chelso.com.br\\\/site\\\/author\\\/edilson\\\/\"}]}<\/script>\n<!-- \/ Yoast SEO plugin. -->","yoast_head_json":{"title":"Inscri\u00e7\u00f5es abertas para a 11\u00aa Corrida S\u00e3o Vicente do Alvinegro - Portal Chelso Sports","robots":{"index":"index","follow":"follow","max-snippet":"max-snippet:-1","max-image-preview":"max-image-preview:large","max-video-preview":"max-video-preview:-1"},"canonical":"https:\/\/chelso.com.br\/site\/inscricoes-abertas-para-a-11a-corrida-sao-vicente-do-alvinegro\/","og_locale":"pt_BR","og_type":"article","og_title":"Inscri\u00e7\u00f5es abertas para a 11\u00aa Corrida S\u00e3o Vicente do Alvinegro - Portal Chelso Sports","og_description":"Al\u00f4, torcida alvinegra e corredores de Piracicaba e da regi\u00e3o! No dia 9 de novembro acontece a 11\u00aa Corrida S\u00e3o Vicente do Alvinegro. A \u00fanica prova com autoriza\u00e7\u00e3o para ser realizada pela avenida Independ\u00eancia, em Piracicaba. As largadas e chegadas acontecem no Est\u00e1dio Municipal Bar\u00e3o da Serra Negra, o palco oficial das partidas do Esporte","og_url":"https:\/\/chelso.com.br\/site\/inscricoes-abertas-para-a-11a-corrida-sao-vicente-do-alvinegro\/","og_site_name":"Portal Chelso Sports","article_published_time":"2025-10-17T20:42:51+00:00","article_modified_time":"2025-10-17T20:43:51+00:00","og_image":[{"width":1200,"height":649,"url":"https:\/\/chelso.com.br\/site\/wp-content\/uploads\/2025\/10\/44RWVLUM4P8F2GD08IEX714XGZT0GM3NZQ6FGJLFHZEJX6KIXY-Copia-1200x649-1.png","type":"image\/png"}],"author":"Edilson Rodrigues","twitter_card":"summary_large_image","twitter_misc":{"Escrito por":"Edilson Rodrigues","Est. tempo de leitura":"2 minutos"},"schema":{"@context":"https:\/\/schema.org","@graph":[{"@type":"Article","@id":"https:\/\/chelso.com.br\/site\/inscricoes-abertas-para-a-11a-corrida-sao-vicente-do-alvinegro\/#article","isPartOf":{"@id":"https:\/\/chelso.com.br\/site\/inscricoes-abertas-para-a-11a-corrida-sao-vicente-do-alvinegro\/"},"author":{"name":"Edilson Rodrigues","@id":"https:\/\/chelso.com.br\/site\/#\/schema\/person\/a1e459f9cc882778a4f1367cb2ba51e3"},"headline":"Inscri\u00e7\u00f5es abertas para a 11\u00aa Corrida S\u00e3o Vicente do Alvinegro","datePublished":"2025-10-17T20:42:51+00:00","dateModified":"2025-10-17T20:43:51+00:00","mainEntityOfPage":{"@id":"https:\/\/chelso.com.br\/site\/inscricoes-abertas-para-a-11a-corrida-sao-vicente-do-alvinegro\/"},"wordCount":227,"commentCount":0,"image":{"@id":"https:\/\/chelso.com.br\/site\/inscricoes-abertas-para-a-11a-corrida-sao-vicente-do-alvinegro\/#primaryimage"},"thumbnailUrl":"https:\/\/chelso.com.br\/site\/wp-content\/uploads\/2025\/10\/44RWVLUM4P8F2GD08IEX714XGZT0GM3NZQ6FGJLFHZEJX6KIXY-Copia-1200x649-1.png","keywords":["#supermercadossaovicente #corridasaovicente #corridadoalvinegro #xvdepiracicaba #corridaderua #chelsosports #alvinegro #corrida #bar\u00e3o"],"articleSection":["Not\u00edcias"],"inLanguage":"pt-BR","potentialAction":[{"@type":"CommentAction","name":"Comment","target":["https:\/\/chelso.com.br\/site\/inscricoes-abertas-para-a-11a-corrida-sao-vicente-do-alvinegro\/#respond"]}]},{"@type":"WebPage","@id":"https:\/\/chelso.com.br\/site\/inscricoes-abertas-para-a-11a-corrida-sao-vicente-do-alvinegro\/","url":"https:\/\/chelso.com.br\/site\/inscricoes-abertas-para-a-11a-corrida-sao-vicente-do-alvinegro\/","name":"Inscri\u00e7\u00f5es abertas para a 11\u00aa Corrida S\u00e3o Vicente do Alvinegro - Portal Chelso Sports","isPartOf":{"@id":"https:\/\/chelso.com.br\/site\/#website"},"primaryImageOfPage":{"@id":"https:\/\/chelso.com.br\/site\/inscricoes-abertas-para-a-11a-corrida-sao-vicente-do-alvinegro\/#primaryimage"},"image":{"@id":"https:\/\/chelso.com.br\/site\/inscricoes-abertas-para-a-11a-corrida-sao-vicente-do-alvinegro\/#primaryimage"},"thumbnailUrl":"https:\/\/chelso.com.br\/site\/wp-content\/uploads\/2025\/10\/44RWVLUM4P8F2GD08IEX714XGZT0GM3NZQ6FGJLFHZEJX6KIXY-Copia-1200x649-1.png","datePublished":"2025-10-17T20:42:51+00:00","dateModified":"2025-10-17T20:43:51+00:00","author":{"@id":"https:\/\/chelso.com.br\/site\/#\/schema\/person\/a1e459f9cc882778a4f1367cb2ba51e3"},"breadcrumb":{"@id":"https:\/\/chelso.com.br\/site\/inscricoes-abertas-para-a-11a-corrida-sao-vicente-do-alvinegro\/#breadcrumb"},"inLanguage":"pt-BR","potentialAction":[{"@type":"ReadAction","target":["https:\/\/chelso.com.br\/site\/inscricoes-abertas-para-a-11a-corrida-sao-vicente-do-alvinegro\/"]}]},{"@type":"ImageObject","inLanguage":"pt-BR","@id":"https:\/\/chelso.com.br\/site\/inscricoes-abertas-para-a-11a-corrida-sao-vicente-do-alvinegro\/#primaryimage","url":"https:\/\/chelso.com.br\/site\/wp-content\/uploads\/2025\/10\/44RWVLUM4P8F2GD08IEX714XGZT0GM3NZQ6FGJLFHZEJX6KIXY-Copia-1200x649-1.png","contentUrl":"https:\/\/chelso.com.br\/site\/wp-content\/uploads\/2025\/10\/44RWVLUM4P8F2GD08IEX714XGZT0GM3NZQ6FGJLFHZEJX6KIXY-Copia-1200x649-1.png","width":1200,"height":649},{"@type":"BreadcrumbList","@id":"https:\/\/chelso.com.br\/site\/inscricoes-abertas-para-a-11a-corrida-sao-vicente-do-alvinegro\/#breadcrumb","itemListElement":[{"@type":"ListItem","position":1,"name":"In\u00edcio","item":"https:\/\/chelso.com.br\/site\/"},{"@type":"ListItem","position":2,"name":"Inscri\u00e7\u00f5es abertas para a 11\u00aa Corrida S\u00e3o Vicente do Alvinegro"}]},{"@type":"WebSite","@id":"https:\/\/chelso.com.br\/site\/#website","url":"https:\/\/chelso.com.br\/site\/","name":"Portal Chelso Sports","description":"Conte\u00fado especializado em corrida de rua e triathlon","potentialAction":[{"@type":"SearchAction","target":{"@type":"EntryPoint","urlTemplate":"https:\/\/chelso.com.br\/site\/?s={search_term_string}"},"query-input":{"@type":"PropertyValueSpecification","valueRequired":true,"valueName":"search_term_string"}}],"inLanguage":"pt-BR"},{"@type":"Person","@id":"https:\/\/chelso.com.br\/site\/#\/schema\/person\/a1e459f9cc882778a4f1367cb2ba51e3","name":"Edilson Rodrigues","image":{"@type":"ImageObject","inLanguage":"pt-BR","@id":"https:\/\/chelso.com.br\/site\/wp-content\/uploads\/2024\/09\/Captura-de-tela-2024-09-27-170323-150x150.png","url":"https:\/\/chelso.com.br\/site\/wp-content\/uploads\/2024\/09\/Captura-de-tela-2024-09-27-170323-150x150.png","contentUrl":"https:\/\/chelso.com.br\/site\/wp-content\/uploads\/2024\/09\/Captura-de-tela-2024-09-27-170323-150x150.png","caption":"Edilson Rodrigues"},"url":"https:\/\/chelso.com.br\/site\/author\/edilson\/"}]}},"amp_enabled":true,"_links":{"self":[{"href":"https:\/\/chelso.com.br\/site\/wp-json\/wp\/v2\/posts\/27648","targetHints":{"allow":["GET"]}}],"collection":[{"href":"https:\/\/chelso.com.br\/site\/wp-json\/wp\/v2\/posts"}],"about":[{"href":"https:\/\/chelso.com.br\/site\/wp-json\/wp\/v2\/types\/post"}],"author":[{"embeddable":true,"href":"https:\/\/chelso.com.br\/site\/wp-json\/wp\/v2\/users\/43"}],"replies":[{"embeddable":true,"href":"https:\/\/chelso.com.br\/site\/wp-json\/wp\/v2\/comments?post=27648"}],"version-history":[{"count":2,"href":"https:\/\/chelso.com.br\/site\/wp-json\/wp\/v2\/posts\/27648\/revisions"}],"predecessor-version":[{"id":27651,"href":"https:\/\/chelso.com.br\/site\/wp-json\/wp\/v2\/posts\/27648\/revisions\/27651"}],"wp:featuredmedia":[{"embeddable":true,"href":"https:\/\/chelso.com.br\/site\/wp-json\/wp\/v2\/media\/27649"}],"wp:attachment":[{"href":"https:\/\/chelso.com.br\/site\/wp-json\/wp\/v2\/media?parent=27648"}],"wp:term":[{"taxonomy":"category","embeddable":true,"href":"https:\/\/chelso.com.br\/site\/wp-json\/wp\/v2\/categories?post=27648"},{"taxonomy":"post_tag","embeddable":true,"href":"https:\/\/chelso.com.br\/site\/wp-json\/wp\/v2\/tags?post=27648"}],"curies":[{"name":"wp","href":"https:\/\/api.w.org\/{rel}","templated":true}]}}