{"id":28104,"date":"2025-11-19T14:54:20","date_gmt":"2025-11-19T17:54:20","guid":{"rendered":"https:\/\/chelso.com.br\/site\/?p=28104"},"modified":"2025-11-24T16:44:44","modified_gmt":"2025-11-24T19:44:44","slug":"marcos-garcia-e-sua-mania-de-corrida-no-falatimecast-de-hoje","status":"publish","type":"post","link":"https:\/\/chelso.com.br\/site\/marcos-garcia-e-sua-mania-de-corrida-no-falatimecast-de-hoje\/","title":{"rendered":"Marcos Garcia e sua \u201cMania de Corrida\u201d, no FalaTimeCast desta quinta, 20\/11"},"content":{"rendered":"<p style=\"text-align: left;\">No FalaTimeCast desta quinta-feira, dia 20 de novembro, a entrevista \u00e9 com Marcos Garcia, criador do @maniadecorrida.<\/p>\n<p style=\"text-align: left;\">Neste bate-papo, a pauta traz muitas informa\u00e7\u00f5es e curiosidades de quem entende e tem a \u201cMania de Corrida\u201d.<\/p>\n<p style=\"text-align: left;\">\u00c9 hoje, a partir das 20h, no YouTube.<\/p>\n<p><img fetchpriority=\"high\" decoding=\"async\" class=\"wp-image-28105 aligncenter\" src=\"https:\/\/chelso.com.br\/site\/wp-content\/uploads\/2025\/11\/WhatsApp-Image-2025-11-19-at-14.42.11-169x300.jpeg\" alt=\"\" width=\"317\" height=\"563\" srcset=\"https:\/\/chelso.com.br\/site\/wp-content\/uploads\/2025\/11\/WhatsApp-Image-2025-11-19-at-14.42.11-169x300.jpeg 169w, https:\/\/chelso.com.br\/site\/wp-content\/uploads\/2025\/11\/WhatsApp-Image-2025-11-19-at-14.42.11-576x1024.jpeg 576w, https:\/\/chelso.com.br\/site\/wp-content\/uploads\/2025\/11\/WhatsApp-Image-2025-11-19-at-14.42.11-864x1536.jpeg 864w, https:\/\/chelso.com.br\/site\/wp-content\/uploads\/2025\/11\/WhatsApp-Image-2025-11-19-at-14.42.11-150x267.jpeg 150w, https:\/\/chelso.com.br\/site\/wp-content\/uploads\/2025\/11\/WhatsApp-Image-2025-11-19-at-14.42.11-450x800.jpeg 450w, https:\/\/chelso.com.br\/site\/wp-content\/uploads\/2025\/11\/WhatsApp-Image-2025-11-19-at-14.42.11-768x1365.jpeg 768w, https:\/\/chelso.com.br\/site\/wp-content\/uploads\/2025\/11\/WhatsApp-Image-2025-11-19-at-14.42.11.jpeg 900w\" sizes=\"(max-width: 317px) 100vw, 317px\" \/><\/p>\n<p><strong>Cr\u00e9dito fotos: <\/strong>Chelso Sports<\/p>\n<p><strong>Reda\u00e7\u00e3o Assessoria de Imprensa Chelso Sports<\/strong><\/p>\n<p>Jornalista Edilson Rodrigues de Morais, Mtb 26.319<\/p>\n<p>(19) 99706.1570 \u2013\u00a0<a href=\"http:\/\/www.chelso.com.br\/\">www.chelso.com.br<\/a><\/p>\n","protected":false},"excerpt":{"rendered":"<p>No FalaTimeCast desta quinta-feira, dia 20 de novembro, a entrevista \u00e9 com Marcos Garcia, criador do @maniadecorrida. Neste bate-papo, a pauta traz muitas informa\u00e7\u00f5es e curiosidades de quem entende e tem a \u201cMania de Corrida\u201d. \u00c9 hoje, a partir das 20h, no YouTube. Cr\u00e9dito fotos: Chelso Sports Reda\u00e7\u00e3o Assessoria de Imprensa Chelso Sports Jornalista Edilson<\/p>\n","protected":false},"author":43,"featured_media":28110,"comment_status":"open","ping_status":"closed","sticky":false,"template":"","format":"standard","meta":{"om_disable_all_campaigns":false,"_monsterinsights_skip_tracking":false,"footnotes":""},"categories":[30],"tags":[735,4635,5865],"class_list":["post-28104","post","type-post","status-publish","format-standard","has-post-thumbnail","category-noticias","tag-chelso","tag-falatimecast","tag-maniadecorrida"],"aioseo_notices":[],"aioseo_head":"\n\t\t<!-- All in One SEO 5.0.1 - aioseo.com -->\n\t<meta name=\"description\" content=\"No FalaTimeCast desta quinta-feira, dia 20 de novembro, a entrevista \u00e9 com Marcos Garcia, criador do @maniadecorrida. Neste bate-papo, a pauta traz muitas informa\u00e7\u00f5es e curiosidades de quem entende e tem a \u201cMania de Corrida\u201d. \u00c9 hoje, a partir das 20h, no YouTube. Cr\u00e9dito fotos: Chelso Sports Reda\u00e7\u00e3o Assessoria de Imprensa Chelso Sports Jornalista Edilson\" \/>\n\t<meta name=\"robots\" content=\"max-image-preview:large\" \/>\n\t<meta name=\"author\" content=\"Edilson Rodrigues\"\/>\n\t<link rel=\"canonical\" href=\"https:\/\/chelso.com.br\/site\/marcos-garcia-e-sua-mania-de-corrida-no-falatimecast-de-hoje\/\" \/>\n\t<meta name=\"generator\" content=\"All in One SEO (AIOSEO) 5.0.1\" \/>\n\t\t<meta property=\"og:locale\" content=\"pt_BR\" \/>\n\t\t<meta property=\"og:site_name\" content=\"Portal Chelso Sports - Conte\u00fado especializado em corrida de rua e triathlon\" \/>\n\t\t<meta property=\"og:type\" content=\"article\" \/>\n\t\t<meta property=\"og:title\" content=\"Marcos Garcia e sua \u201cMania de Corrida\u201d, no FalaTimeCast desta quinta, 20\/11 - Portal Chelso Sports\" \/>\n\t\t<meta property=\"og:description\" content=\"No FalaTimeCast desta quinta-feira, dia 20 de novembro, a entrevista \u00e9 com Marcos Garcia, criador do @maniadecorrida. Neste bate-papo, a pauta traz muitas informa\u00e7\u00f5es e curiosidades de quem entende e tem a \u201cMania de Corrida\u201d. \u00c9 hoje, a partir das 20h, no YouTube. Cr\u00e9dito fotos: Chelso Sports Reda\u00e7\u00e3o Assessoria de Imprensa Chelso Sports Jornalista Edilson\" \/>\n\t\t<meta property=\"og:url\" content=\"https:\/\/chelso.com.br\/site\/marcos-garcia-e-sua-mania-de-corrida-no-falatimecast-de-hoje\/\" \/>\n\t\t<meta property=\"article:published_time\" content=\"2025-11-19T17:54:20+00:00\" \/>\n\t\t<meta property=\"article:modified_time\" content=\"2025-11-24T19:44:44+00:00\" \/>\n\t\t<meta name=\"twitter:card\" content=\"summary_large_image\" \/>\n\t\t<meta name=\"twitter:title\" content=\"Marcos Garcia e sua \u201cMania de Corrida\u201d, no FalaTimeCast desta quinta, 20\/11 - Portal Chelso Sports\" \/>\n\t\t<meta name=\"twitter:description\" content=\"No FalaTimeCast desta quinta-feira, dia 20 de novembro, a entrevista \u00e9 com Marcos Garcia, criador do @maniadecorrida. Neste bate-papo, a pauta traz muitas informa\u00e7\u00f5es e curiosidades de quem entende e tem a \u201cMania de Corrida\u201d. \u00c9 hoje, a partir das 20h, no YouTube. Cr\u00e9dito fotos: Chelso Sports Reda\u00e7\u00e3o Assessoria de Imprensa Chelso Sports Jornalista Edilson\" \/>\n\t\t<script type=\"application\/ld+json\" class=\"aioseo-schema\">\n\t\t\t{\"@context\":\"https:\\\/\\\/schema.org\",\"@graph\":[{\"@type\":\"BlogPosting\",\"@id\":\"https:\\\/\\\/chelso.com.br\\\/site\\\/marcos-garcia-e-sua-mania-de-corrida-no-falatimecast-de-hoje\\\/#blogposting\",\"name\":\"Marcos Garcia e sua \\u201cMania de Corrida\\u201d, no FalaTimeCast desta quinta, 20\\\/11 - Portal Chelso Sports\",\"headline\":\"Marcos Garcia e sua \\u201cMania de Corrida\\u201d, no FalaTimeCast desta quinta, 20\\\/11\",\"author\":{\"@id\":\"https:\\\/\\\/chelso.com.br\\\/site\\\/author\\\/edilson\\\/#author\"},\"publisher\":{\"@id\":\"https:\\\/\\\/chelso.com.br\\\/site\\\/#organization\"},\"image\":{\"@type\":\"ImageObject\",\"url\":\"https:\\\/\\\/chelso.com.br\\\/site\\\/wp-content\\\/uploads\\\/2025\\\/11\\\/WhatsApp-Image-2025-11-19-at-14.42.11-Copia-2.jpeg\",\"width\":900,\"height\":681},\"datePublished\":\"2025-11-19T14:54:20-03:00\",\"dateModified\":\"2025-11-24T16:44:44-03:00\",\"inLanguage\":\"pt-BR\",\"mainEntityOfPage\":{\"@id\":\"https:\\\/\\\/chelso.com.br\\\/site\\\/marcos-garcia-e-sua-mania-de-corrida-no-falatimecast-de-hoje\\\/#webpage\"},\"isPartOf\":{\"@id\":\"https:\\\/\\\/chelso.com.br\\\/site\\\/marcos-garcia-e-sua-mania-de-corrida-no-falatimecast-de-hoje\\\/#webpage\"},\"articleSection\":\"Not\\u00edcias, Chelso, falatimecast, maniadecorrida\"},{\"@type\":\"BreadcrumbList\",\"@id\":\"https:\\\/\\\/chelso.com.br\\\/site\\\/marcos-garcia-e-sua-mania-de-corrida-no-falatimecast-de-hoje\\\/#breadcrumblist\",\"itemListElement\":[{\"@type\":\"ListItem\",\"@id\":\"https:\\\/\\\/chelso.com.br\\\/site#listItem\",\"position\":1,\"name\":\"Home\",\"item\":\"https:\\\/\\\/chelso.com.br\\\/site\",\"nextItem\":{\"@type\":\"ListItem\",\"@id\":\"https:\\\/\\\/chelso.com.br\\\/site\\\/category\\\/noticias\\\/#listItem\",\"name\":\"Not\\u00edcias\"}},{\"@type\":\"ListItem\",\"@id\":\"https:\\\/\\\/chelso.com.br\\\/site\\\/category\\\/noticias\\\/#listItem\",\"position\":2,\"name\":\"Not\\u00edcias\",\"item\":\"https:\\\/\\\/chelso.com.br\\\/site\\\/category\\\/noticias\\\/\",\"nextItem\":{\"@type\":\"ListItem\",\"@id\":\"https:\\\/\\\/chelso.com.br\\\/site\\\/marcos-garcia-e-sua-mania-de-corrida-no-falatimecast-de-hoje\\\/#listItem\",\"name\":\"Marcos Garcia e sua \\u201cMania de Corrida\\u201d, no FalaTimeCast desta quinta, 20\\\/11\"},\"previousItem\":{\"@type\":\"ListItem\",\"@id\":\"https:\\\/\\\/chelso.com.br\\\/site#listItem\",\"name\":\"Home\"}},{\"@type\":\"ListItem\",\"@id\":\"https:\\\/\\\/chelso.com.br\\\/site\\\/marcos-garcia-e-sua-mania-de-corrida-no-falatimecast-de-hoje\\\/#listItem\",\"position\":3,\"name\":\"Marcos Garcia e sua \\u201cMania de Corrida\\u201d, no FalaTimeCast desta quinta, 20\\\/11\",\"previousItem\":{\"@type\":\"ListItem\",\"@id\":\"https:\\\/\\\/chelso.com.br\\\/site\\\/category\\\/noticias\\\/#listItem\",\"name\":\"Not\\u00edcias\"}}]},{\"@type\":\"Organization\",\"@id\":\"https:\\\/\\\/chelso.com.br\\\/site\\\/#organization\",\"name\":\"Portal Chelso Sports\",\"description\":\"Conte\\u00fado especializado em corrida de rua e triathlon\",\"url\":\"https:\\\/\\\/chelso.com.br\\\/site\\\/\"},{\"@type\":\"Person\",\"@id\":\"https:\\\/\\\/chelso.com.br\\\/site\\\/author\\\/edilson\\\/#author\",\"url\":\"https:\\\/\\\/chelso.com.br\\\/site\\\/author\\\/edilson\\\/\",\"name\":\"Edilson Rodrigues\",\"image\":{\"@type\":\"ImageObject\",\"@id\":\"https:\\\/\\\/chelso.com.br\\\/site\\\/marcos-garcia-e-sua-mania-de-corrida-no-falatimecast-de-hoje\\\/#authorImage\",\"url\":\"https:\\\/\\\/chelso.com.br\\\/site\\\/wp-content\\\/uploads\\\/2024\\\/09\\\/Captura-de-tela-2024-09-27-170323-150x150.png\",\"width\":96,\"height\":96,\"caption\":\"Edilson Rodrigues\"}},{\"@type\":\"WebPage\",\"@id\":\"https:\\\/\\\/chelso.com.br\\\/site\\\/marcos-garcia-e-sua-mania-de-corrida-no-falatimecast-de-hoje\\\/#webpage\",\"url\":\"https:\\\/\\\/chelso.com.br\\\/site\\\/marcos-garcia-e-sua-mania-de-corrida-no-falatimecast-de-hoje\\\/\",\"name\":\"Marcos Garcia e sua \\u201cMania de Corrida\\u201d, no FalaTimeCast desta quinta, 20\\\/11 - Portal Chelso Sports\",\"description\":\"No FalaTimeCast desta quinta-feira, dia 20 de novembro, a entrevista \\u00e9 com Marcos Garcia, criador do @maniadecorrida. Neste bate-papo, a pauta traz muitas informa\\u00e7\\u00f5es e curiosidades de quem entende e tem a \\u201cMania de Corrida\\u201d. \\u00c9 hoje, a partir das 20h, no YouTube. Cr\\u00e9dito fotos: Chelso Sports Reda\\u00e7\\u00e3o Assessoria de Imprensa Chelso Sports Jornalista Edilson\",\"inLanguage\":\"pt-BR\",\"isPartOf\":{\"@id\":\"https:\\\/\\\/chelso.com.br\\\/site\\\/#website\"},\"breadcrumb\":{\"@id\":\"https:\\\/\\\/chelso.com.br\\\/site\\\/marcos-garcia-e-sua-mania-de-corrida-no-falatimecast-de-hoje\\\/#breadcrumblist\"},\"author\":{\"@id\":\"https:\\\/\\\/chelso.com.br\\\/site\\\/author\\\/edilson\\\/#author\"},\"creator\":{\"@id\":\"https:\\\/\\\/chelso.com.br\\\/site\\\/author\\\/edilson\\\/#author\"},\"image\":{\"@type\":\"ImageObject\",\"url\":\"https:\\\/\\\/chelso.com.br\\\/site\\\/wp-content\\\/uploads\\\/2025\\\/11\\\/WhatsApp-Image-2025-11-19-at-14.42.11-Copia-2.jpeg\",\"@id\":\"https:\\\/\\\/chelso.com.br\\\/site\\\/marcos-garcia-e-sua-mania-de-corrida-no-falatimecast-de-hoje\\\/#mainImage\",\"width\":900,\"height\":681},\"primaryImageOfPage\":{\"@id\":\"https:\\\/\\\/chelso.com.br\\\/site\\\/marcos-garcia-e-sua-mania-de-corrida-no-falatimecast-de-hoje\\\/#mainImage\"},\"datePublished\":\"2025-11-19T14:54:20-03:00\",\"dateModified\":\"2025-11-24T16:44:44-03:00\"},{\"@type\":\"WebSite\",\"@id\":\"https:\\\/\\\/chelso.com.br\\\/site\\\/#website\",\"url\":\"https:\\\/\\\/chelso.com.br\\\/site\\\/\",\"name\":\"Portal Chelso Sports\",\"description\":\"Conte\\u00fado especializado em corrida de rua e triathlon\",\"inLanguage\":\"pt-BR\",\"publisher\":{\"@id\":\"https:\\\/\\\/chelso.com.br\\\/site\\\/#organization\"}}]}\n\t\t<\/script>\n\t\t<!-- All in One SEO -->\n\n","aioseo_head_json":{"title":"Marcos Garcia e sua \u201cMania de Corrida\u201d, no FalaTimeCast desta quinta, 20\/11 - Portal Chelso Sports","description":"No FalaTimeCast desta quinta-feira, dia 20 de novembro, a entrevista \u00e9 com Marcos Garcia, criador do @maniadecorrida. Neste bate-papo, a pauta traz muitas informa\u00e7\u00f5es e curiosidades de quem entende e tem a \u201cMania de Corrida\u201d. \u00c9 hoje, a partir das 20h, no YouTube. Cr\u00e9dito fotos: Chelso Sports Reda\u00e7\u00e3o Assessoria de Imprensa Chelso Sports Jornalista Edilson","canonical_url":"https:\/\/chelso.com.br\/site\/marcos-garcia-e-sua-mania-de-corrida-no-falatimecast-de-hoje\/","robots":"max-image-preview:large","keywords":"","webmasterTools":{"miscellaneous":""},"schema":{"@context":"https:\/\/schema.org","@graph":[{"@type":"BlogPosting","@id":"https:\/\/chelso.com.br\/site\/marcos-garcia-e-sua-mania-de-corrida-no-falatimecast-de-hoje\/#blogposting","name":"Marcos Garcia e sua \u201cMania de Corrida\u201d, no FalaTimeCast desta quinta, 20\/11 - Portal Chelso Sports","headline":"Marcos Garcia e sua \u201cMania de Corrida\u201d, no FalaTimeCast desta quinta, 20\/11","author":{"@id":"https:\/\/chelso.com.br\/site\/author\/edilson\/#author"},"publisher":{"@id":"https:\/\/chelso.com.br\/site\/#organization"},"image":{"@type":"ImageObject","url":"https:\/\/chelso.com.br\/site\/wp-content\/uploads\/2025\/11\/WhatsApp-Image-2025-11-19-at-14.42.11-Copia-2.jpeg","width":900,"height":681},"datePublished":"2025-11-19T14:54:20-03:00","dateModified":"2025-11-24T16:44:44-03:00","inLanguage":"pt-BR","mainEntityOfPage":{"@id":"https:\/\/chelso.com.br\/site\/marcos-garcia-e-sua-mania-de-corrida-no-falatimecast-de-hoje\/#webpage"},"isPartOf":{"@id":"https:\/\/chelso.com.br\/site\/marcos-garcia-e-sua-mania-de-corrida-no-falatimecast-de-hoje\/#webpage"},"articleSection":"Not\u00edcias, Chelso, falatimecast, maniadecorrida"},{"@type":"BreadcrumbList","@id":"https:\/\/chelso.com.br\/site\/marcos-garcia-e-sua-mania-de-corrida-no-falatimecast-de-hoje\/#breadcrumblist","itemListElement":[{"@type":"ListItem","@id":"https:\/\/chelso.com.br\/site#listItem","position":1,"name":"Home","item":"https:\/\/chelso.com.br\/site","nextItem":{"@type":"ListItem","@id":"https:\/\/chelso.com.br\/site\/category\/noticias\/#listItem","name":"Not\u00edcias"}},{"@type":"ListItem","@id":"https:\/\/chelso.com.br\/site\/category\/noticias\/#listItem","position":2,"name":"Not\u00edcias","item":"https:\/\/chelso.com.br\/site\/category\/noticias\/","nextItem":{"@type":"ListItem","@id":"https:\/\/chelso.com.br\/site\/marcos-garcia-e-sua-mania-de-corrida-no-falatimecast-de-hoje\/#listItem","name":"Marcos Garcia e sua \u201cMania de Corrida\u201d, no FalaTimeCast desta quinta, 20\/11"},"previousItem":{"@type":"ListItem","@id":"https:\/\/chelso.com.br\/site#listItem","name":"Home"}},{"@type":"ListItem","@id":"https:\/\/chelso.com.br\/site\/marcos-garcia-e-sua-mania-de-corrida-no-falatimecast-de-hoje\/#listItem","position":3,"name":"Marcos Garcia e sua \u201cMania de Corrida\u201d, no FalaTimeCast desta quinta, 20\/11","previousItem":{"@type":"ListItem","@id":"https:\/\/chelso.com.br\/site\/category\/noticias\/#listItem","name":"Not\u00edcias"}}]},{"@type":"Organization","@id":"https:\/\/chelso.com.br\/site\/#organization","name":"Portal Chelso Sports","description":"Conte\u00fado especializado em corrida de rua e triathlon","url":"https:\/\/chelso.com.br\/site\/"},{"@type":"Person","@id":"https:\/\/chelso.com.br\/site\/author\/edilson\/#author","url":"https:\/\/chelso.com.br\/site\/author\/edilson\/","name":"Edilson Rodrigues","image":{"@type":"ImageObject","@id":"https:\/\/chelso.com.br\/site\/marcos-garcia-e-sua-mania-de-corrida-no-falatimecast-de-hoje\/#authorImage","url":"https:\/\/chelso.com.br\/site\/wp-content\/uploads\/2024\/09\/Captura-de-tela-2024-09-27-170323-150x150.png","width":96,"height":96,"caption":"Edilson Rodrigues"}},{"@type":"WebPage","@id":"https:\/\/chelso.com.br\/site\/marcos-garcia-e-sua-mania-de-corrida-no-falatimecast-de-hoje\/#webpage","url":"https:\/\/chelso.com.br\/site\/marcos-garcia-e-sua-mania-de-corrida-no-falatimecast-de-hoje\/","name":"Marcos Garcia e sua \u201cMania de Corrida\u201d, no FalaTimeCast desta quinta, 20\/11 - Portal Chelso Sports","description":"No FalaTimeCast desta quinta-feira, dia 20 de novembro, a entrevista \u00e9 com Marcos Garcia, criador do @maniadecorrida. Neste bate-papo, a pauta traz muitas informa\u00e7\u00f5es e curiosidades de quem entende e tem a \u201cMania de Corrida\u201d. \u00c9 hoje, a partir das 20h, no YouTube. Cr\u00e9dito fotos: Chelso Sports Reda\u00e7\u00e3o Assessoria de Imprensa Chelso Sports Jornalista Edilson","inLanguage":"pt-BR","isPartOf":{"@id":"https:\/\/chelso.com.br\/site\/#website"},"breadcrumb":{"@id":"https:\/\/chelso.com.br\/site\/marcos-garcia-e-sua-mania-de-corrida-no-falatimecast-de-hoje\/#breadcrumblist"},"author":{"@id":"https:\/\/chelso.com.br\/site\/author\/edilson\/#author"},"creator":{"@id":"https:\/\/chelso.com.br\/site\/author\/edilson\/#author"},"image":{"@type":"ImageObject","url":"https:\/\/chelso.com.br\/site\/wp-content\/uploads\/2025\/11\/WhatsApp-Image-2025-11-19-at-14.42.11-Copia-2.jpeg","@id":"https:\/\/chelso.com.br\/site\/marcos-garcia-e-sua-mania-de-corrida-no-falatimecast-de-hoje\/#mainImage","width":900,"height":681},"primaryImageOfPage":{"@id":"https:\/\/chelso.com.br\/site\/marcos-garcia-e-sua-mania-de-corrida-no-falatimecast-de-hoje\/#mainImage"},"datePublished":"2025-11-19T14:54:20-03:00","dateModified":"2025-11-24T16:44:44-03:00"},{"@type":"WebSite","@id":"https:\/\/chelso.com.br\/site\/#website","url":"https:\/\/chelso.com.br\/site\/","name":"Portal Chelso Sports","description":"Conte\u00fado especializado em corrida de rua e triathlon","inLanguage":"pt-BR","publisher":{"@id":"https:\/\/chelso.com.br\/site\/#organization"}}]},"og:locale":"pt_BR","og:site_name":"Portal Chelso Sports - Conte\u00fado especializado em corrida de rua e triathlon","og:type":"article","og:title":"Marcos Garcia e sua \u201cMania de Corrida\u201d, no FalaTimeCast desta quinta, 20\/11 - Portal Chelso Sports","og:description":"No FalaTimeCast desta quinta-feira, dia 20 de novembro, a entrevista \u00e9 com Marcos Garcia, criador do @maniadecorrida. Neste bate-papo, a pauta traz muitas informa\u00e7\u00f5es e curiosidades de quem entende e tem a \u201cMania de Corrida\u201d. \u00c9 hoje, a partir das 20h, no YouTube. Cr\u00e9dito fotos: Chelso Sports Reda\u00e7\u00e3o Assessoria de Imprensa Chelso Sports Jornalista Edilson","og:url":"https:\/\/chelso.com.br\/site\/marcos-garcia-e-sua-mania-de-corrida-no-falatimecast-de-hoje\/","article:published_time":"2025-11-19T17:54:20+00:00","article:modified_time":"2025-11-24T19:44:44+00:00","twitter:card":"summary_large_image","twitter:title":"Marcos Garcia e sua \u201cMania de Corrida\u201d, no FalaTimeCast desta quinta, 20\/11 - Portal Chelso Sports","twitter:description":"No FalaTimeCast desta quinta-feira, dia 20 de novembro, a entrevista \u00e9 com Marcos Garcia, criador do @maniadecorrida. Neste bate-papo, a pauta traz muitas informa\u00e7\u00f5es e curiosidades de quem entende e tem a \u201cMania de Corrida\u201d. \u00c9 hoje, a partir das 20h, no YouTube. Cr\u00e9dito fotos: Chelso Sports Reda\u00e7\u00e3o Assessoria de Imprensa Chelso Sports Jornalista Edilson"},"aioseo_meta_data":{"post_id":"28104","title":null,"description":null,"keywords":null,"keyphrases":{"focus":{"keyphrase":"","score":0,"analysis":{"keyphraseInTitle":{"score":0,"maxScore":9,"error":1}}},"additional":[]},"primary_term":null,"canonical_url":null,"og_title":null,"og_description":null,"og_object_type":"default","og_image_type":"default","og_image_url":null,"og_image_width":null,"og_image_height":null,"og_image_custom_url":null,"og_image_custom_fields":null,"og_video":"","og_custom_url":null,"og_article_section":null,"og_article_tags":null,"twitter_use_og":false,"twitter_card":"default","twitter_image_type":"default","twitter_image_url":null,"twitter_image_custom_url":null,"twitter_image_custom_fields":null,"twitter_title":null,"twitter_description":null,"schema":{"blockGraphs":[],"customGraphs":[],"default":{"data":{"Article":[],"Course":[],"Dataset":[],"FAQPage":[],"Movie":[],"Person":[],"Product":[],"ProductReview":[],"Car":[],"Recipe":[],"Service":[],"SoftwareApplication":[],"WebPage":[]},"graphName":"BlogPosting","isEnabled":true},"graphs":[]},"schema_type":"default","schema_type_options":null,"pillar_content":false,"robots_default":true,"robots_noindex":false,"robots_noarchive":false,"robots_nosnippet":false,"robots_nofollow":false,"robots_noimageindex":false,"robots_noodp":false,"robots_notranslate":false,"robots_max_snippet":"-1","robots_max_videopreview":"-1","robots_max_imagepreview":"large","priority":null,"frequency":"default","local_seo":null,"breadcrumb_settings":null,"limit_modified_date":false,"ai":{"faqs":[],"keyPoints":[],"titles":[],"descriptions":[],"socialPosts":{"email":[],"linkedin":[],"twitter":[],"facebook":[],"instagram":[]}},"created":"2025-11-19 17:54:20","updated":"2025-11-24 19:45:55","focus_keyword":null,"additional_keywords":null,"truseo_locale":null,"seo_analyzer_scan_date":null},"aioseo_breadcrumb":"<div class=\"aioseo-breadcrumbs\"><span class=\"aioseo-breadcrumb\">\n\t\t\t<a href=\"https:\/\/chelso.com.br\/site\" title=\"Home\">Home<\/a>\n\t\t<\/span><span class=\"aioseo-breadcrumb-separator\">&raquo;<\/span><span class=\"aioseo-breadcrumb\">\n\t\t\t<a href=\"https:\/\/chelso.com.br\/site\/category\/noticias\/\" title=\"Not\u00edcias\">Not\u00edcias<\/a>\n\t\t<\/span><span class=\"aioseo-breadcrumb-separator\">&raquo;<\/span><span class=\"aioseo-breadcrumb\">\n\t\t\tMarcos Garcia e sua \u201cMania de Corrida\u201d, no FalaTimeCast desta quinta, 20\/11\n\t\t<\/span><\/div>","aioseo_breadcrumb_json":[{"label":"Home","link":"https:\/\/chelso.com.br\/site"},{"label":"Not\u00edcias","link":"https:\/\/chelso.com.br\/site\/category\/noticias\/"},{"label":"Marcos Garcia e sua \u201cMania de Corrida\u201d, no FalaTimeCast desta quinta, 20\/11","link":"https:\/\/chelso.com.br\/site\/marcos-garcia-e-sua-mania-de-corrida-no-falatimecast-de-hoje\/"}],"amp_enabled":true,"_links":{"self":[{"href":"https:\/\/chelso.com.br\/site\/wp-json\/wp\/v2\/posts\/28104","targetHints":{"allow":["GET"]}}],"collection":[{"href":"https:\/\/chelso.com.br\/site\/wp-json\/wp\/v2\/posts"}],"about":[{"href":"https:\/\/chelso.com.br\/site\/wp-json\/wp\/v2\/types\/post"}],"author":[{"embeddable":true,"href":"https:\/\/chelso.com.br\/site\/wp-json\/wp\/v2\/users\/43"}],"replies":[{"embeddable":true,"href":"https:\/\/chelso.com.br\/site\/wp-json\/wp\/v2\/comments?post=28104"}],"version-history":[{"count":4,"href":"https:\/\/chelso.com.br\/site\/wp-json\/wp\/v2\/posts\/28104\/revisions"}],"predecessor-version":[{"id":28151,"href":"https:\/\/chelso.com.br\/site\/wp-json\/wp\/v2\/posts\/28104\/revisions\/28151"}],"wp:featuredmedia":[{"embeddable":true,"href":"https:\/\/chelso.com.br\/site\/wp-json\/wp\/v2\/media\/28110"}],"wp:attachment":[{"href":"https:\/\/chelso.com.br\/site\/wp-json\/wp\/v2\/media?parent=28104"}],"wp:term":[{"taxonomy":"category","embeddable":true,"href":"https:\/\/chelso.com.br\/site\/wp-json\/wp\/v2\/categories?post=28104"},{"taxonomy":"post_tag","embeddable":true,"href":"https:\/\/chelso.com.br\/site\/wp-json\/wp\/v2\/tags?post=28104"}],"curies":[{"name":"wp","href":"https:\/\/api.w.org\/{rel}","templated":true}]}}