{"id":28112,"date":"2025-11-19T14:50:01","date_gmt":"2025-11-19T17:50:01","guid":{"rendered":"https:\/\/chelso.com.br\/site\/?p=28112"},"modified":"2025-11-24T16:42:47","modified_gmt":"2025-11-24T19:42:47","slug":"o-recorde-e-dela-marilene-cravou-1h2m14s-nos-15-km-da-corrida-do-alvinegro","status":"publish","type":"post","link":"https:\/\/chelso.com.br\/site\/o-recorde-e-dela-marilene-cravou-1h2m14s-nos-15-km-da-corrida-do-alvinegro\/","title":{"rendered":"O recorde \u00e9 dela: Marilene cravou 1h2m14s nos 15 km da Corrida do Alvinegro"},"content":{"rendered":"<p style=\"text-align: left;\">A paulistana Marilene de Jesus Ferreira foi a respons\u00e1vel pela quebra do recorde feminino na prova dos 15 km da 11\u00aa Corrida S\u00e3o Vicente do Alvinegro, com o tempo de 1h2m14s.<\/p>\n<p style=\"text-align: left;\">Moradora de S\u00e3o Jos\u00e9 dos Campos h\u00e1 10 anos, a atleta disse que ao cruzar a linha de chegada n\u00e3o tinha ideia de que tinha quebrado o recorde da prova. \u201cEstava muito feliz pela conquista da primeira coloca\u00e7\u00e3o. Ap\u00f3s completar o percurso ainda corri mais tr\u00eas quil\u00f4metros antes de voltar para a premia\u00e7\u00e3o.\u201d<\/p>\n<p><img fetchpriority=\"high\" decoding=\"async\" class=\"wp-image-28113 aligncenter\" src=\"https:\/\/chelso.com.br\/site\/wp-content\/uploads\/2025\/11\/WhatsApp-Image-2025-11-18-at-15.09.33-200x300.jpeg\" alt=\"\" width=\"290\" height=\"435\" srcset=\"https:\/\/chelso.com.br\/site\/wp-content\/uploads\/2025\/11\/WhatsApp-Image-2025-11-18-at-15.09.33-200x300.jpeg 200w, https:\/\/chelso.com.br\/site\/wp-content\/uploads\/2025\/11\/WhatsApp-Image-2025-11-18-at-15.09.33-682x1024.jpeg 682w, https:\/\/chelso.com.br\/site\/wp-content\/uploads\/2025\/11\/WhatsApp-Image-2025-11-18-at-15.09.33-150x225.jpeg 150w, https:\/\/chelso.com.br\/site\/wp-content\/uploads\/2025\/11\/WhatsApp-Image-2025-11-18-at-15.09.33-450x675.jpeg 450w, https:\/\/chelso.com.br\/site\/wp-content\/uploads\/2025\/11\/WhatsApp-Image-2025-11-18-at-15.09.33-768x1152.jpeg 768w, https:\/\/chelso.com.br\/site\/wp-content\/uploads\/2025\/11\/WhatsApp-Image-2025-11-18-at-15.09.33.jpeg 853w\" sizes=\"(max-width: 290px) 100vw, 290px\" \/><\/p>\n<p style=\"text-align: left;\">Na realidade, Marilene come\u00e7ou a correr para dar continuidade ao legado de seu irm\u00e3o, que amava as corridas de rua e chegou a representar a sele\u00e7\u00e3o brasileira. At\u00e9 hoje, ela corre para homenagear o irm\u00e3o que sofreu uma les\u00e3o medular, num caso rar\u00edssimo de muta\u00e7\u00e3o gen\u00e9tica.<\/p>\n<p style=\"text-align: left;\">\u201cO m\u00e9dico me chamou e disse que ele estava curado, mas que jamais voltaria a andar. Nesse dia tudo come\u00e7ou a mudar na minha vida: deixei ele em casa e fui at\u00e9 o Parque do Ibirapuera. Comecei a correr por ele.\u201d<\/p>\n<p><img decoding=\"async\" class=\"wp-image-28114 aligncenter\" src=\"https:\/\/chelso.com.br\/site\/wp-content\/uploads\/2025\/11\/WhatsApp-Image-2025-11-18-at-15.09.26-200x300.jpeg\" alt=\"\" width=\"284\" height=\"426\" srcset=\"https:\/\/chelso.com.br\/site\/wp-content\/uploads\/2025\/11\/WhatsApp-Image-2025-11-18-at-15.09.26-200x300.jpeg 200w, https:\/\/chelso.com.br\/site\/wp-content\/uploads\/2025\/11\/WhatsApp-Image-2025-11-18-at-15.09.26-682x1024.jpeg 682w, https:\/\/chelso.com.br\/site\/wp-content\/uploads\/2025\/11\/WhatsApp-Image-2025-11-18-at-15.09.26-150x225.jpeg 150w, https:\/\/chelso.com.br\/site\/wp-content\/uploads\/2025\/11\/WhatsApp-Image-2025-11-18-at-15.09.26-450x675.jpeg 450w, https:\/\/chelso.com.br\/site\/wp-content\/uploads\/2025\/11\/WhatsApp-Image-2025-11-18-at-15.09.26-768x1152.jpeg 768w, https:\/\/chelso.com.br\/site\/wp-content\/uploads\/2025\/11\/WhatsApp-Image-2025-11-18-at-15.09.26.jpeg 853w\" sizes=\"(max-width: 284px) 100vw, 284px\" \/><\/p>\n<p style=\"text-align: left;\">Assim, daquele dia em diante todas as vezes que Marilene cruza a linha de chegada seu objetivo \u00e9 homenagear o verdadeiro e grande campe\u00e3o da fam\u00edlia: o irm\u00e3o, independente da sua coloca\u00e7\u00e3o na prova.<\/p>\n<p><img decoding=\"async\" class=\"wp-image-28115 aligncenter\" src=\"https:\/\/chelso.com.br\/site\/wp-content\/uploads\/2025\/11\/WhatsApp-Image-2025-11-18-at-15.09.15-200x300.jpeg\" alt=\"\" width=\"302\" height=\"453\" srcset=\"https:\/\/chelso.com.br\/site\/wp-content\/uploads\/2025\/11\/WhatsApp-Image-2025-11-18-at-15.09.15-200x300.jpeg 200w, https:\/\/chelso.com.br\/site\/wp-content\/uploads\/2025\/11\/WhatsApp-Image-2025-11-18-at-15.09.15-684x1024.jpeg 684w, https:\/\/chelso.com.br\/site\/wp-content\/uploads\/2025\/11\/WhatsApp-Image-2025-11-18-at-15.09.15-150x225.jpeg 150w, https:\/\/chelso.com.br\/site\/wp-content\/uploads\/2025\/11\/WhatsApp-Image-2025-11-18-at-15.09.15-450x674.jpeg 450w, https:\/\/chelso.com.br\/site\/wp-content\/uploads\/2025\/11\/WhatsApp-Image-2025-11-18-at-15.09.15-768x1150.jpeg 768w, https:\/\/chelso.com.br\/site\/wp-content\/uploads\/2025\/11\/WhatsApp-Image-2025-11-18-at-15.09.15.jpeg 855w\" sizes=\"(max-width: 302px) 100vw, 302px\" \/><\/p>\n<p style=\"text-align: left;\"><strong>As melhores marcas da carreira<\/strong><\/p>\n<p style=\"text-align: left;\">A primeira corrida oficial de sua carreira aconteceu no ano de 2015, em S\u00e3o Jos\u00e9 dos Campos, quando conquistou a segunda coloca\u00e7\u00e3o.<\/p>\n<p style=\"text-align: left;\">De l\u00e1 pra c\u00e1, Marilene fez hist\u00f3ria inicialmente nas provas de pista, nos percursos de 1500 metros e de 800 metros com diversas participa\u00e7\u00f5es no Trof\u00e9u Brasil de Atletismo. Ap\u00f3s migrar para as corridas de rua, tornou-se especialista em Meia Maratona, onde \u00e9 campe\u00e3 da Meia Maratona \u201cCapit\u00e3o Alberto Mendes J\u00fanior\u201d, da cidade de Registro.<\/p>\n<p style=\"text-align: left;\">Ela tamb\u00e9m acumula t\u00edtulos na Corrida \u201cSargento Gonzaguinha\u201d, em S\u00e3o Paulo, e na Meia Maratona Internacional de Ribeir\u00e3o Preto, al\u00e9m de conquistar p\u00f3dios na Meia Maratona do Mercado P\u00fablico de Porto Alegre (RS), Meia Maratona Monumental de Bras\u00edlia (DF), Meia Maratona Internacional de Blumenau (SC) e nos 10 km nas Elei\u00e7\u00f5es da Asics Golden, em S\u00e3o Paulo e no Rio de Janeiro.<\/p>\n<p style=\"text-align: left;\">Para os pr\u00f3ximos dias, a atleta que \u00e9 treinada por Francisco Carlos, o Fran Kau\u00ea, tem pela frente os desafios da Volta Internacional da Pampulha, em Belo Horizonte (MG), e a tradicional Corrida Internacional de S\u00e3o Silvestre, que chega a sua 100\u00aa edi\u00e7\u00e3o neste ano de 2025.<\/p>\n<p style=\"text-align: center;\"><strong>\u00a0<\/strong><\/p>\n<p style=\"text-align: left;\"><strong>Cr\u00e9dito fotos:\u00a0<\/strong>Fotop<\/p>\n<p style=\"text-align: left;\"><strong>Reda\u00e7\u00e3o Assessoria de Imprensa Chelso Sports<\/strong><\/p>\n<p style=\"text-align: left;\">Jornalista Edilson Rodrigues de Morais, Mtb 26.319<\/p>\n<p style=\"text-align: left;\">(19) 99706.1570 \u2013\u00a0<a href=\"http:\/\/www.chelso.com.br\/\">www.chelso.com.br<\/a><\/p>\n","protected":false},"excerpt":{"rendered":"<p>A paulistana Marilene de Jesus Ferreira foi a respons\u00e1vel pela quebra do recorde feminino na prova dos 15 km da 11\u00aa Corrida S\u00e3o Vicente do Alvinegro, com o tempo de 1h2m14s. Moradora de S\u00e3o Jos\u00e9 dos Campos h\u00e1 10 anos, a atleta disse que ao cruzar a linha de chegada n\u00e3o tinha ideia de que<\/p>\n","protected":false},"author":43,"featured_media":28116,"comment_status":"open","ping_status":"closed","sticky":false,"template":"","format":"standard","meta":{"om_disable_all_campaigns":false,"_monsterinsights_skip_tracking":false,"_monsterinsights_sitenote_active":false,"_monsterinsights_sitenote_note":"","_monsterinsights_sitenote_category":0,"footnotes":""},"categories":[30],"tags":[5808,5866,5867],"class_list":{"0":"post-28112","1":"post","2":"type-post","3":"status-publish","4":"format-standard","5":"has-post-thumbnail","7":"category-noticias","8":"tag-corridadoalvinegro","9":"tag-marilene","10":"tag-recordefeminino"},"aioseo_notices":[],"yoast_head":"<!-- This site is optimized with the Yoast SEO plugin v27.4 - https:\/\/yoast.com\/product\/yoast-seo-wordpress\/ -->\n<title>O recorde \u00e9 dela: Marilene cravou 1h2m14s nos 15 km da Corrida do Alvinegro - Portal Chelso Sports<\/title>\n<meta name=\"robots\" content=\"index, follow, max-snippet:-1, max-image-preview:large, max-video-preview:-1\" \/>\n<link rel=\"canonical\" href=\"https:\/\/chelso.com.br\/site\/o-recorde-e-dela-marilene-cravou-1h2m14s-nos-15-km-da-corrida-do-alvinegro\/\" \/>\n<meta property=\"og:locale\" content=\"pt_BR\" \/>\n<meta property=\"og:type\" content=\"article\" \/>\n<meta property=\"og:title\" content=\"O recorde \u00e9 dela: Marilene cravou 1h2m14s nos 15 km da Corrida do Alvinegro - Portal Chelso Sports\" \/>\n<meta property=\"og:description\" content=\"A paulistana Marilene de Jesus Ferreira foi a respons\u00e1vel pela quebra do recorde feminino na prova dos 15 km da 11\u00aa Corrida S\u00e3o Vicente do Alvinegro, com o tempo de 1h2m14s. Moradora de S\u00e3o Jos\u00e9 dos Campos h\u00e1 10 anos, a atleta disse que ao cruzar a linha de chegada n\u00e3o tinha ideia de que\" \/>\n<meta property=\"og:url\" content=\"https:\/\/chelso.com.br\/site\/o-recorde-e-dela-marilene-cravou-1h2m14s-nos-15-km-da-corrida-do-alvinegro\/\" \/>\n<meta property=\"og:site_name\" content=\"Portal Chelso Sports\" \/>\n<meta property=\"article:published_time\" content=\"2025-11-19T17:50:01+00:00\" \/>\n<meta property=\"article:modified_time\" content=\"2025-11-24T19:42:47+00:00\" \/>\n<meta property=\"og:image\" content=\"https:\/\/chelso.com.br\/site\/wp-content\/uploads\/2025\/11\/WhatsApp-Image-2025-11-18-at-15.09.07.jpeg\" \/>\n\t<meta property=\"og:image:width\" content=\"855\" \/>\n\t<meta property=\"og:image:height\" content=\"840\" \/>\n\t<meta property=\"og:image:type\" content=\"image\/jpeg\" \/>\n<meta name=\"author\" content=\"Edilson Rodrigues\" \/>\n<meta name=\"twitter:card\" content=\"summary_large_image\" \/>\n<meta name=\"twitter:label1\" content=\"Escrito por\" \/>\n\t<meta name=\"twitter:data1\" content=\"Edilson Rodrigues\" \/>\n\t<meta name=\"twitter:label2\" content=\"Est. tempo de leitura\" \/>\n\t<meta name=\"twitter:data2\" content=\"4 minutos\" \/>\n<script type=\"application\/ld+json\" class=\"yoast-schema-graph\">{\"@context\":\"https:\\\/\\\/schema.org\",\"@graph\":[{\"@type\":\"Article\",\"@id\":\"https:\\\/\\\/chelso.com.br\\\/site\\\/o-recorde-e-dela-marilene-cravou-1h2m14s-nos-15-km-da-corrida-do-alvinegro\\\/#article\",\"isPartOf\":{\"@id\":\"https:\\\/\\\/chelso.com.br\\\/site\\\/o-recorde-e-dela-marilene-cravou-1h2m14s-nos-15-km-da-corrida-do-alvinegro\\\/\"},\"author\":{\"name\":\"Edilson Rodrigues\",\"@id\":\"https:\\\/\\\/chelso.com.br\\\/site\\\/#\\\/schema\\\/person\\\/a1e459f9cc882778a4f1367cb2ba51e3\"},\"headline\":\"O recorde \u00e9 dela: Marilene cravou 1h2m14s nos 15 km da Corrida do Alvinegro\",\"datePublished\":\"2025-11-19T17:50:01+00:00\",\"dateModified\":\"2025-11-24T19:42:47+00:00\",\"mainEntityOfPage\":{\"@id\":\"https:\\\/\\\/chelso.com.br\\\/site\\\/o-recorde-e-dela-marilene-cravou-1h2m14s-nos-15-km-da-corrida-do-alvinegro\\\/\"},\"wordCount\":465,\"commentCount\":0,\"image\":{\"@id\":\"https:\\\/\\\/chelso.com.br\\\/site\\\/o-recorde-e-dela-marilene-cravou-1h2m14s-nos-15-km-da-corrida-do-alvinegro\\\/#primaryimage\"},\"thumbnailUrl\":\"https:\\\/\\\/chelso.com.br\\\/site\\\/wp-content\\\/uploads\\\/2025\\\/11\\\/WhatsApp-Image-2025-11-18-at-15.09.07.jpeg\",\"keywords\":[\"corridadoalvinegro\",\"marilene\",\"recordefeminino\"],\"articleSection\":[\"Not\u00edcias\"],\"inLanguage\":\"pt-BR\",\"potentialAction\":[{\"@type\":\"CommentAction\",\"name\":\"Comment\",\"target\":[\"https:\\\/\\\/chelso.com.br\\\/site\\\/o-recorde-e-dela-marilene-cravou-1h2m14s-nos-15-km-da-corrida-do-alvinegro\\\/#respond\"]}]},{\"@type\":\"WebPage\",\"@id\":\"https:\\\/\\\/chelso.com.br\\\/site\\\/o-recorde-e-dela-marilene-cravou-1h2m14s-nos-15-km-da-corrida-do-alvinegro\\\/\",\"url\":\"https:\\\/\\\/chelso.com.br\\\/site\\\/o-recorde-e-dela-marilene-cravou-1h2m14s-nos-15-km-da-corrida-do-alvinegro\\\/\",\"name\":\"O recorde \u00e9 dela: Marilene cravou 1h2m14s nos 15 km da Corrida do Alvinegro - Portal Chelso Sports\",\"isPartOf\":{\"@id\":\"https:\\\/\\\/chelso.com.br\\\/site\\\/#website\"},\"primaryImageOfPage\":{\"@id\":\"https:\\\/\\\/chelso.com.br\\\/site\\\/o-recorde-e-dela-marilene-cravou-1h2m14s-nos-15-km-da-corrida-do-alvinegro\\\/#primaryimage\"},\"image\":{\"@id\":\"https:\\\/\\\/chelso.com.br\\\/site\\\/o-recorde-e-dela-marilene-cravou-1h2m14s-nos-15-km-da-corrida-do-alvinegro\\\/#primaryimage\"},\"thumbnailUrl\":\"https:\\\/\\\/chelso.com.br\\\/site\\\/wp-content\\\/uploads\\\/2025\\\/11\\\/WhatsApp-Image-2025-11-18-at-15.09.07.jpeg\",\"datePublished\":\"2025-11-19T17:50:01+00:00\",\"dateModified\":\"2025-11-24T19:42:47+00:00\",\"author\":{\"@id\":\"https:\\\/\\\/chelso.com.br\\\/site\\\/#\\\/schema\\\/person\\\/a1e459f9cc882778a4f1367cb2ba51e3\"},\"breadcrumb\":{\"@id\":\"https:\\\/\\\/chelso.com.br\\\/site\\\/o-recorde-e-dela-marilene-cravou-1h2m14s-nos-15-km-da-corrida-do-alvinegro\\\/#breadcrumb\"},\"inLanguage\":\"pt-BR\",\"potentialAction\":[{\"@type\":\"ReadAction\",\"target\":[\"https:\\\/\\\/chelso.com.br\\\/site\\\/o-recorde-e-dela-marilene-cravou-1h2m14s-nos-15-km-da-corrida-do-alvinegro\\\/\"]}]},{\"@type\":\"ImageObject\",\"inLanguage\":\"pt-BR\",\"@id\":\"https:\\\/\\\/chelso.com.br\\\/site\\\/o-recorde-e-dela-marilene-cravou-1h2m14s-nos-15-km-da-corrida-do-alvinegro\\\/#primaryimage\",\"url\":\"https:\\\/\\\/chelso.com.br\\\/site\\\/wp-content\\\/uploads\\\/2025\\\/11\\\/WhatsApp-Image-2025-11-18-at-15.09.07.jpeg\",\"contentUrl\":\"https:\\\/\\\/chelso.com.br\\\/site\\\/wp-content\\\/uploads\\\/2025\\\/11\\\/WhatsApp-Image-2025-11-18-at-15.09.07.jpeg\",\"width\":855,\"height\":840},{\"@type\":\"BreadcrumbList\",\"@id\":\"https:\\\/\\\/chelso.com.br\\\/site\\\/o-recorde-e-dela-marilene-cravou-1h2m14s-nos-15-km-da-corrida-do-alvinegro\\\/#breadcrumb\",\"itemListElement\":[{\"@type\":\"ListItem\",\"position\":1,\"name\":\"In\u00edcio\",\"item\":\"https:\\\/\\\/chelso.com.br\\\/site\\\/\"},{\"@type\":\"ListItem\",\"position\":2,\"name\":\"O recorde \u00e9 dela: Marilene cravou 1h2m14s nos 15 km da Corrida do Alvinegro\"}]},{\"@type\":\"WebSite\",\"@id\":\"https:\\\/\\\/chelso.com.br\\\/site\\\/#website\",\"url\":\"https:\\\/\\\/chelso.com.br\\\/site\\\/\",\"name\":\"Portal Chelso Sports\",\"description\":\"Conte\u00fado especializado em corrida de rua e triathlon\",\"potentialAction\":[{\"@type\":\"SearchAction\",\"target\":{\"@type\":\"EntryPoint\",\"urlTemplate\":\"https:\\\/\\\/chelso.com.br\\\/site\\\/?s={search_term_string}\"},\"query-input\":{\"@type\":\"PropertyValueSpecification\",\"valueRequired\":true,\"valueName\":\"search_term_string\"}}],\"inLanguage\":\"pt-BR\"},{\"@type\":\"Person\",\"@id\":\"https:\\\/\\\/chelso.com.br\\\/site\\\/#\\\/schema\\\/person\\\/a1e459f9cc882778a4f1367cb2ba51e3\",\"name\":\"Edilson Rodrigues\",\"image\":{\"@type\":\"ImageObject\",\"inLanguage\":\"pt-BR\",\"@id\":\"https:\\\/\\\/chelso.com.br\\\/site\\\/wp-content\\\/uploads\\\/2024\\\/09\\\/Captura-de-tela-2024-09-27-170323-150x150.png\",\"url\":\"https:\\\/\\\/chelso.com.br\\\/site\\\/wp-content\\\/uploads\\\/2024\\\/09\\\/Captura-de-tela-2024-09-27-170323-150x150.png\",\"contentUrl\":\"https:\\\/\\\/chelso.com.br\\\/site\\\/wp-content\\\/uploads\\\/2024\\\/09\\\/Captura-de-tela-2024-09-27-170323-150x150.png\",\"caption\":\"Edilson Rodrigues\"},\"url\":\"https:\\\/\\\/chelso.com.br\\\/site\\\/author\\\/edilson\\\/\"}]}<\/script>\n<!-- \/ Yoast SEO plugin. -->","yoast_head_json":{"title":"O recorde \u00e9 dela: Marilene cravou 1h2m14s nos 15 km da Corrida do Alvinegro - Portal Chelso Sports","robots":{"index":"index","follow":"follow","max-snippet":"max-snippet:-1","max-image-preview":"max-image-preview:large","max-video-preview":"max-video-preview:-1"},"canonical":"https:\/\/chelso.com.br\/site\/o-recorde-e-dela-marilene-cravou-1h2m14s-nos-15-km-da-corrida-do-alvinegro\/","og_locale":"pt_BR","og_type":"article","og_title":"O recorde \u00e9 dela: Marilene cravou 1h2m14s nos 15 km da Corrida do Alvinegro - Portal Chelso Sports","og_description":"A paulistana Marilene de Jesus Ferreira foi a respons\u00e1vel pela quebra do recorde feminino na prova dos 15 km da 11\u00aa Corrida S\u00e3o Vicente do Alvinegro, com o tempo de 1h2m14s. Moradora de S\u00e3o Jos\u00e9 dos Campos h\u00e1 10 anos, a atleta disse que ao cruzar a linha de chegada n\u00e3o tinha ideia de que","og_url":"https:\/\/chelso.com.br\/site\/o-recorde-e-dela-marilene-cravou-1h2m14s-nos-15-km-da-corrida-do-alvinegro\/","og_site_name":"Portal Chelso Sports","article_published_time":"2025-11-19T17:50:01+00:00","article_modified_time":"2025-11-24T19:42:47+00:00","og_image":[{"width":855,"height":840,"url":"https:\/\/chelso.com.br\/site\/wp-content\/uploads\/2025\/11\/WhatsApp-Image-2025-11-18-at-15.09.07.jpeg","type":"image\/jpeg"}],"author":"Edilson Rodrigues","twitter_card":"summary_large_image","twitter_misc":{"Escrito por":"Edilson Rodrigues","Est. tempo de leitura":"4 minutos"},"schema":{"@context":"https:\/\/schema.org","@graph":[{"@type":"Article","@id":"https:\/\/chelso.com.br\/site\/o-recorde-e-dela-marilene-cravou-1h2m14s-nos-15-km-da-corrida-do-alvinegro\/#article","isPartOf":{"@id":"https:\/\/chelso.com.br\/site\/o-recorde-e-dela-marilene-cravou-1h2m14s-nos-15-km-da-corrida-do-alvinegro\/"},"author":{"name":"Edilson Rodrigues","@id":"https:\/\/chelso.com.br\/site\/#\/schema\/person\/a1e459f9cc882778a4f1367cb2ba51e3"},"headline":"O recorde \u00e9 dela: Marilene cravou 1h2m14s nos 15 km da Corrida do Alvinegro","datePublished":"2025-11-19T17:50:01+00:00","dateModified":"2025-11-24T19:42:47+00:00","mainEntityOfPage":{"@id":"https:\/\/chelso.com.br\/site\/o-recorde-e-dela-marilene-cravou-1h2m14s-nos-15-km-da-corrida-do-alvinegro\/"},"wordCount":465,"commentCount":0,"image":{"@id":"https:\/\/chelso.com.br\/site\/o-recorde-e-dela-marilene-cravou-1h2m14s-nos-15-km-da-corrida-do-alvinegro\/#primaryimage"},"thumbnailUrl":"https:\/\/chelso.com.br\/site\/wp-content\/uploads\/2025\/11\/WhatsApp-Image-2025-11-18-at-15.09.07.jpeg","keywords":["corridadoalvinegro","marilene","recordefeminino"],"articleSection":["Not\u00edcias"],"inLanguage":"pt-BR","potentialAction":[{"@type":"CommentAction","name":"Comment","target":["https:\/\/chelso.com.br\/site\/o-recorde-e-dela-marilene-cravou-1h2m14s-nos-15-km-da-corrida-do-alvinegro\/#respond"]}]},{"@type":"WebPage","@id":"https:\/\/chelso.com.br\/site\/o-recorde-e-dela-marilene-cravou-1h2m14s-nos-15-km-da-corrida-do-alvinegro\/","url":"https:\/\/chelso.com.br\/site\/o-recorde-e-dela-marilene-cravou-1h2m14s-nos-15-km-da-corrida-do-alvinegro\/","name":"O recorde \u00e9 dela: Marilene cravou 1h2m14s nos 15 km da Corrida do Alvinegro - Portal Chelso Sports","isPartOf":{"@id":"https:\/\/chelso.com.br\/site\/#website"},"primaryImageOfPage":{"@id":"https:\/\/chelso.com.br\/site\/o-recorde-e-dela-marilene-cravou-1h2m14s-nos-15-km-da-corrida-do-alvinegro\/#primaryimage"},"image":{"@id":"https:\/\/chelso.com.br\/site\/o-recorde-e-dela-marilene-cravou-1h2m14s-nos-15-km-da-corrida-do-alvinegro\/#primaryimage"},"thumbnailUrl":"https:\/\/chelso.com.br\/site\/wp-content\/uploads\/2025\/11\/WhatsApp-Image-2025-11-18-at-15.09.07.jpeg","datePublished":"2025-11-19T17:50:01+00:00","dateModified":"2025-11-24T19:42:47+00:00","author":{"@id":"https:\/\/chelso.com.br\/site\/#\/schema\/person\/a1e459f9cc882778a4f1367cb2ba51e3"},"breadcrumb":{"@id":"https:\/\/chelso.com.br\/site\/o-recorde-e-dela-marilene-cravou-1h2m14s-nos-15-km-da-corrida-do-alvinegro\/#breadcrumb"},"inLanguage":"pt-BR","potentialAction":[{"@type":"ReadAction","target":["https:\/\/chelso.com.br\/site\/o-recorde-e-dela-marilene-cravou-1h2m14s-nos-15-km-da-corrida-do-alvinegro\/"]}]},{"@type":"ImageObject","inLanguage":"pt-BR","@id":"https:\/\/chelso.com.br\/site\/o-recorde-e-dela-marilene-cravou-1h2m14s-nos-15-km-da-corrida-do-alvinegro\/#primaryimage","url":"https:\/\/chelso.com.br\/site\/wp-content\/uploads\/2025\/11\/WhatsApp-Image-2025-11-18-at-15.09.07.jpeg","contentUrl":"https:\/\/chelso.com.br\/site\/wp-content\/uploads\/2025\/11\/WhatsApp-Image-2025-11-18-at-15.09.07.jpeg","width":855,"height":840},{"@type":"BreadcrumbList","@id":"https:\/\/chelso.com.br\/site\/o-recorde-e-dela-marilene-cravou-1h2m14s-nos-15-km-da-corrida-do-alvinegro\/#breadcrumb","itemListElement":[{"@type":"ListItem","position":1,"name":"In\u00edcio","item":"https:\/\/chelso.com.br\/site\/"},{"@type":"ListItem","position":2,"name":"O recorde \u00e9 dela: Marilene cravou 1h2m14s nos 15 km da Corrida do Alvinegro"}]},{"@type":"WebSite","@id":"https:\/\/chelso.com.br\/site\/#website","url":"https:\/\/chelso.com.br\/site\/","name":"Portal Chelso Sports","description":"Conte\u00fado especializado em corrida de rua e triathlon","potentialAction":[{"@type":"SearchAction","target":{"@type":"EntryPoint","urlTemplate":"https:\/\/chelso.com.br\/site\/?s={search_term_string}"},"query-input":{"@type":"PropertyValueSpecification","valueRequired":true,"valueName":"search_term_string"}}],"inLanguage":"pt-BR"},{"@type":"Person","@id":"https:\/\/chelso.com.br\/site\/#\/schema\/person\/a1e459f9cc882778a4f1367cb2ba51e3","name":"Edilson Rodrigues","image":{"@type":"ImageObject","inLanguage":"pt-BR","@id":"https:\/\/chelso.com.br\/site\/wp-content\/uploads\/2024\/09\/Captura-de-tela-2024-09-27-170323-150x150.png","url":"https:\/\/chelso.com.br\/site\/wp-content\/uploads\/2024\/09\/Captura-de-tela-2024-09-27-170323-150x150.png","contentUrl":"https:\/\/chelso.com.br\/site\/wp-content\/uploads\/2024\/09\/Captura-de-tela-2024-09-27-170323-150x150.png","caption":"Edilson Rodrigues"},"url":"https:\/\/chelso.com.br\/site\/author\/edilson\/"}]}},"amp_enabled":true,"_links":{"self":[{"href":"https:\/\/chelso.com.br\/site\/wp-json\/wp\/v2\/posts\/28112","targetHints":{"allow":["GET"]}}],"collection":[{"href":"https:\/\/chelso.com.br\/site\/wp-json\/wp\/v2\/posts"}],"about":[{"href":"https:\/\/chelso.com.br\/site\/wp-json\/wp\/v2\/types\/post"}],"author":[{"embeddable":true,"href":"https:\/\/chelso.com.br\/site\/wp-json\/wp\/v2\/users\/43"}],"replies":[{"embeddable":true,"href":"https:\/\/chelso.com.br\/site\/wp-json\/wp\/v2\/comments?post=28112"}],"version-history":[{"count":5,"href":"https:\/\/chelso.com.br\/site\/wp-json\/wp\/v2\/posts\/28112\/revisions"}],"predecessor-version":[{"id":28150,"href":"https:\/\/chelso.com.br\/site\/wp-json\/wp\/v2\/posts\/28112\/revisions\/28150"}],"wp:featuredmedia":[{"embeddable":true,"href":"https:\/\/chelso.com.br\/site\/wp-json\/wp\/v2\/media\/28116"}],"wp:attachment":[{"href":"https:\/\/chelso.com.br\/site\/wp-json\/wp\/v2\/media?parent=28112"}],"wp:term":[{"taxonomy":"category","embeddable":true,"href":"https:\/\/chelso.com.br\/site\/wp-json\/wp\/v2\/categories?post=28112"},{"taxonomy":"post_tag","embeddable":true,"href":"https:\/\/chelso.com.br\/site\/wp-json\/wp\/v2\/tags?post=28112"}],"curies":[{"name":"wp","href":"https:\/\/api.w.org\/{rel}","templated":true}]}}