{"id":28228,"date":"2025-12-01T16:57:55","date_gmt":"2025-12-01T19:57:55","guid":{"rendered":"https:\/\/chelso.com.br\/site\/?p=28228"},"modified":"2025-12-01T17:02:31","modified_gmt":"2025-12-01T20:02:31","slug":"copa-interior-encerra-temporada-2025-em-sao-pedro-519-atletas-concluiram-a-prova","status":"publish","type":"post","link":"https:\/\/chelso.com.br\/site\/copa-interior-encerra-temporada-2025-em-sao-pedro-519-atletas-concluiram-a-prova\/","title":{"rendered":"Copa Interior encerra temporada 2025 em S\u00e3o Pedro; 519 atletas conclu\u00edram a prova"},"content":{"rendered":"<p>Com a organiza\u00e7\u00e3o da Chelso Sports e com o apoio da Prefeitura Municipal de S\u00e3o Pedro, a 5\u00aa e \u00faltima etapa da 17\u00aa Copa Interior movimentou a regi\u00e3o neste domingo, dia 30 de novembro.<\/p>\n<p>Com largada dos competidores no Parque Maria Ang\u00e9lica, em S\u00e3o Pedro, a torcida pode acompanhar de perto os esfor\u00e7os e a emo\u00e7\u00e3o das provas disputada nas modalidades de triathon, aquathlon e duathlon.<\/p>\n<p><img fetchpriority=\"high\" decoding=\"async\" class=\"wp-image-28229 aligncenter\" src=\"https:\/\/chelso.com.br\/site\/wp-content\/uploads\/2025\/12\/WhatsApp-Image-2025-12-01-at-11.52.17-1-300x200.jpeg\" alt=\"\" width=\"444\" height=\"296\" srcset=\"https:\/\/chelso.com.br\/site\/wp-content\/uploads\/2025\/12\/WhatsApp-Image-2025-12-01-at-11.52.17-1-300x200.jpeg 300w, https:\/\/chelso.com.br\/site\/wp-content\/uploads\/2025\/12\/WhatsApp-Image-2025-12-01-at-11.52.17-1-1024x682.jpeg 1024w, https:\/\/chelso.com.br\/site\/wp-content\/uploads\/2025\/12\/WhatsApp-Image-2025-12-01-at-11.52.17-1-1536x1022.jpeg 1536w, https:\/\/chelso.com.br\/site\/wp-content\/uploads\/2025\/12\/WhatsApp-Image-2025-12-01-at-11.52.17-1-150x100.jpeg 150w, https:\/\/chelso.com.br\/site\/wp-content\/uploads\/2025\/12\/WhatsApp-Image-2025-12-01-at-11.52.17-1-450x300.jpeg 450w, https:\/\/chelso.com.br\/site\/wp-content\/uploads\/2025\/12\/WhatsApp-Image-2025-12-01-at-11.52.17-1-1200x799.jpeg 1200w, https:\/\/chelso.com.br\/site\/wp-content\/uploads\/2025\/12\/WhatsApp-Image-2025-12-01-at-11.52.17-1-768x511.jpeg 768w, https:\/\/chelso.com.br\/site\/wp-content\/uploads\/2025\/12\/WhatsApp-Image-2025-12-01-at-11.52.17-1.jpeg 1600w\" sizes=\"(max-width: 444px) 100vw, 444px\" \/><\/p>\n<p>E ap\u00f3s um dia de muito esfor\u00e7o e de dedica\u00e7\u00e3o, 519 atletas conclu\u00edram a prova, que mais uma vez, movimentou o p\u00fablico e a economia da cidade de S\u00e3o Pedro.<\/p>\n<p>Agradecimentos a todos que contribu\u00edram para a realiza\u00e7\u00e3o do evento. <strong>Patrocinador Master<\/strong> Supermercados Pague Menos e <strong>Patroc\u00ednios<\/strong> de Juliana Batistela Arquitetura, Laser Dream, RunFor e My Safe Sport. <strong>Apoios:<\/strong> Prefeitura de S\u00e3o Pedro, Body Action, Speedo e Hotel Fazenda Cachoeira da Furna. <strong>Media Partner: <\/strong>Correria Campinas, <strong>Organiza\u00e7\u00e3o<\/strong>: Chelso Sports e <strong>Cobertura Oficial:<\/strong> Fotop<\/p>\n<p><img decoding=\"async\" class=\"wp-image-28230 aligncenter\" src=\"https:\/\/chelso.com.br\/site\/wp-content\/uploads\/2025\/12\/WhatsApp-Image-2025-12-01-at-11.52.17-300x200.jpeg\" alt=\"\" width=\"449\" height=\"299\" srcset=\"https:\/\/chelso.com.br\/site\/wp-content\/uploads\/2025\/12\/WhatsApp-Image-2025-12-01-at-11.52.17-300x200.jpeg 300w, https:\/\/chelso.com.br\/site\/wp-content\/uploads\/2025\/12\/WhatsApp-Image-2025-12-01-at-11.52.17-1024x682.jpeg 1024w, https:\/\/chelso.com.br\/site\/wp-content\/uploads\/2025\/12\/WhatsApp-Image-2025-12-01-at-11.52.17-1536x1022.jpeg 1536w, https:\/\/chelso.com.br\/site\/wp-content\/uploads\/2025\/12\/WhatsApp-Image-2025-12-01-at-11.52.17-150x100.jpeg 150w, https:\/\/chelso.com.br\/site\/wp-content\/uploads\/2025\/12\/WhatsApp-Image-2025-12-01-at-11.52.17-450x300.jpeg 450w, https:\/\/chelso.com.br\/site\/wp-content\/uploads\/2025\/12\/WhatsApp-Image-2025-12-01-at-11.52.17-1200x799.jpeg 1200w, https:\/\/chelso.com.br\/site\/wp-content\/uploads\/2025\/12\/WhatsApp-Image-2025-12-01-at-11.52.17-768x511.jpeg 768w, https:\/\/chelso.com.br\/site\/wp-content\/uploads\/2025\/12\/WhatsApp-Image-2025-12-01-at-11.52.17.jpeg 1600w\" sizes=\"(max-width: 449px) 100vw, 449px\" \/><\/p>\n<p><strong>\u00a0<\/strong><\/p>\n<p><strong>Os campe\u00f5es e as campe\u00e3s da etapa S\u00e3o Pedro:<\/strong><\/p>\n<p>Aquathon Fitness feminino \u2013 campe\u00e3 Karoliny Rosa Bastazin (22:16.768);<\/p>\n<p>Aquathon Fitness masculino \u2013 campe\u00e3o Danilo Angelini (18:29.007);<\/p>\n<p>Aquathon Ol\u00edmpico feminino \u2013 campe\u00e3 Mariana Piccoli Cavamura (01:25:27.934);<\/p>\n<p>Aquathon Ol\u00edmpico masculino \u2013 campe\u00e3o Frederico Carnio Delabio (01:10:14.635);<\/p>\n<p>Aquathon Sprint feminino \u2013 campe\u00e3 Eduarda Ayres Bertolaccini (40:54.218);<\/p>\n<p>Aquathon Sprint masculino \u2013 campe\u00e3o Marcelo Alves Rodrigues (37:23.830);<\/p>\n<p>Duathon Fitness \u2013 campe\u00e3o Michel Leme Barboza (25:47.456);<\/p>\n<p>Duathon Ol\u00edmpico \u2013 campe\u00e3 Beatriz Gomes Mendon\u00e7a (02:44:37.045);<\/p>\n<p>Duathon Sprint \u2013 campe\u00e3 Ana Paula Alves de Souza (01:18:43.133);<\/p>\n<p>Triathlon Fitness feminino \u2013 campe\u00e3 Flora Sieber Falcon (33:25.520);<\/p>\n<p>Triathon Fitness masculino \u2013 campe\u00e3o Thiago Calbilho de Oliveira (28:02.141);<\/p>\n<p>Triathlon Ol\u00edmpico feminino \u2013 campe\u00e3 Mariana Vicelli Zanao Lautenschlager (02:44:16.528);<\/p>\n<p>Triathon Ol\u00edmpico masculino \u2013 campe\u00e3o Vin\u00edcius Bergstron (02:14:30.236);<\/p>\n<p>Triathlon Sprint feminino \u2013 campe\u00e3 Camila Fernanda Gozetto (01:22:17.131);<\/p>\n<p>Triathon Sprint masculino \u2013 campe\u00e3o Ian Varin Gomes (01:10:28.260);<\/p>\n<p><img decoding=\"async\" class=\"wp-image-28231 aligncenter\" src=\"https:\/\/chelso.com.br\/site\/wp-content\/uploads\/2025\/12\/WhatsApp-Image-2025-12-01-at-11.57.12-300x200.jpeg\" alt=\"\" width=\"441\" height=\"294\" srcset=\"https:\/\/chelso.com.br\/site\/wp-content\/uploads\/2025\/12\/WhatsApp-Image-2025-12-01-at-11.57.12-300x200.jpeg 300w, https:\/\/chelso.com.br\/site\/wp-content\/uploads\/2025\/12\/WhatsApp-Image-2025-12-01-at-11.57.12-1024x682.jpeg 1024w, https:\/\/chelso.com.br\/site\/wp-content\/uploads\/2025\/12\/WhatsApp-Image-2025-12-01-at-11.57.12-1536x1023.jpeg 1536w, https:\/\/chelso.com.br\/site\/wp-content\/uploads\/2025\/12\/WhatsApp-Image-2025-12-01-at-11.57.12-150x100.jpeg 150w, https:\/\/chelso.com.br\/site\/wp-content\/uploads\/2025\/12\/WhatsApp-Image-2025-12-01-at-11.57.12-450x300.jpeg 450w, https:\/\/chelso.com.br\/site\/wp-content\/uploads\/2025\/12\/WhatsApp-Image-2025-12-01-at-11.57.12-1200x800.jpeg 1200w, https:\/\/chelso.com.br\/site\/wp-content\/uploads\/2025\/12\/WhatsApp-Image-2025-12-01-at-11.57.12-768x512.jpeg 768w, https:\/\/chelso.com.br\/site\/wp-content\/uploads\/2025\/12\/WhatsApp-Image-2025-12-01-at-11.57.12.jpeg 1600w\" sizes=\"(max-width: 441px) 100vw, 441px\" \/><\/p>\n<p><strong>\u00a0<\/strong><\/p>\n<p><strong>Agenda da 18\u00aa Copa Interior 2026:<\/strong><\/p>\n<p>Com organiza\u00e7\u00e3o da Chelso Sports, a Copa Interior 2026 ser\u00e1 realizada nas seguintes datas e locais:<\/p>\n<p><strong>1\u00aa etapa S\u00e3o Pedro<\/strong> (dia 1\u00ba de fevereiro);<\/p>\n<p><strong>2\u00aa etapa Indaiatuba<\/strong> (dia 12 de abril);<\/p>\n<p><strong>3\u00aa etapa Sorocaba<\/strong> (dia 31 de maio);<\/p>\n<p><strong>4\u00aa etapa Itatiba<\/strong> (dia 30 de agosto);<\/p>\n<p><strong>5\u00aa etapa Paul\u00ednia<\/strong> (dia 11 de outubro);<\/p>\n<p><strong>6\u00aa etapa S\u00e3o Pedr<\/strong>o (dia 6 de dezembro).<\/p>\n<p>&nbsp;<\/p>\n<p>&nbsp;<\/p>\n<p>&nbsp;<\/p>\n<p><strong>Cr\u00e9dito fotos:\u00a0<\/strong>Fotop<\/p>\n<p><strong>Reda\u00e7\u00e3o Assessoria de Imprensa Chelso Sports<\/strong><\/p>\n<p>Jornalista Edilson Rodrigues de Morais, Mtb 26.319<\/p>\n<p>(19) 99706.1570 \u2013\u00a0<a href=\"http:\/\/www.chelso.com.br\/\">www.chelso.com.br<\/a><\/p>\n","protected":false},"excerpt":{"rendered":"<p>Com a organiza\u00e7\u00e3o da Chelso Sports e com o apoio da Prefeitura Municipal de S\u00e3o Pedro, a 5\u00aa e \u00faltima etapa da 17\u00aa Copa Interior movimentou a regi\u00e3o neste domingo, dia 30 de novembro. Com largada dos competidores no Parque Maria Ang\u00e9lica, em S\u00e3o Pedro, a torcida pode acompanhar de perto os esfor\u00e7os e a<\/p>\n","protected":false},"author":43,"featured_media":28232,"comment_status":"open","ping_status":"closed","sticky":false,"template":"","format":"standard","meta":{"om_disable_all_campaigns":false,"_monsterinsights_skip_tracking":false,"_monsterinsights_sitenote_active":false,"_monsterinsights_sitenote_note":"","_monsterinsights_sitenote_category":0,"footnotes":""},"categories":[30],"tags":[4450,4544,735,4447],"class_list":{"0":"post-28228","1":"post","2":"type-post","3":"status-publish","4":"format-standard","5":"has-post-thumbnail","7":"category-noticias","8":"tag-copainteriordetriathlon","9":"tag-saopedro","10":"tag-chelso","11":"tag-copainterior"},"aioseo_notices":[],"yoast_head":"<!-- This site is optimized with the Yoast SEO plugin v27.5 - https:\/\/yoast.com\/product\/yoast-seo-wordpress\/ -->\n<title>Copa Interior encerra temporada 2025 em S\u00e3o Pedro; 519 atletas conclu\u00edram a prova - Portal Chelso Sports<\/title>\n<meta name=\"robots\" content=\"index, follow, max-snippet:-1, max-image-preview:large, max-video-preview:-1\" \/>\n<link rel=\"canonical\" href=\"https:\/\/chelso.com.br\/site\/copa-interior-encerra-temporada-2025-em-sao-pedro-519-atletas-concluiram-a-prova\/\" \/>\n<meta property=\"og:locale\" content=\"pt_BR\" \/>\n<meta property=\"og:type\" content=\"article\" \/>\n<meta property=\"og:title\" content=\"Copa Interior encerra temporada 2025 em S\u00e3o Pedro; 519 atletas conclu\u00edram a prova - Portal Chelso Sports\" \/>\n<meta property=\"og:description\" content=\"Com a organiza\u00e7\u00e3o da Chelso Sports e com o apoio da Prefeitura Municipal de S\u00e3o Pedro, a 5\u00aa e \u00faltima etapa da 17\u00aa Copa Interior movimentou a regi\u00e3o neste domingo, dia 30 de novembro. Com largada dos competidores no Parque Maria Ang\u00e9lica, em S\u00e3o Pedro, a torcida pode acompanhar de perto os esfor\u00e7os e a\" \/>\n<meta property=\"og:url\" content=\"https:\/\/chelso.com.br\/site\/copa-interior-encerra-temporada-2025-em-sao-pedro-519-atletas-concluiram-a-prova\/\" \/>\n<meta property=\"og:site_name\" content=\"Portal Chelso Sports\" \/>\n<meta property=\"article:published_time\" content=\"2025-12-01T19:57:55+00:00\" \/>\n<meta property=\"article:modified_time\" content=\"2025-12-01T20:02:31+00:00\" \/>\n<meta property=\"og:image\" content=\"https:\/\/chelso.com.br\/site\/wp-content\/uploads\/2025\/12\/WhatsApp-Image-2025-12-01-at-11.52.43.jpeg\" \/>\n\t<meta property=\"og:image:width\" content=\"1600\" \/>\n\t<meta property=\"og:image:height\" content=\"1065\" \/>\n\t<meta property=\"og:image:type\" content=\"image\/jpeg\" \/>\n<meta name=\"author\" content=\"Edilson Rodrigues\" \/>\n<meta name=\"twitter:card\" content=\"summary_large_image\" \/>\n<meta name=\"twitter:label1\" content=\"Escrito por\" \/>\n\t<meta name=\"twitter:data1\" content=\"Edilson Rodrigues\" \/>\n\t<meta name=\"twitter:label2\" content=\"Est. tempo de leitura\" \/>\n\t<meta name=\"twitter:data2\" content=\"3 minutos\" \/>\n<script type=\"application\/ld+json\" class=\"yoast-schema-graph\">{\"@context\":\"https:\\\/\\\/schema.org\",\"@graph\":[{\"@type\":\"Article\",\"@id\":\"https:\\\/\\\/chelso.com.br\\\/site\\\/copa-interior-encerra-temporada-2025-em-sao-pedro-519-atletas-concluiram-a-prova\\\/#article\",\"isPartOf\":{\"@id\":\"https:\\\/\\\/chelso.com.br\\\/site\\\/copa-interior-encerra-temporada-2025-em-sao-pedro-519-atletas-concluiram-a-prova\\\/\"},\"author\":{\"name\":\"Edilson Rodrigues\",\"@id\":\"https:\\\/\\\/chelso.com.br\\\/site\\\/#\\\/schema\\\/person\\\/a1e459f9cc882778a4f1367cb2ba51e3\"},\"headline\":\"Copa Interior encerra temporada 2025 em S\u00e3o Pedro; 519 atletas conclu\u00edram a prova\",\"datePublished\":\"2025-12-01T19:57:55+00:00\",\"dateModified\":\"2025-12-01T20:02:31+00:00\",\"mainEntityOfPage\":{\"@id\":\"https:\\\/\\\/chelso.com.br\\\/site\\\/copa-interior-encerra-temporada-2025-em-sao-pedro-519-atletas-concluiram-a-prova\\\/\"},\"wordCount\":385,\"commentCount\":0,\"image\":{\"@id\":\"https:\\\/\\\/chelso.com.br\\\/site\\\/copa-interior-encerra-temporada-2025-em-sao-pedro-519-atletas-concluiram-a-prova\\\/#primaryimage\"},\"thumbnailUrl\":\"https:\\\/\\\/chelso.com.br\\\/site\\\/wp-content\\\/uploads\\\/2025\\\/12\\\/WhatsApp-Image-2025-12-01-at-11.52.43.jpeg\",\"keywords\":[\"#copainteriordetriathlon\",\"#s\u00e3opedro\",\"Chelso\",\"copainterior\"],\"articleSection\":[\"Not\u00edcias\"],\"inLanguage\":\"pt-BR\",\"potentialAction\":[{\"@type\":\"CommentAction\",\"name\":\"Comment\",\"target\":[\"https:\\\/\\\/chelso.com.br\\\/site\\\/copa-interior-encerra-temporada-2025-em-sao-pedro-519-atletas-concluiram-a-prova\\\/#respond\"]}]},{\"@type\":\"WebPage\",\"@id\":\"https:\\\/\\\/chelso.com.br\\\/site\\\/copa-interior-encerra-temporada-2025-em-sao-pedro-519-atletas-concluiram-a-prova\\\/\",\"url\":\"https:\\\/\\\/chelso.com.br\\\/site\\\/copa-interior-encerra-temporada-2025-em-sao-pedro-519-atletas-concluiram-a-prova\\\/\",\"name\":\"Copa Interior encerra temporada 2025 em S\u00e3o Pedro; 519 atletas conclu\u00edram a prova - Portal Chelso Sports\",\"isPartOf\":{\"@id\":\"https:\\\/\\\/chelso.com.br\\\/site\\\/#website\"},\"primaryImageOfPage\":{\"@id\":\"https:\\\/\\\/chelso.com.br\\\/site\\\/copa-interior-encerra-temporada-2025-em-sao-pedro-519-atletas-concluiram-a-prova\\\/#primaryimage\"},\"image\":{\"@id\":\"https:\\\/\\\/chelso.com.br\\\/site\\\/copa-interior-encerra-temporada-2025-em-sao-pedro-519-atletas-concluiram-a-prova\\\/#primaryimage\"},\"thumbnailUrl\":\"https:\\\/\\\/chelso.com.br\\\/site\\\/wp-content\\\/uploads\\\/2025\\\/12\\\/WhatsApp-Image-2025-12-01-at-11.52.43.jpeg\",\"datePublished\":\"2025-12-01T19:57:55+00:00\",\"dateModified\":\"2025-12-01T20:02:31+00:00\",\"author\":{\"@id\":\"https:\\\/\\\/chelso.com.br\\\/site\\\/#\\\/schema\\\/person\\\/a1e459f9cc882778a4f1367cb2ba51e3\"},\"breadcrumb\":{\"@id\":\"https:\\\/\\\/chelso.com.br\\\/site\\\/copa-interior-encerra-temporada-2025-em-sao-pedro-519-atletas-concluiram-a-prova\\\/#breadcrumb\"},\"inLanguage\":\"pt-BR\",\"potentialAction\":[{\"@type\":\"ReadAction\",\"target\":[\"https:\\\/\\\/chelso.com.br\\\/site\\\/copa-interior-encerra-temporada-2025-em-sao-pedro-519-atletas-concluiram-a-prova\\\/\"]}]},{\"@type\":\"ImageObject\",\"inLanguage\":\"pt-BR\",\"@id\":\"https:\\\/\\\/chelso.com.br\\\/site\\\/copa-interior-encerra-temporada-2025-em-sao-pedro-519-atletas-concluiram-a-prova\\\/#primaryimage\",\"url\":\"https:\\\/\\\/chelso.com.br\\\/site\\\/wp-content\\\/uploads\\\/2025\\\/12\\\/WhatsApp-Image-2025-12-01-at-11.52.43.jpeg\",\"contentUrl\":\"https:\\\/\\\/chelso.com.br\\\/site\\\/wp-content\\\/uploads\\\/2025\\\/12\\\/WhatsApp-Image-2025-12-01-at-11.52.43.jpeg\",\"width\":1600,\"height\":1065},{\"@type\":\"BreadcrumbList\",\"@id\":\"https:\\\/\\\/chelso.com.br\\\/site\\\/copa-interior-encerra-temporada-2025-em-sao-pedro-519-atletas-concluiram-a-prova\\\/#breadcrumb\",\"itemListElement\":[{\"@type\":\"ListItem\",\"position\":1,\"name\":\"In\u00edcio\",\"item\":\"https:\\\/\\\/chelso.com.br\\\/site\\\/\"},{\"@type\":\"ListItem\",\"position\":2,\"name\":\"Copa Interior encerra temporada 2025 em S\u00e3o Pedro; 519 atletas conclu\u00edram a prova\"}]},{\"@type\":\"WebSite\",\"@id\":\"https:\\\/\\\/chelso.com.br\\\/site\\\/#website\",\"url\":\"https:\\\/\\\/chelso.com.br\\\/site\\\/\",\"name\":\"Portal Chelso Sports\",\"description\":\"Conte\u00fado especializado em corrida de rua e triathlon\",\"potentialAction\":[{\"@type\":\"SearchAction\",\"target\":{\"@type\":\"EntryPoint\",\"urlTemplate\":\"https:\\\/\\\/chelso.com.br\\\/site\\\/?s={search_term_string}\"},\"query-input\":{\"@type\":\"PropertyValueSpecification\",\"valueRequired\":true,\"valueName\":\"search_term_string\"}}],\"inLanguage\":\"pt-BR\"},{\"@type\":\"Person\",\"@id\":\"https:\\\/\\\/chelso.com.br\\\/site\\\/#\\\/schema\\\/person\\\/a1e459f9cc882778a4f1367cb2ba51e3\",\"name\":\"Edilson Rodrigues\",\"image\":{\"@type\":\"ImageObject\",\"inLanguage\":\"pt-BR\",\"@id\":\"https:\\\/\\\/chelso.com.br\\\/site\\\/wp-content\\\/uploads\\\/2024\\\/09\\\/Captura-de-tela-2024-09-27-170323-150x150.png\",\"url\":\"https:\\\/\\\/chelso.com.br\\\/site\\\/wp-content\\\/uploads\\\/2024\\\/09\\\/Captura-de-tela-2024-09-27-170323-150x150.png\",\"contentUrl\":\"https:\\\/\\\/chelso.com.br\\\/site\\\/wp-content\\\/uploads\\\/2024\\\/09\\\/Captura-de-tela-2024-09-27-170323-150x150.png\",\"caption\":\"Edilson Rodrigues\"},\"url\":\"https:\\\/\\\/chelso.com.br\\\/site\\\/author\\\/edilson\\\/\"}]}<\/script>\n<!-- \/ Yoast SEO plugin. -->","yoast_head_json":{"title":"Copa Interior encerra temporada 2025 em S\u00e3o Pedro; 519 atletas conclu\u00edram a prova - Portal Chelso Sports","robots":{"index":"index","follow":"follow","max-snippet":"max-snippet:-1","max-image-preview":"max-image-preview:large","max-video-preview":"max-video-preview:-1"},"canonical":"https:\/\/chelso.com.br\/site\/copa-interior-encerra-temporada-2025-em-sao-pedro-519-atletas-concluiram-a-prova\/","og_locale":"pt_BR","og_type":"article","og_title":"Copa Interior encerra temporada 2025 em S\u00e3o Pedro; 519 atletas conclu\u00edram a prova - Portal Chelso Sports","og_description":"Com a organiza\u00e7\u00e3o da Chelso Sports e com o apoio da Prefeitura Municipal de S\u00e3o Pedro, a 5\u00aa e \u00faltima etapa da 17\u00aa Copa Interior movimentou a regi\u00e3o neste domingo, dia 30 de novembro. Com largada dos competidores no Parque Maria Ang\u00e9lica, em S\u00e3o Pedro, a torcida pode acompanhar de perto os esfor\u00e7os e a","og_url":"https:\/\/chelso.com.br\/site\/copa-interior-encerra-temporada-2025-em-sao-pedro-519-atletas-concluiram-a-prova\/","og_site_name":"Portal Chelso Sports","article_published_time":"2025-12-01T19:57:55+00:00","article_modified_time":"2025-12-01T20:02:31+00:00","og_image":[{"width":1600,"height":1065,"url":"https:\/\/chelso.com.br\/site\/wp-content\/uploads\/2025\/12\/WhatsApp-Image-2025-12-01-at-11.52.43.jpeg","type":"image\/jpeg"}],"author":"Edilson Rodrigues","twitter_card":"summary_large_image","twitter_misc":{"Escrito por":"Edilson Rodrigues","Est. tempo de leitura":"3 minutos"},"schema":{"@context":"https:\/\/schema.org","@graph":[{"@type":"Article","@id":"https:\/\/chelso.com.br\/site\/copa-interior-encerra-temporada-2025-em-sao-pedro-519-atletas-concluiram-a-prova\/#article","isPartOf":{"@id":"https:\/\/chelso.com.br\/site\/copa-interior-encerra-temporada-2025-em-sao-pedro-519-atletas-concluiram-a-prova\/"},"author":{"name":"Edilson Rodrigues","@id":"https:\/\/chelso.com.br\/site\/#\/schema\/person\/a1e459f9cc882778a4f1367cb2ba51e3"},"headline":"Copa Interior encerra temporada 2025 em S\u00e3o Pedro; 519 atletas conclu\u00edram a prova","datePublished":"2025-12-01T19:57:55+00:00","dateModified":"2025-12-01T20:02:31+00:00","mainEntityOfPage":{"@id":"https:\/\/chelso.com.br\/site\/copa-interior-encerra-temporada-2025-em-sao-pedro-519-atletas-concluiram-a-prova\/"},"wordCount":385,"commentCount":0,"image":{"@id":"https:\/\/chelso.com.br\/site\/copa-interior-encerra-temporada-2025-em-sao-pedro-519-atletas-concluiram-a-prova\/#primaryimage"},"thumbnailUrl":"https:\/\/chelso.com.br\/site\/wp-content\/uploads\/2025\/12\/WhatsApp-Image-2025-12-01-at-11.52.43.jpeg","keywords":["#copainteriordetriathlon","#s\u00e3opedro","Chelso","copainterior"],"articleSection":["Not\u00edcias"],"inLanguage":"pt-BR","potentialAction":[{"@type":"CommentAction","name":"Comment","target":["https:\/\/chelso.com.br\/site\/copa-interior-encerra-temporada-2025-em-sao-pedro-519-atletas-concluiram-a-prova\/#respond"]}]},{"@type":"WebPage","@id":"https:\/\/chelso.com.br\/site\/copa-interior-encerra-temporada-2025-em-sao-pedro-519-atletas-concluiram-a-prova\/","url":"https:\/\/chelso.com.br\/site\/copa-interior-encerra-temporada-2025-em-sao-pedro-519-atletas-concluiram-a-prova\/","name":"Copa Interior encerra temporada 2025 em S\u00e3o Pedro; 519 atletas conclu\u00edram a prova - Portal Chelso Sports","isPartOf":{"@id":"https:\/\/chelso.com.br\/site\/#website"},"primaryImageOfPage":{"@id":"https:\/\/chelso.com.br\/site\/copa-interior-encerra-temporada-2025-em-sao-pedro-519-atletas-concluiram-a-prova\/#primaryimage"},"image":{"@id":"https:\/\/chelso.com.br\/site\/copa-interior-encerra-temporada-2025-em-sao-pedro-519-atletas-concluiram-a-prova\/#primaryimage"},"thumbnailUrl":"https:\/\/chelso.com.br\/site\/wp-content\/uploads\/2025\/12\/WhatsApp-Image-2025-12-01-at-11.52.43.jpeg","datePublished":"2025-12-01T19:57:55+00:00","dateModified":"2025-12-01T20:02:31+00:00","author":{"@id":"https:\/\/chelso.com.br\/site\/#\/schema\/person\/a1e459f9cc882778a4f1367cb2ba51e3"},"breadcrumb":{"@id":"https:\/\/chelso.com.br\/site\/copa-interior-encerra-temporada-2025-em-sao-pedro-519-atletas-concluiram-a-prova\/#breadcrumb"},"inLanguage":"pt-BR","potentialAction":[{"@type":"ReadAction","target":["https:\/\/chelso.com.br\/site\/copa-interior-encerra-temporada-2025-em-sao-pedro-519-atletas-concluiram-a-prova\/"]}]},{"@type":"ImageObject","inLanguage":"pt-BR","@id":"https:\/\/chelso.com.br\/site\/copa-interior-encerra-temporada-2025-em-sao-pedro-519-atletas-concluiram-a-prova\/#primaryimage","url":"https:\/\/chelso.com.br\/site\/wp-content\/uploads\/2025\/12\/WhatsApp-Image-2025-12-01-at-11.52.43.jpeg","contentUrl":"https:\/\/chelso.com.br\/site\/wp-content\/uploads\/2025\/12\/WhatsApp-Image-2025-12-01-at-11.52.43.jpeg","width":1600,"height":1065},{"@type":"BreadcrumbList","@id":"https:\/\/chelso.com.br\/site\/copa-interior-encerra-temporada-2025-em-sao-pedro-519-atletas-concluiram-a-prova\/#breadcrumb","itemListElement":[{"@type":"ListItem","position":1,"name":"In\u00edcio","item":"https:\/\/chelso.com.br\/site\/"},{"@type":"ListItem","position":2,"name":"Copa Interior encerra temporada 2025 em S\u00e3o Pedro; 519 atletas conclu\u00edram a prova"}]},{"@type":"WebSite","@id":"https:\/\/chelso.com.br\/site\/#website","url":"https:\/\/chelso.com.br\/site\/","name":"Portal Chelso Sports","description":"Conte\u00fado especializado em corrida de rua e triathlon","potentialAction":[{"@type":"SearchAction","target":{"@type":"EntryPoint","urlTemplate":"https:\/\/chelso.com.br\/site\/?s={search_term_string}"},"query-input":{"@type":"PropertyValueSpecification","valueRequired":true,"valueName":"search_term_string"}}],"inLanguage":"pt-BR"},{"@type":"Person","@id":"https:\/\/chelso.com.br\/site\/#\/schema\/person\/a1e459f9cc882778a4f1367cb2ba51e3","name":"Edilson Rodrigues","image":{"@type":"ImageObject","inLanguage":"pt-BR","@id":"https:\/\/chelso.com.br\/site\/wp-content\/uploads\/2024\/09\/Captura-de-tela-2024-09-27-170323-150x150.png","url":"https:\/\/chelso.com.br\/site\/wp-content\/uploads\/2024\/09\/Captura-de-tela-2024-09-27-170323-150x150.png","contentUrl":"https:\/\/chelso.com.br\/site\/wp-content\/uploads\/2024\/09\/Captura-de-tela-2024-09-27-170323-150x150.png","caption":"Edilson Rodrigues"},"url":"https:\/\/chelso.com.br\/site\/author\/edilson\/"}]}},"amp_enabled":true,"_links":{"self":[{"href":"https:\/\/chelso.com.br\/site\/wp-json\/wp\/v2\/posts\/28228","targetHints":{"allow":["GET"]}}],"collection":[{"href":"https:\/\/chelso.com.br\/site\/wp-json\/wp\/v2\/posts"}],"about":[{"href":"https:\/\/chelso.com.br\/site\/wp-json\/wp\/v2\/types\/post"}],"author":[{"embeddable":true,"href":"https:\/\/chelso.com.br\/site\/wp-json\/wp\/v2\/users\/43"}],"replies":[{"embeddable":true,"href":"https:\/\/chelso.com.br\/site\/wp-json\/wp\/v2\/comments?post=28228"}],"version-history":[{"count":5,"href":"https:\/\/chelso.com.br\/site\/wp-json\/wp\/v2\/posts\/28228\/revisions"}],"predecessor-version":[{"id":28237,"href":"https:\/\/chelso.com.br\/site\/wp-json\/wp\/v2\/posts\/28228\/revisions\/28237"}],"wp:featuredmedia":[{"embeddable":true,"href":"https:\/\/chelso.com.br\/site\/wp-json\/wp\/v2\/media\/28232"}],"wp:attachment":[{"href":"https:\/\/chelso.com.br\/site\/wp-json\/wp\/v2\/media?parent=28228"}],"wp:term":[{"taxonomy":"category","embeddable":true,"href":"https:\/\/chelso.com.br\/site\/wp-json\/wp\/v2\/categories?post=28228"},{"taxonomy":"post_tag","embeddable":true,"href":"https:\/\/chelso.com.br\/site\/wp-json\/wp\/v2\/tags?post=28228"}],"curies":[{"name":"wp","href":"https:\/\/api.w.org\/{rel}","templated":true}]}}