{"id":28297,"date":"2025-12-04T17:04:58","date_gmt":"2025-12-04T20:04:58","guid":{"rendered":"https:\/\/chelso.com.br\/site\/?p=28297"},"modified":"2025-12-04T17:07:59","modified_gmt":"2025-12-04T20:07:59","slug":"3a-meia-maratona-de-piracicaba-fechamento-de-vias-publicas-para-o-domingo-dia-7-12","status":"publish","type":"post","link":"https:\/\/chelso.com.br\/site\/3a-meia-maratona-de-piracicaba-fechamento-de-vias-publicas-para-o-domingo-dia-7-12\/","title":{"rendered":"3\u00aa Meia Maratona de Piracicaba: fechamento de vias p\u00fablicas para o domingo, dia 7\/12"},"content":{"rendered":"<p>A Chelso Sport, com o apoio da Prefeitura Municipal de Piracicaba, atrav\u00e9s da Secretaria de Esportes, Lazer e Atividades Motoras divulga as avenidas que ser\u00e3o interditadas no pr\u00f3ximo domingo, dia 7 de dezembro, para a realiza\u00e7\u00e3o da 3\u00aa Meia Maratona de Piracicaba.<\/p>\n<p>Com mais de 5 mil atletas participantes, o evento tem in\u00edcio \u00e0s 5h30, com largada da prova dos 21 km programada para as 6h30. Em seguida, ocorrem as largadas dos 10 km, \u00e0s 7h10 e, do 5 km, a partir das 7h27.<\/p>\n<p>Para que a prova seja realizada com organiza\u00e7\u00e3o e seguran\u00e7a para os participantes, algumas vias ser\u00e3o interditadas nos seguintes hor\u00e1rios:<\/p>\n<p>Avenida Jaime Pereira (Estrada do Bongue), das 6h30 \u00e0s 7h40;<\/p>\n<p>Avenida Cruzeiro do Sul, das 5h30 \u00e0s 8h50;<\/p>\n<p>Ponte do Morato, das 6h \u00e0s 8h50;<\/p>\n<p>Avenida Beira Rio (at\u00e9 a rua Rangel Pestana), das 5h30 \u00e0s 9h10;<\/p>\n<p>Avenida Alidor Pecorari, das 3h \u00e0s 9h50.<\/p>\n<p><img fetchpriority=\"high\" decoding=\"async\" class=\"wp-image-28298 aligncenter\" src=\"https:\/\/chelso.com.br\/site\/wp-content\/uploads\/2025\/12\/WhatsApp-Image-2025-12-04-at-17.00.23-300x169.jpeg\" alt=\"\" width=\"518\" height=\"292\" srcset=\"https:\/\/chelso.com.br\/site\/wp-content\/uploads\/2025\/12\/WhatsApp-Image-2025-12-04-at-17.00.23-300x169.jpeg 300w, https:\/\/chelso.com.br\/site\/wp-content\/uploads\/2025\/12\/WhatsApp-Image-2025-12-04-at-17.00.23-1024x576.jpeg 1024w, https:\/\/chelso.com.br\/site\/wp-content\/uploads\/2025\/12\/WhatsApp-Image-2025-12-04-at-17.00.23-1536x864.jpeg 1536w, https:\/\/chelso.com.br\/site\/wp-content\/uploads\/2025\/12\/WhatsApp-Image-2025-12-04-at-17.00.23-150x84.jpeg 150w, https:\/\/chelso.com.br\/site\/wp-content\/uploads\/2025\/12\/WhatsApp-Image-2025-12-04-at-17.00.23-450x253.jpeg 450w, https:\/\/chelso.com.br\/site\/wp-content\/uploads\/2025\/12\/WhatsApp-Image-2025-12-04-at-17.00.23-1200x675.jpeg 1200w, https:\/\/chelso.com.br\/site\/wp-content\/uploads\/2025\/12\/WhatsApp-Image-2025-12-04-at-17.00.23-768x432.jpeg 768w, https:\/\/chelso.com.br\/site\/wp-content\/uploads\/2025\/12\/WhatsApp-Image-2025-12-04-at-17.00.23.jpeg 1600w\" sizes=\"(max-width: 518px) 100vw, 518px\" \/><\/p>\n<p><strong>A import\u00e2ncia da 3\u00aa Meia Maratona de Piracicaba<\/strong><\/p>\n<p>A 3\u00aa Meia Maratona de Piracicaba acontece neste domingo, dia 7 de dezembro, como uma das maiores provas do setor das corridas de rua e dos esportes outdoor e que conta com a participa\u00e7\u00e3o de mais de 5 mil atletas confirmados, representando diversos munic\u00edpios de 17 estados brasileiros.<\/p>\n<p>A 3\u00aa edi\u00e7\u00e3o da Meia Maratona tamb\u00e9m recebe corredores estrangeiros vindos do M\u00e9xico, da Argentina e da Su\u00ed\u00e7a, o que destaca a relev\u00e2ncia da prova e amplia a visibilidade nacional e internacional da corrida.<\/p>\n<p>A proje\u00e7\u00e3o do setor de turismo indica que a 3\u00aa Meia Maratona deve injetar entre R$ 1,5 milh\u00e3o e R$ 1,8 milh\u00e3o diretamente na economia piracicabana, o que vai beneficiar diretamente os setores de hot\u00e9is, bares, restaurantes, cafeterias e lojas, al\u00e9m dos prestadores de servi\u00e7o e de toda a cadeia ligada ao turismo local.<\/p>\n<p>Com milhares de visitantes circulando por Piracicaba durante o final de semana, a prova se posiciona como uma das a\u00e7\u00f5es mais relevantes do calend\u00e1rio esportivo e tur\u00edstico do munic\u00edpio, fortalecendo a imagem da cidade como refer\u00eancia regional em eventos de grande porte.<\/p>\n<p><img decoding=\"async\" class=\"wp-image-28123 aligncenter\" src=\"https:\/\/chelso.com.br\/site\/wp-content\/uploads\/2025\/11\/WhatsApp-Image-2025-11-19-at-17.19.09-1-300x200.jpeg\" alt=\"\" width=\"519\" height=\"346\" srcset=\"https:\/\/chelso.com.br\/site\/wp-content\/uploads\/2025\/11\/WhatsApp-Image-2025-11-19-at-17.19.09-1-300x200.jpeg 300w, https:\/\/chelso.com.br\/site\/wp-content\/uploads\/2025\/11\/WhatsApp-Image-2025-11-19-at-17.19.09-1-1024x682.jpeg 1024w, https:\/\/chelso.com.br\/site\/wp-content\/uploads\/2025\/11\/WhatsApp-Image-2025-11-19-at-17.19.09-1-1536x1023.jpeg 1536w, https:\/\/chelso.com.br\/site\/wp-content\/uploads\/2025\/11\/WhatsApp-Image-2025-11-19-at-17.19.09-1-150x100.jpeg 150w, https:\/\/chelso.com.br\/site\/wp-content\/uploads\/2025\/11\/WhatsApp-Image-2025-11-19-at-17.19.09-1-450x300.jpeg 450w, https:\/\/chelso.com.br\/site\/wp-content\/uploads\/2025\/11\/WhatsApp-Image-2025-11-19-at-17.19.09-1-1200x800.jpeg 1200w, https:\/\/chelso.com.br\/site\/wp-content\/uploads\/2025\/11\/WhatsApp-Image-2025-11-19-at-17.19.09-1-768x512.jpeg 768w, https:\/\/chelso.com.br\/site\/wp-content\/uploads\/2025\/11\/WhatsApp-Image-2025-11-19-at-17.19.09-1.jpeg 1600w\" sizes=\"(max-width: 519px) 100vw, 519px\" \/><\/p>\n<p><strong>Organiza\u00e7\u00e3o e apoios<\/strong><\/p>\n<p>Com organiza\u00e7\u00e3o da Chelso Sports e com o apoio da Prefeitura Municipal de Piracicaba, atrav\u00e9s da Secretaria de Esportes, Lazer e Atividades Motoras, a 3\u00aa edi\u00e7\u00e3o da Meia Maratona de Piracicaba tamb\u00e9m conta com o envolvimento de grandes marcas e de patrocinadores que juntos, s\u00e3o aliados importantes para o sucesso do evento.<\/p>\n<p>O\u00a0patroc\u00ednio master\u00a0\u00e9 assinado por\u00a0Objetivo Piracicaba\u00a0e AE Mirante, enquanto o grupo de\u00a0patrocinadores oficiais\u00a0re\u00fane\u00a0LaserDream Piracicaba,\u00a0Loja RunFor,\u00a0Care Club Piracicaba,\u00a0My Safe Sport,\u00a0Band FM Piracicaba\u00a0e\u00a0Clim\u00e1tiko Termodin\u00e2mica. A corrida tamb\u00e9m tem o apoio de diversas institui\u00e7\u00f5es e empresas locais, incluindo,\u00a0CDVAC Vacinas,\u00a0Unimed Piracicaba,\u00a0Caf\u00e9 Morro Grande,\u00a0Bike and Fly,\u00a0A\u00e7a\u00ed Morumbi,\u00a0Pra Ter Estilo\u00a0e\u00a0Casa de Bolos, refor\u00e7ando o engajamento da comunidade e do mercado na consolida\u00e7\u00e3o do evento.<\/p>\n<p><img decoding=\"async\" class=\"wp-image-28121 aligncenter\" src=\"https:\/\/chelso.com.br\/site\/wp-content\/uploads\/2025\/11\/WhatsApp-Image-2025-11-19-at-17.19.09-300x200.jpeg\" alt=\"\" width=\"518\" height=\"345\" srcset=\"https:\/\/chelso.com.br\/site\/wp-content\/uploads\/2025\/11\/WhatsApp-Image-2025-11-19-at-17.19.09-300x200.jpeg 300w, https:\/\/chelso.com.br\/site\/wp-content\/uploads\/2025\/11\/WhatsApp-Image-2025-11-19-at-17.19.09-1024x682.jpeg 1024w, https:\/\/chelso.com.br\/site\/wp-content\/uploads\/2025\/11\/WhatsApp-Image-2025-11-19-at-17.19.09-1536x1023.jpeg 1536w, https:\/\/chelso.com.br\/site\/wp-content\/uploads\/2025\/11\/WhatsApp-Image-2025-11-19-at-17.19.09-150x100.jpeg 150w, https:\/\/chelso.com.br\/site\/wp-content\/uploads\/2025\/11\/WhatsApp-Image-2025-11-19-at-17.19.09-450x300.jpeg 450w, https:\/\/chelso.com.br\/site\/wp-content\/uploads\/2025\/11\/WhatsApp-Image-2025-11-19-at-17.19.09-1200x800.jpeg 1200w, https:\/\/chelso.com.br\/site\/wp-content\/uploads\/2025\/11\/WhatsApp-Image-2025-11-19-at-17.19.09-768x512.jpeg 768w, https:\/\/chelso.com.br\/site\/wp-content\/uploads\/2025\/11\/WhatsApp-Image-2025-11-19-at-17.19.09.jpeg 1600w\" sizes=\"(max-width: 518px) 100vw, 518px\" \/><\/p>\n<p><strong>Informa\u00e7\u00f5es gerais:<\/strong><\/p>\n<p><strong>3\u00aa Meia Maratona de Piracicaba<\/strong><\/p>\n<p><strong>Local:<\/strong>\u00a0Parque da Rua do Porto (ao lado dos pedalinhos)<\/p>\n<p><strong>Data:<\/strong>\u00a07 de dezembro de 2025<\/p>\n<p><strong>Dist\u00e2ncias:<\/strong>\u00a021 km, 10 km, 5 km<\/p>\n<p><strong>Mais informa\u00e7\u00f5es<\/strong>:\u00a0<a href=\"http:\/\/www.meiamaratonadepiracicaba.com.br\/\">www.meiamaratonadepiracicaba.com.br<\/a><\/p>\n<p>&nbsp;<\/p>\n<p><strong>Cr\u00e9dito fotos:\u00a0<\/strong>Fotop<\/p>\n<p><strong>Reda\u00e7\u00e3o Assessoria de Imprensa Chelso Sports<\/strong><\/p>\n<p>Jornalista Edilson Rodrigues de Morais, Mtb 26.319<\/p>\n<p>(19) 99706.1570 \u2013\u00a0<a href=\"http:\/\/www.chelso.com.br\/\">www.chelso.com.br<\/a><\/p>\n<p>&nbsp;<\/p>\n","protected":false},"excerpt":{"rendered":"<p>A Chelso Sport, com o apoio da Prefeitura Municipal de Piracicaba, atrav\u00e9s da Secretaria de Esportes, Lazer e Atividades Motoras divulga as avenidas que ser\u00e3o interditadas no pr\u00f3ximo domingo, dia 7 de dezembro, para a realiza\u00e7\u00e3o da 3\u00aa Meia Maratona de Piracicaba. Com mais de 5 mil atletas participantes, o evento tem in\u00edcio \u00e0s 5h30,<\/p>\n","protected":false},"author":43,"featured_media":28299,"comment_status":"open","ping_status":"closed","sticky":false,"template":"","format":"standard","meta":{"om_disable_all_campaigns":false,"_monsterinsights_skip_tracking":false,"_monsterinsights_sitenote_active":false,"_monsterinsights_sitenote_note":"","_monsterinsights_sitenote_category":0,"footnotes":""},"categories":[30],"tags":[4445,735,5868,941],"class_list":{"0":"post-28297","1":"post","2":"type-post","3":"status-publish","4":"format-standard","5":"has-post-thumbnail","7":"category-noticias","8":"tag-meiamaratona","9":"tag-chelso","10":"tag-meiamaratonapiracicaba","11":"tag-piracicaba"},"aioseo_notices":[],"yoast_head":"<!-- This site is optimized with the Yoast SEO plugin v27.5 - https:\/\/yoast.com\/product\/yoast-seo-wordpress\/ -->\n<title>3\u00aa Meia Maratona de Piracicaba: fechamento de vias p\u00fablicas para o domingo, dia 7\/12 - Portal Chelso Sports<\/title>\n<meta name=\"robots\" content=\"index, follow, max-snippet:-1, max-image-preview:large, max-video-preview:-1\" \/>\n<link rel=\"canonical\" href=\"https:\/\/chelso.com.br\/site\/3a-meia-maratona-de-piracicaba-fechamento-de-vias-publicas-para-o-domingo-dia-7-12\/\" \/>\n<meta property=\"og:locale\" content=\"pt_BR\" \/>\n<meta property=\"og:type\" content=\"article\" \/>\n<meta property=\"og:title\" content=\"3\u00aa Meia Maratona de Piracicaba: fechamento de vias p\u00fablicas para o domingo, dia 7\/12 - Portal Chelso Sports\" \/>\n<meta property=\"og:description\" content=\"A Chelso Sport, com o apoio da Prefeitura Municipal de Piracicaba, atrav\u00e9s da Secretaria de Esportes, Lazer e Atividades Motoras divulga as avenidas que ser\u00e3o interditadas no pr\u00f3ximo domingo, dia 7 de dezembro, para a realiza\u00e7\u00e3o da 3\u00aa Meia Maratona de Piracicaba. Com mais de 5 mil atletas participantes, o evento tem in\u00edcio \u00e0s 5h30,\" \/>\n<meta property=\"og:url\" content=\"https:\/\/chelso.com.br\/site\/3a-meia-maratona-de-piracicaba-fechamento-de-vias-publicas-para-o-domingo-dia-7-12\/\" \/>\n<meta property=\"og:site_name\" content=\"Portal Chelso Sports\" \/>\n<meta property=\"article:published_time\" content=\"2025-12-04T20:04:58+00:00\" \/>\n<meta property=\"article:modified_time\" content=\"2025-12-04T20:07:59+00:00\" \/>\n<meta property=\"og:image\" content=\"https:\/\/chelso.com.br\/site\/wp-content\/uploads\/2025\/12\/WhatsApp-Image-2025-12-04-at-16.58.18.jpeg\" \/>\n\t<meta property=\"og:image:width\" content=\"1600\" \/>\n\t<meta property=\"og:image:height\" content=\"952\" \/>\n\t<meta property=\"og:image:type\" content=\"image\/jpeg\" \/>\n<meta name=\"author\" content=\"Edilson Rodrigues\" \/>\n<meta name=\"twitter:card\" content=\"summary_large_image\" \/>\n<meta name=\"twitter:label1\" content=\"Escrito por\" \/>\n\t<meta name=\"twitter:data1\" content=\"Edilson Rodrigues\" \/>\n\t<meta name=\"twitter:label2\" content=\"Est. tempo de leitura\" \/>\n\t<meta name=\"twitter:data2\" content=\"4 minutos\" \/>\n<script type=\"application\/ld+json\" class=\"yoast-schema-graph\">{\"@context\":\"https:\\\/\\\/schema.org\",\"@graph\":[{\"@type\":\"Article\",\"@id\":\"https:\\\/\\\/chelso.com.br\\\/site\\\/3a-meia-maratona-de-piracicaba-fechamento-de-vias-publicas-para-o-domingo-dia-7-12\\\/#article\",\"isPartOf\":{\"@id\":\"https:\\\/\\\/chelso.com.br\\\/site\\\/3a-meia-maratona-de-piracicaba-fechamento-de-vias-publicas-para-o-domingo-dia-7-12\\\/\"},\"author\":{\"name\":\"Edilson Rodrigues\",\"@id\":\"https:\\\/\\\/chelso.com.br\\\/site\\\/#\\\/schema\\\/person\\\/a1e459f9cc882778a4f1367cb2ba51e3\"},\"headline\":\"3\u00aa Meia Maratona de Piracicaba: fechamento de vias p\u00fablicas para o domingo, dia 7\\\/12\",\"datePublished\":\"2025-12-04T20:04:58+00:00\",\"dateModified\":\"2025-12-04T20:07:59+00:00\",\"mainEntityOfPage\":{\"@id\":\"https:\\\/\\\/chelso.com.br\\\/site\\\/3a-meia-maratona-de-piracicaba-fechamento-de-vias-publicas-para-o-domingo-dia-7-12\\\/\"},\"wordCount\":562,\"commentCount\":0,\"image\":{\"@id\":\"https:\\\/\\\/chelso.com.br\\\/site\\\/3a-meia-maratona-de-piracicaba-fechamento-de-vias-publicas-para-o-domingo-dia-7-12\\\/#primaryimage\"},\"thumbnailUrl\":\"https:\\\/\\\/chelso.com.br\\\/site\\\/wp-content\\\/uploads\\\/2025\\\/12\\\/WhatsApp-Image-2025-12-04-at-16.58.18.jpeg\",\"keywords\":[\"#meiamaratona\",\"Chelso\",\"meiamaratonapiracicaba\",\"Piracicaba\"],\"articleSection\":[\"Not\u00edcias\"],\"inLanguage\":\"pt-BR\",\"potentialAction\":[{\"@type\":\"CommentAction\",\"name\":\"Comment\",\"target\":[\"https:\\\/\\\/chelso.com.br\\\/site\\\/3a-meia-maratona-de-piracicaba-fechamento-de-vias-publicas-para-o-domingo-dia-7-12\\\/#respond\"]}]},{\"@type\":\"WebPage\",\"@id\":\"https:\\\/\\\/chelso.com.br\\\/site\\\/3a-meia-maratona-de-piracicaba-fechamento-de-vias-publicas-para-o-domingo-dia-7-12\\\/\",\"url\":\"https:\\\/\\\/chelso.com.br\\\/site\\\/3a-meia-maratona-de-piracicaba-fechamento-de-vias-publicas-para-o-domingo-dia-7-12\\\/\",\"name\":\"3\u00aa Meia Maratona de Piracicaba: fechamento de vias p\u00fablicas para o domingo, dia 7\\\/12 - Portal Chelso Sports\",\"isPartOf\":{\"@id\":\"https:\\\/\\\/chelso.com.br\\\/site\\\/#website\"},\"primaryImageOfPage\":{\"@id\":\"https:\\\/\\\/chelso.com.br\\\/site\\\/3a-meia-maratona-de-piracicaba-fechamento-de-vias-publicas-para-o-domingo-dia-7-12\\\/#primaryimage\"},\"image\":{\"@id\":\"https:\\\/\\\/chelso.com.br\\\/site\\\/3a-meia-maratona-de-piracicaba-fechamento-de-vias-publicas-para-o-domingo-dia-7-12\\\/#primaryimage\"},\"thumbnailUrl\":\"https:\\\/\\\/chelso.com.br\\\/site\\\/wp-content\\\/uploads\\\/2025\\\/12\\\/WhatsApp-Image-2025-12-04-at-16.58.18.jpeg\",\"datePublished\":\"2025-12-04T20:04:58+00:00\",\"dateModified\":\"2025-12-04T20:07:59+00:00\",\"author\":{\"@id\":\"https:\\\/\\\/chelso.com.br\\\/site\\\/#\\\/schema\\\/person\\\/a1e459f9cc882778a4f1367cb2ba51e3\"},\"breadcrumb\":{\"@id\":\"https:\\\/\\\/chelso.com.br\\\/site\\\/3a-meia-maratona-de-piracicaba-fechamento-de-vias-publicas-para-o-domingo-dia-7-12\\\/#breadcrumb\"},\"inLanguage\":\"pt-BR\",\"potentialAction\":[{\"@type\":\"ReadAction\",\"target\":[\"https:\\\/\\\/chelso.com.br\\\/site\\\/3a-meia-maratona-de-piracicaba-fechamento-de-vias-publicas-para-o-domingo-dia-7-12\\\/\"]}]},{\"@type\":\"ImageObject\",\"inLanguage\":\"pt-BR\",\"@id\":\"https:\\\/\\\/chelso.com.br\\\/site\\\/3a-meia-maratona-de-piracicaba-fechamento-de-vias-publicas-para-o-domingo-dia-7-12\\\/#primaryimage\",\"url\":\"https:\\\/\\\/chelso.com.br\\\/site\\\/wp-content\\\/uploads\\\/2025\\\/12\\\/WhatsApp-Image-2025-12-04-at-16.58.18.jpeg\",\"contentUrl\":\"https:\\\/\\\/chelso.com.br\\\/site\\\/wp-content\\\/uploads\\\/2025\\\/12\\\/WhatsApp-Image-2025-12-04-at-16.58.18.jpeg\",\"width\":1600,\"height\":952},{\"@type\":\"BreadcrumbList\",\"@id\":\"https:\\\/\\\/chelso.com.br\\\/site\\\/3a-meia-maratona-de-piracicaba-fechamento-de-vias-publicas-para-o-domingo-dia-7-12\\\/#breadcrumb\",\"itemListElement\":[{\"@type\":\"ListItem\",\"position\":1,\"name\":\"In\u00edcio\",\"item\":\"https:\\\/\\\/chelso.com.br\\\/site\\\/\"},{\"@type\":\"ListItem\",\"position\":2,\"name\":\"3\u00aa Meia Maratona de Piracicaba: fechamento de vias p\u00fablicas para o domingo, dia 7\\\/12\"}]},{\"@type\":\"WebSite\",\"@id\":\"https:\\\/\\\/chelso.com.br\\\/site\\\/#website\",\"url\":\"https:\\\/\\\/chelso.com.br\\\/site\\\/\",\"name\":\"Portal Chelso Sports\",\"description\":\"Conte\u00fado especializado em corrida de rua e triathlon\",\"potentialAction\":[{\"@type\":\"SearchAction\",\"target\":{\"@type\":\"EntryPoint\",\"urlTemplate\":\"https:\\\/\\\/chelso.com.br\\\/site\\\/?s={search_term_string}\"},\"query-input\":{\"@type\":\"PropertyValueSpecification\",\"valueRequired\":true,\"valueName\":\"search_term_string\"}}],\"inLanguage\":\"pt-BR\"},{\"@type\":\"Person\",\"@id\":\"https:\\\/\\\/chelso.com.br\\\/site\\\/#\\\/schema\\\/person\\\/a1e459f9cc882778a4f1367cb2ba51e3\",\"name\":\"Edilson Rodrigues\",\"image\":{\"@type\":\"ImageObject\",\"inLanguage\":\"pt-BR\",\"@id\":\"https:\\\/\\\/chelso.com.br\\\/site\\\/wp-content\\\/uploads\\\/2024\\\/09\\\/Captura-de-tela-2024-09-27-170323-150x150.png\",\"url\":\"https:\\\/\\\/chelso.com.br\\\/site\\\/wp-content\\\/uploads\\\/2024\\\/09\\\/Captura-de-tela-2024-09-27-170323-150x150.png\",\"contentUrl\":\"https:\\\/\\\/chelso.com.br\\\/site\\\/wp-content\\\/uploads\\\/2024\\\/09\\\/Captura-de-tela-2024-09-27-170323-150x150.png\",\"caption\":\"Edilson Rodrigues\"},\"url\":\"https:\\\/\\\/chelso.com.br\\\/site\\\/author\\\/edilson\\\/\"}]}<\/script>\n<!-- \/ Yoast SEO plugin. -->","yoast_head_json":{"title":"3\u00aa Meia Maratona de Piracicaba: fechamento de vias p\u00fablicas para o domingo, dia 7\/12 - Portal Chelso Sports","robots":{"index":"index","follow":"follow","max-snippet":"max-snippet:-1","max-image-preview":"max-image-preview:large","max-video-preview":"max-video-preview:-1"},"canonical":"https:\/\/chelso.com.br\/site\/3a-meia-maratona-de-piracicaba-fechamento-de-vias-publicas-para-o-domingo-dia-7-12\/","og_locale":"pt_BR","og_type":"article","og_title":"3\u00aa Meia Maratona de Piracicaba: fechamento de vias p\u00fablicas para o domingo, dia 7\/12 - Portal Chelso Sports","og_description":"A Chelso Sport, com o apoio da Prefeitura Municipal de Piracicaba, atrav\u00e9s da Secretaria de Esportes, Lazer e Atividades Motoras divulga as avenidas que ser\u00e3o interditadas no pr\u00f3ximo domingo, dia 7 de dezembro, para a realiza\u00e7\u00e3o da 3\u00aa Meia Maratona de Piracicaba. Com mais de 5 mil atletas participantes, o evento tem in\u00edcio \u00e0s 5h30,","og_url":"https:\/\/chelso.com.br\/site\/3a-meia-maratona-de-piracicaba-fechamento-de-vias-publicas-para-o-domingo-dia-7-12\/","og_site_name":"Portal Chelso Sports","article_published_time":"2025-12-04T20:04:58+00:00","article_modified_time":"2025-12-04T20:07:59+00:00","og_image":[{"width":1600,"height":952,"url":"https:\/\/chelso.com.br\/site\/wp-content\/uploads\/2025\/12\/WhatsApp-Image-2025-12-04-at-16.58.18.jpeg","type":"image\/jpeg"}],"author":"Edilson Rodrigues","twitter_card":"summary_large_image","twitter_misc":{"Escrito por":"Edilson Rodrigues","Est. tempo de leitura":"4 minutos"},"schema":{"@context":"https:\/\/schema.org","@graph":[{"@type":"Article","@id":"https:\/\/chelso.com.br\/site\/3a-meia-maratona-de-piracicaba-fechamento-de-vias-publicas-para-o-domingo-dia-7-12\/#article","isPartOf":{"@id":"https:\/\/chelso.com.br\/site\/3a-meia-maratona-de-piracicaba-fechamento-de-vias-publicas-para-o-domingo-dia-7-12\/"},"author":{"name":"Edilson Rodrigues","@id":"https:\/\/chelso.com.br\/site\/#\/schema\/person\/a1e459f9cc882778a4f1367cb2ba51e3"},"headline":"3\u00aa Meia Maratona de Piracicaba: fechamento de vias p\u00fablicas para o domingo, dia 7\/12","datePublished":"2025-12-04T20:04:58+00:00","dateModified":"2025-12-04T20:07:59+00:00","mainEntityOfPage":{"@id":"https:\/\/chelso.com.br\/site\/3a-meia-maratona-de-piracicaba-fechamento-de-vias-publicas-para-o-domingo-dia-7-12\/"},"wordCount":562,"commentCount":0,"image":{"@id":"https:\/\/chelso.com.br\/site\/3a-meia-maratona-de-piracicaba-fechamento-de-vias-publicas-para-o-domingo-dia-7-12\/#primaryimage"},"thumbnailUrl":"https:\/\/chelso.com.br\/site\/wp-content\/uploads\/2025\/12\/WhatsApp-Image-2025-12-04-at-16.58.18.jpeg","keywords":["#meiamaratona","Chelso","meiamaratonapiracicaba","Piracicaba"],"articleSection":["Not\u00edcias"],"inLanguage":"pt-BR","potentialAction":[{"@type":"CommentAction","name":"Comment","target":["https:\/\/chelso.com.br\/site\/3a-meia-maratona-de-piracicaba-fechamento-de-vias-publicas-para-o-domingo-dia-7-12\/#respond"]}]},{"@type":"WebPage","@id":"https:\/\/chelso.com.br\/site\/3a-meia-maratona-de-piracicaba-fechamento-de-vias-publicas-para-o-domingo-dia-7-12\/","url":"https:\/\/chelso.com.br\/site\/3a-meia-maratona-de-piracicaba-fechamento-de-vias-publicas-para-o-domingo-dia-7-12\/","name":"3\u00aa Meia Maratona de Piracicaba: fechamento de vias p\u00fablicas para o domingo, dia 7\/12 - Portal Chelso Sports","isPartOf":{"@id":"https:\/\/chelso.com.br\/site\/#website"},"primaryImageOfPage":{"@id":"https:\/\/chelso.com.br\/site\/3a-meia-maratona-de-piracicaba-fechamento-de-vias-publicas-para-o-domingo-dia-7-12\/#primaryimage"},"image":{"@id":"https:\/\/chelso.com.br\/site\/3a-meia-maratona-de-piracicaba-fechamento-de-vias-publicas-para-o-domingo-dia-7-12\/#primaryimage"},"thumbnailUrl":"https:\/\/chelso.com.br\/site\/wp-content\/uploads\/2025\/12\/WhatsApp-Image-2025-12-04-at-16.58.18.jpeg","datePublished":"2025-12-04T20:04:58+00:00","dateModified":"2025-12-04T20:07:59+00:00","author":{"@id":"https:\/\/chelso.com.br\/site\/#\/schema\/person\/a1e459f9cc882778a4f1367cb2ba51e3"},"breadcrumb":{"@id":"https:\/\/chelso.com.br\/site\/3a-meia-maratona-de-piracicaba-fechamento-de-vias-publicas-para-o-domingo-dia-7-12\/#breadcrumb"},"inLanguage":"pt-BR","potentialAction":[{"@type":"ReadAction","target":["https:\/\/chelso.com.br\/site\/3a-meia-maratona-de-piracicaba-fechamento-de-vias-publicas-para-o-domingo-dia-7-12\/"]}]},{"@type":"ImageObject","inLanguage":"pt-BR","@id":"https:\/\/chelso.com.br\/site\/3a-meia-maratona-de-piracicaba-fechamento-de-vias-publicas-para-o-domingo-dia-7-12\/#primaryimage","url":"https:\/\/chelso.com.br\/site\/wp-content\/uploads\/2025\/12\/WhatsApp-Image-2025-12-04-at-16.58.18.jpeg","contentUrl":"https:\/\/chelso.com.br\/site\/wp-content\/uploads\/2025\/12\/WhatsApp-Image-2025-12-04-at-16.58.18.jpeg","width":1600,"height":952},{"@type":"BreadcrumbList","@id":"https:\/\/chelso.com.br\/site\/3a-meia-maratona-de-piracicaba-fechamento-de-vias-publicas-para-o-domingo-dia-7-12\/#breadcrumb","itemListElement":[{"@type":"ListItem","position":1,"name":"In\u00edcio","item":"https:\/\/chelso.com.br\/site\/"},{"@type":"ListItem","position":2,"name":"3\u00aa Meia Maratona de Piracicaba: fechamento de vias p\u00fablicas para o domingo, dia 7\/12"}]},{"@type":"WebSite","@id":"https:\/\/chelso.com.br\/site\/#website","url":"https:\/\/chelso.com.br\/site\/","name":"Portal Chelso Sports","description":"Conte\u00fado especializado em corrida de rua e triathlon","potentialAction":[{"@type":"SearchAction","target":{"@type":"EntryPoint","urlTemplate":"https:\/\/chelso.com.br\/site\/?s={search_term_string}"},"query-input":{"@type":"PropertyValueSpecification","valueRequired":true,"valueName":"search_term_string"}}],"inLanguage":"pt-BR"},{"@type":"Person","@id":"https:\/\/chelso.com.br\/site\/#\/schema\/person\/a1e459f9cc882778a4f1367cb2ba51e3","name":"Edilson Rodrigues","image":{"@type":"ImageObject","inLanguage":"pt-BR","@id":"https:\/\/chelso.com.br\/site\/wp-content\/uploads\/2024\/09\/Captura-de-tela-2024-09-27-170323-150x150.png","url":"https:\/\/chelso.com.br\/site\/wp-content\/uploads\/2024\/09\/Captura-de-tela-2024-09-27-170323-150x150.png","contentUrl":"https:\/\/chelso.com.br\/site\/wp-content\/uploads\/2024\/09\/Captura-de-tela-2024-09-27-170323-150x150.png","caption":"Edilson Rodrigues"},"url":"https:\/\/chelso.com.br\/site\/author\/edilson\/"}]}},"amp_enabled":true,"_links":{"self":[{"href":"https:\/\/chelso.com.br\/site\/wp-json\/wp\/v2\/posts\/28297","targetHints":{"allow":["GET"]}}],"collection":[{"href":"https:\/\/chelso.com.br\/site\/wp-json\/wp\/v2\/posts"}],"about":[{"href":"https:\/\/chelso.com.br\/site\/wp-json\/wp\/v2\/types\/post"}],"author":[{"embeddable":true,"href":"https:\/\/chelso.com.br\/site\/wp-json\/wp\/v2\/users\/43"}],"replies":[{"embeddable":true,"href":"https:\/\/chelso.com.br\/site\/wp-json\/wp\/v2\/comments?post=28297"}],"version-history":[{"count":4,"href":"https:\/\/chelso.com.br\/site\/wp-json\/wp\/v2\/posts\/28297\/revisions"}],"predecessor-version":[{"id":28303,"href":"https:\/\/chelso.com.br\/site\/wp-json\/wp\/v2\/posts\/28297\/revisions\/28303"}],"wp:featuredmedia":[{"embeddable":true,"href":"https:\/\/chelso.com.br\/site\/wp-json\/wp\/v2\/media\/28299"}],"wp:attachment":[{"href":"https:\/\/chelso.com.br\/site\/wp-json\/wp\/v2\/media?parent=28297"}],"wp:term":[{"taxonomy":"category","embeddable":true,"href":"https:\/\/chelso.com.br\/site\/wp-json\/wp\/v2\/categories?post=28297"},{"taxonomy":"post_tag","embeddable":true,"href":"https:\/\/chelso.com.br\/site\/wp-json\/wp\/v2\/tags?post=28297"}],"curies":[{"name":"wp","href":"https:\/\/api.w.org\/{rel}","templated":true}]}}