{"id":28319,"date":"2025-12-08T14:47:51","date_gmt":"2025-12-08T17:47:51","guid":{"rendered":"https:\/\/chelso.com.br\/site\/?p=28319"},"modified":"2025-12-08T14:50:52","modified_gmt":"2025-12-08T17:50:52","slug":"os-resultados-da-3-meia-maratona-de-piracicaba-parabens-aos-campeoes-e-as-campeas","status":"publish","type":"post","link":"https:\/\/chelso.com.br\/site\/os-resultados-da-3-meia-maratona-de-piracicaba-parabens-aos-campeoes-e-as-campeas\/","title":{"rendered":"Os resultados da 3\u00b0 Meia Maratona de Piracicaba: parab\u00e9ns aos campe\u00f5es e \u00e0s campe\u00e3s!"},"content":{"rendered":"<p>Foi hist\u00f3rica! A 3\u00aa Meia Maratona de Piracicaba ficou registrada como uma das maiores de Piracicaba e da regi\u00e3o.<\/p>\n<p>No domingo, dia 7 de dezembro, a regi\u00e3o da Rua do Porto ficou repleta de atletas com a presen\u00e7a de mais de 5 mil participantes, representando 17 estados brasileiros, que estiveram testando seus limites nas provas de 21 km, 10 km e 5 km.<\/p>\n<p>Com a organiza\u00e7\u00e3o da Chelso Sports e com o apoio da Prefeitura Municipal de Piracicaba, atrav\u00e9s da Secretaria de Esportes, Lazer e Atividades Motoras, o evento trouxe \u00e0s ruas e avenidas de Piracicaba alguns dos principais atletas da Elite Masculina e Feminina, al\u00e9m dos competidores amadores para as provas de 10 km e de 5 km.<\/p>\n<p>Parab\u00e9ns a todos os participantes que contribu\u00edram para o sucesso de mais este importante evento esportivo que ajudou a destacar a \u201cNoiva da Colina\u201d no cen\u00e1rio das corridas de rua do pa\u00eds.<\/p>\n<p><strong>Os vencedores e vencedoras da 3\u00aa Meia Maratona de Piracicaba:<\/strong><\/p>\n<p><strong>21 km Elite masculino<\/strong><\/p>\n<p>1\u00ba colocado \u2013 Ant\u00f4nio Marco Pereira de Ara\u00fajo \u2013 01:07:48.098<\/p>\n<p>2\u00ba colocado \u2013 Luan Bissoli \u2013 01:07:56.253<\/p>\n<p>3\u00ba colocado \u2013 Leonardo Willrich Padilha Padovany \u2013 01:11:11.840<\/p>\n<p>4\u00ba colocado \u2013 Adriano Sampaio \u2013 01:13:40.944<\/p>\n<p>5\u00ba colocado \u2013 Renato da Silva \u2013 01:13:54.530<\/p>\n<p><strong>21 km Elite feminino<\/strong><\/p>\n<p>1\u00ba colocado \u2013 Solange Bento Bela \u2013 01:26:08.254<\/p>\n<p>2\u00ba colocado \u2013 Nat\u00e1lia Regina Painelli \u2013 01:26:21.658<\/p>\n<p>3\u00ba colocado \u2013 Marilene de Jesus Ferreira \u2013 01:28:19.482<\/p>\n<p>4\u00ba colocado \u2013 Maria Iara das Gra\u00e7as dos Santos da Silva \u2013 01:29:20.696<\/p>\n<p>5\u00ba colocado \u2013 Ana J\u00falia Silva \u2013 01:29:31.721<\/p>\n<p><strong>10 km masculino<\/strong><\/p>\n<p>1\u00ba colocado \u2013 Gustavo da Silva \u2013 34:59.014<\/p>\n<p>2\u00ba colocado \u2013 Fernando Collino \u2013 35:00.309<\/p>\n<p>3\u00ba colocado \u2013 Patrick dos Santos Ariozo \u2013 35:54.839<\/p>\n<p>4\u00ba colocado \u2013 Anderson Alves de Oliveira \u2013 35:54.942<\/p>\n<p>5\u00ba colocado \u2013 Fernando Anast\u00e1cio de Moura \u2013 36:04.423<\/p>\n<p><img fetchpriority=\"high\" decoding=\"async\" class=\"wp-image-28320 aligncenter\" src=\"https:\/\/chelso.com.br\/site\/wp-content\/uploads\/2025\/12\/WhatsApp-Image-2025-12-08-at-14.41.59-221x300.jpeg\" alt=\"\" width=\"296\" height=\"402\" srcset=\"https:\/\/chelso.com.br\/site\/wp-content\/uploads\/2025\/12\/WhatsApp-Image-2025-12-08-at-14.41.59-221x300.jpeg 221w, https:\/\/chelso.com.br\/site\/wp-content\/uploads\/2025\/12\/WhatsApp-Image-2025-12-08-at-14.41.59-756x1024.jpeg 756w, https:\/\/chelso.com.br\/site\/wp-content\/uploads\/2025\/12\/WhatsApp-Image-2025-12-08-at-14.41.59-150x203.jpeg 150w, https:\/\/chelso.com.br\/site\/wp-content\/uploads\/2025\/12\/WhatsApp-Image-2025-12-08-at-14.41.59-450x610.jpeg 450w, https:\/\/chelso.com.br\/site\/wp-content\/uploads\/2025\/12\/WhatsApp-Image-2025-12-08-at-14.41.59-768x1041.jpeg 768w, https:\/\/chelso.com.br\/site\/wp-content\/uploads\/2025\/12\/WhatsApp-Image-2025-12-08-at-14.41.59.jpeg 834w\" sizes=\"(max-width: 296px) 100vw, 296px\" \/><\/p>\n<p><strong>10 km feminino<\/strong><\/p>\n<p>1\u00ba colocado \u2013 Anny Karoline \u2013 39:18.418<\/p>\n<p>2\u00ba colocado \u2013 C\u00edcera Fernandes de Sousa \u2013 43:33.565<\/p>\n<p>3\u00ba colocado \u2013 Ana L\u00facia Souto Mofatto \u2013 43:37.327<\/p>\n<p>4\u00ba colocado \u2013 Tatiana Aroni \u2013 43:42.819<\/p>\n<p>5\u00ba colocado \u2013 Eliane Bandeira Fernandes Santos \u2013 43:45.565<\/p>\n<p><strong>5 km masculino<\/strong><\/p>\n<p>1\u00ba colocado \u2013 Ronaldo Cristiano Guizo \u2013 16:52.549<\/p>\n<p>2\u00ba colocado \u2013 Eduardo Pereira da Silva \u2013 17:10.806<\/p>\n<p>3\u00ba colocado \u2013 Victor Leme Ferreira \u2013 17:48.205<\/p>\n<p>4\u00ba colocado \u2013 Romenigue Oliveira Santos \u2013 18:04.648<\/p>\n<p>5\u00ba colocado \u2013 Danilo dos Santos \u2013 18:16.098<\/p>\n<p><strong>5 km feminino<\/strong><\/p>\n<p>1\u00ba colocado \u2013 Marilena Marcondes Pereira \u2013 21:39.122<\/p>\n<p>2\u00ba colocado \u2013 Ingrid Ara\u00fajo Souza \u2013 22:00.480<\/p>\n<p>3\u00ba colocado \u2013 Fabiana de Paula Santos \u2013 22:05.030<\/p>\n<p>4\u00ba colocado \u2013 Edneia Livramento Couto Sousa \u2013 22:23.047<\/p>\n<p>5\u00ba colocado \u2013 Thelma Sumie Maggi Marisa Kamiji \u2013 22:39.508<\/p>\n<p><strong>\u00a0<\/strong><\/p>\n<p><strong>Patrocinadores, Apoiadores e parceiros:<\/strong><\/p>\n<p><strong>Patroc\u00ednio Master:<\/strong><\/p>\n<p>Col\u00e9gio Objetivo<\/p>\n<p>AE Mirante<\/p>\n<p><strong>Patrocinadores:<\/strong><\/p>\n<p>Laser Dream, Runfor, Baixa Pace, My Safe, Care Club, Band FM, Climatiko<\/p>\n<p><strong>Apoios:<\/strong><\/p>\n<p>Prefeitura Municipal de Piracicaba, Bike and Fly, CDVac, A\u00e7a\u00ed Morumbi, Pra Ter Estilo, World Tennis, Olympikus, Body Action, Caf\u00e9 Morro Grande, Unimed Piracicaba, ADA Nutrac\u00eauticos, Moving, Bolo da Madre, Kombucha da C\u00e1.<\/p>\n<p><strong>Hotel Oficial: <\/strong>Hotel Beira Rio<\/p>\n<p><strong>M\u00eddia Partner:<\/strong> Correria Campinas, TV Metropolitana<\/p>\n<p>&nbsp;<\/p>\n<p><strong>Cr\u00e9dito fotos e Reda\u00e7\u00e3o Assessoria de Imprensa Chelso Sports<\/strong><\/p>\n<p>Jornalista Edilson Rodrigues de Morais, Mtb 26.319<\/p>\n<p>(19) 99706.1570 \u2013\u00a0<a href=\"http:\/\/www.chelso.com.br\/\">www.chelso.com.br<\/a><\/p>\n","protected":false},"excerpt":{"rendered":"<p>Foi hist\u00f3rica! A 3\u00aa Meia Maratona de Piracicaba ficou registrada como uma das maiores de Piracicaba e da regi\u00e3o. No domingo, dia 7 de dezembro, a regi\u00e3o da Rua do Porto ficou repleta de atletas com a presen\u00e7a de mais de 5 mil participantes, representando 17 estados brasileiros, que estiveram testando seus limites nas provas<\/p>\n","protected":false},"author":43,"featured_media":28321,"comment_status":"open","ping_status":"closed","sticky":false,"template":"","format":"standard","meta":{"om_disable_all_campaigns":false,"_monsterinsights_skip_tracking":false,"_monsterinsights_sitenote_active":false,"_monsterinsights_sitenote_note":"","_monsterinsights_sitenote_category":0,"footnotes":""},"categories":[30],"tags":[4445,5434],"class_list":{"0":"post-28319","1":"post","2":"type-post","3":"status-publish","4":"format-standard","5":"has-post-thumbnail","7":"category-noticias","8":"tag-meiamaratona","9":"tag-meiamaratonadepiracicaba"},"aioseo_notices":[],"yoast_head":"<!-- This site is optimized with the Yoast SEO plugin v27.5 - https:\/\/yoast.com\/product\/yoast-seo-wordpress\/ -->\n<title>Os resultados da 3\u00b0 Meia Maratona de Piracicaba: parab\u00e9ns aos campe\u00f5es e \u00e0s campe\u00e3s! - Portal Chelso Sports<\/title>\n<meta name=\"robots\" content=\"index, follow, max-snippet:-1, max-image-preview:large, max-video-preview:-1\" \/>\n<link rel=\"canonical\" href=\"https:\/\/chelso.com.br\/site\/os-resultados-da-3-meia-maratona-de-piracicaba-parabens-aos-campeoes-e-as-campeas\/\" \/>\n<meta property=\"og:locale\" content=\"pt_BR\" \/>\n<meta property=\"og:type\" content=\"article\" \/>\n<meta property=\"og:title\" content=\"Os resultados da 3\u00b0 Meia Maratona de Piracicaba: parab\u00e9ns aos campe\u00f5es e \u00e0s campe\u00e3s! - Portal Chelso Sports\" \/>\n<meta property=\"og:description\" content=\"Foi hist\u00f3rica! A 3\u00aa Meia Maratona de Piracicaba ficou registrada como uma das maiores de Piracicaba e da regi\u00e3o. No domingo, dia 7 de dezembro, a regi\u00e3o da Rua do Porto ficou repleta de atletas com a presen\u00e7a de mais de 5 mil participantes, representando 17 estados brasileiros, que estiveram testando seus limites nas provas\" \/>\n<meta property=\"og:url\" content=\"https:\/\/chelso.com.br\/site\/os-resultados-da-3-meia-maratona-de-piracicaba-parabens-aos-campeoes-e-as-campeas\/\" \/>\n<meta property=\"og:site_name\" content=\"Portal Chelso Sports\" \/>\n<meta property=\"article:published_time\" content=\"2025-12-08T17:47:51+00:00\" \/>\n<meta property=\"article:modified_time\" content=\"2025-12-08T17:50:52+00:00\" \/>\n<meta property=\"og:image\" content=\"https:\/\/chelso.com.br\/site\/wp-content\/uploads\/2025\/12\/WhatsApp-Image-2025-12-08-at-14.41.34.jpeg\" \/>\n\t<meta property=\"og:image:width\" content=\"1200\" \/>\n\t<meta property=\"og:image:height\" content=\"931\" \/>\n\t<meta property=\"og:image:type\" content=\"image\/jpeg\" \/>\n<meta name=\"author\" content=\"Edilson Rodrigues\" \/>\n<meta name=\"twitter:card\" content=\"summary_large_image\" \/>\n<meta name=\"twitter:label1\" content=\"Escrito por\" \/>\n\t<meta name=\"twitter:data1\" content=\"Edilson Rodrigues\" \/>\n\t<meta name=\"twitter:label2\" content=\"Est. tempo de leitura\" \/>\n\t<meta name=\"twitter:data2\" content=\"3 minutos\" \/>\n<script type=\"application\/ld+json\" class=\"yoast-schema-graph\">{\"@context\":\"https:\\\/\\\/schema.org\",\"@graph\":[{\"@type\":\"Article\",\"@id\":\"https:\\\/\\\/chelso.com.br\\\/site\\\/os-resultados-da-3-meia-maratona-de-piracicaba-parabens-aos-campeoes-e-as-campeas\\\/#article\",\"isPartOf\":{\"@id\":\"https:\\\/\\\/chelso.com.br\\\/site\\\/os-resultados-da-3-meia-maratona-de-piracicaba-parabens-aos-campeoes-e-as-campeas\\\/\"},\"author\":{\"name\":\"Edilson Rodrigues\",\"@id\":\"https:\\\/\\\/chelso.com.br\\\/site\\\/#\\\/schema\\\/person\\\/a1e459f9cc882778a4f1367cb2ba51e3\"},\"headline\":\"Os resultados da 3\u00b0 Meia Maratona de Piracicaba: parab\u00e9ns aos campe\u00f5es e \u00e0s campe\u00e3s!\",\"datePublished\":\"2025-12-08T17:47:51+00:00\",\"dateModified\":\"2025-12-08T17:50:52+00:00\",\"mainEntityOfPage\":{\"@id\":\"https:\\\/\\\/chelso.com.br\\\/site\\\/os-resultados-da-3-meia-maratona-de-piracicaba-parabens-aos-campeoes-e-as-campeas\\\/\"},\"wordCount\":430,\"commentCount\":0,\"image\":{\"@id\":\"https:\\\/\\\/chelso.com.br\\\/site\\\/os-resultados-da-3-meia-maratona-de-piracicaba-parabens-aos-campeoes-e-as-campeas\\\/#primaryimage\"},\"thumbnailUrl\":\"https:\\\/\\\/chelso.com.br\\\/site\\\/wp-content\\\/uploads\\\/2025\\\/12\\\/WhatsApp-Image-2025-12-08-at-14.41.34.jpeg\",\"keywords\":[\"#meiamaratona\",\"#meiamaratonadepiracicaba\"],\"articleSection\":[\"Not\u00edcias\"],\"inLanguage\":\"pt-BR\",\"potentialAction\":[{\"@type\":\"CommentAction\",\"name\":\"Comment\",\"target\":[\"https:\\\/\\\/chelso.com.br\\\/site\\\/os-resultados-da-3-meia-maratona-de-piracicaba-parabens-aos-campeoes-e-as-campeas\\\/#respond\"]}]},{\"@type\":\"WebPage\",\"@id\":\"https:\\\/\\\/chelso.com.br\\\/site\\\/os-resultados-da-3-meia-maratona-de-piracicaba-parabens-aos-campeoes-e-as-campeas\\\/\",\"url\":\"https:\\\/\\\/chelso.com.br\\\/site\\\/os-resultados-da-3-meia-maratona-de-piracicaba-parabens-aos-campeoes-e-as-campeas\\\/\",\"name\":\"Os resultados da 3\u00b0 Meia Maratona de Piracicaba: parab\u00e9ns aos campe\u00f5es e \u00e0s campe\u00e3s! - Portal Chelso Sports\",\"isPartOf\":{\"@id\":\"https:\\\/\\\/chelso.com.br\\\/site\\\/#website\"},\"primaryImageOfPage\":{\"@id\":\"https:\\\/\\\/chelso.com.br\\\/site\\\/os-resultados-da-3-meia-maratona-de-piracicaba-parabens-aos-campeoes-e-as-campeas\\\/#primaryimage\"},\"image\":{\"@id\":\"https:\\\/\\\/chelso.com.br\\\/site\\\/os-resultados-da-3-meia-maratona-de-piracicaba-parabens-aos-campeoes-e-as-campeas\\\/#primaryimage\"},\"thumbnailUrl\":\"https:\\\/\\\/chelso.com.br\\\/site\\\/wp-content\\\/uploads\\\/2025\\\/12\\\/WhatsApp-Image-2025-12-08-at-14.41.34.jpeg\",\"datePublished\":\"2025-12-08T17:47:51+00:00\",\"dateModified\":\"2025-12-08T17:50:52+00:00\",\"author\":{\"@id\":\"https:\\\/\\\/chelso.com.br\\\/site\\\/#\\\/schema\\\/person\\\/a1e459f9cc882778a4f1367cb2ba51e3\"},\"breadcrumb\":{\"@id\":\"https:\\\/\\\/chelso.com.br\\\/site\\\/os-resultados-da-3-meia-maratona-de-piracicaba-parabens-aos-campeoes-e-as-campeas\\\/#breadcrumb\"},\"inLanguage\":\"pt-BR\",\"potentialAction\":[{\"@type\":\"ReadAction\",\"target\":[\"https:\\\/\\\/chelso.com.br\\\/site\\\/os-resultados-da-3-meia-maratona-de-piracicaba-parabens-aos-campeoes-e-as-campeas\\\/\"]}]},{\"@type\":\"ImageObject\",\"inLanguage\":\"pt-BR\",\"@id\":\"https:\\\/\\\/chelso.com.br\\\/site\\\/os-resultados-da-3-meia-maratona-de-piracicaba-parabens-aos-campeoes-e-as-campeas\\\/#primaryimage\",\"url\":\"https:\\\/\\\/chelso.com.br\\\/site\\\/wp-content\\\/uploads\\\/2025\\\/12\\\/WhatsApp-Image-2025-12-08-at-14.41.34.jpeg\",\"contentUrl\":\"https:\\\/\\\/chelso.com.br\\\/site\\\/wp-content\\\/uploads\\\/2025\\\/12\\\/WhatsApp-Image-2025-12-08-at-14.41.34.jpeg\",\"width\":1200,\"height\":931},{\"@type\":\"BreadcrumbList\",\"@id\":\"https:\\\/\\\/chelso.com.br\\\/site\\\/os-resultados-da-3-meia-maratona-de-piracicaba-parabens-aos-campeoes-e-as-campeas\\\/#breadcrumb\",\"itemListElement\":[{\"@type\":\"ListItem\",\"position\":1,\"name\":\"In\u00edcio\",\"item\":\"https:\\\/\\\/chelso.com.br\\\/site\\\/\"},{\"@type\":\"ListItem\",\"position\":2,\"name\":\"Os resultados da 3\u00b0 Meia Maratona de Piracicaba: parab\u00e9ns aos campe\u00f5es e \u00e0s campe\u00e3s!\"}]},{\"@type\":\"WebSite\",\"@id\":\"https:\\\/\\\/chelso.com.br\\\/site\\\/#website\",\"url\":\"https:\\\/\\\/chelso.com.br\\\/site\\\/\",\"name\":\"Portal Chelso Sports\",\"description\":\"Conte\u00fado especializado em corrida de rua e triathlon\",\"potentialAction\":[{\"@type\":\"SearchAction\",\"target\":{\"@type\":\"EntryPoint\",\"urlTemplate\":\"https:\\\/\\\/chelso.com.br\\\/site\\\/?s={search_term_string}\"},\"query-input\":{\"@type\":\"PropertyValueSpecification\",\"valueRequired\":true,\"valueName\":\"search_term_string\"}}],\"inLanguage\":\"pt-BR\"},{\"@type\":\"Person\",\"@id\":\"https:\\\/\\\/chelso.com.br\\\/site\\\/#\\\/schema\\\/person\\\/a1e459f9cc882778a4f1367cb2ba51e3\",\"name\":\"Edilson Rodrigues\",\"image\":{\"@type\":\"ImageObject\",\"inLanguage\":\"pt-BR\",\"@id\":\"https:\\\/\\\/chelso.com.br\\\/site\\\/wp-content\\\/uploads\\\/2024\\\/09\\\/Captura-de-tela-2024-09-27-170323-150x150.png\",\"url\":\"https:\\\/\\\/chelso.com.br\\\/site\\\/wp-content\\\/uploads\\\/2024\\\/09\\\/Captura-de-tela-2024-09-27-170323-150x150.png\",\"contentUrl\":\"https:\\\/\\\/chelso.com.br\\\/site\\\/wp-content\\\/uploads\\\/2024\\\/09\\\/Captura-de-tela-2024-09-27-170323-150x150.png\",\"caption\":\"Edilson Rodrigues\"},\"url\":\"https:\\\/\\\/chelso.com.br\\\/site\\\/author\\\/edilson\\\/\"}]}<\/script>\n<!-- \/ Yoast SEO plugin. -->","yoast_head_json":{"title":"Os resultados da 3\u00b0 Meia Maratona de Piracicaba: parab\u00e9ns aos campe\u00f5es e \u00e0s campe\u00e3s! - Portal Chelso Sports","robots":{"index":"index","follow":"follow","max-snippet":"max-snippet:-1","max-image-preview":"max-image-preview:large","max-video-preview":"max-video-preview:-1"},"canonical":"https:\/\/chelso.com.br\/site\/os-resultados-da-3-meia-maratona-de-piracicaba-parabens-aos-campeoes-e-as-campeas\/","og_locale":"pt_BR","og_type":"article","og_title":"Os resultados da 3\u00b0 Meia Maratona de Piracicaba: parab\u00e9ns aos campe\u00f5es e \u00e0s campe\u00e3s! - Portal Chelso Sports","og_description":"Foi hist\u00f3rica! A 3\u00aa Meia Maratona de Piracicaba ficou registrada como uma das maiores de Piracicaba e da regi\u00e3o. No domingo, dia 7 de dezembro, a regi\u00e3o da Rua do Porto ficou repleta de atletas com a presen\u00e7a de mais de 5 mil participantes, representando 17 estados brasileiros, que estiveram testando seus limites nas provas","og_url":"https:\/\/chelso.com.br\/site\/os-resultados-da-3-meia-maratona-de-piracicaba-parabens-aos-campeoes-e-as-campeas\/","og_site_name":"Portal Chelso Sports","article_published_time":"2025-12-08T17:47:51+00:00","article_modified_time":"2025-12-08T17:50:52+00:00","og_image":[{"width":1200,"height":931,"url":"https:\/\/chelso.com.br\/site\/wp-content\/uploads\/2025\/12\/WhatsApp-Image-2025-12-08-at-14.41.34.jpeg","type":"image\/jpeg"}],"author":"Edilson Rodrigues","twitter_card":"summary_large_image","twitter_misc":{"Escrito por":"Edilson Rodrigues","Est. tempo de leitura":"3 minutos"},"schema":{"@context":"https:\/\/schema.org","@graph":[{"@type":"Article","@id":"https:\/\/chelso.com.br\/site\/os-resultados-da-3-meia-maratona-de-piracicaba-parabens-aos-campeoes-e-as-campeas\/#article","isPartOf":{"@id":"https:\/\/chelso.com.br\/site\/os-resultados-da-3-meia-maratona-de-piracicaba-parabens-aos-campeoes-e-as-campeas\/"},"author":{"name":"Edilson Rodrigues","@id":"https:\/\/chelso.com.br\/site\/#\/schema\/person\/a1e459f9cc882778a4f1367cb2ba51e3"},"headline":"Os resultados da 3\u00b0 Meia Maratona de Piracicaba: parab\u00e9ns aos campe\u00f5es e \u00e0s campe\u00e3s!","datePublished":"2025-12-08T17:47:51+00:00","dateModified":"2025-12-08T17:50:52+00:00","mainEntityOfPage":{"@id":"https:\/\/chelso.com.br\/site\/os-resultados-da-3-meia-maratona-de-piracicaba-parabens-aos-campeoes-e-as-campeas\/"},"wordCount":430,"commentCount":0,"image":{"@id":"https:\/\/chelso.com.br\/site\/os-resultados-da-3-meia-maratona-de-piracicaba-parabens-aos-campeoes-e-as-campeas\/#primaryimage"},"thumbnailUrl":"https:\/\/chelso.com.br\/site\/wp-content\/uploads\/2025\/12\/WhatsApp-Image-2025-12-08-at-14.41.34.jpeg","keywords":["#meiamaratona","#meiamaratonadepiracicaba"],"articleSection":["Not\u00edcias"],"inLanguage":"pt-BR","potentialAction":[{"@type":"CommentAction","name":"Comment","target":["https:\/\/chelso.com.br\/site\/os-resultados-da-3-meia-maratona-de-piracicaba-parabens-aos-campeoes-e-as-campeas\/#respond"]}]},{"@type":"WebPage","@id":"https:\/\/chelso.com.br\/site\/os-resultados-da-3-meia-maratona-de-piracicaba-parabens-aos-campeoes-e-as-campeas\/","url":"https:\/\/chelso.com.br\/site\/os-resultados-da-3-meia-maratona-de-piracicaba-parabens-aos-campeoes-e-as-campeas\/","name":"Os resultados da 3\u00b0 Meia Maratona de Piracicaba: parab\u00e9ns aos campe\u00f5es e \u00e0s campe\u00e3s! - Portal Chelso Sports","isPartOf":{"@id":"https:\/\/chelso.com.br\/site\/#website"},"primaryImageOfPage":{"@id":"https:\/\/chelso.com.br\/site\/os-resultados-da-3-meia-maratona-de-piracicaba-parabens-aos-campeoes-e-as-campeas\/#primaryimage"},"image":{"@id":"https:\/\/chelso.com.br\/site\/os-resultados-da-3-meia-maratona-de-piracicaba-parabens-aos-campeoes-e-as-campeas\/#primaryimage"},"thumbnailUrl":"https:\/\/chelso.com.br\/site\/wp-content\/uploads\/2025\/12\/WhatsApp-Image-2025-12-08-at-14.41.34.jpeg","datePublished":"2025-12-08T17:47:51+00:00","dateModified":"2025-12-08T17:50:52+00:00","author":{"@id":"https:\/\/chelso.com.br\/site\/#\/schema\/person\/a1e459f9cc882778a4f1367cb2ba51e3"},"breadcrumb":{"@id":"https:\/\/chelso.com.br\/site\/os-resultados-da-3-meia-maratona-de-piracicaba-parabens-aos-campeoes-e-as-campeas\/#breadcrumb"},"inLanguage":"pt-BR","potentialAction":[{"@type":"ReadAction","target":["https:\/\/chelso.com.br\/site\/os-resultados-da-3-meia-maratona-de-piracicaba-parabens-aos-campeoes-e-as-campeas\/"]}]},{"@type":"ImageObject","inLanguage":"pt-BR","@id":"https:\/\/chelso.com.br\/site\/os-resultados-da-3-meia-maratona-de-piracicaba-parabens-aos-campeoes-e-as-campeas\/#primaryimage","url":"https:\/\/chelso.com.br\/site\/wp-content\/uploads\/2025\/12\/WhatsApp-Image-2025-12-08-at-14.41.34.jpeg","contentUrl":"https:\/\/chelso.com.br\/site\/wp-content\/uploads\/2025\/12\/WhatsApp-Image-2025-12-08-at-14.41.34.jpeg","width":1200,"height":931},{"@type":"BreadcrumbList","@id":"https:\/\/chelso.com.br\/site\/os-resultados-da-3-meia-maratona-de-piracicaba-parabens-aos-campeoes-e-as-campeas\/#breadcrumb","itemListElement":[{"@type":"ListItem","position":1,"name":"In\u00edcio","item":"https:\/\/chelso.com.br\/site\/"},{"@type":"ListItem","position":2,"name":"Os resultados da 3\u00b0 Meia Maratona de Piracicaba: parab\u00e9ns aos campe\u00f5es e \u00e0s campe\u00e3s!"}]},{"@type":"WebSite","@id":"https:\/\/chelso.com.br\/site\/#website","url":"https:\/\/chelso.com.br\/site\/","name":"Portal Chelso Sports","description":"Conte\u00fado especializado em corrida de rua e triathlon","potentialAction":[{"@type":"SearchAction","target":{"@type":"EntryPoint","urlTemplate":"https:\/\/chelso.com.br\/site\/?s={search_term_string}"},"query-input":{"@type":"PropertyValueSpecification","valueRequired":true,"valueName":"search_term_string"}}],"inLanguage":"pt-BR"},{"@type":"Person","@id":"https:\/\/chelso.com.br\/site\/#\/schema\/person\/a1e459f9cc882778a4f1367cb2ba51e3","name":"Edilson Rodrigues","image":{"@type":"ImageObject","inLanguage":"pt-BR","@id":"https:\/\/chelso.com.br\/site\/wp-content\/uploads\/2024\/09\/Captura-de-tela-2024-09-27-170323-150x150.png","url":"https:\/\/chelso.com.br\/site\/wp-content\/uploads\/2024\/09\/Captura-de-tela-2024-09-27-170323-150x150.png","contentUrl":"https:\/\/chelso.com.br\/site\/wp-content\/uploads\/2024\/09\/Captura-de-tela-2024-09-27-170323-150x150.png","caption":"Edilson Rodrigues"},"url":"https:\/\/chelso.com.br\/site\/author\/edilson\/"}]}},"amp_enabled":true,"_links":{"self":[{"href":"https:\/\/chelso.com.br\/site\/wp-json\/wp\/v2\/posts\/28319","targetHints":{"allow":["GET"]}}],"collection":[{"href":"https:\/\/chelso.com.br\/site\/wp-json\/wp\/v2\/posts"}],"about":[{"href":"https:\/\/chelso.com.br\/site\/wp-json\/wp\/v2\/types\/post"}],"author":[{"embeddable":true,"href":"https:\/\/chelso.com.br\/site\/wp-json\/wp\/v2\/users\/43"}],"replies":[{"embeddable":true,"href":"https:\/\/chelso.com.br\/site\/wp-json\/wp\/v2\/comments?post=28319"}],"version-history":[{"count":4,"href":"https:\/\/chelso.com.br\/site\/wp-json\/wp\/v2\/posts\/28319\/revisions"}],"predecessor-version":[{"id":28325,"href":"https:\/\/chelso.com.br\/site\/wp-json\/wp\/v2\/posts\/28319\/revisions\/28325"}],"wp:featuredmedia":[{"embeddable":true,"href":"https:\/\/chelso.com.br\/site\/wp-json\/wp\/v2\/media\/28321"}],"wp:attachment":[{"href":"https:\/\/chelso.com.br\/site\/wp-json\/wp\/v2\/media?parent=28319"}],"wp:term":[{"taxonomy":"category","embeddable":true,"href":"https:\/\/chelso.com.br\/site\/wp-json\/wp\/v2\/categories?post=28319"},{"taxonomy":"post_tag","embeddable":true,"href":"https:\/\/chelso.com.br\/site\/wp-json\/wp\/v2\/tags?post=28319"}],"curies":[{"name":"wp","href":"https:\/\/api.w.org\/{rel}","templated":true}]}}