{"id":28387,"date":"2025-12-11T11:58:39","date_gmt":"2025-12-11T14:58:39","guid":{"rendered":"https:\/\/chelso.com.br\/site\/?p=28387"},"modified":"2025-12-11T12:02:23","modified_gmt":"2025-12-11T15:02:23","slug":"falatimecast-traz-alberto-banach-e-suas-historias-de-superacao","status":"publish","type":"post","link":"https:\/\/chelso.com.br\/site\/falatimecast-traz-alberto-banach-e-suas-historias-de-superacao\/","title":{"rendered":"FalaTimeCast traz Alberto Banach e suas hist\u00f3rias de supera\u00e7\u00e3o"},"content":{"rendered":"<p>No epis\u00f3dio desta quinta-feira, dia 11 de dezembro, o FalaTimeCast conta com a presen\u00e7a de um convidado especial: Alberto Banach que j\u00e1 percorreu 62 maratonas pelo mundo.<\/p>\n<p>Esse verdadeiro campe\u00e3o vai contar os motivos que o levam a acreditar na corrida como ferramenta de transforma\u00e7\u00e3o de vidas e qual o segredo para seguir sua carreira inspirando gera\u00e7\u00f5es e corredores.<\/p>\n<p>FalaTimeCast acontece todas as quintas-feiras, a partir das 20h, no YouTube.<\/p>\n<p><img fetchpriority=\"high\" decoding=\"async\" class=\"wp-image-28388 aligncenter\" src=\"https:\/\/chelso.com.br\/site\/wp-content\/uploads\/2025\/12\/WhatsApp-Image-2025-12-10-at-18.11.22-225x300.jpeg\" alt=\"\" width=\"315\" height=\"420\" srcset=\"https:\/\/chelso.com.br\/site\/wp-content\/uploads\/2025\/12\/WhatsApp-Image-2025-12-10-at-18.11.22-225x300.jpeg 225w, https:\/\/chelso.com.br\/site\/wp-content\/uploads\/2025\/12\/WhatsApp-Image-2025-12-10-at-18.11.22-768x1024.jpeg 768w, https:\/\/chelso.com.br\/site\/wp-content\/uploads\/2025\/12\/WhatsApp-Image-2025-12-10-at-18.11.22-150x200.jpeg 150w, https:\/\/chelso.com.br\/site\/wp-content\/uploads\/2025\/12\/WhatsApp-Image-2025-12-10-at-18.11.22-450x600.jpeg 450w, https:\/\/chelso.com.br\/site\/wp-content\/uploads\/2025\/12\/WhatsApp-Image-2025-12-10-at-18.11.22.jpeg 1080w\" sizes=\"(max-width: 315px) 100vw, 315px\" \/><\/p>\n<p><strong>\u00a0<\/strong><\/p>\n<p><strong>Cr\u00e9dito fotos Chelso Sports <\/strong><\/p>\n<p><strong>Reda\u00e7\u00e3o Assessoria de Imprensa Chelso Sports<\/strong><\/p>\n<p>Jornalista Edilson Rodrigues de Morais, Mtb 26.319<\/p>\n<p>(19) 99706.1570 \u2013\u00a0<a href=\"http:\/\/www.chelso.com.br\/\">www.chelso.com.br<\/a><\/p>\n","protected":false},"excerpt":{"rendered":"<p>No epis\u00f3dio desta quinta-feira, dia 11 de dezembro, o FalaTimeCast conta com a presen\u00e7a de um convidado especial: Alberto Banach que j\u00e1 percorreu 62 maratonas pelo mundo. Esse verdadeiro campe\u00e3o vai contar os motivos que o levam a acreditar na corrida como ferramenta de transforma\u00e7\u00e3o de vidas e qual o segredo para seguir sua carreira<\/p>\n","protected":false},"author":43,"featured_media":28391,"comment_status":"open","ping_status":"closed","sticky":false,"template":"","format":"standard","meta":{"om_disable_all_campaigns":false,"_monsterinsights_skip_tracking":false,"_monsterinsights_sitenote_active":false,"_monsterinsights_sitenote_note":"","_monsterinsights_sitenote_category":0,"footnotes":""},"categories":[30],"tags":[6016,6017,735,4635,6018,5940],"class_list":{"0":"post-28387","1":"post","2":"type-post","3":"status-publish","4":"format-standard","5":"has-post-thumbnail","7":"category-noticias","8":"tag-alberto","9":"tag-albertobanach","10":"tag-chelso","11":"tag-falatimecast","12":"tag-guilherme","13":"tag-guilhermecelso"},"aioseo_notices":[],"yoast_head":"<!-- This site is optimized with the Yoast SEO plugin v27.5 - https:\/\/yoast.com\/product\/yoast-seo-wordpress\/ -->\n<title>FalaTimeCast traz Alberto Banach e suas hist\u00f3rias de supera\u00e7\u00e3o - Portal Chelso Sports<\/title>\n<meta name=\"robots\" content=\"index, follow, max-snippet:-1, max-image-preview:large, max-video-preview:-1\" \/>\n<link rel=\"canonical\" href=\"https:\/\/chelso.com.br\/site\/falatimecast-traz-alberto-banach-e-suas-historias-de-superacao\/\" \/>\n<meta property=\"og:locale\" content=\"pt_BR\" \/>\n<meta property=\"og:type\" content=\"article\" \/>\n<meta property=\"og:title\" content=\"FalaTimeCast traz Alberto Banach e suas hist\u00f3rias de supera\u00e7\u00e3o - Portal Chelso Sports\" \/>\n<meta property=\"og:description\" content=\"No epis\u00f3dio desta quinta-feira, dia 11 de dezembro, o FalaTimeCast conta com a presen\u00e7a de um convidado especial: Alberto Banach que j\u00e1 percorreu 62 maratonas pelo mundo. Esse verdadeiro campe\u00e3o vai contar os motivos que o levam a acreditar na corrida como ferramenta de transforma\u00e7\u00e3o de vidas e qual o segredo para seguir sua carreira\" \/>\n<meta property=\"og:url\" content=\"https:\/\/chelso.com.br\/site\/falatimecast-traz-alberto-banach-e-suas-historias-de-superacao\/\" \/>\n<meta property=\"og:site_name\" content=\"Portal Chelso Sports\" \/>\n<meta property=\"article:published_time\" content=\"2025-12-11T14:58:39+00:00\" \/>\n<meta property=\"article:modified_time\" content=\"2025-12-11T15:02:23+00:00\" \/>\n<meta property=\"og:image\" content=\"https:\/\/chelso.com.br\/site\/wp-content\/uploads\/2025\/12\/WhatsApp-Image-2025-12-10-at-18.11.22-Copia-1.jpeg\" \/>\n\t<meta property=\"og:image:width\" content=\"1080\" \/>\n\t<meta property=\"og:image:height\" content=\"879\" \/>\n\t<meta property=\"og:image:type\" content=\"image\/jpeg\" \/>\n<meta name=\"author\" content=\"Edilson Rodrigues\" \/>\n<meta name=\"twitter:card\" content=\"summary_large_image\" \/>\n<meta name=\"twitter:label1\" content=\"Escrito por\" \/>\n\t<meta name=\"twitter:data1\" content=\"Edilson Rodrigues\" \/>\n\t<meta name=\"twitter:label2\" content=\"Est. tempo de leitura\" \/>\n\t<meta name=\"twitter:data2\" content=\"1 minuto\" \/>\n<script type=\"application\/ld+json\" class=\"yoast-schema-graph\">{\"@context\":\"https:\\\/\\\/schema.org\",\"@graph\":[{\"@type\":\"Article\",\"@id\":\"https:\\\/\\\/chelso.com.br\\\/site\\\/falatimecast-traz-alberto-banach-e-suas-historias-de-superacao\\\/#article\",\"isPartOf\":{\"@id\":\"https:\\\/\\\/chelso.com.br\\\/site\\\/falatimecast-traz-alberto-banach-e-suas-historias-de-superacao\\\/\"},\"author\":{\"name\":\"Edilson Rodrigues\",\"@id\":\"https:\\\/\\\/chelso.com.br\\\/site\\\/#\\\/schema\\\/person\\\/a1e459f9cc882778a4f1367cb2ba51e3\"},\"headline\":\"FalaTimeCast traz Alberto Banach e suas hist\u00f3rias de supera\u00e7\u00e3o\",\"datePublished\":\"2025-12-11T14:58:39+00:00\",\"dateModified\":\"2025-12-11T15:02:23+00:00\",\"mainEntityOfPage\":{\"@id\":\"https:\\\/\\\/chelso.com.br\\\/site\\\/falatimecast-traz-alberto-banach-e-suas-historias-de-superacao\\\/\"},\"wordCount\":106,\"commentCount\":0,\"image\":{\"@id\":\"https:\\\/\\\/chelso.com.br\\\/site\\\/falatimecast-traz-alberto-banach-e-suas-historias-de-superacao\\\/#primaryimage\"},\"thumbnailUrl\":\"https:\\\/\\\/chelso.com.br\\\/site\\\/wp-content\\\/uploads\\\/2025\\\/12\\\/WhatsApp-Image-2025-12-10-at-18.11.22-Copia-1.jpeg\",\"keywords\":[\"alberto\",\"albertobanach\",\"Chelso\",\"falatimecast\",\"guilherme\",\"guilhermecelso\"],\"articleSection\":[\"Not\u00edcias\"],\"inLanguage\":\"pt-BR\",\"potentialAction\":[{\"@type\":\"CommentAction\",\"name\":\"Comment\",\"target\":[\"https:\\\/\\\/chelso.com.br\\\/site\\\/falatimecast-traz-alberto-banach-e-suas-historias-de-superacao\\\/#respond\"]}]},{\"@type\":\"WebPage\",\"@id\":\"https:\\\/\\\/chelso.com.br\\\/site\\\/falatimecast-traz-alberto-banach-e-suas-historias-de-superacao\\\/\",\"url\":\"https:\\\/\\\/chelso.com.br\\\/site\\\/falatimecast-traz-alberto-banach-e-suas-historias-de-superacao\\\/\",\"name\":\"FalaTimeCast traz Alberto Banach e suas hist\u00f3rias de supera\u00e7\u00e3o - Portal Chelso Sports\",\"isPartOf\":{\"@id\":\"https:\\\/\\\/chelso.com.br\\\/site\\\/#website\"},\"primaryImageOfPage\":{\"@id\":\"https:\\\/\\\/chelso.com.br\\\/site\\\/falatimecast-traz-alberto-banach-e-suas-historias-de-superacao\\\/#primaryimage\"},\"image\":{\"@id\":\"https:\\\/\\\/chelso.com.br\\\/site\\\/falatimecast-traz-alberto-banach-e-suas-historias-de-superacao\\\/#primaryimage\"},\"thumbnailUrl\":\"https:\\\/\\\/chelso.com.br\\\/site\\\/wp-content\\\/uploads\\\/2025\\\/12\\\/WhatsApp-Image-2025-12-10-at-18.11.22-Copia-1.jpeg\",\"datePublished\":\"2025-12-11T14:58:39+00:00\",\"dateModified\":\"2025-12-11T15:02:23+00:00\",\"author\":{\"@id\":\"https:\\\/\\\/chelso.com.br\\\/site\\\/#\\\/schema\\\/person\\\/a1e459f9cc882778a4f1367cb2ba51e3\"},\"breadcrumb\":{\"@id\":\"https:\\\/\\\/chelso.com.br\\\/site\\\/falatimecast-traz-alberto-banach-e-suas-historias-de-superacao\\\/#breadcrumb\"},\"inLanguage\":\"pt-BR\",\"potentialAction\":[{\"@type\":\"ReadAction\",\"target\":[\"https:\\\/\\\/chelso.com.br\\\/site\\\/falatimecast-traz-alberto-banach-e-suas-historias-de-superacao\\\/\"]}]},{\"@type\":\"ImageObject\",\"inLanguage\":\"pt-BR\",\"@id\":\"https:\\\/\\\/chelso.com.br\\\/site\\\/falatimecast-traz-alberto-banach-e-suas-historias-de-superacao\\\/#primaryimage\",\"url\":\"https:\\\/\\\/chelso.com.br\\\/site\\\/wp-content\\\/uploads\\\/2025\\\/12\\\/WhatsApp-Image-2025-12-10-at-18.11.22-Copia-1.jpeg\",\"contentUrl\":\"https:\\\/\\\/chelso.com.br\\\/site\\\/wp-content\\\/uploads\\\/2025\\\/12\\\/WhatsApp-Image-2025-12-10-at-18.11.22-Copia-1.jpeg\",\"width\":1080,\"height\":879},{\"@type\":\"BreadcrumbList\",\"@id\":\"https:\\\/\\\/chelso.com.br\\\/site\\\/falatimecast-traz-alberto-banach-e-suas-historias-de-superacao\\\/#breadcrumb\",\"itemListElement\":[{\"@type\":\"ListItem\",\"position\":1,\"name\":\"In\u00edcio\",\"item\":\"https:\\\/\\\/chelso.com.br\\\/site\\\/\"},{\"@type\":\"ListItem\",\"position\":2,\"name\":\"FalaTimeCast traz Alberto Banach e suas hist\u00f3rias de supera\u00e7\u00e3o\"}]},{\"@type\":\"WebSite\",\"@id\":\"https:\\\/\\\/chelso.com.br\\\/site\\\/#website\",\"url\":\"https:\\\/\\\/chelso.com.br\\\/site\\\/\",\"name\":\"Portal Chelso Sports\",\"description\":\"Conte\u00fado especializado em corrida de rua e triathlon\",\"potentialAction\":[{\"@type\":\"SearchAction\",\"target\":{\"@type\":\"EntryPoint\",\"urlTemplate\":\"https:\\\/\\\/chelso.com.br\\\/site\\\/?s={search_term_string}\"},\"query-input\":{\"@type\":\"PropertyValueSpecification\",\"valueRequired\":true,\"valueName\":\"search_term_string\"}}],\"inLanguage\":\"pt-BR\"},{\"@type\":\"Person\",\"@id\":\"https:\\\/\\\/chelso.com.br\\\/site\\\/#\\\/schema\\\/person\\\/a1e459f9cc882778a4f1367cb2ba51e3\",\"name\":\"Edilson Rodrigues\",\"image\":{\"@type\":\"ImageObject\",\"inLanguage\":\"pt-BR\",\"@id\":\"https:\\\/\\\/chelso.com.br\\\/site\\\/wp-content\\\/uploads\\\/2024\\\/09\\\/Captura-de-tela-2024-09-27-170323-150x150.png\",\"url\":\"https:\\\/\\\/chelso.com.br\\\/site\\\/wp-content\\\/uploads\\\/2024\\\/09\\\/Captura-de-tela-2024-09-27-170323-150x150.png\",\"contentUrl\":\"https:\\\/\\\/chelso.com.br\\\/site\\\/wp-content\\\/uploads\\\/2024\\\/09\\\/Captura-de-tela-2024-09-27-170323-150x150.png\",\"caption\":\"Edilson Rodrigues\"},\"url\":\"https:\\\/\\\/chelso.com.br\\\/site\\\/author\\\/edilson\\\/\"}]}<\/script>\n<!-- \/ Yoast SEO plugin. -->","yoast_head_json":{"title":"FalaTimeCast traz Alberto Banach e suas hist\u00f3rias de supera\u00e7\u00e3o - Portal Chelso Sports","robots":{"index":"index","follow":"follow","max-snippet":"max-snippet:-1","max-image-preview":"max-image-preview:large","max-video-preview":"max-video-preview:-1"},"canonical":"https:\/\/chelso.com.br\/site\/falatimecast-traz-alberto-banach-e-suas-historias-de-superacao\/","og_locale":"pt_BR","og_type":"article","og_title":"FalaTimeCast traz Alberto Banach e suas hist\u00f3rias de supera\u00e7\u00e3o - Portal Chelso Sports","og_description":"No epis\u00f3dio desta quinta-feira, dia 11 de dezembro, o FalaTimeCast conta com a presen\u00e7a de um convidado especial: Alberto Banach que j\u00e1 percorreu 62 maratonas pelo mundo. Esse verdadeiro campe\u00e3o vai contar os motivos que o levam a acreditar na corrida como ferramenta de transforma\u00e7\u00e3o de vidas e qual o segredo para seguir sua carreira","og_url":"https:\/\/chelso.com.br\/site\/falatimecast-traz-alberto-banach-e-suas-historias-de-superacao\/","og_site_name":"Portal Chelso Sports","article_published_time":"2025-12-11T14:58:39+00:00","article_modified_time":"2025-12-11T15:02:23+00:00","og_image":[{"width":1080,"height":879,"url":"https:\/\/chelso.com.br\/site\/wp-content\/uploads\/2025\/12\/WhatsApp-Image-2025-12-10-at-18.11.22-Copia-1.jpeg","type":"image\/jpeg"}],"author":"Edilson Rodrigues","twitter_card":"summary_large_image","twitter_misc":{"Escrito por":"Edilson Rodrigues","Est. tempo de leitura":"1 minuto"},"schema":{"@context":"https:\/\/schema.org","@graph":[{"@type":"Article","@id":"https:\/\/chelso.com.br\/site\/falatimecast-traz-alberto-banach-e-suas-historias-de-superacao\/#article","isPartOf":{"@id":"https:\/\/chelso.com.br\/site\/falatimecast-traz-alberto-banach-e-suas-historias-de-superacao\/"},"author":{"name":"Edilson Rodrigues","@id":"https:\/\/chelso.com.br\/site\/#\/schema\/person\/a1e459f9cc882778a4f1367cb2ba51e3"},"headline":"FalaTimeCast traz Alberto Banach e suas hist\u00f3rias de supera\u00e7\u00e3o","datePublished":"2025-12-11T14:58:39+00:00","dateModified":"2025-12-11T15:02:23+00:00","mainEntityOfPage":{"@id":"https:\/\/chelso.com.br\/site\/falatimecast-traz-alberto-banach-e-suas-historias-de-superacao\/"},"wordCount":106,"commentCount":0,"image":{"@id":"https:\/\/chelso.com.br\/site\/falatimecast-traz-alberto-banach-e-suas-historias-de-superacao\/#primaryimage"},"thumbnailUrl":"https:\/\/chelso.com.br\/site\/wp-content\/uploads\/2025\/12\/WhatsApp-Image-2025-12-10-at-18.11.22-Copia-1.jpeg","keywords":["alberto","albertobanach","Chelso","falatimecast","guilherme","guilhermecelso"],"articleSection":["Not\u00edcias"],"inLanguage":"pt-BR","potentialAction":[{"@type":"CommentAction","name":"Comment","target":["https:\/\/chelso.com.br\/site\/falatimecast-traz-alberto-banach-e-suas-historias-de-superacao\/#respond"]}]},{"@type":"WebPage","@id":"https:\/\/chelso.com.br\/site\/falatimecast-traz-alberto-banach-e-suas-historias-de-superacao\/","url":"https:\/\/chelso.com.br\/site\/falatimecast-traz-alberto-banach-e-suas-historias-de-superacao\/","name":"FalaTimeCast traz Alberto Banach e suas hist\u00f3rias de supera\u00e7\u00e3o - Portal Chelso Sports","isPartOf":{"@id":"https:\/\/chelso.com.br\/site\/#website"},"primaryImageOfPage":{"@id":"https:\/\/chelso.com.br\/site\/falatimecast-traz-alberto-banach-e-suas-historias-de-superacao\/#primaryimage"},"image":{"@id":"https:\/\/chelso.com.br\/site\/falatimecast-traz-alberto-banach-e-suas-historias-de-superacao\/#primaryimage"},"thumbnailUrl":"https:\/\/chelso.com.br\/site\/wp-content\/uploads\/2025\/12\/WhatsApp-Image-2025-12-10-at-18.11.22-Copia-1.jpeg","datePublished":"2025-12-11T14:58:39+00:00","dateModified":"2025-12-11T15:02:23+00:00","author":{"@id":"https:\/\/chelso.com.br\/site\/#\/schema\/person\/a1e459f9cc882778a4f1367cb2ba51e3"},"breadcrumb":{"@id":"https:\/\/chelso.com.br\/site\/falatimecast-traz-alberto-banach-e-suas-historias-de-superacao\/#breadcrumb"},"inLanguage":"pt-BR","potentialAction":[{"@type":"ReadAction","target":["https:\/\/chelso.com.br\/site\/falatimecast-traz-alberto-banach-e-suas-historias-de-superacao\/"]}]},{"@type":"ImageObject","inLanguage":"pt-BR","@id":"https:\/\/chelso.com.br\/site\/falatimecast-traz-alberto-banach-e-suas-historias-de-superacao\/#primaryimage","url":"https:\/\/chelso.com.br\/site\/wp-content\/uploads\/2025\/12\/WhatsApp-Image-2025-12-10-at-18.11.22-Copia-1.jpeg","contentUrl":"https:\/\/chelso.com.br\/site\/wp-content\/uploads\/2025\/12\/WhatsApp-Image-2025-12-10-at-18.11.22-Copia-1.jpeg","width":1080,"height":879},{"@type":"BreadcrumbList","@id":"https:\/\/chelso.com.br\/site\/falatimecast-traz-alberto-banach-e-suas-historias-de-superacao\/#breadcrumb","itemListElement":[{"@type":"ListItem","position":1,"name":"In\u00edcio","item":"https:\/\/chelso.com.br\/site\/"},{"@type":"ListItem","position":2,"name":"FalaTimeCast traz Alberto Banach e suas hist\u00f3rias de supera\u00e7\u00e3o"}]},{"@type":"WebSite","@id":"https:\/\/chelso.com.br\/site\/#website","url":"https:\/\/chelso.com.br\/site\/","name":"Portal Chelso Sports","description":"Conte\u00fado especializado em corrida de rua e triathlon","potentialAction":[{"@type":"SearchAction","target":{"@type":"EntryPoint","urlTemplate":"https:\/\/chelso.com.br\/site\/?s={search_term_string}"},"query-input":{"@type":"PropertyValueSpecification","valueRequired":true,"valueName":"search_term_string"}}],"inLanguage":"pt-BR"},{"@type":"Person","@id":"https:\/\/chelso.com.br\/site\/#\/schema\/person\/a1e459f9cc882778a4f1367cb2ba51e3","name":"Edilson Rodrigues","image":{"@type":"ImageObject","inLanguage":"pt-BR","@id":"https:\/\/chelso.com.br\/site\/wp-content\/uploads\/2024\/09\/Captura-de-tela-2024-09-27-170323-150x150.png","url":"https:\/\/chelso.com.br\/site\/wp-content\/uploads\/2024\/09\/Captura-de-tela-2024-09-27-170323-150x150.png","contentUrl":"https:\/\/chelso.com.br\/site\/wp-content\/uploads\/2024\/09\/Captura-de-tela-2024-09-27-170323-150x150.png","caption":"Edilson Rodrigues"},"url":"https:\/\/chelso.com.br\/site\/author\/edilson\/"}]}},"amp_enabled":true,"_links":{"self":[{"href":"https:\/\/chelso.com.br\/site\/wp-json\/wp\/v2\/posts\/28387","targetHints":{"allow":["GET"]}}],"collection":[{"href":"https:\/\/chelso.com.br\/site\/wp-json\/wp\/v2\/posts"}],"about":[{"href":"https:\/\/chelso.com.br\/site\/wp-json\/wp\/v2\/types\/post"}],"author":[{"embeddable":true,"href":"https:\/\/chelso.com.br\/site\/wp-json\/wp\/v2\/users\/43"}],"replies":[{"embeddable":true,"href":"https:\/\/chelso.com.br\/site\/wp-json\/wp\/v2\/comments?post=28387"}],"version-history":[{"count":1,"href":"https:\/\/chelso.com.br\/site\/wp-json\/wp\/v2\/posts\/28387\/revisions"}],"predecessor-version":[{"id":28390,"href":"https:\/\/chelso.com.br\/site\/wp-json\/wp\/v2\/posts\/28387\/revisions\/28390"}],"wp:featuredmedia":[{"embeddable":true,"href":"https:\/\/chelso.com.br\/site\/wp-json\/wp\/v2\/media\/28391"}],"wp:attachment":[{"href":"https:\/\/chelso.com.br\/site\/wp-json\/wp\/v2\/media?parent=28387"}],"wp:term":[{"taxonomy":"category","embeddable":true,"href":"https:\/\/chelso.com.br\/site\/wp-json\/wp\/v2\/categories?post=28387"},{"taxonomy":"post_tag","embeddable":true,"href":"https:\/\/chelso.com.br\/site\/wp-json\/wp\/v2\/tags?post=28387"}],"curies":[{"name":"wp","href":"https:\/\/api.w.org\/{rel}","templated":true}]}}