{"id":28550,"date":"2026-01-08T18:31:32","date_gmt":"2026-01-08T21:31:32","guid":{"rendered":"https:\/\/chelso.com.br\/site\/?p=28550"},"modified":"2026-01-08T18:35:12","modified_gmt":"2026-01-08T21:35:12","slug":"falatimecast-destaca-a-historia-de-marilene-ferreira","status":"publish","type":"post","link":"https:\/\/chelso.com.br\/site\/falatimecast-destaca-a-historia-de-marilene-ferreira\/","title":{"rendered":"FalaTimeCast destaca a hist\u00f3ria de Marilene Ferreira"},"content":{"rendered":"<p class=\"LO-normal\"><span style=\"color: #444444; font-size: 12pt;\">No epis\u00f3dio 73 do FalaTimeCast, Guilherme Celso, conversa com Marilene Ferreira, atleta apaixonada pela corrida.<\/span><\/p>\n<p class=\"LO-normal\"><span class=\"elementor-icon-list-text\"><span style=\"font-size: 12.0pt; line-height: 107%; color: #444444; border: none windowtext 1.0pt; mso-border-alt: none windowtext 0cm; padding: 0cm;\">A esportista \u00e9 representante brasileira e integrante do TEAM New Balance.<\/span><\/span><\/p>\n<p class=\"LO-normal\"><span class=\"elementor-icon-list-text\"><span style=\"font-size: 12.0pt; line-height: 107%; color: #444444; border: none windowtext 1.0pt; mso-border-alt: none windowtext 0cm; padding: 0cm;\">\u00a0<\/span><\/span><\/p>\n<p class=\"LO-normal\"><span class=\"elementor-icon-list-text\"><span style=\"font-size: 12.0pt; line-height: 107%; color: #444444; border: none windowtext 1.0pt; mso-border-alt: none windowtext 0cm; padding: 0cm;\">FalaTimeCast vai ao ar nesta quinta-feira, dia 8, \u00e0s 20h, no YouTube.<\/span><\/span><\/p>\n<p><img fetchpriority=\"high\" decoding=\"async\" class=\"wp-image-28552 aligncenter\" src=\"https:\/\/chelso.com.br\/site\/wp-content\/uploads\/2026\/01\/WhatsApp-Image-2026-01-08-at-11.22.35-1-225x300.jpeg\" alt=\"\" width=\"347\" height=\"463\" srcset=\"https:\/\/chelso.com.br\/site\/wp-content\/uploads\/2026\/01\/WhatsApp-Image-2026-01-08-at-11.22.35-1-225x300.jpeg 225w, https:\/\/chelso.com.br\/site\/wp-content\/uploads\/2026\/01\/WhatsApp-Image-2026-01-08-at-11.22.35-1-768x1024.jpeg 768w, https:\/\/chelso.com.br\/site\/wp-content\/uploads\/2026\/01\/WhatsApp-Image-2026-01-08-at-11.22.35-1-150x200.jpeg 150w, https:\/\/chelso.com.br\/site\/wp-content\/uploads\/2026\/01\/WhatsApp-Image-2026-01-08-at-11.22.35-1-450x600.jpeg 450w, https:\/\/chelso.com.br\/site\/wp-content\/uploads\/2026\/01\/WhatsApp-Image-2026-01-08-at-11.22.35-1.jpeg 1080w\" sizes=\"(max-width: 347px) 100vw, 347px\" \/><\/p>\n<p class=\"LO-normal\"><span class=\"elementor-icon-list-text\"><span style=\"font-size: 12.0pt; line-height: 107%; color: #444444; border: none windowtext 1.0pt; mso-border-alt: none windowtext 0cm; padding: 0cm;\">\u00a0<\/span><\/span><\/p>\n<p class=\"LO-normal\"><span class=\"elementor-icon-list-text\"><span style=\"font-size: 12.0pt; line-height: 107%; color: #444444; border: none windowtext 1.0pt; mso-border-alt: none windowtext 0cm; padding: 0cm;\">\u00a0<\/span><\/span><\/p>\n<p class=\"LO-normal\"><b><span style=\"font-size: 12.0pt; line-height: 107%; mso-fareast-font-family: 'Times New Roman'; color: #333333; border: none windowtext 1.0pt; mso-border-alt: none windowtext 0cm; padding: 0cm; mso-fareast-language: PT-BR; mso-bidi-language: AR-SA;\">Reda\u00e7\u00e3o Assessoria de Imprensa Chelso Sports<\/span><\/b><b style=\"mso-bidi-font-weight: normal;\"><\/b><\/p>\n<p class=\"LO-normal\"><b><span style=\"font-size: 12.0pt; line-height: 107%; mso-fareast-font-family: 'Times New Roman'; color: #333333; border: none windowtext 1.0pt; mso-border-alt: none windowtext 0cm; padding: 0cm; mso-fareast-language: PT-BR; mso-bidi-language: AR-SA;\">Jornalista Edilson Rodrigues de Morais, Mtb 26.319<\/span><\/b><b style=\"mso-bidi-font-weight: normal;\"><\/b><\/p>\n<p class=\"LO-normal\"><span style=\"font-size: 12.0pt; line-height: 107%; mso-fareast-font-family: 'Times New Roman'; color: #333333; mso-fareast-language: PT-BR; mso-bidi-language: AR-SA;\">(19) 99706.1570 \u2013 www.chelso.com.br<\/span><\/p>\n","protected":false},"excerpt":{"rendered":"<p>No epis\u00f3dio 73 do FalaTimeCast, Guilherme Celso, conversa com Marilene Ferreira, atleta apaixonada pela corrida. A esportista \u00e9 representante brasileira e integrante do TEAM New Balance. \u00a0 FalaTimeCast vai ao ar nesta quinta-feira, dia 8, \u00e0s 20h, no YouTube. \u00a0 \u00a0 Reda\u00e7\u00e3o Assessoria de Imprensa Chelso Sports Jornalista Edilson Rodrigues de Morais, Mtb 26.319 (19)<\/p>\n","protected":false},"author":43,"featured_media":28555,"comment_status":"open","ping_status":"closed","sticky":false,"template":"","format":"standard","meta":{"om_disable_all_campaigns":false,"_monsterinsights_skip_tracking":false,"_monsterinsights_sitenote_active":false,"_monsterinsights_sitenote_note":"","_monsterinsights_sitenote_category":0,"footnotes":""},"categories":[30],"tags":[4721,6060,5866,6061],"class_list":{"0":"post-28550","1":"post","2":"type-post","3":"status-publish","4":"format-standard","5":"has-post-thumbnail","7":"category-noticias","8":"tag-falatimecast-chelso-podcast","9":"tag-ferreira","10":"tag-marilene","11":"tag-marileneferreira"},"aioseo_notices":[],"yoast_head":"<!-- This site is optimized with the Yoast SEO plugin v27.4 - https:\/\/yoast.com\/product\/yoast-seo-wordpress\/ -->\n<title>FalaTimeCast destaca a hist\u00f3ria de Marilene Ferreira - Portal Chelso Sports<\/title>\n<meta name=\"robots\" content=\"index, follow, max-snippet:-1, max-image-preview:large, max-video-preview:-1\" \/>\n<link rel=\"canonical\" href=\"https:\/\/chelso.com.br\/site\/falatimecast-destaca-a-historia-de-marilene-ferreira\/\" \/>\n<meta property=\"og:locale\" content=\"pt_BR\" \/>\n<meta property=\"og:type\" content=\"article\" \/>\n<meta property=\"og:title\" content=\"FalaTimeCast destaca a hist\u00f3ria de Marilene Ferreira - Portal Chelso Sports\" \/>\n<meta property=\"og:description\" content=\"No epis\u00f3dio 73 do FalaTimeCast, Guilherme Celso, conversa com Marilene Ferreira, atleta apaixonada pela corrida. A esportista \u00e9 representante brasileira e integrante do TEAM New Balance. \u00a0 FalaTimeCast vai ao ar nesta quinta-feira, dia 8, \u00e0s 20h, no YouTube. \u00a0 \u00a0 Reda\u00e7\u00e3o Assessoria de Imprensa Chelso Sports Jornalista Edilson Rodrigues de Morais, Mtb 26.319 (19)\" \/>\n<meta property=\"og:url\" content=\"https:\/\/chelso.com.br\/site\/falatimecast-destaca-a-historia-de-marilene-ferreira\/\" \/>\n<meta property=\"og:site_name\" content=\"Portal Chelso Sports\" \/>\n<meta property=\"article:published_time\" content=\"2026-01-08T21:31:32+00:00\" \/>\n<meta property=\"article:modified_time\" content=\"2026-01-08T21:35:12+00:00\" \/>\n<meta property=\"og:image\" content=\"https:\/\/chelso.com.br\/site\/wp-content\/uploads\/2026\/01\/WhatsApp-Image-2026-01-08-at-11.22.35-Copia-1.jpeg\" \/>\n\t<meta property=\"og:image:width\" content=\"1080\" \/>\n\t<meta property=\"og:image:height\" content=\"865\" \/>\n\t<meta property=\"og:image:type\" content=\"image\/jpeg\" \/>\n<meta name=\"author\" content=\"Edilson Rodrigues\" \/>\n<meta name=\"twitter:card\" content=\"summary_large_image\" \/>\n<meta name=\"twitter:label1\" content=\"Escrito por\" \/>\n\t<meta name=\"twitter:data1\" content=\"Edilson Rodrigues\" \/>\n\t<meta name=\"twitter:label2\" content=\"Est. tempo de leitura\" \/>\n\t<meta name=\"twitter:data2\" content=\"1 minuto\" \/>\n<script type=\"application\/ld+json\" class=\"yoast-schema-graph\">{\"@context\":\"https:\\\/\\\/schema.org\",\"@graph\":[{\"@type\":\"Article\",\"@id\":\"https:\\\/\\\/chelso.com.br\\\/site\\\/falatimecast-destaca-a-historia-de-marilene-ferreira\\\/#article\",\"isPartOf\":{\"@id\":\"https:\\\/\\\/chelso.com.br\\\/site\\\/falatimecast-destaca-a-historia-de-marilene-ferreira\\\/\"},\"author\":{\"name\":\"Edilson Rodrigues\",\"@id\":\"https:\\\/\\\/chelso.com.br\\\/site\\\/#\\\/schema\\\/person\\\/a1e459f9cc882778a4f1367cb2ba51e3\"},\"headline\":\"FalaTimeCast destaca a hist\u00f3ria de Marilene Ferreira\",\"datePublished\":\"2026-01-08T21:31:32+00:00\",\"dateModified\":\"2026-01-08T21:35:12+00:00\",\"mainEntityOfPage\":{\"@id\":\"https:\\\/\\\/chelso.com.br\\\/site\\\/falatimecast-destaca-a-historia-de-marilene-ferreira\\\/\"},\"wordCount\":61,\"commentCount\":0,\"image\":{\"@id\":\"https:\\\/\\\/chelso.com.br\\\/site\\\/falatimecast-destaca-a-historia-de-marilene-ferreira\\\/#primaryimage\"},\"thumbnailUrl\":\"https:\\\/\\\/chelso.com.br\\\/site\\\/wp-content\\\/uploads\\\/2026\\\/01\\\/WhatsApp-Image-2026-01-08-at-11.22.35-Copia-1.jpeg\",\"keywords\":[\"#falatimecast; #chelso; #podcast;\",\"ferreira\",\"marilene\",\"marileneferreira\"],\"articleSection\":[\"Not\u00edcias\"],\"inLanguage\":\"pt-BR\",\"potentialAction\":[{\"@type\":\"CommentAction\",\"name\":\"Comment\",\"target\":[\"https:\\\/\\\/chelso.com.br\\\/site\\\/falatimecast-destaca-a-historia-de-marilene-ferreira\\\/#respond\"]}]},{\"@type\":\"WebPage\",\"@id\":\"https:\\\/\\\/chelso.com.br\\\/site\\\/falatimecast-destaca-a-historia-de-marilene-ferreira\\\/\",\"url\":\"https:\\\/\\\/chelso.com.br\\\/site\\\/falatimecast-destaca-a-historia-de-marilene-ferreira\\\/\",\"name\":\"FalaTimeCast destaca a hist\u00f3ria de Marilene Ferreira - Portal Chelso Sports\",\"isPartOf\":{\"@id\":\"https:\\\/\\\/chelso.com.br\\\/site\\\/#website\"},\"primaryImageOfPage\":{\"@id\":\"https:\\\/\\\/chelso.com.br\\\/site\\\/falatimecast-destaca-a-historia-de-marilene-ferreira\\\/#primaryimage\"},\"image\":{\"@id\":\"https:\\\/\\\/chelso.com.br\\\/site\\\/falatimecast-destaca-a-historia-de-marilene-ferreira\\\/#primaryimage\"},\"thumbnailUrl\":\"https:\\\/\\\/chelso.com.br\\\/site\\\/wp-content\\\/uploads\\\/2026\\\/01\\\/WhatsApp-Image-2026-01-08-at-11.22.35-Copia-1.jpeg\",\"datePublished\":\"2026-01-08T21:31:32+00:00\",\"dateModified\":\"2026-01-08T21:35:12+00:00\",\"author\":{\"@id\":\"https:\\\/\\\/chelso.com.br\\\/site\\\/#\\\/schema\\\/person\\\/a1e459f9cc882778a4f1367cb2ba51e3\"},\"breadcrumb\":{\"@id\":\"https:\\\/\\\/chelso.com.br\\\/site\\\/falatimecast-destaca-a-historia-de-marilene-ferreira\\\/#breadcrumb\"},\"inLanguage\":\"pt-BR\",\"potentialAction\":[{\"@type\":\"ReadAction\",\"target\":[\"https:\\\/\\\/chelso.com.br\\\/site\\\/falatimecast-destaca-a-historia-de-marilene-ferreira\\\/\"]}]},{\"@type\":\"ImageObject\",\"inLanguage\":\"pt-BR\",\"@id\":\"https:\\\/\\\/chelso.com.br\\\/site\\\/falatimecast-destaca-a-historia-de-marilene-ferreira\\\/#primaryimage\",\"url\":\"https:\\\/\\\/chelso.com.br\\\/site\\\/wp-content\\\/uploads\\\/2026\\\/01\\\/WhatsApp-Image-2026-01-08-at-11.22.35-Copia-1.jpeg\",\"contentUrl\":\"https:\\\/\\\/chelso.com.br\\\/site\\\/wp-content\\\/uploads\\\/2026\\\/01\\\/WhatsApp-Image-2026-01-08-at-11.22.35-Copia-1.jpeg\",\"width\":1080,\"height\":865},{\"@type\":\"BreadcrumbList\",\"@id\":\"https:\\\/\\\/chelso.com.br\\\/site\\\/falatimecast-destaca-a-historia-de-marilene-ferreira\\\/#breadcrumb\",\"itemListElement\":[{\"@type\":\"ListItem\",\"position\":1,\"name\":\"In\u00edcio\",\"item\":\"https:\\\/\\\/chelso.com.br\\\/site\\\/\"},{\"@type\":\"ListItem\",\"position\":2,\"name\":\"FalaTimeCast destaca a hist\u00f3ria de Marilene Ferreira\"}]},{\"@type\":\"WebSite\",\"@id\":\"https:\\\/\\\/chelso.com.br\\\/site\\\/#website\",\"url\":\"https:\\\/\\\/chelso.com.br\\\/site\\\/\",\"name\":\"Portal Chelso Sports\",\"description\":\"Conte\u00fado especializado em corrida de rua e triathlon\",\"potentialAction\":[{\"@type\":\"SearchAction\",\"target\":{\"@type\":\"EntryPoint\",\"urlTemplate\":\"https:\\\/\\\/chelso.com.br\\\/site\\\/?s={search_term_string}\"},\"query-input\":{\"@type\":\"PropertyValueSpecification\",\"valueRequired\":true,\"valueName\":\"search_term_string\"}}],\"inLanguage\":\"pt-BR\"},{\"@type\":\"Person\",\"@id\":\"https:\\\/\\\/chelso.com.br\\\/site\\\/#\\\/schema\\\/person\\\/a1e459f9cc882778a4f1367cb2ba51e3\",\"name\":\"Edilson Rodrigues\",\"image\":{\"@type\":\"ImageObject\",\"inLanguage\":\"pt-BR\",\"@id\":\"https:\\\/\\\/chelso.com.br\\\/site\\\/wp-content\\\/uploads\\\/2024\\\/09\\\/Captura-de-tela-2024-09-27-170323-150x150.png\",\"url\":\"https:\\\/\\\/chelso.com.br\\\/site\\\/wp-content\\\/uploads\\\/2024\\\/09\\\/Captura-de-tela-2024-09-27-170323-150x150.png\",\"contentUrl\":\"https:\\\/\\\/chelso.com.br\\\/site\\\/wp-content\\\/uploads\\\/2024\\\/09\\\/Captura-de-tela-2024-09-27-170323-150x150.png\",\"caption\":\"Edilson Rodrigues\"},\"url\":\"https:\\\/\\\/chelso.com.br\\\/site\\\/author\\\/edilson\\\/\"}]}<\/script>\n<!-- \/ Yoast SEO plugin. -->","yoast_head_json":{"title":"FalaTimeCast destaca a hist\u00f3ria de Marilene Ferreira - Portal Chelso Sports","robots":{"index":"index","follow":"follow","max-snippet":"max-snippet:-1","max-image-preview":"max-image-preview:large","max-video-preview":"max-video-preview:-1"},"canonical":"https:\/\/chelso.com.br\/site\/falatimecast-destaca-a-historia-de-marilene-ferreira\/","og_locale":"pt_BR","og_type":"article","og_title":"FalaTimeCast destaca a hist\u00f3ria de Marilene Ferreira - Portal Chelso Sports","og_description":"No epis\u00f3dio 73 do FalaTimeCast, Guilherme Celso, conversa com Marilene Ferreira, atleta apaixonada pela corrida. A esportista \u00e9 representante brasileira e integrante do TEAM New Balance. \u00a0 FalaTimeCast vai ao ar nesta quinta-feira, dia 8, \u00e0s 20h, no YouTube. \u00a0 \u00a0 Reda\u00e7\u00e3o Assessoria de Imprensa Chelso Sports Jornalista Edilson Rodrigues de Morais, Mtb 26.319 (19)","og_url":"https:\/\/chelso.com.br\/site\/falatimecast-destaca-a-historia-de-marilene-ferreira\/","og_site_name":"Portal Chelso Sports","article_published_time":"2026-01-08T21:31:32+00:00","article_modified_time":"2026-01-08T21:35:12+00:00","og_image":[{"width":1080,"height":865,"url":"https:\/\/chelso.com.br\/site\/wp-content\/uploads\/2026\/01\/WhatsApp-Image-2026-01-08-at-11.22.35-Copia-1.jpeg","type":"image\/jpeg"}],"author":"Edilson Rodrigues","twitter_card":"summary_large_image","twitter_misc":{"Escrito por":"Edilson Rodrigues","Est. tempo de leitura":"1 minuto"},"schema":{"@context":"https:\/\/schema.org","@graph":[{"@type":"Article","@id":"https:\/\/chelso.com.br\/site\/falatimecast-destaca-a-historia-de-marilene-ferreira\/#article","isPartOf":{"@id":"https:\/\/chelso.com.br\/site\/falatimecast-destaca-a-historia-de-marilene-ferreira\/"},"author":{"name":"Edilson Rodrigues","@id":"https:\/\/chelso.com.br\/site\/#\/schema\/person\/a1e459f9cc882778a4f1367cb2ba51e3"},"headline":"FalaTimeCast destaca a hist\u00f3ria de Marilene Ferreira","datePublished":"2026-01-08T21:31:32+00:00","dateModified":"2026-01-08T21:35:12+00:00","mainEntityOfPage":{"@id":"https:\/\/chelso.com.br\/site\/falatimecast-destaca-a-historia-de-marilene-ferreira\/"},"wordCount":61,"commentCount":0,"image":{"@id":"https:\/\/chelso.com.br\/site\/falatimecast-destaca-a-historia-de-marilene-ferreira\/#primaryimage"},"thumbnailUrl":"https:\/\/chelso.com.br\/site\/wp-content\/uploads\/2026\/01\/WhatsApp-Image-2026-01-08-at-11.22.35-Copia-1.jpeg","keywords":["#falatimecast; #chelso; #podcast;","ferreira","marilene","marileneferreira"],"articleSection":["Not\u00edcias"],"inLanguage":"pt-BR","potentialAction":[{"@type":"CommentAction","name":"Comment","target":["https:\/\/chelso.com.br\/site\/falatimecast-destaca-a-historia-de-marilene-ferreira\/#respond"]}]},{"@type":"WebPage","@id":"https:\/\/chelso.com.br\/site\/falatimecast-destaca-a-historia-de-marilene-ferreira\/","url":"https:\/\/chelso.com.br\/site\/falatimecast-destaca-a-historia-de-marilene-ferreira\/","name":"FalaTimeCast destaca a hist\u00f3ria de Marilene Ferreira - Portal Chelso Sports","isPartOf":{"@id":"https:\/\/chelso.com.br\/site\/#website"},"primaryImageOfPage":{"@id":"https:\/\/chelso.com.br\/site\/falatimecast-destaca-a-historia-de-marilene-ferreira\/#primaryimage"},"image":{"@id":"https:\/\/chelso.com.br\/site\/falatimecast-destaca-a-historia-de-marilene-ferreira\/#primaryimage"},"thumbnailUrl":"https:\/\/chelso.com.br\/site\/wp-content\/uploads\/2026\/01\/WhatsApp-Image-2026-01-08-at-11.22.35-Copia-1.jpeg","datePublished":"2026-01-08T21:31:32+00:00","dateModified":"2026-01-08T21:35:12+00:00","author":{"@id":"https:\/\/chelso.com.br\/site\/#\/schema\/person\/a1e459f9cc882778a4f1367cb2ba51e3"},"breadcrumb":{"@id":"https:\/\/chelso.com.br\/site\/falatimecast-destaca-a-historia-de-marilene-ferreira\/#breadcrumb"},"inLanguage":"pt-BR","potentialAction":[{"@type":"ReadAction","target":["https:\/\/chelso.com.br\/site\/falatimecast-destaca-a-historia-de-marilene-ferreira\/"]}]},{"@type":"ImageObject","inLanguage":"pt-BR","@id":"https:\/\/chelso.com.br\/site\/falatimecast-destaca-a-historia-de-marilene-ferreira\/#primaryimage","url":"https:\/\/chelso.com.br\/site\/wp-content\/uploads\/2026\/01\/WhatsApp-Image-2026-01-08-at-11.22.35-Copia-1.jpeg","contentUrl":"https:\/\/chelso.com.br\/site\/wp-content\/uploads\/2026\/01\/WhatsApp-Image-2026-01-08-at-11.22.35-Copia-1.jpeg","width":1080,"height":865},{"@type":"BreadcrumbList","@id":"https:\/\/chelso.com.br\/site\/falatimecast-destaca-a-historia-de-marilene-ferreira\/#breadcrumb","itemListElement":[{"@type":"ListItem","position":1,"name":"In\u00edcio","item":"https:\/\/chelso.com.br\/site\/"},{"@type":"ListItem","position":2,"name":"FalaTimeCast destaca a hist\u00f3ria de Marilene Ferreira"}]},{"@type":"WebSite","@id":"https:\/\/chelso.com.br\/site\/#website","url":"https:\/\/chelso.com.br\/site\/","name":"Portal Chelso Sports","description":"Conte\u00fado especializado em corrida de rua e triathlon","potentialAction":[{"@type":"SearchAction","target":{"@type":"EntryPoint","urlTemplate":"https:\/\/chelso.com.br\/site\/?s={search_term_string}"},"query-input":{"@type":"PropertyValueSpecification","valueRequired":true,"valueName":"search_term_string"}}],"inLanguage":"pt-BR"},{"@type":"Person","@id":"https:\/\/chelso.com.br\/site\/#\/schema\/person\/a1e459f9cc882778a4f1367cb2ba51e3","name":"Edilson Rodrigues","image":{"@type":"ImageObject","inLanguage":"pt-BR","@id":"https:\/\/chelso.com.br\/site\/wp-content\/uploads\/2024\/09\/Captura-de-tela-2024-09-27-170323-150x150.png","url":"https:\/\/chelso.com.br\/site\/wp-content\/uploads\/2024\/09\/Captura-de-tela-2024-09-27-170323-150x150.png","contentUrl":"https:\/\/chelso.com.br\/site\/wp-content\/uploads\/2024\/09\/Captura-de-tela-2024-09-27-170323-150x150.png","caption":"Edilson Rodrigues"},"url":"https:\/\/chelso.com.br\/site\/author\/edilson\/"}]}},"amp_enabled":true,"_links":{"self":[{"href":"https:\/\/chelso.com.br\/site\/wp-json\/wp\/v2\/posts\/28550","targetHints":{"allow":["GET"]}}],"collection":[{"href":"https:\/\/chelso.com.br\/site\/wp-json\/wp\/v2\/posts"}],"about":[{"href":"https:\/\/chelso.com.br\/site\/wp-json\/wp\/v2\/types\/post"}],"author":[{"embeddable":true,"href":"https:\/\/chelso.com.br\/site\/wp-json\/wp\/v2\/users\/43"}],"replies":[{"embeddable":true,"href":"https:\/\/chelso.com.br\/site\/wp-json\/wp\/v2\/comments?post=28550"}],"version-history":[{"count":1,"href":"https:\/\/chelso.com.br\/site\/wp-json\/wp\/v2\/posts\/28550\/revisions"}],"predecessor-version":[{"id":28553,"href":"https:\/\/chelso.com.br\/site\/wp-json\/wp\/v2\/posts\/28550\/revisions\/28553"}],"wp:featuredmedia":[{"embeddable":true,"href":"https:\/\/chelso.com.br\/site\/wp-json\/wp\/v2\/media\/28555"}],"wp:attachment":[{"href":"https:\/\/chelso.com.br\/site\/wp-json\/wp\/v2\/media?parent=28550"}],"wp:term":[{"taxonomy":"category","embeddable":true,"href":"https:\/\/chelso.com.br\/site\/wp-json\/wp\/v2\/categories?post=28550"},{"taxonomy":"post_tag","embeddable":true,"href":"https:\/\/chelso.com.br\/site\/wp-json\/wp\/v2\/tags?post=28550"}],"curies":[{"name":"wp","href":"https:\/\/api.w.org\/{rel}","templated":true}]}}