{"id":28683,"date":"2026-01-13T15:21:54","date_gmt":"2026-01-13T18:21:54","guid":{"rendered":"https:\/\/chelso.com.br\/site\/?p=28683"},"modified":"2026-01-13T15:31:30","modified_gmt":"2026-01-13T18:31:30","slug":"elite-da-corrida-de-rua-participa-da-corrida-sao-vicente-meia-maratona-de-americana","status":"publish","type":"post","link":"https:\/\/chelso.com.br\/site\/elite-da-corrida-de-rua-participa-da-corrida-sao-vicente-meia-maratona-de-americana\/","title":{"rendered":"Elite da corrida de rua participa da Corrida S\u00e3o Vicente Meia Maratona de Americana"},"content":{"rendered":"<p>Com a patroc\u00ednio dos Supermercados S\u00e3o Vicente e com a organiza\u00e7\u00e3o da Chelso Sports, o interior paulista vai vibrar nesse in\u00edcio de 2026 com a Corrida S\u00e3o Vicente Meia Maratona de Americana, que acontece no pr\u00f3ximo domingo, dia 18 de janeiro.<\/p>\n<p>A prova nos percursos de 5 km, 10 km e 21 km, conta com a aferi\u00e7\u00e3o da CBAt (Confedera\u00e7\u00e3o Brasileira de Atletismo) e chega com novidades no percurso e no ponto de largada, que passa a ser a Rua Padre Oswaldo Vieira de Andrade, no Jardim Terram\u00e9rica.<\/p>\n<p>E por que as mudan\u00e7as? O ponto de concentra\u00e7\u00e3o e de largada \u00e9 um amplo espa\u00e7o para a perfeita montagem da arena e das tendas das equipes de assessoria esportiva, o que proporciona conforto aos atletas e seus familiares. Al\u00e9m disso, a Terram\u00e9rica oferece op\u00e7\u00f5es para estacionamento e a redu\u00e7\u00e3o das passagens pela avenida Brasil, o que facilita a log\u00edstica e a seguran\u00e7a do evento.<\/p>\n<p><img fetchpriority=\"high\" decoding=\"async\" class=\" wp-image-28684 aligncenter\" src=\"https:\/\/chelso.com.br\/site\/wp-content\/uploads\/2026\/01\/WhatsApp-Image-2026-01-13-at-12.11.55-5-300x200.jpeg\" alt=\"\" width=\"429\" height=\"286\" srcset=\"https:\/\/chelso.com.br\/site\/wp-content\/uploads\/2026\/01\/WhatsApp-Image-2026-01-13-at-12.11.55-5-300x200.jpeg 300w, https:\/\/chelso.com.br\/site\/wp-content\/uploads\/2026\/01\/WhatsApp-Image-2026-01-13-at-12.11.55-5-1024x684.jpeg 1024w, https:\/\/chelso.com.br\/site\/wp-content\/uploads\/2026\/01\/WhatsApp-Image-2026-01-13-at-12.11.55-5-1536x1025.jpeg 1536w, https:\/\/chelso.com.br\/site\/wp-content\/uploads\/2026\/01\/WhatsApp-Image-2026-01-13-at-12.11.55-5-150x100.jpeg 150w, https:\/\/chelso.com.br\/site\/wp-content\/uploads\/2026\/01\/WhatsApp-Image-2026-01-13-at-12.11.55-5-450x300.jpeg 450w, https:\/\/chelso.com.br\/site\/wp-content\/uploads\/2026\/01\/WhatsApp-Image-2026-01-13-at-12.11.55-5-1200x801.jpeg 1200w, https:\/\/chelso.com.br\/site\/wp-content\/uploads\/2026\/01\/WhatsApp-Image-2026-01-13-at-12.11.55-5-768x513.jpeg 768w, https:\/\/chelso.com.br\/site\/wp-content\/uploads\/2026\/01\/WhatsApp-Image-2026-01-13-at-12.11.55-5.jpeg 1600w\" sizes=\"(max-width: 429px) 100vw, 429px\" \/><\/p>\n<p><img decoding=\"async\" class=\" wp-image-28685 aligncenter\" src=\"https:\/\/chelso.com.br\/site\/wp-content\/uploads\/2026\/01\/WhatsApp-Image-2026-01-13-at-12.11.55-4-300x200.jpeg\" alt=\"\" width=\"420\" height=\"280\" srcset=\"https:\/\/chelso.com.br\/site\/wp-content\/uploads\/2026\/01\/WhatsApp-Image-2026-01-13-at-12.11.55-4-300x200.jpeg 300w, https:\/\/chelso.com.br\/site\/wp-content\/uploads\/2026\/01\/WhatsApp-Image-2026-01-13-at-12.11.55-4-1024x684.jpeg 1024w, https:\/\/chelso.com.br\/site\/wp-content\/uploads\/2026\/01\/WhatsApp-Image-2026-01-13-at-12.11.55-4-1536x1025.jpeg 1536w, https:\/\/chelso.com.br\/site\/wp-content\/uploads\/2026\/01\/WhatsApp-Image-2026-01-13-at-12.11.55-4-150x100.jpeg 150w, https:\/\/chelso.com.br\/site\/wp-content\/uploads\/2026\/01\/WhatsApp-Image-2026-01-13-at-12.11.55-4-450x300.jpeg 450w, https:\/\/chelso.com.br\/site\/wp-content\/uploads\/2026\/01\/WhatsApp-Image-2026-01-13-at-12.11.55-4-1200x801.jpeg 1200w, https:\/\/chelso.com.br\/site\/wp-content\/uploads\/2026\/01\/WhatsApp-Image-2026-01-13-at-12.11.55-4-768x513.jpeg 768w, https:\/\/chelso.com.br\/site\/wp-content\/uploads\/2026\/01\/WhatsApp-Image-2026-01-13-at-12.11.55-4.jpeg 1600w\" sizes=\"(max-width: 420px) 100vw, 420px\" \/><\/p>\n<p><img decoding=\"async\" class=\" wp-image-28686 aligncenter\" src=\"https:\/\/chelso.com.br\/site\/wp-content\/uploads\/2026\/01\/WhatsApp-Image-2026-01-13-at-12.11.55-3-300x200.jpeg\" alt=\"\" width=\"423\" height=\"282\" srcset=\"https:\/\/chelso.com.br\/site\/wp-content\/uploads\/2026\/01\/WhatsApp-Image-2026-01-13-at-12.11.55-3-300x200.jpeg 300w, https:\/\/chelso.com.br\/site\/wp-content\/uploads\/2026\/01\/WhatsApp-Image-2026-01-13-at-12.11.55-3-1024x684.jpeg 1024w, https:\/\/chelso.com.br\/site\/wp-content\/uploads\/2026\/01\/WhatsApp-Image-2026-01-13-at-12.11.55-3-1536x1025.jpeg 1536w, https:\/\/chelso.com.br\/site\/wp-content\/uploads\/2026\/01\/WhatsApp-Image-2026-01-13-at-12.11.55-3-150x100.jpeg 150w, https:\/\/chelso.com.br\/site\/wp-content\/uploads\/2026\/01\/WhatsApp-Image-2026-01-13-at-12.11.55-3-450x300.jpeg 450w, https:\/\/chelso.com.br\/site\/wp-content\/uploads\/2026\/01\/WhatsApp-Image-2026-01-13-at-12.11.55-3-1200x801.jpeg 1200w, https:\/\/chelso.com.br\/site\/wp-content\/uploads\/2026\/01\/WhatsApp-Image-2026-01-13-at-12.11.55-3-768x513.jpeg 768w, https:\/\/chelso.com.br\/site\/wp-content\/uploads\/2026\/01\/WhatsApp-Image-2026-01-13-at-12.11.55-3.jpeg 1600w\" sizes=\"(max-width: 423px) 100vw, 423px\" \/><\/p>\n<p><img loading=\"lazy\" decoding=\"async\" class=\" wp-image-28687 aligncenter\" src=\"https:\/\/chelso.com.br\/site\/wp-content\/uploads\/2026\/01\/WhatsApp-Image-2026-01-13-at-12.11.55-2-300x200.jpeg\" alt=\"\" width=\"420\" height=\"280\" srcset=\"https:\/\/chelso.com.br\/site\/wp-content\/uploads\/2026\/01\/WhatsApp-Image-2026-01-13-at-12.11.55-2-300x200.jpeg 300w, https:\/\/chelso.com.br\/site\/wp-content\/uploads\/2026\/01\/WhatsApp-Image-2026-01-13-at-12.11.55-2-1024x684.jpeg 1024w, https:\/\/chelso.com.br\/site\/wp-content\/uploads\/2026\/01\/WhatsApp-Image-2026-01-13-at-12.11.55-2-1536x1025.jpeg 1536w, https:\/\/chelso.com.br\/site\/wp-content\/uploads\/2026\/01\/WhatsApp-Image-2026-01-13-at-12.11.55-2-150x100.jpeg 150w, https:\/\/chelso.com.br\/site\/wp-content\/uploads\/2026\/01\/WhatsApp-Image-2026-01-13-at-12.11.55-2-450x300.jpeg 450w, https:\/\/chelso.com.br\/site\/wp-content\/uploads\/2026\/01\/WhatsApp-Image-2026-01-13-at-12.11.55-2-1200x801.jpeg 1200w, https:\/\/chelso.com.br\/site\/wp-content\/uploads\/2026\/01\/WhatsApp-Image-2026-01-13-at-12.11.55-2-768x513.jpeg 768w, https:\/\/chelso.com.br\/site\/wp-content\/uploads\/2026\/01\/WhatsApp-Image-2026-01-13-at-12.11.55-2.jpeg 1600w\" sizes=\"(max-width: 420px) 100vw, 420px\" \/><\/p>\n<p><strong>Elite Masculina e Feminina<\/strong><\/p>\n<p>Entre os destaques do pedestrianismo brasileiro estar\u00e3o Marilene de Jesus Ferreira, moradora de S\u00e3o Jos\u00e9 dos Campos e atual recordista da Corrida S\u00e3o Vicente do Alvinegro 2025 com o tempo de 1h2m14s. Ela tamb\u00e9m acumula p\u00f3dios nas Meias Maratonas de Porto Alegre (RS), Bras\u00edlia (DF) e Blumenau (SC).<\/p>\n<p>No pelot\u00e3o de elite feminino, destaque tamb\u00e9m para Nat\u00e1lia Regina Painelli, vencedora de v\u00e1rias provas nacionais e com passagem internacional pela Maratona de Chicago 2023.<\/p>\n<p>No pelot\u00e3o de elite masculino, Ant\u00f4nio Marco Pereira de Ara\u00fajo \u00e9 o atual recordista da Corrida S\u00e3o Vicente do Alvinegro com o tempo de 46m59s. O atleta acumula vit\u00f3rias nas Maratonas de Porto Alegre (RS), Florian\u00f3polis (SC) e participa\u00e7\u00e3o na Zurich Sevilla Marathon e em v\u00e1rias edi\u00e7\u00f5es da Corrida Internacional de S\u00e3o Silvestre. Entre os homens, Adriano Sampaio de Leme tamb\u00e9m traz na bagagem longa experi\u00eancia nas corridas de longa dist\u00e2ncia, integrando a classifica\u00e7\u00e3o no top 10 da Corrida Integra\u00e7\u00e3o de 2025.<\/p>\n<p><img loading=\"lazy\" decoding=\"async\" class=\" wp-image-28688 aligncenter\" src=\"https:\/\/chelso.com.br\/site\/wp-content\/uploads\/2026\/01\/WhatsApp-Image-2026-01-13-at-12.11.55-1-300x200.jpeg\" alt=\"\" width=\"405\" height=\"270\" srcset=\"https:\/\/chelso.com.br\/site\/wp-content\/uploads\/2026\/01\/WhatsApp-Image-2026-01-13-at-12.11.55-1-300x200.jpeg 300w, https:\/\/chelso.com.br\/site\/wp-content\/uploads\/2026\/01\/WhatsApp-Image-2026-01-13-at-12.11.55-1-1024x684.jpeg 1024w, https:\/\/chelso.com.br\/site\/wp-content\/uploads\/2026\/01\/WhatsApp-Image-2026-01-13-at-12.11.55-1-1536x1025.jpeg 1536w, https:\/\/chelso.com.br\/site\/wp-content\/uploads\/2026\/01\/WhatsApp-Image-2026-01-13-at-12.11.55-1-150x100.jpeg 150w, https:\/\/chelso.com.br\/site\/wp-content\/uploads\/2026\/01\/WhatsApp-Image-2026-01-13-at-12.11.55-1-450x300.jpeg 450w, https:\/\/chelso.com.br\/site\/wp-content\/uploads\/2026\/01\/WhatsApp-Image-2026-01-13-at-12.11.55-1-1200x801.jpeg 1200w, https:\/\/chelso.com.br\/site\/wp-content\/uploads\/2026\/01\/WhatsApp-Image-2026-01-13-at-12.11.55-1-768x513.jpeg 768w, https:\/\/chelso.com.br\/site\/wp-content\/uploads\/2026\/01\/WhatsApp-Image-2026-01-13-at-12.11.55-1.jpeg 1600w\" sizes=\"(max-width: 405px) 100vw, 405px\" \/><\/p>\n<p><img loading=\"lazy\" decoding=\"async\" class=\" wp-image-28689 aligncenter\" src=\"https:\/\/chelso.com.br\/site\/wp-content\/uploads\/2026\/01\/WhatsApp-Image-2026-01-13-at-12.11.54-2-300x200.jpeg\" alt=\"\" width=\"400\" height=\"266\" srcset=\"https:\/\/chelso.com.br\/site\/wp-content\/uploads\/2026\/01\/WhatsApp-Image-2026-01-13-at-12.11.54-2-300x200.jpeg 300w, https:\/\/chelso.com.br\/site\/wp-content\/uploads\/2026\/01\/WhatsApp-Image-2026-01-13-at-12.11.54-2-1024x684.jpeg 1024w, https:\/\/chelso.com.br\/site\/wp-content\/uploads\/2026\/01\/WhatsApp-Image-2026-01-13-at-12.11.54-2-1536x1025.jpeg 1536w, https:\/\/chelso.com.br\/site\/wp-content\/uploads\/2026\/01\/WhatsApp-Image-2026-01-13-at-12.11.54-2-150x100.jpeg 150w, https:\/\/chelso.com.br\/site\/wp-content\/uploads\/2026\/01\/WhatsApp-Image-2026-01-13-at-12.11.54-2-450x300.jpeg 450w, https:\/\/chelso.com.br\/site\/wp-content\/uploads\/2026\/01\/WhatsApp-Image-2026-01-13-at-12.11.54-2-1200x801.jpeg 1200w, https:\/\/chelso.com.br\/site\/wp-content\/uploads\/2026\/01\/WhatsApp-Image-2026-01-13-at-12.11.54-2-768x513.jpeg 768w, https:\/\/chelso.com.br\/site\/wp-content\/uploads\/2026\/01\/WhatsApp-Image-2026-01-13-at-12.11.54-2.jpeg 1600w\" sizes=\"(max-width: 400px) 100vw, 400px\" \/><\/p>\n<p><img loading=\"lazy\" decoding=\"async\" class=\" wp-image-28690 aligncenter\" src=\"https:\/\/chelso.com.br\/site\/wp-content\/uploads\/2026\/01\/WhatsApp-Image-2026-01-13-at-12.11.54-1-300x200.jpeg\" alt=\"\" width=\"398\" height=\"265\" srcset=\"https:\/\/chelso.com.br\/site\/wp-content\/uploads\/2026\/01\/WhatsApp-Image-2026-01-13-at-12.11.54-1-300x200.jpeg 300w, https:\/\/chelso.com.br\/site\/wp-content\/uploads\/2026\/01\/WhatsApp-Image-2026-01-13-at-12.11.54-1-1024x684.jpeg 1024w, https:\/\/chelso.com.br\/site\/wp-content\/uploads\/2026\/01\/WhatsApp-Image-2026-01-13-at-12.11.54-1-1536x1025.jpeg 1536w, https:\/\/chelso.com.br\/site\/wp-content\/uploads\/2026\/01\/WhatsApp-Image-2026-01-13-at-12.11.54-1-150x100.jpeg 150w, https:\/\/chelso.com.br\/site\/wp-content\/uploads\/2026\/01\/WhatsApp-Image-2026-01-13-at-12.11.54-1-450x300.jpeg 450w, https:\/\/chelso.com.br\/site\/wp-content\/uploads\/2026\/01\/WhatsApp-Image-2026-01-13-at-12.11.54-1-1200x801.jpeg 1200w, https:\/\/chelso.com.br\/site\/wp-content\/uploads\/2026\/01\/WhatsApp-Image-2026-01-13-at-12.11.54-1-768x513.jpeg 768w, https:\/\/chelso.com.br\/site\/wp-content\/uploads\/2026\/01\/WhatsApp-Image-2026-01-13-at-12.11.54-1.jpeg 1600w\" sizes=\"(max-width: 398px) 100vw, 398px\" \/><\/p>\n<p><img loading=\"lazy\" decoding=\"async\" class=\"wp-image-28691 aligncenter\" src=\"https:\/\/chelso.com.br\/site\/wp-content\/uploads\/2026\/01\/WhatsApp-Image-2026-01-13-at-12.11.54-300x200.jpeg\" alt=\"\" width=\"393\" height=\"262\" srcset=\"https:\/\/chelso.com.br\/site\/wp-content\/uploads\/2026\/01\/WhatsApp-Image-2026-01-13-at-12.11.54-300x200.jpeg 300w, https:\/\/chelso.com.br\/site\/wp-content\/uploads\/2026\/01\/WhatsApp-Image-2026-01-13-at-12.11.54-1024x684.jpeg 1024w, https:\/\/chelso.com.br\/site\/wp-content\/uploads\/2026\/01\/WhatsApp-Image-2026-01-13-at-12.11.54-1536x1025.jpeg 1536w, https:\/\/chelso.com.br\/site\/wp-content\/uploads\/2026\/01\/WhatsApp-Image-2026-01-13-at-12.11.54-2048x1367.jpeg 2048w, https:\/\/chelso.com.br\/site\/wp-content\/uploads\/2026\/01\/WhatsApp-Image-2026-01-13-at-12.11.54-150x100.jpeg 150w, https:\/\/chelso.com.br\/site\/wp-content\/uploads\/2026\/01\/WhatsApp-Image-2026-01-13-at-12.11.54-450x300.jpeg 450w, https:\/\/chelso.com.br\/site\/wp-content\/uploads\/2026\/01\/WhatsApp-Image-2026-01-13-at-12.11.54-1200x801.jpeg 1200w, https:\/\/chelso.com.br\/site\/wp-content\/uploads\/2026\/01\/WhatsApp-Image-2026-01-13-at-12.11.54-768x513.jpeg 768w\" sizes=\"(max-width: 393px) 100vw, 393px\" \/><\/p>\n<p><strong>Lista de atleta da Elite Feminina:<\/strong><\/p>\n<p>Jaqueline Fonseca Martins \u2013 Piracicaba\/SP &#8211; Anito Pinheiro Assessoria Esportiva<\/p>\n<p>Marilene de Jesus Ferreira \u2013 S\u00e3o Jos\u00e9 dos Campos\/SP \u2013 sem equipe informada<\/p>\n<p>Natalia Regina Painelli \u2013 Americana\/SP &#8211; S2 Assessoria Esportiva<\/p>\n<p>Vanderlandia Lima de Souza \u2013 Morro do Chap\u00e9u\/BA &#8211; Maga Run<\/p>\n<p>Jaciane Ara\u00fajo \u2013 Taubat\u00e9\/SP \u2013 sem equipe informada<\/p>\n<p>Marina Malachias \u2013 Jaguari\u00fana\/SP \u2013 sem equipe informada<\/p>\n<p><strong>Lista de atleta da Elite Masculina:<\/strong><\/p>\n<p>Adriano Sampaio \u2013 Leme\/SP &#8211; SampaioRun<\/p>\n<p>Ant\u00f4nio Marco Pereira de Ara\u00fajo \u2013 Piracicaba\/SP &#8211; Anito Pinheiro performance<\/p>\n<p>Bruno Ceron Giongo \u2013 Iracem\u00e1polis\/SP &#8211; Moviment Leandro Negrucci<\/p>\n<p>Bruno da Silva Sales \u2013 Cabre\u00fava\/SP &#8211; Anito Pinheiro Ricaeli alimentos<\/p>\n<p>Danilo da Silva Ursolino \u2013 Sumar\u00e9\/SP &#8211; Anito Pinheiro Assessoria Esportiva<\/p>\n<p>Elionay Ferreira Correia \u2013 Votorantim\/SP &#8211; Elionay Correia<\/p>\n<p>Fabio Mota Paiva \u2013 Brotas\/SP &#8211; GloboRunners<\/p>\n<p>Felipe Ygor da Silva \u2013 Holambra\/SP &#8211; Running Basic Corre Holambra<\/p>\n<p>Fernando Augusto Rodrigues da Silva \u2013 Elias Fausto\/SP &#8211; Anito Pinheiro Performance<\/p>\n<p>Gustavo da Silva \u2013 Sumar\u00e9\/SP \u2013 RCO<\/p>\n<p>Leonardo de Sousa Santos \u2013 Americana\/SP &#8211; S2 Assessoria Esportiva<\/p>\n<p>Luan Bissoli \u2013 Americana\/SP &#8211; Bora la Assessoria Esportiva<\/p>\n<p>Luciano da Silva Pinto \u2013 Pindamonhangaba\/SP &#8211; Equipe Pe da Serra<\/p>\n<p>Ludnatanael Vital Silva \u2013 Guimar\u00e2nia\/MG &#8211; Brutos da serra<\/p>\n<p>Paulo\u00a0 Scripchenco Campos \u2013 Campinas\/SP \u2013 sem equipe informada<\/p>\n<p>Renan Garcia \u2013 Rio das Pedras\/SP &#8211; Livress<\/p>\n<p>Renato da Silva \u2013 Tiet\u00ea\/SP &#8211; Time<\/p>\n<p>Ricardo Lemes \u2013 Americana\/SP &#8211; DT Assessoria<\/p>\n<p>Leonardo Willrich Padilha Padovany \u2013 Bras\u00edlia\/DF \u2013 sem equipe informada<\/p>\n<p><img loading=\"lazy\" decoding=\"async\" class=\"wp-image-28692 aligncenter\" src=\"https:\/\/chelso.com.br\/site\/wp-content\/uploads\/2026\/01\/WhatsApp-Image-2026-01-13-at-12.11.55-200x300.jpeg\" alt=\"\" width=\"319\" height=\"479\" srcset=\"https:\/\/chelso.com.br\/site\/wp-content\/uploads\/2026\/01\/WhatsApp-Image-2026-01-13-at-12.11.55-200x300.jpeg 200w, https:\/\/chelso.com.br\/site\/wp-content\/uploads\/2026\/01\/WhatsApp-Image-2026-01-13-at-12.11.55-684x1024.jpeg 684w, https:\/\/chelso.com.br\/site\/wp-content\/uploads\/2026\/01\/WhatsApp-Image-2026-01-13-at-12.11.55-1025x1536.jpeg 1025w, https:\/\/chelso.com.br\/site\/wp-content\/uploads\/2026\/01\/WhatsApp-Image-2026-01-13-at-12.11.55-150x225.jpeg 150w, https:\/\/chelso.com.br\/site\/wp-content\/uploads\/2026\/01\/WhatsApp-Image-2026-01-13-at-12.11.55-450x674.jpeg 450w, https:\/\/chelso.com.br\/site\/wp-content\/uploads\/2026\/01\/WhatsApp-Image-2026-01-13-at-12.11.55-768x1151.jpeg 768w, https:\/\/chelso.com.br\/site\/wp-content\/uploads\/2026\/01\/WhatsApp-Image-2026-01-13-at-12.11.55.jpeg 1068w\" sizes=\"(max-width: 319px) 100vw, 319px\" \/><\/p>\n<p><strong>Informa\u00e7\u00f5es gerais da Corrida S\u00e3o Vicente Meia Maratona de Americana<\/strong><\/p>\n<p><strong>Data<\/strong>:\u00a018 de janeiro de 2026<\/p>\n<p><strong>Hor\u00e1rios:<\/strong><\/p>\n<p>5h \u2013 Concentra\u00e7\u00e3o<\/p>\n<p>6h \u2013 Largada 21 km Elite Masculino e Feminino \/ Largada 21 km Geral<\/p>\n<p>6h35 \u2013 Largada 10 km (masculino e feminino)<\/p>\n<p>6h55 \u2013 Largada 5 km (masculino e feminino)<\/p>\n<p><strong>Dist\u00e2ncias:<\/strong><strong>\u00a0<\/strong>Corridas de 5km e 10km e 21 km<\/p>\n<p><strong>Premia\u00e7\u00e3o em dinheiro<\/strong> aos primeiros colocados da Elite 21 km (masculino e feminino)<\/p>\n<p><strong>Mais informa\u00e7\u00f5es: <\/strong><\/p>\n<p><a href=\"https:\/\/www.meiamaratonadeamericana.com.br\">https:\/\/www.meiamaratonadeamericana.com.br<\/a><\/p>\n<p><strong>\u00a0<\/strong><\/p>\n<p><strong>Retirada de kits:<\/strong><\/p>\n<p><strong>Data<\/strong>:\u00a0dia 15\/01 (quinta-feira)<\/p>\n<p><strong>Hor\u00e1rio:\u00a0<\/strong>das 13h \u00e0s 17h<\/p>\n<p><strong>Data<\/strong>:\u00a0dia 16\/01 (sexta-feira)<\/p>\n<p><strong>Hor\u00e1rio:\u00a0<\/strong>10h\u00a0\u00e0s\u00a017h<\/p>\n<p><strong>Data:\u00a0<\/strong>dia 17\/01\u00a0(s\u00e1bado)<\/p>\n<p><strong>Hor\u00e1rio:\u00a0<\/strong>das 10h\u00a0\u00e0s\u00a015h<\/p>\n<p><strong>Local:<\/strong>\u00a0Supermercados S\u00e3o Vicente<\/p>\n<p><strong>Endere\u00e7o:<\/strong>\u00a0Rua Jo\u00e3o Bernestein, 630, Jardim S\u00e3o Vito, Americana\/SP<\/p>\n<p>&nbsp;<\/p>\n<p>&nbsp;<\/p>\n<p><strong>Cr\u00e9dito das fotos: <\/strong>Fotop<\/p>\n<p><strong>Reda\u00e7\u00e3o Assessoria de Imprensa Chelso Sports<\/strong><\/p>\n<p><strong>Jornalista Edilson Rodrigues de Morais, Mtb 26.319<\/strong><\/p>\n<p>(19) 99706.1570 \u2013 www.chelso.com.br<\/p>\n","protected":false},"excerpt":{"rendered":"<p>Com a patroc\u00ednio dos Supermercados S\u00e3o Vicente e com a organiza\u00e7\u00e3o da Chelso Sports, o interior paulista vai vibrar nesse in\u00edcio de 2026 com a Corrida S\u00e3o Vicente Meia Maratona de Americana, que acontece no pr\u00f3ximo domingo, dia 18 de janeiro. A prova nos percursos de 5 km, 10 km e 21 km, conta com<\/p>\n","protected":false},"author":43,"featured_media":28693,"comment_status":"open","ping_status":"closed","sticky":false,"template":"","format":"standard","meta":{"om_disable_all_campaigns":false,"_monsterinsights_skip_tracking":false,"footnotes":""},"categories":[30],"tags":[4445,1509,735],"class_list":["post-28683","post","type-post","status-publish","format-standard","has-post-thumbnail","category-noticias","tag-meiamaratona","tag-americana","tag-chelso"],"aioseo_notices":[],"aioseo_head":"\n\t\t<!-- All in One SEO 5.0.1 - aioseo.com -->\n\t<meta name=\"description\" content=\"Com a patroc\u00ednio dos Supermercados S\u00e3o Vicente e com a organiza\u00e7\u00e3o da Chelso Sports, o interior paulista vai vibrar nesse in\u00edcio de 2026 com a Corrida S\u00e3o Vicente Meia Maratona de Americana, que acontece no pr\u00f3ximo domingo, dia 18 de janeiro. A prova nos percursos de 5 km, 10 km e 21 km, conta com\" \/>\n\t<meta name=\"robots\" content=\"max-image-preview:large\" \/>\n\t<meta name=\"author\" content=\"Edilson Rodrigues\"\/>\n\t<link rel=\"canonical\" href=\"https:\/\/chelso.com.br\/site\/elite-da-corrida-de-rua-participa-da-corrida-sao-vicente-meia-maratona-de-americana\/\" \/>\n\t<meta name=\"generator\" content=\"All in One SEO (AIOSEO) 5.0.1\" \/>\n\t\t<meta property=\"og:locale\" content=\"pt_BR\" \/>\n\t\t<meta property=\"og:site_name\" content=\"Portal Chelso Sports - Conte\u00fado especializado em corrida de rua e triathlon\" \/>\n\t\t<meta property=\"og:type\" content=\"article\" \/>\n\t\t<meta property=\"og:title\" content=\"Elite da corrida de rua participa da Corrida S\u00e3o Vicente Meia Maratona de Americana - Portal Chelso Sports\" \/>\n\t\t<meta property=\"og:description\" content=\"Com a patroc\u00ednio dos Supermercados S\u00e3o Vicente e com a organiza\u00e7\u00e3o da Chelso Sports, o interior paulista vai vibrar nesse in\u00edcio de 2026 com a Corrida S\u00e3o Vicente Meia Maratona de Americana, que acontece no pr\u00f3ximo domingo, dia 18 de janeiro. A prova nos percursos de 5 km, 10 km e 21 km, conta com\" \/>\n\t\t<meta property=\"og:url\" content=\"https:\/\/chelso.com.br\/site\/elite-da-corrida-de-rua-participa-da-corrida-sao-vicente-meia-maratona-de-americana\/\" \/>\n\t\t<meta property=\"article:published_time\" content=\"2026-01-13T18:21:54+00:00\" \/>\n\t\t<meta property=\"article:modified_time\" content=\"2026-01-13T18:31:30+00:00\" \/>\n\t\t<meta name=\"twitter:card\" content=\"summary_large_image\" \/>\n\t\t<meta name=\"twitter:title\" content=\"Elite da corrida de rua participa da Corrida S\u00e3o Vicente Meia Maratona de Americana - Portal Chelso Sports\" \/>\n\t\t<meta name=\"twitter:description\" content=\"Com a patroc\u00ednio dos Supermercados S\u00e3o Vicente e com a organiza\u00e7\u00e3o da Chelso Sports, o interior paulista vai vibrar nesse in\u00edcio de 2026 com a Corrida S\u00e3o Vicente Meia Maratona de Americana, que acontece no pr\u00f3ximo domingo, dia 18 de janeiro. A prova nos percursos de 5 km, 10 km e 21 km, conta com\" \/>\n\t\t<script type=\"application\/ld+json\" class=\"aioseo-schema\">\n\t\t\t{\"@context\":\"https:\\\/\\\/schema.org\",\"@graph\":[{\"@type\":\"BlogPosting\",\"@id\":\"https:\\\/\\\/chelso.com.br\\\/site\\\/elite-da-corrida-de-rua-participa-da-corrida-sao-vicente-meia-maratona-de-americana\\\/#blogposting\",\"name\":\"Elite da corrida de rua participa da Corrida S\\u00e3o Vicente Meia Maratona de Americana - Portal Chelso Sports\",\"headline\":\"Elite da corrida de rua participa da Corrida S\\u00e3o Vicente Meia Maratona de Americana\",\"author\":{\"@id\":\"https:\\\/\\\/chelso.com.br\\\/site\\\/author\\\/edilson\\\/#author\"},\"publisher\":{\"@id\":\"https:\\\/\\\/chelso.com.br\\\/site\\\/#organization\"},\"image\":{\"@type\":\"ImageObject\",\"url\":\"https:\\\/\\\/chelso.com.br\\\/site\\\/wp-content\\\/uploads\\\/2026\\\/01\\\/WhatsApp-Image-2026-01-13-at-14.56.06.jpeg\",\"width\":1600,\"height\":1068},\"datePublished\":\"2026-01-13T15:21:54-03:00\",\"dateModified\":\"2026-01-13T15:31:30-03:00\",\"inLanguage\":\"pt-BR\",\"mainEntityOfPage\":{\"@id\":\"https:\\\/\\\/chelso.com.br\\\/site\\\/elite-da-corrida-de-rua-participa-da-corrida-sao-vicente-meia-maratona-de-americana\\\/#webpage\"},\"isPartOf\":{\"@id\":\"https:\\\/\\\/chelso.com.br\\\/site\\\/elite-da-corrida-de-rua-participa-da-corrida-sao-vicente-meia-maratona-de-americana\\\/#webpage\"},\"articleSection\":\"Not\\u00edcias, #meiamaratona, Americana, Chelso\"},{\"@type\":\"BreadcrumbList\",\"@id\":\"https:\\\/\\\/chelso.com.br\\\/site\\\/elite-da-corrida-de-rua-participa-da-corrida-sao-vicente-meia-maratona-de-americana\\\/#breadcrumblist\",\"itemListElement\":[{\"@type\":\"ListItem\",\"@id\":\"https:\\\/\\\/chelso.com.br\\\/site#listItem\",\"position\":1,\"name\":\"Home\",\"item\":\"https:\\\/\\\/chelso.com.br\\\/site\",\"nextItem\":{\"@type\":\"ListItem\",\"@id\":\"https:\\\/\\\/chelso.com.br\\\/site\\\/category\\\/noticias\\\/#listItem\",\"name\":\"Not\\u00edcias\"}},{\"@type\":\"ListItem\",\"@id\":\"https:\\\/\\\/chelso.com.br\\\/site\\\/category\\\/noticias\\\/#listItem\",\"position\":2,\"name\":\"Not\\u00edcias\",\"item\":\"https:\\\/\\\/chelso.com.br\\\/site\\\/category\\\/noticias\\\/\",\"nextItem\":{\"@type\":\"ListItem\",\"@id\":\"https:\\\/\\\/chelso.com.br\\\/site\\\/elite-da-corrida-de-rua-participa-da-corrida-sao-vicente-meia-maratona-de-americana\\\/#listItem\",\"name\":\"Elite da corrida de rua participa da Corrida S\\u00e3o Vicente Meia Maratona de Americana\"},\"previousItem\":{\"@type\":\"ListItem\",\"@id\":\"https:\\\/\\\/chelso.com.br\\\/site#listItem\",\"name\":\"Home\"}},{\"@type\":\"ListItem\",\"@id\":\"https:\\\/\\\/chelso.com.br\\\/site\\\/elite-da-corrida-de-rua-participa-da-corrida-sao-vicente-meia-maratona-de-americana\\\/#listItem\",\"position\":3,\"name\":\"Elite da corrida de rua participa da Corrida S\\u00e3o Vicente Meia Maratona de Americana\",\"previousItem\":{\"@type\":\"ListItem\",\"@id\":\"https:\\\/\\\/chelso.com.br\\\/site\\\/category\\\/noticias\\\/#listItem\",\"name\":\"Not\\u00edcias\"}}]},{\"@type\":\"Organization\",\"@id\":\"https:\\\/\\\/chelso.com.br\\\/site\\\/#organization\",\"name\":\"Portal Chelso Sports\",\"description\":\"Conte\\u00fado especializado em corrida de rua e triathlon\",\"url\":\"https:\\\/\\\/chelso.com.br\\\/site\\\/\"},{\"@type\":\"Person\",\"@id\":\"https:\\\/\\\/chelso.com.br\\\/site\\\/author\\\/edilson\\\/#author\",\"url\":\"https:\\\/\\\/chelso.com.br\\\/site\\\/author\\\/edilson\\\/\",\"name\":\"Edilson Rodrigues\",\"image\":{\"@type\":\"ImageObject\",\"@id\":\"https:\\\/\\\/chelso.com.br\\\/site\\\/elite-da-corrida-de-rua-participa-da-corrida-sao-vicente-meia-maratona-de-americana\\\/#authorImage\",\"url\":\"https:\\\/\\\/chelso.com.br\\\/site\\\/wp-content\\\/uploads\\\/2024\\\/09\\\/Captura-de-tela-2024-09-27-170323-150x150.png\",\"width\":96,\"height\":96,\"caption\":\"Edilson Rodrigues\"}},{\"@type\":\"WebPage\",\"@id\":\"https:\\\/\\\/chelso.com.br\\\/site\\\/elite-da-corrida-de-rua-participa-da-corrida-sao-vicente-meia-maratona-de-americana\\\/#webpage\",\"url\":\"https:\\\/\\\/chelso.com.br\\\/site\\\/elite-da-corrida-de-rua-participa-da-corrida-sao-vicente-meia-maratona-de-americana\\\/\",\"name\":\"Elite da corrida de rua participa da Corrida S\\u00e3o Vicente Meia Maratona de Americana - Portal Chelso Sports\",\"description\":\"Com a patroc\\u00ednio dos Supermercados S\\u00e3o Vicente e com a organiza\\u00e7\\u00e3o da Chelso Sports, o interior paulista vai vibrar nesse in\\u00edcio de 2026 com a Corrida S\\u00e3o Vicente Meia Maratona de Americana, que acontece no pr\\u00f3ximo domingo, dia 18 de janeiro. A prova nos percursos de 5 km, 10 km e 21 km, conta com\",\"inLanguage\":\"pt-BR\",\"isPartOf\":{\"@id\":\"https:\\\/\\\/chelso.com.br\\\/site\\\/#website\"},\"breadcrumb\":{\"@id\":\"https:\\\/\\\/chelso.com.br\\\/site\\\/elite-da-corrida-de-rua-participa-da-corrida-sao-vicente-meia-maratona-de-americana\\\/#breadcrumblist\"},\"author\":{\"@id\":\"https:\\\/\\\/chelso.com.br\\\/site\\\/author\\\/edilson\\\/#author\"},\"creator\":{\"@id\":\"https:\\\/\\\/chelso.com.br\\\/site\\\/author\\\/edilson\\\/#author\"},\"image\":{\"@type\":\"ImageObject\",\"url\":\"https:\\\/\\\/chelso.com.br\\\/site\\\/wp-content\\\/uploads\\\/2026\\\/01\\\/WhatsApp-Image-2026-01-13-at-14.56.06.jpeg\",\"@id\":\"https:\\\/\\\/chelso.com.br\\\/site\\\/elite-da-corrida-de-rua-participa-da-corrida-sao-vicente-meia-maratona-de-americana\\\/#mainImage\",\"width\":1600,\"height\":1068},\"primaryImageOfPage\":{\"@id\":\"https:\\\/\\\/chelso.com.br\\\/site\\\/elite-da-corrida-de-rua-participa-da-corrida-sao-vicente-meia-maratona-de-americana\\\/#mainImage\"},\"datePublished\":\"2026-01-13T15:21:54-03:00\",\"dateModified\":\"2026-01-13T15:31:30-03:00\"},{\"@type\":\"WebSite\",\"@id\":\"https:\\\/\\\/chelso.com.br\\\/site\\\/#website\",\"url\":\"https:\\\/\\\/chelso.com.br\\\/site\\\/\",\"name\":\"Portal Chelso Sports\",\"description\":\"Conte\\u00fado especializado em corrida de rua e triathlon\",\"inLanguage\":\"pt-BR\",\"publisher\":{\"@id\":\"https:\\\/\\\/chelso.com.br\\\/site\\\/#organization\"}}]}\n\t\t<\/script>\n\t\t<!-- All in One SEO -->\n\n","aioseo_head_json":{"title":"Elite da corrida de rua participa da Corrida S\u00e3o Vicente Meia Maratona de Americana - Portal Chelso Sports","description":"Com a patroc\u00ednio dos Supermercados S\u00e3o Vicente e com a organiza\u00e7\u00e3o da Chelso Sports, o interior paulista vai vibrar nesse in\u00edcio de 2026 com a Corrida S\u00e3o Vicente Meia Maratona de Americana, que acontece no pr\u00f3ximo domingo, dia 18 de janeiro. A prova nos percursos de 5 km, 10 km e 21 km, conta com","canonical_url":"https:\/\/chelso.com.br\/site\/elite-da-corrida-de-rua-participa-da-corrida-sao-vicente-meia-maratona-de-americana\/","robots":"max-image-preview:large","keywords":"","webmasterTools":{"miscellaneous":""},"schema":{"@context":"https:\/\/schema.org","@graph":[{"@type":"BlogPosting","@id":"https:\/\/chelso.com.br\/site\/elite-da-corrida-de-rua-participa-da-corrida-sao-vicente-meia-maratona-de-americana\/#blogposting","name":"Elite da corrida de rua participa da Corrida S\u00e3o Vicente Meia Maratona de Americana - Portal Chelso Sports","headline":"Elite da corrida de rua participa da Corrida S\u00e3o Vicente Meia Maratona de Americana","author":{"@id":"https:\/\/chelso.com.br\/site\/author\/edilson\/#author"},"publisher":{"@id":"https:\/\/chelso.com.br\/site\/#organization"},"image":{"@type":"ImageObject","url":"https:\/\/chelso.com.br\/site\/wp-content\/uploads\/2026\/01\/WhatsApp-Image-2026-01-13-at-14.56.06.jpeg","width":1600,"height":1068},"datePublished":"2026-01-13T15:21:54-03:00","dateModified":"2026-01-13T15:31:30-03:00","inLanguage":"pt-BR","mainEntityOfPage":{"@id":"https:\/\/chelso.com.br\/site\/elite-da-corrida-de-rua-participa-da-corrida-sao-vicente-meia-maratona-de-americana\/#webpage"},"isPartOf":{"@id":"https:\/\/chelso.com.br\/site\/elite-da-corrida-de-rua-participa-da-corrida-sao-vicente-meia-maratona-de-americana\/#webpage"},"articleSection":"Not\u00edcias, #meiamaratona, Americana, Chelso"},{"@type":"BreadcrumbList","@id":"https:\/\/chelso.com.br\/site\/elite-da-corrida-de-rua-participa-da-corrida-sao-vicente-meia-maratona-de-americana\/#breadcrumblist","itemListElement":[{"@type":"ListItem","@id":"https:\/\/chelso.com.br\/site#listItem","position":1,"name":"Home","item":"https:\/\/chelso.com.br\/site","nextItem":{"@type":"ListItem","@id":"https:\/\/chelso.com.br\/site\/category\/noticias\/#listItem","name":"Not\u00edcias"}},{"@type":"ListItem","@id":"https:\/\/chelso.com.br\/site\/category\/noticias\/#listItem","position":2,"name":"Not\u00edcias","item":"https:\/\/chelso.com.br\/site\/category\/noticias\/","nextItem":{"@type":"ListItem","@id":"https:\/\/chelso.com.br\/site\/elite-da-corrida-de-rua-participa-da-corrida-sao-vicente-meia-maratona-de-americana\/#listItem","name":"Elite da corrida de rua participa da Corrida S\u00e3o Vicente Meia Maratona de Americana"},"previousItem":{"@type":"ListItem","@id":"https:\/\/chelso.com.br\/site#listItem","name":"Home"}},{"@type":"ListItem","@id":"https:\/\/chelso.com.br\/site\/elite-da-corrida-de-rua-participa-da-corrida-sao-vicente-meia-maratona-de-americana\/#listItem","position":3,"name":"Elite da corrida de rua participa da Corrida S\u00e3o Vicente Meia Maratona de Americana","previousItem":{"@type":"ListItem","@id":"https:\/\/chelso.com.br\/site\/category\/noticias\/#listItem","name":"Not\u00edcias"}}]},{"@type":"Organization","@id":"https:\/\/chelso.com.br\/site\/#organization","name":"Portal Chelso Sports","description":"Conte\u00fado especializado em corrida de rua e triathlon","url":"https:\/\/chelso.com.br\/site\/"},{"@type":"Person","@id":"https:\/\/chelso.com.br\/site\/author\/edilson\/#author","url":"https:\/\/chelso.com.br\/site\/author\/edilson\/","name":"Edilson Rodrigues","image":{"@type":"ImageObject","@id":"https:\/\/chelso.com.br\/site\/elite-da-corrida-de-rua-participa-da-corrida-sao-vicente-meia-maratona-de-americana\/#authorImage","url":"https:\/\/chelso.com.br\/site\/wp-content\/uploads\/2024\/09\/Captura-de-tela-2024-09-27-170323-150x150.png","width":96,"height":96,"caption":"Edilson Rodrigues"}},{"@type":"WebPage","@id":"https:\/\/chelso.com.br\/site\/elite-da-corrida-de-rua-participa-da-corrida-sao-vicente-meia-maratona-de-americana\/#webpage","url":"https:\/\/chelso.com.br\/site\/elite-da-corrida-de-rua-participa-da-corrida-sao-vicente-meia-maratona-de-americana\/","name":"Elite da corrida de rua participa da Corrida S\u00e3o Vicente Meia Maratona de Americana - Portal Chelso Sports","description":"Com a patroc\u00ednio dos Supermercados S\u00e3o Vicente e com a organiza\u00e7\u00e3o da Chelso Sports, o interior paulista vai vibrar nesse in\u00edcio de 2026 com a Corrida S\u00e3o Vicente Meia Maratona de Americana, que acontece no pr\u00f3ximo domingo, dia 18 de janeiro. A prova nos percursos de 5 km, 10 km e 21 km, conta com","inLanguage":"pt-BR","isPartOf":{"@id":"https:\/\/chelso.com.br\/site\/#website"},"breadcrumb":{"@id":"https:\/\/chelso.com.br\/site\/elite-da-corrida-de-rua-participa-da-corrida-sao-vicente-meia-maratona-de-americana\/#breadcrumblist"},"author":{"@id":"https:\/\/chelso.com.br\/site\/author\/edilson\/#author"},"creator":{"@id":"https:\/\/chelso.com.br\/site\/author\/edilson\/#author"},"image":{"@type":"ImageObject","url":"https:\/\/chelso.com.br\/site\/wp-content\/uploads\/2026\/01\/WhatsApp-Image-2026-01-13-at-14.56.06.jpeg","@id":"https:\/\/chelso.com.br\/site\/elite-da-corrida-de-rua-participa-da-corrida-sao-vicente-meia-maratona-de-americana\/#mainImage","width":1600,"height":1068},"primaryImageOfPage":{"@id":"https:\/\/chelso.com.br\/site\/elite-da-corrida-de-rua-participa-da-corrida-sao-vicente-meia-maratona-de-americana\/#mainImage"},"datePublished":"2026-01-13T15:21:54-03:00","dateModified":"2026-01-13T15:31:30-03:00"},{"@type":"WebSite","@id":"https:\/\/chelso.com.br\/site\/#website","url":"https:\/\/chelso.com.br\/site\/","name":"Portal Chelso Sports","description":"Conte\u00fado especializado em corrida de rua e triathlon","inLanguage":"pt-BR","publisher":{"@id":"https:\/\/chelso.com.br\/site\/#organization"}}]},"og:locale":"pt_BR","og:site_name":"Portal Chelso Sports - Conte\u00fado especializado em corrida de rua e triathlon","og:type":"article","og:title":"Elite da corrida de rua participa da Corrida S\u00e3o Vicente Meia Maratona de Americana - Portal Chelso Sports","og:description":"Com a patroc\u00ednio dos Supermercados S\u00e3o Vicente e com a organiza\u00e7\u00e3o da Chelso Sports, o interior paulista vai vibrar nesse in\u00edcio de 2026 com a Corrida S\u00e3o Vicente Meia Maratona de Americana, que acontece no pr\u00f3ximo domingo, dia 18 de janeiro. A prova nos percursos de 5 km, 10 km e 21 km, conta com","og:url":"https:\/\/chelso.com.br\/site\/elite-da-corrida-de-rua-participa-da-corrida-sao-vicente-meia-maratona-de-americana\/","article:published_time":"2026-01-13T18:21:54+00:00","article:modified_time":"2026-01-13T18:31:30+00:00","twitter:card":"summary_large_image","twitter:title":"Elite da corrida de rua participa da Corrida S\u00e3o Vicente Meia Maratona de Americana - Portal Chelso Sports","twitter:description":"Com a patroc\u00ednio dos Supermercados S\u00e3o Vicente e com a organiza\u00e7\u00e3o da Chelso Sports, o interior paulista vai vibrar nesse in\u00edcio de 2026 com a Corrida S\u00e3o Vicente Meia Maratona de Americana, que acontece no pr\u00f3ximo domingo, dia 18 de janeiro. A prova nos percursos de 5 km, 10 km e 21 km, conta com"},"aioseo_meta_data":{"post_id":"28683","title":null,"description":null,"keywords":null,"keyphrases":{"focus":{"keyphrase":"","score":0,"analysis":{"keyphraseInTitle":{"score":0,"maxScore":9,"error":1}}},"additional":[]},"primary_term":null,"canonical_url":null,"og_title":null,"og_description":null,"og_object_type":"default","og_image_type":"default","og_image_url":null,"og_image_width":null,"og_image_height":null,"og_image_custom_url":null,"og_image_custom_fields":null,"og_video":"","og_custom_url":null,"og_article_section":null,"og_article_tags":null,"twitter_use_og":false,"twitter_card":"default","twitter_image_type":"default","twitter_image_url":null,"twitter_image_custom_url":null,"twitter_image_custom_fields":null,"twitter_title":null,"twitter_description":null,"schema":{"blockGraphs":[],"customGraphs":[],"default":{"data":{"Article":[],"Course":[],"Dataset":[],"FAQPage":[],"Movie":[],"Person":[],"Product":[],"ProductReview":[],"Car":[],"Recipe":[],"Service":[],"SoftwareApplication":[],"WebPage":[]},"graphName":"BlogPosting","isEnabled":true},"graphs":[]},"schema_type":"default","schema_type_options":null,"pillar_content":false,"robots_default":true,"robots_noindex":false,"robots_noarchive":false,"robots_nosnippet":false,"robots_nofollow":false,"robots_noimageindex":false,"robots_noodp":false,"robots_notranslate":false,"robots_max_snippet":"-1","robots_max_videopreview":"-1","robots_max_imagepreview":"large","priority":null,"frequency":"default","local_seo":null,"breadcrumb_settings":null,"limit_modified_date":false,"ai":{"faqs":[],"keyPoints":[],"titles":[],"descriptions":[],"socialPosts":{"email":[],"linkedin":[],"twitter":[],"facebook":[],"instagram":[]}},"created":"2026-01-13 18:21:54","updated":"2026-01-13 18:32:34","focus_keyword":null,"additional_keywords":null,"truseo_locale":null,"seo_analyzer_scan_date":null},"aioseo_breadcrumb":"<div class=\"aioseo-breadcrumbs\"><span class=\"aioseo-breadcrumb\">\n\t\t\t<a href=\"https:\/\/chelso.com.br\/site\" title=\"Home\">Home<\/a>\n\t\t<\/span><span class=\"aioseo-breadcrumb-separator\">&raquo;<\/span><span class=\"aioseo-breadcrumb\">\n\t\t\t<a href=\"https:\/\/chelso.com.br\/site\/category\/noticias\/\" title=\"Not\u00edcias\">Not\u00edcias<\/a>\n\t\t<\/span><span class=\"aioseo-breadcrumb-separator\">&raquo;<\/span><span class=\"aioseo-breadcrumb\">\n\t\t\tElite da corrida de rua participa da Corrida S\u00e3o Vicente Meia Maratona de Americana\n\t\t<\/span><\/div>","aioseo_breadcrumb_json":[{"label":"Home","link":"https:\/\/chelso.com.br\/site"},{"label":"Not\u00edcias","link":"https:\/\/chelso.com.br\/site\/category\/noticias\/"},{"label":"Elite da corrida de rua participa da Corrida S\u00e3o Vicente Meia Maratona de Americana","link":"https:\/\/chelso.com.br\/site\/elite-da-corrida-de-rua-participa-da-corrida-sao-vicente-meia-maratona-de-americana\/"}],"amp_enabled":true,"_links":{"self":[{"href":"https:\/\/chelso.com.br\/site\/wp-json\/wp\/v2\/posts\/28683","targetHints":{"allow":["GET"]}}],"collection":[{"href":"https:\/\/chelso.com.br\/site\/wp-json\/wp\/v2\/posts"}],"about":[{"href":"https:\/\/chelso.com.br\/site\/wp-json\/wp\/v2\/types\/post"}],"author":[{"embeddable":true,"href":"https:\/\/chelso.com.br\/site\/wp-json\/wp\/v2\/users\/43"}],"replies":[{"embeddable":true,"href":"https:\/\/chelso.com.br\/site\/wp-json\/wp\/v2\/comments?post=28683"}],"version-history":[{"count":6,"href":"https:\/\/chelso.com.br\/site\/wp-json\/wp\/v2\/posts\/28683\/revisions"}],"predecessor-version":[{"id":28699,"href":"https:\/\/chelso.com.br\/site\/wp-json\/wp\/v2\/posts\/28683\/revisions\/28699"}],"wp:featuredmedia":[{"embeddable":true,"href":"https:\/\/chelso.com.br\/site\/wp-json\/wp\/v2\/media\/28693"}],"wp:attachment":[{"href":"https:\/\/chelso.com.br\/site\/wp-json\/wp\/v2\/media?parent=28683"}],"wp:term":[{"taxonomy":"category","embeddable":true,"href":"https:\/\/chelso.com.br\/site\/wp-json\/wp\/v2\/categories?post=28683"},{"taxonomy":"post_tag","embeddable":true,"href":"https:\/\/chelso.com.br\/site\/wp-json\/wp\/v2\/tags?post=28683"}],"curies":[{"name":"wp","href":"https:\/\/api.w.org\/{rel}","templated":true}]}}