{"id":28843,"date":"2026-01-17T18:38:29","date_gmt":"2026-01-17T21:38:29","guid":{"rendered":"https:\/\/chelso.com.br\/site\/?p=28843"},"modified":"2026-01-17T18:43:12","modified_gmt":"2026-01-17T21:43:12","slug":"corrida-sao-vicente-meia-maratona-de-sorocaba-faca-ja-sua-inscricao","status":"publish","type":"post","link":"https:\/\/chelso.com.br\/site\/corrida-sao-vicente-meia-maratona-de-sorocaba-faca-ja-sua-inscricao\/","title":{"rendered":"Corrida S\u00e3o Vicente Meia Maratona de Sorocaba: Fa\u00e7a j\u00e1 sua inscri\u00e7\u00e3o!"},"content":{"rendered":"<p>Seja voc\u00ea um\u00a0<strong>corredor iniciante<\/strong>\u00a0ou um\u00a0<strong>atleta experiente<\/strong>, a<strong>\u00a0Corrida S\u00e3o Vicente Meia Maratona de Sorocaba\u00a0<\/strong>\u00e9 a\u00a0<strong>prova perfeita<\/strong>\u00a0para testar sua\u00a0<strong>velocidade<\/strong>,\u00a0sua <strong>resist\u00eancia<\/strong>\u00a0e\u00a0sua <strong>supera\u00e7\u00e3o<\/strong>!<\/p>\n<p>As inscri\u00e7\u00f5es est\u00e3o abertas no site: <a href=\"https:\/\/www.meiamaratonadesorocaba.com.br\">https:\/\/www.meiamaratonadesorocaba.com.br<\/a> para participantes acima dos 14 anos de idade.<\/p>\n<p>A concentra\u00e7\u00e3o e as largadas acontecem no Parque das \u00c1guas (Parque Maria Barbosa Silva), no dia 19 de julho, nas dist\u00e2ncias de 21 km, 10 km e 5 km (masculino e feminino).<\/p>\n<p>A retirada dos kits acontece nos dias 17 de julho (sexta-feira) e no dia 18 de julho (s\u00e1bado), das 10h \u00e0s 15h, em local a ser confirmado.<\/p>\n<p><img fetchpriority=\"high\" decoding=\"async\" class=\"wp-image-28844 aligncenter\" src=\"https:\/\/chelso.com.br\/site\/wp-content\/uploads\/2026\/01\/QL58GNMU33D4Z3HU4LPALVKHUE1ZG2XLX1QYVI9QNUI9EFSR70-300x125.png\" alt=\"\" width=\"396\" height=\"165\" srcset=\"https:\/\/chelso.com.br\/site\/wp-content\/uploads\/2026\/01\/QL58GNMU33D4Z3HU4LPALVKHUE1ZG2XLX1QYVI9QNUI9EFSR70-300x125.png 300w, https:\/\/chelso.com.br\/site\/wp-content\/uploads\/2026\/01\/QL58GNMU33D4Z3HU4LPALVKHUE1ZG2XLX1QYVI9QNUI9EFSR70-1024x426.png 1024w, https:\/\/chelso.com.br\/site\/wp-content\/uploads\/2026\/01\/QL58GNMU33D4Z3HU4LPALVKHUE1ZG2XLX1QYVI9QNUI9EFSR70-1536x639.png 1536w, https:\/\/chelso.com.br\/site\/wp-content\/uploads\/2026\/01\/QL58GNMU33D4Z3HU4LPALVKHUE1ZG2XLX1QYVI9QNUI9EFSR70-150x62.png 150w, https:\/\/chelso.com.br\/site\/wp-content\/uploads\/2026\/01\/QL58GNMU33D4Z3HU4LPALVKHUE1ZG2XLX1QYVI9QNUI9EFSR70-450x187.png 450w, https:\/\/chelso.com.br\/site\/wp-content\/uploads\/2026\/01\/QL58GNMU33D4Z3HU4LPALVKHUE1ZG2XLX1QYVI9QNUI9EFSR70-1200x500.png 1200w, https:\/\/chelso.com.br\/site\/wp-content\/uploads\/2026\/01\/QL58GNMU33D4Z3HU4LPALVKHUE1ZG2XLX1QYVI9QNUI9EFSR70-768x320.png 768w, https:\/\/chelso.com.br\/site\/wp-content\/uploads\/2026\/01\/QL58GNMU33D4Z3HU4LPALVKHUE1ZG2XLX1QYVI9QNUI9EFSR70.png 1900w\" sizes=\"(max-width: 396px) 100vw, 396px\" \/><\/p>\n<p><strong>Informa\u00e7\u00f5es gerais:<\/strong><\/p>\n<p><strong>Data<\/strong>: 19\/07\/2026<\/p>\n<p><strong>Hor\u00e1rios<\/strong>:<\/p>\n<p>Concentra\u00e7\u00e3o: 5h<\/p>\n<p>Largada 21k Elite Masculina e Feminina: 6h<\/p>\n<p>Largada 21km: 6:5h<\/p>\n<p>Largada 10km: 6:35h<\/p>\n<p>Largada 5km: 6:55h<\/p>\n<p><strong>Dist\u00e2ncias:\u00a0<\/strong>Corridas de 21km e 10km e 5 km.<\/p>\n<p><strong>Premia\u00e7\u00e3o de dinheiro<\/strong>: Aos primeiros cinco colocados da Elite dos 21 km (masculino e feminino).<\/p>\n<p>&nbsp;<\/p>\n<p><strong>\u00a0<\/strong><\/p>\n<p><strong>Reda\u00e7\u00e3o Assessoria de Imprensa Chelso Sports<\/strong><\/p>\n<p><strong>Jornalista Edilson Rodrigues de Morais, Mtb 26.319<\/strong><\/p>\n<p>(19) 99706.1570 \u2013 www.chelso.com.br<\/p>\n","protected":false},"excerpt":{"rendered":"<p>Seja voc\u00ea um\u00a0corredor iniciante\u00a0ou um\u00a0atleta experiente, a\u00a0Corrida S\u00e3o Vicente Meia Maratona de Sorocaba\u00a0\u00e9 a\u00a0prova perfeita\u00a0para testar sua\u00a0velocidade,\u00a0sua resist\u00eancia\u00a0e\u00a0sua supera\u00e7\u00e3o! As inscri\u00e7\u00f5es est\u00e3o abertas no site: https:\/\/www.meiamaratonadesorocaba.com.br para participantes acima dos 14 anos de idade. A concentra\u00e7\u00e3o e as largadas acontecem no Parque das \u00c1guas (Parque Maria Barbosa Silva), no dia 19 de julho, nas dist\u00e2ncias<\/p>\n","protected":false},"author":43,"featured_media":28848,"comment_status":"open","ping_status":"closed","sticky":false,"template":"","format":"standard","meta":{"om_disable_all_campaigns":false,"_monsterinsights_skip_tracking":false,"_monsterinsights_sitenote_active":false,"_monsterinsights_sitenote_note":"","_monsterinsights_sitenote_category":0,"footnotes":""},"categories":[30],"tags":[4770,4771,4786,735,4059],"class_list":{"0":"post-28843","1":"post","2":"type-post","3":"status-publish","4":"format-standard","5":"has-post-thumbnail","7":"category-noticias","8":"tag-meiamaratonasorocaba","9":"tag-saovicente","10":"tag-supermercadossaovicente","11":"tag-chelso","12":"tag-sorocaba"},"aioseo_notices":[],"yoast_head":"<!-- This site is optimized with the Yoast SEO plugin v27.5 - https:\/\/yoast.com\/product\/yoast-seo-wordpress\/ -->\n<title>Corrida S\u00e3o Vicente Meia Maratona de Sorocaba: Fa\u00e7a j\u00e1 sua inscri\u00e7\u00e3o! - Portal Chelso Sports<\/title>\n<meta name=\"robots\" content=\"index, follow, max-snippet:-1, max-image-preview:large, max-video-preview:-1\" \/>\n<link rel=\"canonical\" href=\"https:\/\/chelso.com.br\/site\/corrida-sao-vicente-meia-maratona-de-sorocaba-faca-ja-sua-inscricao\/\" \/>\n<meta property=\"og:locale\" content=\"pt_BR\" \/>\n<meta property=\"og:type\" content=\"article\" \/>\n<meta property=\"og:title\" content=\"Corrida S\u00e3o Vicente Meia Maratona de Sorocaba: Fa\u00e7a j\u00e1 sua inscri\u00e7\u00e3o! - Portal Chelso Sports\" \/>\n<meta property=\"og:description\" content=\"Seja voc\u00ea um\u00a0corredor iniciante\u00a0ou um\u00a0atleta experiente, a\u00a0Corrida S\u00e3o Vicente Meia Maratona de Sorocaba\u00a0\u00e9 a\u00a0prova perfeita\u00a0para testar sua\u00a0velocidade,\u00a0sua resist\u00eancia\u00a0e\u00a0sua supera\u00e7\u00e3o! As inscri\u00e7\u00f5es est\u00e3o abertas no site: https:\/\/www.meiamaratonadesorocaba.com.br para participantes acima dos 14 anos de idade. A concentra\u00e7\u00e3o e as largadas acontecem no Parque das \u00c1guas (Parque Maria Barbosa Silva), no dia 19 de julho, nas dist\u00e2ncias\" \/>\n<meta property=\"og:url\" content=\"https:\/\/chelso.com.br\/site\/corrida-sao-vicente-meia-maratona-de-sorocaba-faca-ja-sua-inscricao\/\" \/>\n<meta property=\"og:site_name\" content=\"Portal Chelso Sports\" \/>\n<meta property=\"article:published_time\" content=\"2026-01-17T21:38:29+00:00\" \/>\n<meta property=\"article:modified_time\" content=\"2026-01-17T21:43:12+00:00\" \/>\n<meta property=\"og:image\" content=\"https:\/\/chelso.com.br\/site\/wp-content\/uploads\/2026\/01\/QL58GNMU33D4Z3HU4LPALVKHUE1ZG2XLX1QYVI9QNUI9EFSR70-Copia-1.png\" \/>\n\t<meta property=\"og:image:width\" content=\"800\" \/>\n\t<meta property=\"og:image:height\" content=\"685\" \/>\n\t<meta property=\"og:image:type\" content=\"image\/png\" \/>\n<meta name=\"author\" content=\"Edilson Rodrigues\" \/>\n<meta name=\"twitter:card\" content=\"summary_large_image\" \/>\n<meta name=\"twitter:label1\" content=\"Escrito por\" \/>\n\t<meta name=\"twitter:data1\" content=\"Edilson Rodrigues\" \/>\n\t<meta name=\"twitter:label2\" content=\"Est. tempo de leitura\" \/>\n\t<meta name=\"twitter:data2\" content=\"2 minutos\" \/>\n<script type=\"application\/ld+json\" class=\"yoast-schema-graph\">{\"@context\":\"https:\\\/\\\/schema.org\",\"@graph\":[{\"@type\":\"Article\",\"@id\":\"https:\\\/\\\/chelso.com.br\\\/site\\\/corrida-sao-vicente-meia-maratona-de-sorocaba-faca-ja-sua-inscricao\\\/#article\",\"isPartOf\":{\"@id\":\"https:\\\/\\\/chelso.com.br\\\/site\\\/corrida-sao-vicente-meia-maratona-de-sorocaba-faca-ja-sua-inscricao\\\/\"},\"author\":{\"name\":\"Edilson Rodrigues\",\"@id\":\"https:\\\/\\\/chelso.com.br\\\/site\\\/#\\\/schema\\\/person\\\/a1e459f9cc882778a4f1367cb2ba51e3\"},\"headline\":\"Corrida S\u00e3o Vicente Meia Maratona de Sorocaba: Fa\u00e7a j\u00e1 sua inscri\u00e7\u00e3o!\",\"datePublished\":\"2026-01-17T21:38:29+00:00\",\"dateModified\":\"2026-01-17T21:43:12+00:00\",\"mainEntityOfPage\":{\"@id\":\"https:\\\/\\\/chelso.com.br\\\/site\\\/corrida-sao-vicente-meia-maratona-de-sorocaba-faca-ja-sua-inscricao\\\/\"},\"wordCount\":189,\"commentCount\":0,\"image\":{\"@id\":\"https:\\\/\\\/chelso.com.br\\\/site\\\/corrida-sao-vicente-meia-maratona-de-sorocaba-faca-ja-sua-inscricao\\\/#primaryimage\"},\"thumbnailUrl\":\"https:\\\/\\\/chelso.com.br\\\/site\\\/wp-content\\\/uploads\\\/2026\\\/01\\\/QL58GNMU33D4Z3HU4LPALVKHUE1ZG2XLX1QYVI9QNUI9EFSR70-Copia-1.png\",\"keywords\":[\"#meiamaratonasorocaba\",\"#saovicente\",\"#supermercadossaovicente\",\"Chelso\",\"Sorocaba\"],\"articleSection\":[\"Not\u00edcias\"],\"inLanguage\":\"pt-BR\",\"potentialAction\":[{\"@type\":\"CommentAction\",\"name\":\"Comment\",\"target\":[\"https:\\\/\\\/chelso.com.br\\\/site\\\/corrida-sao-vicente-meia-maratona-de-sorocaba-faca-ja-sua-inscricao\\\/#respond\"]}]},{\"@type\":\"WebPage\",\"@id\":\"https:\\\/\\\/chelso.com.br\\\/site\\\/corrida-sao-vicente-meia-maratona-de-sorocaba-faca-ja-sua-inscricao\\\/\",\"url\":\"https:\\\/\\\/chelso.com.br\\\/site\\\/corrida-sao-vicente-meia-maratona-de-sorocaba-faca-ja-sua-inscricao\\\/\",\"name\":\"Corrida S\u00e3o Vicente Meia Maratona de Sorocaba: Fa\u00e7a j\u00e1 sua inscri\u00e7\u00e3o! - Portal Chelso Sports\",\"isPartOf\":{\"@id\":\"https:\\\/\\\/chelso.com.br\\\/site\\\/#website\"},\"primaryImageOfPage\":{\"@id\":\"https:\\\/\\\/chelso.com.br\\\/site\\\/corrida-sao-vicente-meia-maratona-de-sorocaba-faca-ja-sua-inscricao\\\/#primaryimage\"},\"image\":{\"@id\":\"https:\\\/\\\/chelso.com.br\\\/site\\\/corrida-sao-vicente-meia-maratona-de-sorocaba-faca-ja-sua-inscricao\\\/#primaryimage\"},\"thumbnailUrl\":\"https:\\\/\\\/chelso.com.br\\\/site\\\/wp-content\\\/uploads\\\/2026\\\/01\\\/QL58GNMU33D4Z3HU4LPALVKHUE1ZG2XLX1QYVI9QNUI9EFSR70-Copia-1.png\",\"datePublished\":\"2026-01-17T21:38:29+00:00\",\"dateModified\":\"2026-01-17T21:43:12+00:00\",\"author\":{\"@id\":\"https:\\\/\\\/chelso.com.br\\\/site\\\/#\\\/schema\\\/person\\\/a1e459f9cc882778a4f1367cb2ba51e3\"},\"breadcrumb\":{\"@id\":\"https:\\\/\\\/chelso.com.br\\\/site\\\/corrida-sao-vicente-meia-maratona-de-sorocaba-faca-ja-sua-inscricao\\\/#breadcrumb\"},\"inLanguage\":\"pt-BR\",\"potentialAction\":[{\"@type\":\"ReadAction\",\"target\":[\"https:\\\/\\\/chelso.com.br\\\/site\\\/corrida-sao-vicente-meia-maratona-de-sorocaba-faca-ja-sua-inscricao\\\/\"]}]},{\"@type\":\"ImageObject\",\"inLanguage\":\"pt-BR\",\"@id\":\"https:\\\/\\\/chelso.com.br\\\/site\\\/corrida-sao-vicente-meia-maratona-de-sorocaba-faca-ja-sua-inscricao\\\/#primaryimage\",\"url\":\"https:\\\/\\\/chelso.com.br\\\/site\\\/wp-content\\\/uploads\\\/2026\\\/01\\\/QL58GNMU33D4Z3HU4LPALVKHUE1ZG2XLX1QYVI9QNUI9EFSR70-Copia-1.png\",\"contentUrl\":\"https:\\\/\\\/chelso.com.br\\\/site\\\/wp-content\\\/uploads\\\/2026\\\/01\\\/QL58GNMU33D4Z3HU4LPALVKHUE1ZG2XLX1QYVI9QNUI9EFSR70-Copia-1.png\",\"width\":800,\"height\":685},{\"@type\":\"BreadcrumbList\",\"@id\":\"https:\\\/\\\/chelso.com.br\\\/site\\\/corrida-sao-vicente-meia-maratona-de-sorocaba-faca-ja-sua-inscricao\\\/#breadcrumb\",\"itemListElement\":[{\"@type\":\"ListItem\",\"position\":1,\"name\":\"In\u00edcio\",\"item\":\"https:\\\/\\\/chelso.com.br\\\/site\\\/\"},{\"@type\":\"ListItem\",\"position\":2,\"name\":\"Corrida S\u00e3o Vicente Meia Maratona de Sorocaba: Fa\u00e7a j\u00e1 sua inscri\u00e7\u00e3o!\"}]},{\"@type\":\"WebSite\",\"@id\":\"https:\\\/\\\/chelso.com.br\\\/site\\\/#website\",\"url\":\"https:\\\/\\\/chelso.com.br\\\/site\\\/\",\"name\":\"Portal Chelso Sports\",\"description\":\"Conte\u00fado especializado em corrida de rua e triathlon\",\"potentialAction\":[{\"@type\":\"SearchAction\",\"target\":{\"@type\":\"EntryPoint\",\"urlTemplate\":\"https:\\\/\\\/chelso.com.br\\\/site\\\/?s={search_term_string}\"},\"query-input\":{\"@type\":\"PropertyValueSpecification\",\"valueRequired\":true,\"valueName\":\"search_term_string\"}}],\"inLanguage\":\"pt-BR\"},{\"@type\":\"Person\",\"@id\":\"https:\\\/\\\/chelso.com.br\\\/site\\\/#\\\/schema\\\/person\\\/a1e459f9cc882778a4f1367cb2ba51e3\",\"name\":\"Edilson Rodrigues\",\"image\":{\"@type\":\"ImageObject\",\"inLanguage\":\"pt-BR\",\"@id\":\"https:\\\/\\\/chelso.com.br\\\/site\\\/wp-content\\\/uploads\\\/2024\\\/09\\\/Captura-de-tela-2024-09-27-170323-150x150.png\",\"url\":\"https:\\\/\\\/chelso.com.br\\\/site\\\/wp-content\\\/uploads\\\/2024\\\/09\\\/Captura-de-tela-2024-09-27-170323-150x150.png\",\"contentUrl\":\"https:\\\/\\\/chelso.com.br\\\/site\\\/wp-content\\\/uploads\\\/2024\\\/09\\\/Captura-de-tela-2024-09-27-170323-150x150.png\",\"caption\":\"Edilson Rodrigues\"},\"url\":\"https:\\\/\\\/chelso.com.br\\\/site\\\/author\\\/edilson\\\/\"}]}<\/script>\n<!-- \/ Yoast SEO plugin. -->","yoast_head_json":{"title":"Corrida S\u00e3o Vicente Meia Maratona de Sorocaba: Fa\u00e7a j\u00e1 sua inscri\u00e7\u00e3o! - Portal Chelso Sports","robots":{"index":"index","follow":"follow","max-snippet":"max-snippet:-1","max-image-preview":"max-image-preview:large","max-video-preview":"max-video-preview:-1"},"canonical":"https:\/\/chelso.com.br\/site\/corrida-sao-vicente-meia-maratona-de-sorocaba-faca-ja-sua-inscricao\/","og_locale":"pt_BR","og_type":"article","og_title":"Corrida S\u00e3o Vicente Meia Maratona de Sorocaba: Fa\u00e7a j\u00e1 sua inscri\u00e7\u00e3o! - Portal Chelso Sports","og_description":"Seja voc\u00ea um\u00a0corredor iniciante\u00a0ou um\u00a0atleta experiente, a\u00a0Corrida S\u00e3o Vicente Meia Maratona de Sorocaba\u00a0\u00e9 a\u00a0prova perfeita\u00a0para testar sua\u00a0velocidade,\u00a0sua resist\u00eancia\u00a0e\u00a0sua supera\u00e7\u00e3o! As inscri\u00e7\u00f5es est\u00e3o abertas no site: https:\/\/www.meiamaratonadesorocaba.com.br para participantes acima dos 14 anos de idade. A concentra\u00e7\u00e3o e as largadas acontecem no Parque das \u00c1guas (Parque Maria Barbosa Silva), no dia 19 de julho, nas dist\u00e2ncias","og_url":"https:\/\/chelso.com.br\/site\/corrida-sao-vicente-meia-maratona-de-sorocaba-faca-ja-sua-inscricao\/","og_site_name":"Portal Chelso Sports","article_published_time":"2026-01-17T21:38:29+00:00","article_modified_time":"2026-01-17T21:43:12+00:00","og_image":[{"width":800,"height":685,"url":"https:\/\/chelso.com.br\/site\/wp-content\/uploads\/2026\/01\/QL58GNMU33D4Z3HU4LPALVKHUE1ZG2XLX1QYVI9QNUI9EFSR70-Copia-1.png","type":"image\/png"}],"author":"Edilson Rodrigues","twitter_card":"summary_large_image","twitter_misc":{"Escrito por":"Edilson Rodrigues","Est. tempo de leitura":"2 minutos"},"schema":{"@context":"https:\/\/schema.org","@graph":[{"@type":"Article","@id":"https:\/\/chelso.com.br\/site\/corrida-sao-vicente-meia-maratona-de-sorocaba-faca-ja-sua-inscricao\/#article","isPartOf":{"@id":"https:\/\/chelso.com.br\/site\/corrida-sao-vicente-meia-maratona-de-sorocaba-faca-ja-sua-inscricao\/"},"author":{"name":"Edilson Rodrigues","@id":"https:\/\/chelso.com.br\/site\/#\/schema\/person\/a1e459f9cc882778a4f1367cb2ba51e3"},"headline":"Corrida S\u00e3o Vicente Meia Maratona de Sorocaba: Fa\u00e7a j\u00e1 sua inscri\u00e7\u00e3o!","datePublished":"2026-01-17T21:38:29+00:00","dateModified":"2026-01-17T21:43:12+00:00","mainEntityOfPage":{"@id":"https:\/\/chelso.com.br\/site\/corrida-sao-vicente-meia-maratona-de-sorocaba-faca-ja-sua-inscricao\/"},"wordCount":189,"commentCount":0,"image":{"@id":"https:\/\/chelso.com.br\/site\/corrida-sao-vicente-meia-maratona-de-sorocaba-faca-ja-sua-inscricao\/#primaryimage"},"thumbnailUrl":"https:\/\/chelso.com.br\/site\/wp-content\/uploads\/2026\/01\/QL58GNMU33D4Z3HU4LPALVKHUE1ZG2XLX1QYVI9QNUI9EFSR70-Copia-1.png","keywords":["#meiamaratonasorocaba","#saovicente","#supermercadossaovicente","Chelso","Sorocaba"],"articleSection":["Not\u00edcias"],"inLanguage":"pt-BR","potentialAction":[{"@type":"CommentAction","name":"Comment","target":["https:\/\/chelso.com.br\/site\/corrida-sao-vicente-meia-maratona-de-sorocaba-faca-ja-sua-inscricao\/#respond"]}]},{"@type":"WebPage","@id":"https:\/\/chelso.com.br\/site\/corrida-sao-vicente-meia-maratona-de-sorocaba-faca-ja-sua-inscricao\/","url":"https:\/\/chelso.com.br\/site\/corrida-sao-vicente-meia-maratona-de-sorocaba-faca-ja-sua-inscricao\/","name":"Corrida S\u00e3o Vicente Meia Maratona de Sorocaba: Fa\u00e7a j\u00e1 sua inscri\u00e7\u00e3o! - Portal Chelso Sports","isPartOf":{"@id":"https:\/\/chelso.com.br\/site\/#website"},"primaryImageOfPage":{"@id":"https:\/\/chelso.com.br\/site\/corrida-sao-vicente-meia-maratona-de-sorocaba-faca-ja-sua-inscricao\/#primaryimage"},"image":{"@id":"https:\/\/chelso.com.br\/site\/corrida-sao-vicente-meia-maratona-de-sorocaba-faca-ja-sua-inscricao\/#primaryimage"},"thumbnailUrl":"https:\/\/chelso.com.br\/site\/wp-content\/uploads\/2026\/01\/QL58GNMU33D4Z3HU4LPALVKHUE1ZG2XLX1QYVI9QNUI9EFSR70-Copia-1.png","datePublished":"2026-01-17T21:38:29+00:00","dateModified":"2026-01-17T21:43:12+00:00","author":{"@id":"https:\/\/chelso.com.br\/site\/#\/schema\/person\/a1e459f9cc882778a4f1367cb2ba51e3"},"breadcrumb":{"@id":"https:\/\/chelso.com.br\/site\/corrida-sao-vicente-meia-maratona-de-sorocaba-faca-ja-sua-inscricao\/#breadcrumb"},"inLanguage":"pt-BR","potentialAction":[{"@type":"ReadAction","target":["https:\/\/chelso.com.br\/site\/corrida-sao-vicente-meia-maratona-de-sorocaba-faca-ja-sua-inscricao\/"]}]},{"@type":"ImageObject","inLanguage":"pt-BR","@id":"https:\/\/chelso.com.br\/site\/corrida-sao-vicente-meia-maratona-de-sorocaba-faca-ja-sua-inscricao\/#primaryimage","url":"https:\/\/chelso.com.br\/site\/wp-content\/uploads\/2026\/01\/QL58GNMU33D4Z3HU4LPALVKHUE1ZG2XLX1QYVI9QNUI9EFSR70-Copia-1.png","contentUrl":"https:\/\/chelso.com.br\/site\/wp-content\/uploads\/2026\/01\/QL58GNMU33D4Z3HU4LPALVKHUE1ZG2XLX1QYVI9QNUI9EFSR70-Copia-1.png","width":800,"height":685},{"@type":"BreadcrumbList","@id":"https:\/\/chelso.com.br\/site\/corrida-sao-vicente-meia-maratona-de-sorocaba-faca-ja-sua-inscricao\/#breadcrumb","itemListElement":[{"@type":"ListItem","position":1,"name":"In\u00edcio","item":"https:\/\/chelso.com.br\/site\/"},{"@type":"ListItem","position":2,"name":"Corrida S\u00e3o Vicente Meia Maratona de Sorocaba: Fa\u00e7a j\u00e1 sua inscri\u00e7\u00e3o!"}]},{"@type":"WebSite","@id":"https:\/\/chelso.com.br\/site\/#website","url":"https:\/\/chelso.com.br\/site\/","name":"Portal Chelso Sports","description":"Conte\u00fado especializado em corrida de rua e triathlon","potentialAction":[{"@type":"SearchAction","target":{"@type":"EntryPoint","urlTemplate":"https:\/\/chelso.com.br\/site\/?s={search_term_string}"},"query-input":{"@type":"PropertyValueSpecification","valueRequired":true,"valueName":"search_term_string"}}],"inLanguage":"pt-BR"},{"@type":"Person","@id":"https:\/\/chelso.com.br\/site\/#\/schema\/person\/a1e459f9cc882778a4f1367cb2ba51e3","name":"Edilson Rodrigues","image":{"@type":"ImageObject","inLanguage":"pt-BR","@id":"https:\/\/chelso.com.br\/site\/wp-content\/uploads\/2024\/09\/Captura-de-tela-2024-09-27-170323-150x150.png","url":"https:\/\/chelso.com.br\/site\/wp-content\/uploads\/2024\/09\/Captura-de-tela-2024-09-27-170323-150x150.png","contentUrl":"https:\/\/chelso.com.br\/site\/wp-content\/uploads\/2024\/09\/Captura-de-tela-2024-09-27-170323-150x150.png","caption":"Edilson Rodrigues"},"url":"https:\/\/chelso.com.br\/site\/author\/edilson\/"}]}},"amp_enabled":true,"_links":{"self":[{"href":"https:\/\/chelso.com.br\/site\/wp-json\/wp\/v2\/posts\/28843","targetHints":{"allow":["GET"]}}],"collection":[{"href":"https:\/\/chelso.com.br\/site\/wp-json\/wp\/v2\/posts"}],"about":[{"href":"https:\/\/chelso.com.br\/site\/wp-json\/wp\/v2\/types\/post"}],"author":[{"embeddable":true,"href":"https:\/\/chelso.com.br\/site\/wp-json\/wp\/v2\/users\/43"}],"replies":[{"embeddable":true,"href":"https:\/\/chelso.com.br\/site\/wp-json\/wp\/v2\/comments?post=28843"}],"version-history":[{"count":1,"href":"https:\/\/chelso.com.br\/site\/wp-json\/wp\/v2\/posts\/28843\/revisions"}],"predecessor-version":[{"id":28846,"href":"https:\/\/chelso.com.br\/site\/wp-json\/wp\/v2\/posts\/28843\/revisions\/28846"}],"wp:featuredmedia":[{"embeddable":true,"href":"https:\/\/chelso.com.br\/site\/wp-json\/wp\/v2\/media\/28848"}],"wp:attachment":[{"href":"https:\/\/chelso.com.br\/site\/wp-json\/wp\/v2\/media?parent=28843"}],"wp:term":[{"taxonomy":"category","embeddable":true,"href":"https:\/\/chelso.com.br\/site\/wp-json\/wp\/v2\/categories?post=28843"},{"taxonomy":"post_tag","embeddable":true,"href":"https:\/\/chelso.com.br\/site\/wp-json\/wp\/v2\/tags?post=28843"}],"curies":[{"name":"wp","href":"https:\/\/api.w.org\/{rel}","templated":true}]}}