{"id":28919,"date":"2026-01-19T15:16:26","date_gmt":"2026-01-19T18:16:26","guid":{"rendered":"https:\/\/chelso.com.br\/site\/?p=28919"},"modified":"2026-01-19T15:18:11","modified_gmt":"2026-01-19T18:18:11","slug":"os-vencedores-e-as-vencedoras-da-corrida-sao-vicente-meia-maratona-de-americana","status":"publish","type":"post","link":"https:\/\/chelso.com.br\/site\/os-vencedores-e-as-vencedoras-da-corrida-sao-vicente-meia-maratona-de-americana\/","title":{"rendered":"Os vencedores e as vencedoras da Corrida S\u00e3o Vicente Meia Maratona de Americana"},"content":{"rendered":"<p>Com a patroc\u00ednio dos Supermercados S\u00e3o Vicente e a organiza\u00e7\u00e3o da Chelso Sports, a Corrida S\u00e3o Vicente Meia Maratona de Americana foi um sucesso absoluto.<\/p>\n<p>A prova foi realizada no domingo, dia 18 de janeiro de 2026 nos percursos de 5 km, 10 km e 21 km e contou com a aferi\u00e7\u00e3o da CBAt (Confedera\u00e7\u00e3o Brasileira de Atletismo).<\/p>\n<p>Parab\u00e9ns a todos os participantes!<\/p>\n<p><img fetchpriority=\"high\" decoding=\"async\" class=\"wp-image-28920 aligncenter\" src=\"https:\/\/chelso.com.br\/site\/wp-content\/uploads\/2026\/01\/WhatsApp-Image-2026-01-19-at-13.21.46-1-300x200.jpeg\" alt=\"\" width=\"422\" height=\"281\" srcset=\"https:\/\/chelso.com.br\/site\/wp-content\/uploads\/2026\/01\/WhatsApp-Image-2026-01-19-at-13.21.46-1-300x200.jpeg 300w, https:\/\/chelso.com.br\/site\/wp-content\/uploads\/2026\/01\/WhatsApp-Image-2026-01-19-at-13.21.46-1-1024x682.jpeg 1024w, https:\/\/chelso.com.br\/site\/wp-content\/uploads\/2026\/01\/WhatsApp-Image-2026-01-19-at-13.21.46-1-1536x1023.jpeg 1536w, https:\/\/chelso.com.br\/site\/wp-content\/uploads\/2026\/01\/WhatsApp-Image-2026-01-19-at-13.21.46-1-150x100.jpeg 150w, https:\/\/chelso.com.br\/site\/wp-content\/uploads\/2026\/01\/WhatsApp-Image-2026-01-19-at-13.21.46-1-450x300.jpeg 450w, https:\/\/chelso.com.br\/site\/wp-content\/uploads\/2026\/01\/WhatsApp-Image-2026-01-19-at-13.21.46-1-1200x800.jpeg 1200w, https:\/\/chelso.com.br\/site\/wp-content\/uploads\/2026\/01\/WhatsApp-Image-2026-01-19-at-13.21.46-1-768x512.jpeg 768w, https:\/\/chelso.com.br\/site\/wp-content\/uploads\/2026\/01\/WhatsApp-Image-2026-01-19-at-13.21.46-1.jpeg 1600w\" sizes=\"(max-width: 422px) 100vw, 422px\" \/><\/p>\n<p><strong>Estes s\u00e3o os cinco primeiros colocados (as) em cada um dos percursos:<\/strong><\/p>\n<p><strong>21 km Elite masculino<\/strong><\/p>\n<p>1\u00ba colocado \u2013 Fernando Augusto Rodrigues da Silva \u2013 01:07:32.653<\/p>\n<p>2\u00ba colocado \u2013 Luan Bissoli \u2013 01:09:21.522<\/p>\n<p>3\u00ba colocado \u2013 Ant\u00f4nio Marco Pereira de Ara\u00fajo \u2013 01:10:03.202<\/p>\n<p>4\u00ba colocado \u2013 Leonardo Willrich Padilha Padovany \u2013 01:11:46.561<\/p>\n<p>5\u00ba colocado \u2013 Gustavo da Silva \u2013 01:14:14.200<\/p>\n<p><strong>21 km Elite feminino<\/strong><\/p>\n<p>1\u00ba colocado \u2013 Jaciane Ara\u00fajo \u2013 01:22:06.032<\/p>\n<p>2\u00ba colocado \u2013 Nat\u00e1lia Regina Painelli \u2013 01:26:00.561<\/p>\n<p>3\u00ba colocado \u2013 Marina Malachias \u2013 01:27:33.123<\/p>\n<p>4\u00ba colocado \u2013 Marilene de Jesus Ferreira \u2013 01:29:55.216<\/p>\n<p>5\u00ba colocado \u2013 Vanderl\u00e2ndia Lima de Souza \u2013 01:34:17.371<\/p>\n<p><strong>10 km masculino<\/strong><\/p>\n<p>1\u00ba colocado \u2013 Samuel Souza do Nascimento \u2013 33:09.090<\/p>\n<p>2\u00ba colocado \u2013 Emerson Calcagno \u2013 33:43.047<\/p>\n<p>3\u00ba colocado \u2013 Rodrigo de Lima Tobias \u2013 36:19.406<\/p>\n<p>4\u00ba colocado \u2013 Luiz Henrique Guerrero \u2013 36:33.430<\/p>\n<p>5\u00ba colocado \u2013 Douglas Freitas \u2013 37:02.163<\/p>\n<p><strong>10 km feminino<\/strong><\/p>\n<p>1\u00ba colocado \u2013 Brenda Ap. Pantale\u00e3o de Moraes \u2013 42:53.180<\/p>\n<p>2\u00ba colocado \u2013 Ana L\u00facia Souto Mofatto \u2013 44:17.962<\/p>\n<p>3\u00ba colocado \u2013 Eliane da Silva \u2013 46:01.993<\/p>\n<p>4\u00ba colocado \u2013 Danielli Fernandes \u2013 46:05.009<\/p>\n<p>5\u00ba colocado \u2013 Rafaela Pereira dos Anjos \u2013 46:58.381<\/p>\n<p><strong>5 km masculino<\/strong><\/p>\n<p>1\u00ba colocado \u2013 Lucas Bissoli \u2013 15:53.153<\/p>\n<p>2\u00ba colocado \u2013 Jo\u00e3o Paulo Aparecido Sales \u2013 16:52.717<\/p>\n<p>3\u00ba colocado \u2013 Matheus Fernando \u2013 17:20.662<\/p>\n<p>4\u00ba colocado \u2013 Victor Isaias Magalh\u00e3es \u2013 17:29.280<\/p>\n<p>5\u00ba colocado \u2013 M\u00e1rio S\u00e9rgio Basso \u2013 17:37.932<\/p>\n<p><strong>5 km feminino<\/strong><\/p>\n<p>1\u00ba colocado \u2013 Maj\u00fa Xavier \u2013 19:58.796<\/p>\n<p>2\u00ba colocado \u2013 Camila Carvalho Messias \u2013 21:09.505<\/p>\n<p>3\u00ba colocado \u2013 Patr\u00edcia Nogueira Moro \u2013 21:19.107<\/p>\n<p>4\u00ba colocado \u2013 Gabriela Pinheiro Cavicchioli \u2013 21:22.539<\/p>\n<p>5\u00ba colocado \u2013 Pamela Jorge Paiva \u2013 21:24.900<\/p>\n<p>&nbsp;<\/p>\n<p><strong>Cr\u00e9ditos das fotos <\/strong>Fotop<\/p>\n<p><strong>\u00a0<\/strong><\/p>\n<p><strong>Reda\u00e7\u00e3o Assessoria de Imprensa Chelso Sports<\/strong><\/p>\n<p><strong>Jornalista Edilson Rodrigues de Morais, Mtb 26.319<\/strong><\/p>\n<p>(19) 99706.1570 \u2013 www.chelso.com.br<\/p>\n","protected":false},"excerpt":{"rendered":"<p>Com a patroc\u00ednio dos Supermercados S\u00e3o Vicente e a organiza\u00e7\u00e3o da Chelso Sports, a Corrida S\u00e3o Vicente Meia Maratona de Americana foi um sucesso absoluto. A prova foi realizada no domingo, dia 18 de janeiro de 2026 nos percursos de 5 km, 10 km e 21 km e contou com a aferi\u00e7\u00e3o da CBAt (Confedera\u00e7\u00e3o<\/p>\n","protected":false},"author":43,"featured_media":28921,"comment_status":"open","ping_status":"closed","sticky":false,"template":"","format":"standard","meta":{"om_disable_all_campaigns":false,"_monsterinsights_skip_tracking":false,"_monsterinsights_sitenote_active":false,"_monsterinsights_sitenote_note":"","_monsterinsights_sitenote_category":0,"footnotes":""},"categories":[30],"tags":[4637,5442,4786,735,6219],"class_list":{"0":"post-28919","1":"post","2":"type-post","3":"status-publish","4":"format-standard","5":"has-post-thumbnail","7":"category-noticias","8":"tag-corridasaovicente","9":"tag-meiamaratonadeamericana","10":"tag-supermercadossaovicente","11":"tag-chelso","12":"tag-resultados"},"aioseo_notices":[],"yoast_head":"<!-- This site is optimized with the Yoast SEO plugin v27.5 - https:\/\/yoast.com\/product\/yoast-seo-wordpress\/ -->\n<title>Os vencedores e as vencedoras da Corrida S\u00e3o Vicente Meia Maratona de Americana - Portal Chelso Sports<\/title>\n<meta name=\"robots\" content=\"index, follow, max-snippet:-1, max-image-preview:large, max-video-preview:-1\" \/>\n<link rel=\"canonical\" href=\"https:\/\/chelso.com.br\/site\/os-vencedores-e-as-vencedoras-da-corrida-sao-vicente-meia-maratona-de-americana\/\" \/>\n<meta property=\"og:locale\" content=\"pt_BR\" \/>\n<meta property=\"og:type\" content=\"article\" \/>\n<meta property=\"og:title\" content=\"Os vencedores e as vencedoras da Corrida S\u00e3o Vicente Meia Maratona de Americana - Portal Chelso Sports\" \/>\n<meta property=\"og:description\" content=\"Com a patroc\u00ednio dos Supermercados S\u00e3o Vicente e a organiza\u00e7\u00e3o da Chelso Sports, a Corrida S\u00e3o Vicente Meia Maratona de Americana foi um sucesso absoluto. A prova foi realizada no domingo, dia 18 de janeiro de 2026 nos percursos de 5 km, 10 km e 21 km e contou com a aferi\u00e7\u00e3o da CBAt (Confedera\u00e7\u00e3o\" \/>\n<meta property=\"og:url\" content=\"https:\/\/chelso.com.br\/site\/os-vencedores-e-as-vencedoras-da-corrida-sao-vicente-meia-maratona-de-americana\/\" \/>\n<meta property=\"og:site_name\" content=\"Portal Chelso Sports\" \/>\n<meta property=\"article:published_time\" content=\"2026-01-19T18:16:26+00:00\" \/>\n<meta property=\"article:modified_time\" content=\"2026-01-19T18:18:11+00:00\" \/>\n<meta property=\"og:image\" content=\"https:\/\/chelso.com.br\/site\/wp-content\/uploads\/2026\/01\/WhatsApp-Image-2026-01-19-at-13.21.46.jpeg\" \/>\n\t<meta property=\"og:image:width\" content=\"1600\" \/>\n\t<meta property=\"og:image:height\" content=\"1066\" \/>\n\t<meta property=\"og:image:type\" content=\"image\/jpeg\" \/>\n<meta name=\"author\" content=\"Edilson Rodrigues\" \/>\n<meta name=\"twitter:card\" content=\"summary_large_image\" \/>\n<meta name=\"twitter:label1\" content=\"Escrito por\" \/>\n\t<meta name=\"twitter:data1\" content=\"Edilson Rodrigues\" \/>\n\t<meta name=\"twitter:label2\" content=\"Est. tempo de leitura\" \/>\n\t<meta name=\"twitter:data2\" content=\"3 minutos\" \/>\n<script type=\"application\/ld+json\" class=\"yoast-schema-graph\">{\"@context\":\"https:\\\/\\\/schema.org\",\"@graph\":[{\"@type\":\"Article\",\"@id\":\"https:\\\/\\\/chelso.com.br\\\/site\\\/os-vencedores-e-as-vencedoras-da-corrida-sao-vicente-meia-maratona-de-americana\\\/#article\",\"isPartOf\":{\"@id\":\"https:\\\/\\\/chelso.com.br\\\/site\\\/os-vencedores-e-as-vencedoras-da-corrida-sao-vicente-meia-maratona-de-americana\\\/\"},\"author\":{\"name\":\"Edilson Rodrigues\",\"@id\":\"https:\\\/\\\/chelso.com.br\\\/site\\\/#\\\/schema\\\/person\\\/a1e459f9cc882778a4f1367cb2ba51e3\"},\"headline\":\"Os vencedores e as vencedoras da Corrida S\u00e3o Vicente Meia Maratona de Americana\",\"datePublished\":\"2026-01-19T18:16:26+00:00\",\"dateModified\":\"2026-01-19T18:18:11+00:00\",\"mainEntityOfPage\":{\"@id\":\"https:\\\/\\\/chelso.com.br\\\/site\\\/os-vencedores-e-as-vencedoras-da-corrida-sao-vicente-meia-maratona-de-americana\\\/\"},\"wordCount\":266,\"commentCount\":0,\"image\":{\"@id\":\"https:\\\/\\\/chelso.com.br\\\/site\\\/os-vencedores-e-as-vencedoras-da-corrida-sao-vicente-meia-maratona-de-americana\\\/#primaryimage\"},\"thumbnailUrl\":\"https:\\\/\\\/chelso.com.br\\\/site\\\/wp-content\\\/uploads\\\/2026\\\/01\\\/WhatsApp-Image-2026-01-19-at-13.21.46.jpeg\",\"keywords\":[\"#corridasaovicente\",\"#meiamaratonadeamericana\",\"#supermercadossaovicente\",\"Chelso\",\"resultados\"],\"articleSection\":[\"Not\u00edcias\"],\"inLanguage\":\"pt-BR\",\"potentialAction\":[{\"@type\":\"CommentAction\",\"name\":\"Comment\",\"target\":[\"https:\\\/\\\/chelso.com.br\\\/site\\\/os-vencedores-e-as-vencedoras-da-corrida-sao-vicente-meia-maratona-de-americana\\\/#respond\"]}]},{\"@type\":\"WebPage\",\"@id\":\"https:\\\/\\\/chelso.com.br\\\/site\\\/os-vencedores-e-as-vencedoras-da-corrida-sao-vicente-meia-maratona-de-americana\\\/\",\"url\":\"https:\\\/\\\/chelso.com.br\\\/site\\\/os-vencedores-e-as-vencedoras-da-corrida-sao-vicente-meia-maratona-de-americana\\\/\",\"name\":\"Os vencedores e as vencedoras da Corrida S\u00e3o Vicente Meia Maratona de Americana - Portal Chelso Sports\",\"isPartOf\":{\"@id\":\"https:\\\/\\\/chelso.com.br\\\/site\\\/#website\"},\"primaryImageOfPage\":{\"@id\":\"https:\\\/\\\/chelso.com.br\\\/site\\\/os-vencedores-e-as-vencedoras-da-corrida-sao-vicente-meia-maratona-de-americana\\\/#primaryimage\"},\"image\":{\"@id\":\"https:\\\/\\\/chelso.com.br\\\/site\\\/os-vencedores-e-as-vencedoras-da-corrida-sao-vicente-meia-maratona-de-americana\\\/#primaryimage\"},\"thumbnailUrl\":\"https:\\\/\\\/chelso.com.br\\\/site\\\/wp-content\\\/uploads\\\/2026\\\/01\\\/WhatsApp-Image-2026-01-19-at-13.21.46.jpeg\",\"datePublished\":\"2026-01-19T18:16:26+00:00\",\"dateModified\":\"2026-01-19T18:18:11+00:00\",\"author\":{\"@id\":\"https:\\\/\\\/chelso.com.br\\\/site\\\/#\\\/schema\\\/person\\\/a1e459f9cc882778a4f1367cb2ba51e3\"},\"breadcrumb\":{\"@id\":\"https:\\\/\\\/chelso.com.br\\\/site\\\/os-vencedores-e-as-vencedoras-da-corrida-sao-vicente-meia-maratona-de-americana\\\/#breadcrumb\"},\"inLanguage\":\"pt-BR\",\"potentialAction\":[{\"@type\":\"ReadAction\",\"target\":[\"https:\\\/\\\/chelso.com.br\\\/site\\\/os-vencedores-e-as-vencedoras-da-corrida-sao-vicente-meia-maratona-de-americana\\\/\"]}]},{\"@type\":\"ImageObject\",\"inLanguage\":\"pt-BR\",\"@id\":\"https:\\\/\\\/chelso.com.br\\\/site\\\/os-vencedores-e-as-vencedoras-da-corrida-sao-vicente-meia-maratona-de-americana\\\/#primaryimage\",\"url\":\"https:\\\/\\\/chelso.com.br\\\/site\\\/wp-content\\\/uploads\\\/2026\\\/01\\\/WhatsApp-Image-2026-01-19-at-13.21.46.jpeg\",\"contentUrl\":\"https:\\\/\\\/chelso.com.br\\\/site\\\/wp-content\\\/uploads\\\/2026\\\/01\\\/WhatsApp-Image-2026-01-19-at-13.21.46.jpeg\",\"width\":1600,\"height\":1066},{\"@type\":\"BreadcrumbList\",\"@id\":\"https:\\\/\\\/chelso.com.br\\\/site\\\/os-vencedores-e-as-vencedoras-da-corrida-sao-vicente-meia-maratona-de-americana\\\/#breadcrumb\",\"itemListElement\":[{\"@type\":\"ListItem\",\"position\":1,\"name\":\"In\u00edcio\",\"item\":\"https:\\\/\\\/chelso.com.br\\\/site\\\/\"},{\"@type\":\"ListItem\",\"position\":2,\"name\":\"Os vencedores e as vencedoras da Corrida S\u00e3o Vicente Meia Maratona de Americana\"}]},{\"@type\":\"WebSite\",\"@id\":\"https:\\\/\\\/chelso.com.br\\\/site\\\/#website\",\"url\":\"https:\\\/\\\/chelso.com.br\\\/site\\\/\",\"name\":\"Portal Chelso Sports\",\"description\":\"Conte\u00fado especializado em corrida de rua e triathlon\",\"potentialAction\":[{\"@type\":\"SearchAction\",\"target\":{\"@type\":\"EntryPoint\",\"urlTemplate\":\"https:\\\/\\\/chelso.com.br\\\/site\\\/?s={search_term_string}\"},\"query-input\":{\"@type\":\"PropertyValueSpecification\",\"valueRequired\":true,\"valueName\":\"search_term_string\"}}],\"inLanguage\":\"pt-BR\"},{\"@type\":\"Person\",\"@id\":\"https:\\\/\\\/chelso.com.br\\\/site\\\/#\\\/schema\\\/person\\\/a1e459f9cc882778a4f1367cb2ba51e3\",\"name\":\"Edilson Rodrigues\",\"image\":{\"@type\":\"ImageObject\",\"inLanguage\":\"pt-BR\",\"@id\":\"https:\\\/\\\/chelso.com.br\\\/site\\\/wp-content\\\/uploads\\\/2024\\\/09\\\/Captura-de-tela-2024-09-27-170323-150x150.png\",\"url\":\"https:\\\/\\\/chelso.com.br\\\/site\\\/wp-content\\\/uploads\\\/2024\\\/09\\\/Captura-de-tela-2024-09-27-170323-150x150.png\",\"contentUrl\":\"https:\\\/\\\/chelso.com.br\\\/site\\\/wp-content\\\/uploads\\\/2024\\\/09\\\/Captura-de-tela-2024-09-27-170323-150x150.png\",\"caption\":\"Edilson Rodrigues\"},\"url\":\"https:\\\/\\\/chelso.com.br\\\/site\\\/author\\\/edilson\\\/\"}]}<\/script>\n<!-- \/ Yoast SEO plugin. -->","yoast_head_json":{"title":"Os vencedores e as vencedoras da Corrida S\u00e3o Vicente Meia Maratona de Americana - Portal Chelso Sports","robots":{"index":"index","follow":"follow","max-snippet":"max-snippet:-1","max-image-preview":"max-image-preview:large","max-video-preview":"max-video-preview:-1"},"canonical":"https:\/\/chelso.com.br\/site\/os-vencedores-e-as-vencedoras-da-corrida-sao-vicente-meia-maratona-de-americana\/","og_locale":"pt_BR","og_type":"article","og_title":"Os vencedores e as vencedoras da Corrida S\u00e3o Vicente Meia Maratona de Americana - Portal Chelso Sports","og_description":"Com a patroc\u00ednio dos Supermercados S\u00e3o Vicente e a organiza\u00e7\u00e3o da Chelso Sports, a Corrida S\u00e3o Vicente Meia Maratona de Americana foi um sucesso absoluto. A prova foi realizada no domingo, dia 18 de janeiro de 2026 nos percursos de 5 km, 10 km e 21 km e contou com a aferi\u00e7\u00e3o da CBAt (Confedera\u00e7\u00e3o","og_url":"https:\/\/chelso.com.br\/site\/os-vencedores-e-as-vencedoras-da-corrida-sao-vicente-meia-maratona-de-americana\/","og_site_name":"Portal Chelso Sports","article_published_time":"2026-01-19T18:16:26+00:00","article_modified_time":"2026-01-19T18:18:11+00:00","og_image":[{"width":1600,"height":1066,"url":"https:\/\/chelso.com.br\/site\/wp-content\/uploads\/2026\/01\/WhatsApp-Image-2026-01-19-at-13.21.46.jpeg","type":"image\/jpeg"}],"author":"Edilson Rodrigues","twitter_card":"summary_large_image","twitter_misc":{"Escrito por":"Edilson Rodrigues","Est. tempo de leitura":"3 minutos"},"schema":{"@context":"https:\/\/schema.org","@graph":[{"@type":"Article","@id":"https:\/\/chelso.com.br\/site\/os-vencedores-e-as-vencedoras-da-corrida-sao-vicente-meia-maratona-de-americana\/#article","isPartOf":{"@id":"https:\/\/chelso.com.br\/site\/os-vencedores-e-as-vencedoras-da-corrida-sao-vicente-meia-maratona-de-americana\/"},"author":{"name":"Edilson Rodrigues","@id":"https:\/\/chelso.com.br\/site\/#\/schema\/person\/a1e459f9cc882778a4f1367cb2ba51e3"},"headline":"Os vencedores e as vencedoras da Corrida S\u00e3o Vicente Meia Maratona de Americana","datePublished":"2026-01-19T18:16:26+00:00","dateModified":"2026-01-19T18:18:11+00:00","mainEntityOfPage":{"@id":"https:\/\/chelso.com.br\/site\/os-vencedores-e-as-vencedoras-da-corrida-sao-vicente-meia-maratona-de-americana\/"},"wordCount":266,"commentCount":0,"image":{"@id":"https:\/\/chelso.com.br\/site\/os-vencedores-e-as-vencedoras-da-corrida-sao-vicente-meia-maratona-de-americana\/#primaryimage"},"thumbnailUrl":"https:\/\/chelso.com.br\/site\/wp-content\/uploads\/2026\/01\/WhatsApp-Image-2026-01-19-at-13.21.46.jpeg","keywords":["#corridasaovicente","#meiamaratonadeamericana","#supermercadossaovicente","Chelso","resultados"],"articleSection":["Not\u00edcias"],"inLanguage":"pt-BR","potentialAction":[{"@type":"CommentAction","name":"Comment","target":["https:\/\/chelso.com.br\/site\/os-vencedores-e-as-vencedoras-da-corrida-sao-vicente-meia-maratona-de-americana\/#respond"]}]},{"@type":"WebPage","@id":"https:\/\/chelso.com.br\/site\/os-vencedores-e-as-vencedoras-da-corrida-sao-vicente-meia-maratona-de-americana\/","url":"https:\/\/chelso.com.br\/site\/os-vencedores-e-as-vencedoras-da-corrida-sao-vicente-meia-maratona-de-americana\/","name":"Os vencedores e as vencedoras da Corrida S\u00e3o Vicente Meia Maratona de Americana - Portal Chelso Sports","isPartOf":{"@id":"https:\/\/chelso.com.br\/site\/#website"},"primaryImageOfPage":{"@id":"https:\/\/chelso.com.br\/site\/os-vencedores-e-as-vencedoras-da-corrida-sao-vicente-meia-maratona-de-americana\/#primaryimage"},"image":{"@id":"https:\/\/chelso.com.br\/site\/os-vencedores-e-as-vencedoras-da-corrida-sao-vicente-meia-maratona-de-americana\/#primaryimage"},"thumbnailUrl":"https:\/\/chelso.com.br\/site\/wp-content\/uploads\/2026\/01\/WhatsApp-Image-2026-01-19-at-13.21.46.jpeg","datePublished":"2026-01-19T18:16:26+00:00","dateModified":"2026-01-19T18:18:11+00:00","author":{"@id":"https:\/\/chelso.com.br\/site\/#\/schema\/person\/a1e459f9cc882778a4f1367cb2ba51e3"},"breadcrumb":{"@id":"https:\/\/chelso.com.br\/site\/os-vencedores-e-as-vencedoras-da-corrida-sao-vicente-meia-maratona-de-americana\/#breadcrumb"},"inLanguage":"pt-BR","potentialAction":[{"@type":"ReadAction","target":["https:\/\/chelso.com.br\/site\/os-vencedores-e-as-vencedoras-da-corrida-sao-vicente-meia-maratona-de-americana\/"]}]},{"@type":"ImageObject","inLanguage":"pt-BR","@id":"https:\/\/chelso.com.br\/site\/os-vencedores-e-as-vencedoras-da-corrida-sao-vicente-meia-maratona-de-americana\/#primaryimage","url":"https:\/\/chelso.com.br\/site\/wp-content\/uploads\/2026\/01\/WhatsApp-Image-2026-01-19-at-13.21.46.jpeg","contentUrl":"https:\/\/chelso.com.br\/site\/wp-content\/uploads\/2026\/01\/WhatsApp-Image-2026-01-19-at-13.21.46.jpeg","width":1600,"height":1066},{"@type":"BreadcrumbList","@id":"https:\/\/chelso.com.br\/site\/os-vencedores-e-as-vencedoras-da-corrida-sao-vicente-meia-maratona-de-americana\/#breadcrumb","itemListElement":[{"@type":"ListItem","position":1,"name":"In\u00edcio","item":"https:\/\/chelso.com.br\/site\/"},{"@type":"ListItem","position":2,"name":"Os vencedores e as vencedoras da Corrida S\u00e3o Vicente Meia Maratona de Americana"}]},{"@type":"WebSite","@id":"https:\/\/chelso.com.br\/site\/#website","url":"https:\/\/chelso.com.br\/site\/","name":"Portal Chelso Sports","description":"Conte\u00fado especializado em corrida de rua e triathlon","potentialAction":[{"@type":"SearchAction","target":{"@type":"EntryPoint","urlTemplate":"https:\/\/chelso.com.br\/site\/?s={search_term_string}"},"query-input":{"@type":"PropertyValueSpecification","valueRequired":true,"valueName":"search_term_string"}}],"inLanguage":"pt-BR"},{"@type":"Person","@id":"https:\/\/chelso.com.br\/site\/#\/schema\/person\/a1e459f9cc882778a4f1367cb2ba51e3","name":"Edilson Rodrigues","image":{"@type":"ImageObject","inLanguage":"pt-BR","@id":"https:\/\/chelso.com.br\/site\/wp-content\/uploads\/2024\/09\/Captura-de-tela-2024-09-27-170323-150x150.png","url":"https:\/\/chelso.com.br\/site\/wp-content\/uploads\/2024\/09\/Captura-de-tela-2024-09-27-170323-150x150.png","contentUrl":"https:\/\/chelso.com.br\/site\/wp-content\/uploads\/2024\/09\/Captura-de-tela-2024-09-27-170323-150x150.png","caption":"Edilson Rodrigues"},"url":"https:\/\/chelso.com.br\/site\/author\/edilson\/"}]}},"amp_enabled":true,"_links":{"self":[{"href":"https:\/\/chelso.com.br\/site\/wp-json\/wp\/v2\/posts\/28919","targetHints":{"allow":["GET"]}}],"collection":[{"href":"https:\/\/chelso.com.br\/site\/wp-json\/wp\/v2\/posts"}],"about":[{"href":"https:\/\/chelso.com.br\/site\/wp-json\/wp\/v2\/types\/post"}],"author":[{"embeddable":true,"href":"https:\/\/chelso.com.br\/site\/wp-json\/wp\/v2\/users\/43"}],"replies":[{"embeddable":true,"href":"https:\/\/chelso.com.br\/site\/wp-json\/wp\/v2\/comments?post=28919"}],"version-history":[{"count":3,"href":"https:\/\/chelso.com.br\/site\/wp-json\/wp\/v2\/posts\/28919\/revisions"}],"predecessor-version":[{"id":28926,"href":"https:\/\/chelso.com.br\/site\/wp-json\/wp\/v2\/posts\/28919\/revisions\/28926"}],"wp:featuredmedia":[{"embeddable":true,"href":"https:\/\/chelso.com.br\/site\/wp-json\/wp\/v2\/media\/28921"}],"wp:attachment":[{"href":"https:\/\/chelso.com.br\/site\/wp-json\/wp\/v2\/media?parent=28919"}],"wp:term":[{"taxonomy":"category","embeddable":true,"href":"https:\/\/chelso.com.br\/site\/wp-json\/wp\/v2\/categories?post=28919"},{"taxonomy":"post_tag","embeddable":true,"href":"https:\/\/chelso.com.br\/site\/wp-json\/wp\/v2\/tags?post=28919"}],"curies":[{"name":"wp","href":"https:\/\/api.w.org\/{rel}","templated":true}]}}