{"id":28965,"date":"2026-01-22T11:04:29","date_gmt":"2026-01-22T14:04:29","guid":{"rendered":"https:\/\/chelso.com.br\/site\/?p=28965"},"modified":"2026-01-22T14:15:17","modified_gmt":"2026-01-22T17:15:17","slug":"chelso-sports-comemora-os-10-anos-de-parceria-com-os-supermercados-sao-vicente","status":"publish","type":"post","link":"https:\/\/chelso.com.br\/site\/chelso-sports-comemora-os-10-anos-de-parceria-com-os-supermercados-sao-vicente\/","title":{"rendered":"Chelso Sports comemora os 10 anos de parceria com os Supermercados S\u00e3o Vicente"},"content":{"rendered":"<p>A Chelso Sports atrav\u00e9s do CEO Guilherme Celso e de todos os seus colaboradores, vem a p\u00fablico para comemorar os 10 anos de parceria com os Supermercados S\u00e3o Vicente.<\/p>\n<p>\u00c9 uma d\u00e9cada de hist\u00f3rias e de centenas de quil\u00f4metros percorridos ao lado de uma marca forte que soube apoiar e impulsionar o crescimento da modalidade no interior paulista.<\/p>\n<p>Nestes anos, milhares de participantes de todas as idades foram testemunhas dessa incr\u00edvel parceria, que foi respons\u00e1vel pelo patroc\u00ednio e apoio em provas fant\u00e1sticas, realizadas em diferentes locais do interior paulista.<\/p>\n<p><img fetchpriority=\"high\" decoding=\"async\" class=\"wp-image-28991 aligncenter\" src=\"https:\/\/chelso.com.br\/site\/wp-content\/uploads\/2026\/01\/WhatsApp-Image-2026-01-22-at-12.22.32-300x191.jpeg\" alt=\"\" width=\"455\" height=\"290\" srcset=\"https:\/\/chelso.com.br\/site\/wp-content\/uploads\/2026\/01\/WhatsApp-Image-2026-01-22-at-12.22.32-300x191.jpeg 300w, https:\/\/chelso.com.br\/site\/wp-content\/uploads\/2026\/01\/WhatsApp-Image-2026-01-22-at-12.22.32-1024x653.jpeg 1024w, https:\/\/chelso.com.br\/site\/wp-content\/uploads\/2026\/01\/WhatsApp-Image-2026-01-22-at-12.22.32-1536x980.jpeg 1536w, https:\/\/chelso.com.br\/site\/wp-content\/uploads\/2026\/01\/WhatsApp-Image-2026-01-22-at-12.22.32-150x96.jpeg 150w, https:\/\/chelso.com.br\/site\/wp-content\/uploads\/2026\/01\/WhatsApp-Image-2026-01-22-at-12.22.32-450x287.jpeg 450w, https:\/\/chelso.com.br\/site\/wp-content\/uploads\/2026\/01\/WhatsApp-Image-2026-01-22-at-12.22.32-1200x766.jpeg 1200w, https:\/\/chelso.com.br\/site\/wp-content\/uploads\/2026\/01\/WhatsApp-Image-2026-01-22-at-12.22.32-768x490.jpeg 768w, https:\/\/chelso.com.br\/site\/wp-content\/uploads\/2026\/01\/WhatsApp-Image-2026-01-22-at-12.22.32.jpeg 1600w\" sizes=\"(max-width: 455px) 100vw, 455px\" \/><\/p>\n<p>Esse sucesso deve-se ao espirito inovador dos Supermercados S\u00e3o Vicente que nestes 10 anos soube valorizar a corrida de rua como um esporte democr\u00e1tico, unindo-se \u00e0 qualidade, \u00e0 responsabilidade e \u00e0 experi\u00eancia da Chelso Sports, uma das maiores empresas brasileiras do setor de Corridas de Rua e de Esportes Outdoor.<\/p>\n<p>Que nos pr\u00f3ximos 10 anos possamos estar juntos para muitos outros quil\u00f4metros percorridos em provas como a Corrida S\u00e3o Vicente Meia Maratona de Americana, a Corrida S\u00e3o Vicente Meia Maratona de Sorocaba, a Corrida S\u00e3o Vicente Meia Maratona Tivoli Shopping e muitas outras.<\/p>\n<p>Obrigado, Supermercados S\u00e3o Vicente!<\/p>\n<p>&nbsp;<\/p>\n<p>&nbsp;<\/p>\n<p><strong>Reda\u00e7\u00e3o Assessoria de Imprensa Chelso Sports<\/strong><\/p>\n<p><strong>Jornalista Edilson Rodrigues de Morais, Mtb 26.319<\/strong><\/p>\n<p>(19) 99706.1570 \u2013 www.chelso.com.br<\/p>\n","protected":false},"excerpt":{"rendered":"<p>A Chelso Sports atrav\u00e9s do CEO Guilherme Celso e de todos os seus colaboradores, vem a p\u00fablico para comemorar os 10 anos de parceria com os Supermercados S\u00e3o Vicente. \u00c9 uma d\u00e9cada de hist\u00f3rias e de centenas de quil\u00f4metros percorridos ao lado de uma marca forte que soube apoiar e impulsionar o crescimento da modalidade<\/p>\n","protected":false},"author":43,"featured_media":28966,"comment_status":"open","ping_status":"closed","sticky":false,"template":"","format":"standard","meta":{"om_disable_all_campaigns":false,"_monsterinsights_skip_tracking":false,"_monsterinsights_sitenote_active":false,"_monsterinsights_sitenote_note":"","_monsterinsights_sitenote_category":0,"footnotes":""},"categories":[30],"tags":[4771,4786,6350,735,6349],"class_list":{"0":"post-28965","1":"post","2":"type-post","3":"status-publish","4":"format-standard","5":"has-post-thumbnail","7":"category-noticias","8":"tag-saovicente","9":"tag-supermercadossaovicente","10":"tag-10anos","11":"tag-chelso","12":"tag-parceria"},"aioseo_notices":[],"yoast_head":"<!-- This site is optimized with the Yoast SEO plugin v27.5 - https:\/\/yoast.com\/product\/yoast-seo-wordpress\/ -->\n<title>Chelso Sports comemora os 10 anos de parceria com os Supermercados S\u00e3o Vicente - Portal Chelso Sports<\/title>\n<meta name=\"robots\" content=\"index, follow, max-snippet:-1, max-image-preview:large, max-video-preview:-1\" \/>\n<link rel=\"canonical\" href=\"https:\/\/chelso.com.br\/site\/chelso-sports-comemora-os-10-anos-de-parceria-com-os-supermercados-sao-vicente\/\" \/>\n<meta property=\"og:locale\" content=\"pt_BR\" \/>\n<meta property=\"og:type\" content=\"article\" \/>\n<meta property=\"og:title\" content=\"Chelso Sports comemora os 10 anos de parceria com os Supermercados S\u00e3o Vicente - Portal Chelso Sports\" \/>\n<meta property=\"og:description\" content=\"A Chelso Sports atrav\u00e9s do CEO Guilherme Celso e de todos os seus colaboradores, vem a p\u00fablico para comemorar os 10 anos de parceria com os Supermercados S\u00e3o Vicente. \u00c9 uma d\u00e9cada de hist\u00f3rias e de centenas de quil\u00f4metros percorridos ao lado de uma marca forte que soube apoiar e impulsionar o crescimento da modalidade\" \/>\n<meta property=\"og:url\" content=\"https:\/\/chelso.com.br\/site\/chelso-sports-comemora-os-10-anos-de-parceria-com-os-supermercados-sao-vicente\/\" \/>\n<meta property=\"og:site_name\" content=\"Portal Chelso Sports\" \/>\n<meta property=\"article:published_time\" content=\"2026-01-22T14:04:29+00:00\" \/>\n<meta property=\"article:modified_time\" content=\"2026-01-22T17:15:17+00:00\" \/>\n<meta property=\"og:image\" content=\"https:\/\/chelso.com.br\/site\/wp-content\/uploads\/2026\/01\/WhatsApp-Image-2026-01-22-at-08.53.47.jpeg\" \/>\n\t<meta property=\"og:image:width\" content=\"1577\" \/>\n\t<meta property=\"og:image:height\" content=\"1066\" \/>\n\t<meta property=\"og:image:type\" content=\"image\/jpeg\" \/>\n<meta name=\"author\" content=\"Edilson Rodrigues\" \/>\n<meta name=\"twitter:card\" content=\"summary_large_image\" \/>\n<meta name=\"twitter:label1\" content=\"Escrito por\" \/>\n\t<meta name=\"twitter:data1\" content=\"Edilson Rodrigues\" \/>\n\t<meta name=\"twitter:label2\" content=\"Est. tempo de leitura\" \/>\n\t<meta name=\"twitter:data2\" content=\"2 minutos\" \/>\n<script type=\"application\/ld+json\" class=\"yoast-schema-graph\">{\"@context\":\"https:\\\/\\\/schema.org\",\"@graph\":[{\"@type\":\"Article\",\"@id\":\"https:\\\/\\\/chelso.com.br\\\/site\\\/chelso-sports-comemora-os-10-anos-de-parceria-com-os-supermercados-sao-vicente\\\/#article\",\"isPartOf\":{\"@id\":\"https:\\\/\\\/chelso.com.br\\\/site\\\/chelso-sports-comemora-os-10-anos-de-parceria-com-os-supermercados-sao-vicente\\\/\"},\"author\":{\"name\":\"Edilson Rodrigues\",\"@id\":\"https:\\\/\\\/chelso.com.br\\\/site\\\/#\\\/schema\\\/person\\\/a1e459f9cc882778a4f1367cb2ba51e3\"},\"headline\":\"Chelso Sports comemora os 10 anos de parceria com os Supermercados S\u00e3o Vicente\",\"datePublished\":\"2026-01-22T14:04:29+00:00\",\"dateModified\":\"2026-01-22T17:15:17+00:00\",\"mainEntityOfPage\":{\"@id\":\"https:\\\/\\\/chelso.com.br\\\/site\\\/chelso-sports-comemora-os-10-anos-de-parceria-com-os-supermercados-sao-vicente\\\/\"},\"wordCount\":230,\"commentCount\":0,\"image\":{\"@id\":\"https:\\\/\\\/chelso.com.br\\\/site\\\/chelso-sports-comemora-os-10-anos-de-parceria-com-os-supermercados-sao-vicente\\\/#primaryimage\"},\"thumbnailUrl\":\"https:\\\/\\\/chelso.com.br\\\/site\\\/wp-content\\\/uploads\\\/2026\\\/01\\\/WhatsApp-Image-2026-01-22-at-08.53.47.jpeg\",\"keywords\":[\"#saovicente\",\"#supermercadossaovicente\",\"10anos\",\"Chelso\",\"parceria\"],\"articleSection\":[\"Not\u00edcias\"],\"inLanguage\":\"pt-BR\",\"potentialAction\":[{\"@type\":\"CommentAction\",\"name\":\"Comment\",\"target\":[\"https:\\\/\\\/chelso.com.br\\\/site\\\/chelso-sports-comemora-os-10-anos-de-parceria-com-os-supermercados-sao-vicente\\\/#respond\"]}]},{\"@type\":\"WebPage\",\"@id\":\"https:\\\/\\\/chelso.com.br\\\/site\\\/chelso-sports-comemora-os-10-anos-de-parceria-com-os-supermercados-sao-vicente\\\/\",\"url\":\"https:\\\/\\\/chelso.com.br\\\/site\\\/chelso-sports-comemora-os-10-anos-de-parceria-com-os-supermercados-sao-vicente\\\/\",\"name\":\"Chelso Sports comemora os 10 anos de parceria com os Supermercados S\u00e3o Vicente - Portal Chelso Sports\",\"isPartOf\":{\"@id\":\"https:\\\/\\\/chelso.com.br\\\/site\\\/#website\"},\"primaryImageOfPage\":{\"@id\":\"https:\\\/\\\/chelso.com.br\\\/site\\\/chelso-sports-comemora-os-10-anos-de-parceria-com-os-supermercados-sao-vicente\\\/#primaryimage\"},\"image\":{\"@id\":\"https:\\\/\\\/chelso.com.br\\\/site\\\/chelso-sports-comemora-os-10-anos-de-parceria-com-os-supermercados-sao-vicente\\\/#primaryimage\"},\"thumbnailUrl\":\"https:\\\/\\\/chelso.com.br\\\/site\\\/wp-content\\\/uploads\\\/2026\\\/01\\\/WhatsApp-Image-2026-01-22-at-08.53.47.jpeg\",\"datePublished\":\"2026-01-22T14:04:29+00:00\",\"dateModified\":\"2026-01-22T17:15:17+00:00\",\"author\":{\"@id\":\"https:\\\/\\\/chelso.com.br\\\/site\\\/#\\\/schema\\\/person\\\/a1e459f9cc882778a4f1367cb2ba51e3\"},\"breadcrumb\":{\"@id\":\"https:\\\/\\\/chelso.com.br\\\/site\\\/chelso-sports-comemora-os-10-anos-de-parceria-com-os-supermercados-sao-vicente\\\/#breadcrumb\"},\"inLanguage\":\"pt-BR\",\"potentialAction\":[{\"@type\":\"ReadAction\",\"target\":[\"https:\\\/\\\/chelso.com.br\\\/site\\\/chelso-sports-comemora-os-10-anos-de-parceria-com-os-supermercados-sao-vicente\\\/\"]}]},{\"@type\":\"ImageObject\",\"inLanguage\":\"pt-BR\",\"@id\":\"https:\\\/\\\/chelso.com.br\\\/site\\\/chelso-sports-comemora-os-10-anos-de-parceria-com-os-supermercados-sao-vicente\\\/#primaryimage\",\"url\":\"https:\\\/\\\/chelso.com.br\\\/site\\\/wp-content\\\/uploads\\\/2026\\\/01\\\/WhatsApp-Image-2026-01-22-at-08.53.47.jpeg\",\"contentUrl\":\"https:\\\/\\\/chelso.com.br\\\/site\\\/wp-content\\\/uploads\\\/2026\\\/01\\\/WhatsApp-Image-2026-01-22-at-08.53.47.jpeg\",\"width\":1577,\"height\":1066},{\"@type\":\"BreadcrumbList\",\"@id\":\"https:\\\/\\\/chelso.com.br\\\/site\\\/chelso-sports-comemora-os-10-anos-de-parceria-com-os-supermercados-sao-vicente\\\/#breadcrumb\",\"itemListElement\":[{\"@type\":\"ListItem\",\"position\":1,\"name\":\"In\u00edcio\",\"item\":\"https:\\\/\\\/chelso.com.br\\\/site\\\/\"},{\"@type\":\"ListItem\",\"position\":2,\"name\":\"Chelso Sports comemora os 10 anos de parceria com os Supermercados S\u00e3o Vicente\"}]},{\"@type\":\"WebSite\",\"@id\":\"https:\\\/\\\/chelso.com.br\\\/site\\\/#website\",\"url\":\"https:\\\/\\\/chelso.com.br\\\/site\\\/\",\"name\":\"Portal Chelso Sports\",\"description\":\"Conte\u00fado especializado em corrida de rua e triathlon\",\"potentialAction\":[{\"@type\":\"SearchAction\",\"target\":{\"@type\":\"EntryPoint\",\"urlTemplate\":\"https:\\\/\\\/chelso.com.br\\\/site\\\/?s={search_term_string}\"},\"query-input\":{\"@type\":\"PropertyValueSpecification\",\"valueRequired\":true,\"valueName\":\"search_term_string\"}}],\"inLanguage\":\"pt-BR\"},{\"@type\":\"Person\",\"@id\":\"https:\\\/\\\/chelso.com.br\\\/site\\\/#\\\/schema\\\/person\\\/a1e459f9cc882778a4f1367cb2ba51e3\",\"name\":\"Edilson Rodrigues\",\"image\":{\"@type\":\"ImageObject\",\"inLanguage\":\"pt-BR\",\"@id\":\"https:\\\/\\\/chelso.com.br\\\/site\\\/wp-content\\\/uploads\\\/2024\\\/09\\\/Captura-de-tela-2024-09-27-170323-150x150.png\",\"url\":\"https:\\\/\\\/chelso.com.br\\\/site\\\/wp-content\\\/uploads\\\/2024\\\/09\\\/Captura-de-tela-2024-09-27-170323-150x150.png\",\"contentUrl\":\"https:\\\/\\\/chelso.com.br\\\/site\\\/wp-content\\\/uploads\\\/2024\\\/09\\\/Captura-de-tela-2024-09-27-170323-150x150.png\",\"caption\":\"Edilson Rodrigues\"},\"url\":\"https:\\\/\\\/chelso.com.br\\\/site\\\/author\\\/edilson\\\/\"}]}<\/script>\n<!-- \/ Yoast SEO plugin. -->","yoast_head_json":{"title":"Chelso Sports comemora os 10 anos de parceria com os Supermercados S\u00e3o Vicente - Portal Chelso Sports","robots":{"index":"index","follow":"follow","max-snippet":"max-snippet:-1","max-image-preview":"max-image-preview:large","max-video-preview":"max-video-preview:-1"},"canonical":"https:\/\/chelso.com.br\/site\/chelso-sports-comemora-os-10-anos-de-parceria-com-os-supermercados-sao-vicente\/","og_locale":"pt_BR","og_type":"article","og_title":"Chelso Sports comemora os 10 anos de parceria com os Supermercados S\u00e3o Vicente - Portal Chelso Sports","og_description":"A Chelso Sports atrav\u00e9s do CEO Guilherme Celso e de todos os seus colaboradores, vem a p\u00fablico para comemorar os 10 anos de parceria com os Supermercados S\u00e3o Vicente. \u00c9 uma d\u00e9cada de hist\u00f3rias e de centenas de quil\u00f4metros percorridos ao lado de uma marca forte que soube apoiar e impulsionar o crescimento da modalidade","og_url":"https:\/\/chelso.com.br\/site\/chelso-sports-comemora-os-10-anos-de-parceria-com-os-supermercados-sao-vicente\/","og_site_name":"Portal Chelso Sports","article_published_time":"2026-01-22T14:04:29+00:00","article_modified_time":"2026-01-22T17:15:17+00:00","og_image":[{"width":1577,"height":1066,"url":"https:\/\/chelso.com.br\/site\/wp-content\/uploads\/2026\/01\/WhatsApp-Image-2026-01-22-at-08.53.47.jpeg","type":"image\/jpeg"}],"author":"Edilson Rodrigues","twitter_card":"summary_large_image","twitter_misc":{"Escrito por":"Edilson Rodrigues","Est. tempo de leitura":"2 minutos"},"schema":{"@context":"https:\/\/schema.org","@graph":[{"@type":"Article","@id":"https:\/\/chelso.com.br\/site\/chelso-sports-comemora-os-10-anos-de-parceria-com-os-supermercados-sao-vicente\/#article","isPartOf":{"@id":"https:\/\/chelso.com.br\/site\/chelso-sports-comemora-os-10-anos-de-parceria-com-os-supermercados-sao-vicente\/"},"author":{"name":"Edilson Rodrigues","@id":"https:\/\/chelso.com.br\/site\/#\/schema\/person\/a1e459f9cc882778a4f1367cb2ba51e3"},"headline":"Chelso Sports comemora os 10 anos de parceria com os Supermercados S\u00e3o Vicente","datePublished":"2026-01-22T14:04:29+00:00","dateModified":"2026-01-22T17:15:17+00:00","mainEntityOfPage":{"@id":"https:\/\/chelso.com.br\/site\/chelso-sports-comemora-os-10-anos-de-parceria-com-os-supermercados-sao-vicente\/"},"wordCount":230,"commentCount":0,"image":{"@id":"https:\/\/chelso.com.br\/site\/chelso-sports-comemora-os-10-anos-de-parceria-com-os-supermercados-sao-vicente\/#primaryimage"},"thumbnailUrl":"https:\/\/chelso.com.br\/site\/wp-content\/uploads\/2026\/01\/WhatsApp-Image-2026-01-22-at-08.53.47.jpeg","keywords":["#saovicente","#supermercadossaovicente","10anos","Chelso","parceria"],"articleSection":["Not\u00edcias"],"inLanguage":"pt-BR","potentialAction":[{"@type":"CommentAction","name":"Comment","target":["https:\/\/chelso.com.br\/site\/chelso-sports-comemora-os-10-anos-de-parceria-com-os-supermercados-sao-vicente\/#respond"]}]},{"@type":"WebPage","@id":"https:\/\/chelso.com.br\/site\/chelso-sports-comemora-os-10-anos-de-parceria-com-os-supermercados-sao-vicente\/","url":"https:\/\/chelso.com.br\/site\/chelso-sports-comemora-os-10-anos-de-parceria-com-os-supermercados-sao-vicente\/","name":"Chelso Sports comemora os 10 anos de parceria com os Supermercados S\u00e3o Vicente - Portal Chelso Sports","isPartOf":{"@id":"https:\/\/chelso.com.br\/site\/#website"},"primaryImageOfPage":{"@id":"https:\/\/chelso.com.br\/site\/chelso-sports-comemora-os-10-anos-de-parceria-com-os-supermercados-sao-vicente\/#primaryimage"},"image":{"@id":"https:\/\/chelso.com.br\/site\/chelso-sports-comemora-os-10-anos-de-parceria-com-os-supermercados-sao-vicente\/#primaryimage"},"thumbnailUrl":"https:\/\/chelso.com.br\/site\/wp-content\/uploads\/2026\/01\/WhatsApp-Image-2026-01-22-at-08.53.47.jpeg","datePublished":"2026-01-22T14:04:29+00:00","dateModified":"2026-01-22T17:15:17+00:00","author":{"@id":"https:\/\/chelso.com.br\/site\/#\/schema\/person\/a1e459f9cc882778a4f1367cb2ba51e3"},"breadcrumb":{"@id":"https:\/\/chelso.com.br\/site\/chelso-sports-comemora-os-10-anos-de-parceria-com-os-supermercados-sao-vicente\/#breadcrumb"},"inLanguage":"pt-BR","potentialAction":[{"@type":"ReadAction","target":["https:\/\/chelso.com.br\/site\/chelso-sports-comemora-os-10-anos-de-parceria-com-os-supermercados-sao-vicente\/"]}]},{"@type":"ImageObject","inLanguage":"pt-BR","@id":"https:\/\/chelso.com.br\/site\/chelso-sports-comemora-os-10-anos-de-parceria-com-os-supermercados-sao-vicente\/#primaryimage","url":"https:\/\/chelso.com.br\/site\/wp-content\/uploads\/2026\/01\/WhatsApp-Image-2026-01-22-at-08.53.47.jpeg","contentUrl":"https:\/\/chelso.com.br\/site\/wp-content\/uploads\/2026\/01\/WhatsApp-Image-2026-01-22-at-08.53.47.jpeg","width":1577,"height":1066},{"@type":"BreadcrumbList","@id":"https:\/\/chelso.com.br\/site\/chelso-sports-comemora-os-10-anos-de-parceria-com-os-supermercados-sao-vicente\/#breadcrumb","itemListElement":[{"@type":"ListItem","position":1,"name":"In\u00edcio","item":"https:\/\/chelso.com.br\/site\/"},{"@type":"ListItem","position":2,"name":"Chelso Sports comemora os 10 anos de parceria com os Supermercados S\u00e3o Vicente"}]},{"@type":"WebSite","@id":"https:\/\/chelso.com.br\/site\/#website","url":"https:\/\/chelso.com.br\/site\/","name":"Portal Chelso Sports","description":"Conte\u00fado especializado em corrida de rua e triathlon","potentialAction":[{"@type":"SearchAction","target":{"@type":"EntryPoint","urlTemplate":"https:\/\/chelso.com.br\/site\/?s={search_term_string}"},"query-input":{"@type":"PropertyValueSpecification","valueRequired":true,"valueName":"search_term_string"}}],"inLanguage":"pt-BR"},{"@type":"Person","@id":"https:\/\/chelso.com.br\/site\/#\/schema\/person\/a1e459f9cc882778a4f1367cb2ba51e3","name":"Edilson Rodrigues","image":{"@type":"ImageObject","inLanguage":"pt-BR","@id":"https:\/\/chelso.com.br\/site\/wp-content\/uploads\/2024\/09\/Captura-de-tela-2024-09-27-170323-150x150.png","url":"https:\/\/chelso.com.br\/site\/wp-content\/uploads\/2024\/09\/Captura-de-tela-2024-09-27-170323-150x150.png","contentUrl":"https:\/\/chelso.com.br\/site\/wp-content\/uploads\/2024\/09\/Captura-de-tela-2024-09-27-170323-150x150.png","caption":"Edilson Rodrigues"},"url":"https:\/\/chelso.com.br\/site\/author\/edilson\/"}]}},"amp_enabled":true,"_links":{"self":[{"href":"https:\/\/chelso.com.br\/site\/wp-json\/wp\/v2\/posts\/28965","targetHints":{"allow":["GET"]}}],"collection":[{"href":"https:\/\/chelso.com.br\/site\/wp-json\/wp\/v2\/posts"}],"about":[{"href":"https:\/\/chelso.com.br\/site\/wp-json\/wp\/v2\/types\/post"}],"author":[{"embeddable":true,"href":"https:\/\/chelso.com.br\/site\/wp-json\/wp\/v2\/users\/43"}],"replies":[{"embeddable":true,"href":"https:\/\/chelso.com.br\/site\/wp-json\/wp\/v2\/comments?post=28965"}],"version-history":[{"count":3,"href":"https:\/\/chelso.com.br\/site\/wp-json\/wp\/v2\/posts\/28965\/revisions"}],"predecessor-version":[{"id":28992,"href":"https:\/\/chelso.com.br\/site\/wp-json\/wp\/v2\/posts\/28965\/revisions\/28992"}],"wp:featuredmedia":[{"embeddable":true,"href":"https:\/\/chelso.com.br\/site\/wp-json\/wp\/v2\/media\/28966"}],"wp:attachment":[{"href":"https:\/\/chelso.com.br\/site\/wp-json\/wp\/v2\/media?parent=28965"}],"wp:term":[{"taxonomy":"category","embeddable":true,"href":"https:\/\/chelso.com.br\/site\/wp-json\/wp\/v2\/categories?post=28965"},{"taxonomy":"post_tag","embeddable":true,"href":"https:\/\/chelso.com.br\/site\/wp-json\/wp\/v2\/tags?post=28965"}],"curies":[{"name":"wp","href":"https:\/\/api.w.org\/{rel}","templated":true}]}}