{"id":29028,"date":"2026-01-23T15:04:38","date_gmt":"2026-01-23T18:04:38","guid":{"rendered":"https:\/\/chelso.com.br\/site\/?p=29028"},"modified":"2026-01-23T15:10:21","modified_gmt":"2026-01-23T18:10:21","slug":"diretor-presidente-ceo-do-grupo-sao-vicente-sobre-dos-10-anos-da-parceria-com-a-chelso-sports","status":"publish","type":"post","link":"https:\/\/chelso.com.br\/site\/diretor-presidente-ceo-do-grupo-sao-vicente-sobre-dos-10-anos-da-parceria-com-a-chelso-sports\/","title":{"rendered":"Diretor Presidente (CEO) do Grupo S\u00e3o Vicente fala sobre os 10 anos da parceria com a Chelso Sports"},"content":{"rendered":"<p>E para completar as comemora\u00e7\u00f5es dos 10 anos da parceria entre a Chelso Sports e os Supermercados S\u00e3o Vicente, tivemos a honra de entrevistar o Diretor Presidente (CEO) do Grupo S\u00e3o Vicente, Marcos Cavicchiolli, que concedeu entrevista exclusiva \u00e0 nossa reportagem:<\/p>\n<p><img fetchpriority=\"high\" decoding=\"async\" class=\"wp-image-29029 aligncenter\" src=\"https:\/\/chelso.com.br\/site\/wp-content\/uploads\/2026\/01\/WhatsApp-Image-2026-01-23-at-14.40.56-300x225.jpeg\" alt=\"\" width=\"416\" height=\"312\" srcset=\"https:\/\/chelso.com.br\/site\/wp-content\/uploads\/2026\/01\/WhatsApp-Image-2026-01-23-at-14.40.56-300x225.jpeg 300w, https:\/\/chelso.com.br\/site\/wp-content\/uploads\/2026\/01\/WhatsApp-Image-2026-01-23-at-14.40.56-1024x769.jpeg 1024w, https:\/\/chelso.com.br\/site\/wp-content\/uploads\/2026\/01\/WhatsApp-Image-2026-01-23-at-14.40.56-150x113.jpeg 150w, https:\/\/chelso.com.br\/site\/wp-content\/uploads\/2026\/01\/WhatsApp-Image-2026-01-23-at-14.40.56-450x338.jpeg 450w, https:\/\/chelso.com.br\/site\/wp-content\/uploads\/2026\/01\/WhatsApp-Image-2026-01-23-at-14.40.56-1200x901.jpeg 1200w, https:\/\/chelso.com.br\/site\/wp-content\/uploads\/2026\/01\/WhatsApp-Image-2026-01-23-at-14.40.56-768x576.jpeg 768w, https:\/\/chelso.com.br\/site\/wp-content\/uploads\/2026\/01\/WhatsApp-Image-2026-01-23-at-14.40.56.jpeg 1371w\" sizes=\"(max-width: 416px) 100vw, 416px\" \/><\/p>\n<p><strong>Marcos Cavicchiolli &#8211; Qual a avalia\u00e7\u00e3o dos Supermercados S\u00e3o Vicente em rela\u00e7\u00e3o a essa parceria com a Chelso Sports, que j\u00e1 dura 10 anos?<\/strong><\/p>\n<p>A avalia\u00e7\u00e3o \u00e9 muito positiva. S\u00e3o dez anos de uma parceria s\u00f3lida e bem-sucedida com a Chelso Sports, levando eventos de corrida de rua de alta qualidade para as cidades onde atuamos.<\/p>\n<p>No in\u00edcio, nosso objetivo era apoiar um esporte que fosse democr\u00e1tico e incentivar nossos colaboradores \u00e0 pr\u00e1tica esportiva. Hoje, podemos dizer com orgulho que as corridas S\u00e3o Vicente se tornaram refer\u00eancia para atletas, grupos de corrida e para toda a comunidade que participa desses eventos.<\/p>\n<p><strong>Marcos Cavicchiolli &#8211; Como avalia os benef\u00edcios \u00e0 marca S\u00e3o Vicente ao longo desses anos dedicados \u00e0s corridas de rua?<\/strong><\/p>\n<p>O principal benef\u00edcio foi a aproxima\u00e7\u00e3o genu\u00edna com as pessoas. A corrida de rua representa sa\u00fade, movimento e bem-estar \u2014 valores que fazem parte do dia a dia do S\u00e3o Vicente.<\/p>\n<p>Ao longo desses dez anos, conseguimos entender melhor o perfil desse p\u00fablico, sejam atletas profissionais ou amadores, e oferecer produtos, servi\u00e7os e parcerias que dialogam diretamente com esse estilo de vida saud\u00e1vel.<\/p>\n<p>Al\u00e9m do impacto externo, os reflexos tamb\u00e9m foram muito positivos internamente. Criamos o grupo S\u00e3o Vicente em Movimento, incentivando nossos colaboradores a praticarem atividade f\u00edsica e fortalecerem esse v\u00ednculo com o esporte.<\/p>\n<p>Outro destaque \u00e9 o espa\u00e7o do p\u00f3s-prova, onde, com o apoio de grandes marcas da ind\u00fastria, oferecemos produtos para reposi\u00e7\u00e3o de energia e degusta\u00e7\u00e3o \u2014 um momento especial que traduz bem o cuidado com quem participa. \u00c9 um p\u00f3s-prova literalmente campe\u00e3o.<\/p>\n<p><strong>Marcos Cavicchiolli &#8211; Nessa primeira d\u00e9cada de patroc\u00ednio, o que significa para os Supermercados S\u00e3o Vicente apoiar um esporte saud\u00e1vel e t\u00e3o democr\u00e1tico?<\/strong><\/p>\n<p>A corrida de rua \u00e9 um esporte que acolhe a todos. Basta ter disposi\u00e7\u00e3o. Alguns buscam performance, outros qualidade de vida, e muitos encontram na caminhada um primeiro passo para sair do sedentarismo.<\/p>\n<p>\u00c9 um esporte que permite a participa\u00e7\u00e3o de pessoas de todas as idades, que pode ser vivido em fam\u00edlia ou entre amigos, criando momentos de supera\u00e7\u00e3o, adrenalina e conex\u00e3o.<\/p>\n<p>Al\u00e9m do benef\u00edcio f\u00edsico, h\u00e1 tamb\u00e9m um ganho enorme para a sa\u00fade mental. A corrida \u00e9 aquele momento em que a pessoa se encontra consigo mesma, se desafia e celebra cada conquista.<\/p>\n<p><strong>Marcos Cavicchiolli &#8211; Qual a perspectiva dos Supermercados S\u00e3o Vicente para os pr\u00f3ximos anos?<\/strong><\/p>\n<p>Nossa perspectiva \u00e9 seguir cada vez mais pr\u00f3ximos dos nossos clientes, oferecendo experi\u00eancias que promovam sa\u00fade, bem-estar e qualidade de vida. Queremos continuar investindo em iniciativas que estimulem h\u00e1bitos saud\u00e1veis e fortalecendo essa parceria de sucesso com a Chelso Sports.<\/p>\n<p>Se depender do S\u00e3o Vicente, muitos quil\u00f4metros ainda ser\u00e3o percorridos. Que venham novos desafios, novas provas e muitas hist\u00f3rias para celebrar ao longo do caminho.<\/p>\n<p>&nbsp;<\/p>\n<p>&nbsp;<\/p>\n<p><strong>Cr\u00e9dito foto: <\/strong>Grupo S\u00e3o Vicente<\/p>\n<p><strong>\u00a0<\/strong><\/p>\n<p><strong>Material produzido em parceria com o Grupo S\u00e3o Vicente e a Chelso Sports<\/strong><\/p>\n<p><strong>Assessoria de Imprensa Chelso Sports<\/strong><\/p>\n<p><strong>Jornalista Edilson Rodrigues de Morais, Mtb 26.319<\/strong><\/p>\n<p>(19) 99706.1570 \u2013 www.chelso.com.br<\/p>\n","protected":false},"excerpt":{"rendered":"<p>E para completar as comemora\u00e7\u00f5es dos 10 anos da parceria entre a Chelso Sports e os Supermercados S\u00e3o Vicente, tivemos a honra de entrevistar o Diretor Presidente (CEO) do Grupo S\u00e3o Vicente, Marcos Cavicchiolli, que concedeu entrevista exclusiva \u00e0 nossa reportagem: Marcos Cavicchiolli &#8211; Qual a avalia\u00e7\u00e3o dos Supermercados S\u00e3o Vicente em rela\u00e7\u00e3o a essa<\/p>\n","protected":false},"author":43,"featured_media":29029,"comment_status":"open","ping_status":"closed","sticky":false,"template":"","format":"standard","meta":{"om_disable_all_campaigns":false,"_monsterinsights_skip_tracking":false,"_monsterinsights_sitenote_active":false,"_monsterinsights_sitenote_note":"","_monsterinsights_sitenote_category":0,"footnotes":""},"categories":[30],"tags":[4771,6350,735,6427,6349],"class_list":{"0":"post-29028","1":"post","2":"type-post","3":"status-publish","4":"format-standard","5":"has-post-thumbnail","7":"category-noticias","8":"tag-saovicente","9":"tag-10anos","10":"tag-chelso","11":"tag-gruposaovicente","12":"tag-parceria"},"aioseo_notices":[],"yoast_head":"<!-- This site is optimized with the Yoast SEO plugin v27.5 - https:\/\/yoast.com\/product\/yoast-seo-wordpress\/ -->\n<title>Diretor Presidente (CEO) do Grupo S\u00e3o Vicente fala sobre os 10 anos da parceria com a Chelso Sports - Portal Chelso Sports<\/title>\n<meta name=\"robots\" content=\"index, follow, max-snippet:-1, max-image-preview:large, max-video-preview:-1\" \/>\n<link rel=\"canonical\" href=\"https:\/\/chelso.com.br\/site\/diretor-presidente-ceo-do-grupo-sao-vicente-sobre-dos-10-anos-da-parceria-com-a-chelso-sports\/\" \/>\n<meta property=\"og:locale\" content=\"pt_BR\" \/>\n<meta property=\"og:type\" content=\"article\" \/>\n<meta property=\"og:title\" content=\"Diretor Presidente (CEO) do Grupo S\u00e3o Vicente fala sobre os 10 anos da parceria com a Chelso Sports - Portal Chelso Sports\" \/>\n<meta property=\"og:description\" content=\"E para completar as comemora\u00e7\u00f5es dos 10 anos da parceria entre a Chelso Sports e os Supermercados S\u00e3o Vicente, tivemos a honra de entrevistar o Diretor Presidente (CEO) do Grupo S\u00e3o Vicente, Marcos Cavicchiolli, que concedeu entrevista exclusiva \u00e0 nossa reportagem: Marcos Cavicchiolli &#8211; Qual a avalia\u00e7\u00e3o dos Supermercados S\u00e3o Vicente em rela\u00e7\u00e3o a essa\" \/>\n<meta property=\"og:url\" content=\"https:\/\/chelso.com.br\/site\/diretor-presidente-ceo-do-grupo-sao-vicente-sobre-dos-10-anos-da-parceria-com-a-chelso-sports\/\" \/>\n<meta property=\"og:site_name\" content=\"Portal Chelso Sports\" \/>\n<meta property=\"article:published_time\" content=\"2026-01-23T18:04:38+00:00\" \/>\n<meta property=\"article:modified_time\" content=\"2026-01-23T18:10:21+00:00\" \/>\n<meta property=\"og:image\" content=\"https:\/\/chelso.com.br\/site\/wp-content\/uploads\/2026\/01\/WhatsApp-Image-2026-01-23-at-14.40.56.jpeg\" \/>\n\t<meta property=\"og:image:width\" content=\"1371\" \/>\n\t<meta property=\"og:image:height\" content=\"1029\" \/>\n\t<meta property=\"og:image:type\" content=\"image\/jpeg\" \/>\n<meta name=\"author\" content=\"Edilson Rodrigues\" \/>\n<meta name=\"twitter:card\" content=\"summary_large_image\" \/>\n<meta name=\"twitter:label1\" content=\"Escrito por\" \/>\n\t<meta name=\"twitter:data1\" content=\"Edilson Rodrigues\" \/>\n\t<meta name=\"twitter:label2\" content=\"Est. tempo de leitura\" \/>\n\t<meta name=\"twitter:data2\" content=\"4 minutos\" \/>\n<script type=\"application\/ld+json\" class=\"yoast-schema-graph\">{\"@context\":\"https:\\\/\\\/schema.org\",\"@graph\":[{\"@type\":\"Article\",\"@id\":\"https:\\\/\\\/chelso.com.br\\\/site\\\/diretor-presidente-ceo-do-grupo-sao-vicente-sobre-dos-10-anos-da-parceria-com-a-chelso-sports\\\/#article\",\"isPartOf\":{\"@id\":\"https:\\\/\\\/chelso.com.br\\\/site\\\/diretor-presidente-ceo-do-grupo-sao-vicente-sobre-dos-10-anos-da-parceria-com-a-chelso-sports\\\/\"},\"author\":{\"name\":\"Edilson Rodrigues\",\"@id\":\"https:\\\/\\\/chelso.com.br\\\/site\\\/#\\\/schema\\\/person\\\/a1e459f9cc882778a4f1367cb2ba51e3\"},\"headline\":\"Diretor Presidente (CEO) do Grupo S\u00e3o Vicente fala sobre os 10 anos da parceria com a Chelso Sports\",\"datePublished\":\"2026-01-23T18:04:38+00:00\",\"dateModified\":\"2026-01-23T18:10:21+00:00\",\"mainEntityOfPage\":{\"@id\":\"https:\\\/\\\/chelso.com.br\\\/site\\\/diretor-presidente-ceo-do-grupo-sao-vicente-sobre-dos-10-anos-da-parceria-com-a-chelso-sports\\\/\"},\"wordCount\":599,\"commentCount\":0,\"image\":{\"@id\":\"https:\\\/\\\/chelso.com.br\\\/site\\\/diretor-presidente-ceo-do-grupo-sao-vicente-sobre-dos-10-anos-da-parceria-com-a-chelso-sports\\\/#primaryimage\"},\"thumbnailUrl\":\"https:\\\/\\\/chelso.com.br\\\/site\\\/wp-content\\\/uploads\\\/2026\\\/01\\\/WhatsApp-Image-2026-01-23-at-14.40.56.jpeg\",\"keywords\":[\"#saovicente\",\"10anos\",\"Chelso\",\"grupos\u00e3ovicente\",\"parceria\"],\"articleSection\":[\"Not\u00edcias\"],\"inLanguage\":\"pt-BR\",\"potentialAction\":[{\"@type\":\"CommentAction\",\"name\":\"Comment\",\"target\":[\"https:\\\/\\\/chelso.com.br\\\/site\\\/diretor-presidente-ceo-do-grupo-sao-vicente-sobre-dos-10-anos-da-parceria-com-a-chelso-sports\\\/#respond\"]}]},{\"@type\":\"WebPage\",\"@id\":\"https:\\\/\\\/chelso.com.br\\\/site\\\/diretor-presidente-ceo-do-grupo-sao-vicente-sobre-dos-10-anos-da-parceria-com-a-chelso-sports\\\/\",\"url\":\"https:\\\/\\\/chelso.com.br\\\/site\\\/diretor-presidente-ceo-do-grupo-sao-vicente-sobre-dos-10-anos-da-parceria-com-a-chelso-sports\\\/\",\"name\":\"Diretor Presidente (CEO) do Grupo S\u00e3o Vicente fala sobre os 10 anos da parceria com a Chelso Sports - Portal Chelso Sports\",\"isPartOf\":{\"@id\":\"https:\\\/\\\/chelso.com.br\\\/site\\\/#website\"},\"primaryImageOfPage\":{\"@id\":\"https:\\\/\\\/chelso.com.br\\\/site\\\/diretor-presidente-ceo-do-grupo-sao-vicente-sobre-dos-10-anos-da-parceria-com-a-chelso-sports\\\/#primaryimage\"},\"image\":{\"@id\":\"https:\\\/\\\/chelso.com.br\\\/site\\\/diretor-presidente-ceo-do-grupo-sao-vicente-sobre-dos-10-anos-da-parceria-com-a-chelso-sports\\\/#primaryimage\"},\"thumbnailUrl\":\"https:\\\/\\\/chelso.com.br\\\/site\\\/wp-content\\\/uploads\\\/2026\\\/01\\\/WhatsApp-Image-2026-01-23-at-14.40.56.jpeg\",\"datePublished\":\"2026-01-23T18:04:38+00:00\",\"dateModified\":\"2026-01-23T18:10:21+00:00\",\"author\":{\"@id\":\"https:\\\/\\\/chelso.com.br\\\/site\\\/#\\\/schema\\\/person\\\/a1e459f9cc882778a4f1367cb2ba51e3\"},\"breadcrumb\":{\"@id\":\"https:\\\/\\\/chelso.com.br\\\/site\\\/diretor-presidente-ceo-do-grupo-sao-vicente-sobre-dos-10-anos-da-parceria-com-a-chelso-sports\\\/#breadcrumb\"},\"inLanguage\":\"pt-BR\",\"potentialAction\":[{\"@type\":\"ReadAction\",\"target\":[\"https:\\\/\\\/chelso.com.br\\\/site\\\/diretor-presidente-ceo-do-grupo-sao-vicente-sobre-dos-10-anos-da-parceria-com-a-chelso-sports\\\/\"]}]},{\"@type\":\"ImageObject\",\"inLanguage\":\"pt-BR\",\"@id\":\"https:\\\/\\\/chelso.com.br\\\/site\\\/diretor-presidente-ceo-do-grupo-sao-vicente-sobre-dos-10-anos-da-parceria-com-a-chelso-sports\\\/#primaryimage\",\"url\":\"https:\\\/\\\/chelso.com.br\\\/site\\\/wp-content\\\/uploads\\\/2026\\\/01\\\/WhatsApp-Image-2026-01-23-at-14.40.56.jpeg\",\"contentUrl\":\"https:\\\/\\\/chelso.com.br\\\/site\\\/wp-content\\\/uploads\\\/2026\\\/01\\\/WhatsApp-Image-2026-01-23-at-14.40.56.jpeg\",\"width\":1371,\"height\":1029},{\"@type\":\"BreadcrumbList\",\"@id\":\"https:\\\/\\\/chelso.com.br\\\/site\\\/diretor-presidente-ceo-do-grupo-sao-vicente-sobre-dos-10-anos-da-parceria-com-a-chelso-sports\\\/#breadcrumb\",\"itemListElement\":[{\"@type\":\"ListItem\",\"position\":1,\"name\":\"In\u00edcio\",\"item\":\"https:\\\/\\\/chelso.com.br\\\/site\\\/\"},{\"@type\":\"ListItem\",\"position\":2,\"name\":\"Diretor Presidente (CEO) do Grupo S\u00e3o Vicente fala sobre os 10 anos da parceria com a Chelso Sports\"}]},{\"@type\":\"WebSite\",\"@id\":\"https:\\\/\\\/chelso.com.br\\\/site\\\/#website\",\"url\":\"https:\\\/\\\/chelso.com.br\\\/site\\\/\",\"name\":\"Portal Chelso Sports\",\"description\":\"Conte\u00fado especializado em corrida de rua e triathlon\",\"potentialAction\":[{\"@type\":\"SearchAction\",\"target\":{\"@type\":\"EntryPoint\",\"urlTemplate\":\"https:\\\/\\\/chelso.com.br\\\/site\\\/?s={search_term_string}\"},\"query-input\":{\"@type\":\"PropertyValueSpecification\",\"valueRequired\":true,\"valueName\":\"search_term_string\"}}],\"inLanguage\":\"pt-BR\"},{\"@type\":\"Person\",\"@id\":\"https:\\\/\\\/chelso.com.br\\\/site\\\/#\\\/schema\\\/person\\\/a1e459f9cc882778a4f1367cb2ba51e3\",\"name\":\"Edilson Rodrigues\",\"image\":{\"@type\":\"ImageObject\",\"inLanguage\":\"pt-BR\",\"@id\":\"https:\\\/\\\/chelso.com.br\\\/site\\\/wp-content\\\/uploads\\\/2024\\\/09\\\/Captura-de-tela-2024-09-27-170323-150x150.png\",\"url\":\"https:\\\/\\\/chelso.com.br\\\/site\\\/wp-content\\\/uploads\\\/2024\\\/09\\\/Captura-de-tela-2024-09-27-170323-150x150.png\",\"contentUrl\":\"https:\\\/\\\/chelso.com.br\\\/site\\\/wp-content\\\/uploads\\\/2024\\\/09\\\/Captura-de-tela-2024-09-27-170323-150x150.png\",\"caption\":\"Edilson Rodrigues\"},\"url\":\"https:\\\/\\\/chelso.com.br\\\/site\\\/author\\\/edilson\\\/\"}]}<\/script>\n<!-- \/ Yoast SEO plugin. -->","yoast_head_json":{"title":"Diretor Presidente (CEO) do Grupo S\u00e3o Vicente fala sobre os 10 anos da parceria com a Chelso Sports - Portal Chelso Sports","robots":{"index":"index","follow":"follow","max-snippet":"max-snippet:-1","max-image-preview":"max-image-preview:large","max-video-preview":"max-video-preview:-1"},"canonical":"https:\/\/chelso.com.br\/site\/diretor-presidente-ceo-do-grupo-sao-vicente-sobre-dos-10-anos-da-parceria-com-a-chelso-sports\/","og_locale":"pt_BR","og_type":"article","og_title":"Diretor Presidente (CEO) do Grupo S\u00e3o Vicente fala sobre os 10 anos da parceria com a Chelso Sports - Portal Chelso Sports","og_description":"E para completar as comemora\u00e7\u00f5es dos 10 anos da parceria entre a Chelso Sports e os Supermercados S\u00e3o Vicente, tivemos a honra de entrevistar o Diretor Presidente (CEO) do Grupo S\u00e3o Vicente, Marcos Cavicchiolli, que concedeu entrevista exclusiva \u00e0 nossa reportagem: Marcos Cavicchiolli &#8211; Qual a avalia\u00e7\u00e3o dos Supermercados S\u00e3o Vicente em rela\u00e7\u00e3o a essa","og_url":"https:\/\/chelso.com.br\/site\/diretor-presidente-ceo-do-grupo-sao-vicente-sobre-dos-10-anos-da-parceria-com-a-chelso-sports\/","og_site_name":"Portal Chelso Sports","article_published_time":"2026-01-23T18:04:38+00:00","article_modified_time":"2026-01-23T18:10:21+00:00","og_image":[{"width":1371,"height":1029,"url":"https:\/\/chelso.com.br\/site\/wp-content\/uploads\/2026\/01\/WhatsApp-Image-2026-01-23-at-14.40.56.jpeg","type":"image\/jpeg"}],"author":"Edilson Rodrigues","twitter_card":"summary_large_image","twitter_misc":{"Escrito por":"Edilson Rodrigues","Est. tempo de leitura":"4 minutos"},"schema":{"@context":"https:\/\/schema.org","@graph":[{"@type":"Article","@id":"https:\/\/chelso.com.br\/site\/diretor-presidente-ceo-do-grupo-sao-vicente-sobre-dos-10-anos-da-parceria-com-a-chelso-sports\/#article","isPartOf":{"@id":"https:\/\/chelso.com.br\/site\/diretor-presidente-ceo-do-grupo-sao-vicente-sobre-dos-10-anos-da-parceria-com-a-chelso-sports\/"},"author":{"name":"Edilson Rodrigues","@id":"https:\/\/chelso.com.br\/site\/#\/schema\/person\/a1e459f9cc882778a4f1367cb2ba51e3"},"headline":"Diretor Presidente (CEO) do Grupo S\u00e3o Vicente fala sobre os 10 anos da parceria com a Chelso Sports","datePublished":"2026-01-23T18:04:38+00:00","dateModified":"2026-01-23T18:10:21+00:00","mainEntityOfPage":{"@id":"https:\/\/chelso.com.br\/site\/diretor-presidente-ceo-do-grupo-sao-vicente-sobre-dos-10-anos-da-parceria-com-a-chelso-sports\/"},"wordCount":599,"commentCount":0,"image":{"@id":"https:\/\/chelso.com.br\/site\/diretor-presidente-ceo-do-grupo-sao-vicente-sobre-dos-10-anos-da-parceria-com-a-chelso-sports\/#primaryimage"},"thumbnailUrl":"https:\/\/chelso.com.br\/site\/wp-content\/uploads\/2026\/01\/WhatsApp-Image-2026-01-23-at-14.40.56.jpeg","keywords":["#saovicente","10anos","Chelso","grupos\u00e3ovicente","parceria"],"articleSection":["Not\u00edcias"],"inLanguage":"pt-BR","potentialAction":[{"@type":"CommentAction","name":"Comment","target":["https:\/\/chelso.com.br\/site\/diretor-presidente-ceo-do-grupo-sao-vicente-sobre-dos-10-anos-da-parceria-com-a-chelso-sports\/#respond"]}]},{"@type":"WebPage","@id":"https:\/\/chelso.com.br\/site\/diretor-presidente-ceo-do-grupo-sao-vicente-sobre-dos-10-anos-da-parceria-com-a-chelso-sports\/","url":"https:\/\/chelso.com.br\/site\/diretor-presidente-ceo-do-grupo-sao-vicente-sobre-dos-10-anos-da-parceria-com-a-chelso-sports\/","name":"Diretor Presidente (CEO) do Grupo S\u00e3o Vicente fala sobre os 10 anos da parceria com a Chelso Sports - Portal Chelso Sports","isPartOf":{"@id":"https:\/\/chelso.com.br\/site\/#website"},"primaryImageOfPage":{"@id":"https:\/\/chelso.com.br\/site\/diretor-presidente-ceo-do-grupo-sao-vicente-sobre-dos-10-anos-da-parceria-com-a-chelso-sports\/#primaryimage"},"image":{"@id":"https:\/\/chelso.com.br\/site\/diretor-presidente-ceo-do-grupo-sao-vicente-sobre-dos-10-anos-da-parceria-com-a-chelso-sports\/#primaryimage"},"thumbnailUrl":"https:\/\/chelso.com.br\/site\/wp-content\/uploads\/2026\/01\/WhatsApp-Image-2026-01-23-at-14.40.56.jpeg","datePublished":"2026-01-23T18:04:38+00:00","dateModified":"2026-01-23T18:10:21+00:00","author":{"@id":"https:\/\/chelso.com.br\/site\/#\/schema\/person\/a1e459f9cc882778a4f1367cb2ba51e3"},"breadcrumb":{"@id":"https:\/\/chelso.com.br\/site\/diretor-presidente-ceo-do-grupo-sao-vicente-sobre-dos-10-anos-da-parceria-com-a-chelso-sports\/#breadcrumb"},"inLanguage":"pt-BR","potentialAction":[{"@type":"ReadAction","target":["https:\/\/chelso.com.br\/site\/diretor-presidente-ceo-do-grupo-sao-vicente-sobre-dos-10-anos-da-parceria-com-a-chelso-sports\/"]}]},{"@type":"ImageObject","inLanguage":"pt-BR","@id":"https:\/\/chelso.com.br\/site\/diretor-presidente-ceo-do-grupo-sao-vicente-sobre-dos-10-anos-da-parceria-com-a-chelso-sports\/#primaryimage","url":"https:\/\/chelso.com.br\/site\/wp-content\/uploads\/2026\/01\/WhatsApp-Image-2026-01-23-at-14.40.56.jpeg","contentUrl":"https:\/\/chelso.com.br\/site\/wp-content\/uploads\/2026\/01\/WhatsApp-Image-2026-01-23-at-14.40.56.jpeg","width":1371,"height":1029},{"@type":"BreadcrumbList","@id":"https:\/\/chelso.com.br\/site\/diretor-presidente-ceo-do-grupo-sao-vicente-sobre-dos-10-anos-da-parceria-com-a-chelso-sports\/#breadcrumb","itemListElement":[{"@type":"ListItem","position":1,"name":"In\u00edcio","item":"https:\/\/chelso.com.br\/site\/"},{"@type":"ListItem","position":2,"name":"Diretor Presidente (CEO) do Grupo S\u00e3o Vicente fala sobre os 10 anos da parceria com a Chelso Sports"}]},{"@type":"WebSite","@id":"https:\/\/chelso.com.br\/site\/#website","url":"https:\/\/chelso.com.br\/site\/","name":"Portal Chelso Sports","description":"Conte\u00fado especializado em corrida de rua e triathlon","potentialAction":[{"@type":"SearchAction","target":{"@type":"EntryPoint","urlTemplate":"https:\/\/chelso.com.br\/site\/?s={search_term_string}"},"query-input":{"@type":"PropertyValueSpecification","valueRequired":true,"valueName":"search_term_string"}}],"inLanguage":"pt-BR"},{"@type":"Person","@id":"https:\/\/chelso.com.br\/site\/#\/schema\/person\/a1e459f9cc882778a4f1367cb2ba51e3","name":"Edilson Rodrigues","image":{"@type":"ImageObject","inLanguage":"pt-BR","@id":"https:\/\/chelso.com.br\/site\/wp-content\/uploads\/2024\/09\/Captura-de-tela-2024-09-27-170323-150x150.png","url":"https:\/\/chelso.com.br\/site\/wp-content\/uploads\/2024\/09\/Captura-de-tela-2024-09-27-170323-150x150.png","contentUrl":"https:\/\/chelso.com.br\/site\/wp-content\/uploads\/2024\/09\/Captura-de-tela-2024-09-27-170323-150x150.png","caption":"Edilson Rodrigues"},"url":"https:\/\/chelso.com.br\/site\/author\/edilson\/"}]}},"amp_enabled":true,"_links":{"self":[{"href":"https:\/\/chelso.com.br\/site\/wp-json\/wp\/v2\/posts\/29028","targetHints":{"allow":["GET"]}}],"collection":[{"href":"https:\/\/chelso.com.br\/site\/wp-json\/wp\/v2\/posts"}],"about":[{"href":"https:\/\/chelso.com.br\/site\/wp-json\/wp\/v2\/types\/post"}],"author":[{"embeddable":true,"href":"https:\/\/chelso.com.br\/site\/wp-json\/wp\/v2\/users\/43"}],"replies":[{"embeddable":true,"href":"https:\/\/chelso.com.br\/site\/wp-json\/wp\/v2\/comments?post=29028"}],"version-history":[{"count":5,"href":"https:\/\/chelso.com.br\/site\/wp-json\/wp\/v2\/posts\/29028\/revisions"}],"predecessor-version":[{"id":29034,"href":"https:\/\/chelso.com.br\/site\/wp-json\/wp\/v2\/posts\/29028\/revisions\/29034"}],"wp:featuredmedia":[{"embeddable":true,"href":"https:\/\/chelso.com.br\/site\/wp-json\/wp\/v2\/media\/29029"}],"wp:attachment":[{"href":"https:\/\/chelso.com.br\/site\/wp-json\/wp\/v2\/media?parent=29028"}],"wp:term":[{"taxonomy":"category","embeddable":true,"href":"https:\/\/chelso.com.br\/site\/wp-json\/wp\/v2\/categories?post=29028"},{"taxonomy":"post_tag","embeddable":true,"href":"https:\/\/chelso.com.br\/site\/wp-json\/wp\/v2\/tags?post=29028"}],"curies":[{"name":"wp","href":"https:\/\/api.w.org\/{rel}","templated":true}]}}