{"id":29753,"date":"2026-03-10T11:17:31","date_gmt":"2026-03-10T14:17:31","guid":{"rendered":"https:\/\/chelso.com.br\/site\/?p=29753"},"modified":"2026-03-10T15:58:20","modified_gmt":"2026-03-10T18:58:20","slug":"run-for-girls-materia-especial-com-entrevistas-fotos-e-novo-recorde-numa-prova-historica","status":"publish","type":"post","link":"https:\/\/chelso.com.br\/site\/run-for-girls-materia-especial-com-entrevistas-fotos-e-novo-recorde-numa-prova-historica\/","title":{"rendered":"Run For Girls: mat\u00e9ria especial com entrevistas, fotos e novo recorde em uma prova hist\u00f3rica!"},"content":{"rendered":"<p>O domingo, dia 8 de mar\u00e7o, foi um dia especial para 2.209 mulheres que participaram de mais uma edi\u00e7\u00e3o da Run For Girls, a prova criada pela Chelso Sports para celebrar a for\u00e7a, a determina\u00e7\u00e3o e a capacidade inigual\u00e1vel da mulher em ser forte, destemida e impar\u00e1vel.<\/p>\n<p>Neste Dia Internacional da Mulher 2026, a Run For Girls fez hist\u00f3ria com recorde de inscri\u00e7\u00f5es como a maior prova feminina do interior paulista e como a primeira prova do interior de S\u00e3o Paulo com largada aferida pela FPA (Federa\u00e7\u00e3o Paulista de Atletismo) para a elite feminina na prova dos 15 km. E tem mais! A prova contou com um p\u00fablico total na arena de 5 mil pessoas e movimentou diretamente mais de R$ 346.700,00 na economia de Piracicaba para os setores da hoteleira, do com\u00e9rcio, entre outros setores.<\/p>\n<p><img fetchpriority=\"high\" decoding=\"async\" class=\" wp-image-29754 aligncenter\" src=\"https:\/\/chelso.com.br\/site\/wp-content\/uploads\/2026\/03\/WhatsApp-Image-2026-03-09-at-12.36.18-3-300x233.jpeg\" alt=\"\" width=\"478\" height=\"371\" srcset=\"https:\/\/chelso.com.br\/site\/wp-content\/uploads\/2026\/03\/WhatsApp-Image-2026-03-09-at-12.36.18-3-300x233.jpeg 300w, https:\/\/chelso.com.br\/site\/wp-content\/uploads\/2026\/03\/WhatsApp-Image-2026-03-09-at-12.36.18-3-1024x796.jpeg 1024w, https:\/\/chelso.com.br\/site\/wp-content\/uploads\/2026\/03\/WhatsApp-Image-2026-03-09-at-12.36.18-3-150x117.jpeg 150w, https:\/\/chelso.com.br\/site\/wp-content\/uploads\/2026\/03\/WhatsApp-Image-2026-03-09-at-12.36.18-3-450x350.jpeg 450w, https:\/\/chelso.com.br\/site\/wp-content\/uploads\/2026\/03\/WhatsApp-Image-2026-03-09-at-12.36.18-3-1200x933.jpeg 1200w, https:\/\/chelso.com.br\/site\/wp-content\/uploads\/2026\/03\/WhatsApp-Image-2026-03-09-at-12.36.18-3-768x597.jpeg 768w, https:\/\/chelso.com.br\/site\/wp-content\/uploads\/2026\/03\/WhatsApp-Image-2026-03-09-at-12.36.18-3.jpeg 1371w\" sizes=\"(max-width: 478px) 100vw, 478px\" \/><\/p>\n<p><img decoding=\"async\" class=\" wp-image-29755 aligncenter\" src=\"https:\/\/chelso.com.br\/site\/wp-content\/uploads\/2026\/03\/WhatsApp-Image-2026-03-09-at-12.36.18-2-200x300.jpeg\" alt=\"\" width=\"348\" height=\"522\" srcset=\"https:\/\/chelso.com.br\/site\/wp-content\/uploads\/2026\/03\/WhatsApp-Image-2026-03-09-at-12.36.18-2-200x300.jpeg 200w, https:\/\/chelso.com.br\/site\/wp-content\/uploads\/2026\/03\/WhatsApp-Image-2026-03-09-at-12.36.18-2-682x1024.jpeg 682w, https:\/\/chelso.com.br\/site\/wp-content\/uploads\/2026\/03\/WhatsApp-Image-2026-03-09-at-12.36.18-2-1023x1536.jpeg 1023w, https:\/\/chelso.com.br\/site\/wp-content\/uploads\/2026\/03\/WhatsApp-Image-2026-03-09-at-12.36.18-2-150x225.jpeg 150w, https:\/\/chelso.com.br\/site\/wp-content\/uploads\/2026\/03\/WhatsApp-Image-2026-03-09-at-12.36.18-2-450x675.jpeg 450w, https:\/\/chelso.com.br\/site\/wp-content\/uploads\/2026\/03\/WhatsApp-Image-2026-03-09-at-12.36.18-2-768x1153.jpeg 768w, https:\/\/chelso.com.br\/site\/wp-content\/uploads\/2026\/03\/WhatsApp-Image-2026-03-09-at-12.36.18-2.jpeg 1066w\" sizes=\"(max-width: 348px) 100vw, 348px\" \/><\/p>\n<p><img decoding=\"async\" class=\" wp-image-29756 aligncenter\" src=\"https:\/\/chelso.com.br\/site\/wp-content\/uploads\/2026\/03\/WhatsApp-Image-2026-03-09-at-12.36.18-1-200x300.jpeg\" alt=\"\" width=\"342\" height=\"514\" srcset=\"https:\/\/chelso.com.br\/site\/wp-content\/uploads\/2026\/03\/WhatsApp-Image-2026-03-09-at-12.36.18-1-200x300.jpeg 200w, https:\/\/chelso.com.br\/site\/wp-content\/uploads\/2026\/03\/WhatsApp-Image-2026-03-09-at-12.36.18-1-150x225.jpeg 150w, https:\/\/chelso.com.br\/site\/wp-content\/uploads\/2026\/03\/WhatsApp-Image-2026-03-09-at-12.36.18-1-768x1151.jpeg 768w\" sizes=\"(max-width: 342px) 100vw, 342px\" \/><\/p>\n<p><img loading=\"lazy\" decoding=\"async\" class=\" wp-image-29757 aligncenter\" src=\"https:\/\/chelso.com.br\/site\/wp-content\/uploads\/2026\/03\/WhatsApp-Image-2026-03-09-at-12.36.18-200x300.jpeg\" alt=\"\" width=\"341\" height=\"512\" srcset=\"https:\/\/chelso.com.br\/site\/wp-content\/uploads\/2026\/03\/WhatsApp-Image-2026-03-09-at-12.36.18-200x300.jpeg 200w, https:\/\/chelso.com.br\/site\/wp-content\/uploads\/2026\/03\/WhatsApp-Image-2026-03-09-at-12.36.18-684x1024.jpeg 684w, https:\/\/chelso.com.br\/site\/wp-content\/uploads\/2026\/03\/WhatsApp-Image-2026-03-09-at-12.36.18-1025x1536.jpeg 1025w, https:\/\/chelso.com.br\/site\/wp-content\/uploads\/2026\/03\/WhatsApp-Image-2026-03-09-at-12.36.18-150x225.jpeg 150w, https:\/\/chelso.com.br\/site\/wp-content\/uploads\/2026\/03\/WhatsApp-Image-2026-03-09-at-12.36.18-450x674.jpeg 450w, https:\/\/chelso.com.br\/site\/wp-content\/uploads\/2026\/03\/WhatsApp-Image-2026-03-09-at-12.36.18-768x1151.jpeg 768w, https:\/\/chelso.com.br\/site\/wp-content\/uploads\/2026\/03\/WhatsApp-Image-2026-03-09-at-12.36.18.jpeg 1068w\" sizes=\"(max-width: 341px) 100vw, 341px\" \/><\/p>\n<p>Numa edi\u00e7\u00e3o mais que imponente, apresentada pela Baixa Pace, marca de \u00f3culos esportivos, a Run For Girls teve novo recorde na prova dos 5 km. A atleta e empres\u00e1ria Isadora Domingues completou o percurso com o tempo de 18 minutos e 41 segundos.<\/p>\n<p>Al\u00e9m disso, a prova provou mais uma vez que \u00e9 um evento especial, divertido e com a capacidade de transformar o cen\u00e1rio de uma regi\u00e3o na cor rosa onde Mulher apoia Mulher para que elas possam alcan\u00e7ar todos os seus sonhos e seus objetivos de vida.<\/p>\n<p>Quer saber mais? Nesta ter\u00e7a-feira, dia 10, a partir do meio-dia, tem v\u00eddeo oficial da prova no YouTube da Chelso Sports:<a href=\"https:\/\/www.youtube.com\/@ChelsoSports\">https:\/\/www.youtube.com\/@ChelsoSports<\/a><\/p>\n<p><strong>N\u00fameros oficiais da Run For Girls 2026:<\/strong><\/p>\n<p>Atletas inscritas: 2.209.<\/p>\n<p>Origem das cidades: 115 atletas (61,3% vieram de outras localidades).<\/p>\n<p>Empregos gerados: 250 pessoas trabalhando (85% contrata\u00e7\u00f5es locais).<\/p>\n<p>Inclus\u00e3o: 91 atletas inscritas com 60 anos ou mais.<\/p>\n<p>Visualiza\u00e7\u00e3o: 3, 1 milh\u00f5es de visualiza\u00e7\u00f5es nas redes.<\/p>\n<p><img loading=\"lazy\" decoding=\"async\" class=\" wp-image-29758 aligncenter\" src=\"https:\/\/chelso.com.br\/site\/wp-content\/uploads\/2026\/03\/WhatsApp-Image-2026-03-09-at-12.36.17-1-200x300.jpeg\" alt=\"\" width=\"356\" height=\"534\" srcset=\"https:\/\/chelso.com.br\/site\/wp-content\/uploads\/2026\/03\/WhatsApp-Image-2026-03-09-at-12.36.17-1-200x300.jpeg 200w, https:\/\/chelso.com.br\/site\/wp-content\/uploads\/2026\/03\/WhatsApp-Image-2026-03-09-at-12.36.17-1-682x1024.jpeg 682w, https:\/\/chelso.com.br\/site\/wp-content\/uploads\/2026\/03\/WhatsApp-Image-2026-03-09-at-12.36.17-1-1023x1536.jpeg 1023w, https:\/\/chelso.com.br\/site\/wp-content\/uploads\/2026\/03\/WhatsApp-Image-2026-03-09-at-12.36.17-1-150x225.jpeg 150w, https:\/\/chelso.com.br\/site\/wp-content\/uploads\/2026\/03\/WhatsApp-Image-2026-03-09-at-12.36.17-1-450x675.jpeg 450w, https:\/\/chelso.com.br\/site\/wp-content\/uploads\/2026\/03\/WhatsApp-Image-2026-03-09-at-12.36.17-1-768x1153.jpeg 768w, https:\/\/chelso.com.br\/site\/wp-content\/uploads\/2026\/03\/WhatsApp-Image-2026-03-09-at-12.36.17-1.jpeg 1066w\" sizes=\"(max-width: 356px) 100vw, 356px\" \/><\/p>\n<p><img loading=\"lazy\" decoding=\"async\" class=\" wp-image-29759 aligncenter\" src=\"https:\/\/chelso.com.br\/site\/wp-content\/uploads\/2026\/03\/WhatsApp-Image-2026-03-09-at-12.36.17-200x300.jpeg\" alt=\"\" width=\"355\" height=\"533\" srcset=\"https:\/\/chelso.com.br\/site\/wp-content\/uploads\/2026\/03\/WhatsApp-Image-2026-03-09-at-12.36.17-200x300.jpeg 200w, https:\/\/chelso.com.br\/site\/wp-content\/uploads\/2026\/03\/WhatsApp-Image-2026-03-09-at-12.36.17-682x1024.jpeg 682w, https:\/\/chelso.com.br\/site\/wp-content\/uploads\/2026\/03\/WhatsApp-Image-2026-03-09-at-12.36.17-1023x1536.jpeg 1023w, https:\/\/chelso.com.br\/site\/wp-content\/uploads\/2026\/03\/WhatsApp-Image-2026-03-09-at-12.36.17-150x225.jpeg 150w, https:\/\/chelso.com.br\/site\/wp-content\/uploads\/2026\/03\/WhatsApp-Image-2026-03-09-at-12.36.17-450x675.jpeg 450w, https:\/\/chelso.com.br\/site\/wp-content\/uploads\/2026\/03\/WhatsApp-Image-2026-03-09-at-12.36.17-768x1153.jpeg 768w, https:\/\/chelso.com.br\/site\/wp-content\/uploads\/2026\/03\/WhatsApp-Image-2026-03-09-at-12.36.17.jpeg 1066w\" sizes=\"(max-width: 355px) 100vw, 355px\" \/><\/p>\n<p><strong>As primeiras de nossas guerreiras a cruzar a linha de chegada:<\/strong><\/p>\n<p><strong>15 km elite feminino<\/strong><\/p>\n<p>1\u00ba colocado \u2013 Franciele Monalisa dos Santos Firme \u2013 55:42:441<\/p>\n<p>2\u00ba colocado \u2013 Keyla da Silva Lisboa \u2013 56:54:062<\/p>\n<p>3\u00ba colocado \u2013 Jaciane Barroso Ara\u00fajo \u2013 57:38:587<\/p>\n<p>4\u00ba colocado \u2013 Lidiane Batista dos Santos \u2013 58:52:770<\/p>\n<p>5\u00ba colocado \u2013 Anny Karoline \u2013 59:53:460<\/p>\n<p><img loading=\"lazy\" decoding=\"async\" class=\" wp-image-29760 aligncenter\" src=\"https:\/\/chelso.com.br\/site\/wp-content\/uploads\/2026\/03\/WhatsApp-Image-2026-03-09-at-12.36.42-240x300.jpeg\" alt=\"\" width=\"346\" height=\"433\" srcset=\"https:\/\/chelso.com.br\/site\/wp-content\/uploads\/2026\/03\/WhatsApp-Image-2026-03-09-at-12.36.42-240x300.jpeg 240w, https:\/\/chelso.com.br\/site\/wp-content\/uploads\/2026\/03\/WhatsApp-Image-2026-03-09-at-12.36.42-819x1024.jpeg 819w, https:\/\/chelso.com.br\/site\/wp-content\/uploads\/2026\/03\/WhatsApp-Image-2026-03-09-at-12.36.42-1229x1536.jpeg 1229w, https:\/\/chelso.com.br\/site\/wp-content\/uploads\/2026\/03\/WhatsApp-Image-2026-03-09-at-12.36.42-150x188.jpeg 150w, https:\/\/chelso.com.br\/site\/wp-content\/uploads\/2026\/03\/WhatsApp-Image-2026-03-09-at-12.36.42-450x563.jpeg 450w, https:\/\/chelso.com.br\/site\/wp-content\/uploads\/2026\/03\/WhatsApp-Image-2026-03-09-at-12.36.42-1200x1500.jpeg 1200w, https:\/\/chelso.com.br\/site\/wp-content\/uploads\/2026\/03\/WhatsApp-Image-2026-03-09-at-12.36.42-768x960.jpeg 768w, https:\/\/chelso.com.br\/site\/wp-content\/uploads\/2026\/03\/WhatsApp-Image-2026-03-09-at-12.36.42.jpeg 1280w\" sizes=\"(max-width: 346px) 100vw, 346px\" \/><\/p>\n<p><strong>10 km feminino<\/strong><\/p>\n<p>1\u00ba colocado \u2013 Ana L\u00facia Souto Mofatto \u2013 43:17:591<\/p>\n<p>2\u00ba colocado \u2013 F\u00e1tima Silveira \u2013 45:16:200<\/p>\n<p>3\u00ba colocado \u2013 Viviane Pimentel de Oliveira dos Santos \u2013 45:23:787<\/p>\n<p>4\u00ba colocado \u2013 Edna Maria Rocha Meirelles \u2013 45:54:821<\/p>\n<p>5\u00ba colocado \u2013 Caroline da Silva \u2013 46:00:737<\/p>\n<p><img loading=\"lazy\" decoding=\"async\" class=\" wp-image-29761 aligncenter\" src=\"https:\/\/chelso.com.br\/site\/wp-content\/uploads\/2026\/03\/Ana-Lucia-10-km-233x300.jpeg\" alt=\"\" width=\"337\" height=\"434\" srcset=\"https:\/\/chelso.com.br\/site\/wp-content\/uploads\/2026\/03\/Ana-Lucia-10-km-233x300.jpeg 233w, https:\/\/chelso.com.br\/site\/wp-content\/uploads\/2026\/03\/Ana-Lucia-10-km-794x1024.jpeg 794w, https:\/\/chelso.com.br\/site\/wp-content\/uploads\/2026\/03\/Ana-Lucia-10-km-150x193.jpeg 150w, https:\/\/chelso.com.br\/site\/wp-content\/uploads\/2026\/03\/Ana-Lucia-10-km-450x580.jpeg 450w, https:\/\/chelso.com.br\/site\/wp-content\/uploads\/2026\/03\/Ana-Lucia-10-km-768x990.jpeg 768w, https:\/\/chelso.com.br\/site\/wp-content\/uploads\/2026\/03\/Ana-Lucia-10-km.jpeg 868w\" sizes=\"(max-width: 337px) 100vw, 337px\" \/><\/p>\n<p><strong>5 km feminino<\/strong><\/p>\n<p>1\u00ba colocado \u2013 Isadora Domingues \u2013 18:41:896<\/p>\n<p>2\u00ba colocado \u2013 Ingrid Ara\u00fajo Souza \u2013 20:14:127<\/p>\n<p>3\u00ba colocado \u2013 Adriana Braz da Silva \u2013 20:18:617<\/p>\n<p>4\u00ba colocado \u2013 Roberta Cardoso \u2013 20:57:093<\/p>\n<p>5\u00ba colocado \u2013 Rafaela Bertoni Silvestre \u2013 21:27:257<\/p>\n<p><img loading=\"lazy\" decoding=\"async\" class=\" wp-image-29762 aligncenter\" src=\"https:\/\/chelso.com.br\/site\/wp-content\/uploads\/2026\/03\/WhatsApp-Image-2026-03-09-at-12.36.48-240x300.jpeg\" alt=\"\" width=\"341\" height=\"426\" srcset=\"https:\/\/chelso.com.br\/site\/wp-content\/uploads\/2026\/03\/WhatsApp-Image-2026-03-09-at-12.36.48-240x300.jpeg 240w, https:\/\/chelso.com.br\/site\/wp-content\/uploads\/2026\/03\/WhatsApp-Image-2026-03-09-at-12.36.48-819x1024.jpeg 819w, https:\/\/chelso.com.br\/site\/wp-content\/uploads\/2026\/03\/WhatsApp-Image-2026-03-09-at-12.36.48-150x188.jpeg 150w, https:\/\/chelso.com.br\/site\/wp-content\/uploads\/2026\/03\/WhatsApp-Image-2026-03-09-at-12.36.48-450x563.jpeg 450w, https:\/\/chelso.com.br\/site\/wp-content\/uploads\/2026\/03\/WhatsApp-Image-2026-03-09-at-12.36.48-768x960.jpeg 768w, https:\/\/chelso.com.br\/site\/wp-content\/uploads\/2026\/03\/WhatsApp-Image-2026-03-09-at-12.36.48.jpeg 1080w\" sizes=\"(max-width: 341px) 100vw, 341px\" \/><\/p>\n<p><strong>Entrevistas<\/strong><\/p>\n<p>E quais as impress\u00f5es das atletas que participaram da edi\u00e7\u00e3o 2026 da Run For Girls?<\/p>\n<p><strong>Raphaela Trindade Rebello e suas amigas Let\u00edcia, M\u00e1rcia, Eliana e Patr\u00edcia<\/strong><\/p>\n<p>\u201c\u00c9 uma oportunidade fant\u00e1stica ter a chance de estar aqui com outras meninas. A corrida, sobretudo na companhia das amigas, \u00e9 uma bela maneira de ser feliz e de apreciar a vida.\u201d<\/p>\n<p><img loading=\"lazy\" decoding=\"async\" class=\"wp-image-29763 aligncenter\" src=\"https:\/\/chelso.com.br\/site\/wp-content\/uploads\/2026\/03\/Raphaella-e-amigas-300x235.jpeg\" alt=\"\" width=\"467\" height=\"366\" srcset=\"https:\/\/chelso.com.br\/site\/wp-content\/uploads\/2026\/03\/Raphaella-e-amigas-300x235.jpeg 300w, https:\/\/chelso.com.br\/site\/wp-content\/uploads\/2026\/03\/Raphaella-e-amigas-1024x803.jpeg 1024w, https:\/\/chelso.com.br\/site\/wp-content\/uploads\/2026\/03\/Raphaella-e-amigas-150x118.jpeg 150w, https:\/\/chelso.com.br\/site\/wp-content\/uploads\/2026\/03\/Raphaella-e-amigas-450x353.jpeg 450w, https:\/\/chelso.com.br\/site\/wp-content\/uploads\/2026\/03\/Raphaella-e-amigas-1200x942.jpeg 1200w, https:\/\/chelso.com.br\/site\/wp-content\/uploads\/2026\/03\/Raphaella-e-amigas-768x603.jpeg 768w, https:\/\/chelso.com.br\/site\/wp-content\/uploads\/2026\/03\/Raphaella-e-amigas.jpeg 1407w\" sizes=\"(max-width: 467px) 100vw, 467px\" \/><\/p>\n<p><strong>Marina Ribeiro Barreto da Costa e Juliana Ta\u00eds Sierra (Araras)<\/strong><\/p>\n<p>\u201c\u00c9 um momento de compartilharmos bons momentos com amigas.\u201d<\/p>\n<p><img loading=\"lazy\" decoding=\"async\" class=\"wp-image-29764 aligncenter\" src=\"https:\/\/chelso.com.br\/site\/wp-content\/uploads\/2026\/03\/Marina-e-Juliana-280x300.jpeg\" alt=\"\" width=\"375\" height=\"402\" srcset=\"https:\/\/chelso.com.br\/site\/wp-content\/uploads\/2026\/03\/Marina-e-Juliana-280x300.jpeg 280w, https:\/\/chelso.com.br\/site\/wp-content\/uploads\/2026\/03\/Marina-e-Juliana-956x1024.jpeg 956w, https:\/\/chelso.com.br\/site\/wp-content\/uploads\/2026\/03\/Marina-e-Juliana-150x161.jpeg 150w, https:\/\/chelso.com.br\/site\/wp-content\/uploads\/2026\/03\/Marina-e-Juliana-450x482.jpeg 450w, https:\/\/chelso.com.br\/site\/wp-content\/uploads\/2026\/03\/Marina-e-Juliana-768x823.jpeg 768w, https:\/\/chelso.com.br\/site\/wp-content\/uploads\/2026\/03\/Marina-e-Juliana.jpeg 1120w\" sizes=\"(max-width: 375px) 100vw, 375px\" \/><\/p>\n<p><strong>Eliana Soares dos Santos e as amigas de Botucatu<\/strong><\/p>\n<p>\u201cAcordamos \u00e0s 2h da manh\u00e3 para estarmos aqui. \u00c9 uma corrida diferente que transmite boas energias, como supera\u00e7\u00e3o e o sentimento de vit\u00f3ria em ser mulher.\u201d<\/p>\n<p><img loading=\"lazy\" decoding=\"async\" class=\"wp-image-29765 aligncenter\" src=\"https:\/\/chelso.com.br\/site\/wp-content\/uploads\/2026\/03\/Eliana-Soares-e-amigas-Botucatu-300x218.jpeg\" alt=\"\" width=\"508\" height=\"369\" srcset=\"https:\/\/chelso.com.br\/site\/wp-content\/uploads\/2026\/03\/Eliana-Soares-e-amigas-Botucatu-300x218.jpeg 300w, https:\/\/chelso.com.br\/site\/wp-content\/uploads\/2026\/03\/Eliana-Soares-e-amigas-Botucatu-1024x743.jpeg 1024w, https:\/\/chelso.com.br\/site\/wp-content\/uploads\/2026\/03\/Eliana-Soares-e-amigas-Botucatu-1536x1114.jpeg 1536w, https:\/\/chelso.com.br\/site\/wp-content\/uploads\/2026\/03\/Eliana-Soares-e-amigas-Botucatu-150x109.jpeg 150w, https:\/\/chelso.com.br\/site\/wp-content\/uploads\/2026\/03\/Eliana-Soares-e-amigas-Botucatu-450x326.jpeg 450w, https:\/\/chelso.com.br\/site\/wp-content\/uploads\/2026\/03\/Eliana-Soares-e-amigas-Botucatu-1200x871.jpeg 1200w, https:\/\/chelso.com.br\/site\/wp-content\/uploads\/2026\/03\/Eliana-Soares-e-amigas-Botucatu-768x557.jpeg 768w, https:\/\/chelso.com.br\/site\/wp-content\/uploads\/2026\/03\/Eliana-Soares-e-amigas-Botucatu.jpeg 1570w\" sizes=\"(max-width: 508px) 100vw, 508px\" \/><\/p>\n<p><strong>Michele K. Guimar\u00e3es e o grupo de corredoras de Piracicaba<\/strong><\/p>\n<p>\u201cA Run For Girls \u00e9 mais uma prova de que as mulheres est\u00e3o vencendo, superando obst\u00e1culos. \u00c9 uma prova linda para comemorar o Dia Internacional da Mulher.\u201d<\/p>\n<p><img loading=\"lazy\" decoding=\"async\" class=\"wp-image-29766 aligncenter\" src=\"https:\/\/chelso.com.br\/site\/wp-content\/uploads\/2026\/03\/Michele-300x223.jpeg\" alt=\"\" width=\"479\" height=\"356\" srcset=\"https:\/\/chelso.com.br\/site\/wp-content\/uploads\/2026\/03\/Michele-300x223.jpeg 300w, https:\/\/chelso.com.br\/site\/wp-content\/uploads\/2026\/03\/Michele-1024x761.jpeg 1024w, https:\/\/chelso.com.br\/site\/wp-content\/uploads\/2026\/03\/Michele-150x111.jpeg 150w, https:\/\/chelso.com.br\/site\/wp-content\/uploads\/2026\/03\/Michele-450x334.jpeg 450w, https:\/\/chelso.com.br\/site\/wp-content\/uploads\/2026\/03\/Michele-1200x892.jpeg 1200w, https:\/\/chelso.com.br\/site\/wp-content\/uploads\/2026\/03\/Michele-768x571.jpeg 768w, https:\/\/chelso.com.br\/site\/wp-content\/uploads\/2026\/03\/Michele.jpeg 1285w\" sizes=\"(max-width: 479px) 100vw, 479px\" \/><\/p>\n<p><strong>Beatriz Semmler e Taina Gazana<\/strong><\/p>\n<p>\u201cHoje \u00e9 um dia especial em que acima de tudo, estamos correndo juntas. E isso \u00e9 o mais importante: mulher apoiando mulher.\u201d<\/p>\n<p><img loading=\"lazy\" decoding=\"async\" class=\"wp-image-29767 aligncenter\" src=\"https:\/\/chelso.com.br\/site\/wp-content\/uploads\/2026\/03\/Beatriz-e-Taina-225x300.jpeg\" alt=\"\" width=\"383\" height=\"511\" srcset=\"https:\/\/chelso.com.br\/site\/wp-content\/uploads\/2026\/03\/Beatriz-e-Taina-225x300.jpeg 225w, https:\/\/chelso.com.br\/site\/wp-content\/uploads\/2026\/03\/Beatriz-e-Taina-768x1024.jpeg 768w, https:\/\/chelso.com.br\/site\/wp-content\/uploads\/2026\/03\/Beatriz-e-Taina-1152x1536.jpeg 1152w, https:\/\/chelso.com.br\/site\/wp-content\/uploads\/2026\/03\/Beatriz-e-Taina-150x200.jpeg 150w, https:\/\/chelso.com.br\/site\/wp-content\/uploads\/2026\/03\/Beatriz-e-Taina-450x600.jpeg 450w, https:\/\/chelso.com.br\/site\/wp-content\/uploads\/2026\/03\/Beatriz-e-Taina.jpeg 1200w\" sizes=\"(max-width: 383px) 100vw, 383px\" \/><\/p>\n<p><strong>Renata Hil\u00e1rio de Melo Silva e Liliane Cristina Trevisan (Piracicaba)<\/strong><\/p>\n<p>\u201cDomingo foi nossa vez de participar da Run For Girls na prova dos 5 km. Essa foi a oportunidade de correr ao lado de minha amiga Renata e isso \u00e9 o mais importante: mulher apoiando mulher. A prova trouxe uma mensagem a n\u00f3s: cuidar da sa\u00fade, entender o pr\u00f3prio ritmo e seguir firme para alcan\u00e7ar as pr\u00f3prias metas.\u201d \u2013 Liliane Trevisan<\/p>\n<p><img loading=\"lazy\" decoding=\"async\" class=\"wp-image-29768 aligncenter\" src=\"https:\/\/chelso.com.br\/site\/wp-content\/uploads\/2026\/03\/WhatsApp-Image-2026-03-09-at-14.56.38-237x300.jpeg\" alt=\"\" width=\"444\" height=\"562\" srcset=\"https:\/\/chelso.com.br\/site\/wp-content\/uploads\/2026\/03\/WhatsApp-Image-2026-03-09-at-14.56.38-237x300.jpeg 237w, https:\/\/chelso.com.br\/site\/wp-content\/uploads\/2026\/03\/WhatsApp-Image-2026-03-09-at-14.56.38-810x1024.jpeg 810w, https:\/\/chelso.com.br\/site\/wp-content\/uploads\/2026\/03\/WhatsApp-Image-2026-03-09-at-14.56.38-150x190.jpeg 150w, https:\/\/chelso.com.br\/site\/wp-content\/uploads\/2026\/03\/WhatsApp-Image-2026-03-09-at-14.56.38-450x569.jpeg 450w, https:\/\/chelso.com.br\/site\/wp-content\/uploads\/2026\/03\/WhatsApp-Image-2026-03-09-at-14.56.38-768x971.jpeg 768w, https:\/\/chelso.com.br\/site\/wp-content\/uploads\/2026\/03\/WhatsApp-Image-2026-03-09-at-14.56.38.jpeg 1085w\" sizes=\"(max-width: 444px) 100vw, 444px\" \/><\/p>\n<p><strong>Ana Paula Maaz Nardini e sua filha Fernanda (Cordeir\u00f3polis)<\/strong><\/p>\n<p>\u201cCorrer \u00e9 uma alegria e uma satisfa\u00e7\u00e3o. Espero que a Fernanda possa seguir o meu exemplo para ter uma vida saud\u00e1vel. A corrida de rua \u00e9 mais uma das maneiras escolhidas pelas mulheres para valorizar a vida.\u201d<\/p>\n<p><img loading=\"lazy\" decoding=\"async\" class=\"wp-image-29769 aligncenter\" src=\"https:\/\/chelso.com.br\/site\/wp-content\/uploads\/2026\/03\/Ana-e-Ferannda-189x300.jpeg\" alt=\"\" width=\"433\" height=\"687\" srcset=\"https:\/\/chelso.com.br\/site\/wp-content\/uploads\/2026\/03\/Ana-e-Ferannda-189x300.jpeg 189w, https:\/\/chelso.com.br\/site\/wp-content\/uploads\/2026\/03\/Ana-e-Ferannda-644x1024.jpeg 644w, https:\/\/chelso.com.br\/site\/wp-content\/uploads\/2026\/03\/Ana-e-Ferannda-967x1536.jpeg 967w, https:\/\/chelso.com.br\/site\/wp-content\/uploads\/2026\/03\/Ana-e-Ferannda-150x238.jpeg 150w, https:\/\/chelso.com.br\/site\/wp-content\/uploads\/2026\/03\/Ana-e-Ferannda-450x715.jpeg 450w, https:\/\/chelso.com.br\/site\/wp-content\/uploads\/2026\/03\/Ana-e-Ferannda-768x1220.jpeg 768w, https:\/\/chelso.com.br\/site\/wp-content\/uploads\/2026\/03\/Ana-e-Ferannda.jpeg 1007w\" sizes=\"(max-width: 433px) 100vw, 433px\" \/><\/p>\n<p><strong>Franciele Monalisa dos Santos Firme (1\u00aa colocada 15 km elite)<\/strong><\/p>\n<p>\u201cVencer \u00e9 sempre uma recompensa pelas muitas horas de dedica\u00e7\u00e3o e de treino. \u00c9 uma satisfa\u00e7\u00e3o correr a Run For Girls e vencer uma prova forte com advers\u00e1rias extremamente competitivas.\u201d<\/p>\n<p><img loading=\"lazy\" decoding=\"async\" class=\"wp-image-29770 aligncenter\" src=\"https:\/\/chelso.com.br\/site\/wp-content\/uploads\/2026\/03\/Francienle-229x300.jpeg\" alt=\"\" width=\"420\" height=\"551\" srcset=\"https:\/\/chelso.com.br\/site\/wp-content\/uploads\/2026\/03\/Francienle-229x300.jpeg 229w, https:\/\/chelso.com.br\/site\/wp-content\/uploads\/2026\/03\/Francienle-782x1024.jpeg 782w, https:\/\/chelso.com.br\/site\/wp-content\/uploads\/2026\/03\/Francienle-150x196.jpeg 150w, https:\/\/chelso.com.br\/site\/wp-content\/uploads\/2026\/03\/Francienle-450x589.jpeg 450w, https:\/\/chelso.com.br\/site\/wp-content\/uploads\/2026\/03\/Francienle-768x1005.jpeg 768w, https:\/\/chelso.com.br\/site\/wp-content\/uploads\/2026\/03\/Francienle.jpeg 894w\" sizes=\"(max-width: 420px) 100vw, 420px\" \/><\/p>\n<p><strong>Jaciane Barroso Ara\u00fajo (3\u00aa colocada 15 km elite)<\/strong><\/p>\n<p>\u201cA vit\u00f3ria de hoje \u00e9 muito significativa porque tive que me reconstruir totalmente nas \u00faltimas horas para conseguir chegar at\u00e9 aqui. Esse resultado \u00e9 dedicado \u00e0 minha m\u00e3e que est\u00e1 doente. Dedico tudo isso a ela que \u00e9 maravilhosa, guerreira e teve for\u00e7ar para criar 11 filhos.\u201d<\/p>\n<p><img loading=\"lazy\" decoding=\"async\" class=\"wp-image-29771 aligncenter\" src=\"https:\/\/chelso.com.br\/site\/wp-content\/uploads\/2026\/03\/Jaciane-297x300.jpeg\" alt=\"\" width=\"417\" height=\"422\" srcset=\"https:\/\/chelso.com.br\/site\/wp-content\/uploads\/2026\/03\/Jaciane-297x300.jpeg 297w, https:\/\/chelso.com.br\/site\/wp-content\/uploads\/2026\/03\/Jaciane-1015x1024.jpeg 1015w, https:\/\/chelso.com.br\/site\/wp-content\/uploads\/2026\/03\/Jaciane-150x151.jpeg 150w, https:\/\/chelso.com.br\/site\/wp-content\/uploads\/2026\/03\/Jaciane-450x454.jpeg 450w, https:\/\/chelso.com.br\/site\/wp-content\/uploads\/2026\/03\/Jaciane-768x775.jpeg 768w, https:\/\/chelso.com.br\/site\/wp-content\/uploads\/2026\/03\/Jaciane.jpeg 1184w\" sizes=\"(max-width: 417px) 100vw, 417px\" \/><\/p>\n<p><strong>Lidiane Batista dos Santos (4\u00aa colocada 15 km elite)<\/strong><\/p>\n<p>\u201c\u00c9 sempre uma alegria correr, ser feliz e manteve a sa\u00fade em ordem.\u201d<\/p>\n<p><img loading=\"lazy\" decoding=\"async\" class=\"wp-image-29772 aligncenter\" src=\"https:\/\/chelso.com.br\/site\/wp-content\/uploads\/2026\/03\/Lidiane-292x300.jpeg\" alt=\"\" width=\"427\" height=\"439\" srcset=\"https:\/\/chelso.com.br\/site\/wp-content\/uploads\/2026\/03\/Lidiane-292x300.jpeg 292w, https:\/\/chelso.com.br\/site\/wp-content\/uploads\/2026\/03\/Lidiane-997x1024.jpeg 997w, https:\/\/chelso.com.br\/site\/wp-content\/uploads\/2026\/03\/Lidiane-150x154.jpeg 150w, https:\/\/chelso.com.br\/site\/wp-content\/uploads\/2026\/03\/Lidiane-450x462.jpeg 450w, https:\/\/chelso.com.br\/site\/wp-content\/uploads\/2026\/03\/Lidiane-768x789.jpeg 768w, https:\/\/chelso.com.br\/site\/wp-content\/uploads\/2026\/03\/Lidiane.jpeg 1200w\" sizes=\"(max-width: 427px) 100vw, 427px\" \/><\/p>\n<p><strong>Ana L\u00facia Souto Mofatto (1\u00aa colocada 10 km feminino)<\/strong><\/p>\n<p>\u201c\u00c9 sempre emocionante conquistar a vit\u00f3ria. Um presente maravilhoso por todo o nosso esfor\u00e7o\u201d<\/p>\n<p><img loading=\"lazy\" decoding=\"async\" class=\"wp-image-29773 aligncenter\" src=\"https:\/\/chelso.com.br\/site\/wp-content\/uploads\/2026\/03\/Ana-Lucia-10-km-1-233x300.jpeg\" alt=\"\" width=\"395\" height=\"508\" srcset=\"https:\/\/chelso.com.br\/site\/wp-content\/uploads\/2026\/03\/Ana-Lucia-10-km-1-233x300.jpeg 233w, https:\/\/chelso.com.br\/site\/wp-content\/uploads\/2026\/03\/Ana-Lucia-10-km-1-794x1024.jpeg 794w, https:\/\/chelso.com.br\/site\/wp-content\/uploads\/2026\/03\/Ana-Lucia-10-km-1-150x193.jpeg 150w, https:\/\/chelso.com.br\/site\/wp-content\/uploads\/2026\/03\/Ana-Lucia-10-km-1-450x580.jpeg 450w, https:\/\/chelso.com.br\/site\/wp-content\/uploads\/2026\/03\/Ana-Lucia-10-km-1-768x990.jpeg 768w, https:\/\/chelso.com.br\/site\/wp-content\/uploads\/2026\/03\/Ana-Lucia-10-km-1.jpeg 868w\" sizes=\"(max-width: 395px) 100vw, 395px\" \/><\/p>\n<p><strong>Isadora Domingues (propriet\u00e1ria Baixa Pace e 1\u00aa colocada 5 km feminino)<\/strong><\/p>\n<p>\u201cA Run For Girls \u00e9 a oportunidade de mostrar para as mulheres que elas t\u00eam o poder de silenciar a voz do mundo. Para n\u00f3s, da Baixa Pace, ser patrocinadora da prova \u00e9 a concretiza\u00e7\u00e3o de um planejamento que tem o objetivo de fomentar o esporte.\u201d<\/p>\n<p><img loading=\"lazy\" decoding=\"async\" class=\"wp-image-29774 aligncenter\" src=\"https:\/\/chelso.com.br\/site\/wp-content\/uploads\/2026\/03\/Baixa-Pace-236x300.jpeg\" alt=\"\" width=\"378\" height=\"481\" srcset=\"https:\/\/chelso.com.br\/site\/wp-content\/uploads\/2026\/03\/Baixa-Pace-236x300.jpeg 236w, https:\/\/chelso.com.br\/site\/wp-content\/uploads\/2026\/03\/Baixa-Pace-804x1024.jpeg 804w, https:\/\/chelso.com.br\/site\/wp-content\/uploads\/2026\/03\/Baixa-Pace-150x191.jpeg 150w, https:\/\/chelso.com.br\/site\/wp-content\/uploads\/2026\/03\/Baixa-Pace-450x573.jpeg 450w, https:\/\/chelso.com.br\/site\/wp-content\/uploads\/2026\/03\/Baixa-Pace-768x978.jpeg 768w, https:\/\/chelso.com.br\/site\/wp-content\/uploads\/2026\/03\/Baixa-Pace.jpeg 831w\" sizes=\"(max-width: 378px) 100vw, 378px\" \/><\/p>\n<p><strong>Silvana Aliberti (Honda Aversa Piracicaba)<\/strong><\/p>\n<p>\u201cEssa \u00e9 a nossa primeira participa\u00e7\u00e3o como apoio da Run For Girls. A experi\u00eancia foi incr\u00edvel, muito emocionante. A prova permite a total intera\u00e7\u00e3o com o nosso p\u00fablico.\u201d<\/p>\n<p><img loading=\"lazy\" decoding=\"async\" class=\"wp-image-29775 aligncenter\" src=\"https:\/\/chelso.com.br\/site\/wp-content\/uploads\/2026\/03\/WhatsApp-Image-2026-03-09-at-15.25.51-300x205.jpeg\" alt=\"\" width=\"540\" height=\"369\" srcset=\"https:\/\/chelso.com.br\/site\/wp-content\/uploads\/2026\/03\/WhatsApp-Image-2026-03-09-at-15.25.51-300x205.jpeg 300w, https:\/\/chelso.com.br\/site\/wp-content\/uploads\/2026\/03\/WhatsApp-Image-2026-03-09-at-15.25.51-1024x701.jpeg 1024w, https:\/\/chelso.com.br\/site\/wp-content\/uploads\/2026\/03\/WhatsApp-Image-2026-03-09-at-15.25.51-150x103.jpeg 150w, https:\/\/chelso.com.br\/site\/wp-content\/uploads\/2026\/03\/WhatsApp-Image-2026-03-09-at-15.25.51-450x308.jpeg 450w, https:\/\/chelso.com.br\/site\/wp-content\/uploads\/2026\/03\/WhatsApp-Image-2026-03-09-at-15.25.51-1200x822.jpeg 1200w, https:\/\/chelso.com.br\/site\/wp-content\/uploads\/2026\/03\/WhatsApp-Image-2026-03-09-at-15.25.51-768x526.jpeg 768w, https:\/\/chelso.com.br\/site\/wp-content\/uploads\/2026\/03\/WhatsApp-Image-2026-03-09-at-15.25.51.jpeg 1523w\" sizes=\"(max-width: 540px) 100vw, 540px\" \/><\/p>\n<p><strong>Agradecimentos especiais a todas as empresas que estiveram ao lado da Chelso Sports na miss\u00e3o de garantir o sucesso dessa edi\u00e7\u00e3o da Run For Girls:<\/strong><\/p>\n<p><strong>Organiza\u00e7\u00e3o:<\/strong><\/p>\n<p>Chelso Sports &amp; Business<\/p>\n<p><strong>Patroc\u00ednio:<\/strong><\/p>\n<p>Baixa Pace<\/p>\n<p>My Safe<\/p>\n<p>Runfor<\/p>\n<p>Laser Dream<\/p>\n<p>ADA Nutrac\u00eauticos<\/p>\n<p>Care Club<\/p>\n<p><strong>Apoio:<\/strong><\/p>\n<p>Prefeitura Municipal de Piracicaba<\/p>\n<p>Desktop<\/p>\n<p>Unimed Piracicaba<\/p>\n<p>Snugg<\/p>\n<p>Bolo da Madre<\/p>\n<p>Me.Linda<\/p>\n<p>Creamy Skin Care<\/p>\n<p>Cadiveu Professional<\/p>\n<p>Honda Aversa<\/p>\n<p>CONGEPEN<\/p>\n<p><strong>Supervis\u00e3o T\u00e9cnica:<\/strong><\/p>\n<p>FPA (Federa\u00e7\u00e3o Paulista de Atletismo)<\/p>\n<p><strong>Cobertura Oficial:<\/strong><\/p>\n<p>Fotop<\/p>\n<p><strong>M\u00eddia Partner:<\/strong><\/p>\n<p>Correria Campinas<\/p>\n<p><strong>\u00a0<\/strong><\/p>\n<p>&nbsp;<\/p>\n<p><strong>Cr\u00e9dito foto:<\/strong> Fotop<\/p>\n<p><strong>Reda\u00e7\u00e3o Assessoria de Imprensa Chelso Sports<\/strong><\/p>\n<p>Jornalista Edilson Rodrigues de Morais, Mtb 26.319<\/p>\n<p>(19) 99706.1570 \u2013\u00a0<a href=\"http:\/\/www.chelso.com.br\/\">www.chelso.com.br<\/a><\/p>\n","protected":false},"excerpt":{"rendered":"<p>O domingo, dia 8 de mar\u00e7o, foi um dia especial para 2.209 mulheres que participaram de mais uma edi\u00e7\u00e3o da Run For Girls, a prova criada pela Chelso Sports para celebrar a for\u00e7a, a determina\u00e7\u00e3o e a capacidade inigual\u00e1vel da mulher em ser forte, destemida e impar\u00e1vel. Neste Dia Internacional da Mulher 2026, a Run<\/p>\n","protected":false},"author":43,"featured_media":29776,"comment_status":"open","ping_status":"closed","sticky":false,"template":"","format":"standard","meta":{"om_disable_all_campaigns":false,"_monsterinsights_skip_tracking":false,"_monsterinsights_sitenote_active":false,"_monsterinsights_sitenote_note":"","_monsterinsights_sitenote_category":0,"footnotes":""},"categories":[30],"tags":[4515,6786],"class_list":{"0":"post-29753","1":"post","2":"type-post","3":"status-publish","4":"format-standard","5":"has-post-thumbnail","7":"category-noticias","8":"tag-corridafeminina-chelsosports-runforgirls-feminina-corrida-mulheres-running-run","9":"tag-baixapace"},"aioseo_notices":[],"yoast_head":"<!-- This site is optimized with the Yoast SEO plugin v27.4 - https:\/\/yoast.com\/product\/yoast-seo-wordpress\/ -->\n<title>Run For Girls: mat\u00e9ria especial com entrevistas, fotos e novo recorde em uma prova hist\u00f3rica! - Portal Chelso Sports<\/title>\n<meta name=\"robots\" content=\"index, follow, max-snippet:-1, max-image-preview:large, max-video-preview:-1\" \/>\n<link rel=\"canonical\" href=\"https:\/\/chelso.com.br\/site\/run-for-girls-materia-especial-com-entrevistas-fotos-e-novo-recorde-numa-prova-historica\/\" \/>\n<meta property=\"og:locale\" content=\"pt_BR\" \/>\n<meta property=\"og:type\" content=\"article\" \/>\n<meta property=\"og:title\" content=\"Run For Girls: mat\u00e9ria especial com entrevistas, fotos e novo recorde em uma prova hist\u00f3rica! - Portal Chelso Sports\" \/>\n<meta property=\"og:description\" content=\"O domingo, dia 8 de mar\u00e7o, foi um dia especial para 2.209 mulheres que participaram de mais uma edi\u00e7\u00e3o da Run For Girls, a prova criada pela Chelso Sports para celebrar a for\u00e7a, a determina\u00e7\u00e3o e a capacidade inigual\u00e1vel da mulher em ser forte, destemida e impar\u00e1vel. Neste Dia Internacional da Mulher 2026, a Run\" \/>\n<meta property=\"og:url\" content=\"https:\/\/chelso.com.br\/site\/run-for-girls-materia-especial-com-entrevistas-fotos-e-novo-recorde-numa-prova-historica\/\" \/>\n<meta property=\"og:site_name\" content=\"Portal Chelso Sports\" \/>\n<meta property=\"article:published_time\" content=\"2026-03-10T14:17:31+00:00\" \/>\n<meta property=\"article:modified_time\" content=\"2026-03-10T18:58:20+00:00\" \/>\n<meta property=\"og:image\" content=\"https:\/\/chelso.com.br\/site\/wp-content\/uploads\/2026\/03\/WhatsApp-Image-2026-03-09-at-12.36.16.jpeg\" \/>\n\t<meta property=\"og:image:width\" content=\"1600\" \/>\n\t<meta property=\"og:image:height\" content=\"1066\" \/>\n\t<meta property=\"og:image:type\" content=\"image\/jpeg\" \/>\n<meta name=\"author\" content=\"Edilson Rodrigues\" \/>\n<meta name=\"twitter:card\" content=\"summary_large_image\" \/>\n<meta name=\"twitter:label1\" content=\"Escrito por\" \/>\n\t<meta name=\"twitter:data1\" content=\"Edilson Rodrigues\" \/>\n\t<meta name=\"twitter:label2\" content=\"Est. tempo de leitura\" \/>\n\t<meta name=\"twitter:data2\" content=\"11 minutos\" \/>\n<script type=\"application\/ld+json\" class=\"yoast-schema-graph\">{\"@context\":\"https:\\\/\\\/schema.org\",\"@graph\":[{\"@type\":\"Article\",\"@id\":\"https:\\\/\\\/chelso.com.br\\\/site\\\/run-for-girls-materia-especial-com-entrevistas-fotos-e-novo-recorde-numa-prova-historica\\\/#article\",\"isPartOf\":{\"@id\":\"https:\\\/\\\/chelso.com.br\\\/site\\\/run-for-girls-materia-especial-com-entrevistas-fotos-e-novo-recorde-numa-prova-historica\\\/\"},\"author\":{\"name\":\"Edilson Rodrigues\",\"@id\":\"https:\\\/\\\/chelso.com.br\\\/site\\\/#\\\/schema\\\/person\\\/a1e459f9cc882778a4f1367cb2ba51e3\"},\"headline\":\"Run For Girls: mat\u00e9ria especial com entrevistas, fotos e novo recorde em uma prova hist\u00f3rica!\",\"datePublished\":\"2026-03-10T14:17:31+00:00\",\"dateModified\":\"2026-03-10T18:58:20+00:00\",\"mainEntityOfPage\":{\"@id\":\"https:\\\/\\\/chelso.com.br\\\/site\\\/run-for-girls-materia-especial-com-entrevistas-fotos-e-novo-recorde-numa-prova-historica\\\/\"},\"wordCount\":1044,\"commentCount\":0,\"image\":{\"@id\":\"https:\\\/\\\/chelso.com.br\\\/site\\\/run-for-girls-materia-especial-com-entrevistas-fotos-e-novo-recorde-numa-prova-historica\\\/#primaryimage\"},\"thumbnailUrl\":\"https:\\\/\\\/chelso.com.br\\\/site\\\/wp-content\\\/uploads\\\/2026\\\/03\\\/WhatsApp-Image-2026-03-09-at-12.36.16.jpeg\",\"keywords\":[\"#corridafeminina #chelsosports #runforgirls #feminina #corrida #mulheres #running #run\",\"baixapace\"],\"articleSection\":[\"Not\u00edcias\"],\"inLanguage\":\"pt-BR\",\"potentialAction\":[{\"@type\":\"CommentAction\",\"name\":\"Comment\",\"target\":[\"https:\\\/\\\/chelso.com.br\\\/site\\\/run-for-girls-materia-especial-com-entrevistas-fotos-e-novo-recorde-numa-prova-historica\\\/#respond\"]}]},{\"@type\":\"WebPage\",\"@id\":\"https:\\\/\\\/chelso.com.br\\\/site\\\/run-for-girls-materia-especial-com-entrevistas-fotos-e-novo-recorde-numa-prova-historica\\\/\",\"url\":\"https:\\\/\\\/chelso.com.br\\\/site\\\/run-for-girls-materia-especial-com-entrevistas-fotos-e-novo-recorde-numa-prova-historica\\\/\",\"name\":\"Run For Girls: mat\u00e9ria especial com entrevistas, fotos e novo recorde em uma prova hist\u00f3rica! - Portal Chelso Sports\",\"isPartOf\":{\"@id\":\"https:\\\/\\\/chelso.com.br\\\/site\\\/#website\"},\"primaryImageOfPage\":{\"@id\":\"https:\\\/\\\/chelso.com.br\\\/site\\\/run-for-girls-materia-especial-com-entrevistas-fotos-e-novo-recorde-numa-prova-historica\\\/#primaryimage\"},\"image\":{\"@id\":\"https:\\\/\\\/chelso.com.br\\\/site\\\/run-for-girls-materia-especial-com-entrevistas-fotos-e-novo-recorde-numa-prova-historica\\\/#primaryimage\"},\"thumbnailUrl\":\"https:\\\/\\\/chelso.com.br\\\/site\\\/wp-content\\\/uploads\\\/2026\\\/03\\\/WhatsApp-Image-2026-03-09-at-12.36.16.jpeg\",\"datePublished\":\"2026-03-10T14:17:31+00:00\",\"dateModified\":\"2026-03-10T18:58:20+00:00\",\"author\":{\"@id\":\"https:\\\/\\\/chelso.com.br\\\/site\\\/#\\\/schema\\\/person\\\/a1e459f9cc882778a4f1367cb2ba51e3\"},\"breadcrumb\":{\"@id\":\"https:\\\/\\\/chelso.com.br\\\/site\\\/run-for-girls-materia-especial-com-entrevistas-fotos-e-novo-recorde-numa-prova-historica\\\/#breadcrumb\"},\"inLanguage\":\"pt-BR\",\"potentialAction\":[{\"@type\":\"ReadAction\",\"target\":[\"https:\\\/\\\/chelso.com.br\\\/site\\\/run-for-girls-materia-especial-com-entrevistas-fotos-e-novo-recorde-numa-prova-historica\\\/\"]}]},{\"@type\":\"ImageObject\",\"inLanguage\":\"pt-BR\",\"@id\":\"https:\\\/\\\/chelso.com.br\\\/site\\\/run-for-girls-materia-especial-com-entrevistas-fotos-e-novo-recorde-numa-prova-historica\\\/#primaryimage\",\"url\":\"https:\\\/\\\/chelso.com.br\\\/site\\\/wp-content\\\/uploads\\\/2026\\\/03\\\/WhatsApp-Image-2026-03-09-at-12.36.16.jpeg\",\"contentUrl\":\"https:\\\/\\\/chelso.com.br\\\/site\\\/wp-content\\\/uploads\\\/2026\\\/03\\\/WhatsApp-Image-2026-03-09-at-12.36.16.jpeg\",\"width\":1600,\"height\":1066},{\"@type\":\"BreadcrumbList\",\"@id\":\"https:\\\/\\\/chelso.com.br\\\/site\\\/run-for-girls-materia-especial-com-entrevistas-fotos-e-novo-recorde-numa-prova-historica\\\/#breadcrumb\",\"itemListElement\":[{\"@type\":\"ListItem\",\"position\":1,\"name\":\"In\u00edcio\",\"item\":\"https:\\\/\\\/chelso.com.br\\\/site\\\/\"},{\"@type\":\"ListItem\",\"position\":2,\"name\":\"Run For Girls: mat\u00e9ria especial com entrevistas, fotos e novo recorde em uma prova hist\u00f3rica!\"}]},{\"@type\":\"WebSite\",\"@id\":\"https:\\\/\\\/chelso.com.br\\\/site\\\/#website\",\"url\":\"https:\\\/\\\/chelso.com.br\\\/site\\\/\",\"name\":\"Portal Chelso Sports\",\"description\":\"Conte\u00fado especializado em corrida de rua e triathlon\",\"potentialAction\":[{\"@type\":\"SearchAction\",\"target\":{\"@type\":\"EntryPoint\",\"urlTemplate\":\"https:\\\/\\\/chelso.com.br\\\/site\\\/?s={search_term_string}\"},\"query-input\":{\"@type\":\"PropertyValueSpecification\",\"valueRequired\":true,\"valueName\":\"search_term_string\"}}],\"inLanguage\":\"pt-BR\"},{\"@type\":\"Person\",\"@id\":\"https:\\\/\\\/chelso.com.br\\\/site\\\/#\\\/schema\\\/person\\\/a1e459f9cc882778a4f1367cb2ba51e3\",\"name\":\"Edilson Rodrigues\",\"image\":{\"@type\":\"ImageObject\",\"inLanguage\":\"pt-BR\",\"@id\":\"https:\\\/\\\/chelso.com.br\\\/site\\\/wp-content\\\/uploads\\\/2024\\\/09\\\/Captura-de-tela-2024-09-27-170323-150x150.png\",\"url\":\"https:\\\/\\\/chelso.com.br\\\/site\\\/wp-content\\\/uploads\\\/2024\\\/09\\\/Captura-de-tela-2024-09-27-170323-150x150.png\",\"contentUrl\":\"https:\\\/\\\/chelso.com.br\\\/site\\\/wp-content\\\/uploads\\\/2024\\\/09\\\/Captura-de-tela-2024-09-27-170323-150x150.png\",\"caption\":\"Edilson Rodrigues\"},\"url\":\"https:\\\/\\\/chelso.com.br\\\/site\\\/author\\\/edilson\\\/\"}]}<\/script>\n<!-- \/ Yoast SEO plugin. -->","yoast_head_json":{"title":"Run For Girls: mat\u00e9ria especial com entrevistas, fotos e novo recorde em uma prova hist\u00f3rica! - Portal Chelso Sports","robots":{"index":"index","follow":"follow","max-snippet":"max-snippet:-1","max-image-preview":"max-image-preview:large","max-video-preview":"max-video-preview:-1"},"canonical":"https:\/\/chelso.com.br\/site\/run-for-girls-materia-especial-com-entrevistas-fotos-e-novo-recorde-numa-prova-historica\/","og_locale":"pt_BR","og_type":"article","og_title":"Run For Girls: mat\u00e9ria especial com entrevistas, fotos e novo recorde em uma prova hist\u00f3rica! - Portal Chelso Sports","og_description":"O domingo, dia 8 de mar\u00e7o, foi um dia especial para 2.209 mulheres que participaram de mais uma edi\u00e7\u00e3o da Run For Girls, a prova criada pela Chelso Sports para celebrar a for\u00e7a, a determina\u00e7\u00e3o e a capacidade inigual\u00e1vel da mulher em ser forte, destemida e impar\u00e1vel. Neste Dia Internacional da Mulher 2026, a Run","og_url":"https:\/\/chelso.com.br\/site\/run-for-girls-materia-especial-com-entrevistas-fotos-e-novo-recorde-numa-prova-historica\/","og_site_name":"Portal Chelso Sports","article_published_time":"2026-03-10T14:17:31+00:00","article_modified_time":"2026-03-10T18:58:20+00:00","og_image":[{"width":1600,"height":1066,"url":"https:\/\/chelso.com.br\/site\/wp-content\/uploads\/2026\/03\/WhatsApp-Image-2026-03-09-at-12.36.16.jpeg","type":"image\/jpeg"}],"author":"Edilson Rodrigues","twitter_card":"summary_large_image","twitter_misc":{"Escrito por":"Edilson Rodrigues","Est. tempo de leitura":"11 minutos"},"schema":{"@context":"https:\/\/schema.org","@graph":[{"@type":"Article","@id":"https:\/\/chelso.com.br\/site\/run-for-girls-materia-especial-com-entrevistas-fotos-e-novo-recorde-numa-prova-historica\/#article","isPartOf":{"@id":"https:\/\/chelso.com.br\/site\/run-for-girls-materia-especial-com-entrevistas-fotos-e-novo-recorde-numa-prova-historica\/"},"author":{"name":"Edilson Rodrigues","@id":"https:\/\/chelso.com.br\/site\/#\/schema\/person\/a1e459f9cc882778a4f1367cb2ba51e3"},"headline":"Run For Girls: mat\u00e9ria especial com entrevistas, fotos e novo recorde em uma prova hist\u00f3rica!","datePublished":"2026-03-10T14:17:31+00:00","dateModified":"2026-03-10T18:58:20+00:00","mainEntityOfPage":{"@id":"https:\/\/chelso.com.br\/site\/run-for-girls-materia-especial-com-entrevistas-fotos-e-novo-recorde-numa-prova-historica\/"},"wordCount":1044,"commentCount":0,"image":{"@id":"https:\/\/chelso.com.br\/site\/run-for-girls-materia-especial-com-entrevistas-fotos-e-novo-recorde-numa-prova-historica\/#primaryimage"},"thumbnailUrl":"https:\/\/chelso.com.br\/site\/wp-content\/uploads\/2026\/03\/WhatsApp-Image-2026-03-09-at-12.36.16.jpeg","keywords":["#corridafeminina #chelsosports #runforgirls #feminina #corrida #mulheres #running #run","baixapace"],"articleSection":["Not\u00edcias"],"inLanguage":"pt-BR","potentialAction":[{"@type":"CommentAction","name":"Comment","target":["https:\/\/chelso.com.br\/site\/run-for-girls-materia-especial-com-entrevistas-fotos-e-novo-recorde-numa-prova-historica\/#respond"]}]},{"@type":"WebPage","@id":"https:\/\/chelso.com.br\/site\/run-for-girls-materia-especial-com-entrevistas-fotos-e-novo-recorde-numa-prova-historica\/","url":"https:\/\/chelso.com.br\/site\/run-for-girls-materia-especial-com-entrevistas-fotos-e-novo-recorde-numa-prova-historica\/","name":"Run For Girls: mat\u00e9ria especial com entrevistas, fotos e novo recorde em uma prova hist\u00f3rica! - Portal Chelso Sports","isPartOf":{"@id":"https:\/\/chelso.com.br\/site\/#website"},"primaryImageOfPage":{"@id":"https:\/\/chelso.com.br\/site\/run-for-girls-materia-especial-com-entrevistas-fotos-e-novo-recorde-numa-prova-historica\/#primaryimage"},"image":{"@id":"https:\/\/chelso.com.br\/site\/run-for-girls-materia-especial-com-entrevistas-fotos-e-novo-recorde-numa-prova-historica\/#primaryimage"},"thumbnailUrl":"https:\/\/chelso.com.br\/site\/wp-content\/uploads\/2026\/03\/WhatsApp-Image-2026-03-09-at-12.36.16.jpeg","datePublished":"2026-03-10T14:17:31+00:00","dateModified":"2026-03-10T18:58:20+00:00","author":{"@id":"https:\/\/chelso.com.br\/site\/#\/schema\/person\/a1e459f9cc882778a4f1367cb2ba51e3"},"breadcrumb":{"@id":"https:\/\/chelso.com.br\/site\/run-for-girls-materia-especial-com-entrevistas-fotos-e-novo-recorde-numa-prova-historica\/#breadcrumb"},"inLanguage":"pt-BR","potentialAction":[{"@type":"ReadAction","target":["https:\/\/chelso.com.br\/site\/run-for-girls-materia-especial-com-entrevistas-fotos-e-novo-recorde-numa-prova-historica\/"]}]},{"@type":"ImageObject","inLanguage":"pt-BR","@id":"https:\/\/chelso.com.br\/site\/run-for-girls-materia-especial-com-entrevistas-fotos-e-novo-recorde-numa-prova-historica\/#primaryimage","url":"https:\/\/chelso.com.br\/site\/wp-content\/uploads\/2026\/03\/WhatsApp-Image-2026-03-09-at-12.36.16.jpeg","contentUrl":"https:\/\/chelso.com.br\/site\/wp-content\/uploads\/2026\/03\/WhatsApp-Image-2026-03-09-at-12.36.16.jpeg","width":1600,"height":1066},{"@type":"BreadcrumbList","@id":"https:\/\/chelso.com.br\/site\/run-for-girls-materia-especial-com-entrevistas-fotos-e-novo-recorde-numa-prova-historica\/#breadcrumb","itemListElement":[{"@type":"ListItem","position":1,"name":"In\u00edcio","item":"https:\/\/chelso.com.br\/site\/"},{"@type":"ListItem","position":2,"name":"Run For Girls: mat\u00e9ria especial com entrevistas, fotos e novo recorde em uma prova hist\u00f3rica!"}]},{"@type":"WebSite","@id":"https:\/\/chelso.com.br\/site\/#website","url":"https:\/\/chelso.com.br\/site\/","name":"Portal Chelso Sports","description":"Conte\u00fado especializado em corrida de rua e triathlon","potentialAction":[{"@type":"SearchAction","target":{"@type":"EntryPoint","urlTemplate":"https:\/\/chelso.com.br\/site\/?s={search_term_string}"},"query-input":{"@type":"PropertyValueSpecification","valueRequired":true,"valueName":"search_term_string"}}],"inLanguage":"pt-BR"},{"@type":"Person","@id":"https:\/\/chelso.com.br\/site\/#\/schema\/person\/a1e459f9cc882778a4f1367cb2ba51e3","name":"Edilson Rodrigues","image":{"@type":"ImageObject","inLanguage":"pt-BR","@id":"https:\/\/chelso.com.br\/site\/wp-content\/uploads\/2024\/09\/Captura-de-tela-2024-09-27-170323-150x150.png","url":"https:\/\/chelso.com.br\/site\/wp-content\/uploads\/2024\/09\/Captura-de-tela-2024-09-27-170323-150x150.png","contentUrl":"https:\/\/chelso.com.br\/site\/wp-content\/uploads\/2024\/09\/Captura-de-tela-2024-09-27-170323-150x150.png","caption":"Edilson Rodrigues"},"url":"https:\/\/chelso.com.br\/site\/author\/edilson\/"}]}},"amp_enabled":true,"_links":{"self":[{"href":"https:\/\/chelso.com.br\/site\/wp-json\/wp\/v2\/posts\/29753","targetHints":{"allow":["GET"]}}],"collection":[{"href":"https:\/\/chelso.com.br\/site\/wp-json\/wp\/v2\/posts"}],"about":[{"href":"https:\/\/chelso.com.br\/site\/wp-json\/wp\/v2\/types\/post"}],"author":[{"embeddable":true,"href":"https:\/\/chelso.com.br\/site\/wp-json\/wp\/v2\/users\/43"}],"replies":[{"embeddable":true,"href":"https:\/\/chelso.com.br\/site\/wp-json\/wp\/v2\/comments?post=29753"}],"version-history":[{"count":7,"href":"https:\/\/chelso.com.br\/site\/wp-json\/wp\/v2\/posts\/29753\/revisions"}],"predecessor-version":[{"id":29787,"href":"https:\/\/chelso.com.br\/site\/wp-json\/wp\/v2\/posts\/29753\/revisions\/29787"}],"wp:featuredmedia":[{"embeddable":true,"href":"https:\/\/chelso.com.br\/site\/wp-json\/wp\/v2\/media\/29776"}],"wp:attachment":[{"href":"https:\/\/chelso.com.br\/site\/wp-json\/wp\/v2\/media?parent=29753"}],"wp:term":[{"taxonomy":"category","embeddable":true,"href":"https:\/\/chelso.com.br\/site\/wp-json\/wp\/v2\/categories?post=29753"},{"taxonomy":"post_tag","embeddable":true,"href":"https:\/\/chelso.com.br\/site\/wp-json\/wp\/v2\/tags?post=29753"}],"curies":[{"name":"wp","href":"https:\/\/api.w.org\/{rel}","templated":true}]}}