{"id":30286,"date":"2026-04-09T16:45:19","date_gmt":"2026-04-09T19:45:19","guid":{"rendered":"https:\/\/chelso.com.br\/site\/?p=30286"},"modified":"2026-04-09T16:56:45","modified_gmt":"2026-04-09T19:56:45","slug":"edna-almeida-esta-no-falatimecast-desta-quinta-dia-9-4","status":"publish","type":"post","link":"https:\/\/chelso.com.br\/site\/edna-almeida-esta-no-falatimecast-desta-quinta-dia-9-4\/","title":{"rendered":"Edna Almeida est\u00e1 no FalaTimeCast desta quinta, dia 9\/4"},"content":{"rendered":"<p>A atleta Edna Almeida conversa com Guilherme Celso no epis\u00f3dio 86 do FalaTimeCast.<\/p>\n<p>No cap\u00edtulo desta quinta-feira, dia 9 de abril, Edna Almeida fala das dificuldades e das d\u00favidas vividas no ano de 2009, quando colocou a corrida de rua em sua rotina de vida.<\/p>\n<p>Ap\u00f3s um per\u00edodo de d\u00favidas, o treinamento virou sin\u00f4nimo de disciplina, de const\u00e2ncia e de evolu\u00e7\u00e3o, o que prova que resultado n\u00e3o vem r\u00e1pido, mas sim, diante de um processo cont\u00ednuo de treinamento e de dedica\u00e7\u00e3o.<\/p>\n<p>De acordo com a personal trainer Edna Almeida \u201cCorrer n\u00e3o \u00e9 s\u00f3 acelerar, \u00e9 respeitar o corpo, fortalecer a mente e ter prop\u00f3sito. Porque no fim, n\u00e3o \u00e9 s\u00f3 f\u00edsico\u2026 \u00e9 mental. Voc\u00ea n\u00e3o nasce atleta, voc\u00ea se constr\u00f3i.\u201d<\/p>\n<p>FalaTimeCast vai ao ar todas as quintas-feiras, \u00e0s 20h, no YouTube!<\/p>\n<p><img fetchpriority=\"high\" decoding=\"async\" class=\"wp-image-30292 aligncenter\" src=\"https:\/\/chelso.com.br\/site\/wp-content\/uploads\/2026\/04\/WhatsApp-Image-2026-04-09-at-16.54.22-300x300.jpeg\" alt=\"\" width=\"448\" height=\"448\" srcset=\"https:\/\/chelso.com.br\/site\/wp-content\/uploads\/2026\/04\/WhatsApp-Image-2026-04-09-at-16.54.22-300x300.jpeg 300w, https:\/\/chelso.com.br\/site\/wp-content\/uploads\/2026\/04\/WhatsApp-Image-2026-04-09-at-16.54.22-1024x1024.jpeg 1024w, https:\/\/chelso.com.br\/site\/wp-content\/uploads\/2026\/04\/WhatsApp-Image-2026-04-09-at-16.54.22-150x150.jpeg 150w, https:\/\/chelso.com.br\/site\/wp-content\/uploads\/2026\/04\/WhatsApp-Image-2026-04-09-at-16.54.22-450x450.jpeg 450w, https:\/\/chelso.com.br\/site\/wp-content\/uploads\/2026\/04\/WhatsApp-Image-2026-04-09-at-16.54.22-768x768.jpeg 768w, https:\/\/chelso.com.br\/site\/wp-content\/uploads\/2026\/04\/WhatsApp-Image-2026-04-09-at-16.54.22.jpeg 1080w\" sizes=\"(max-width: 448px) 100vw, 448px\" \/><\/p>\n<p><strong>\u00a0<\/strong><\/p>\n<p><strong>Cr\u00e9dito foto: <\/strong><strong>Chelso Sports<\/strong><\/p>\n<p><strong>Assessoria de Imprensa Chelso Sports<\/strong><\/p>\n<p><strong>Jornalista Edilson Rodrigues de Morais, Mtb 26.319<\/strong><\/p>\n<p>(19) 99706.1570 \u2013\u00a0<a href=\"http:\/\/www.chelso.com.br\/\">www.chelso.com.br<\/a><\/p>\n","protected":false},"excerpt":{"rendered":"<p>A atleta Edna Almeida conversa com Guilherme Celso no epis\u00f3dio 86 do FalaTimeCast. No cap\u00edtulo desta quinta-feira, dia 9 de abril, Edna Almeida fala das dificuldades e das d\u00favidas vividas no ano de 2009, quando colocou a corrida de rua em sua rotina de vida. Ap\u00f3s um per\u00edodo de d\u00favidas, o treinamento virou sin\u00f4nimo de<\/p>\n","protected":false},"author":43,"featured_media":30293,"comment_status":"open","ping_status":"closed","sticky":false,"template":"","format":"standard","meta":{"om_disable_all_campaigns":false,"_monsterinsights_skip_tracking":false,"footnotes":""},"categories":[30],"tags":[4721,6837,735,6836,6835,6018],"class_list":["post-30286","post","type-post","status-publish","format-standard","has-post-thumbnail","category-noticias","tag-falatimecast-chelso-podcast","tag-almeida","tag-chelso","tag-edna","tag-ednaalmeida","tag-guilherme"],"aioseo_notices":[],"aioseo_head":"\n\t\t<!-- All in One SEO 5.0.1 - aioseo.com -->\n\t<meta name=\"description\" content=\"A atleta Edna Almeida conversa com Guilherme Celso no epis\u00f3dio 86 do FalaTimeCast. No cap\u00edtulo desta quinta-feira, dia 9 de abril, Edna Almeida fala das dificuldades e das d\u00favidas vividas no ano de 2009, quando colocou a corrida de rua em sua rotina de vida. Ap\u00f3s um per\u00edodo de d\u00favidas, o treinamento virou sin\u00f4nimo de\" \/>\n\t<meta name=\"robots\" content=\"max-image-preview:large\" \/>\n\t<meta name=\"author\" content=\"Edilson Rodrigues\"\/>\n\t<link rel=\"canonical\" href=\"https:\/\/chelso.com.br\/site\/edna-almeida-esta-no-falatimecast-desta-quinta-dia-9-4\/\" \/>\n\t<meta name=\"generator\" content=\"All in One SEO (AIOSEO) 5.0.1\" \/>\n\t\t<meta property=\"og:locale\" content=\"pt_BR\" \/>\n\t\t<meta property=\"og:site_name\" content=\"Portal Chelso Sports - Conte\u00fado especializado em corrida de rua e triathlon\" \/>\n\t\t<meta property=\"og:type\" content=\"article\" \/>\n\t\t<meta property=\"og:title\" content=\"Edna Almeida est\u00e1 no FalaTimeCast desta quinta, dia 9\/4 - Portal Chelso Sports\" \/>\n\t\t<meta property=\"og:description\" content=\"A atleta Edna Almeida conversa com Guilherme Celso no epis\u00f3dio 86 do FalaTimeCast. No cap\u00edtulo desta quinta-feira, dia 9 de abril, Edna Almeida fala das dificuldades e das d\u00favidas vividas no ano de 2009, quando colocou a corrida de rua em sua rotina de vida. Ap\u00f3s um per\u00edodo de d\u00favidas, o treinamento virou sin\u00f4nimo de\" \/>\n\t\t<meta property=\"og:url\" content=\"https:\/\/chelso.com.br\/site\/edna-almeida-esta-no-falatimecast-desta-quinta-dia-9-4\/\" \/>\n\t\t<meta property=\"article:published_time\" content=\"2026-04-09T19:45:19+00:00\" \/>\n\t\t<meta property=\"article:modified_time\" content=\"2026-04-09T19:56:45+00:00\" \/>\n\t\t<meta name=\"twitter:card\" content=\"summary_large_image\" \/>\n\t\t<meta name=\"twitter:title\" content=\"Edna Almeida est\u00e1 no FalaTimeCast desta quinta, dia 9\/4 - Portal Chelso Sports\" \/>\n\t\t<meta name=\"twitter:description\" content=\"A atleta Edna Almeida conversa com Guilherme Celso no epis\u00f3dio 86 do FalaTimeCast. No cap\u00edtulo desta quinta-feira, dia 9 de abril, Edna Almeida fala das dificuldades e das d\u00favidas vividas no ano de 2009, quando colocou a corrida de rua em sua rotina de vida. Ap\u00f3s um per\u00edodo de d\u00favidas, o treinamento virou sin\u00f4nimo de\" \/>\n\t\t<script type=\"application\/ld+json\" class=\"aioseo-schema\">\n\t\t\t{\"@context\":\"https:\\\/\\\/schema.org\",\"@graph\":[{\"@type\":\"BlogPosting\",\"@id\":\"https:\\\/\\\/chelso.com.br\\\/site\\\/edna-almeida-esta-no-falatimecast-desta-quinta-dia-9-4\\\/#blogposting\",\"name\":\"Edna Almeida est\\u00e1 no FalaTimeCast desta quinta, dia 9\\\/4 - Portal Chelso Sports\",\"headline\":\"Edna Almeida est\\u00e1 no FalaTimeCast desta quinta, dia 9\\\/4\",\"author\":{\"@id\":\"https:\\\/\\\/chelso.com.br\\\/site\\\/author\\\/edilson\\\/#author\"},\"publisher\":{\"@id\":\"https:\\\/\\\/chelso.com.br\\\/site\\\/#organization\"},\"image\":{\"@type\":\"ImageObject\",\"url\":\"https:\\\/\\\/chelso.com.br\\\/site\\\/wp-content\\\/uploads\\\/2026\\\/04\\\/WhatsApp-Image-2026-04-09-at-16.54.23-1.jpeg\",\"width\":1600,\"height\":1066},\"datePublished\":\"2026-04-09T16:45:19-03:00\",\"dateModified\":\"2026-04-09T16:56:45-03:00\",\"inLanguage\":\"pt-BR\",\"mainEntityOfPage\":{\"@id\":\"https:\\\/\\\/chelso.com.br\\\/site\\\/edna-almeida-esta-no-falatimecast-desta-quinta-dia-9-4\\\/#webpage\"},\"isPartOf\":{\"@id\":\"https:\\\/\\\/chelso.com.br\\\/site\\\/edna-almeida-esta-no-falatimecast-desta-quinta-dia-9-4\\\/#webpage\"},\"articleSection\":\"Not\\u00edcias, #falatimecast; #chelso; #podcast;, almeida, Chelso, edna, ednaalmeida, guilherme\"},{\"@type\":\"BreadcrumbList\",\"@id\":\"https:\\\/\\\/chelso.com.br\\\/site\\\/edna-almeida-esta-no-falatimecast-desta-quinta-dia-9-4\\\/#breadcrumblist\",\"itemListElement\":[{\"@type\":\"ListItem\",\"@id\":\"https:\\\/\\\/chelso.com.br\\\/site#listItem\",\"position\":1,\"name\":\"Home\",\"item\":\"https:\\\/\\\/chelso.com.br\\\/site\",\"nextItem\":{\"@type\":\"ListItem\",\"@id\":\"https:\\\/\\\/chelso.com.br\\\/site\\\/category\\\/noticias\\\/#listItem\",\"name\":\"Not\\u00edcias\"}},{\"@type\":\"ListItem\",\"@id\":\"https:\\\/\\\/chelso.com.br\\\/site\\\/category\\\/noticias\\\/#listItem\",\"position\":2,\"name\":\"Not\\u00edcias\",\"item\":\"https:\\\/\\\/chelso.com.br\\\/site\\\/category\\\/noticias\\\/\",\"nextItem\":{\"@type\":\"ListItem\",\"@id\":\"https:\\\/\\\/chelso.com.br\\\/site\\\/edna-almeida-esta-no-falatimecast-desta-quinta-dia-9-4\\\/#listItem\",\"name\":\"Edna Almeida est\\u00e1 no FalaTimeCast desta quinta, dia 9\\\/4\"},\"previousItem\":{\"@type\":\"ListItem\",\"@id\":\"https:\\\/\\\/chelso.com.br\\\/site#listItem\",\"name\":\"Home\"}},{\"@type\":\"ListItem\",\"@id\":\"https:\\\/\\\/chelso.com.br\\\/site\\\/edna-almeida-esta-no-falatimecast-desta-quinta-dia-9-4\\\/#listItem\",\"position\":3,\"name\":\"Edna Almeida est\\u00e1 no FalaTimeCast desta quinta, dia 9\\\/4\",\"previousItem\":{\"@type\":\"ListItem\",\"@id\":\"https:\\\/\\\/chelso.com.br\\\/site\\\/category\\\/noticias\\\/#listItem\",\"name\":\"Not\\u00edcias\"}}]},{\"@type\":\"Organization\",\"@id\":\"https:\\\/\\\/chelso.com.br\\\/site\\\/#organization\",\"name\":\"Portal Chelso Sports\",\"description\":\"Conte\\u00fado especializado em corrida de rua e triathlon\",\"url\":\"https:\\\/\\\/chelso.com.br\\\/site\\\/\"},{\"@type\":\"Person\",\"@id\":\"https:\\\/\\\/chelso.com.br\\\/site\\\/author\\\/edilson\\\/#author\",\"url\":\"https:\\\/\\\/chelso.com.br\\\/site\\\/author\\\/edilson\\\/\",\"name\":\"Edilson Rodrigues\",\"image\":{\"@type\":\"ImageObject\",\"@id\":\"https:\\\/\\\/chelso.com.br\\\/site\\\/edna-almeida-esta-no-falatimecast-desta-quinta-dia-9-4\\\/#authorImage\",\"url\":\"https:\\\/\\\/chelso.com.br\\\/site\\\/wp-content\\\/uploads\\\/2024\\\/09\\\/Captura-de-tela-2024-09-27-170323-150x150.png\",\"width\":96,\"height\":96,\"caption\":\"Edilson Rodrigues\"}},{\"@type\":\"WebPage\",\"@id\":\"https:\\\/\\\/chelso.com.br\\\/site\\\/edna-almeida-esta-no-falatimecast-desta-quinta-dia-9-4\\\/#webpage\",\"url\":\"https:\\\/\\\/chelso.com.br\\\/site\\\/edna-almeida-esta-no-falatimecast-desta-quinta-dia-9-4\\\/\",\"name\":\"Edna Almeida est\\u00e1 no FalaTimeCast desta quinta, dia 9\\\/4 - Portal Chelso Sports\",\"description\":\"A atleta Edna Almeida conversa com Guilherme Celso no epis\\u00f3dio 86 do FalaTimeCast. No cap\\u00edtulo desta quinta-feira, dia 9 de abril, Edna Almeida fala das dificuldades e das d\\u00favidas vividas no ano de 2009, quando colocou a corrida de rua em sua rotina de vida. Ap\\u00f3s um per\\u00edodo de d\\u00favidas, o treinamento virou sin\\u00f4nimo de\",\"inLanguage\":\"pt-BR\",\"isPartOf\":{\"@id\":\"https:\\\/\\\/chelso.com.br\\\/site\\\/#website\"},\"breadcrumb\":{\"@id\":\"https:\\\/\\\/chelso.com.br\\\/site\\\/edna-almeida-esta-no-falatimecast-desta-quinta-dia-9-4\\\/#breadcrumblist\"},\"author\":{\"@id\":\"https:\\\/\\\/chelso.com.br\\\/site\\\/author\\\/edilson\\\/#author\"},\"creator\":{\"@id\":\"https:\\\/\\\/chelso.com.br\\\/site\\\/author\\\/edilson\\\/#author\"},\"image\":{\"@type\":\"ImageObject\",\"url\":\"https:\\\/\\\/chelso.com.br\\\/site\\\/wp-content\\\/uploads\\\/2026\\\/04\\\/WhatsApp-Image-2026-04-09-at-16.54.23-1.jpeg\",\"@id\":\"https:\\\/\\\/chelso.com.br\\\/site\\\/edna-almeida-esta-no-falatimecast-desta-quinta-dia-9-4\\\/#mainImage\",\"width\":1600,\"height\":1066},\"primaryImageOfPage\":{\"@id\":\"https:\\\/\\\/chelso.com.br\\\/site\\\/edna-almeida-esta-no-falatimecast-desta-quinta-dia-9-4\\\/#mainImage\"},\"datePublished\":\"2026-04-09T16:45:19-03:00\",\"dateModified\":\"2026-04-09T16:56:45-03:00\"},{\"@type\":\"WebSite\",\"@id\":\"https:\\\/\\\/chelso.com.br\\\/site\\\/#website\",\"url\":\"https:\\\/\\\/chelso.com.br\\\/site\\\/\",\"name\":\"Portal Chelso Sports\",\"description\":\"Conte\\u00fado especializado em corrida de rua e triathlon\",\"inLanguage\":\"pt-BR\",\"publisher\":{\"@id\":\"https:\\\/\\\/chelso.com.br\\\/site\\\/#organization\"}}]}\n\t\t<\/script>\n\t\t<!-- All in One SEO -->\n\n","aioseo_head_json":{"title":"Edna Almeida est\u00e1 no FalaTimeCast desta quinta, dia 9\/4 - Portal Chelso Sports","description":"A atleta Edna Almeida conversa com Guilherme Celso no epis\u00f3dio 86 do FalaTimeCast. No cap\u00edtulo desta quinta-feira, dia 9 de abril, Edna Almeida fala das dificuldades e das d\u00favidas vividas no ano de 2009, quando colocou a corrida de rua em sua rotina de vida. Ap\u00f3s um per\u00edodo de d\u00favidas, o treinamento virou sin\u00f4nimo de","canonical_url":"https:\/\/chelso.com.br\/site\/edna-almeida-esta-no-falatimecast-desta-quinta-dia-9-4\/","robots":"max-image-preview:large","keywords":"","webmasterTools":{"miscellaneous":""},"schema":{"@context":"https:\/\/schema.org","@graph":[{"@type":"BlogPosting","@id":"https:\/\/chelso.com.br\/site\/edna-almeida-esta-no-falatimecast-desta-quinta-dia-9-4\/#blogposting","name":"Edna Almeida est\u00e1 no FalaTimeCast desta quinta, dia 9\/4 - Portal Chelso Sports","headline":"Edna Almeida est\u00e1 no FalaTimeCast desta quinta, dia 9\/4","author":{"@id":"https:\/\/chelso.com.br\/site\/author\/edilson\/#author"},"publisher":{"@id":"https:\/\/chelso.com.br\/site\/#organization"},"image":{"@type":"ImageObject","url":"https:\/\/chelso.com.br\/site\/wp-content\/uploads\/2026\/04\/WhatsApp-Image-2026-04-09-at-16.54.23-1.jpeg","width":1600,"height":1066},"datePublished":"2026-04-09T16:45:19-03:00","dateModified":"2026-04-09T16:56:45-03:00","inLanguage":"pt-BR","mainEntityOfPage":{"@id":"https:\/\/chelso.com.br\/site\/edna-almeida-esta-no-falatimecast-desta-quinta-dia-9-4\/#webpage"},"isPartOf":{"@id":"https:\/\/chelso.com.br\/site\/edna-almeida-esta-no-falatimecast-desta-quinta-dia-9-4\/#webpage"},"articleSection":"Not\u00edcias, #falatimecast; #chelso; #podcast;, almeida, Chelso, edna, ednaalmeida, guilherme"},{"@type":"BreadcrumbList","@id":"https:\/\/chelso.com.br\/site\/edna-almeida-esta-no-falatimecast-desta-quinta-dia-9-4\/#breadcrumblist","itemListElement":[{"@type":"ListItem","@id":"https:\/\/chelso.com.br\/site#listItem","position":1,"name":"Home","item":"https:\/\/chelso.com.br\/site","nextItem":{"@type":"ListItem","@id":"https:\/\/chelso.com.br\/site\/category\/noticias\/#listItem","name":"Not\u00edcias"}},{"@type":"ListItem","@id":"https:\/\/chelso.com.br\/site\/category\/noticias\/#listItem","position":2,"name":"Not\u00edcias","item":"https:\/\/chelso.com.br\/site\/category\/noticias\/","nextItem":{"@type":"ListItem","@id":"https:\/\/chelso.com.br\/site\/edna-almeida-esta-no-falatimecast-desta-quinta-dia-9-4\/#listItem","name":"Edna Almeida est\u00e1 no FalaTimeCast desta quinta, dia 9\/4"},"previousItem":{"@type":"ListItem","@id":"https:\/\/chelso.com.br\/site#listItem","name":"Home"}},{"@type":"ListItem","@id":"https:\/\/chelso.com.br\/site\/edna-almeida-esta-no-falatimecast-desta-quinta-dia-9-4\/#listItem","position":3,"name":"Edna Almeida est\u00e1 no FalaTimeCast desta quinta, dia 9\/4","previousItem":{"@type":"ListItem","@id":"https:\/\/chelso.com.br\/site\/category\/noticias\/#listItem","name":"Not\u00edcias"}}]},{"@type":"Organization","@id":"https:\/\/chelso.com.br\/site\/#organization","name":"Portal Chelso Sports","description":"Conte\u00fado especializado em corrida de rua e triathlon","url":"https:\/\/chelso.com.br\/site\/"},{"@type":"Person","@id":"https:\/\/chelso.com.br\/site\/author\/edilson\/#author","url":"https:\/\/chelso.com.br\/site\/author\/edilson\/","name":"Edilson Rodrigues","image":{"@type":"ImageObject","@id":"https:\/\/chelso.com.br\/site\/edna-almeida-esta-no-falatimecast-desta-quinta-dia-9-4\/#authorImage","url":"https:\/\/chelso.com.br\/site\/wp-content\/uploads\/2024\/09\/Captura-de-tela-2024-09-27-170323-150x150.png","width":96,"height":96,"caption":"Edilson Rodrigues"}},{"@type":"WebPage","@id":"https:\/\/chelso.com.br\/site\/edna-almeida-esta-no-falatimecast-desta-quinta-dia-9-4\/#webpage","url":"https:\/\/chelso.com.br\/site\/edna-almeida-esta-no-falatimecast-desta-quinta-dia-9-4\/","name":"Edna Almeida est\u00e1 no FalaTimeCast desta quinta, dia 9\/4 - Portal Chelso Sports","description":"A atleta Edna Almeida conversa com Guilherme Celso no epis\u00f3dio 86 do FalaTimeCast. No cap\u00edtulo desta quinta-feira, dia 9 de abril, Edna Almeida fala das dificuldades e das d\u00favidas vividas no ano de 2009, quando colocou a corrida de rua em sua rotina de vida. Ap\u00f3s um per\u00edodo de d\u00favidas, o treinamento virou sin\u00f4nimo de","inLanguage":"pt-BR","isPartOf":{"@id":"https:\/\/chelso.com.br\/site\/#website"},"breadcrumb":{"@id":"https:\/\/chelso.com.br\/site\/edna-almeida-esta-no-falatimecast-desta-quinta-dia-9-4\/#breadcrumblist"},"author":{"@id":"https:\/\/chelso.com.br\/site\/author\/edilson\/#author"},"creator":{"@id":"https:\/\/chelso.com.br\/site\/author\/edilson\/#author"},"image":{"@type":"ImageObject","url":"https:\/\/chelso.com.br\/site\/wp-content\/uploads\/2026\/04\/WhatsApp-Image-2026-04-09-at-16.54.23-1.jpeg","@id":"https:\/\/chelso.com.br\/site\/edna-almeida-esta-no-falatimecast-desta-quinta-dia-9-4\/#mainImage","width":1600,"height":1066},"primaryImageOfPage":{"@id":"https:\/\/chelso.com.br\/site\/edna-almeida-esta-no-falatimecast-desta-quinta-dia-9-4\/#mainImage"},"datePublished":"2026-04-09T16:45:19-03:00","dateModified":"2026-04-09T16:56:45-03:00"},{"@type":"WebSite","@id":"https:\/\/chelso.com.br\/site\/#website","url":"https:\/\/chelso.com.br\/site\/","name":"Portal Chelso Sports","description":"Conte\u00fado especializado em corrida de rua e triathlon","inLanguage":"pt-BR","publisher":{"@id":"https:\/\/chelso.com.br\/site\/#organization"}}]},"og:locale":"pt_BR","og:site_name":"Portal Chelso Sports - Conte\u00fado especializado em corrida de rua e triathlon","og:type":"article","og:title":"Edna Almeida est\u00e1 no FalaTimeCast desta quinta, dia 9\/4 - Portal Chelso Sports","og:description":"A atleta Edna Almeida conversa com Guilherme Celso no epis\u00f3dio 86 do FalaTimeCast. No cap\u00edtulo desta quinta-feira, dia 9 de abril, Edna Almeida fala das dificuldades e das d\u00favidas vividas no ano de 2009, quando colocou a corrida de rua em sua rotina de vida. Ap\u00f3s um per\u00edodo de d\u00favidas, o treinamento virou sin\u00f4nimo de","og:url":"https:\/\/chelso.com.br\/site\/edna-almeida-esta-no-falatimecast-desta-quinta-dia-9-4\/","article:published_time":"2026-04-09T19:45:19+00:00","article:modified_time":"2026-04-09T19:56:45+00:00","twitter:card":"summary_large_image","twitter:title":"Edna Almeida est\u00e1 no FalaTimeCast desta quinta, dia 9\/4 - Portal Chelso Sports","twitter:description":"A atleta Edna Almeida conversa com Guilherme Celso no epis\u00f3dio 86 do FalaTimeCast. No cap\u00edtulo desta quinta-feira, dia 9 de abril, Edna Almeida fala das dificuldades e das d\u00favidas vividas no ano de 2009, quando colocou a corrida de rua em sua rotina de vida. Ap\u00f3s um per\u00edodo de d\u00favidas, o treinamento virou sin\u00f4nimo de"},"aioseo_meta_data":{"post_id":"30286","title":null,"description":null,"keywords":null,"keyphrases":{"focus":{"keyphrase":"","score":0,"analysis":{"keyphraseInTitle":{"score":0,"maxScore":9,"error":1}}},"additional":[]},"primary_term":null,"canonical_url":null,"og_title":null,"og_description":null,"og_object_type":"default","og_image_type":"default","og_image_url":null,"og_image_width":null,"og_image_height":null,"og_image_custom_url":null,"og_image_custom_fields":null,"og_video":"","og_custom_url":null,"og_article_section":null,"og_article_tags":null,"twitter_use_og":false,"twitter_card":"default","twitter_image_type":"default","twitter_image_url":null,"twitter_image_custom_url":null,"twitter_image_custom_fields":null,"twitter_title":null,"twitter_description":null,"schema":{"blockGraphs":[],"customGraphs":[],"default":{"data":{"Article":[],"Course":[],"Dataset":[],"FAQPage":[],"Movie":[],"Person":[],"Product":[],"ProductReview":[],"Car":[],"Recipe":[],"Service":[],"SoftwareApplication":[],"WebPage":[]},"graphName":"BlogPosting","isEnabled":true},"graphs":[]},"schema_type":"default","schema_type_options":null,"pillar_content":false,"robots_default":true,"robots_noindex":false,"robots_noarchive":false,"robots_nosnippet":false,"robots_nofollow":false,"robots_noimageindex":false,"robots_noodp":false,"robots_notranslate":false,"robots_max_snippet":"-1","robots_max_videopreview":"-1","robots_max_imagepreview":"large","priority":null,"frequency":"default","local_seo":null,"breadcrumb_settings":null,"limit_modified_date":false,"ai":{"faqs":[],"keyPoints":[],"titles":[],"descriptions":[],"socialPosts":{"email":[],"linkedin":[],"twitter":[],"facebook":[],"instagram":[]}},"created":"2026-04-09 19:45:19","updated":"2026-04-09 19:57:43","focus_keyword":null,"additional_keywords":null,"truseo_locale":null,"seo_analyzer_scan_date":null},"aioseo_breadcrumb":"<div class=\"aioseo-breadcrumbs\"><span class=\"aioseo-breadcrumb\">\n\t\t\t<a href=\"https:\/\/chelso.com.br\/site\" title=\"Home\">Home<\/a>\n\t\t<\/span><span class=\"aioseo-breadcrumb-separator\">&raquo;<\/span><span class=\"aioseo-breadcrumb\">\n\t\t\t<a href=\"https:\/\/chelso.com.br\/site\/category\/noticias\/\" title=\"Not\u00edcias\">Not\u00edcias<\/a>\n\t\t<\/span><span class=\"aioseo-breadcrumb-separator\">&raquo;<\/span><span class=\"aioseo-breadcrumb\">\n\t\t\tEdna Almeida est\u00e1 no FalaTimeCast desta quinta, dia 9\/4\n\t\t<\/span><\/div>","aioseo_breadcrumb_json":[{"label":"Home","link":"https:\/\/chelso.com.br\/site"},{"label":"Not\u00edcias","link":"https:\/\/chelso.com.br\/site\/category\/noticias\/"},{"label":"Edna Almeida est\u00e1 no FalaTimeCast desta quinta, dia 9\/4","link":"https:\/\/chelso.com.br\/site\/edna-almeida-esta-no-falatimecast-desta-quinta-dia-9-4\/"}],"amp_enabled":true,"_links":{"self":[{"href":"https:\/\/chelso.com.br\/site\/wp-json\/wp\/v2\/posts\/30286","targetHints":{"allow":["GET"]}}],"collection":[{"href":"https:\/\/chelso.com.br\/site\/wp-json\/wp\/v2\/posts"}],"about":[{"href":"https:\/\/chelso.com.br\/site\/wp-json\/wp\/v2\/types\/post"}],"author":[{"embeddable":true,"href":"https:\/\/chelso.com.br\/site\/wp-json\/wp\/v2\/users\/43"}],"replies":[{"embeddable":true,"href":"https:\/\/chelso.com.br\/site\/wp-json\/wp\/v2\/comments?post=30286"}],"version-history":[{"count":2,"href":"https:\/\/chelso.com.br\/site\/wp-json\/wp\/v2\/posts\/30286\/revisions"}],"predecessor-version":[{"id":30294,"href":"https:\/\/chelso.com.br\/site\/wp-json\/wp\/v2\/posts\/30286\/revisions\/30294"}],"wp:featuredmedia":[{"embeddable":true,"href":"https:\/\/chelso.com.br\/site\/wp-json\/wp\/v2\/media\/30293"}],"wp:attachment":[{"href":"https:\/\/chelso.com.br\/site\/wp-json\/wp\/v2\/media?parent=30286"}],"wp:term":[{"taxonomy":"category","embeddable":true,"href":"https:\/\/chelso.com.br\/site\/wp-json\/wp\/v2\/categories?post=30286"},{"taxonomy":"post_tag","embeddable":true,"href":"https:\/\/chelso.com.br\/site\/wp-json\/wp\/v2\/tags?post=30286"}],"curies":[{"name":"wp","href":"https:\/\/api.w.org\/{rel}","templated":true}]}}