{"id":30610,"date":"2026-04-29T14:10:40","date_gmt":"2026-04-29T17:10:40","guid":{"rendered":"https:\/\/chelso.com.br\/site\/?p=30610"},"modified":"2026-04-29T14:12:44","modified_gmt":"2026-04-29T17:12:44","slug":"maratona-de-piracicaba-guia-completo-de-interdicoes-e-dos-horarios-para-o-domingo-03-05","status":"publish","type":"post","link":"https:\/\/chelso.com.br\/site\/maratona-de-piracicaba-guia-completo-de-interdicoes-e-dos-horarios-para-o-domingo-03-05\/","title":{"rendered":"Maratona de Piracicaba: Guia completo de interdi\u00e7\u00f5es e dos hor\u00e1rios para o domingo (03\/05)"},"content":{"rendered":"<p><strong>PIRACICABA, SP<\/strong> \u2013 No pr\u00f3ximo domingo, dia 3 de maio de 2026, Piracicaba recebe a sua primeira Maratona oficial. O evento, que tem largada prevista para \u00e0s 5h, no Est\u00e1dio Municipal \u201cBar\u00e3o da Serra Negra\u201d, transforma as principais vias da cidade em um grande circuito esportivo.<\/p>\n<p>Para que a popula\u00e7\u00e3o possa se programar com anteced\u00eancia, evitar congestionamentos e utilizar rotas alternativas, a organiza\u00e7\u00e3o da prova, em conjunto com os \u00f3rg\u00e3os de tr\u00e2nsito do munic\u00edpio, divulgou a grade completa de interdi\u00e7\u00f5es.<\/p>\n<p>O esquema foi planejado para minimizar o impacto na rotina dos moradores. Os fechamentos ocorrem de forma escalonada: as vias s\u00e3o bloqueadas apenas momentos antes da passagem do primeiro pelot\u00e3o e liberadas imediatamente ap\u00f3s o \u00faltimo corredor cruzar o trecho.<\/p>\n<p>Abaixo, detalhamos o mapa do tr\u00e2nsito para o domingo de manh\u00e3, dividido entre <strong>interdi\u00e7\u00f5es totais e pontos de &#8220;Pare e Siga&#8221;.<\/strong><\/p>\n<p><img fetchpriority=\"high\" decoding=\"async\" class=\"wp-image-30612 aligncenter\" src=\"https:\/\/chelso.com.br\/site\/wp-content\/uploads\/2026\/04\/WhatsApp-Image-2026-04-24-at-09.24.56-1024x682-1-300x200.jpeg\" alt=\"\" width=\"543\" height=\"362\" srcset=\"https:\/\/chelso.com.br\/site\/wp-content\/uploads\/2026\/04\/WhatsApp-Image-2026-04-24-at-09.24.56-1024x682-1-300x200.jpeg 300w, https:\/\/chelso.com.br\/site\/wp-content\/uploads\/2026\/04\/WhatsApp-Image-2026-04-24-at-09.24.56-1024x682-1-150x100.jpeg 150w, https:\/\/chelso.com.br\/site\/wp-content\/uploads\/2026\/04\/WhatsApp-Image-2026-04-24-at-09.24.56-1024x682-1-450x300.jpeg 450w, https:\/\/chelso.com.br\/site\/wp-content\/uploads\/2026\/04\/WhatsApp-Image-2026-04-24-at-09.24.56-1024x682-1-768x512.jpeg 768w, https:\/\/chelso.com.br\/site\/wp-content\/uploads\/2026\/04\/WhatsApp-Image-2026-04-24-at-09.24.56-1024x682-1.jpeg 1024w\" sizes=\"(max-width: 543px) 100vw, 543px\" \/><\/p>\n<p><strong>Vias com Interdi\u00e7\u00e3o Total (Fechamento Completo)<\/strong><\/p>\n<p>Nestas vias, o tr\u00e1fego de ve\u00edculos ser\u00e1 totalmente interrompido durante a janela de hor\u00e1rio indicada. A recomenda\u00e7\u00e3o \u00e9 evitar a regi\u00e3o ou utilizar rotas alternativas.<\/p>\n<p><strong>Avenida Independ\u00eancia<\/strong> (trecho entre o Est\u00e1dio Municipal \u201cBar\u00e3o da Serra Negra\u201d e a Avenida P\u00e1dua Dias \u2014 apenas o sentido bairro\/centro) Bloqueio das 5h \u00e0s 5h21 \u2014 dura\u00e7\u00e3o aproximada de 21 minutos.<\/p>\n<p><strong>Avenida Renato Wagner<\/strong> Bloqueio no s\u00e1bado, a partir das 13h e libera\u00e7\u00e3o no domingo \u00e0s 7h20.<\/p>\n<p><strong>Avenida Armando Salles de Oliveira x Tiradentes<\/strong> Bloqueio das 5h58 \u00e0s 7h43.<\/p>\n<p><strong>Avenida Armando Salles de Oliveira x Saldanha Marinho<\/strong> Bloqueio das 5h59 \u00e0s 7h41.<\/p>\n<p><strong>Avenida Beira Rio<\/strong> Bloqueio a partir das 5h59, com libera\u00e7\u00e3o prevista ap\u00f3s as 8h, quando o pelot\u00e3o da primeira volta passar. Aten\u00e7\u00e3o: mesmo ap\u00f3s a libera\u00e7\u00e3o da via, as vagas de estacionamento beirando o rio permanecem proibidas at\u00e9 as 11h.<\/p>\n<p><strong>Avenida Alidor Pecorari<\/strong> (Chegada da prova) Bloqueio a partir das 2h, com previs\u00e3o de libera\u00e7\u00e3o \u00e0s 11h20.<\/p>\n<p><strong>Estrada do Bongue<\/strong> (apenas no sentido centro\/bairro) Bloqueio das 6h19 \u00e0s 9h18 \u2014 dura\u00e7\u00e3o aproximada de 3 horas.<\/p>\n<p><strong>Avenida Cruzeiro do Sul<\/strong> Bloqueio das 6h43 \u00e0s 10h19. Staffs, motos e bikers est\u00e3o posicionados ao longo da via para orientar o acesso local dos moradores.<\/p>\n<p><strong>Avenida Paulista<\/strong> (trecho entre a Avenida Cruzeiro do Sul e a Rua das Margaridas) Bloqueio das 7h01 \u00e0s 10h28. Staffs, motos e bikers estar\u00e3o posicionados para orientar o acesso local. No restante da Avenida Paulista, o fluxo ser\u00e1 compartilhado com os atletas, sem interfer\u00eancia no andamento do tr\u00e2nsito.<\/p>\n<p><strong>Tecnologia a favor do motorista:<\/strong> Todo o planejamento de interdi\u00e7\u00f5es da Maratona de Piracicaba foi previamente cadastrado nas plataformas Waze e Google Maps.<\/p>\n<p>Isso significa que, ao tra\u00e7ar sua rota em qualquer um desses aplicativos no dia da prova, o pr\u00f3prio sistema j\u00e1 identifica automaticamente as vias bloqueadas e sugere caminhos alternativos em tempo real.<\/p>\n<p>A dica \u00e9 simples: antes de sair de casa, abra o aplicativo de navega\u00e7\u00e3o e siga a rota indicada ele far\u00e1 o desvio por voc\u00ea.<\/p>\n<p><strong>Cruzamentos com Opera\u00e7\u00e3o &#8220;Pare e Siga&#8221;<\/strong><\/p>\n<p>Nesses pontos, o tr\u00e2nsito n\u00e3o ser\u00e1 totalmente bloqueado, mas vai operar no sistema de &#8220;Pare e Siga&#8221;, controlado por agentes de tr\u00e2nsito e equipe da prova. Os motoristas podem cruzar a via nos intervalos entre os pelot\u00f5es de corredores, mas devem esperar lentid\u00e3o.<\/p>\n<p><strong>Avenida Centen\u00e1rio x Avenida Renato Wagner<\/strong> Pare e Siga das 5h34 \u00e0s 6h25<\/p>\n<p><strong>Avenida Armando Salles de Oliveira x Renato Wagner<\/strong> Pare e Siga das 5h56 \u00e0s 7h14<\/p>\n<p><strong>Avenida Beira Rio<\/strong> (Trecho Pare e Siga) Pare e Siga das 6h05 \u00e0s 7h47<\/p>\n<p><strong>Ponte do Morato<\/strong> Pare e Siga das 6h17 \u00e0s 10h38<\/p>\n<p><strong>Avenida Paulista x Ma\u00e7ons<\/strong> Pare e Siga das 7h02 \u00e0s 10h24<\/p>\n<p><img decoding=\"async\" class=\"wp-image-30613 aligncenter\" src=\"https:\/\/chelso.com.br\/site\/wp-content\/uploads\/2026\/04\/WhatsApp-Image-2026-04-24-at-09.24.56-2-1024x682-1-300x200.jpeg\" alt=\"\" width=\"530\" height=\"353\" srcset=\"https:\/\/chelso.com.br\/site\/wp-content\/uploads\/2026\/04\/WhatsApp-Image-2026-04-24-at-09.24.56-2-1024x682-1-300x200.jpeg 300w, https:\/\/chelso.com.br\/site\/wp-content\/uploads\/2026\/04\/WhatsApp-Image-2026-04-24-at-09.24.56-2-1024x682-1-150x100.jpeg 150w, https:\/\/chelso.com.br\/site\/wp-content\/uploads\/2026\/04\/WhatsApp-Image-2026-04-24-at-09.24.56-2-1024x682-1-450x300.jpeg 450w, https:\/\/chelso.com.br\/site\/wp-content\/uploads\/2026\/04\/WhatsApp-Image-2026-04-24-at-09.24.56-2-1024x682-1-768x512.jpeg 768w, https:\/\/chelso.com.br\/site\/wp-content\/uploads\/2026\/04\/WhatsApp-Image-2026-04-24-at-09.24.56-2-1024x682-1.jpeg 1024w\" sizes=\"(max-width: 530px) 100vw, 530px\" \/><\/p>\n<p><strong>Dicas Pr\u00e1ticas para o Motorista<\/strong><\/p>\n<p><strong>Madrugada Livre:<\/strong> A largada acontece \u00e0s 5h. Quem precisar se deslocar antes desse hor\u00e1rio n\u00e3o enfrenta problemas. A Avenida Independ\u00eancia, por exemplo, primeira via a ser fechada, ser\u00e1 totalmente liberada logo \u00e0s 5h21.<\/p>\n<p><strong>Aten\u00e7\u00e3o \u00e0 Regi\u00e3o da Beira Rio:<\/strong> O trecho da Avenida Beira Rio e da Alidor Pecorari (onde ocorrer\u00e1 a chegada da prova) tem a interdi\u00e7\u00e3o mais longa do dia, das 5h59 at\u00e9 por volta das 11h20. Quem precisar acessar a regi\u00e3o da Rua do Porto no final da manh\u00e3 deve buscar ruas internas do bairro.<\/p>\n<p><strong>Paci\u00eancia nos Cruzamentos:<\/strong> Se o seu trajeto inclui a Avenida Armando Salles de Oliveira entre 5h50 e 7h45, espere lentid\u00e3o devido ao sistema de Pare e Siga nos cruzamentos com a Renato Wagner, Tiradentes e Saldanha Marinho.<\/p>\n<p><strong>Bongue e Paulista:<\/strong> Moradores e frequentadores da regi\u00e3o do Bongue e da Avenida Paulista devem se programar para sair antes das 6h15 ou ap\u00f3s as 10h30 para evitar os bloqueios.<\/p>\n<p><img decoding=\"async\" class=\"wp-image-30614 aligncenter\" src=\"https:\/\/chelso.com.br\/site\/wp-content\/uploads\/2026\/04\/WhatsApp-Image-2026-04-29-at-08.47.00-300x300.jpeg\" alt=\"\" width=\"497\" height=\"497\" srcset=\"https:\/\/chelso.com.br\/site\/wp-content\/uploads\/2026\/04\/WhatsApp-Image-2026-04-29-at-08.47.00-300x300.jpeg 300w, https:\/\/chelso.com.br\/site\/wp-content\/uploads\/2026\/04\/WhatsApp-Image-2026-04-29-at-08.47.00-150x150.jpeg 150w, https:\/\/chelso.com.br\/site\/wp-content\/uploads\/2026\/04\/WhatsApp-Image-2026-04-29-at-08.47.00-450x450.jpeg 450w, https:\/\/chelso.com.br\/site\/wp-content\/uploads\/2026\/04\/WhatsApp-Image-2026-04-29-at-08.47.00.jpeg 512w\" sizes=\"(max-width: 497px) 100vw, 497px\" \/><\/p>\n<p><strong>IMPORTANTE:<\/strong><\/p>\n<p>A Maratona de Piracicaba \u00e9 um evento que fomenta o turismo, a sa\u00fade e a economia local. A organiza\u00e7\u00e3o agradece a compreens\u00e3o da popula\u00e7\u00e3o e convida todos os moradores a irem para as cal\u00e7adas torcer e incentivar os atletas que desafiar\u00e3o seus limites nas ruas da cidade.<\/p>\n<p>Para mais informa\u00e7\u00f5es sobre o evento e a programa\u00e7\u00e3o completa, acesse o site oficial da Chelso Sports: <a href=\"http:\/\/www.chelso.com.br\">www.chelso.com.br<\/a> ou acompanhe as redes sociais da prova: <a href=\"https:\/\/www.maratonadepiracicaba.com.br\">https:\/\/www.maratonadepiracicaba.com.br<\/a>.<\/p>\n<p><strong>Sobre a Chelso Sports:<\/strong> Com sede em Piracicaba, a Chelso Sports \u00e9 uma das principais empresas de organiza\u00e7\u00e3o e gest\u00e3o de eventos esportivos do Brasil. Especializada em corridas de rua, triathlon e projetos outdoor, a empresa alia excel\u00eancia t\u00e9cnica a experi\u00eancias memor\u00e1veis, movimentando milhares de atletas e fomentando o turismo nas cidades onde atua.<\/p>\n<p><strong>Sobre a Sicoob Cocre:<\/strong> A Sicoob Cocre \u00e9 uma institui\u00e7\u00e3o financeira cooperativa com mais de 30 mil cooperados, reconhecida pelo incentivo \u00e0 sa\u00fade f\u00edsica e mental e pelo compromisso com o desenvolvimento das comunidades onde atua.<\/p>\n<p><img loading=\"lazy\" decoding=\"async\" class=\"wp-image-30498 aligncenter\" src=\"https:\/\/chelso.com.br\/site\/wp-content\/uploads\/2026\/04\/WhatsApp-Image-2026-04-10-at-12.40.15-3-1-300x225.jpeg\" alt=\"\" width=\"575\" height=\"431\" srcset=\"https:\/\/chelso.com.br\/site\/wp-content\/uploads\/2026\/04\/WhatsApp-Image-2026-04-10-at-12.40.15-3-1-300x225.jpeg 300w, https:\/\/chelso.com.br\/site\/wp-content\/uploads\/2026\/04\/WhatsApp-Image-2026-04-10-at-12.40.15-3-1-1024x768.jpeg 1024w, https:\/\/chelso.com.br\/site\/wp-content\/uploads\/2026\/04\/WhatsApp-Image-2026-04-10-at-12.40.15-3-1-150x113.jpeg 150w, https:\/\/chelso.com.br\/site\/wp-content\/uploads\/2026\/04\/WhatsApp-Image-2026-04-10-at-12.40.15-3-1-450x338.jpeg 450w, https:\/\/chelso.com.br\/site\/wp-content\/uploads\/2026\/04\/WhatsApp-Image-2026-04-10-at-12.40.15-3-1-1200x900.jpeg 1200w, https:\/\/chelso.com.br\/site\/wp-content\/uploads\/2026\/04\/WhatsApp-Image-2026-04-10-at-12.40.15-3-1-768x576.jpeg 768w, https:\/\/chelso.com.br\/site\/wp-content\/uploads\/2026\/04\/WhatsApp-Image-2026-04-10-at-12.40.15-3-1.jpeg 1280w\" sizes=\"(max-width: 575px) 100vw, 575px\" \/><\/p>\n<p><strong>Informa\u00e7\u00f5es gerais da Maratona de Piracicaba<\/strong><\/p>\n<p><strong>Data<\/strong>: 02 de maio de 2026<\/p>\n<p><strong>Concentra\u00e7\u00e3o:<\/strong><strong>\u00a0<\/strong>a partir das 5h40.<\/p>\n<p><strong>Largada<\/strong> <strong>10 km<\/strong><strong> \u00e0s 6h40 e \u00e0s 7h para os <\/strong><strong>5 km<\/strong><strong>:<\/strong>\u00a0Parque da Rua do Porto<\/p>\n<p><strong>Data<\/strong>: 03 de maio de 2026<\/p>\n<p><strong>Concentra\u00e7\u00e3o:<\/strong><strong>\u00a0<\/strong>a partir das 4h.<\/p>\n<p><strong>Largada Elite e Geral 21 km e 42 km<\/strong><strong>, \u00e0s 5h:<\/strong>\u00a0Est\u00e1dio Municipal \u201cBar\u00e3o da Serra Negra\u201d<\/p>\n<p><strong>Chegada<\/strong>: provas 21 km e 42 km, no Parque da Rua do Porto, na avenida Alidor Pecorari (frente aos pedalinhos).<\/p>\n<p><strong>Observa\u00e7\u00e3o:<\/strong>\u00a0Todos os atletas de 21 km e 42 km devem estar com atestado m\u00e9dico atualizado.<\/p>\n<p><strong>Inscri\u00e7\u00f5es abertas<\/strong><strong>:\u00a0<\/strong><a href=\"https:\/\/www.maratonadepiracicaba.com.br\/\">https:\/\/www.maratonadepiracicaba.com.br\/<\/a>a partir dos 14 anos (5 km), 16 anos (10 km), 18 anos (21 km) e 20 anos (42 km).<\/p>\n<p><strong>Premia\u00e7\u00e3o em dinheiro:<\/strong>\u00a0Aos cinco primeiros colocados na Elite dos 42 km (masculino e feminino)<\/p>\n<p><strong>Retirada dos kits:<\/strong><\/p>\n<p><strong>Dia 30 de abril<\/strong> (quinta-feira), da 11h \u00e0s 20h;<\/p>\n<p><strong>Dia 01 de maio<\/strong> (sexta-feira), 11h \u00e0s 20h;<\/p>\n<p><strong>Dia 02 de maio<\/strong> (s\u00e1bado), 10h \u00e0s 15h.<\/p>\n<p><strong>Local: Sicoob Cocre Matriz<\/strong><\/p>\n<p><strong>Endere\u00e7o<\/strong>: Avenida C\u00e1ssio Pascoal Padovani, 184, Morumbi \u2013 Piracicaba\/SP<\/p>\n<p>&nbsp;<\/p>\n<p>&nbsp;<\/p>\n<p><strong>\u00a0<\/strong><\/p>\n<p><strong>Assessoria de Imprensa Chelso Sports<\/strong><\/p>\n<p><strong>Jornalista Edilson Rodrigues de Morais, Mtb 26.319<\/strong><\/p>\n<p>(19) 99706.1570 \u2013\u00a0<a href=\"http:\/\/www.chelso.com.br\/\">www.chelso.com.br<\/a><\/p>\n","protected":false},"excerpt":{"rendered":"<p>PIRACICABA, SP \u2013 No pr\u00f3ximo domingo, dia 3 de maio de 2026, Piracicaba recebe a sua primeira Maratona oficial. O evento, que tem largada prevista para \u00e0s 5h, no Est\u00e1dio Municipal \u201cBar\u00e3o da Serra Negra\u201d, transforma as principais vias da cidade em um grande circuito esportivo. Para que a popula\u00e7\u00e3o possa se programar com anteced\u00eancia,<\/p>\n","protected":false},"author":43,"featured_media":30611,"comment_status":"open","ping_status":"closed","sticky":false,"template":"","format":"standard","meta":{"om_disable_all_campaigns":false,"_monsterinsights_skip_tracking":false,"_monsterinsights_sitenote_active":false,"_monsterinsights_sitenote_note":"","_monsterinsights_sitenote_category":0,"footnotes":""},"categories":[30],"tags":[5010,735,52,941,6839,6850],"class_list":{"0":"post-30610","1":"post","2":"type-post","3":"status-publish","4":"format-standard","5":"has-post-thumbnail","7":"category-noticias","8":"tag-maratonadepiracicaba","9":"tag-chelso","10":"tag-maratona","11":"tag-piracicaba","12":"tag-sicoob","13":"tag-sicoobcocre"},"aioseo_notices":[],"yoast_head":"<!-- This site is optimized with the Yoast SEO plugin v27.5 - https:\/\/yoast.com\/product\/yoast-seo-wordpress\/ -->\n<title>Maratona de Piracicaba: Guia completo de interdi\u00e7\u00f5es e dos hor\u00e1rios para o domingo (03\/05) - Portal Chelso Sports<\/title>\n<meta name=\"robots\" content=\"index, follow, max-snippet:-1, max-image-preview:large, max-video-preview:-1\" \/>\n<link rel=\"canonical\" href=\"https:\/\/chelso.com.br\/site\/maratona-de-piracicaba-guia-completo-de-interdicoes-e-dos-horarios-para-o-domingo-03-05\/\" \/>\n<meta property=\"og:locale\" content=\"pt_BR\" \/>\n<meta property=\"og:type\" content=\"article\" \/>\n<meta property=\"og:title\" content=\"Maratona de Piracicaba: Guia completo de interdi\u00e7\u00f5es e dos hor\u00e1rios para o domingo (03\/05) - Portal Chelso Sports\" \/>\n<meta property=\"og:description\" content=\"PIRACICABA, SP \u2013 No pr\u00f3ximo domingo, dia 3 de maio de 2026, Piracicaba recebe a sua primeira Maratona oficial. O evento, que tem largada prevista para \u00e0s 5h, no Est\u00e1dio Municipal \u201cBar\u00e3o da Serra Negra\u201d, transforma as principais vias da cidade em um grande circuito esportivo. Para que a popula\u00e7\u00e3o possa se programar com anteced\u00eancia,\" \/>\n<meta property=\"og:url\" content=\"https:\/\/chelso.com.br\/site\/maratona-de-piracicaba-guia-completo-de-interdicoes-e-dos-horarios-para-o-domingo-03-05\/\" \/>\n<meta property=\"og:site_name\" content=\"Portal Chelso Sports\" \/>\n<meta property=\"article:published_time\" content=\"2026-04-29T17:10:40+00:00\" \/>\n<meta property=\"article:modified_time\" content=\"2026-04-29T17:12:44+00:00\" \/>\n<meta property=\"og:image\" content=\"https:\/\/chelso.com.br\/site\/wp-content\/uploads\/2026\/04\/WhatsApp-Image-2026-04-24-at-09.24.57-1-1024x682-1.jpeg\" \/>\n\t<meta property=\"og:image:width\" content=\"1024\" \/>\n\t<meta property=\"og:image:height\" content=\"682\" \/>\n\t<meta property=\"og:image:type\" content=\"image\/jpeg\" \/>\n<meta name=\"author\" content=\"Edilson Rodrigues\" \/>\n<meta name=\"twitter:card\" content=\"summary_large_image\" \/>\n<meta name=\"twitter:label1\" content=\"Escrito por\" \/>\n\t<meta name=\"twitter:data1\" content=\"Edilson Rodrigues\" \/>\n\t<meta name=\"twitter:label2\" content=\"Est. tempo de leitura\" \/>\n\t<meta name=\"twitter:data2\" content=\"8 minutos\" \/>\n<script type=\"application\/ld+json\" class=\"yoast-schema-graph\">{\"@context\":\"https:\\\/\\\/schema.org\",\"@graph\":[{\"@type\":\"Article\",\"@id\":\"https:\\\/\\\/chelso.com.br\\\/site\\\/maratona-de-piracicaba-guia-completo-de-interdicoes-e-dos-horarios-para-o-domingo-03-05\\\/#article\",\"isPartOf\":{\"@id\":\"https:\\\/\\\/chelso.com.br\\\/site\\\/maratona-de-piracicaba-guia-completo-de-interdicoes-e-dos-horarios-para-o-domingo-03-05\\\/\"},\"author\":{\"name\":\"Edilson Rodrigues\",\"@id\":\"https:\\\/\\\/chelso.com.br\\\/site\\\/#\\\/schema\\\/person\\\/a1e459f9cc882778a4f1367cb2ba51e3\"},\"headline\":\"Maratona de Piracicaba: Guia completo de interdi\u00e7\u00f5es e dos hor\u00e1rios para o domingo (03\\\/05)\",\"datePublished\":\"2026-04-29T17:10:40+00:00\",\"dateModified\":\"2026-04-29T17:12:44+00:00\",\"mainEntityOfPage\":{\"@id\":\"https:\\\/\\\/chelso.com.br\\\/site\\\/maratona-de-piracicaba-guia-completo-de-interdicoes-e-dos-horarios-para-o-domingo-03-05\\\/\"},\"wordCount\":1185,\"commentCount\":0,\"image\":{\"@id\":\"https:\\\/\\\/chelso.com.br\\\/site\\\/maratona-de-piracicaba-guia-completo-de-interdicoes-e-dos-horarios-para-o-domingo-03-05\\\/#primaryimage\"},\"thumbnailUrl\":\"https:\\\/\\\/chelso.com.br\\\/site\\\/wp-content\\\/uploads\\\/2026\\\/04\\\/WhatsApp-Image-2026-04-24-at-09.24.57-1-1024x682-1.jpeg\",\"keywords\":[\"#maratonadepiracicaba\",\"Chelso\",\"Maratona\",\"Piracicaba\",\"Sicoob\",\"sicoobcocre\"],\"articleSection\":[\"Not\u00edcias\"],\"inLanguage\":\"pt-BR\",\"potentialAction\":[{\"@type\":\"CommentAction\",\"name\":\"Comment\",\"target\":[\"https:\\\/\\\/chelso.com.br\\\/site\\\/maratona-de-piracicaba-guia-completo-de-interdicoes-e-dos-horarios-para-o-domingo-03-05\\\/#respond\"]}]},{\"@type\":\"WebPage\",\"@id\":\"https:\\\/\\\/chelso.com.br\\\/site\\\/maratona-de-piracicaba-guia-completo-de-interdicoes-e-dos-horarios-para-o-domingo-03-05\\\/\",\"url\":\"https:\\\/\\\/chelso.com.br\\\/site\\\/maratona-de-piracicaba-guia-completo-de-interdicoes-e-dos-horarios-para-o-domingo-03-05\\\/\",\"name\":\"Maratona de Piracicaba: Guia completo de interdi\u00e7\u00f5es e dos hor\u00e1rios para o domingo (03\\\/05) - Portal Chelso Sports\",\"isPartOf\":{\"@id\":\"https:\\\/\\\/chelso.com.br\\\/site\\\/#website\"},\"primaryImageOfPage\":{\"@id\":\"https:\\\/\\\/chelso.com.br\\\/site\\\/maratona-de-piracicaba-guia-completo-de-interdicoes-e-dos-horarios-para-o-domingo-03-05\\\/#primaryimage\"},\"image\":{\"@id\":\"https:\\\/\\\/chelso.com.br\\\/site\\\/maratona-de-piracicaba-guia-completo-de-interdicoes-e-dos-horarios-para-o-domingo-03-05\\\/#primaryimage\"},\"thumbnailUrl\":\"https:\\\/\\\/chelso.com.br\\\/site\\\/wp-content\\\/uploads\\\/2026\\\/04\\\/WhatsApp-Image-2026-04-24-at-09.24.57-1-1024x682-1.jpeg\",\"datePublished\":\"2026-04-29T17:10:40+00:00\",\"dateModified\":\"2026-04-29T17:12:44+00:00\",\"author\":{\"@id\":\"https:\\\/\\\/chelso.com.br\\\/site\\\/#\\\/schema\\\/person\\\/a1e459f9cc882778a4f1367cb2ba51e3\"},\"breadcrumb\":{\"@id\":\"https:\\\/\\\/chelso.com.br\\\/site\\\/maratona-de-piracicaba-guia-completo-de-interdicoes-e-dos-horarios-para-o-domingo-03-05\\\/#breadcrumb\"},\"inLanguage\":\"pt-BR\",\"potentialAction\":[{\"@type\":\"ReadAction\",\"target\":[\"https:\\\/\\\/chelso.com.br\\\/site\\\/maratona-de-piracicaba-guia-completo-de-interdicoes-e-dos-horarios-para-o-domingo-03-05\\\/\"]}]},{\"@type\":\"ImageObject\",\"inLanguage\":\"pt-BR\",\"@id\":\"https:\\\/\\\/chelso.com.br\\\/site\\\/maratona-de-piracicaba-guia-completo-de-interdicoes-e-dos-horarios-para-o-domingo-03-05\\\/#primaryimage\",\"url\":\"https:\\\/\\\/chelso.com.br\\\/site\\\/wp-content\\\/uploads\\\/2026\\\/04\\\/WhatsApp-Image-2026-04-24-at-09.24.57-1-1024x682-1.jpeg\",\"contentUrl\":\"https:\\\/\\\/chelso.com.br\\\/site\\\/wp-content\\\/uploads\\\/2026\\\/04\\\/WhatsApp-Image-2026-04-24-at-09.24.57-1-1024x682-1.jpeg\",\"width\":1024,\"height\":682},{\"@type\":\"BreadcrumbList\",\"@id\":\"https:\\\/\\\/chelso.com.br\\\/site\\\/maratona-de-piracicaba-guia-completo-de-interdicoes-e-dos-horarios-para-o-domingo-03-05\\\/#breadcrumb\",\"itemListElement\":[{\"@type\":\"ListItem\",\"position\":1,\"name\":\"In\u00edcio\",\"item\":\"https:\\\/\\\/chelso.com.br\\\/site\\\/\"},{\"@type\":\"ListItem\",\"position\":2,\"name\":\"Maratona de Piracicaba: Guia completo de interdi\u00e7\u00f5es e dos hor\u00e1rios para o domingo (03\\\/05)\"}]},{\"@type\":\"WebSite\",\"@id\":\"https:\\\/\\\/chelso.com.br\\\/site\\\/#website\",\"url\":\"https:\\\/\\\/chelso.com.br\\\/site\\\/\",\"name\":\"Portal Chelso Sports\",\"description\":\"Conte\u00fado especializado em corrida de rua e triathlon\",\"potentialAction\":[{\"@type\":\"SearchAction\",\"target\":{\"@type\":\"EntryPoint\",\"urlTemplate\":\"https:\\\/\\\/chelso.com.br\\\/site\\\/?s={search_term_string}\"},\"query-input\":{\"@type\":\"PropertyValueSpecification\",\"valueRequired\":true,\"valueName\":\"search_term_string\"}}],\"inLanguage\":\"pt-BR\"},{\"@type\":\"Person\",\"@id\":\"https:\\\/\\\/chelso.com.br\\\/site\\\/#\\\/schema\\\/person\\\/a1e459f9cc882778a4f1367cb2ba51e3\",\"name\":\"Edilson Rodrigues\",\"image\":{\"@type\":\"ImageObject\",\"inLanguage\":\"pt-BR\",\"@id\":\"https:\\\/\\\/chelso.com.br\\\/site\\\/wp-content\\\/uploads\\\/2024\\\/09\\\/Captura-de-tela-2024-09-27-170323-150x150.png\",\"url\":\"https:\\\/\\\/chelso.com.br\\\/site\\\/wp-content\\\/uploads\\\/2024\\\/09\\\/Captura-de-tela-2024-09-27-170323-150x150.png\",\"contentUrl\":\"https:\\\/\\\/chelso.com.br\\\/site\\\/wp-content\\\/uploads\\\/2024\\\/09\\\/Captura-de-tela-2024-09-27-170323-150x150.png\",\"caption\":\"Edilson Rodrigues\"},\"url\":\"https:\\\/\\\/chelso.com.br\\\/site\\\/author\\\/edilson\\\/\"}]}<\/script>\n<!-- \/ Yoast SEO plugin. -->","yoast_head_json":{"title":"Maratona de Piracicaba: Guia completo de interdi\u00e7\u00f5es e dos hor\u00e1rios para o domingo (03\/05) - Portal Chelso Sports","robots":{"index":"index","follow":"follow","max-snippet":"max-snippet:-1","max-image-preview":"max-image-preview:large","max-video-preview":"max-video-preview:-1"},"canonical":"https:\/\/chelso.com.br\/site\/maratona-de-piracicaba-guia-completo-de-interdicoes-e-dos-horarios-para-o-domingo-03-05\/","og_locale":"pt_BR","og_type":"article","og_title":"Maratona de Piracicaba: Guia completo de interdi\u00e7\u00f5es e dos hor\u00e1rios para o domingo (03\/05) - Portal Chelso Sports","og_description":"PIRACICABA, SP \u2013 No pr\u00f3ximo domingo, dia 3 de maio de 2026, Piracicaba recebe a sua primeira Maratona oficial. O evento, que tem largada prevista para \u00e0s 5h, no Est\u00e1dio Municipal \u201cBar\u00e3o da Serra Negra\u201d, transforma as principais vias da cidade em um grande circuito esportivo. Para que a popula\u00e7\u00e3o possa se programar com anteced\u00eancia,","og_url":"https:\/\/chelso.com.br\/site\/maratona-de-piracicaba-guia-completo-de-interdicoes-e-dos-horarios-para-o-domingo-03-05\/","og_site_name":"Portal Chelso Sports","article_published_time":"2026-04-29T17:10:40+00:00","article_modified_time":"2026-04-29T17:12:44+00:00","og_image":[{"width":1024,"height":682,"url":"https:\/\/chelso.com.br\/site\/wp-content\/uploads\/2026\/04\/WhatsApp-Image-2026-04-24-at-09.24.57-1-1024x682-1.jpeg","type":"image\/jpeg"}],"author":"Edilson Rodrigues","twitter_card":"summary_large_image","twitter_misc":{"Escrito por":"Edilson Rodrigues","Est. tempo de leitura":"8 minutos"},"schema":{"@context":"https:\/\/schema.org","@graph":[{"@type":"Article","@id":"https:\/\/chelso.com.br\/site\/maratona-de-piracicaba-guia-completo-de-interdicoes-e-dos-horarios-para-o-domingo-03-05\/#article","isPartOf":{"@id":"https:\/\/chelso.com.br\/site\/maratona-de-piracicaba-guia-completo-de-interdicoes-e-dos-horarios-para-o-domingo-03-05\/"},"author":{"name":"Edilson Rodrigues","@id":"https:\/\/chelso.com.br\/site\/#\/schema\/person\/a1e459f9cc882778a4f1367cb2ba51e3"},"headline":"Maratona de Piracicaba: Guia completo de interdi\u00e7\u00f5es e dos hor\u00e1rios para o domingo (03\/05)","datePublished":"2026-04-29T17:10:40+00:00","dateModified":"2026-04-29T17:12:44+00:00","mainEntityOfPage":{"@id":"https:\/\/chelso.com.br\/site\/maratona-de-piracicaba-guia-completo-de-interdicoes-e-dos-horarios-para-o-domingo-03-05\/"},"wordCount":1185,"commentCount":0,"image":{"@id":"https:\/\/chelso.com.br\/site\/maratona-de-piracicaba-guia-completo-de-interdicoes-e-dos-horarios-para-o-domingo-03-05\/#primaryimage"},"thumbnailUrl":"https:\/\/chelso.com.br\/site\/wp-content\/uploads\/2026\/04\/WhatsApp-Image-2026-04-24-at-09.24.57-1-1024x682-1.jpeg","keywords":["#maratonadepiracicaba","Chelso","Maratona","Piracicaba","Sicoob","sicoobcocre"],"articleSection":["Not\u00edcias"],"inLanguage":"pt-BR","potentialAction":[{"@type":"CommentAction","name":"Comment","target":["https:\/\/chelso.com.br\/site\/maratona-de-piracicaba-guia-completo-de-interdicoes-e-dos-horarios-para-o-domingo-03-05\/#respond"]}]},{"@type":"WebPage","@id":"https:\/\/chelso.com.br\/site\/maratona-de-piracicaba-guia-completo-de-interdicoes-e-dos-horarios-para-o-domingo-03-05\/","url":"https:\/\/chelso.com.br\/site\/maratona-de-piracicaba-guia-completo-de-interdicoes-e-dos-horarios-para-o-domingo-03-05\/","name":"Maratona de Piracicaba: Guia completo de interdi\u00e7\u00f5es e dos hor\u00e1rios para o domingo (03\/05) - Portal Chelso Sports","isPartOf":{"@id":"https:\/\/chelso.com.br\/site\/#website"},"primaryImageOfPage":{"@id":"https:\/\/chelso.com.br\/site\/maratona-de-piracicaba-guia-completo-de-interdicoes-e-dos-horarios-para-o-domingo-03-05\/#primaryimage"},"image":{"@id":"https:\/\/chelso.com.br\/site\/maratona-de-piracicaba-guia-completo-de-interdicoes-e-dos-horarios-para-o-domingo-03-05\/#primaryimage"},"thumbnailUrl":"https:\/\/chelso.com.br\/site\/wp-content\/uploads\/2026\/04\/WhatsApp-Image-2026-04-24-at-09.24.57-1-1024x682-1.jpeg","datePublished":"2026-04-29T17:10:40+00:00","dateModified":"2026-04-29T17:12:44+00:00","author":{"@id":"https:\/\/chelso.com.br\/site\/#\/schema\/person\/a1e459f9cc882778a4f1367cb2ba51e3"},"breadcrumb":{"@id":"https:\/\/chelso.com.br\/site\/maratona-de-piracicaba-guia-completo-de-interdicoes-e-dos-horarios-para-o-domingo-03-05\/#breadcrumb"},"inLanguage":"pt-BR","potentialAction":[{"@type":"ReadAction","target":["https:\/\/chelso.com.br\/site\/maratona-de-piracicaba-guia-completo-de-interdicoes-e-dos-horarios-para-o-domingo-03-05\/"]}]},{"@type":"ImageObject","inLanguage":"pt-BR","@id":"https:\/\/chelso.com.br\/site\/maratona-de-piracicaba-guia-completo-de-interdicoes-e-dos-horarios-para-o-domingo-03-05\/#primaryimage","url":"https:\/\/chelso.com.br\/site\/wp-content\/uploads\/2026\/04\/WhatsApp-Image-2026-04-24-at-09.24.57-1-1024x682-1.jpeg","contentUrl":"https:\/\/chelso.com.br\/site\/wp-content\/uploads\/2026\/04\/WhatsApp-Image-2026-04-24-at-09.24.57-1-1024x682-1.jpeg","width":1024,"height":682},{"@type":"BreadcrumbList","@id":"https:\/\/chelso.com.br\/site\/maratona-de-piracicaba-guia-completo-de-interdicoes-e-dos-horarios-para-o-domingo-03-05\/#breadcrumb","itemListElement":[{"@type":"ListItem","position":1,"name":"In\u00edcio","item":"https:\/\/chelso.com.br\/site\/"},{"@type":"ListItem","position":2,"name":"Maratona de Piracicaba: Guia completo de interdi\u00e7\u00f5es e dos hor\u00e1rios para o domingo (03\/05)"}]},{"@type":"WebSite","@id":"https:\/\/chelso.com.br\/site\/#website","url":"https:\/\/chelso.com.br\/site\/","name":"Portal Chelso Sports","description":"Conte\u00fado especializado em corrida de rua e triathlon","potentialAction":[{"@type":"SearchAction","target":{"@type":"EntryPoint","urlTemplate":"https:\/\/chelso.com.br\/site\/?s={search_term_string}"},"query-input":{"@type":"PropertyValueSpecification","valueRequired":true,"valueName":"search_term_string"}}],"inLanguage":"pt-BR"},{"@type":"Person","@id":"https:\/\/chelso.com.br\/site\/#\/schema\/person\/a1e459f9cc882778a4f1367cb2ba51e3","name":"Edilson Rodrigues","image":{"@type":"ImageObject","inLanguage":"pt-BR","@id":"https:\/\/chelso.com.br\/site\/wp-content\/uploads\/2024\/09\/Captura-de-tela-2024-09-27-170323-150x150.png","url":"https:\/\/chelso.com.br\/site\/wp-content\/uploads\/2024\/09\/Captura-de-tela-2024-09-27-170323-150x150.png","contentUrl":"https:\/\/chelso.com.br\/site\/wp-content\/uploads\/2024\/09\/Captura-de-tela-2024-09-27-170323-150x150.png","caption":"Edilson Rodrigues"},"url":"https:\/\/chelso.com.br\/site\/author\/edilson\/"}]}},"amp_enabled":true,"_links":{"self":[{"href":"https:\/\/chelso.com.br\/site\/wp-json\/wp\/v2\/posts\/30610","targetHints":{"allow":["GET"]}}],"collection":[{"href":"https:\/\/chelso.com.br\/site\/wp-json\/wp\/v2\/posts"}],"about":[{"href":"https:\/\/chelso.com.br\/site\/wp-json\/wp\/v2\/types\/post"}],"author":[{"embeddable":true,"href":"https:\/\/chelso.com.br\/site\/wp-json\/wp\/v2\/users\/43"}],"replies":[{"embeddable":true,"href":"https:\/\/chelso.com.br\/site\/wp-json\/wp\/v2\/comments?post=30610"}],"version-history":[{"count":3,"href":"https:\/\/chelso.com.br\/site\/wp-json\/wp\/v2\/posts\/30610\/revisions"}],"predecessor-version":[{"id":30617,"href":"https:\/\/chelso.com.br\/site\/wp-json\/wp\/v2\/posts\/30610\/revisions\/30617"}],"wp:featuredmedia":[{"embeddable":true,"href":"https:\/\/chelso.com.br\/site\/wp-json\/wp\/v2\/media\/30611"}],"wp:attachment":[{"href":"https:\/\/chelso.com.br\/site\/wp-json\/wp\/v2\/media?parent=30610"}],"wp:term":[{"taxonomy":"category","embeddable":true,"href":"https:\/\/chelso.com.br\/site\/wp-json\/wp\/v2\/categories?post=30610"},{"taxonomy":"post_tag","embeddable":true,"href":"https:\/\/chelso.com.br\/site\/wp-json\/wp\/v2\/tags?post=30610"}],"curies":[{"name":"wp","href":"https:\/\/api.w.org\/{rel}","templated":true}]}}