{"id":30658,"date":"2026-04-30T18:24:00","date_gmt":"2026-04-30T21:24:00","guid":{"rendered":"https:\/\/chelso.com.br\/site\/?p=30658"},"modified":"2026-04-30T18:28:29","modified_gmt":"2026-04-30T21:28:29","slug":"30658-2","status":"publish","type":"post","link":"https:\/\/chelso.com.br\/site\/30658-2\/","title":{"rendered":"Maratona de Piracicaba: Abertura oficial da EXPO aconteceu na manh\u00e3 desta quinta, dia 30\/4"},"content":{"rendered":"<p>A EXPO Maratona foi aberta oficialmente na manh\u00e3 desta quinta-feira, dia 30 de abril, na Matriz da Sicoob Cocre, localizada a avenida C\u00e1ssio Pascoal Padovani, 184, no bairro Morumbi, em Piracicaba.<\/p>\n<p>Com a presen\u00e7a do CEO da Chelso Sports Guilherme Celso, do Secret\u00e1rio Municipal de Esportes, Lazer e Atividades Motoras de Piracicaba Roger Carneiro e do Diretor de Opera\u00e7\u00f5es e Financeiro da Sicoob Cocre Piracicaba Paulo Massarutto, o evento tamb\u00e9m contou com a presen\u00e7a de convidados e da imprensa.<\/p>\n<p>Com in\u00edcio das atividades na EXPO Maratona, que acontece de hoje dia 30, at\u00e9 o pr\u00f3ximo s\u00e1bado, dia 2 de maio, a Sicoob Cocre se torna a \u201cCasa da Maratona de Piracicaba\u201d.<\/p>\n<p><img fetchpriority=\"high\" decoding=\"async\" class=\"wp-image-30659 aligncenter\" src=\"https:\/\/chelso.com.br\/site\/wp-content\/uploads\/2026\/04\/WhatsApp-Image-2026-04-30-at-11.54.30-200x300.jpeg\" alt=\"\" width=\"468\" height=\"702\" srcset=\"https:\/\/chelso.com.br\/site\/wp-content\/uploads\/2026\/04\/WhatsApp-Image-2026-04-30-at-11.54.30-200x300.jpeg 200w, https:\/\/chelso.com.br\/site\/wp-content\/uploads\/2026\/04\/WhatsApp-Image-2026-04-30-at-11.54.30-682x1024.jpeg 682w, https:\/\/chelso.com.br\/site\/wp-content\/uploads\/2026\/04\/WhatsApp-Image-2026-04-30-at-11.54.30-1024x1536.jpeg 1024w, https:\/\/chelso.com.br\/site\/wp-content\/uploads\/2026\/04\/WhatsApp-Image-2026-04-30-at-11.54.30-1365x2048.jpeg 1365w, https:\/\/chelso.com.br\/site\/wp-content\/uploads\/2026\/04\/WhatsApp-Image-2026-04-30-at-11.54.30-150x225.jpeg 150w, https:\/\/chelso.com.br\/site\/wp-content\/uploads\/2026\/04\/WhatsApp-Image-2026-04-30-at-11.54.30-450x675.jpeg 450w, https:\/\/chelso.com.br\/site\/wp-content\/uploads\/2026\/04\/WhatsApp-Image-2026-04-30-at-11.54.30-1200x1801.jpeg 1200w, https:\/\/chelso.com.br\/site\/wp-content\/uploads\/2026\/04\/WhatsApp-Image-2026-04-30-at-11.54.30-768x1152.jpeg 768w, https:\/\/chelso.com.br\/site\/wp-content\/uploads\/2026\/04\/WhatsApp-Image-2026-04-30-at-11.54.30.jpeg 1706w\" sizes=\"(max-width: 468px) 100vw, 468px\" \/><\/p>\n<p>Para o CEO da Chelso Sports, Guilherme Celso, esse \u00e9 o pontap\u00e9 inicial para a primeira edi\u00e7\u00e3o da Maratona de Piracicaba que foi sonhada e planejada h\u00e1 muitos anos. \u201cEstamos felizes com o trabalho que est\u00e1 sendo concretizado, planejado e executado por diversas pessoas que se empenham para entregar o melhor para todos os participantes das provas de 5 km, 10 km, 21 km e de 42 km.\u201d<\/p>\n<p>Na opini\u00e3o do Diretor de Opera\u00e7\u00f5es e Financeiro da Sicoob Cocre em Piracicaba, Paulo Massarutto, a Sicoob Cocre d\u00e1 mais um passo importante em sua miss\u00e3o de incentivar e acreditar na comunidade de Piracicaba ao apoiar a pr\u00e1tica esportiva e o bem-estar de toda a popula\u00e7\u00e3o. \u201cSomos uma cooperativa que busca oferecer as melhores alternativas financeiras \u00e0s pessoas, mas tamb\u00e9m queremos ser a inspira\u00e7\u00e3o para que outras institui\u00e7\u00f5es no futuro possam seguir o nosso exemplo para investir em parcerias desta natureza.\u201d \u2013 ressalta Paulo Massarutto.<\/p>\n<p><img decoding=\"async\" class=\" wp-image-30660 aligncenter\" src=\"https:\/\/chelso.com.br\/site\/wp-content\/uploads\/2026\/04\/WhatsApp-Image-2026-04-30-at-11.54.34-300x200.jpeg\" alt=\"\" width=\"568\" height=\"378\" srcset=\"https:\/\/chelso.com.br\/site\/wp-content\/uploads\/2026\/04\/WhatsApp-Image-2026-04-30-at-11.54.34-300x200.jpeg 300w, https:\/\/chelso.com.br\/site\/wp-content\/uploads\/2026\/04\/WhatsApp-Image-2026-04-30-at-11.54.34-1024x682.jpeg 1024w, https:\/\/chelso.com.br\/site\/wp-content\/uploads\/2026\/04\/WhatsApp-Image-2026-04-30-at-11.54.34-1536x1024.jpeg 1536w, https:\/\/chelso.com.br\/site\/wp-content\/uploads\/2026\/04\/WhatsApp-Image-2026-04-30-at-11.54.34-2048x1365.jpeg 2048w, https:\/\/chelso.com.br\/site\/wp-content\/uploads\/2026\/04\/WhatsApp-Image-2026-04-30-at-11.54.34-150x100.jpeg 150w, https:\/\/chelso.com.br\/site\/wp-content\/uploads\/2026\/04\/WhatsApp-Image-2026-04-30-at-11.54.34-450x300.jpeg 450w, https:\/\/chelso.com.br\/site\/wp-content\/uploads\/2026\/04\/WhatsApp-Image-2026-04-30-at-11.54.34-1200x800.jpeg 1200w, https:\/\/chelso.com.br\/site\/wp-content\/uploads\/2026\/04\/WhatsApp-Image-2026-04-30-at-11.54.34-768x512.jpeg 768w\" sizes=\"(max-width: 568px) 100vw, 568px\" \/><\/p>\n<p>Para o Secret\u00e1rio de Esportes, Lazer e Atividades Motoras de Piracicaba, Roger Carneiro, \u00e9 um orgulho para a administra\u00e7\u00e3o p\u00fablica apoiar uma iniciativa como a Maratona de Piracicaba, que durante os dias da EXPO e das provas, fomenta o esporte, o turismo e o desenvolvimento econ\u00f4mico do munic\u00edpio.<\/p>\n<p>\u201cDurante v\u00e1rios anos a popula\u00e7\u00e3o saia da cidade no feriado de 1\u00ba de maio, mas, com a Maratona esse movimento muda um pouco, j\u00e1 que as provas proporcionam a chegada de atletas e de suas fam\u00edlias \u00e0 cidade, o que movimenta a economia e o turismo local.\u201d \u2013 ressalta Roger Carneiro.<\/p>\n<p><img decoding=\"async\" class=\"wp-image-30661 aligncenter\" src=\"https:\/\/chelso.com.br\/site\/wp-content\/uploads\/2026\/04\/WhatsApp-Image-2026-04-30-at-11.54.34-2-300x200.jpeg\" alt=\"\" width=\"566\" height=\"377\" srcset=\"https:\/\/chelso.com.br\/site\/wp-content\/uploads\/2026\/04\/WhatsApp-Image-2026-04-30-at-11.54.34-2-300x200.jpeg 300w, https:\/\/chelso.com.br\/site\/wp-content\/uploads\/2026\/04\/WhatsApp-Image-2026-04-30-at-11.54.34-2-1024x682.jpeg 1024w, https:\/\/chelso.com.br\/site\/wp-content\/uploads\/2026\/04\/WhatsApp-Image-2026-04-30-at-11.54.34-2-1536x1024.jpeg 1536w, https:\/\/chelso.com.br\/site\/wp-content\/uploads\/2026\/04\/WhatsApp-Image-2026-04-30-at-11.54.34-2-2048x1365.jpeg 2048w, https:\/\/chelso.com.br\/site\/wp-content\/uploads\/2026\/04\/WhatsApp-Image-2026-04-30-at-11.54.34-2-150x100.jpeg 150w, https:\/\/chelso.com.br\/site\/wp-content\/uploads\/2026\/04\/WhatsApp-Image-2026-04-30-at-11.54.34-2-450x300.jpeg 450w, https:\/\/chelso.com.br\/site\/wp-content\/uploads\/2026\/04\/WhatsApp-Image-2026-04-30-at-11.54.34-2-1200x800.jpeg 1200w, https:\/\/chelso.com.br\/site\/wp-content\/uploads\/2026\/04\/WhatsApp-Image-2026-04-30-at-11.54.34-2-768x512.jpeg 768w\" sizes=\"(max-width: 566px) 100vw, 566px\" \/><\/p>\n<p><strong>HOR\u00c1RIOS DE FUNCIONAMENTO DA EXPO MARATONA DE PIRACICABA<\/strong><\/p>\n<p><strong>Aberta aos participantes e popula\u00e7\u00e3o em geral:<\/strong><\/p>\n<p>Quinta-feira, dia 30 de abril, das 11h \u00e0s 20h,<\/p>\n<p>Sexta-feira, dia 1\u00ba de maio, das 11h \u00e0s 20h,<\/p>\n<p>S\u00e1bado, dia 2 de maio, das 10h \u00e0s 15h.<\/p>\n<p><strong>CALEND\u00c1RIO DE EVENTOS DA EXPO MARATONA<\/strong><\/p>\n<p>A EXPO Maratona foi aberta oficialmente nesta quinta-feira, dia 30 de abril, e segue at\u00e9 o pr\u00f3ximo s\u00e1bado, dia 2 de maio, com diversas atividades que acontecem na sede da Matriz da Sicoob Cocre em Piracicaba.<\/p>\n<p><strong><u>WORKSHOP FOTTO<\/u><\/strong><\/p>\n<p><strong>Sexta-feira, dia 1\u00ba de maio, das 11h30 \u00e0s 14h30:<\/strong><\/p>\n<p><strong>Tema:<\/strong> \u00a0Um momento de muito conte\u00fado, troca de experi\u00eancia e conex\u00e3o com quem vive o esporte e registra cada conquista de perto!<\/p>\n<p><strong><u>PALESTRA:<\/u><\/strong> Nutricionista Rebeca Haddad<\/p>\n<p><strong>Sexta-feira, dia 1\u00ba de maio, \u00e0s 15h:<\/strong><\/p>\n<p><strong>Tema:<\/strong> Orienta\u00e7\u00f5es e novidades sobre nutri\u00e7\u00e3o esportiva.<\/p>\n<p><strong><u>PALESTRA:<\/u><\/strong> Osteopata e Atleta Gabriel Boal<\/p>\n<p><strong>Sexta-feira, dia 1\u00ba de maio, \u00e0s 15h30:<\/strong><\/p>\n<p><strong>Tema:<\/strong> Mais conhecimento, performance e troca com quem vive o esporte de verdade!<\/p>\n<p><strong><u>PALESTRA:<\/u><\/strong> Professor TIO Nilson<\/p>\n<p><strong>Sexta-feira, dia 1\u00ba de maio, \u00e0s 18h30:<\/strong><\/p>\n<p><strong>Tema:<\/strong> Ele compartilha conhecimento, viv\u00eancia e tudo que a corrida ensina dentro e fora das provas.<\/p>\n<p><strong><u>PALESTRA:<\/u><\/strong> Alex Farjado (Correria Campinas)<\/p>\n<p><strong>S\u00e1bado, dia 2 de maio, \u00e0s 10h30:<\/strong><\/p>\n<p><strong>Tema:<\/strong> O que acontece entre a largada e a medalha. Os aprendizados, desafios e as li\u00e7\u00f5es que s\u00f3 a Maratona ensina.<\/p>\n<p><strong><u>PALESTRA:<\/u><\/strong> Isadora Correr<\/p>\n<p><strong>S\u00e1bado, dia 2 de maio, \u00e0s 10h30:<\/strong><\/p>\n<p><strong>Tema:<\/strong> Performance, evolu\u00e7\u00e3o no esporte e a mentalidade que transforma esfor\u00e7o em resultado.<\/p>\n<p><strong><u>PALESTRA:<\/u><\/strong> Guilherme Celso (CEO Chelso Sportes) e Lucas Bueno (Diretor de Opera\u00e7\u00f5es). Um encontro para entender como vai funcionar a primeira edi\u00e7\u00e3o da Maratona de Piracicaba.<\/p>\n<p><strong>S\u00e1bado, dia 2 de maio, \u00e0s 13h30:<\/strong><\/p>\n<p><strong>Tema:<\/strong> Simp\u00f3sio T\u00e9cnico Elite.<\/p>\n<p><strong>EXPOSITORES DA EXPO MARATONA<\/strong><\/p>\n<p>Mini Mundo 3D;<\/p>\n<p>Care Club Piracicaba;<\/p>\n<p>World Tennis;<\/p>\n<p>Sicoob Cocre;<\/p>\n<p>Estamparei.hi;<\/p>\n<p>LaserDream;<\/p>\n<p>RunFor;<\/p>\n<p>Fotto;<\/p>\n<p>Cervejaria Dama Bier;<\/p>\n<p>Caf\u00e9 Morro Grande;<\/p>\n<p>Espa\u00e7o Vida Natural.<\/p>\n<p><strong>Sobre a Chelso Sports:<\/strong> Com sede em Piracicaba, a Chelso Sports \u00e9 uma das principais empresas de organiza\u00e7\u00e3o e gest\u00e3o de eventos esportivos do Brasil. Especializada em corridas de rua, triathlon e projetos outdoor, a empresa alia excel\u00eancia t\u00e9cnica a experi\u00eancias memor\u00e1veis, movimentando milhares de atletas e fomentando o turismo nas cidades onde atua.<\/p>\n<p><strong>Sobre a Sicoob Cocre:<\/strong> A Sicoob Cocre \u00e9 uma institui\u00e7\u00e3o financeira cooperativa com mais de 30 mil cooperados, reconhecida pelo incentivo \u00e0 sa\u00fade f\u00edsica e mental e pelo compromisso com o desenvolvimento das comunidades onde atua.<\/p>\n<p><img loading=\"lazy\" decoding=\"async\" class=\"wp-image-30614 aligncenter\" src=\"https:\/\/chelso.com.br\/site\/wp-content\/uploads\/2026\/04\/WhatsApp-Image-2026-04-29-at-08.47.00-300x300.jpeg\" alt=\"\" width=\"536\" height=\"536\" srcset=\"https:\/\/chelso.com.br\/site\/wp-content\/uploads\/2026\/04\/WhatsApp-Image-2026-04-29-at-08.47.00-300x300.jpeg 300w, https:\/\/chelso.com.br\/site\/wp-content\/uploads\/2026\/04\/WhatsApp-Image-2026-04-29-at-08.47.00-150x150.jpeg 150w, https:\/\/chelso.com.br\/site\/wp-content\/uploads\/2026\/04\/WhatsApp-Image-2026-04-29-at-08.47.00-450x450.jpeg 450w, https:\/\/chelso.com.br\/site\/wp-content\/uploads\/2026\/04\/WhatsApp-Image-2026-04-29-at-08.47.00.jpeg 512w\" sizes=\"(max-width: 536px) 100vw, 536px\" \/><\/p>\n<p>&nbsp;<\/p>\n<p><strong>Informa\u00e7\u00f5es gerais da Maratona de Piracicaba<\/strong><\/p>\n<p><strong>Data<\/strong>: 02 de maio de 2026<\/p>\n<p><strong>Concentra\u00e7\u00e3o:<\/strong><strong>\u00a0<\/strong>a partir das 5h40.<\/p>\n<p><strong>Largada<\/strong> <strong>10 km<\/strong><strong> \u00e0s 6h40 e \u00e0s 7h para os <\/strong><strong>5 km<\/strong><strong>:<\/strong>\u00a0Parque da Rua do Porto<\/p>\n<p><strong>Data<\/strong>: 03 de maio de 2026<\/p>\n<p><strong>Concentra\u00e7\u00e3o:<\/strong><strong>\u00a0<\/strong>a partir das 4h.<\/p>\n<p><strong>Largada Elite e Geral 21 km e 42 km<\/strong><strong>, \u00e0s 5h:<\/strong>\u00a0Est\u00e1dio Municipal \u201cBar\u00e3o da Serra Negra\u201d<\/p>\n<p><strong>Chegada<\/strong>: provas 21 km e 42 km, no Parque da Rua do Porto, na avenida Alidor Pecorari (frente aos pedalinhos).<\/p>\n<p><strong>Observa\u00e7\u00e3o:<\/strong>\u00a0Todos os atletas de 21 km e 42 km devem estar com atestado m\u00e9dico atualizado.<\/p>\n<p><strong>Inscri\u00e7\u00f5es abertas<\/strong><strong>:\u00a0<\/strong><a href=\"https:\/\/www.maratonadepiracicaba.com.br\/\">https:\/\/www.maratonadepiracicaba.com.br\/<\/a>a partir dos 14 anos (5 km), 16 anos (10 km), 18 anos (21 km) e 20 anos (42 km).<\/p>\n<p><strong>Premia\u00e7\u00e3o em dinheiro:<\/strong>\u00a0Aos cinco primeiros colocados na Elite dos 42 km (masculino e feminino)<\/p>\n<p><strong>Retirada dos kits:<\/strong><\/p>\n<p><strong>Dia 30 de abril<\/strong> (quinta-feira), da 11h \u00e0s 20h;<\/p>\n<p><strong>Dia 01 de maio<\/strong> (sexta-feira), 11h \u00e0s 20h;<\/p>\n<p><strong>Dia 02 de maio<\/strong> (s\u00e1bado), 10h \u00e0s 15h.<\/p>\n<p><strong>Local: Sicoob Cocre Matriz<\/strong><\/p>\n<p><strong>Endere\u00e7o<\/strong>: Avenida C\u00e1ssio Pascoal Padovani, 184, Morumbi \u2013 Piracicaba\/SP<\/p>\n<p>&nbsp;<\/p>\n<p>&nbsp;<\/p>\n<p><strong>\u00a0<\/strong><\/p>\n<p><strong>Assessoria de Imprensa Chelso Sports<\/strong><\/p>\n<p><strong>Jornalista Edilson Rodrigues de Morais, Mtb 26.319<\/strong><\/p>\n<p>(19) 99706.1570 \u2013\u00a0<a href=\"http:\/\/www.chelso.com.br\/\">www.chelso.com.br<\/a><\/p>\n","protected":false},"excerpt":{"rendered":"<p>A EXPO Maratona foi aberta oficialmente na manh\u00e3 desta quinta-feira, dia 30 de abril, na Matriz da Sicoob Cocre, localizada a avenida C\u00e1ssio Pascoal Padovani, 184, no bairro Morumbi, em Piracicaba. Com a presen\u00e7a do CEO da Chelso Sports Guilherme Celso, do Secret\u00e1rio Municipal de Esportes, Lazer e Atividades Motoras de Piracicaba Roger Carneiro e<\/p>\n","protected":false},"author":43,"featured_media":30662,"comment_status":"open","ping_status":"closed","sticky":false,"template":"","format":"standard","meta":{"om_disable_all_campaigns":false,"_monsterinsights_skip_tracking":false,"_monsterinsights_sitenote_active":false,"_monsterinsights_sitenote_note":"","_monsterinsights_sitenote_category":0,"footnotes":""},"categories":[30],"tags":[5011,5010,735],"class_list":{"0":"post-30658","1":"post","2":"type-post","3":"status-publish","4":"format-standard","5":"has-post-thumbnail","7":"category-noticias","8":"tag-maratonadepira","9":"tag-maratonadepiracicaba","10":"tag-chelso"},"aioseo_notices":[],"yoast_head":"<!-- This site is optimized with the Yoast SEO plugin v27.5 - https:\/\/yoast.com\/product\/yoast-seo-wordpress\/ -->\n<title>Maratona de Piracicaba: Abertura oficial da EXPO aconteceu na manh\u00e3 desta quinta, dia 30\/4 - Portal Chelso Sports<\/title>\n<meta name=\"robots\" content=\"index, follow, max-snippet:-1, max-image-preview:large, max-video-preview:-1\" \/>\n<link rel=\"canonical\" href=\"https:\/\/chelso.com.br\/site\/30658-2\/\" \/>\n<meta property=\"og:locale\" content=\"pt_BR\" \/>\n<meta property=\"og:type\" content=\"article\" \/>\n<meta property=\"og:title\" content=\"Maratona de Piracicaba: Abertura oficial da EXPO aconteceu na manh\u00e3 desta quinta, dia 30\/4 - Portal Chelso Sports\" \/>\n<meta property=\"og:description\" content=\"A EXPO Maratona foi aberta oficialmente na manh\u00e3 desta quinta-feira, dia 30 de abril, na Matriz da Sicoob Cocre, localizada a avenida C\u00e1ssio Pascoal Padovani, 184, no bairro Morumbi, em Piracicaba. Com a presen\u00e7a do CEO da Chelso Sports Guilherme Celso, do Secret\u00e1rio Municipal de Esportes, Lazer e Atividades Motoras de Piracicaba Roger Carneiro e\" \/>\n<meta property=\"og:url\" content=\"https:\/\/chelso.com.br\/site\/30658-2\/\" \/>\n<meta property=\"og:site_name\" content=\"Portal Chelso Sports\" \/>\n<meta property=\"article:published_time\" content=\"2026-04-30T21:24:00+00:00\" \/>\n<meta property=\"article:modified_time\" content=\"2026-04-30T21:28:29+00:00\" \/>\n<meta property=\"og:image\" content=\"https:\/\/chelso.com.br\/site\/wp-content\/uploads\/2026\/04\/WhatsApp-Image-2026-04-30-at-11.54.30-1.jpeg\" \/>\n\t<meta property=\"og:image:width\" content=\"2560\" \/>\n\t<meta property=\"og:image:height\" content=\"1706\" \/>\n\t<meta property=\"og:image:type\" content=\"image\/jpeg\" \/>\n<meta name=\"author\" content=\"Edilson Rodrigues\" \/>\n<meta name=\"twitter:card\" content=\"summary_large_image\" \/>\n<meta name=\"twitter:label1\" content=\"Escrito por\" \/>\n\t<meta name=\"twitter:data1\" content=\"Edilson Rodrigues\" \/>\n\t<meta name=\"twitter:label2\" content=\"Est. tempo de leitura\" \/>\n\t<meta name=\"twitter:data2\" content=\"7 minutos\" \/>\n<script type=\"application\/ld+json\" class=\"yoast-schema-graph\">{\"@context\":\"https:\\\/\\\/schema.org\",\"@graph\":[{\"@type\":\"Article\",\"@id\":\"https:\\\/\\\/chelso.com.br\\\/site\\\/30658-2\\\/#article\",\"isPartOf\":{\"@id\":\"https:\\\/\\\/chelso.com.br\\\/site\\\/30658-2\\\/\"},\"author\":{\"name\":\"Edilson Rodrigues\",\"@id\":\"https:\\\/\\\/chelso.com.br\\\/site\\\/#\\\/schema\\\/person\\\/a1e459f9cc882778a4f1367cb2ba51e3\"},\"headline\":\"Maratona de Piracicaba: Abertura oficial da EXPO aconteceu na manh\u00e3 desta quinta, dia 30\\\/4\",\"datePublished\":\"2026-04-30T21:24:00+00:00\",\"dateModified\":\"2026-04-30T21:28:29+00:00\",\"mainEntityOfPage\":{\"@id\":\"https:\\\/\\\/chelso.com.br\\\/site\\\/30658-2\\\/\"},\"wordCount\":989,\"commentCount\":0,\"image\":{\"@id\":\"https:\\\/\\\/chelso.com.br\\\/site\\\/30658-2\\\/#primaryimage\"},\"thumbnailUrl\":\"https:\\\/\\\/chelso.com.br\\\/site\\\/wp-content\\\/uploads\\\/2026\\\/04\\\/WhatsApp-Image-2026-04-30-at-11.54.30-1.jpeg\",\"keywords\":[\"#maratonadepira\",\"#maratonadepiracicaba\",\"Chelso\"],\"articleSection\":[\"Not\u00edcias\"],\"inLanguage\":\"pt-BR\",\"potentialAction\":[{\"@type\":\"CommentAction\",\"name\":\"Comment\",\"target\":[\"https:\\\/\\\/chelso.com.br\\\/site\\\/30658-2\\\/#respond\"]}]},{\"@type\":\"WebPage\",\"@id\":\"https:\\\/\\\/chelso.com.br\\\/site\\\/30658-2\\\/\",\"url\":\"https:\\\/\\\/chelso.com.br\\\/site\\\/30658-2\\\/\",\"name\":\"Maratona de Piracicaba: Abertura oficial da EXPO aconteceu na manh\u00e3 desta quinta, dia 30\\\/4 - Portal Chelso Sports\",\"isPartOf\":{\"@id\":\"https:\\\/\\\/chelso.com.br\\\/site\\\/#website\"},\"primaryImageOfPage\":{\"@id\":\"https:\\\/\\\/chelso.com.br\\\/site\\\/30658-2\\\/#primaryimage\"},\"image\":{\"@id\":\"https:\\\/\\\/chelso.com.br\\\/site\\\/30658-2\\\/#primaryimage\"},\"thumbnailUrl\":\"https:\\\/\\\/chelso.com.br\\\/site\\\/wp-content\\\/uploads\\\/2026\\\/04\\\/WhatsApp-Image-2026-04-30-at-11.54.30-1.jpeg\",\"datePublished\":\"2026-04-30T21:24:00+00:00\",\"dateModified\":\"2026-04-30T21:28:29+00:00\",\"author\":{\"@id\":\"https:\\\/\\\/chelso.com.br\\\/site\\\/#\\\/schema\\\/person\\\/a1e459f9cc882778a4f1367cb2ba51e3\"},\"breadcrumb\":{\"@id\":\"https:\\\/\\\/chelso.com.br\\\/site\\\/30658-2\\\/#breadcrumb\"},\"inLanguage\":\"pt-BR\",\"potentialAction\":[{\"@type\":\"ReadAction\",\"target\":[\"https:\\\/\\\/chelso.com.br\\\/site\\\/30658-2\\\/\"]}]},{\"@type\":\"ImageObject\",\"inLanguage\":\"pt-BR\",\"@id\":\"https:\\\/\\\/chelso.com.br\\\/site\\\/30658-2\\\/#primaryimage\",\"url\":\"https:\\\/\\\/chelso.com.br\\\/site\\\/wp-content\\\/uploads\\\/2026\\\/04\\\/WhatsApp-Image-2026-04-30-at-11.54.30-1.jpeg\",\"contentUrl\":\"https:\\\/\\\/chelso.com.br\\\/site\\\/wp-content\\\/uploads\\\/2026\\\/04\\\/WhatsApp-Image-2026-04-30-at-11.54.30-1.jpeg\",\"width\":2560,\"height\":1706},{\"@type\":\"BreadcrumbList\",\"@id\":\"https:\\\/\\\/chelso.com.br\\\/site\\\/30658-2\\\/#breadcrumb\",\"itemListElement\":[{\"@type\":\"ListItem\",\"position\":1,\"name\":\"In\u00edcio\",\"item\":\"https:\\\/\\\/chelso.com.br\\\/site\\\/\"},{\"@type\":\"ListItem\",\"position\":2,\"name\":\"Maratona de Piracicaba: Abertura oficial da EXPO aconteceu na manh\u00e3 desta quinta, dia 30\\\/4\"}]},{\"@type\":\"WebSite\",\"@id\":\"https:\\\/\\\/chelso.com.br\\\/site\\\/#website\",\"url\":\"https:\\\/\\\/chelso.com.br\\\/site\\\/\",\"name\":\"Portal Chelso Sports\",\"description\":\"Conte\u00fado especializado em corrida de rua e triathlon\",\"potentialAction\":[{\"@type\":\"SearchAction\",\"target\":{\"@type\":\"EntryPoint\",\"urlTemplate\":\"https:\\\/\\\/chelso.com.br\\\/site\\\/?s={search_term_string}\"},\"query-input\":{\"@type\":\"PropertyValueSpecification\",\"valueRequired\":true,\"valueName\":\"search_term_string\"}}],\"inLanguage\":\"pt-BR\"},{\"@type\":\"Person\",\"@id\":\"https:\\\/\\\/chelso.com.br\\\/site\\\/#\\\/schema\\\/person\\\/a1e459f9cc882778a4f1367cb2ba51e3\",\"name\":\"Edilson Rodrigues\",\"image\":{\"@type\":\"ImageObject\",\"inLanguage\":\"pt-BR\",\"@id\":\"https:\\\/\\\/chelso.com.br\\\/site\\\/wp-content\\\/uploads\\\/2024\\\/09\\\/Captura-de-tela-2024-09-27-170323-150x150.png\",\"url\":\"https:\\\/\\\/chelso.com.br\\\/site\\\/wp-content\\\/uploads\\\/2024\\\/09\\\/Captura-de-tela-2024-09-27-170323-150x150.png\",\"contentUrl\":\"https:\\\/\\\/chelso.com.br\\\/site\\\/wp-content\\\/uploads\\\/2024\\\/09\\\/Captura-de-tela-2024-09-27-170323-150x150.png\",\"caption\":\"Edilson Rodrigues\"},\"url\":\"https:\\\/\\\/chelso.com.br\\\/site\\\/author\\\/edilson\\\/\"}]}<\/script>\n<!-- \/ Yoast SEO plugin. -->","yoast_head_json":{"title":"Maratona de Piracicaba: Abertura oficial da EXPO aconteceu na manh\u00e3 desta quinta, dia 30\/4 - Portal Chelso Sports","robots":{"index":"index","follow":"follow","max-snippet":"max-snippet:-1","max-image-preview":"max-image-preview:large","max-video-preview":"max-video-preview:-1"},"canonical":"https:\/\/chelso.com.br\/site\/30658-2\/","og_locale":"pt_BR","og_type":"article","og_title":"Maratona de Piracicaba: Abertura oficial da EXPO aconteceu na manh\u00e3 desta quinta, dia 30\/4 - Portal Chelso Sports","og_description":"A EXPO Maratona foi aberta oficialmente na manh\u00e3 desta quinta-feira, dia 30 de abril, na Matriz da Sicoob Cocre, localizada a avenida C\u00e1ssio Pascoal Padovani, 184, no bairro Morumbi, em Piracicaba. Com a presen\u00e7a do CEO da Chelso Sports Guilherme Celso, do Secret\u00e1rio Municipal de Esportes, Lazer e Atividades Motoras de Piracicaba Roger Carneiro e","og_url":"https:\/\/chelso.com.br\/site\/30658-2\/","og_site_name":"Portal Chelso Sports","article_published_time":"2026-04-30T21:24:00+00:00","article_modified_time":"2026-04-30T21:28:29+00:00","og_image":[{"width":2560,"height":1706,"url":"https:\/\/chelso.com.br\/site\/wp-content\/uploads\/2026\/04\/WhatsApp-Image-2026-04-30-at-11.54.30-1.jpeg","type":"image\/jpeg"}],"author":"Edilson Rodrigues","twitter_card":"summary_large_image","twitter_misc":{"Escrito por":"Edilson Rodrigues","Est. tempo de leitura":"7 minutos"},"schema":{"@context":"https:\/\/schema.org","@graph":[{"@type":"Article","@id":"https:\/\/chelso.com.br\/site\/30658-2\/#article","isPartOf":{"@id":"https:\/\/chelso.com.br\/site\/30658-2\/"},"author":{"name":"Edilson Rodrigues","@id":"https:\/\/chelso.com.br\/site\/#\/schema\/person\/a1e459f9cc882778a4f1367cb2ba51e3"},"headline":"Maratona de Piracicaba: Abertura oficial da EXPO aconteceu na manh\u00e3 desta quinta, dia 30\/4","datePublished":"2026-04-30T21:24:00+00:00","dateModified":"2026-04-30T21:28:29+00:00","mainEntityOfPage":{"@id":"https:\/\/chelso.com.br\/site\/30658-2\/"},"wordCount":989,"commentCount":0,"image":{"@id":"https:\/\/chelso.com.br\/site\/30658-2\/#primaryimage"},"thumbnailUrl":"https:\/\/chelso.com.br\/site\/wp-content\/uploads\/2026\/04\/WhatsApp-Image-2026-04-30-at-11.54.30-1.jpeg","keywords":["#maratonadepira","#maratonadepiracicaba","Chelso"],"articleSection":["Not\u00edcias"],"inLanguage":"pt-BR","potentialAction":[{"@type":"CommentAction","name":"Comment","target":["https:\/\/chelso.com.br\/site\/30658-2\/#respond"]}]},{"@type":"WebPage","@id":"https:\/\/chelso.com.br\/site\/30658-2\/","url":"https:\/\/chelso.com.br\/site\/30658-2\/","name":"Maratona de Piracicaba: Abertura oficial da EXPO aconteceu na manh\u00e3 desta quinta, dia 30\/4 - Portal Chelso Sports","isPartOf":{"@id":"https:\/\/chelso.com.br\/site\/#website"},"primaryImageOfPage":{"@id":"https:\/\/chelso.com.br\/site\/30658-2\/#primaryimage"},"image":{"@id":"https:\/\/chelso.com.br\/site\/30658-2\/#primaryimage"},"thumbnailUrl":"https:\/\/chelso.com.br\/site\/wp-content\/uploads\/2026\/04\/WhatsApp-Image-2026-04-30-at-11.54.30-1.jpeg","datePublished":"2026-04-30T21:24:00+00:00","dateModified":"2026-04-30T21:28:29+00:00","author":{"@id":"https:\/\/chelso.com.br\/site\/#\/schema\/person\/a1e459f9cc882778a4f1367cb2ba51e3"},"breadcrumb":{"@id":"https:\/\/chelso.com.br\/site\/30658-2\/#breadcrumb"},"inLanguage":"pt-BR","potentialAction":[{"@type":"ReadAction","target":["https:\/\/chelso.com.br\/site\/30658-2\/"]}]},{"@type":"ImageObject","inLanguage":"pt-BR","@id":"https:\/\/chelso.com.br\/site\/30658-2\/#primaryimage","url":"https:\/\/chelso.com.br\/site\/wp-content\/uploads\/2026\/04\/WhatsApp-Image-2026-04-30-at-11.54.30-1.jpeg","contentUrl":"https:\/\/chelso.com.br\/site\/wp-content\/uploads\/2026\/04\/WhatsApp-Image-2026-04-30-at-11.54.30-1.jpeg","width":2560,"height":1706},{"@type":"BreadcrumbList","@id":"https:\/\/chelso.com.br\/site\/30658-2\/#breadcrumb","itemListElement":[{"@type":"ListItem","position":1,"name":"In\u00edcio","item":"https:\/\/chelso.com.br\/site\/"},{"@type":"ListItem","position":2,"name":"Maratona de Piracicaba: Abertura oficial da EXPO aconteceu na manh\u00e3 desta quinta, dia 30\/4"}]},{"@type":"WebSite","@id":"https:\/\/chelso.com.br\/site\/#website","url":"https:\/\/chelso.com.br\/site\/","name":"Portal Chelso Sports","description":"Conte\u00fado especializado em corrida de rua e triathlon","potentialAction":[{"@type":"SearchAction","target":{"@type":"EntryPoint","urlTemplate":"https:\/\/chelso.com.br\/site\/?s={search_term_string}"},"query-input":{"@type":"PropertyValueSpecification","valueRequired":true,"valueName":"search_term_string"}}],"inLanguage":"pt-BR"},{"@type":"Person","@id":"https:\/\/chelso.com.br\/site\/#\/schema\/person\/a1e459f9cc882778a4f1367cb2ba51e3","name":"Edilson Rodrigues","image":{"@type":"ImageObject","inLanguage":"pt-BR","@id":"https:\/\/chelso.com.br\/site\/wp-content\/uploads\/2024\/09\/Captura-de-tela-2024-09-27-170323-150x150.png","url":"https:\/\/chelso.com.br\/site\/wp-content\/uploads\/2024\/09\/Captura-de-tela-2024-09-27-170323-150x150.png","contentUrl":"https:\/\/chelso.com.br\/site\/wp-content\/uploads\/2024\/09\/Captura-de-tela-2024-09-27-170323-150x150.png","caption":"Edilson Rodrigues"},"url":"https:\/\/chelso.com.br\/site\/author\/edilson\/"}]}},"amp_enabled":true,"_links":{"self":[{"href":"https:\/\/chelso.com.br\/site\/wp-json\/wp\/v2\/posts\/30658","targetHints":{"allow":["GET"]}}],"collection":[{"href":"https:\/\/chelso.com.br\/site\/wp-json\/wp\/v2\/posts"}],"about":[{"href":"https:\/\/chelso.com.br\/site\/wp-json\/wp\/v2\/types\/post"}],"author":[{"embeddable":true,"href":"https:\/\/chelso.com.br\/site\/wp-json\/wp\/v2\/users\/43"}],"replies":[{"embeddable":true,"href":"https:\/\/chelso.com.br\/site\/wp-json\/wp\/v2\/comments?post=30658"}],"version-history":[{"count":2,"href":"https:\/\/chelso.com.br\/site\/wp-json\/wp\/v2\/posts\/30658\/revisions"}],"predecessor-version":[{"id":30664,"href":"https:\/\/chelso.com.br\/site\/wp-json\/wp\/v2\/posts\/30658\/revisions\/30664"}],"wp:featuredmedia":[{"embeddable":true,"href":"https:\/\/chelso.com.br\/site\/wp-json\/wp\/v2\/media\/30662"}],"wp:attachment":[{"href":"https:\/\/chelso.com.br\/site\/wp-json\/wp\/v2\/media?parent=30658"}],"wp:term":[{"taxonomy":"category","embeddable":true,"href":"https:\/\/chelso.com.br\/site\/wp-json\/wp\/v2\/categories?post=30658"},{"taxonomy":"post_tag","embeddable":true,"href":"https:\/\/chelso.com.br\/site\/wp-json\/wp\/v2\/tags?post=30658"}],"curies":[{"name":"wp","href":"https:\/\/api.w.org\/{rel}","templated":true}]}}