{"id":31069,"date":"2026-05-28T14:52:58","date_gmt":"2026-05-28T17:52:58","guid":{"rendered":"https:\/\/chelso.com.br\/site\/?p=31069"},"modified":"2026-05-28T14:56:55","modified_gmt":"2026-05-28T17:56:55","slug":"93o-episodio-do-falatimecast-alice-valsechi","status":"publish","type":"post","link":"https:\/\/chelso.com.br\/site\/93o-episodio-do-falatimecast-alice-valsechi\/","title":{"rendered":"93\u00ba epis\u00f3dio do FalaTimeCast: Alice Valsechi"},"content":{"rendered":"<p>O CEO da Chelso Sports, Guilherme Celso, entrevista Alice Valsechi que participa do 93\u00ba epis\u00f3dio do FalaTimeCast.<\/p>\n<p>Durante o bate-papo, a jovem atleta fala sobre o entendimento que teve sobre as fases da corrida e o nascimento de uma conex\u00e3o genu\u00edna com pessoas que vivem a mesma realidade.<\/p>\n<p>Alice fala ainda da transforma\u00e7\u00e3o consigo mesma, da perda de peso e das mudan\u00e7as nos h\u00e1bitos alimentares, da autoestima, da confian\u00e7a e da liberdade de se olhar para o espelho com mais leveza, deixando inseguran\u00e7as para tr\u00e1s e aprendendo a se colocar em primeiro lugar.<\/p>\n<p>E hoje, entre o sonho de correr 42 quil\u00f4metros e os desafios do dia a dia, ela descobriu que a corrida \u00e9 muito mais do que esporte \u00e9 um encontro consigo, um espa\u00e7o de supera\u00e7\u00e3o, cuidado e for\u00e7a.<\/p>\n<p>Assista a este e outros epis\u00f3dios todas as quintas-feiras, no YouTube!<\/p>\n<p><img fetchpriority=\"high\" decoding=\"async\" class=\"wp-image-31070 aligncenter\" src=\"https:\/\/chelso.com.br\/site\/wp-content\/uploads\/2026\/05\/WhatsApp-Image-2026-05-28-at-14.25.30-225x300.jpeg\" alt=\"\" width=\"475\" height=\"633\" srcset=\"https:\/\/chelso.com.br\/site\/wp-content\/uploads\/2026\/05\/WhatsApp-Image-2026-05-28-at-14.25.30-225x300.jpeg 225w, https:\/\/chelso.com.br\/site\/wp-content\/uploads\/2026\/05\/WhatsApp-Image-2026-05-28-at-14.25.30-768x1024.jpeg 768w, https:\/\/chelso.com.br\/site\/wp-content\/uploads\/2026\/05\/WhatsApp-Image-2026-05-28-at-14.25.30-150x200.jpeg 150w, https:\/\/chelso.com.br\/site\/wp-content\/uploads\/2026\/05\/WhatsApp-Image-2026-05-28-at-14.25.30-450x600.jpeg 450w, https:\/\/chelso.com.br\/site\/wp-content\/uploads\/2026\/05\/WhatsApp-Image-2026-05-28-at-14.25.30.jpeg 1080w\" sizes=\"(max-width: 475px) 100vw, 475px\" \/><\/p>\n<p>&nbsp;<\/p>\n<p>&nbsp;<\/p>\n<p>&nbsp;<\/p>\n<p><strong>Cr\u00e9dito fotos: <\/strong><strong>Chelso Sports<\/strong><\/p>\n<p><strong>Assessoria de Imprensa Chelso Sports<\/strong><\/p>\n<p><strong>Jornalista Edilson Rodrigues de Morais, Mtb 26.319<\/strong><\/p>\n<p>(19) 99706.1570 \u2013\u00a0<a href=\"http:\/\/www.chelso.com.br\/\">www.chelso.com.br<\/a><\/p>\n","protected":false},"excerpt":{"rendered":"<p>O CEO da Chelso Sports, Guilherme Celso, entrevista Alice Valsechi que participa do 93\u00ba epis\u00f3dio do FalaTimeCast. Durante o bate-papo, a jovem atleta fala sobre o entendimento que teve sobre as fases da corrida e o nascimento de uma conex\u00e3o genu\u00edna com pessoas que vivem a mesma realidade. Alice fala ainda da transforma\u00e7\u00e3o consigo mesma,<\/p>\n","protected":false},"author":43,"featured_media":31073,"comment_status":"open","ping_status":"closed","sticky":false,"template":"","format":"standard","meta":{"om_disable_all_campaigns":false,"_monsterinsights_skip_tracking":false,"footnotes":""},"categories":[30],"tags":[4721,6914,6916,735,6915],"class_list":["post-31069","post","type-post","status-publish","format-standard","has-post-thumbnail","category-noticias","tag-falatimecast-chelso-podcast","tag-alice","tag-alicevalsechi","tag-chelso","tag-valsechi"],"aioseo_notices":[],"aioseo_head":"\n\t\t<!-- All in One SEO 5.0.1 - aioseo.com -->\n\t<meta name=\"description\" content=\"O CEO da Chelso Sports, Guilherme Celso, entrevista Alice Valsechi que participa do 93\u00ba epis\u00f3dio do FalaTimeCast. Durante o bate-papo, a jovem atleta fala sobre o entendimento que teve sobre as fases da corrida e o nascimento de uma conex\u00e3o genu\u00edna com pessoas que vivem a mesma realidade. Alice fala ainda da transforma\u00e7\u00e3o consigo mesma,\" \/>\n\t<meta name=\"robots\" content=\"max-image-preview:large\" \/>\n\t<meta name=\"author\" content=\"Edilson Rodrigues\"\/>\n\t<link rel=\"canonical\" href=\"https:\/\/chelso.com.br\/site\/93o-episodio-do-falatimecast-alice-valsechi\/\" \/>\n\t<meta name=\"generator\" content=\"All in One SEO (AIOSEO) 5.0.1\" \/>\n\t\t<meta property=\"og:locale\" content=\"pt_BR\" \/>\n\t\t<meta property=\"og:site_name\" content=\"Portal Chelso Sports - Conte\u00fado especializado em corrida de rua e triathlon\" \/>\n\t\t<meta property=\"og:type\" content=\"article\" \/>\n\t\t<meta property=\"og:title\" content=\"93\u00ba epis\u00f3dio do FalaTimeCast: Alice Valsechi - Portal Chelso Sports\" \/>\n\t\t<meta property=\"og:description\" content=\"O CEO da Chelso Sports, Guilherme Celso, entrevista Alice Valsechi que participa do 93\u00ba epis\u00f3dio do FalaTimeCast. Durante o bate-papo, a jovem atleta fala sobre o entendimento que teve sobre as fases da corrida e o nascimento de uma conex\u00e3o genu\u00edna com pessoas que vivem a mesma realidade. Alice fala ainda da transforma\u00e7\u00e3o consigo mesma,\" \/>\n\t\t<meta property=\"og:url\" content=\"https:\/\/chelso.com.br\/site\/93o-episodio-do-falatimecast-alice-valsechi\/\" \/>\n\t\t<meta property=\"article:published_time\" content=\"2026-05-28T17:52:58+00:00\" \/>\n\t\t<meta property=\"article:modified_time\" content=\"2026-05-28T17:56:55+00:00\" \/>\n\t\t<meta name=\"twitter:card\" content=\"summary_large_image\" \/>\n\t\t<meta name=\"twitter:title\" content=\"93\u00ba epis\u00f3dio do FalaTimeCast: Alice Valsechi - Portal Chelso Sports\" \/>\n\t\t<meta name=\"twitter:description\" content=\"O CEO da Chelso Sports, Guilherme Celso, entrevista Alice Valsechi que participa do 93\u00ba epis\u00f3dio do FalaTimeCast. Durante o bate-papo, a jovem atleta fala sobre o entendimento que teve sobre as fases da corrida e o nascimento de uma conex\u00e3o genu\u00edna com pessoas que vivem a mesma realidade. Alice fala ainda da transforma\u00e7\u00e3o consigo mesma,\" \/>\n\t\t<script type=\"application\/ld+json\" class=\"aioseo-schema\">\n\t\t\t{\"@context\":\"https:\\\/\\\/schema.org\",\"@graph\":[{\"@type\":\"BlogPosting\",\"@id\":\"https:\\\/\\\/chelso.com.br\\\/site\\\/93o-episodio-do-falatimecast-alice-valsechi\\\/#blogposting\",\"name\":\"93\\u00ba epis\\u00f3dio do FalaTimeCast: Alice Valsechi - Portal Chelso Sports\",\"headline\":\"93\\u00ba epis\\u00f3dio do FalaTimeCast: Alice Valsechi\",\"author\":{\"@id\":\"https:\\\/\\\/chelso.com.br\\\/site\\\/author\\\/edilson\\\/#author\"},\"publisher\":{\"@id\":\"https:\\\/\\\/chelso.com.br\\\/site\\\/#organization\"},\"image\":{\"@type\":\"ImageObject\",\"url\":\"https:\\\/\\\/chelso.com.br\\\/site\\\/wp-content\\\/uploads\\\/2026\\\/05\\\/WhatsApp-Image-2026-05-28-at-14.25.30-Copia-1.jpeg\",\"width\":1080,\"height\":925},\"datePublished\":\"2026-05-28T14:52:58-03:00\",\"dateModified\":\"2026-05-28T14:56:55-03:00\",\"inLanguage\":\"pt-BR\",\"mainEntityOfPage\":{\"@id\":\"https:\\\/\\\/chelso.com.br\\\/site\\\/93o-episodio-do-falatimecast-alice-valsechi\\\/#webpage\"},\"isPartOf\":{\"@id\":\"https:\\\/\\\/chelso.com.br\\\/site\\\/93o-episodio-do-falatimecast-alice-valsechi\\\/#webpage\"},\"articleSection\":\"Not\\u00edcias, #falatimecast; #chelso; #podcast;, alice, alicevalsechi, Chelso, valsechi\"},{\"@type\":\"BreadcrumbList\",\"@id\":\"https:\\\/\\\/chelso.com.br\\\/site\\\/93o-episodio-do-falatimecast-alice-valsechi\\\/#breadcrumblist\",\"itemListElement\":[{\"@type\":\"ListItem\",\"@id\":\"https:\\\/\\\/chelso.com.br\\\/site#listItem\",\"position\":1,\"name\":\"Home\",\"item\":\"https:\\\/\\\/chelso.com.br\\\/site\",\"nextItem\":{\"@type\":\"ListItem\",\"@id\":\"https:\\\/\\\/chelso.com.br\\\/site\\\/category\\\/noticias\\\/#listItem\",\"name\":\"Not\\u00edcias\"}},{\"@type\":\"ListItem\",\"@id\":\"https:\\\/\\\/chelso.com.br\\\/site\\\/category\\\/noticias\\\/#listItem\",\"position\":2,\"name\":\"Not\\u00edcias\",\"item\":\"https:\\\/\\\/chelso.com.br\\\/site\\\/category\\\/noticias\\\/\",\"nextItem\":{\"@type\":\"ListItem\",\"@id\":\"https:\\\/\\\/chelso.com.br\\\/site\\\/93o-episodio-do-falatimecast-alice-valsechi\\\/#listItem\",\"name\":\"93\\u00ba epis\\u00f3dio do FalaTimeCast: Alice Valsechi\"},\"previousItem\":{\"@type\":\"ListItem\",\"@id\":\"https:\\\/\\\/chelso.com.br\\\/site#listItem\",\"name\":\"Home\"}},{\"@type\":\"ListItem\",\"@id\":\"https:\\\/\\\/chelso.com.br\\\/site\\\/93o-episodio-do-falatimecast-alice-valsechi\\\/#listItem\",\"position\":3,\"name\":\"93\\u00ba epis\\u00f3dio do FalaTimeCast: Alice Valsechi\",\"previousItem\":{\"@type\":\"ListItem\",\"@id\":\"https:\\\/\\\/chelso.com.br\\\/site\\\/category\\\/noticias\\\/#listItem\",\"name\":\"Not\\u00edcias\"}}]},{\"@type\":\"Organization\",\"@id\":\"https:\\\/\\\/chelso.com.br\\\/site\\\/#organization\",\"name\":\"Portal Chelso Sports\",\"description\":\"Conte\\u00fado especializado em corrida de rua e triathlon\",\"url\":\"https:\\\/\\\/chelso.com.br\\\/site\\\/\"},{\"@type\":\"Person\",\"@id\":\"https:\\\/\\\/chelso.com.br\\\/site\\\/author\\\/edilson\\\/#author\",\"url\":\"https:\\\/\\\/chelso.com.br\\\/site\\\/author\\\/edilson\\\/\",\"name\":\"Edilson Rodrigues\",\"image\":{\"@type\":\"ImageObject\",\"@id\":\"https:\\\/\\\/chelso.com.br\\\/site\\\/93o-episodio-do-falatimecast-alice-valsechi\\\/#authorImage\",\"url\":\"https:\\\/\\\/chelso.com.br\\\/site\\\/wp-content\\\/uploads\\\/2024\\\/09\\\/Captura-de-tela-2024-09-27-170323-150x150.png\",\"width\":96,\"height\":96,\"caption\":\"Edilson Rodrigues\"}},{\"@type\":\"WebPage\",\"@id\":\"https:\\\/\\\/chelso.com.br\\\/site\\\/93o-episodio-do-falatimecast-alice-valsechi\\\/#webpage\",\"url\":\"https:\\\/\\\/chelso.com.br\\\/site\\\/93o-episodio-do-falatimecast-alice-valsechi\\\/\",\"name\":\"93\\u00ba epis\\u00f3dio do FalaTimeCast: Alice Valsechi - Portal Chelso Sports\",\"description\":\"O CEO da Chelso Sports, Guilherme Celso, entrevista Alice Valsechi que participa do 93\\u00ba epis\\u00f3dio do FalaTimeCast. Durante o bate-papo, a jovem atleta fala sobre o entendimento que teve sobre as fases da corrida e o nascimento de uma conex\\u00e3o genu\\u00edna com pessoas que vivem a mesma realidade. Alice fala ainda da transforma\\u00e7\\u00e3o consigo mesma,\",\"inLanguage\":\"pt-BR\",\"isPartOf\":{\"@id\":\"https:\\\/\\\/chelso.com.br\\\/site\\\/#website\"},\"breadcrumb\":{\"@id\":\"https:\\\/\\\/chelso.com.br\\\/site\\\/93o-episodio-do-falatimecast-alice-valsechi\\\/#breadcrumblist\"},\"author\":{\"@id\":\"https:\\\/\\\/chelso.com.br\\\/site\\\/author\\\/edilson\\\/#author\"},\"creator\":{\"@id\":\"https:\\\/\\\/chelso.com.br\\\/site\\\/author\\\/edilson\\\/#author\"},\"image\":{\"@type\":\"ImageObject\",\"url\":\"https:\\\/\\\/chelso.com.br\\\/site\\\/wp-content\\\/uploads\\\/2026\\\/05\\\/WhatsApp-Image-2026-05-28-at-14.25.30-Copia-1.jpeg\",\"@id\":\"https:\\\/\\\/chelso.com.br\\\/site\\\/93o-episodio-do-falatimecast-alice-valsechi\\\/#mainImage\",\"width\":1080,\"height\":925},\"primaryImageOfPage\":{\"@id\":\"https:\\\/\\\/chelso.com.br\\\/site\\\/93o-episodio-do-falatimecast-alice-valsechi\\\/#mainImage\"},\"datePublished\":\"2026-05-28T14:52:58-03:00\",\"dateModified\":\"2026-05-28T14:56:55-03:00\"},{\"@type\":\"WebSite\",\"@id\":\"https:\\\/\\\/chelso.com.br\\\/site\\\/#website\",\"url\":\"https:\\\/\\\/chelso.com.br\\\/site\\\/\",\"name\":\"Portal Chelso Sports\",\"description\":\"Conte\\u00fado especializado em corrida de rua e triathlon\",\"inLanguage\":\"pt-BR\",\"publisher\":{\"@id\":\"https:\\\/\\\/chelso.com.br\\\/site\\\/#organization\"}}]}\n\t\t<\/script>\n\t\t<!-- All in One SEO -->\n\n","aioseo_head_json":{"title":"93\u00ba epis\u00f3dio do FalaTimeCast: Alice Valsechi - Portal Chelso Sports","description":"O CEO da Chelso Sports, Guilherme Celso, entrevista Alice Valsechi que participa do 93\u00ba epis\u00f3dio do FalaTimeCast. Durante o bate-papo, a jovem atleta fala sobre o entendimento que teve sobre as fases da corrida e o nascimento de uma conex\u00e3o genu\u00edna com pessoas que vivem a mesma realidade. Alice fala ainda da transforma\u00e7\u00e3o consigo mesma,","canonical_url":"https:\/\/chelso.com.br\/site\/93o-episodio-do-falatimecast-alice-valsechi\/","robots":"max-image-preview:large","keywords":"","webmasterTools":{"miscellaneous":""},"schema":{"@context":"https:\/\/schema.org","@graph":[{"@type":"BlogPosting","@id":"https:\/\/chelso.com.br\/site\/93o-episodio-do-falatimecast-alice-valsechi\/#blogposting","name":"93\u00ba epis\u00f3dio do FalaTimeCast: Alice Valsechi - Portal Chelso Sports","headline":"93\u00ba epis\u00f3dio do FalaTimeCast: Alice Valsechi","author":{"@id":"https:\/\/chelso.com.br\/site\/author\/edilson\/#author"},"publisher":{"@id":"https:\/\/chelso.com.br\/site\/#organization"},"image":{"@type":"ImageObject","url":"https:\/\/chelso.com.br\/site\/wp-content\/uploads\/2026\/05\/WhatsApp-Image-2026-05-28-at-14.25.30-Copia-1.jpeg","width":1080,"height":925},"datePublished":"2026-05-28T14:52:58-03:00","dateModified":"2026-05-28T14:56:55-03:00","inLanguage":"pt-BR","mainEntityOfPage":{"@id":"https:\/\/chelso.com.br\/site\/93o-episodio-do-falatimecast-alice-valsechi\/#webpage"},"isPartOf":{"@id":"https:\/\/chelso.com.br\/site\/93o-episodio-do-falatimecast-alice-valsechi\/#webpage"},"articleSection":"Not\u00edcias, #falatimecast; #chelso; #podcast;, alice, alicevalsechi, Chelso, valsechi"},{"@type":"BreadcrumbList","@id":"https:\/\/chelso.com.br\/site\/93o-episodio-do-falatimecast-alice-valsechi\/#breadcrumblist","itemListElement":[{"@type":"ListItem","@id":"https:\/\/chelso.com.br\/site#listItem","position":1,"name":"Home","item":"https:\/\/chelso.com.br\/site","nextItem":{"@type":"ListItem","@id":"https:\/\/chelso.com.br\/site\/category\/noticias\/#listItem","name":"Not\u00edcias"}},{"@type":"ListItem","@id":"https:\/\/chelso.com.br\/site\/category\/noticias\/#listItem","position":2,"name":"Not\u00edcias","item":"https:\/\/chelso.com.br\/site\/category\/noticias\/","nextItem":{"@type":"ListItem","@id":"https:\/\/chelso.com.br\/site\/93o-episodio-do-falatimecast-alice-valsechi\/#listItem","name":"93\u00ba epis\u00f3dio do FalaTimeCast: Alice Valsechi"},"previousItem":{"@type":"ListItem","@id":"https:\/\/chelso.com.br\/site#listItem","name":"Home"}},{"@type":"ListItem","@id":"https:\/\/chelso.com.br\/site\/93o-episodio-do-falatimecast-alice-valsechi\/#listItem","position":3,"name":"93\u00ba epis\u00f3dio do FalaTimeCast: Alice Valsechi","previousItem":{"@type":"ListItem","@id":"https:\/\/chelso.com.br\/site\/category\/noticias\/#listItem","name":"Not\u00edcias"}}]},{"@type":"Organization","@id":"https:\/\/chelso.com.br\/site\/#organization","name":"Portal Chelso Sports","description":"Conte\u00fado especializado em corrida de rua e triathlon","url":"https:\/\/chelso.com.br\/site\/"},{"@type":"Person","@id":"https:\/\/chelso.com.br\/site\/author\/edilson\/#author","url":"https:\/\/chelso.com.br\/site\/author\/edilson\/","name":"Edilson Rodrigues","image":{"@type":"ImageObject","@id":"https:\/\/chelso.com.br\/site\/93o-episodio-do-falatimecast-alice-valsechi\/#authorImage","url":"https:\/\/chelso.com.br\/site\/wp-content\/uploads\/2024\/09\/Captura-de-tela-2024-09-27-170323-150x150.png","width":96,"height":96,"caption":"Edilson Rodrigues"}},{"@type":"WebPage","@id":"https:\/\/chelso.com.br\/site\/93o-episodio-do-falatimecast-alice-valsechi\/#webpage","url":"https:\/\/chelso.com.br\/site\/93o-episodio-do-falatimecast-alice-valsechi\/","name":"93\u00ba epis\u00f3dio do FalaTimeCast: Alice Valsechi - Portal Chelso Sports","description":"O CEO da Chelso Sports, Guilherme Celso, entrevista Alice Valsechi que participa do 93\u00ba epis\u00f3dio do FalaTimeCast. Durante o bate-papo, a jovem atleta fala sobre o entendimento que teve sobre as fases da corrida e o nascimento de uma conex\u00e3o genu\u00edna com pessoas que vivem a mesma realidade. Alice fala ainda da transforma\u00e7\u00e3o consigo mesma,","inLanguage":"pt-BR","isPartOf":{"@id":"https:\/\/chelso.com.br\/site\/#website"},"breadcrumb":{"@id":"https:\/\/chelso.com.br\/site\/93o-episodio-do-falatimecast-alice-valsechi\/#breadcrumblist"},"author":{"@id":"https:\/\/chelso.com.br\/site\/author\/edilson\/#author"},"creator":{"@id":"https:\/\/chelso.com.br\/site\/author\/edilson\/#author"},"image":{"@type":"ImageObject","url":"https:\/\/chelso.com.br\/site\/wp-content\/uploads\/2026\/05\/WhatsApp-Image-2026-05-28-at-14.25.30-Copia-1.jpeg","@id":"https:\/\/chelso.com.br\/site\/93o-episodio-do-falatimecast-alice-valsechi\/#mainImage","width":1080,"height":925},"primaryImageOfPage":{"@id":"https:\/\/chelso.com.br\/site\/93o-episodio-do-falatimecast-alice-valsechi\/#mainImage"},"datePublished":"2026-05-28T14:52:58-03:00","dateModified":"2026-05-28T14:56:55-03:00"},{"@type":"WebSite","@id":"https:\/\/chelso.com.br\/site\/#website","url":"https:\/\/chelso.com.br\/site\/","name":"Portal Chelso Sports","description":"Conte\u00fado especializado em corrida de rua e triathlon","inLanguage":"pt-BR","publisher":{"@id":"https:\/\/chelso.com.br\/site\/#organization"}}]},"og:locale":"pt_BR","og:site_name":"Portal Chelso Sports - Conte\u00fado especializado em corrida de rua e triathlon","og:type":"article","og:title":"93\u00ba epis\u00f3dio do FalaTimeCast: Alice Valsechi - Portal Chelso Sports","og:description":"O CEO da Chelso Sports, Guilherme Celso, entrevista Alice Valsechi que participa do 93\u00ba epis\u00f3dio do FalaTimeCast. Durante o bate-papo, a jovem atleta fala sobre o entendimento que teve sobre as fases da corrida e o nascimento de uma conex\u00e3o genu\u00edna com pessoas que vivem a mesma realidade. Alice fala ainda da transforma\u00e7\u00e3o consigo mesma,","og:url":"https:\/\/chelso.com.br\/site\/93o-episodio-do-falatimecast-alice-valsechi\/","article:published_time":"2026-05-28T17:52:58+00:00","article:modified_time":"2026-05-28T17:56:55+00:00","twitter:card":"summary_large_image","twitter:title":"93\u00ba epis\u00f3dio do FalaTimeCast: Alice Valsechi - Portal Chelso Sports","twitter:description":"O CEO da Chelso Sports, Guilherme Celso, entrevista Alice Valsechi que participa do 93\u00ba epis\u00f3dio do FalaTimeCast. Durante o bate-papo, a jovem atleta fala sobre o entendimento que teve sobre as fases da corrida e o nascimento de uma conex\u00e3o genu\u00edna com pessoas que vivem a mesma realidade. Alice fala ainda da transforma\u00e7\u00e3o consigo mesma,"},"aioseo_meta_data":{"post_id":"31069","title":null,"description":null,"keywords":null,"keyphrases":{"focus":{"keyphrase":"","score":0,"analysis":{"keyphraseInTitle":{"score":0,"maxScore":9,"error":1}}},"additional":[]},"primary_term":null,"canonical_url":null,"og_title":null,"og_description":null,"og_object_type":"default","og_image_type":"default","og_image_url":null,"og_image_width":null,"og_image_height":null,"og_image_custom_url":null,"og_image_custom_fields":null,"og_video":"","og_custom_url":null,"og_article_section":null,"og_article_tags":null,"twitter_use_og":false,"twitter_card":"default","twitter_image_type":"default","twitter_image_url":null,"twitter_image_custom_url":null,"twitter_image_custom_fields":null,"twitter_title":null,"twitter_description":null,"schema":{"blockGraphs":[],"customGraphs":[],"default":{"data":{"Article":[],"Course":[],"Dataset":[],"FAQPage":[],"Movie":[],"Person":[],"Product":[],"ProductReview":[],"Car":[],"Recipe":[],"Service":[],"SoftwareApplication":[],"WebPage":[]},"graphName":"BlogPosting","isEnabled":true},"graphs":[]},"schema_type":"default","schema_type_options":null,"pillar_content":false,"robots_default":true,"robots_noindex":false,"robots_noarchive":false,"robots_nosnippet":false,"robots_nofollow":false,"robots_noimageindex":false,"robots_noodp":false,"robots_notranslate":false,"robots_max_snippet":"-1","robots_max_videopreview":"-1","robots_max_imagepreview":"large","priority":null,"frequency":"default","local_seo":null,"breadcrumb_settings":null,"limit_modified_date":false,"ai":{"faqs":[],"keyPoints":[],"titles":[],"descriptions":[],"socialPosts":{"email":[],"linkedin":[],"twitter":[],"facebook":[],"instagram":[]}},"created":"2026-05-28 17:52:58","updated":"2026-05-28 18:05:57","focus_keyword":null,"additional_keywords":null,"truseo_locale":null,"seo_analyzer_scan_date":null},"aioseo_breadcrumb":"<div class=\"aioseo-breadcrumbs\"><span class=\"aioseo-breadcrumb\">\n\t\t\t<a href=\"https:\/\/chelso.com.br\/site\" title=\"Home\">Home<\/a>\n\t\t<\/span><span class=\"aioseo-breadcrumb-separator\">&raquo;<\/span><span class=\"aioseo-breadcrumb\">\n\t\t\t<a href=\"https:\/\/chelso.com.br\/site\/category\/noticias\/\" title=\"Not\u00edcias\">Not\u00edcias<\/a>\n\t\t<\/span><span class=\"aioseo-breadcrumb-separator\">&raquo;<\/span><span class=\"aioseo-breadcrumb\">\n\t\t\t93\u00ba epis\u00f3dio do FalaTimeCast: Alice Valsechi\n\t\t<\/span><\/div>","aioseo_breadcrumb_json":[{"label":"Home","link":"https:\/\/chelso.com.br\/site"},{"label":"Not\u00edcias","link":"https:\/\/chelso.com.br\/site\/category\/noticias\/"},{"label":"93\u00ba epis\u00f3dio do FalaTimeCast: Alice Valsechi","link":"https:\/\/chelso.com.br\/site\/93o-episodio-do-falatimecast-alice-valsechi\/"}],"amp_enabled":true,"_links":{"self":[{"href":"https:\/\/chelso.com.br\/site\/wp-json\/wp\/v2\/posts\/31069","targetHints":{"allow":["GET"]}}],"collection":[{"href":"https:\/\/chelso.com.br\/site\/wp-json\/wp\/v2\/posts"}],"about":[{"href":"https:\/\/chelso.com.br\/site\/wp-json\/wp\/v2\/types\/post"}],"author":[{"embeddable":true,"href":"https:\/\/chelso.com.br\/site\/wp-json\/wp\/v2\/users\/43"}],"replies":[{"embeddable":true,"href":"https:\/\/chelso.com.br\/site\/wp-json\/wp\/v2\/comments?post=31069"}],"version-history":[{"count":2,"href":"https:\/\/chelso.com.br\/site\/wp-json\/wp\/v2\/posts\/31069\/revisions"}],"predecessor-version":[{"id":31074,"href":"https:\/\/chelso.com.br\/site\/wp-json\/wp\/v2\/posts\/31069\/revisions\/31074"}],"wp:featuredmedia":[{"embeddable":true,"href":"https:\/\/chelso.com.br\/site\/wp-json\/wp\/v2\/media\/31073"}],"wp:attachment":[{"href":"https:\/\/chelso.com.br\/site\/wp-json\/wp\/v2\/media?parent=31069"}],"wp:term":[{"taxonomy":"category","embeddable":true,"href":"https:\/\/chelso.com.br\/site\/wp-json\/wp\/v2\/categories?post=31069"},{"taxonomy":"post_tag","embeddable":true,"href":"https:\/\/chelso.com.br\/site\/wp-json\/wp\/v2\/tags?post=31069"}],"curies":[{"name":"wp","href":"https:\/\/api.w.org\/{rel}","templated":true}]}}