{"id":3971,"date":"2020-09-24T13:55:42","date_gmt":"2020-09-24T16:55:42","guid":{"rendered":"https:\/\/chelso.com.br\/site\/?p=3971"},"modified":"2020-11-15T21:38:36","modified_gmt":"2020-11-16T00:38:36","slug":"corrida-virtual-mantem-atletas-motivados-na-pandemia","status":"publish","type":"post","link":"https:\/\/chelso.com.br\/site\/corrida-virtual-mantem-atletas-motivados-na-pandemia\/","title":{"rendered":"Corrida virtual mant\u00e9m atletas motivados na pandemia"},"content":{"rendered":"\r\n\r\n\r\n<p>A palavra \u2018reinventar\u2019 nunca foi t\u00e3o usada quanto na pandemia causada pelo novo coronav\u00edrus (Covid-19). Desde mar\u00e7o, quando o isolamento social entrou em vigor, v\u00e1rias atividades foram interrompidas. No cen\u00e1rio do esporte, n\u00e3o foi diferente: eventos como corridas de rua, que n\u00e3o podem ser realizados com o distanciamento recomendado pelos \u00f3rg\u00e3os competentes de sa\u00fade, tiveram de ser adiados ou ainda cancelados. Mas, se voc\u00ea acha que organiza\u00e7\u00f5es e atletas ficaram de bra\u00e7os cruzados, est\u00e1 enganado, eles se adequaram com a corrida virtual.<\/p>\r\n\r\n\r\n\r\n<p>Com os eventos presenciais suspensos, os atletas tamb\u00e9m viram afetadas as rotinas de treinos e dietas, al\u00e9m de terem frustrados os objetivos tra\u00e7ados. Foi nesse contexto que surgiu a corrida virtual, modalidade cada vez mais presente na vida dos apaixonados por corrida. Atenta ao mercado, a empresa piracicabana <a href=\"https:\/\/www.chelso.com.br\/site\/corrida-virtual\/\" target=\"_blank\" rel=\"noreferrer noopener\" aria-label=\"undefined (opens in a new tab)\">Chelso Sports<\/a> usou a criatividade para reinventar o pr\u00f3prio calend\u00e1rio \u2013 e logo viu a mudan\u00e7a se transformar em \u2018v\u00edcio do bem\u2019. \u00c9 o que aconteceu com Fernanda Martinez, formada em ci\u00eancia de computa\u00e7\u00e3o e gerente de suporte no ramo de telecomunica\u00e7\u00f5es.<\/p>\r\n\r\n\r\n\r\n<h5 class=\"wp-block-heading\"><strong>Fernanda j\u00e1 correu mais de 150 km. O detalhe \u00e9 que todo o percurso foi feito em casa, entre a sala e a sacada<\/strong><\/h5>\r\n\r\n\r\n\r\n<blockquote class=\"wp-block-quote is-layout-flow wp-block-quote-is-layout-flow\">\r\n<p>\u201cEu participei por 15 anos, em Santos, de uma prova tradicional. Em 2016, engravidei e tive de parar, pois n\u00e3o podia fazer atividades f\u00edsicas. Desde ent\u00e3o, n\u00e3o tinha conseguido engatar novamente uma rotina regrada de exerc\u00edcios. Com a pandemia, n\u00f3s ficamos dentro de casa e eu sentia falta das atividades, at\u00e9 que surgiu uma prova virtual. Animei, corri e me senti super bem. Depois, entrei em um grupo de corrida e conheci a Chelso. Foi algo que me estimulou, pelas medalhas tem\u00e1ticas. Isso virou um h\u00e1bito desde abril. Os kits s\u00e3o super legais. Ano passado descobri que sou hipertensa e correr tem me feito bem. J\u00e1 emagreci 6 kg desde abril\u201d, contou.<\/p>\r\n<\/blockquote>\r\n\r\n\r\n\r\n<p><a href=\"https:\/\/www.chelso.com.br\/site\/?s=candy\"><img fetchpriority=\"high\" decoding=\"async\" class=\"alignnone size-full wp-image-4363\" src=\"https:\/\/chelso.com.br\/site\/wp-content\/uploads\/2020\/10\/cANDY.jpg\" alt=\"\" width=\"728\" height=\"90\" \/><\/a><\/p>\r\n<p>Na pandemia, Fernanda j\u00e1 correu mais de 150 km com corrida virtual. O detalhe \u00e9 que todo o percurso foi feito em casa, entre a sala e a sacada. A gerente de 38 anos disputou 28 corridas de 5 km e mais uma maratona de 42 km distribu\u00edda em sete dias consecutivos.<\/p>\r\n\r\n\r\n\r\n<div class=\"wp-block-image\">\r\n<figure class=\"aligncenter size-large is-resized\"><img decoding=\"async\" class=\"wp-image-3974\" src=\"https:\/\/chelso.com.br\/site\/wp-content\/uploads\/2020\/09\/WhatsApp-Image-2020-09-18-at-18.27.06.jpeg\" alt=\"\" width=\"467\" height=\"508\" \/>\r\n<figcaption>Fernanda Martinez.<\/figcaption>\r\n<\/figure>\r\n<\/div>\r\n\r\n\r\n\r\n<blockquote class=\"wp-block-quote is-layout-flow wp-block-quote-is-layout-flow\">\r\n<p>\u201cEm casa, mesmo com uma filha pequena e a rotina do trabalho, consegui me manter ativa\u201d, disse Fernanda, que enalteceu os kits recebidos em casa. \u201cA Chelso \u00e9 muito criativa nesse sentido. Eles tamb\u00e9m t\u00eam uma iniciativa muito legal para incentivar empresas a criarem desafios. Acabei influenciando pessoas do meu trabalho com isso. No fim, vira algo familiar (risos)\u201d, completou.<\/p>\r\n<\/blockquote>\r\n\r\n\r\n\r\n<h5 class=\"wp-block-heading\"><strong>EQUIL\u00cdBRIO<\/strong><\/h5>\r\n\r\n\r\n\r\n<p>A arquiteta e urbanista Paula Braga, 38, tinha tr\u00eas provas marcadas, entre elas uma meia maratona. A hist\u00f3ria dela com as corridas de rua, por\u00e9m, surgiram bem antes. \u201cDepois de fazer exames, em 2014, ao inv\u00e9s de apenas olhar os resultados ruins, o m\u00e9dico perguntou como estava a minha vida. E estava bem confusa! O diagn\u00f3stico foi uma sobrecarga di\u00e1ria e ele me sugeriu a corrida em vez dos rem\u00e9dios. Comecei sem pretens\u00e3o nenhuma e realmente fez toda a diferen\u00e7a, n\u00e3o apenas para a sa\u00fade f\u00edsica, mas sobretudo a mental\u201d, destacou.<\/p>\r\n\r\n\r\n\r\n<p>Com o isolamento social e as provas adiadas, Paula parou de treinar, mas foi incentivada a retornar \u2013 com seguran\u00e7a \u2013 a partir de uma a\u00e7\u00e3o realizada por uma\u00a0<em>influencer<\/em>\u00a0com a Chelso, que propunha completar um desafio por m\u00eas da Big Five.<\/p>\r\n\r\n\r\n\r\n<blockquote class=\"wp-block-quote is-layout-flow wp-block-quote-is-layout-flow\">\r\n<p>\u201cA corrida passou a fazer parte da minha rotina. Mas esse ano, logo no in\u00edcio da pandemia e com todas as incertezas, parei de correr. Passados alguns meses, a proposta das corridas virtuais motivou a retomada. Ter um objetivo a cumprir torna mais f\u00e1cil e prazeroso o treino, mesmo com m\u00e1scara e todos os novos cuidados necess\u00e1rios. A corrida mais uma vez passou a ser o ponto de equil\u00edbrio na minha vida\u201d, finalizou a arquiteta e urbanista.<\/p>\r\n<\/blockquote>\r\n\r\n\r\n\r\n<div class=\"wp-block-image\">\r\n<figure class=\"aligncenter size-large is-resized\"><img decoding=\"async\" class=\"wp-image-3973\" src=\"https:\/\/chelso.com.br\/site\/wp-content\/uploads\/2020\/09\/WhatsApp-Image-2020-09-24-at-13.39.12.jpeg\" alt=\"\" width=\"430\" height=\"505\" \/>\r\n<figcaption>Paula Marques Braga.<\/figcaption>\r\n<\/figure>\r\n<\/div>\r\n\r\n\r\n\r\n<p>&nbsp;<\/p>\r\n","protected":false},"excerpt":{"rendered":"<p>A palavra \u2018reinventar\u2019 nunca foi t\u00e3o usada quanto na pandemia causada pelo novo coronav\u00edrus (Covid-19). Desde mar\u00e7o, quando o isolamento social entrou em vigor, v\u00e1rias atividades foram interrompidas. No cen\u00e1rio do esporte, n\u00e3o foi diferente: eventos como corridas de rua, que n\u00e3o podem ser realizados com o distanciamento recomendado pelos \u00f3rg\u00e3os competentes de sa\u00fade, tiveram<\/p>\n","protected":false},"author":1,"featured_media":0,"comment_status":"open","ping_status":"closed","sticky":false,"template":"","format":"standard","meta":{"om_disable_all_campaigns":false,"_monsterinsights_skip_tracking":false,"_monsterinsights_sitenote_active":false,"_monsterinsights_sitenote_note":"","_monsterinsights_sitenote_category":0,"footnotes":""},"categories":[30],"tags":[],"class_list":{"0":"post-3971","1":"post","2":"type-post","3":"status-publish","4":"format-standard","6":"category-noticias"},"aioseo_notices":[],"yoast_head":"<!-- This site is optimized with the Yoast SEO plugin v27.5 - https:\/\/yoast.com\/product\/yoast-seo-wordpress\/ -->\n<title>Corrida virtual mant\u00e9m atletas motivados na pandemia<\/title>\n<meta name=\"description\" content=\"A corrida virtual \u00e9 uma modalidade cada vez mais presente na vida dos apaixonados por corrida, e nesse post te contamos mais sobre ela.\" \/>\n<meta name=\"robots\" content=\"index, follow, max-snippet:-1, max-image-preview:large, max-video-preview:-1\" \/>\n<link rel=\"canonical\" href=\"https:\/\/chelso.com.br\/site\/corrida-virtual-mantem-atletas-motivados-na-pandemia\/\" \/>\n<meta property=\"og:locale\" content=\"pt_BR\" \/>\n<meta property=\"og:type\" content=\"article\" \/>\n<meta property=\"og:title\" content=\"Corrida virtual mant\u00e9m atletas motivados na pandemia\" \/>\n<meta property=\"og:description\" content=\"A corrida virtual \u00e9 uma modalidade cada vez mais presente na vida dos apaixonados por corrida, e nesse post te contamos mais sobre ela.\" \/>\n<meta property=\"og:url\" content=\"https:\/\/chelso.com.br\/site\/corrida-virtual-mantem-atletas-motivados-na-pandemia\/\" \/>\n<meta property=\"og:site_name\" content=\"Portal Chelso Sports\" \/>\n<meta property=\"article:published_time\" content=\"2020-09-24T16:55:42+00:00\" \/>\n<meta property=\"article:modified_time\" content=\"2020-11-16T00:38:36+00:00\" \/>\n<meta property=\"og:image\" content=\"https:\/\/chelso.com.br\/site\/wp-content\/uploads\/2020\/09\/Capa-para-publicacao-Eventos-Virtuais.png\" \/>\n\t<meta property=\"og:image:width\" content=\"1000\" \/>\n\t<meta property=\"og:image:height\" content=\"333\" \/>\n\t<meta property=\"og:image:type\" content=\"image\/png\" \/>\n<meta name=\"author\" content=\"Chelso Sports\" \/>\n<meta name=\"twitter:card\" content=\"summary_large_image\" \/>\n<meta name=\"twitter:label1\" content=\"Escrito por\" \/>\n\t<meta name=\"twitter:data1\" content=\"Chelso Sports\" \/>\n\t<meta name=\"twitter:label2\" content=\"Est. tempo de leitura\" \/>\n\t<meta name=\"twitter:data2\" content=\"3 minutos\" \/>\n<script type=\"application\/ld+json\" class=\"yoast-schema-graph\">{\"@context\":\"https:\\\/\\\/schema.org\",\"@graph\":[{\"@type\":\"Article\",\"@id\":\"https:\\\/\\\/chelso.com.br\\\/site\\\/corrida-virtual-mantem-atletas-motivados-na-pandemia\\\/#article\",\"isPartOf\":{\"@id\":\"https:\\\/\\\/chelso.com.br\\\/site\\\/corrida-virtual-mantem-atletas-motivados-na-pandemia\\\/\"},\"author\":{\"name\":\"Chelso Sports\",\"@id\":\"https:\\\/\\\/chelso.com.br\\\/site\\\/#\\\/schema\\\/person\\\/a0d88f7b75518156d3b159da1611c04f\"},\"headline\":\"Corrida virtual mant\u00e9m atletas motivados na pandemia\",\"datePublished\":\"2020-09-24T16:55:42+00:00\",\"dateModified\":\"2020-11-16T00:38:36+00:00\",\"mainEntityOfPage\":{\"@id\":\"https:\\\/\\\/chelso.com.br\\\/site\\\/corrida-virtual-mantem-atletas-motivados-na-pandemia\\\/\"},\"wordCount\":683,\"commentCount\":0,\"image\":{\"@id\":\"https:\\\/\\\/chelso.com.br\\\/site\\\/corrida-virtual-mantem-atletas-motivados-na-pandemia\\\/#primaryimage\"},\"thumbnailUrl\":\"https:\\\/\\\/chelso.com.br\\\/site\\\/wp-content\\\/uploads\\\/2020\\\/10\\\/cANDY.jpg\",\"articleSection\":[\"Not\u00edcias\"],\"inLanguage\":\"pt-BR\",\"potentialAction\":[{\"@type\":\"CommentAction\",\"name\":\"Comment\",\"target\":[\"https:\\\/\\\/chelso.com.br\\\/site\\\/corrida-virtual-mantem-atletas-motivados-na-pandemia\\\/#respond\"]}]},{\"@type\":\"WebPage\",\"@id\":\"https:\\\/\\\/chelso.com.br\\\/site\\\/corrida-virtual-mantem-atletas-motivados-na-pandemia\\\/\",\"url\":\"https:\\\/\\\/chelso.com.br\\\/site\\\/corrida-virtual-mantem-atletas-motivados-na-pandemia\\\/\",\"name\":\"Corrida virtual mant\u00e9m atletas motivados na pandemia\",\"isPartOf\":{\"@id\":\"https:\\\/\\\/chelso.com.br\\\/site\\\/#website\"},\"primaryImageOfPage\":{\"@id\":\"https:\\\/\\\/chelso.com.br\\\/site\\\/corrida-virtual-mantem-atletas-motivados-na-pandemia\\\/#primaryimage\"},\"image\":{\"@id\":\"https:\\\/\\\/chelso.com.br\\\/site\\\/corrida-virtual-mantem-atletas-motivados-na-pandemia\\\/#primaryimage\"},\"thumbnailUrl\":\"https:\\\/\\\/chelso.com.br\\\/site\\\/wp-content\\\/uploads\\\/2020\\\/10\\\/cANDY.jpg\",\"datePublished\":\"2020-09-24T16:55:42+00:00\",\"dateModified\":\"2020-11-16T00:38:36+00:00\",\"author\":{\"@id\":\"https:\\\/\\\/chelso.com.br\\\/site\\\/#\\\/schema\\\/person\\\/a0d88f7b75518156d3b159da1611c04f\"},\"description\":\"A corrida virtual \u00e9 uma modalidade cada vez mais presente na vida dos apaixonados por corrida, e nesse post te contamos mais sobre ela.\",\"breadcrumb\":{\"@id\":\"https:\\\/\\\/chelso.com.br\\\/site\\\/corrida-virtual-mantem-atletas-motivados-na-pandemia\\\/#breadcrumb\"},\"inLanguage\":\"pt-BR\",\"potentialAction\":[{\"@type\":\"ReadAction\",\"target\":[\"https:\\\/\\\/chelso.com.br\\\/site\\\/corrida-virtual-mantem-atletas-motivados-na-pandemia\\\/\"]}]},{\"@type\":\"ImageObject\",\"inLanguage\":\"pt-BR\",\"@id\":\"https:\\\/\\\/chelso.com.br\\\/site\\\/corrida-virtual-mantem-atletas-motivados-na-pandemia\\\/#primaryimage\",\"url\":\"\",\"contentUrl\":\"\"},{\"@type\":\"BreadcrumbList\",\"@id\":\"https:\\\/\\\/chelso.com.br\\\/site\\\/corrida-virtual-mantem-atletas-motivados-na-pandemia\\\/#breadcrumb\",\"itemListElement\":[{\"@type\":\"ListItem\",\"position\":1,\"name\":\"In\u00edcio\",\"item\":\"https:\\\/\\\/chelso.com.br\\\/site\\\/\"},{\"@type\":\"ListItem\",\"position\":2,\"name\":\"Corrida virtual mant\u00e9m atletas motivados na pandemia\"}]},{\"@type\":\"WebSite\",\"@id\":\"https:\\\/\\\/chelso.com.br\\\/site\\\/#website\",\"url\":\"https:\\\/\\\/chelso.com.br\\\/site\\\/\",\"name\":\"Portal Chelso Sports\",\"description\":\"Conte\u00fado especializado em corrida de rua e triathlon\",\"potentialAction\":[{\"@type\":\"SearchAction\",\"target\":{\"@type\":\"EntryPoint\",\"urlTemplate\":\"https:\\\/\\\/chelso.com.br\\\/site\\\/?s={search_term_string}\"},\"query-input\":{\"@type\":\"PropertyValueSpecification\",\"valueRequired\":true,\"valueName\":\"search_term_string\"}}],\"inLanguage\":\"pt-BR\"},{\"@type\":\"Person\",\"@id\":\"https:\\\/\\\/chelso.com.br\\\/site\\\/#\\\/schema\\\/person\\\/a0d88f7b75518156d3b159da1611c04f\",\"name\":\"Chelso Sports\",\"image\":{\"@type\":\"ImageObject\",\"inLanguage\":\"pt-BR\",\"@id\":\"https:\\\/\\\/chelso.com.br\\\/site\\\/wp-content\\\/uploads\\\/2021\\\/02\\\/49755997_2074331199281928_6077735700046807040_n-150x150.png\",\"url\":\"https:\\\/\\\/chelso.com.br\\\/site\\\/wp-content\\\/uploads\\\/2021\\\/02\\\/49755997_2074331199281928_6077735700046807040_n-150x150.png\",\"contentUrl\":\"https:\\\/\\\/chelso.com.br\\\/site\\\/wp-content\\\/uploads\\\/2021\\\/02\\\/49755997_2074331199281928_6077735700046807040_n-150x150.png\",\"caption\":\"Chelso Sports\"},\"description\":\"Chelso Sports atua h\u00e1 13 anos conectando pessoas ao esporte. Possui em seu calend\u00e1rio desafios presenciais e virtuais de diversas modalidades. Acesse nosso calend\u00e1rio de eventos e saiba mais!\",\"sameAs\":[\"http:\\\/\\\/www.chelso.com.br\",\"https:\\\/\\\/www.instagram.com\\\/chelsosports\\\/\",\"https:\\\/\\\/www.youtube.com\\\/user\\\/ChelsoSports\"],\"url\":\"https:\\\/\\\/chelso.com.br\\\/site\\\/author\\\/chelsoblog\\\/\"}]}<\/script>\n<!-- \/ Yoast SEO plugin. -->","yoast_head_json":{"title":"Corrida virtual mant\u00e9m atletas motivados na pandemia","description":"A corrida virtual \u00e9 uma modalidade cada vez mais presente na vida dos apaixonados por corrida, e nesse post te contamos mais sobre ela.","robots":{"index":"index","follow":"follow","max-snippet":"max-snippet:-1","max-image-preview":"max-image-preview:large","max-video-preview":"max-video-preview:-1"},"canonical":"https:\/\/chelso.com.br\/site\/corrida-virtual-mantem-atletas-motivados-na-pandemia\/","og_locale":"pt_BR","og_type":"article","og_title":"Corrida virtual mant\u00e9m atletas motivados na pandemia","og_description":"A corrida virtual \u00e9 uma modalidade cada vez mais presente na vida dos apaixonados por corrida, e nesse post te contamos mais sobre ela.","og_url":"https:\/\/chelso.com.br\/site\/corrida-virtual-mantem-atletas-motivados-na-pandemia\/","og_site_name":"Portal Chelso Sports","article_published_time":"2020-09-24T16:55:42+00:00","article_modified_time":"2020-11-16T00:38:36+00:00","og_image":[{"width":1000,"height":333,"url":"https:\/\/chelso.com.br\/site\/wp-content\/uploads\/2020\/09\/Capa-para-publicacao-Eventos-Virtuais.png","type":"image\/png"}],"author":"Chelso Sports","twitter_card":"summary_large_image","twitter_misc":{"Escrito por":"Chelso Sports","Est. tempo de leitura":"3 minutos"},"schema":{"@context":"https:\/\/schema.org","@graph":[{"@type":"Article","@id":"https:\/\/chelso.com.br\/site\/corrida-virtual-mantem-atletas-motivados-na-pandemia\/#article","isPartOf":{"@id":"https:\/\/chelso.com.br\/site\/corrida-virtual-mantem-atletas-motivados-na-pandemia\/"},"author":{"name":"Chelso Sports","@id":"https:\/\/chelso.com.br\/site\/#\/schema\/person\/a0d88f7b75518156d3b159da1611c04f"},"headline":"Corrida virtual mant\u00e9m atletas motivados na pandemia","datePublished":"2020-09-24T16:55:42+00:00","dateModified":"2020-11-16T00:38:36+00:00","mainEntityOfPage":{"@id":"https:\/\/chelso.com.br\/site\/corrida-virtual-mantem-atletas-motivados-na-pandemia\/"},"wordCount":683,"commentCount":0,"image":{"@id":"https:\/\/chelso.com.br\/site\/corrida-virtual-mantem-atletas-motivados-na-pandemia\/#primaryimage"},"thumbnailUrl":"https:\/\/chelso.com.br\/site\/wp-content\/uploads\/2020\/10\/cANDY.jpg","articleSection":["Not\u00edcias"],"inLanguage":"pt-BR","potentialAction":[{"@type":"CommentAction","name":"Comment","target":["https:\/\/chelso.com.br\/site\/corrida-virtual-mantem-atletas-motivados-na-pandemia\/#respond"]}]},{"@type":"WebPage","@id":"https:\/\/chelso.com.br\/site\/corrida-virtual-mantem-atletas-motivados-na-pandemia\/","url":"https:\/\/chelso.com.br\/site\/corrida-virtual-mantem-atletas-motivados-na-pandemia\/","name":"Corrida virtual mant\u00e9m atletas motivados na pandemia","isPartOf":{"@id":"https:\/\/chelso.com.br\/site\/#website"},"primaryImageOfPage":{"@id":"https:\/\/chelso.com.br\/site\/corrida-virtual-mantem-atletas-motivados-na-pandemia\/#primaryimage"},"image":{"@id":"https:\/\/chelso.com.br\/site\/corrida-virtual-mantem-atletas-motivados-na-pandemia\/#primaryimage"},"thumbnailUrl":"https:\/\/chelso.com.br\/site\/wp-content\/uploads\/2020\/10\/cANDY.jpg","datePublished":"2020-09-24T16:55:42+00:00","dateModified":"2020-11-16T00:38:36+00:00","author":{"@id":"https:\/\/chelso.com.br\/site\/#\/schema\/person\/a0d88f7b75518156d3b159da1611c04f"},"description":"A corrida virtual \u00e9 uma modalidade cada vez mais presente na vida dos apaixonados por corrida, e nesse post te contamos mais sobre ela.","breadcrumb":{"@id":"https:\/\/chelso.com.br\/site\/corrida-virtual-mantem-atletas-motivados-na-pandemia\/#breadcrumb"},"inLanguage":"pt-BR","potentialAction":[{"@type":"ReadAction","target":["https:\/\/chelso.com.br\/site\/corrida-virtual-mantem-atletas-motivados-na-pandemia\/"]}]},{"@type":"ImageObject","inLanguage":"pt-BR","@id":"https:\/\/chelso.com.br\/site\/corrida-virtual-mantem-atletas-motivados-na-pandemia\/#primaryimage","url":"","contentUrl":""},{"@type":"BreadcrumbList","@id":"https:\/\/chelso.com.br\/site\/corrida-virtual-mantem-atletas-motivados-na-pandemia\/#breadcrumb","itemListElement":[{"@type":"ListItem","position":1,"name":"In\u00edcio","item":"https:\/\/chelso.com.br\/site\/"},{"@type":"ListItem","position":2,"name":"Corrida virtual mant\u00e9m atletas motivados na pandemia"}]},{"@type":"WebSite","@id":"https:\/\/chelso.com.br\/site\/#website","url":"https:\/\/chelso.com.br\/site\/","name":"Portal Chelso Sports","description":"Conte\u00fado especializado em corrida de rua e triathlon","potentialAction":[{"@type":"SearchAction","target":{"@type":"EntryPoint","urlTemplate":"https:\/\/chelso.com.br\/site\/?s={search_term_string}"},"query-input":{"@type":"PropertyValueSpecification","valueRequired":true,"valueName":"search_term_string"}}],"inLanguage":"pt-BR"},{"@type":"Person","@id":"https:\/\/chelso.com.br\/site\/#\/schema\/person\/a0d88f7b75518156d3b159da1611c04f","name":"Chelso Sports","image":{"@type":"ImageObject","inLanguage":"pt-BR","@id":"https:\/\/chelso.com.br\/site\/wp-content\/uploads\/2021\/02\/49755997_2074331199281928_6077735700046807040_n-150x150.png","url":"https:\/\/chelso.com.br\/site\/wp-content\/uploads\/2021\/02\/49755997_2074331199281928_6077735700046807040_n-150x150.png","contentUrl":"https:\/\/chelso.com.br\/site\/wp-content\/uploads\/2021\/02\/49755997_2074331199281928_6077735700046807040_n-150x150.png","caption":"Chelso Sports"},"description":"Chelso Sports atua h\u00e1 13 anos conectando pessoas ao esporte. Possui em seu calend\u00e1rio desafios presenciais e virtuais de diversas modalidades. Acesse nosso calend\u00e1rio de eventos e saiba mais!","sameAs":["http:\/\/www.chelso.com.br","https:\/\/www.instagram.com\/chelsosports\/","https:\/\/www.youtube.com\/user\/ChelsoSports"],"url":"https:\/\/chelso.com.br\/site\/author\/chelsoblog\/"}]}},"amp_enabled":true,"_links":{"self":[{"href":"https:\/\/chelso.com.br\/site\/wp-json\/wp\/v2\/posts\/3971","targetHints":{"allow":["GET"]}}],"collection":[{"href":"https:\/\/chelso.com.br\/site\/wp-json\/wp\/v2\/posts"}],"about":[{"href":"https:\/\/chelso.com.br\/site\/wp-json\/wp\/v2\/types\/post"}],"author":[{"embeddable":true,"href":"https:\/\/chelso.com.br\/site\/wp-json\/wp\/v2\/users\/1"}],"replies":[{"embeddable":true,"href":"https:\/\/chelso.com.br\/site\/wp-json\/wp\/v2\/comments?post=3971"}],"version-history":[{"count":2,"href":"https:\/\/chelso.com.br\/site\/wp-json\/wp\/v2\/posts\/3971\/revisions"}],"predecessor-version":[{"id":4381,"href":"https:\/\/chelso.com.br\/site\/wp-json\/wp\/v2\/posts\/3971\/revisions\/4381"}],"wp:attachment":[{"href":"https:\/\/chelso.com.br\/site\/wp-json\/wp\/v2\/media?parent=3971"}],"wp:term":[{"taxonomy":"category","embeddable":true,"href":"https:\/\/chelso.com.br\/site\/wp-json\/wp\/v2\/categories?post=3971"},{"taxonomy":"post_tag","embeddable":true,"href":"https:\/\/chelso.com.br\/site\/wp-json\/wp\/v2\/tags?post=3971"}],"curies":[{"name":"wp","href":"https:\/\/api.w.org\/{rel}","templated":true}]}}