{"id":4241,"date":"2020-10-26T17:29:36","date_gmt":"2020-10-26T20:29:36","guid":{"rendered":"https:\/\/chelso.com.br\/site\/?p=4241"},"modified":"2020-10-26T17:35:32","modified_gmt":"2020-10-26T20:35:32","slug":"corrida-de-verificacao-de-protocolos-e-aprovada-por-organizadores-e-atletas","status":"publish","type":"post","link":"https:\/\/chelso.com.br\/site\/corrida-de-verificacao-de-protocolos-e-aprovada-por-organizadores-e-atletas\/","title":{"rendered":"Corrida de verifica\u00e7\u00e3o de protocolos \u00e9 aprovada por organizadores e atletas"},"content":{"rendered":"<p>A primeira corrida de rua em S\u00e3o Paulo em mais de sete meses foi um sucesso! Com aprova\u00e7\u00e3o dos organizadores e atletas, a prova de verifica\u00e7\u00e3o de protocolos, realizada na manh\u00e3 deste domingo (25), no Samb\u00f3dromo do Anhembi, apresentou ao p\u00fablico um novo formato de corridas de rua. Seguindo todos os crit\u00e9rios estabelecidos previamente, a Associa\u00e7\u00e3o Brasileira de Corridas de Rua e Esportes Outdoor (ABRACEO), em parceria com as organizadoras TF Sports; Beta Sports; <a href=\"http:\/\/www.chelso.com.br\">Chelso Sports<\/a> e Business e Iguana sports, deu um importante passo para que os eventos retornem ainda em 2020 na capital paulista.<\/p>\n<p>A corrida de verifica\u00e7\u00e3o de protocolos foi acompanhada de perto por autoridades da Prefeitura de S\u00e3o Paulo, bem como pela Vigil\u00e2ncia de Sa\u00fade e COVISA. \u201c<em>Esse evento s\u00f3 aconteceu pela forma colaborativa como foi realizado, contando com a participa\u00e7\u00e3o efetiva de v\u00e1rios organizadores do Brasil atrav\u00e9s da ABRACEO, por empresas e fornecedores que nos apoiaram e trabalharam voluntariamente, pelo apoio que recebemos da ATC e tamb\u00e9m de outros organizadores, como a Yescom, al\u00e9m do apoio da Federa\u00e7\u00e3o Paulista de Atletismo e tamb\u00e9m pela parceria estabelecida com o poder publico atrav\u00e9s da equipe do Prefeito Bruno Covas, do Presidente da C\u00e2mara, o vereador Eduardo Tuma, e do Diretor da Spturis, Thiago Lobo, que nos deram as diretrizes e contribu\u00edram conosco para esta retomada<\/em>\u201d, avalia Paulo Carelli, presidente da ABRACEO.<\/p>\n<h3><strong>A prova de verifica\u00e7\u00e3o de protocolos<\/strong><\/h3>\n<p>Logo na chegada os atletas perceberam uma movimenta\u00e7\u00e3o diferente. Para acessar a arena de prova era preciso passar por um controle de acesso com medi\u00e7\u00e3o de temperatura ainda dentro do carro. Ap\u00f3s acessarem a \u00e1rea de prova, os atletas usaram m\u00e1scara durante todo tempo, al\u00e9m de terem \u00e1lcool gel e locais demarcados, tanto para usar guarda-volumes quanto para o port\u00e3o de largada.<\/p>\n<figure id=\"attachment_4242\" aria-describedby=\"caption-attachment-4242\" style=\"width: 702px\" class=\"wp-caption alignnone\"><img fetchpriority=\"high\" decoding=\"async\" class=\"size-large wp-image-4242\" src=\"https:\/\/chelso.com.br\/site\/wp-content\/uploads\/2020\/10\/unnamed-1-1024x683.jpg\" alt=\"verifica\u00e7\u00e3o de protocolo\" width=\"702\" height=\"468\" \/><figcaption id=\"caption-attachment-4242\" class=\"wp-caption-text\">Foto: George Gargiulo\/ 360+<\/figcaption><\/figure>\n<p>Divididos em baias, os atletas foram separados em pelot\u00f5es com 30 pessoas. Essa divis\u00e3o ocorreu de acordo com o ritmo indicado por cada corredor e ao acessar o espa\u00e7o os atletas posicionavam-se ao lado de cones esperando sua vez para largar. Foram cinco largadas, com intervalo de 30 segundos, dando a dist\u00e2ncia necess\u00e1ria para que todos pudessem sair com seguran\u00e7a.<\/p>\n<figure id=\"attachment_4246\" aria-describedby=\"caption-attachment-4246\" style=\"width: 702px\" class=\"wp-caption alignnone\"><img decoding=\"async\" class=\"size-large wp-image-4246\" src=\"https:\/\/chelso.com.br\/site\/wp-content\/uploads\/2020\/10\/unnamed-3-1024x683.jpg\" alt=\"verifica\u00e7\u00e3o de protocolos\" width=\"702\" height=\"468\" \/><figcaption id=\"caption-attachment-4246\" class=\"wp-caption-text\">Foto: George Gargiulo\/ 360+<\/figcaption><\/figure>\n<p>No percurso, a hidrata\u00e7\u00e3o foi disposta de maneira diferente, com os copos d\u00b4\u00e1gua higienizados em cima das mesas ao inv\u00e9s de estarem dentro das bacias com gelo. Cada atleta pegava a sua hidrata\u00e7\u00e3o, sem contato com staffs. Ao final do percurso de 5 quil\u00f4metros, os corredores receberam as medalhas, tamb\u00e9m higienizadas, dentro de um saco pl\u00e1stico.<\/p>\n<h3><strong>Atletas aprovam o novo formato<\/strong><\/h3>\n<p>Segundo Paulo Carelli, a postura dos atletas foi fundamental para o sucesso do evento. Era vis\u00edvel a ansiedade dos participantes antes mesmo da largada e no decorrer da prova, mas durante todo tempo os corredores respeitaram os protocolos e provaram que \u00e9 poss\u00edvel a retomada das corridas de rua de maneira gradual.<\/p>\n<p>\u201c<em>Os atletas est\u00e3o de parab\u00e9ns. Foi uma corrida que testou muita coisa, n\u00e3o s\u00f3 a nossa organiza\u00e7\u00e3o, mas tamb\u00e9m a resposta dos atletas para esse novo formato. Temos alguns pontos para melhorar. O Covisa fez pequenos apontamentos t\u00e9cnicos, mas que ser\u00e3o facilmente ajustados e n\u00e3o causar\u00e3o maiores impactos no prosseguimento das atividades<\/em>\u201d, encerra Paulo Carelli.<\/p>\n<p>Participaram da corrida de verifica\u00e7\u00e3o de protocolos cerca de 140 convidados, entre eles o treinador Ademir Paulino. \u201c<em>Foi muito bom. Me senti seguro. Vim com a cabe\u00e7a de avaliar os protocolos praticados no evento para passar para os meus alunos e pessoas do meu conv\u00edvio um feedback. Acredito que n\u00f3s conseguir\u00edamos colocar at\u00e9 mais pessoas mantendo a seguran\u00e7a da forma como foi realizado. Os organizadores e a ABRACEO est\u00e3o de parab\u00e9ns<\/em>\u201d, ressalta.<\/p>\n<figure id=\"attachment_4243\" aria-describedby=\"caption-attachment-4243\" style=\"width: 702px\" class=\"wp-caption alignnone\"><img decoding=\"async\" class=\"size-large wp-image-4243\" src=\"https:\/\/chelso.com.br\/site\/wp-content\/uploads\/2020\/10\/unnamed-2-1024x683.jpg\" alt=\"verifica\u00e7\u00e3o de protocolo\" width=\"702\" height=\"468\" \/><figcaption id=\"caption-attachment-4243\" class=\"wp-caption-text\">Foto: George Gargiulo\/ 360+<\/figcaption><\/figure>\n<h3><strong>Resultados<\/strong><\/h3>\n<p>Ao final dos cinco quil\u00f4metros, os tr\u00eas primeiros colocados de cada categoria foram premiados. Natalia Regina Painelli foi a campe\u00e3 Feminina com o tempo de 19:15, seguida por Concei\u00e7\u00e3o Carvalho Oliveira (2\u00aa &#8211; 19:50) e Andressa Lopes Sampaio (3\u00aa &#8211; 21:07). Na categoria Masculino o campe\u00e3o foi Jucimario de Melo Silva, com o tempo de 16:20, enquanto Kaue Domingues (2\u00ba &#8211; 16:29) e Rodrigo Jose de Meneses (3\u00ba &#8211; 17:12), vieram atr\u00e1s completando o p\u00f3dio.<\/p>\n","protected":false},"excerpt":{"rendered":"<p>A primeira corrida de rua em S\u00e3o Paulo em mais de sete meses foi um sucesso! Com aprova\u00e7\u00e3o dos organizadores e atletas, a prova de verifica\u00e7\u00e3o de protocolos, realizada na manh\u00e3 deste domingo (25), no Samb\u00f3dromo do Anhembi, apresentou ao p\u00fablico um novo formato de corridas de rua. Seguindo todos os crit\u00e9rios estabelecidos previamente, a<\/p>\n","protected":false},"author":1,"featured_media":0,"comment_status":"open","ping_status":"closed","sticky":false,"template":"","format":"standard","meta":{"om_disable_all_campaigns":false,"_monsterinsights_skip_tracking":false,"_monsterinsights_sitenote_active":false,"_monsterinsights_sitenote_note":"","_monsterinsights_sitenote_category":0,"footnotes":""},"categories":[30],"tags":[73,37,65,74],"class_list":{"0":"post-4241","1":"post","2":"type-post","3":"status-publish","4":"format-standard","6":"category-noticias","7":"tag-abraceo","8":"tag-corrida-de-rua","9":"tag-evento-teste","10":"tag-verificao-de-protocolo"},"aioseo_notices":[],"yoast_head":"<!-- This site is optimized with the Yoast SEO plugin v27.5 - https:\/\/yoast.com\/product\/yoast-seo-wordpress\/ -->\n<title>Corrida de verifica\u00e7\u00e3o de protocolos \u00e9 aprovada por organizadores e atletas<\/title>\n<meta name=\"description\" content=\"Com aprova\u00e7\u00e3o dos organizadores e atletas, a prova de verifica\u00e7\u00e3o de protocolos, realizada na manh\u00e3 deste domingo (25), no Samb\u00f3dromo.\" \/>\n<meta name=\"robots\" content=\"index, follow, max-snippet:-1, max-image-preview:large, max-video-preview:-1\" \/>\n<link rel=\"canonical\" href=\"https:\/\/chelso.com.br\/site\/corrida-de-verificacao-de-protocolos-e-aprovada-por-organizadores-e-atletas\/\" \/>\n<meta property=\"og:locale\" content=\"pt_BR\" \/>\n<meta property=\"og:type\" content=\"article\" \/>\n<meta property=\"og:title\" content=\"Corrida de verifica\u00e7\u00e3o de protocolos \u00e9 aprovada por organizadores e atletas\" \/>\n<meta property=\"og:description\" content=\"Com aprova\u00e7\u00e3o dos organizadores e atletas, a prova de verifica\u00e7\u00e3o de protocolos, realizada na manh\u00e3 deste domingo (25), no Samb\u00f3dromo.\" \/>\n<meta property=\"og:url\" content=\"https:\/\/chelso.com.br\/site\/corrida-de-verificacao-de-protocolos-e-aprovada-por-organizadores-e-atletas\/\" \/>\n<meta property=\"og:site_name\" content=\"Portal Chelso Sports\" \/>\n<meta property=\"article:published_time\" content=\"2020-10-26T20:29:36+00:00\" \/>\n<meta property=\"article:modified_time\" content=\"2020-10-26T20:35:32+00:00\" \/>\n<meta property=\"og:image\" content=\"https:\/\/chelso.com.br\/site\/wp-content\/uploads\/2020\/10\/unnamed-scaled-e1603743902723.jpg\" \/>\n\t<meta property=\"og:image:width\" content=\"2387\" \/>\n\t<meta property=\"og:image:height\" content=\"1536\" \/>\n\t<meta property=\"og:image:type\" content=\"image\/jpeg\" \/>\n<meta name=\"author\" content=\"Chelso Sports\" \/>\n<meta name=\"twitter:card\" content=\"summary_large_image\" \/>\n<meta name=\"twitter:label1\" content=\"Escrito por\" \/>\n\t<meta name=\"twitter:data1\" content=\"Chelso Sports\" \/>\n\t<meta name=\"twitter:label2\" content=\"Est. tempo de leitura\" \/>\n\t<meta name=\"twitter:data2\" content=\"4 minutos\" \/>\n<script type=\"application\/ld+json\" class=\"yoast-schema-graph\">{\"@context\":\"https:\\\/\\\/schema.org\",\"@graph\":[{\"@type\":\"Article\",\"@id\":\"https:\\\/\\\/chelso.com.br\\\/site\\\/corrida-de-verificacao-de-protocolos-e-aprovada-por-organizadores-e-atletas\\\/#article\",\"isPartOf\":{\"@id\":\"https:\\\/\\\/chelso.com.br\\\/site\\\/corrida-de-verificacao-de-protocolos-e-aprovada-por-organizadores-e-atletas\\\/\"},\"author\":{\"name\":\"Chelso Sports\",\"@id\":\"https:\\\/\\\/chelso.com.br\\\/site\\\/#\\\/schema\\\/person\\\/a0d88f7b75518156d3b159da1611c04f\"},\"headline\":\"Corrida de verifica\u00e7\u00e3o de protocolos \u00e9 aprovada por organizadores e atletas\",\"datePublished\":\"2020-10-26T20:29:36+00:00\",\"dateModified\":\"2020-10-26T20:35:32+00:00\",\"mainEntityOfPage\":{\"@id\":\"https:\\\/\\\/chelso.com.br\\\/site\\\/corrida-de-verificacao-de-protocolos-e-aprovada-por-organizadores-e-atletas\\\/\"},\"wordCount\":758,\"commentCount\":0,\"image\":{\"@id\":\"https:\\\/\\\/chelso.com.br\\\/site\\\/corrida-de-verificacao-de-protocolos-e-aprovada-por-organizadores-e-atletas\\\/#primaryimage\"},\"thumbnailUrl\":\"https:\\\/\\\/chelso.com.br\\\/site\\\/wp-content\\\/uploads\\\/2020\\\/10\\\/unnamed-1-1024x683.jpg\",\"keywords\":[\"abraceo\",\"corrida de rua\",\"Evento-teste\",\"verifi\u00e7\u00e3o de protocolo\"],\"articleSection\":[\"Not\u00edcias\"],\"inLanguage\":\"pt-BR\",\"potentialAction\":[{\"@type\":\"CommentAction\",\"name\":\"Comment\",\"target\":[\"https:\\\/\\\/chelso.com.br\\\/site\\\/corrida-de-verificacao-de-protocolos-e-aprovada-por-organizadores-e-atletas\\\/#respond\"]}]},{\"@type\":\"WebPage\",\"@id\":\"https:\\\/\\\/chelso.com.br\\\/site\\\/corrida-de-verificacao-de-protocolos-e-aprovada-por-organizadores-e-atletas\\\/\",\"url\":\"https:\\\/\\\/chelso.com.br\\\/site\\\/corrida-de-verificacao-de-protocolos-e-aprovada-por-organizadores-e-atletas\\\/\",\"name\":\"Corrida de verifica\u00e7\u00e3o de protocolos \u00e9 aprovada por organizadores e atletas\",\"isPartOf\":{\"@id\":\"https:\\\/\\\/chelso.com.br\\\/site\\\/#website\"},\"primaryImageOfPage\":{\"@id\":\"https:\\\/\\\/chelso.com.br\\\/site\\\/corrida-de-verificacao-de-protocolos-e-aprovada-por-organizadores-e-atletas\\\/#primaryimage\"},\"image\":{\"@id\":\"https:\\\/\\\/chelso.com.br\\\/site\\\/corrida-de-verificacao-de-protocolos-e-aprovada-por-organizadores-e-atletas\\\/#primaryimage\"},\"thumbnailUrl\":\"https:\\\/\\\/chelso.com.br\\\/site\\\/wp-content\\\/uploads\\\/2020\\\/10\\\/unnamed-1-1024x683.jpg\",\"datePublished\":\"2020-10-26T20:29:36+00:00\",\"dateModified\":\"2020-10-26T20:35:32+00:00\",\"author\":{\"@id\":\"https:\\\/\\\/chelso.com.br\\\/site\\\/#\\\/schema\\\/person\\\/a0d88f7b75518156d3b159da1611c04f\"},\"description\":\"Com aprova\u00e7\u00e3o dos organizadores e atletas, a prova de verifica\u00e7\u00e3o de protocolos, realizada na manh\u00e3 deste domingo (25), no Samb\u00f3dromo.\",\"breadcrumb\":{\"@id\":\"https:\\\/\\\/chelso.com.br\\\/site\\\/corrida-de-verificacao-de-protocolos-e-aprovada-por-organizadores-e-atletas\\\/#breadcrumb\"},\"inLanguage\":\"pt-BR\",\"potentialAction\":[{\"@type\":\"ReadAction\",\"target\":[\"https:\\\/\\\/chelso.com.br\\\/site\\\/corrida-de-verificacao-de-protocolos-e-aprovada-por-organizadores-e-atletas\\\/\"]}]},{\"@type\":\"ImageObject\",\"inLanguage\":\"pt-BR\",\"@id\":\"https:\\\/\\\/chelso.com.br\\\/site\\\/corrida-de-verificacao-de-protocolos-e-aprovada-por-organizadores-e-atletas\\\/#primaryimage\",\"url\":\"https:\\\/\\\/chelso.com.br\\\/site\\\/wp-content\\\/uploads\\\/2020\\\/10\\\/unnamed-1-1024x683.jpg\",\"contentUrl\":\"https:\\\/\\\/chelso.com.br\\\/site\\\/wp-content\\\/uploads\\\/2020\\\/10\\\/unnamed-1-1024x683.jpg\"},{\"@type\":\"BreadcrumbList\",\"@id\":\"https:\\\/\\\/chelso.com.br\\\/site\\\/corrida-de-verificacao-de-protocolos-e-aprovada-por-organizadores-e-atletas\\\/#breadcrumb\",\"itemListElement\":[{\"@type\":\"ListItem\",\"position\":1,\"name\":\"In\u00edcio\",\"item\":\"https:\\\/\\\/chelso.com.br\\\/site\\\/\"},{\"@type\":\"ListItem\",\"position\":2,\"name\":\"Corrida de verifica\u00e7\u00e3o de protocolos \u00e9 aprovada por organizadores e atletas\"}]},{\"@type\":\"WebSite\",\"@id\":\"https:\\\/\\\/chelso.com.br\\\/site\\\/#website\",\"url\":\"https:\\\/\\\/chelso.com.br\\\/site\\\/\",\"name\":\"Portal Chelso Sports\",\"description\":\"Conte\u00fado especializado em corrida de rua e triathlon\",\"potentialAction\":[{\"@type\":\"SearchAction\",\"target\":{\"@type\":\"EntryPoint\",\"urlTemplate\":\"https:\\\/\\\/chelso.com.br\\\/site\\\/?s={search_term_string}\"},\"query-input\":{\"@type\":\"PropertyValueSpecification\",\"valueRequired\":true,\"valueName\":\"search_term_string\"}}],\"inLanguage\":\"pt-BR\"},{\"@type\":\"Person\",\"@id\":\"https:\\\/\\\/chelso.com.br\\\/site\\\/#\\\/schema\\\/person\\\/a0d88f7b75518156d3b159da1611c04f\",\"name\":\"Chelso Sports\",\"image\":{\"@type\":\"ImageObject\",\"inLanguage\":\"pt-BR\",\"@id\":\"https:\\\/\\\/chelso.com.br\\\/site\\\/wp-content\\\/uploads\\\/2021\\\/02\\\/49755997_2074331199281928_6077735700046807040_n-150x150.png\",\"url\":\"https:\\\/\\\/chelso.com.br\\\/site\\\/wp-content\\\/uploads\\\/2021\\\/02\\\/49755997_2074331199281928_6077735700046807040_n-150x150.png\",\"contentUrl\":\"https:\\\/\\\/chelso.com.br\\\/site\\\/wp-content\\\/uploads\\\/2021\\\/02\\\/49755997_2074331199281928_6077735700046807040_n-150x150.png\",\"caption\":\"Chelso Sports\"},\"description\":\"Chelso Sports atua h\u00e1 13 anos conectando pessoas ao esporte. Possui em seu calend\u00e1rio desafios presenciais e virtuais de diversas modalidades. Acesse nosso calend\u00e1rio de eventos e saiba mais!\",\"sameAs\":[\"http:\\\/\\\/www.chelso.com.br\",\"https:\\\/\\\/www.instagram.com\\\/chelsosports\\\/\",\"https:\\\/\\\/www.youtube.com\\\/user\\\/ChelsoSports\"],\"url\":\"https:\\\/\\\/chelso.com.br\\\/site\\\/author\\\/chelsoblog\\\/\"}]}<\/script>\n<!-- \/ Yoast SEO plugin. -->","yoast_head_json":{"title":"Corrida de verifica\u00e7\u00e3o de protocolos \u00e9 aprovada por organizadores e atletas","description":"Com aprova\u00e7\u00e3o dos organizadores e atletas, a prova de verifica\u00e7\u00e3o de protocolos, realizada na manh\u00e3 deste domingo (25), no Samb\u00f3dromo.","robots":{"index":"index","follow":"follow","max-snippet":"max-snippet:-1","max-image-preview":"max-image-preview:large","max-video-preview":"max-video-preview:-1"},"canonical":"https:\/\/chelso.com.br\/site\/corrida-de-verificacao-de-protocolos-e-aprovada-por-organizadores-e-atletas\/","og_locale":"pt_BR","og_type":"article","og_title":"Corrida de verifica\u00e7\u00e3o de protocolos \u00e9 aprovada por organizadores e atletas","og_description":"Com aprova\u00e7\u00e3o dos organizadores e atletas, a prova de verifica\u00e7\u00e3o de protocolos, realizada na manh\u00e3 deste domingo (25), no Samb\u00f3dromo.","og_url":"https:\/\/chelso.com.br\/site\/corrida-de-verificacao-de-protocolos-e-aprovada-por-organizadores-e-atletas\/","og_site_name":"Portal Chelso Sports","article_published_time":"2020-10-26T20:29:36+00:00","article_modified_time":"2020-10-26T20:35:32+00:00","og_image":[{"width":2387,"height":1536,"url":"https:\/\/chelso.com.br\/site\/wp-content\/uploads\/2020\/10\/unnamed-scaled-e1603743902723.jpg","type":"image\/jpeg"}],"author":"Chelso Sports","twitter_card":"summary_large_image","twitter_misc":{"Escrito por":"Chelso Sports","Est. tempo de leitura":"4 minutos"},"schema":{"@context":"https:\/\/schema.org","@graph":[{"@type":"Article","@id":"https:\/\/chelso.com.br\/site\/corrida-de-verificacao-de-protocolos-e-aprovada-por-organizadores-e-atletas\/#article","isPartOf":{"@id":"https:\/\/chelso.com.br\/site\/corrida-de-verificacao-de-protocolos-e-aprovada-por-organizadores-e-atletas\/"},"author":{"name":"Chelso Sports","@id":"https:\/\/chelso.com.br\/site\/#\/schema\/person\/a0d88f7b75518156d3b159da1611c04f"},"headline":"Corrida de verifica\u00e7\u00e3o de protocolos \u00e9 aprovada por organizadores e atletas","datePublished":"2020-10-26T20:29:36+00:00","dateModified":"2020-10-26T20:35:32+00:00","mainEntityOfPage":{"@id":"https:\/\/chelso.com.br\/site\/corrida-de-verificacao-de-protocolos-e-aprovada-por-organizadores-e-atletas\/"},"wordCount":758,"commentCount":0,"image":{"@id":"https:\/\/chelso.com.br\/site\/corrida-de-verificacao-de-protocolos-e-aprovada-por-organizadores-e-atletas\/#primaryimage"},"thumbnailUrl":"https:\/\/chelso.com.br\/site\/wp-content\/uploads\/2020\/10\/unnamed-1-1024x683.jpg","keywords":["abraceo","corrida de rua","Evento-teste","verifi\u00e7\u00e3o de protocolo"],"articleSection":["Not\u00edcias"],"inLanguage":"pt-BR","potentialAction":[{"@type":"CommentAction","name":"Comment","target":["https:\/\/chelso.com.br\/site\/corrida-de-verificacao-de-protocolos-e-aprovada-por-organizadores-e-atletas\/#respond"]}]},{"@type":"WebPage","@id":"https:\/\/chelso.com.br\/site\/corrida-de-verificacao-de-protocolos-e-aprovada-por-organizadores-e-atletas\/","url":"https:\/\/chelso.com.br\/site\/corrida-de-verificacao-de-protocolos-e-aprovada-por-organizadores-e-atletas\/","name":"Corrida de verifica\u00e7\u00e3o de protocolos \u00e9 aprovada por organizadores e atletas","isPartOf":{"@id":"https:\/\/chelso.com.br\/site\/#website"},"primaryImageOfPage":{"@id":"https:\/\/chelso.com.br\/site\/corrida-de-verificacao-de-protocolos-e-aprovada-por-organizadores-e-atletas\/#primaryimage"},"image":{"@id":"https:\/\/chelso.com.br\/site\/corrida-de-verificacao-de-protocolos-e-aprovada-por-organizadores-e-atletas\/#primaryimage"},"thumbnailUrl":"https:\/\/chelso.com.br\/site\/wp-content\/uploads\/2020\/10\/unnamed-1-1024x683.jpg","datePublished":"2020-10-26T20:29:36+00:00","dateModified":"2020-10-26T20:35:32+00:00","author":{"@id":"https:\/\/chelso.com.br\/site\/#\/schema\/person\/a0d88f7b75518156d3b159da1611c04f"},"description":"Com aprova\u00e7\u00e3o dos organizadores e atletas, a prova de verifica\u00e7\u00e3o de protocolos, realizada na manh\u00e3 deste domingo (25), no Samb\u00f3dromo.","breadcrumb":{"@id":"https:\/\/chelso.com.br\/site\/corrida-de-verificacao-de-protocolos-e-aprovada-por-organizadores-e-atletas\/#breadcrumb"},"inLanguage":"pt-BR","potentialAction":[{"@type":"ReadAction","target":["https:\/\/chelso.com.br\/site\/corrida-de-verificacao-de-protocolos-e-aprovada-por-organizadores-e-atletas\/"]}]},{"@type":"ImageObject","inLanguage":"pt-BR","@id":"https:\/\/chelso.com.br\/site\/corrida-de-verificacao-de-protocolos-e-aprovada-por-organizadores-e-atletas\/#primaryimage","url":"https:\/\/chelso.com.br\/site\/wp-content\/uploads\/2020\/10\/unnamed-1-1024x683.jpg","contentUrl":"https:\/\/chelso.com.br\/site\/wp-content\/uploads\/2020\/10\/unnamed-1-1024x683.jpg"},{"@type":"BreadcrumbList","@id":"https:\/\/chelso.com.br\/site\/corrida-de-verificacao-de-protocolos-e-aprovada-por-organizadores-e-atletas\/#breadcrumb","itemListElement":[{"@type":"ListItem","position":1,"name":"In\u00edcio","item":"https:\/\/chelso.com.br\/site\/"},{"@type":"ListItem","position":2,"name":"Corrida de verifica\u00e7\u00e3o de protocolos \u00e9 aprovada por organizadores e atletas"}]},{"@type":"WebSite","@id":"https:\/\/chelso.com.br\/site\/#website","url":"https:\/\/chelso.com.br\/site\/","name":"Portal Chelso Sports","description":"Conte\u00fado especializado em corrida de rua e triathlon","potentialAction":[{"@type":"SearchAction","target":{"@type":"EntryPoint","urlTemplate":"https:\/\/chelso.com.br\/site\/?s={search_term_string}"},"query-input":{"@type":"PropertyValueSpecification","valueRequired":true,"valueName":"search_term_string"}}],"inLanguage":"pt-BR"},{"@type":"Person","@id":"https:\/\/chelso.com.br\/site\/#\/schema\/person\/a0d88f7b75518156d3b159da1611c04f","name":"Chelso Sports","image":{"@type":"ImageObject","inLanguage":"pt-BR","@id":"https:\/\/chelso.com.br\/site\/wp-content\/uploads\/2021\/02\/49755997_2074331199281928_6077735700046807040_n-150x150.png","url":"https:\/\/chelso.com.br\/site\/wp-content\/uploads\/2021\/02\/49755997_2074331199281928_6077735700046807040_n-150x150.png","contentUrl":"https:\/\/chelso.com.br\/site\/wp-content\/uploads\/2021\/02\/49755997_2074331199281928_6077735700046807040_n-150x150.png","caption":"Chelso Sports"},"description":"Chelso Sports atua h\u00e1 13 anos conectando pessoas ao esporte. Possui em seu calend\u00e1rio desafios presenciais e virtuais de diversas modalidades. Acesse nosso calend\u00e1rio de eventos e saiba mais!","sameAs":["http:\/\/www.chelso.com.br","https:\/\/www.instagram.com\/chelsosports\/","https:\/\/www.youtube.com\/user\/ChelsoSports"],"url":"https:\/\/chelso.com.br\/site\/author\/chelsoblog\/"}]}},"amp_enabled":true,"_links":{"self":[{"href":"https:\/\/chelso.com.br\/site\/wp-json\/wp\/v2\/posts\/4241","targetHints":{"allow":["GET"]}}],"collection":[{"href":"https:\/\/chelso.com.br\/site\/wp-json\/wp\/v2\/posts"}],"about":[{"href":"https:\/\/chelso.com.br\/site\/wp-json\/wp\/v2\/types\/post"}],"author":[{"embeddable":true,"href":"https:\/\/chelso.com.br\/site\/wp-json\/wp\/v2\/users\/1"}],"replies":[{"embeddable":true,"href":"https:\/\/chelso.com.br\/site\/wp-json\/wp\/v2\/comments?post=4241"}],"version-history":[{"count":3,"href":"https:\/\/chelso.com.br\/site\/wp-json\/wp\/v2\/posts\/4241\/revisions"}],"predecessor-version":[{"id":4248,"href":"https:\/\/chelso.com.br\/site\/wp-json\/wp\/v2\/posts\/4241\/revisions\/4248"}],"wp:attachment":[{"href":"https:\/\/chelso.com.br\/site\/wp-json\/wp\/v2\/media?parent=4241"}],"wp:term":[{"taxonomy":"category","embeddable":true,"href":"https:\/\/chelso.com.br\/site\/wp-json\/wp\/v2\/categories?post=4241"},{"taxonomy":"post_tag","embeddable":true,"href":"https:\/\/chelso.com.br\/site\/wp-json\/wp\/v2\/tags?post=4241"}],"curies":[{"name":"wp","href":"https:\/\/api.w.org\/{rel}","templated":true}]}}