{"id":4260,"date":"2020-10-30T15:00:14","date_gmt":"2020-10-30T18:00:14","guid":{"rendered":"https:\/\/chelso.com.br\/site\/?p=4260"},"modified":"2020-11-15T21:21:38","modified_gmt":"2020-11-16T00:21:38","slug":"qual-o-tenis-ideal-para-corrida-entrevistamos-edu-suzuki-do-tenis-certo","status":"publish","type":"post","link":"https:\/\/chelso.com.br\/site\/qual-o-tenis-ideal-para-corrida-entrevistamos-edu-suzuki-do-tenis-certo\/","title":{"rendered":"Qual o t\u00eanis ideal para corrida? Entrevistamos Edu Suzuki do T\u00eanis Certo!"},"content":{"rendered":"<p><span style=\"font-weight: 400;\">Quem a\u00ed j\u00e1 teve d\u00favidas sobre qual t\u00eanis comprar?? Todo mundo, n\u00e3o \u00e9 verdade? Pensando nisso, hoje temos a honra de trazer em nosso Blog, uma entrevista exclusiva que fizemos com o Eduardo Suzuki, do canal <\/span><a href=\"https:\/\/www.youtube.com\/channel\/UCaVpzaxGCCrNgZt5l4lh5OA\"><b>T\u00eanis Certo<\/b><\/a><span style=\"font-weight: 400;\">, um cara que admiramos demais e que sabe tudo sobre o assunto! Se voc\u00ea n\u00e3o conhece o canal, precisa conhecer! <\/span><span style=\"font-weight: 400;\">Se liga em tudo que ele compartilhou com a gente sobre qual o t\u00eanis ideal para corrida, e l\u00ea at\u00e9 o final, porque temos uma novidade para contar!!<\/span><\/p>\n<p>&nbsp;<\/p>\n<h3><b>Edu, por que voc\u00ea come\u00e7ou no canal?<\/b><\/h3>\n<p><span style=\"font-weight: 400;\">O canal foi uma consequ\u00eancia de um trabalho que eu estava fazendo. Eu comecei a trabalhar com esportes h\u00e1 aproximadamente 13 anos atr\u00e1s em um e-commerce de Curtitiba de produtos para nata\u00e7\u00e3o e triathlon. Um tempo antes, quando eu comecei a correr, eu havia sentido a necessidade de criar um aplicativo onde as pessoas pudessem ver quais eram os modelos similares de t\u00eanis aos que elas usavam. A pessoa colocava o modelo do seu t\u00eanis o aplicativo dava outras tr\u00eas sugest\u00f5es de t\u00eanis que se equiparavam com aquele para ela. Mas, esse aplicativo acabou n\u00e3o dando certo e ent\u00e3o esse e-commerce me convidou para trabalhar l\u00e1 criando conte\u00fado. <\/span><\/p>\n<p><span style=\"font-weight: 400;\">Ao mesmo tempo criei tamb\u00e9m o meu blog, que na \u00e9poca j\u00e1 se chamava \u201cT\u00eanis Certo\u201d, onde eu fazia reviews de t\u00eanis por ter acesso \u00e0 diversos modelos no e-commerce. Na \u00e9poca o S\u00e9rgio Rocha do Canal <\/span><a href=\"https:\/\/www.youtube.com\/user\/CorridaNoAr\"><b>Corrida no Ar<\/b><\/a><span style=\"font-weight: 400;\"> me deu a dica para fazer esses reviews em v\u00eddeo no Youtube. E ent\u00e3o iniciei com unboxings (sentindo um pouco vergonha) e mostrando apenas minha m\u00e3o. E foi assim que surgiu o canal.<\/span><\/p>\n<h3><b>Qual maior desafio voc\u00ea enfrentou nesse mundo digital?<\/b><\/h3>\n<p><span style=\"font-weight: 400;\">Eu sempre gostei de produzir conte\u00fado, pois acredito que ele pode transformar um neg\u00f3cio, n\u00e3o importa qual seja o assunto desse neg\u00f3cio. E eu sempre estudei muito sobre cria\u00e7\u00e3o de conte\u00fado, principalmente na parte de esportes. J\u00e1 tive diversos blogs ao longo dos anos e sobre diversos assuntos que variaram de perfumes \u00e0 Star Wars. Na \u00e9poca o Google indexava muito bem e r\u00e1pido os conte\u00fados, ent\u00e3o eu criava conte\u00fados que pudessem depois gerar uma venda. Acredito que o grande desafio para quem cria conte\u00fado \u00e9 o grande volume de postagens que precisamos fazer, pois elas precisam ser di\u00e1rias e em m\u00faltiplas plataformas, surgiu uma nova plataforma, voc\u00ea precisa estar inserido nela e isso demanda muito trabalho.<\/span><\/p>\n<h3><b>Qual a corrida mais especial que voc\u00ea j\u00e1 participou?<\/b><\/h3>\n<p><span style=\"font-weight: 400;\">Pra mim a corrida que tem a melhor lembran\u00e7a de todas foi a Maratona de Nova Iorque de 2018, foi a maratona que fiz o meu melhor tempo at\u00e9 hoje, apesar de ter sido bem sofrida por conta da altimetria. Acho que todo corredor que pensa em fazer uma maratona sonha em um dia fazer essa prova, que na minha opini\u00e3o \u00e9 diferente de tudo que j\u00e1 corri.<\/span><\/p>\n<p style=\"text-align: center;\"><img fetchpriority=\"high\" decoding=\"async\" class=\"size-large wp-image-4266 aligncenter\" style=\"font-size: 14px;\" src=\"https:\/\/chelso.com.br\/site\/wp-content\/uploads\/2020\/10\/IMG-20190428-WA0034-1024x682.jpg\" alt=\"tenis ideal para corrida\" width=\"702\" height=\"468\" \/><span style=\"font-size: inherit; font-style: italic; text-align: center;\">Foto: Tenis Certo<\/span><\/p>\n<h3><b>Qual a sua corrida dos sonhos?<\/b><\/h3>\n<p><span style=\"font-weight: 400;\">Eu nunca penso em sonhos, mas hoje estou em uma vibe muito ligado com a <\/span><a href=\"http:\/\/instagram.com\/valery_mello\"><b>Val<\/b><\/a><span style=\"font-weight: 400;\">, e o sonho dela acabou que se tornou o meu sonho tamb\u00e9m, que \u00e9 participar de todas as Majors. N\u00f3s vamos juntos para todas elas, ent\u00e3o acredito que esse \u00e9 o meu sonho atual: Correr todas as Majors junto com a Val.<\/span><\/p>\n<h3><b>Quais as suas inspira\u00e7\u00f5es no mundo running?<\/b><\/h3>\n<p><span style=\"font-weight: 400;\">Costumo consumir conte\u00fados fora do mundo running, porque assim consigo transformar esse conte\u00fado em uma linguagem diferente, mas pensando em running gosto muito do canal do meu amigo Jamison Michael. Ele tem uma pegada mais cinematogr\u00e1fica nos reviews, e o canal dele \u00e9 bem parecido com o T\u00eanis Certo, pois tamb\u00e9m tr\u00e1s mulheres para fazer reviews, o que acho super importante. Buscamos sempre bastante inspira\u00e7\u00e3o de fora do Brasil. Com rela\u00e7\u00e3o \u00e0 atletas que me inspiram acredito que o Eulid Kipchoge \u00e9 um atleta que nos inspira demais, o Usain Bolt tamb\u00e9m \u00e9 um cara incr\u00edvel e que tivemos a honra de entrevistar, e ver ele usando o bon\u00e9 do T\u00eanis Certo e estar ao lado dele foi inesquec\u00edvel.<\/span><\/p>\n<p><a href=\"https:\/\/www.chelso.com.br\/site\/provas\/corrida-virtual-tenis-certo-linha-de-chegada\/\"><img decoding=\"async\" class=\"alignnone size-full wp-image-4358\" src=\"https:\/\/chelso.com.br\/site\/wp-content\/uploads\/2020\/10\/TENIS-CERTO.jpg\" alt=\"\" width=\"728\" height=\"90\" \/><\/a><\/p>\n<h3><b>Quais os principais fatores de decis\u00e3o de compra do t\u00eanis de corrida?<\/b><\/h3>\n<p><span style=\"font-weight: 400;\">Acredito que a primeira coisa \u00e9 conforto, n\u00e3o adianta um t\u00eanis ser bonito, leve e ter a \u00faltima tecnologia se ele machucar o seu p\u00e9. Descobrimos atrav\u00e9s de enquete com nossos seguidores que para descobrir qual t\u00eanis \u00e9 o mais confort\u00e1vel, eles buscam a opini\u00e3o de amigos, do treinador e de canais que falam sobre o assunto, e isso ajuda e muito na escolha certa. Muita gente se influencia tamb\u00e9m pelo pre\u00e7o. Acredito serem esses os maiores fatores de decis\u00e3o na hora da compra.<\/span><\/p>\n<h3><b>Quais itens obrigat\u00f3rios um t\u00eanis ideal para corrida precisa ter?<\/b><\/h3>\n<p><span style=\"font-weight: 400;\">Acima de tudo, acho que o cabedal do t\u00eanis precisa ser respir\u00e1vel, porque \u00e9 horr\u00edvel quando o t\u00eanis esquenta, tanto no solado quanto na parte dos dedos, e isso incomoda demais. A flexibilidade tamb\u00e9m \u00e9 super importante. O cadar\u00e7o tamb\u00e9m precisa ter uma boa qualidade e boa amarra\u00e7\u00e3o para n\u00e3o correr o risco de desamarrar em meio \u00e0 uma prova, por exemplo.<\/span><\/p>\n<p style=\"text-align: center;\"><img decoding=\"async\" class=\"size-large wp-image-4265 aligncenter\" style=\"font-size: 14px;\" src=\"https:\/\/chelso.com.br\/site\/wp-content\/uploads\/2020\/10\/BEB_7800-e1603997528922-899x1024.jpg\" alt=\"tenis ideal para corrida\" width=\"702\" height=\"800\" \/><span style=\"font-size: inherit; font-style: italic; text-align: center;\">Foto: Tenis Certo<\/span><\/p>\n<h3><b>Existe t\u00eanis certo para cada tipo de pisada?<\/b><\/h3>\n<p><span style=\"font-weight: 400;\">Para a maioria dos corredores um t\u00eanis neutro pode funcionar muito bem, mas tem muita gente que gosta de t\u00eanis que tem um pouco mais de estabilidade e um arco interno mais firme. Teste de pisada \u00e9 algo que n\u00e3o acredito ser t\u00e3o uma obrigatoriedade, pois muitas vezes ele n\u00e3o \u00e9 preciso. Mas n\u00e3o acredito que isso seja um fator importante na decis\u00e3o de compra de um t\u00eanis ideal para corrida.<\/span><\/p>\n<h3><b>Consigo encontrar t\u00eanis barato e com uma boa qualidade?<\/b><\/h3>\n<p><span style=\"font-weight: 400;\">Sim! O pre\u00e7o para t\u00eanis \u00e9 diferente de um equipamento eletr\u00f4nico, por exemplo, que o pre\u00e7o est\u00e1 muito atrelado \u00e0 tecnologia. No cal\u00e7ado o inverso pode acontecer, voc\u00ea pode comprar um t\u00eanis muito caro que n\u00e3o seja bom. Muitas vezes um t\u00eanis barato atende muito bem os corredores iniciantes. Conforme voc\u00ea vai evoluindo, existe uma faixa de pre\u00e7o que atende muito bem que varia entre 300 e 450 reais, com um bom acabamento, durabilidade e das principais marcas do mercado. Barato ou caro \u00e9 muito relativo e varia de acordo com cada corredor, pois cada um tem a sua percep\u00e7\u00e3o do valor que pode pagar.<\/span><\/p>\n<h3><b>Existe diferen\u00e7a de t\u00eanis para certas dist\u00e2ncias?<\/b><\/h3>\n<p><span style=\"font-weight: 400;\">Depende. Alguns corredores acabam se adaptando com t\u00eanis mais firmes e conseguem correr meia maratona, maratona e ultramaratona com eles. J\u00e1 para outros corredores um t\u00eanis macio vai ser o ideal para dist\u00e2ncias mais longas. Vai de cada corredor. A indica\u00e7\u00e3o \u00e9 comprar um t\u00eanis e iniciar os treinos mais leves com ele, depois partir para um treino de ritmo, depois para o longo e a\u00ed sim segue para uma prova mais longa. Alguns t\u00eanis mais baixos e firmes acabam sendo mais indicados para provas mais curtas de 5 ou 10km mas s\u00e3o um pouco mais dif\u00edceis de correr.<\/span><\/p>\n<h3><b>Quantos treinos recomenda eu fazer com um t\u00eanis novo, antes da prova alvo?<\/b><\/h3>\n<p><span style=\"font-weight: 400;\">N\u00e3o existe um n\u00famero de treinos que voc\u00ea deve fazer, \u00e9 mais uma quest\u00e3o de adapta\u00e7\u00e3o. Existem corredores que cal\u00e7am o t\u00eanis, fazem um long\u00e3o com ele e j\u00e1 partem para a prova, outros, acabam percebendo que o t\u00eanis vai ficando mais flex\u00edvel ao longo dos treinos, \u00e0s vezes o t\u00eanis pode aquecer demais a sola do p\u00e9 e isso aumenta muito a chance de causar bolhas durante a prova. Muitas vezes o corredor j\u00e1 usou o mesmo t\u00eanis v\u00e1rias vezes durante o treino, mas no dia da prova ele acaba tendo bolhas no p\u00e9, ent\u00e3o, n\u00e3o existe um n\u00famero exato de treinos, vai de cada corredor.<\/span><\/p>\n<p>&nbsp;<\/p>\n<p><span style=\"font-weight: 400;\">E a\u00ed, gostaram das dicas sobre qual o t\u00eanis ideal para corrida? Top demais, n\u00e9? Conta aqui pra gente nos coment\u00e1rios qual foi a sua favorita e se voc\u00ea j\u00e1 conhece o canal T\u00eanis Certo!<\/span><\/p>\n<p><span style=\"font-weight: 400;\">Agora a grande novidade! Em parceria com a <\/span><a href=\"http:\/\/www.chelso.com.br\"><b>Chelso Sports<\/b><\/a><span style=\"font-weight: 400;\"> o canal <\/span><a href=\"https:\/\/www.youtube.com\/channel\/UCaVpzaxGCCrNgZt5l4lh5OA\"><b>T\u00eanis Certo<\/b><\/a><span style=\"font-weight: 400;\"> lan\u00e7ou ontem o <\/span><b>Desafio T\u00eanis Certo | Linha de Chegada<\/b><span style=\"font-weight: 400;\">, uma corrida virtual com as dist\u00e2ncias de 3, 5, 10, 15, 21 e 42km , e que conta com seis op\u00e7\u00f5es de kits para voc\u00ea se desafiar quando e onde quiser e conquistar a sua medalha. Se liga nesses itens:<\/span><\/p>\n<p style=\"text-align: center;\"><a style=\"font-size: 14px;\" href=\"https:\/\/www.chelso.com.br\/site\/provas\/corrida-virtual-tenis-certo-linha-de-chegada\/\"><img loading=\"lazy\" decoding=\"async\" class=\"wp-image-4267 size-full aligncenter\" src=\"https:\/\/chelso.com.br\/site\/wp-content\/uploads\/2020\/10\/WhatsApp-Image-2020-10-29-at-15.47.44-e1603997595422.jpeg\" alt=\"tenis ideal para corrida\" width=\"1000\" height=\"945\" \/><\/a><span style=\"font-size: inherit; font-style: italic; text-align: center;\">Desafio Virtual T\u00eanis Certo &#8211; Linha de Chegada<\/span><\/p>\n<p><span style=\"font-weight: 400;\">Para se inscrever e participar desse desafio basta acessar nosso site atrav\u00e9s deste <\/span><a href=\"https:\/\/www.chelso.com.br\/site\/provas\/corrida-virtual-tenis-certo-linha-de-chegada\/\"><b>LINK<\/b><\/a><span style=\"font-weight: 400;\">, mas corre que as vagas s\u00e3o limitadas e os itens exclusivos! Bora aproveitar que j\u00e1 sabe como escolher o t\u00eanis ideal para corrida e correr nesse desafio?<\/span><\/p>\n<p>Aproveita pra assistir agora a um v\u00eddeo que o Edu e a Val fizeram l\u00e1 para o canal T\u00eanis Certo sobre o desafio!<\/p>\n<p><iframe src=\"https:\/\/www.youtube-nocookie.com\/embed\/NazvFjmsc2g\" width=\"560\" height=\"315\" frameborder=\"0\" allowfullscreen=\"allowfullscreen\"><\/iframe><\/p>\n","protected":false},"excerpt":{"rendered":"<p>Quem a\u00ed j\u00e1 teve d\u00favidas sobre qual t\u00eanis comprar?? Todo mundo, n\u00e3o \u00e9 verdade? Pensando nisso, hoje temos a honra de trazer em nosso Blog, uma entrevista exclusiva que fizemos com o Eduardo Suzuki, do canal T\u00eanis Certo, um cara que admiramos demais e que sabe tudo sobre o assunto! Se voc\u00ea n\u00e3o conhece o<\/p>\n","protected":false},"author":1,"featured_media":0,"comment_status":"open","ping_status":"closed","sticky":false,"template":"","format":"standard","meta":{"om_disable_all_campaigns":false,"_monsterinsights_skip_tracking":false,"_monsterinsights_sitenote_active":false,"_monsterinsights_sitenote_note":"","_monsterinsights_sitenote_category":0,"footnotes":""},"categories":[78],"tags":[36,62,79,80,81],"class_list":{"0":"post-4260","1":"post","2":"type-post","3":"status-publish","4":"format-standard","6":"category-entrevistas","7":"tag-corrida","8":"tag-dica","9":"tag-tenis","10":"tag-tenis-certo","11":"tag-tenis-ideal"},"aioseo_notices":[],"yoast_head":"<!-- This site is optimized with the Yoast SEO plugin v27.5 - https:\/\/yoast.com\/product\/yoast-seo-wordpress\/ -->\n<title>Qual o t\u00eanis ideal para corrida? Entrevistamos Edu Suzuki do T\u00eanis Certo!<\/title>\n<meta name=\"description\" content=\"Quem a\u00ed j\u00e1 teve d\u00favidas sobre qual o t\u00eanis ideal para corrida? Nesse post compartilhamos dicas do Eduardo Suzuki sobre o assunto!\" \/>\n<meta name=\"robots\" content=\"index, follow, max-snippet:-1, max-image-preview:large, max-video-preview:-1\" \/>\n<link rel=\"canonical\" href=\"https:\/\/chelso.com.br\/site\/qual-o-tenis-ideal-para-corrida-entrevistamos-edu-suzuki-do-tenis-certo\/\" \/>\n<meta property=\"og:locale\" content=\"pt_BR\" \/>\n<meta property=\"og:type\" content=\"article\" \/>\n<meta property=\"og:title\" content=\"Qual o t\u00eanis ideal para corrida? Entrevistamos Edu Suzuki do T\u00eanis Certo!\" \/>\n<meta property=\"og:description\" content=\"Quem a\u00ed j\u00e1 teve d\u00favidas sobre qual o t\u00eanis ideal para corrida? Nesse post compartilhamos dicas do Eduardo Suzuki sobre o assunto!\" \/>\n<meta property=\"og:url\" content=\"https:\/\/chelso.com.br\/site\/qual-o-tenis-ideal-para-corrida-entrevistamos-edu-suzuki-do-tenis-certo\/\" \/>\n<meta property=\"og:site_name\" content=\"Portal Chelso Sports\" \/>\n<meta property=\"article:published_time\" content=\"2020-10-30T18:00:14+00:00\" \/>\n<meta property=\"article:modified_time\" content=\"2020-11-16T00:21:38+00:00\" \/>\n<meta property=\"og:image\" content=\"https:\/\/chelso.com.br\/site\/wp-content\/uploads\/2020\/10\/unnamed-4.jpg\" \/>\n\t<meta property=\"og:image:width\" content=\"1280\" \/>\n\t<meta property=\"og:image:height\" content=\"854\" \/>\n\t<meta property=\"og:image:type\" content=\"image\/jpeg\" \/>\n<meta name=\"author\" content=\"Chelso Sports\" \/>\n<meta name=\"twitter:card\" content=\"summary_large_image\" \/>\n<meta name=\"twitter:label1\" content=\"Escrito por\" \/>\n\t<meta name=\"twitter:data1\" content=\"Chelso Sports\" \/>\n\t<meta name=\"twitter:label2\" content=\"Est. tempo de leitura\" \/>\n\t<meta name=\"twitter:data2\" content=\"8 minutos\" \/>\n<script type=\"application\/ld+json\" class=\"yoast-schema-graph\">{\"@context\":\"https:\\\/\\\/schema.org\",\"@graph\":[{\"@type\":\"Article\",\"@id\":\"https:\\\/\\\/chelso.com.br\\\/site\\\/qual-o-tenis-ideal-para-corrida-entrevistamos-edu-suzuki-do-tenis-certo\\\/#article\",\"isPartOf\":{\"@id\":\"https:\\\/\\\/chelso.com.br\\\/site\\\/qual-o-tenis-ideal-para-corrida-entrevistamos-edu-suzuki-do-tenis-certo\\\/\"},\"author\":{\"name\":\"Chelso Sports\",\"@id\":\"https:\\\/\\\/chelso.com.br\\\/site\\\/#\\\/schema\\\/person\\\/a0d88f7b75518156d3b159da1611c04f\"},\"headline\":\"Qual o t\u00eanis ideal para corrida? Entrevistamos Edu Suzuki do T\u00eanis Certo!\",\"datePublished\":\"2020-10-30T18:00:14+00:00\",\"dateModified\":\"2020-11-16T00:21:38+00:00\",\"mainEntityOfPage\":{\"@id\":\"https:\\\/\\\/chelso.com.br\\\/site\\\/qual-o-tenis-ideal-para-corrida-entrevistamos-edu-suzuki-do-tenis-certo\\\/\"},\"wordCount\":1550,\"commentCount\":0,\"image\":{\"@id\":\"https:\\\/\\\/chelso.com.br\\\/site\\\/qual-o-tenis-ideal-para-corrida-entrevistamos-edu-suzuki-do-tenis-certo\\\/#primaryimage\"},\"thumbnailUrl\":\"https:\\\/\\\/chelso.com.br\\\/site\\\/wp-content\\\/uploads\\\/2020\\\/10\\\/IMG-20190428-WA0034-1024x682.jpg\",\"keywords\":[\"corrida\",\"Dica\",\"t\u00eanis\",\"t\u00eanis certo\",\"t\u00eanis ideal\"],\"articleSection\":[\"Entrevistas\"],\"inLanguage\":\"pt-BR\",\"potentialAction\":[{\"@type\":\"CommentAction\",\"name\":\"Comment\",\"target\":[\"https:\\\/\\\/chelso.com.br\\\/site\\\/qual-o-tenis-ideal-para-corrida-entrevistamos-edu-suzuki-do-tenis-certo\\\/#respond\"]}]},{\"@type\":\"WebPage\",\"@id\":\"https:\\\/\\\/chelso.com.br\\\/site\\\/qual-o-tenis-ideal-para-corrida-entrevistamos-edu-suzuki-do-tenis-certo\\\/\",\"url\":\"https:\\\/\\\/chelso.com.br\\\/site\\\/qual-o-tenis-ideal-para-corrida-entrevistamos-edu-suzuki-do-tenis-certo\\\/\",\"name\":\"Qual o t\u00eanis ideal para corrida? Entrevistamos Edu Suzuki do T\u00eanis Certo!\",\"isPartOf\":{\"@id\":\"https:\\\/\\\/chelso.com.br\\\/site\\\/#website\"},\"primaryImageOfPage\":{\"@id\":\"https:\\\/\\\/chelso.com.br\\\/site\\\/qual-o-tenis-ideal-para-corrida-entrevistamos-edu-suzuki-do-tenis-certo\\\/#primaryimage\"},\"image\":{\"@id\":\"https:\\\/\\\/chelso.com.br\\\/site\\\/qual-o-tenis-ideal-para-corrida-entrevistamos-edu-suzuki-do-tenis-certo\\\/#primaryimage\"},\"thumbnailUrl\":\"https:\\\/\\\/chelso.com.br\\\/site\\\/wp-content\\\/uploads\\\/2020\\\/10\\\/IMG-20190428-WA0034-1024x682.jpg\",\"datePublished\":\"2020-10-30T18:00:14+00:00\",\"dateModified\":\"2020-11-16T00:21:38+00:00\",\"author\":{\"@id\":\"https:\\\/\\\/chelso.com.br\\\/site\\\/#\\\/schema\\\/person\\\/a0d88f7b75518156d3b159da1611c04f\"},\"description\":\"Quem a\u00ed j\u00e1 teve d\u00favidas sobre qual o t\u00eanis ideal para corrida? Nesse post compartilhamos dicas do Eduardo Suzuki sobre o assunto!\",\"breadcrumb\":{\"@id\":\"https:\\\/\\\/chelso.com.br\\\/site\\\/qual-o-tenis-ideal-para-corrida-entrevistamos-edu-suzuki-do-tenis-certo\\\/#breadcrumb\"},\"inLanguage\":\"pt-BR\",\"potentialAction\":[{\"@type\":\"ReadAction\",\"target\":[\"https:\\\/\\\/chelso.com.br\\\/site\\\/qual-o-tenis-ideal-para-corrida-entrevistamos-edu-suzuki-do-tenis-certo\\\/\"]}]},{\"@type\":\"ImageObject\",\"inLanguage\":\"pt-BR\",\"@id\":\"https:\\\/\\\/chelso.com.br\\\/site\\\/qual-o-tenis-ideal-para-corrida-entrevistamos-edu-suzuki-do-tenis-certo\\\/#primaryimage\",\"url\":\"\",\"contentUrl\":\"\"},{\"@type\":\"BreadcrumbList\",\"@id\":\"https:\\\/\\\/chelso.com.br\\\/site\\\/qual-o-tenis-ideal-para-corrida-entrevistamos-edu-suzuki-do-tenis-certo\\\/#breadcrumb\",\"itemListElement\":[{\"@type\":\"ListItem\",\"position\":1,\"name\":\"In\u00edcio\",\"item\":\"https:\\\/\\\/chelso.com.br\\\/site\\\/\"},{\"@type\":\"ListItem\",\"position\":2,\"name\":\"Qual o t\u00eanis ideal para corrida? Entrevistamos Edu Suzuki do T\u00eanis Certo!\"}]},{\"@type\":\"WebSite\",\"@id\":\"https:\\\/\\\/chelso.com.br\\\/site\\\/#website\",\"url\":\"https:\\\/\\\/chelso.com.br\\\/site\\\/\",\"name\":\"Portal Chelso Sports\",\"description\":\"Conte\u00fado especializado em corrida de rua e triathlon\",\"potentialAction\":[{\"@type\":\"SearchAction\",\"target\":{\"@type\":\"EntryPoint\",\"urlTemplate\":\"https:\\\/\\\/chelso.com.br\\\/site\\\/?s={search_term_string}\"},\"query-input\":{\"@type\":\"PropertyValueSpecification\",\"valueRequired\":true,\"valueName\":\"search_term_string\"}}],\"inLanguage\":\"pt-BR\"},{\"@type\":\"Person\",\"@id\":\"https:\\\/\\\/chelso.com.br\\\/site\\\/#\\\/schema\\\/person\\\/a0d88f7b75518156d3b159da1611c04f\",\"name\":\"Chelso Sports\",\"image\":{\"@type\":\"ImageObject\",\"inLanguage\":\"pt-BR\",\"@id\":\"https:\\\/\\\/chelso.com.br\\\/site\\\/wp-content\\\/uploads\\\/2021\\\/02\\\/49755997_2074331199281928_6077735700046807040_n-150x150.png\",\"url\":\"https:\\\/\\\/chelso.com.br\\\/site\\\/wp-content\\\/uploads\\\/2021\\\/02\\\/49755997_2074331199281928_6077735700046807040_n-150x150.png\",\"contentUrl\":\"https:\\\/\\\/chelso.com.br\\\/site\\\/wp-content\\\/uploads\\\/2021\\\/02\\\/49755997_2074331199281928_6077735700046807040_n-150x150.png\",\"caption\":\"Chelso Sports\"},\"description\":\"Chelso Sports atua h\u00e1 13 anos conectando pessoas ao esporte. Possui em seu calend\u00e1rio desafios presenciais e virtuais de diversas modalidades. Acesse nosso calend\u00e1rio de eventos e saiba mais!\",\"sameAs\":[\"http:\\\/\\\/www.chelso.com.br\",\"https:\\\/\\\/www.instagram.com\\\/chelsosports\\\/\",\"https:\\\/\\\/www.youtube.com\\\/user\\\/ChelsoSports\"],\"url\":\"https:\\\/\\\/chelso.com.br\\\/site\\\/author\\\/chelsoblog\\\/\"}]}<\/script>\n<!-- \/ Yoast SEO plugin. -->","yoast_head_json":{"title":"Qual o t\u00eanis ideal para corrida? Entrevistamos Edu Suzuki do T\u00eanis Certo!","description":"Quem a\u00ed j\u00e1 teve d\u00favidas sobre qual o t\u00eanis ideal para corrida? Nesse post compartilhamos dicas do Eduardo Suzuki sobre o assunto!","robots":{"index":"index","follow":"follow","max-snippet":"max-snippet:-1","max-image-preview":"max-image-preview:large","max-video-preview":"max-video-preview:-1"},"canonical":"https:\/\/chelso.com.br\/site\/qual-o-tenis-ideal-para-corrida-entrevistamos-edu-suzuki-do-tenis-certo\/","og_locale":"pt_BR","og_type":"article","og_title":"Qual o t\u00eanis ideal para corrida? Entrevistamos Edu Suzuki do T\u00eanis Certo!","og_description":"Quem a\u00ed j\u00e1 teve d\u00favidas sobre qual o t\u00eanis ideal para corrida? Nesse post compartilhamos dicas do Eduardo Suzuki sobre o assunto!","og_url":"https:\/\/chelso.com.br\/site\/qual-o-tenis-ideal-para-corrida-entrevistamos-edu-suzuki-do-tenis-certo\/","og_site_name":"Portal Chelso Sports","article_published_time":"2020-10-30T18:00:14+00:00","article_modified_time":"2020-11-16T00:21:38+00:00","og_image":[{"width":1280,"height":854,"url":"https:\/\/chelso.com.br\/site\/wp-content\/uploads\/2020\/10\/unnamed-4.jpg","type":"image\/jpeg"}],"author":"Chelso Sports","twitter_card":"summary_large_image","twitter_misc":{"Escrito por":"Chelso Sports","Est. tempo de leitura":"8 minutos"},"schema":{"@context":"https:\/\/schema.org","@graph":[{"@type":"Article","@id":"https:\/\/chelso.com.br\/site\/qual-o-tenis-ideal-para-corrida-entrevistamos-edu-suzuki-do-tenis-certo\/#article","isPartOf":{"@id":"https:\/\/chelso.com.br\/site\/qual-o-tenis-ideal-para-corrida-entrevistamos-edu-suzuki-do-tenis-certo\/"},"author":{"name":"Chelso Sports","@id":"https:\/\/chelso.com.br\/site\/#\/schema\/person\/a0d88f7b75518156d3b159da1611c04f"},"headline":"Qual o t\u00eanis ideal para corrida? Entrevistamos Edu Suzuki do T\u00eanis Certo!","datePublished":"2020-10-30T18:00:14+00:00","dateModified":"2020-11-16T00:21:38+00:00","mainEntityOfPage":{"@id":"https:\/\/chelso.com.br\/site\/qual-o-tenis-ideal-para-corrida-entrevistamos-edu-suzuki-do-tenis-certo\/"},"wordCount":1550,"commentCount":0,"image":{"@id":"https:\/\/chelso.com.br\/site\/qual-o-tenis-ideal-para-corrida-entrevistamos-edu-suzuki-do-tenis-certo\/#primaryimage"},"thumbnailUrl":"https:\/\/chelso.com.br\/site\/wp-content\/uploads\/2020\/10\/IMG-20190428-WA0034-1024x682.jpg","keywords":["corrida","Dica","t\u00eanis","t\u00eanis certo","t\u00eanis ideal"],"articleSection":["Entrevistas"],"inLanguage":"pt-BR","potentialAction":[{"@type":"CommentAction","name":"Comment","target":["https:\/\/chelso.com.br\/site\/qual-o-tenis-ideal-para-corrida-entrevistamos-edu-suzuki-do-tenis-certo\/#respond"]}]},{"@type":"WebPage","@id":"https:\/\/chelso.com.br\/site\/qual-o-tenis-ideal-para-corrida-entrevistamos-edu-suzuki-do-tenis-certo\/","url":"https:\/\/chelso.com.br\/site\/qual-o-tenis-ideal-para-corrida-entrevistamos-edu-suzuki-do-tenis-certo\/","name":"Qual o t\u00eanis ideal para corrida? Entrevistamos Edu Suzuki do T\u00eanis Certo!","isPartOf":{"@id":"https:\/\/chelso.com.br\/site\/#website"},"primaryImageOfPage":{"@id":"https:\/\/chelso.com.br\/site\/qual-o-tenis-ideal-para-corrida-entrevistamos-edu-suzuki-do-tenis-certo\/#primaryimage"},"image":{"@id":"https:\/\/chelso.com.br\/site\/qual-o-tenis-ideal-para-corrida-entrevistamos-edu-suzuki-do-tenis-certo\/#primaryimage"},"thumbnailUrl":"https:\/\/chelso.com.br\/site\/wp-content\/uploads\/2020\/10\/IMG-20190428-WA0034-1024x682.jpg","datePublished":"2020-10-30T18:00:14+00:00","dateModified":"2020-11-16T00:21:38+00:00","author":{"@id":"https:\/\/chelso.com.br\/site\/#\/schema\/person\/a0d88f7b75518156d3b159da1611c04f"},"description":"Quem a\u00ed j\u00e1 teve d\u00favidas sobre qual o t\u00eanis ideal para corrida? Nesse post compartilhamos dicas do Eduardo Suzuki sobre o assunto!","breadcrumb":{"@id":"https:\/\/chelso.com.br\/site\/qual-o-tenis-ideal-para-corrida-entrevistamos-edu-suzuki-do-tenis-certo\/#breadcrumb"},"inLanguage":"pt-BR","potentialAction":[{"@type":"ReadAction","target":["https:\/\/chelso.com.br\/site\/qual-o-tenis-ideal-para-corrida-entrevistamos-edu-suzuki-do-tenis-certo\/"]}]},{"@type":"ImageObject","inLanguage":"pt-BR","@id":"https:\/\/chelso.com.br\/site\/qual-o-tenis-ideal-para-corrida-entrevistamos-edu-suzuki-do-tenis-certo\/#primaryimage","url":"","contentUrl":""},{"@type":"BreadcrumbList","@id":"https:\/\/chelso.com.br\/site\/qual-o-tenis-ideal-para-corrida-entrevistamos-edu-suzuki-do-tenis-certo\/#breadcrumb","itemListElement":[{"@type":"ListItem","position":1,"name":"In\u00edcio","item":"https:\/\/chelso.com.br\/site\/"},{"@type":"ListItem","position":2,"name":"Qual o t\u00eanis ideal para corrida? Entrevistamos Edu Suzuki do T\u00eanis Certo!"}]},{"@type":"WebSite","@id":"https:\/\/chelso.com.br\/site\/#website","url":"https:\/\/chelso.com.br\/site\/","name":"Portal Chelso Sports","description":"Conte\u00fado especializado em corrida de rua e triathlon","potentialAction":[{"@type":"SearchAction","target":{"@type":"EntryPoint","urlTemplate":"https:\/\/chelso.com.br\/site\/?s={search_term_string}"},"query-input":{"@type":"PropertyValueSpecification","valueRequired":true,"valueName":"search_term_string"}}],"inLanguage":"pt-BR"},{"@type":"Person","@id":"https:\/\/chelso.com.br\/site\/#\/schema\/person\/a0d88f7b75518156d3b159da1611c04f","name":"Chelso Sports","image":{"@type":"ImageObject","inLanguage":"pt-BR","@id":"https:\/\/chelso.com.br\/site\/wp-content\/uploads\/2021\/02\/49755997_2074331199281928_6077735700046807040_n-150x150.png","url":"https:\/\/chelso.com.br\/site\/wp-content\/uploads\/2021\/02\/49755997_2074331199281928_6077735700046807040_n-150x150.png","contentUrl":"https:\/\/chelso.com.br\/site\/wp-content\/uploads\/2021\/02\/49755997_2074331199281928_6077735700046807040_n-150x150.png","caption":"Chelso Sports"},"description":"Chelso Sports atua h\u00e1 13 anos conectando pessoas ao esporte. Possui em seu calend\u00e1rio desafios presenciais e virtuais de diversas modalidades. Acesse nosso calend\u00e1rio de eventos e saiba mais!","sameAs":["http:\/\/www.chelso.com.br","https:\/\/www.instagram.com\/chelsosports\/","https:\/\/www.youtube.com\/user\/ChelsoSports"],"url":"https:\/\/chelso.com.br\/site\/author\/chelsoblog\/"}]}},"amp_enabled":true,"_links":{"self":[{"href":"https:\/\/chelso.com.br\/site\/wp-json\/wp\/v2\/posts\/4260","targetHints":{"allow":["GET"]}}],"collection":[{"href":"https:\/\/chelso.com.br\/site\/wp-json\/wp\/v2\/posts"}],"about":[{"href":"https:\/\/chelso.com.br\/site\/wp-json\/wp\/v2\/types\/post"}],"author":[{"embeddable":true,"href":"https:\/\/chelso.com.br\/site\/wp-json\/wp\/v2\/users\/1"}],"replies":[{"embeddable":true,"href":"https:\/\/chelso.com.br\/site\/wp-json\/wp\/v2\/comments?post=4260"}],"version-history":[{"count":5,"href":"https:\/\/chelso.com.br\/site\/wp-json\/wp\/v2\/posts\/4260\/revisions"}],"predecessor-version":[{"id":4359,"href":"https:\/\/chelso.com.br\/site\/wp-json\/wp\/v2\/posts\/4260\/revisions\/4359"}],"wp:attachment":[{"href":"https:\/\/chelso.com.br\/site\/wp-json\/wp\/v2\/media?parent=4260"}],"wp:term":[{"taxonomy":"category","embeddable":true,"href":"https:\/\/chelso.com.br\/site\/wp-json\/wp\/v2\/categories?post=4260"},{"taxonomy":"post_tag","embeddable":true,"href":"https:\/\/chelso.com.br\/site\/wp-json\/wp\/v2\/tags?post=4260"}],"curies":[{"name":"wp","href":"https:\/\/api.w.org\/{rel}","templated":true}]}}