{"id":4279,"date":"2020-11-04T15:00:49","date_gmt":"2020-11-04T18:00:49","guid":{"rendered":"https:\/\/chelso.com.br\/site\/?p=4279"},"modified":"2020-11-15T21:20:48","modified_gmt":"2020-11-16T00:20:48","slug":"baixa-do-rendimento-apos-ficar-sem-treinar","status":"publish","type":"post","link":"https:\/\/chelso.com.br\/site\/baixa-do-rendimento-apos-ficar-sem-treinar\/","title":{"rendered":"Como lidar com a baixa do rendimento ap\u00f3s ficar sem treinar"},"content":{"rendered":"<p><span style=\"font-weight: 400;\">Voc\u00ea percebeu uma baixa de rendimento ap\u00f3s ficar sem treinar por um longo per\u00edodo? Com toda certeza sim! Todo atleta j\u00e1 passou por isso, e foi pensando nesse tema que a psic\u00f3loga <a href=\"https:\/\/www.instagram.com\/larikosoba\/\">Larissa Kosoba<\/a>, nossa colunista de hoje, fez essa mat\u00e9ria motivacional para voc\u00eas! Vamos para a leitura e tenho certeza que esse texto vai te ajudar.<\/span><\/p>\n<p><span style=\"font-weight: 400;\">Ao retornar \u00e0 pr\u00e1tica das atividades f\u00edsicas \u00e9 comum perceber a perda do rendimento, e geralmente sempre ouvimos as frases:<\/span><\/p>\n<p><i><span style=\"font-weight: 400;\">&#8220;Eu corria 5km em x minutos, agora n\u00e3o estou aguentando aquele ritmo&#8221;\u00a0<\/span><\/i><\/p>\n<p><i><span style=\"font-weight: 400;\">ou\u00a0<\/span><\/i><\/p>\n<p><i><span style=\"font-weight: 400;\">&#8220;Eu fazia supino com x quilos e hoje n\u00e3o consigo mais&#8221;<\/span><\/i><\/p>\n<figure id=\"attachment_4283\" aria-describedby=\"caption-attachment-4283\" style=\"width: 702px\" class=\"wp-caption alignnone\"><img fetchpriority=\"high\" decoding=\"async\" class=\"size-large wp-image-4283\" src=\"https:\/\/chelso.com.br\/site\/wp-content\/uploads\/2020\/11\/young-man-exercises-in-a-professional-gym-with-a-selection-of-exercise-equipment-1024x684.jpg\" alt=\"baixa do rendimento ap\u00f3s ficar sem treinar\" width=\"702\" height=\"469\" \/><figcaption id=\"caption-attachment-4283\" class=\"wp-caption-text\">Foto: Freepik<\/figcaption><\/figure>\n<p><span style=\"font-weight: 400;\">\u00c9 natural ao nosso corpo perder parte do rendimento devido ao per\u00edodo sem treino, al\u00e9m claro, da perda de massa muscular que ocorre e \u00e9 super normal. Mas, como lidar com a frustra\u00e7\u00e3o de n\u00e3o conseguir realizar aquele treino que fazia sem tanta dificuldade?\u00a0<\/span><\/p>\n<h3>Os sentimentos<\/h3>\n<p><span style=\"font-weight: 400;\">Primeiramente, precisamos entender que lidar com a baixa de rendimento ap\u00f3s ficar sem treinar pode gerar muitos sentimentos como raiva, des\u00e2nimo e falta de <a href=\"https:\/\/chelso.com.br\/site\/motivacao-para-correr\/\">motiva\u00e7\u00e3o<\/a>, por exemplo. Mas, \u00e9 preciso aceitar o fato de que o corpo est\u00e1 num novo momento, e a \u00fanica forma dele voltar a &#8220;render&#8221; como antes \u00e9 com treino e principalmente paci\u00eancia.<\/span><\/p>\n<p><span style=\"font-weight: 400;\">O simples fato de aceitar que existem coisas n\u00e3o dependem de n\u00f3s mesmos, e que provavelmente voc\u00ea teve um motivo de for\u00e7a maior para parar de treinar por algum tempo, tem o poder de baixar o seu n\u00edvel de estresse e diminuir a sensa\u00e7\u00e3o de tempo perdido sem treino, e que pode te desanimar.<\/span><\/p>\n<figure id=\"attachment_4280\" aria-describedby=\"caption-attachment-4280\" style=\"width: 702px\" class=\"wp-caption alignnone\"><img decoding=\"async\" class=\"size-large wp-image-4280\" src=\"https:\/\/chelso.com.br\/site\/wp-content\/uploads\/2020\/11\/16A9179-1024x683.jpg\" alt=\"baixa do rendimento ap\u00f3s ficar sem treinar\" width=\"702\" height=\"468\" \/><figcaption id=\"caption-attachment-4280\" class=\"wp-caption-text\">Foto: Let&#8217;s Run Girls &#8211; 2019<\/figcaption><\/figure>\n<p><span style=\"font-weight: 400;\">Um dica legal para te animar na retomada dos treinos \u00e9 procurar atividades que te d\u00ea prazer em realizar, como um funcional, nata\u00e7\u00e3o, bike, zumba. Inclusive, essas s\u00e3o atividades que melhoram seu rendimento cardiovascular e que te ajudam a se manter ativo, liberam endorfina e que voc\u00ea n\u00e3o precisa se cobrar por resultados, como no seu esporte principal.<\/span><\/p>\n<h3>Foco \u00e9 a palavra chave!<\/h3>\n<p><span style=\"font-weight: 400;\">Foque sempre no que precisa ser feito, como seguir treinando e se alimentar de forma correta. O resultado acontece com o tempo! Ent\u00e3o, entenda tamb\u00e9m, que n\u00e3o precisamos ter controle de tudo o tempo todo, precisamos apenas ter const\u00e2ncia! Ela \u00e9 a chave para o sucesso quando se fala em resultados nos treinos.<\/span><\/p>\n<p><span style=\"font-weight: 400;\">Pense sempre que n\u00e3o \u00e9 porque voc\u00ea est\u00e1 vivendo uma dificuldade nos treinos hoje que ela estar\u00e1 a\u00ed amanh\u00e3, e s\u00f3 depende de voc\u00ea mudar esse cen\u00e1rio e fazer acontecer!<\/span><\/p>\n<figure id=\"attachment_4282\" aria-describedby=\"caption-attachment-4282\" style=\"width: 702px\" class=\"wp-caption alignnone\"><img decoding=\"async\" class=\"size-large wp-image-4282\" src=\"https:\/\/chelso.com.br\/site\/wp-content\/uploads\/2020\/11\/Up-Hill-2019-8-1024x682.jpg\" alt=\"baixa do rendimento ap\u00f3s ficar sem treinar\" width=\"702\" height=\"468\" \/><figcaption id=\"caption-attachment-4282\" class=\"wp-caption-text\">Foto: Run The Hill &#8211; 2019<\/figcaption><\/figure>\n<p><span style=\"font-weight: 400;\">Foque sempre no presente, tente n\u00e3o se importar tanto com os seus resultados anteriores e nem em quando vai chegar l\u00e1 novamente. Inclusive, tenha a certeza que vai ser ainda melhor que antes, e se voc\u00ea j\u00e1 conseguiu uma vez, consegue novamente!<\/span><\/p>\n<p><span style=\"font-weight: 400;\">Foque nos treinos agora, foque no que voc\u00ea pode fazer agora, e tudo vai fluir, voc\u00ea vai ver!<\/span><\/p>\n<p><a href=\"https:\/\/www.chelso.com.br\/site\/provas\/desafio-be-a-star\/\"><img loading=\"lazy\" decoding=\"async\" class=\"alignnone size-full wp-image-4356\" src=\"https:\/\/chelso.com.br\/site\/wp-content\/uploads\/2020\/11\/be-a-star.jpg\" alt=\"\" width=\"728\" height=\"90\" \/><\/a><\/p>\n<p><span style=\"font-weight: 400;\">Ent\u00e3o agora conta pra gente, voc\u00ea j\u00e1 se frustrou alguma vez com a baixa do rendimento ap\u00f3s ficar sem treinar? Como voc\u00ea lidou com isso? Voc\u00ea conseguiu retomar o seu condicionamento de antes?<\/span><\/p>\n<p><span style=\"font-weight: 400;\">Esperamos que esse texto tenha te motivado de alguma forma! Se voc\u00ea gostou, n\u00e3o deixe de compartilhar com aquele amigo que pode estar precisando ler tamb\u00e9m. E n\u00e3o esquece de seguir a <a href=\"http:\/\/www.chelso.com.br\">Chelso Sports<\/a> no <a href=\"https:\/\/www.instagram.com\/chelsosports\">instagram<\/a> e <a href=\"https:\/\/www.facebook.com\/chelsosports\">facebook<\/a> para ficar sabendo das novidades em nosso calend\u00e1rio de provas.<\/span><\/p>\n","protected":false},"excerpt":{"rendered":"<p>Voc\u00ea percebeu uma baixa de rendimento ap\u00f3s ficar sem treinar por um longo per\u00edodo? Com toda certeza sim! Todo atleta j\u00e1 passou por isso, e foi pensando nesse tema que a psic\u00f3loga Larissa Kosoba, nossa colunista de hoje, fez essa mat\u00e9ria motivacional para voc\u00eas! Vamos para a leitura e tenho certeza que esse texto vai<\/p>\n","protected":false},"author":5,"featured_media":0,"comment_status":"open","ping_status":"closed","sticky":false,"template":"","format":"standard","meta":{"om_disable_all_campaigns":false,"_monsterinsights_skip_tracking":false,"_monsterinsights_sitenote_active":false,"_monsterinsights_sitenote_note":"","_monsterinsights_sitenote_category":0,"footnotes":""},"categories":[28],"tags":[59,36,82,51],"class_list":{"0":"post-4279","1":"post","2":"type-post","3":"status-publish","4":"format-standard","6":"category-saude","7":"tag-correr","8":"tag-corrida","9":"tag-rendimento","10":"tag-treino"},"aioseo_notices":[],"yoast_head":"<!-- This site is optimized with the Yoast SEO plugin v27.5 - https:\/\/yoast.com\/product\/yoast-seo-wordpress\/ -->\n<title>Como lidar com a baixa do rendimento ap\u00f3s ficar sem treinar<\/title>\n<meta name=\"description\" content=\"Voc\u00ea percebeu uma baixa de rendimento ap\u00f3s ficar sem treinar por um longo per\u00edodo? Nesse post te damos dicas de como lidar isso.\" \/>\n<meta name=\"robots\" content=\"index, follow, max-snippet:-1, max-image-preview:large, max-video-preview:-1\" \/>\n<link rel=\"canonical\" href=\"https:\/\/chelso.com.br\/site\/baixa-do-rendimento-apos-ficar-sem-treinar\/\" \/>\n<meta property=\"og:locale\" content=\"pt_BR\" \/>\n<meta property=\"og:type\" content=\"article\" \/>\n<meta property=\"og:title\" content=\"Como lidar com a baixa do rendimento ap\u00f3s ficar sem treinar\" \/>\n<meta property=\"og:description\" content=\"Voc\u00ea percebeu uma baixa de rendimento ap\u00f3s ficar sem treinar por um longo per\u00edodo? Nesse post te damos dicas de como lidar isso.\" \/>\n<meta property=\"og:url\" content=\"https:\/\/chelso.com.br\/site\/baixa-do-rendimento-apos-ficar-sem-treinar\/\" \/>\n<meta property=\"og:site_name\" content=\"Portal Chelso Sports\" \/>\n<meta property=\"article:published_time\" content=\"2020-11-04T18:00:49+00:00\" \/>\n<meta property=\"article:modified_time\" content=\"2020-11-16T00:20:48+00:00\" \/>\n<meta property=\"og:image\" content=\"https:\/\/chelso.com.br\/site\/wp-content\/uploads\/2020\/11\/Copa-Itatiba-2018-1-scaled.jpg\" \/>\n\t<meta property=\"og:image:width\" content=\"2560\" \/>\n\t<meta property=\"og:image:height\" content=\"1706\" \/>\n\t<meta property=\"og:image:type\" content=\"image\/jpeg\" \/>\n<meta name=\"author\" content=\"Larissa Kosoba\" \/>\n<meta name=\"twitter:card\" content=\"summary_large_image\" \/>\n<meta name=\"twitter:label1\" content=\"Escrito por\" \/>\n\t<meta name=\"twitter:data1\" content=\"Larissa Kosoba\" \/>\n\t<meta name=\"twitter:label2\" content=\"Est. tempo de leitura\" \/>\n\t<meta name=\"twitter:data2\" content=\"3 minutos\" \/>\n<script type=\"application\/ld+json\" class=\"yoast-schema-graph\">{\"@context\":\"https:\\\/\\\/schema.org\",\"@graph\":[{\"@type\":\"Article\",\"@id\":\"https:\\\/\\\/chelso.com.br\\\/site\\\/baixa-do-rendimento-apos-ficar-sem-treinar\\\/#article\",\"isPartOf\":{\"@id\":\"https:\\\/\\\/chelso.com.br\\\/site\\\/baixa-do-rendimento-apos-ficar-sem-treinar\\\/\"},\"author\":{\"name\":\"Larissa Kosoba\",\"@id\":\"https:\\\/\\\/chelso.com.br\\\/site\\\/#\\\/schema\\\/person\\\/ad7389b6b49c20652131d63fbf6ef302\"},\"headline\":\"Como lidar com a baixa do rendimento ap\u00f3s ficar sem treinar\",\"datePublished\":\"2020-11-04T18:00:49+00:00\",\"dateModified\":\"2020-11-16T00:20:48+00:00\",\"mainEntityOfPage\":{\"@id\":\"https:\\\/\\\/chelso.com.br\\\/site\\\/baixa-do-rendimento-apos-ficar-sem-treinar\\\/\"},\"wordCount\":619,\"commentCount\":0,\"image\":{\"@id\":\"https:\\\/\\\/chelso.com.br\\\/site\\\/baixa-do-rendimento-apos-ficar-sem-treinar\\\/#primaryimage\"},\"thumbnailUrl\":\"https:\\\/\\\/chelso.com.br\\\/site\\\/wp-content\\\/uploads\\\/2020\\\/11\\\/young-man-exercises-in-a-professional-gym-with-a-selection-of-exercise-equipment-1024x684.jpg\",\"keywords\":[\"correr\",\"corrida\",\"rendimento\",\"treino\"],\"articleSection\":[\"Sa\u00fade e Bem Estar\"],\"inLanguage\":\"pt-BR\",\"potentialAction\":[{\"@type\":\"CommentAction\",\"name\":\"Comment\",\"target\":[\"https:\\\/\\\/chelso.com.br\\\/site\\\/baixa-do-rendimento-apos-ficar-sem-treinar\\\/#respond\"]}]},{\"@type\":\"WebPage\",\"@id\":\"https:\\\/\\\/chelso.com.br\\\/site\\\/baixa-do-rendimento-apos-ficar-sem-treinar\\\/\",\"url\":\"https:\\\/\\\/chelso.com.br\\\/site\\\/baixa-do-rendimento-apos-ficar-sem-treinar\\\/\",\"name\":\"Como lidar com a baixa do rendimento ap\u00f3s ficar sem treinar\",\"isPartOf\":{\"@id\":\"https:\\\/\\\/chelso.com.br\\\/site\\\/#website\"},\"primaryImageOfPage\":{\"@id\":\"https:\\\/\\\/chelso.com.br\\\/site\\\/baixa-do-rendimento-apos-ficar-sem-treinar\\\/#primaryimage\"},\"image\":{\"@id\":\"https:\\\/\\\/chelso.com.br\\\/site\\\/baixa-do-rendimento-apos-ficar-sem-treinar\\\/#primaryimage\"},\"thumbnailUrl\":\"https:\\\/\\\/chelso.com.br\\\/site\\\/wp-content\\\/uploads\\\/2020\\\/11\\\/young-man-exercises-in-a-professional-gym-with-a-selection-of-exercise-equipment-1024x684.jpg\",\"datePublished\":\"2020-11-04T18:00:49+00:00\",\"dateModified\":\"2020-11-16T00:20:48+00:00\",\"author\":{\"@id\":\"https:\\\/\\\/chelso.com.br\\\/site\\\/#\\\/schema\\\/person\\\/ad7389b6b49c20652131d63fbf6ef302\"},\"description\":\"Voc\u00ea percebeu uma baixa de rendimento ap\u00f3s ficar sem treinar por um longo per\u00edodo? Nesse post te damos dicas de como lidar isso.\",\"breadcrumb\":{\"@id\":\"https:\\\/\\\/chelso.com.br\\\/site\\\/baixa-do-rendimento-apos-ficar-sem-treinar\\\/#breadcrumb\"},\"inLanguage\":\"pt-BR\",\"potentialAction\":[{\"@type\":\"ReadAction\",\"target\":[\"https:\\\/\\\/chelso.com.br\\\/site\\\/baixa-do-rendimento-apos-ficar-sem-treinar\\\/\"]}]},{\"@type\":\"ImageObject\",\"inLanguage\":\"pt-BR\",\"@id\":\"https:\\\/\\\/chelso.com.br\\\/site\\\/baixa-do-rendimento-apos-ficar-sem-treinar\\\/#primaryimage\",\"url\":\"https:\\\/\\\/chelso.com.br\\\/site\\\/wp-content\\\/uploads\\\/2020\\\/11\\\/young-man-exercises-in-a-professional-gym-with-a-selection-of-exercise-equipment-1024x684.jpg\",\"contentUrl\":\"https:\\\/\\\/chelso.com.br\\\/site\\\/wp-content\\\/uploads\\\/2020\\\/11\\\/young-man-exercises-in-a-professional-gym-with-a-selection-of-exercise-equipment-1024x684.jpg\"},{\"@type\":\"BreadcrumbList\",\"@id\":\"https:\\\/\\\/chelso.com.br\\\/site\\\/baixa-do-rendimento-apos-ficar-sem-treinar\\\/#breadcrumb\",\"itemListElement\":[{\"@type\":\"ListItem\",\"position\":1,\"name\":\"In\u00edcio\",\"item\":\"https:\\\/\\\/chelso.com.br\\\/site\\\/\"},{\"@type\":\"ListItem\",\"position\":2,\"name\":\"Como lidar com a baixa do rendimento ap\u00f3s ficar sem treinar\"}]},{\"@type\":\"WebSite\",\"@id\":\"https:\\\/\\\/chelso.com.br\\\/site\\\/#website\",\"url\":\"https:\\\/\\\/chelso.com.br\\\/site\\\/\",\"name\":\"Portal Chelso Sports\",\"description\":\"Conte\u00fado especializado em corrida de rua e triathlon\",\"potentialAction\":[{\"@type\":\"SearchAction\",\"target\":{\"@type\":\"EntryPoint\",\"urlTemplate\":\"https:\\\/\\\/chelso.com.br\\\/site\\\/?s={search_term_string}\"},\"query-input\":{\"@type\":\"PropertyValueSpecification\",\"valueRequired\":true,\"valueName\":\"search_term_string\"}}],\"inLanguage\":\"pt-BR\"},{\"@type\":\"Person\",\"@id\":\"https:\\\/\\\/chelso.com.br\\\/site\\\/#\\\/schema\\\/person\\\/ad7389b6b49c20652131d63fbf6ef302\",\"name\":\"Larissa Kosoba\",\"image\":{\"@type\":\"ImageObject\",\"inLanguage\":\"pt-BR\",\"@id\":\"https:\\\/\\\/secure.gravatar.com\\\/avatar\\\/3212b380767f27620726ee84323fb0925705cc41e851f7a560c5cdd7b6ff8e54?s=96&d=mm&r=g\",\"url\":\"https:\\\/\\\/secure.gravatar.com\\\/avatar\\\/3212b380767f27620726ee84323fb0925705cc41e851f7a560c5cdd7b6ff8e54?s=96&d=mm&r=g\",\"contentUrl\":\"https:\\\/\\\/secure.gravatar.com\\\/avatar\\\/3212b380767f27620726ee84323fb0925705cc41e851f7a560c5cdd7b6ff8e54?s=96&d=mm&r=g\",\"caption\":\"Larissa Kosoba\"},\"description\":\"Larissa Kosoba \u00e9 Psic\u00f3loga especializada em Psicologia Esportiva, corredora amadora h\u00e1 6 anos e ultramaratonista! Para conhecer mais seu trabalho acesse o INSTAGRAM.\",\"sameAs\":[\"https:\\\/\\\/www.instagram.com\\\/larikosoba\\\/\"],\"url\":\"https:\\\/\\\/chelso.com.br\\\/site\\\/author\\\/larissakosoba\\\/\"}]}<\/script>\n<!-- \/ Yoast SEO plugin. -->","yoast_head_json":{"title":"Como lidar com a baixa do rendimento ap\u00f3s ficar sem treinar","description":"Voc\u00ea percebeu uma baixa de rendimento ap\u00f3s ficar sem treinar por um longo per\u00edodo? Nesse post te damos dicas de como lidar isso.","robots":{"index":"index","follow":"follow","max-snippet":"max-snippet:-1","max-image-preview":"max-image-preview:large","max-video-preview":"max-video-preview:-1"},"canonical":"https:\/\/chelso.com.br\/site\/baixa-do-rendimento-apos-ficar-sem-treinar\/","og_locale":"pt_BR","og_type":"article","og_title":"Como lidar com a baixa do rendimento ap\u00f3s ficar sem treinar","og_description":"Voc\u00ea percebeu uma baixa de rendimento ap\u00f3s ficar sem treinar por um longo per\u00edodo? Nesse post te damos dicas de como lidar isso.","og_url":"https:\/\/chelso.com.br\/site\/baixa-do-rendimento-apos-ficar-sem-treinar\/","og_site_name":"Portal Chelso Sports","article_published_time":"2020-11-04T18:00:49+00:00","article_modified_time":"2020-11-16T00:20:48+00:00","og_image":[{"width":2560,"height":1706,"url":"https:\/\/chelso.com.br\/site\/wp-content\/uploads\/2020\/11\/Copa-Itatiba-2018-1-scaled.jpg","type":"image\/jpeg"}],"author":"Larissa Kosoba","twitter_card":"summary_large_image","twitter_misc":{"Escrito por":"Larissa Kosoba","Est. tempo de leitura":"3 minutos"},"schema":{"@context":"https:\/\/schema.org","@graph":[{"@type":"Article","@id":"https:\/\/chelso.com.br\/site\/baixa-do-rendimento-apos-ficar-sem-treinar\/#article","isPartOf":{"@id":"https:\/\/chelso.com.br\/site\/baixa-do-rendimento-apos-ficar-sem-treinar\/"},"author":{"name":"Larissa Kosoba","@id":"https:\/\/chelso.com.br\/site\/#\/schema\/person\/ad7389b6b49c20652131d63fbf6ef302"},"headline":"Como lidar com a baixa do rendimento ap\u00f3s ficar sem treinar","datePublished":"2020-11-04T18:00:49+00:00","dateModified":"2020-11-16T00:20:48+00:00","mainEntityOfPage":{"@id":"https:\/\/chelso.com.br\/site\/baixa-do-rendimento-apos-ficar-sem-treinar\/"},"wordCount":619,"commentCount":0,"image":{"@id":"https:\/\/chelso.com.br\/site\/baixa-do-rendimento-apos-ficar-sem-treinar\/#primaryimage"},"thumbnailUrl":"https:\/\/chelso.com.br\/site\/wp-content\/uploads\/2020\/11\/young-man-exercises-in-a-professional-gym-with-a-selection-of-exercise-equipment-1024x684.jpg","keywords":["correr","corrida","rendimento","treino"],"articleSection":["Sa\u00fade e Bem Estar"],"inLanguage":"pt-BR","potentialAction":[{"@type":"CommentAction","name":"Comment","target":["https:\/\/chelso.com.br\/site\/baixa-do-rendimento-apos-ficar-sem-treinar\/#respond"]}]},{"@type":"WebPage","@id":"https:\/\/chelso.com.br\/site\/baixa-do-rendimento-apos-ficar-sem-treinar\/","url":"https:\/\/chelso.com.br\/site\/baixa-do-rendimento-apos-ficar-sem-treinar\/","name":"Como lidar com a baixa do rendimento ap\u00f3s ficar sem treinar","isPartOf":{"@id":"https:\/\/chelso.com.br\/site\/#website"},"primaryImageOfPage":{"@id":"https:\/\/chelso.com.br\/site\/baixa-do-rendimento-apos-ficar-sem-treinar\/#primaryimage"},"image":{"@id":"https:\/\/chelso.com.br\/site\/baixa-do-rendimento-apos-ficar-sem-treinar\/#primaryimage"},"thumbnailUrl":"https:\/\/chelso.com.br\/site\/wp-content\/uploads\/2020\/11\/young-man-exercises-in-a-professional-gym-with-a-selection-of-exercise-equipment-1024x684.jpg","datePublished":"2020-11-04T18:00:49+00:00","dateModified":"2020-11-16T00:20:48+00:00","author":{"@id":"https:\/\/chelso.com.br\/site\/#\/schema\/person\/ad7389b6b49c20652131d63fbf6ef302"},"description":"Voc\u00ea percebeu uma baixa de rendimento ap\u00f3s ficar sem treinar por um longo per\u00edodo? Nesse post te damos dicas de como lidar isso.","breadcrumb":{"@id":"https:\/\/chelso.com.br\/site\/baixa-do-rendimento-apos-ficar-sem-treinar\/#breadcrumb"},"inLanguage":"pt-BR","potentialAction":[{"@type":"ReadAction","target":["https:\/\/chelso.com.br\/site\/baixa-do-rendimento-apos-ficar-sem-treinar\/"]}]},{"@type":"ImageObject","inLanguage":"pt-BR","@id":"https:\/\/chelso.com.br\/site\/baixa-do-rendimento-apos-ficar-sem-treinar\/#primaryimage","url":"https:\/\/chelso.com.br\/site\/wp-content\/uploads\/2020\/11\/young-man-exercises-in-a-professional-gym-with-a-selection-of-exercise-equipment-1024x684.jpg","contentUrl":"https:\/\/chelso.com.br\/site\/wp-content\/uploads\/2020\/11\/young-man-exercises-in-a-professional-gym-with-a-selection-of-exercise-equipment-1024x684.jpg"},{"@type":"BreadcrumbList","@id":"https:\/\/chelso.com.br\/site\/baixa-do-rendimento-apos-ficar-sem-treinar\/#breadcrumb","itemListElement":[{"@type":"ListItem","position":1,"name":"In\u00edcio","item":"https:\/\/chelso.com.br\/site\/"},{"@type":"ListItem","position":2,"name":"Como lidar com a baixa do rendimento ap\u00f3s ficar sem treinar"}]},{"@type":"WebSite","@id":"https:\/\/chelso.com.br\/site\/#website","url":"https:\/\/chelso.com.br\/site\/","name":"Portal Chelso Sports","description":"Conte\u00fado especializado em corrida de rua e triathlon","potentialAction":[{"@type":"SearchAction","target":{"@type":"EntryPoint","urlTemplate":"https:\/\/chelso.com.br\/site\/?s={search_term_string}"},"query-input":{"@type":"PropertyValueSpecification","valueRequired":true,"valueName":"search_term_string"}}],"inLanguage":"pt-BR"},{"@type":"Person","@id":"https:\/\/chelso.com.br\/site\/#\/schema\/person\/ad7389b6b49c20652131d63fbf6ef302","name":"Larissa Kosoba","image":{"@type":"ImageObject","inLanguage":"pt-BR","@id":"https:\/\/secure.gravatar.com\/avatar\/3212b380767f27620726ee84323fb0925705cc41e851f7a560c5cdd7b6ff8e54?s=96&d=mm&r=g","url":"https:\/\/secure.gravatar.com\/avatar\/3212b380767f27620726ee84323fb0925705cc41e851f7a560c5cdd7b6ff8e54?s=96&d=mm&r=g","contentUrl":"https:\/\/secure.gravatar.com\/avatar\/3212b380767f27620726ee84323fb0925705cc41e851f7a560c5cdd7b6ff8e54?s=96&d=mm&r=g","caption":"Larissa Kosoba"},"description":"Larissa Kosoba \u00e9 Psic\u00f3loga especializada em Psicologia Esportiva, corredora amadora h\u00e1 6 anos e ultramaratonista! Para conhecer mais seu trabalho acesse o INSTAGRAM.","sameAs":["https:\/\/www.instagram.com\/larikosoba\/"],"url":"https:\/\/chelso.com.br\/site\/author\/larissakosoba\/"}]}},"amp_enabled":true,"_links":{"self":[{"href":"https:\/\/chelso.com.br\/site\/wp-json\/wp\/v2\/posts\/4279","targetHints":{"allow":["GET"]}}],"collection":[{"href":"https:\/\/chelso.com.br\/site\/wp-json\/wp\/v2\/posts"}],"about":[{"href":"https:\/\/chelso.com.br\/site\/wp-json\/wp\/v2\/types\/post"}],"author":[{"embeddable":true,"href":"https:\/\/chelso.com.br\/site\/wp-json\/wp\/v2\/users\/5"}],"replies":[{"embeddable":true,"href":"https:\/\/chelso.com.br\/site\/wp-json\/wp\/v2\/comments?post=4279"}],"version-history":[{"count":3,"href":"https:\/\/chelso.com.br\/site\/wp-json\/wp\/v2\/posts\/4279\/revisions"}],"predecessor-version":[{"id":4357,"href":"https:\/\/chelso.com.br\/site\/wp-json\/wp\/v2\/posts\/4279\/revisions\/4357"}],"wp:attachment":[{"href":"https:\/\/chelso.com.br\/site\/wp-json\/wp\/v2\/media?parent=4279"}],"wp:term":[{"taxonomy":"category","embeddable":true,"href":"https:\/\/chelso.com.br\/site\/wp-json\/wp\/v2\/categories?post=4279"},{"taxonomy":"post_tag","embeddable":true,"href":"https:\/\/chelso.com.br\/site\/wp-json\/wp\/v2\/tags?post=4279"}],"curies":[{"name":"wp","href":"https:\/\/api.w.org\/{rel}","templated":true}]}}