{"id":4499,"date":"2020-11-30T14:44:18","date_gmt":"2020-11-30T17:44:18","guid":{"rendered":"https:\/\/chelso.com.br\/site\/?p=4499"},"modified":"2020-11-30T14:46:03","modified_gmt":"2020-11-30T17:46:03","slug":"tudo-sobre-a-canelite-e-como-prevenir-essa-lesao","status":"publish","type":"post","link":"https:\/\/chelso.com.br\/site\/tudo-sobre-a-canelite-e-como-prevenir-essa-lesao\/","title":{"rendered":"Tudo sobre a Canelite e como prevenir essa les\u00e3o"},"content":{"rendered":"<p><span style=\"font-weight: 400;\">Qualquer pessoa que corre h\u00e1 um certo tempo j\u00e1 teve ou conhece algu\u00e9m que j\u00e1 sofreu com a famosa canelite. No post de hoje o fisioterapeuta <\/span><a href=\"http:\/\/instagram.com\/rafadebarros\"><b>Rafael de Barros<\/b><\/a><span style=\"font-weight: 400;\"> fala sobre esse problema que todo corredor enfrenta!<\/span><\/p>\n<h3><b>O que \u00e9 a Canelite?<\/b><\/h3>\n<p><span style=\"font-weight: 400;\">Canelite \u00e9 o nome usual que se d\u00e1 para quando o corredor apresenta dor na regi\u00e3o da canela, principalmente na face interna da mesma. O nome t\u00e9cnico da canelite em geral \u00e9 s\u00edndrome do stress medial da t\u00edbia ou periostite<\/span><\/p>\n<p><span style=\"font-weight: 400;\">A canelite aparece principalmente quando o volume de impactos ou a intensidade dos mesmos aumenta muito num per\u00edodo de <a href=\"https:\/\/chelso.com.br\/site\/a-importancia-do-treino-de-tiro-na-corrida-de-rua\/\">treinos<\/a>, o que sobrecarrega a t\u00edbia at\u00e9 n\u00edveis superiores ao que a mesma est\u00e1 preparada para suportar.<\/span><\/p>\n<h3><b>Porque ela acontece?<\/b><\/h3>\n<p><span style=\"font-weight: 400;\">A canelite \u00e9 mais comum em iniciantes na corrida, cuja estrutura \u00f3ssea ainda n\u00e3o est\u00e1 acostumada a impactos repetitivos e volumosos, ou em atletas j\u00e1 treinados que por algum motivo precisaram intensificar seus treinos.<\/span><\/p>\n<p><span style=\"font-weight: 400;\">Nesses casos os membros inferiores est\u00e3o recebendo uma sobrecarga de impactos acima do que toleram, o que causa uma inflama\u00e7\u00e3o inicialmente do peri\u00f3steo, que \u00e9 uma membrana que recobre os ossos e que, por ser bastante inervada, \u00e9 muito sens\u00edvel e causa consider\u00e1vel n\u00edvel de dor.<\/span><\/p>\n<p><span style=\"font-weight: 400;\">Pessoas com a t\u00edbia vara (canela \u201carcada\u201d) ou p\u00e9s pronados apresentam maiores chances de desenvolver a canelite.<\/span><\/p>\n<h3><a href=\"https:\/\/www.chelso.com.br\/site\/?s=big+five\"><img fetchpriority=\"high\" decoding=\"async\" class=\"alignnone size-full wp-image-4346\" src=\"https:\/\/chelso.com.br\/site\/wp-content\/uploads\/2020\/11\/Big-five.jpg\" alt=\"\" width=\"728\" height=\"90\" \/><\/a><b>Como tratar?<\/b><\/h3>\n<p><span style=\"font-weight: 400;\">A canelite ou periostite, quando tratada logo no in\u00edcio dos sintomas, tem r\u00e1pida melhora e n\u00e3o causa grandes danos ao atleta ou aos seus treinos. Por\u00e9m o que mais vemos em atletas amadores \u00e9 o mesmo n\u00e3o dar tanta import\u00e2ncia aos primeiros sintomas, muitas vezes controlando-os inicialmente com antiinflamat\u00f3rios, e assim, a les\u00e3o e consequentemente a dor se agravam, afastando o atleta dos treinos de corrida pelo per\u00edodo de at\u00e9 alguns meses.<\/span><\/p>\n<p><span style=\"font-weight: 400;\">O tratamento da canelite ou periostite \u00e9 fisioterapia associada \u00e0 interrup\u00e7\u00e3o tempor\u00e1ria de atividades de impacto.\u00a0<\/span><\/p>\n<p><span style=\"font-weight: 400;\">A fisioterapia para esses casos tem dupla fun\u00e7\u00e3o: estimular a r\u00e1pida cicatriza\u00e7\u00e3o da regi\u00e3o acometida e fortalecer os m\u00fasculos dos membros inferiores com exerc\u00edcios sem impacto, j\u00e1 que musculatura enfraquecida n\u00e3o \u00e9 capaz de absorver suficientemente a energia causada pelo impacto dos p\u00e9s no ch\u00e3o, o que contribui para a sobrecarga das estruturas \u00f3sseas dos p\u00e9s e pernas.<\/span><\/p>\n<p><span style=\"font-weight: 400;\">O atleta inicialmente n\u00e3o pode correr, mas est\u00e1 livre para realizar atividades sem impacto como muscula\u00e7\u00e3o ou exerc\u00edcios em piscinas.<\/span><\/p>\n<p><span style=\"font-weight: 400;\">Se n\u00e3o tratada, a canelite pode evoluir e acometer al\u00e9m do peri\u00f3steo tamb\u00e9m o pr\u00f3prio osso da t\u00edbia, com a possibilidade de evolu\u00e7\u00e3o para fratura de stress tibial.<\/span><\/p>\n<h3><b>Como previnir?<\/b><\/h3>\n<p><span style=\"font-weight: 400;\">A preven\u00e7\u00e3o da canelite se d\u00e1 atrav\u00e9s de <a href=\"https:\/\/chelso.com.br\/site\/a-importancia-do-fortalecimento-para-o-corredor\/\">fortalecimento<\/a> de m\u00fasculos respons\u00e1veis pela absor\u00e7\u00e3o de impacto dos membros inferiores (quadr\u00edceps, panturrilha e gl\u00fateos), al\u00e9m de uma periodiza\u00e7\u00e3o racional de evolu\u00e7\u00e3o dos treinamentos, para dar tempo de as estruturas \u00f3sseas se \u201cacostumarem\u201d com a exig\u00eancia de impactos repetitivos.<\/span><\/p>\n<figure id=\"attachment_4500\" aria-describedby=\"caption-attachment-4500\" style=\"width: 702px\" class=\"wp-caption alignnone\"><img decoding=\"async\" class=\"size-large wp-image-4500\" src=\"https:\/\/chelso.com.br\/site\/wp-content\/uploads\/2020\/11\/Wolf-Limeira-2019-1024x683.jpg\" alt=\"canelite\" width=\"702\" height=\"468\" \/><figcaption id=\"caption-attachment-4500\" class=\"wp-caption-text\">Foto: Wolf Series 2019<\/figcaption><\/figure>\n<p><span style=\"font-weight: 400;\">Outra quest\u00e3o importante no caso da preven\u00e7\u00e3o da canelite \u00e9 o uso de um bom t\u00eanis, com um apropriado sistema de amortecimento, e variar o terreno das corridas, evitando repetir v\u00e1rias vezes seguidas treinos em pisos muito r\u00edgidos. Temos inclusive um post em nosso blog sobre como escolher o t\u00eanis certo para a corrida, voc\u00ea pode ler <a href=\"https:\/\/chelso.com.br\/site\/qual-o-tenis-ideal-para-corrida-entrevistamos-edu-suzuki-do-tenis-certo\/\">AQUI<\/a>.<\/span><\/p>\n<p><span style=\"font-weight: 400;\">Agora conta pra gente aqui nos coment\u00e1rios, voc\u00ea j\u00e1 teve canelite? Como lidou com ela?<\/span><\/p>\n<p><span style=\"font-weight: 400;\">Esperamos que esse texto tenha te ajudado! Caso queira mais dicas sobre sa\u00fade do corredor, tem mais conte\u00fado super bacana para ler <\/span><a href=\"https:\/\/chelso.com.br\/site\/category\/saude\/\"><b>AQUI<\/b><\/a><span style=\"font-weight: 400;\">.<\/span><\/p>\n","protected":false},"excerpt":{"rendered":"<p>Qualquer pessoa que corre h\u00e1 um certo tempo j\u00e1 teve ou conhece algu\u00e9m que j\u00e1 sofreu com a famosa canelite. No post de hoje o fisioterapeuta Rafael de Barros fala sobre esse problema que todo corredor enfrenta! O que \u00e9 a Canelite? Canelite \u00e9 o nome usual que se d\u00e1 para quando o corredor apresenta<\/p>\n","protected":false},"author":4,"featured_media":0,"comment_status":"open","ping_status":"closed","sticky":false,"template":"","format":"standard","meta":{"om_disable_all_campaigns":false,"_monsterinsights_skip_tracking":false,"_monsterinsights_sitenote_active":false,"_monsterinsights_sitenote_note":"","_monsterinsights_sitenote_category":0,"footnotes":""},"categories":[28],"tags":[102,104,36,50,103],"class_list":{"0":"post-4499","1":"post","2":"type-post","3":"status-publish","4":"format-standard","6":"category-saude","7":"tag-canelite","8":"tag-corredor","9":"tag-corrida","10":"tag-dicas","11":"tag-saude-do-atleta"},"aioseo_notices":[],"yoast_head":"<!-- This site is optimized with the Yoast SEO plugin v27.5 - https:\/\/yoast.com\/product\/yoast-seo-wordpress\/ -->\n<title>Tudo sobre a Canelite e como prevenir essa les\u00e3o - Portal Chelso Sports<\/title>\n<meta name=\"description\" content=\"Qualquer pessoa que corre h\u00e1 um certo tempo j\u00e1 teve ou conhece algu\u00e9m que j\u00e1 sofreu com a famosa canelite. Saiba mais nesse post.\" \/>\n<meta name=\"robots\" content=\"index, follow, max-snippet:-1, max-image-preview:large, max-video-preview:-1\" \/>\n<link rel=\"canonical\" href=\"https:\/\/chelso.com.br\/site\/tudo-sobre-a-canelite-e-como-prevenir-essa-lesao\/\" \/>\n<meta property=\"og:locale\" content=\"pt_BR\" \/>\n<meta property=\"og:type\" content=\"article\" \/>\n<meta property=\"og:title\" content=\"Tudo sobre a Canelite e como prevenir essa les\u00e3o - Portal Chelso Sports\" \/>\n<meta property=\"og:description\" content=\"Qualquer pessoa que corre h\u00e1 um certo tempo j\u00e1 teve ou conhece algu\u00e9m que j\u00e1 sofreu com a famosa canelite. Saiba mais nesse post.\" \/>\n<meta property=\"og:url\" content=\"https:\/\/chelso.com.br\/site\/tudo-sobre-a-canelite-e-como-prevenir-essa-lesao\/\" \/>\n<meta property=\"og:site_name\" content=\"Portal Chelso Sports\" \/>\n<meta property=\"article:published_time\" content=\"2020-11-30T17:44:18+00:00\" \/>\n<meta property=\"article:modified_time\" content=\"2020-11-30T17:46:03+00:00\" \/>\n<meta property=\"og:image\" content=\"https:\/\/chelso.com.br\/site\/wp-content\/uploads\/2020\/11\/CAMILA0043-e1606744032985.jpg\" \/>\n\t<meta property=\"og:image:width\" content=\"1715\" \/>\n\t<meta property=\"og:image:height\" content=\"1030\" \/>\n\t<meta property=\"og:image:type\" content=\"image\/jpeg\" \/>\n<meta name=\"author\" content=\"Rafael de Barros\" \/>\n<meta name=\"twitter:card\" content=\"summary_large_image\" \/>\n<meta name=\"twitter:label1\" content=\"Escrito por\" \/>\n\t<meta name=\"twitter:data1\" content=\"Rafael de Barros\" \/>\n\t<meta name=\"twitter:label2\" content=\"Est. tempo de leitura\" \/>\n\t<meta name=\"twitter:data2\" content=\"3 minutos\" \/>\n<script type=\"application\/ld+json\" class=\"yoast-schema-graph\">{\"@context\":\"https:\\\/\\\/schema.org\",\"@graph\":[{\"@type\":\"Article\",\"@id\":\"https:\\\/\\\/chelso.com.br\\\/site\\\/tudo-sobre-a-canelite-e-como-prevenir-essa-lesao\\\/#article\",\"isPartOf\":{\"@id\":\"https:\\\/\\\/chelso.com.br\\\/site\\\/tudo-sobre-a-canelite-e-como-prevenir-essa-lesao\\\/\"},\"author\":{\"name\":\"Rafael de Barros\",\"@id\":\"https:\\\/\\\/chelso.com.br\\\/site\\\/#\\\/schema\\\/person\\\/9c9409068ada268e87332a5d9f1673b0\"},\"headline\":\"Tudo sobre a Canelite e como prevenir essa les\u00e3o\",\"datePublished\":\"2020-11-30T17:44:18+00:00\",\"dateModified\":\"2020-11-30T17:46:03+00:00\",\"mainEntityOfPage\":{\"@id\":\"https:\\\/\\\/chelso.com.br\\\/site\\\/tudo-sobre-a-canelite-e-como-prevenir-essa-lesao\\\/\"},\"wordCount\":636,\"commentCount\":0,\"image\":{\"@id\":\"https:\\\/\\\/chelso.com.br\\\/site\\\/tudo-sobre-a-canelite-e-como-prevenir-essa-lesao\\\/#primaryimage\"},\"thumbnailUrl\":\"https:\\\/\\\/chelso.com.br\\\/site\\\/wp-content\\\/uploads\\\/2020\\\/11\\\/Big-five.jpg\",\"keywords\":[\"canelite\",\"corredor\",\"corrida\",\"dicas\",\"sa\u00fade do atleta\"],\"articleSection\":[\"Sa\u00fade e Bem Estar\"],\"inLanguage\":\"pt-BR\",\"potentialAction\":[{\"@type\":\"CommentAction\",\"name\":\"Comment\",\"target\":[\"https:\\\/\\\/chelso.com.br\\\/site\\\/tudo-sobre-a-canelite-e-como-prevenir-essa-lesao\\\/#respond\"]}]},{\"@type\":\"WebPage\",\"@id\":\"https:\\\/\\\/chelso.com.br\\\/site\\\/tudo-sobre-a-canelite-e-como-prevenir-essa-lesao\\\/\",\"url\":\"https:\\\/\\\/chelso.com.br\\\/site\\\/tudo-sobre-a-canelite-e-como-prevenir-essa-lesao\\\/\",\"name\":\"Tudo sobre a Canelite e como prevenir essa les\u00e3o - Portal Chelso Sports\",\"isPartOf\":{\"@id\":\"https:\\\/\\\/chelso.com.br\\\/site\\\/#website\"},\"primaryImageOfPage\":{\"@id\":\"https:\\\/\\\/chelso.com.br\\\/site\\\/tudo-sobre-a-canelite-e-como-prevenir-essa-lesao\\\/#primaryimage\"},\"image\":{\"@id\":\"https:\\\/\\\/chelso.com.br\\\/site\\\/tudo-sobre-a-canelite-e-como-prevenir-essa-lesao\\\/#primaryimage\"},\"thumbnailUrl\":\"https:\\\/\\\/chelso.com.br\\\/site\\\/wp-content\\\/uploads\\\/2020\\\/11\\\/Big-five.jpg\",\"datePublished\":\"2020-11-30T17:44:18+00:00\",\"dateModified\":\"2020-11-30T17:46:03+00:00\",\"author\":{\"@id\":\"https:\\\/\\\/chelso.com.br\\\/site\\\/#\\\/schema\\\/person\\\/9c9409068ada268e87332a5d9f1673b0\"},\"description\":\"Qualquer pessoa que corre h\u00e1 um certo tempo j\u00e1 teve ou conhece algu\u00e9m que j\u00e1 sofreu com a famosa canelite. Saiba mais nesse post.\",\"breadcrumb\":{\"@id\":\"https:\\\/\\\/chelso.com.br\\\/site\\\/tudo-sobre-a-canelite-e-como-prevenir-essa-lesao\\\/#breadcrumb\"},\"inLanguage\":\"pt-BR\",\"potentialAction\":[{\"@type\":\"ReadAction\",\"target\":[\"https:\\\/\\\/chelso.com.br\\\/site\\\/tudo-sobre-a-canelite-e-como-prevenir-essa-lesao\\\/\"]}]},{\"@type\":\"ImageObject\",\"inLanguage\":\"pt-BR\",\"@id\":\"https:\\\/\\\/chelso.com.br\\\/site\\\/tudo-sobre-a-canelite-e-como-prevenir-essa-lesao\\\/#primaryimage\",\"url\":\"\",\"contentUrl\":\"\"},{\"@type\":\"BreadcrumbList\",\"@id\":\"https:\\\/\\\/chelso.com.br\\\/site\\\/tudo-sobre-a-canelite-e-como-prevenir-essa-lesao\\\/#breadcrumb\",\"itemListElement\":[{\"@type\":\"ListItem\",\"position\":1,\"name\":\"In\u00edcio\",\"item\":\"https:\\\/\\\/chelso.com.br\\\/site\\\/\"},{\"@type\":\"ListItem\",\"position\":2,\"name\":\"Tudo sobre a Canelite e como prevenir essa les\u00e3o\"}]},{\"@type\":\"WebSite\",\"@id\":\"https:\\\/\\\/chelso.com.br\\\/site\\\/#website\",\"url\":\"https:\\\/\\\/chelso.com.br\\\/site\\\/\",\"name\":\"Portal Chelso Sports\",\"description\":\"Conte\u00fado especializado em corrida de rua e triathlon\",\"potentialAction\":[{\"@type\":\"SearchAction\",\"target\":{\"@type\":\"EntryPoint\",\"urlTemplate\":\"https:\\\/\\\/chelso.com.br\\\/site\\\/?s={search_term_string}\"},\"query-input\":{\"@type\":\"PropertyValueSpecification\",\"valueRequired\":true,\"valueName\":\"search_term_string\"}}],\"inLanguage\":\"pt-BR\"},{\"@type\":\"Person\",\"@id\":\"https:\\\/\\\/chelso.com.br\\\/site\\\/#\\\/schema\\\/person\\\/9c9409068ada268e87332a5d9f1673b0\",\"name\":\"Rafael de Barros\",\"image\":{\"@type\":\"ImageObject\",\"inLanguage\":\"pt-BR\",\"@id\":\"https:\\\/\\\/secure.gravatar.com\\\/avatar\\\/18833fec02fafbf92a6d45c984f3a37b861a5ef09230335abd13d20263c9cdf3?s=96&d=mm&r=g\",\"url\":\"https:\\\/\\\/secure.gravatar.com\\\/avatar\\\/18833fec02fafbf92a6d45c984f3a37b861a5ef09230335abd13d20263c9cdf3?s=96&d=mm&r=g\",\"contentUrl\":\"https:\\\/\\\/secure.gravatar.com\\\/avatar\\\/18833fec02fafbf92a6d45c984f3a37b861a5ef09230335abd13d20263c9cdf3?s=96&d=mm&r=g\",\"caption\":\"Rafael de Barros\"},\"description\":\"Rafael de Barros \u00e9 Graduado em Fisioterapia pela UFSCar, P\u00f3s Graduado em Fisioterapia Esportiva pela UNIFESP, Propriet\u00e1rio do Instituto Avan\u00e7ado de Reabilita\u00e7\u00e3o F\u00edsica e Fisioterapeuta oficial dos Jogos Ol\u00edmpicos Rio 2016. Para conhecer mais seu trabalho acesse o INSTAGRAM.\",\"sameAs\":[\"http:\\\/\\\/instagram.com\\\/rafadebarros\"],\"url\":\"https:\\\/\\\/chelso.com.br\\\/site\\\/author\\\/rafadebarros\\\/\"}]}<\/script>\n<!-- \/ Yoast SEO plugin. -->","yoast_head_json":{"title":"Tudo sobre a Canelite e como prevenir essa les\u00e3o - Portal Chelso Sports","description":"Qualquer pessoa que corre h\u00e1 um certo tempo j\u00e1 teve ou conhece algu\u00e9m que j\u00e1 sofreu com a famosa canelite. Saiba mais nesse post.","robots":{"index":"index","follow":"follow","max-snippet":"max-snippet:-1","max-image-preview":"max-image-preview:large","max-video-preview":"max-video-preview:-1"},"canonical":"https:\/\/chelso.com.br\/site\/tudo-sobre-a-canelite-e-como-prevenir-essa-lesao\/","og_locale":"pt_BR","og_type":"article","og_title":"Tudo sobre a Canelite e como prevenir essa les\u00e3o - Portal Chelso Sports","og_description":"Qualquer pessoa que corre h\u00e1 um certo tempo j\u00e1 teve ou conhece algu\u00e9m que j\u00e1 sofreu com a famosa canelite. Saiba mais nesse post.","og_url":"https:\/\/chelso.com.br\/site\/tudo-sobre-a-canelite-e-como-prevenir-essa-lesao\/","og_site_name":"Portal Chelso Sports","article_published_time":"2020-11-30T17:44:18+00:00","article_modified_time":"2020-11-30T17:46:03+00:00","og_image":[{"width":1715,"height":1030,"url":"https:\/\/chelso.com.br\/site\/wp-content\/uploads\/2020\/11\/CAMILA0043-e1606744032985.jpg","type":"image\/jpeg"}],"author":"Rafael de Barros","twitter_card":"summary_large_image","twitter_misc":{"Escrito por":"Rafael de Barros","Est. tempo de leitura":"3 minutos"},"schema":{"@context":"https:\/\/schema.org","@graph":[{"@type":"Article","@id":"https:\/\/chelso.com.br\/site\/tudo-sobre-a-canelite-e-como-prevenir-essa-lesao\/#article","isPartOf":{"@id":"https:\/\/chelso.com.br\/site\/tudo-sobre-a-canelite-e-como-prevenir-essa-lesao\/"},"author":{"name":"Rafael de Barros","@id":"https:\/\/chelso.com.br\/site\/#\/schema\/person\/9c9409068ada268e87332a5d9f1673b0"},"headline":"Tudo sobre a Canelite e como prevenir essa les\u00e3o","datePublished":"2020-11-30T17:44:18+00:00","dateModified":"2020-11-30T17:46:03+00:00","mainEntityOfPage":{"@id":"https:\/\/chelso.com.br\/site\/tudo-sobre-a-canelite-e-como-prevenir-essa-lesao\/"},"wordCount":636,"commentCount":0,"image":{"@id":"https:\/\/chelso.com.br\/site\/tudo-sobre-a-canelite-e-como-prevenir-essa-lesao\/#primaryimage"},"thumbnailUrl":"https:\/\/chelso.com.br\/site\/wp-content\/uploads\/2020\/11\/Big-five.jpg","keywords":["canelite","corredor","corrida","dicas","sa\u00fade do atleta"],"articleSection":["Sa\u00fade e Bem Estar"],"inLanguage":"pt-BR","potentialAction":[{"@type":"CommentAction","name":"Comment","target":["https:\/\/chelso.com.br\/site\/tudo-sobre-a-canelite-e-como-prevenir-essa-lesao\/#respond"]}]},{"@type":"WebPage","@id":"https:\/\/chelso.com.br\/site\/tudo-sobre-a-canelite-e-como-prevenir-essa-lesao\/","url":"https:\/\/chelso.com.br\/site\/tudo-sobre-a-canelite-e-como-prevenir-essa-lesao\/","name":"Tudo sobre a Canelite e como prevenir essa les\u00e3o - Portal Chelso Sports","isPartOf":{"@id":"https:\/\/chelso.com.br\/site\/#website"},"primaryImageOfPage":{"@id":"https:\/\/chelso.com.br\/site\/tudo-sobre-a-canelite-e-como-prevenir-essa-lesao\/#primaryimage"},"image":{"@id":"https:\/\/chelso.com.br\/site\/tudo-sobre-a-canelite-e-como-prevenir-essa-lesao\/#primaryimage"},"thumbnailUrl":"https:\/\/chelso.com.br\/site\/wp-content\/uploads\/2020\/11\/Big-five.jpg","datePublished":"2020-11-30T17:44:18+00:00","dateModified":"2020-11-30T17:46:03+00:00","author":{"@id":"https:\/\/chelso.com.br\/site\/#\/schema\/person\/9c9409068ada268e87332a5d9f1673b0"},"description":"Qualquer pessoa que corre h\u00e1 um certo tempo j\u00e1 teve ou conhece algu\u00e9m que j\u00e1 sofreu com a famosa canelite. Saiba mais nesse post.","breadcrumb":{"@id":"https:\/\/chelso.com.br\/site\/tudo-sobre-a-canelite-e-como-prevenir-essa-lesao\/#breadcrumb"},"inLanguage":"pt-BR","potentialAction":[{"@type":"ReadAction","target":["https:\/\/chelso.com.br\/site\/tudo-sobre-a-canelite-e-como-prevenir-essa-lesao\/"]}]},{"@type":"ImageObject","inLanguage":"pt-BR","@id":"https:\/\/chelso.com.br\/site\/tudo-sobre-a-canelite-e-como-prevenir-essa-lesao\/#primaryimage","url":"","contentUrl":""},{"@type":"BreadcrumbList","@id":"https:\/\/chelso.com.br\/site\/tudo-sobre-a-canelite-e-como-prevenir-essa-lesao\/#breadcrumb","itemListElement":[{"@type":"ListItem","position":1,"name":"In\u00edcio","item":"https:\/\/chelso.com.br\/site\/"},{"@type":"ListItem","position":2,"name":"Tudo sobre a Canelite e como prevenir essa les\u00e3o"}]},{"@type":"WebSite","@id":"https:\/\/chelso.com.br\/site\/#website","url":"https:\/\/chelso.com.br\/site\/","name":"Portal Chelso Sports","description":"Conte\u00fado especializado em corrida de rua e triathlon","potentialAction":[{"@type":"SearchAction","target":{"@type":"EntryPoint","urlTemplate":"https:\/\/chelso.com.br\/site\/?s={search_term_string}"},"query-input":{"@type":"PropertyValueSpecification","valueRequired":true,"valueName":"search_term_string"}}],"inLanguage":"pt-BR"},{"@type":"Person","@id":"https:\/\/chelso.com.br\/site\/#\/schema\/person\/9c9409068ada268e87332a5d9f1673b0","name":"Rafael de Barros","image":{"@type":"ImageObject","inLanguage":"pt-BR","@id":"https:\/\/secure.gravatar.com\/avatar\/18833fec02fafbf92a6d45c984f3a37b861a5ef09230335abd13d20263c9cdf3?s=96&d=mm&r=g","url":"https:\/\/secure.gravatar.com\/avatar\/18833fec02fafbf92a6d45c984f3a37b861a5ef09230335abd13d20263c9cdf3?s=96&d=mm&r=g","contentUrl":"https:\/\/secure.gravatar.com\/avatar\/18833fec02fafbf92a6d45c984f3a37b861a5ef09230335abd13d20263c9cdf3?s=96&d=mm&r=g","caption":"Rafael de Barros"},"description":"Rafael de Barros \u00e9 Graduado em Fisioterapia pela UFSCar, P\u00f3s Graduado em Fisioterapia Esportiva pela UNIFESP, Propriet\u00e1rio do Instituto Avan\u00e7ado de Reabilita\u00e7\u00e3o F\u00edsica e Fisioterapeuta oficial dos Jogos Ol\u00edmpicos Rio 2016. Para conhecer mais seu trabalho acesse o INSTAGRAM.","sameAs":["http:\/\/instagram.com\/rafadebarros"],"url":"https:\/\/chelso.com.br\/site\/author\/rafadebarros\/"}]}},"amp_enabled":true,"_links":{"self":[{"href":"https:\/\/chelso.com.br\/site\/wp-json\/wp\/v2\/posts\/4499","targetHints":{"allow":["GET"]}}],"collection":[{"href":"https:\/\/chelso.com.br\/site\/wp-json\/wp\/v2\/posts"}],"about":[{"href":"https:\/\/chelso.com.br\/site\/wp-json\/wp\/v2\/types\/post"}],"author":[{"embeddable":true,"href":"https:\/\/chelso.com.br\/site\/wp-json\/wp\/v2\/users\/4"}],"replies":[{"embeddable":true,"href":"https:\/\/chelso.com.br\/site\/wp-json\/wp\/v2\/comments?post=4499"}],"version-history":[{"count":4,"href":"https:\/\/chelso.com.br\/site\/wp-json\/wp\/v2\/posts\/4499\/revisions"}],"predecessor-version":[{"id":4505,"href":"https:\/\/chelso.com.br\/site\/wp-json\/wp\/v2\/posts\/4499\/revisions\/4505"}],"wp:attachment":[{"href":"https:\/\/chelso.com.br\/site\/wp-json\/wp\/v2\/media?parent=4499"}],"wp:term":[{"taxonomy":"category","embeddable":true,"href":"https:\/\/chelso.com.br\/site\/wp-json\/wp\/v2\/categories?post=4499"},{"taxonomy":"post_tag","embeddable":true,"href":"https:\/\/chelso.com.br\/site\/wp-json\/wp\/v2\/tags?post=4499"}],"curies":[{"name":"wp","href":"https:\/\/api.w.org\/{rel}","templated":true}]}}