{"id":8041,"date":"2021-04-05T16:43:48","date_gmt":"2021-04-05T19:43:48","guid":{"rendered":"https:\/\/chelso.com.br\/site\/?p=8041"},"modified":"2021-04-05T16:43:48","modified_gmt":"2021-04-05T19:43:48","slug":"a-importancia-do-fortalecimento-do-core-para-corredores","status":"publish","type":"post","link":"https:\/\/chelso.com.br\/site\/a-importancia-do-fortalecimento-do-core-para-corredores\/","title":{"rendered":"A import\u00e2ncia do fortalecimento do CORE para corredores"},"content":{"rendered":"<p><span style=\"font-weight: 400;\">Podemos dizer que o core \u00e9 uma das partes do nosso corpo mais importantes para se fortalecer para qualquer tipo de atividade f\u00edsica. Ele est\u00e1 ligado \u00e0 absor\u00e7\u00e3o e distribui\u00e7\u00e3o do impacto, garantindo a estabiliza\u00e7\u00e3o e seguran\u00e7a do nosso corpo. Nesse post <a href=\"http:\/\/instagram.com\/brunofariapersonal\">Bruno Faria<\/a>, educador f\u00edsico fala da import\u00e2ncia do fortalecimento do core para corredores e tr\u00e1s alguns exerc\u00edcios que podem ser feitos para fortalecer essa regi\u00e3o.<\/span><\/p>\n<p><span style=\"font-weight: 400;\">Ent\u00e3o, consequentemente um corredor de rua tem que criar o h\u00e1bito de tamb\u00e9m fortalecer o core de uma maneira espec\u00edfica. Temos que diferenciar primeiramente treino de abd\u00f4men e treino de core, pois n\u00e3o necessariamente s\u00e3o para a mesma musculatura. Existem alguns elementos que precisam ser analisados de uma maneira espec\u00edfica e isso faz toda diferen\u00e7a.<\/span><\/p>\n<p><span style=\"font-weight: 400;\">Antes de pensar no treino de core \u00e9 preciso tamb\u00e9m avaliar se n\u00e3o h\u00e1 desvios posturais, pois v\u00e1rios corredores se lesionam por correrem de uma maneira desalinhada. Por isso, sempre recomendamos procurar um profissional capacitado para orientar de uma maneira adequada e segura esse tipo de treino, pois cada um tem um treino espec\u00edfico para sua necessidade.<\/span><\/p>\n<h3><b>O fortalecimento<\/b><\/h3>\n<p><span style=\"font-weight: 400;\">Antes de se iniciar o fortalecimento do core, \u00e9 necess\u00e1rio analisar qual o perfil do corredor e se vai percorrer dist\u00e2ncias curtas ou longas, para que ele seja espec\u00edfico para a sua necessidade.<\/span><\/p>\n<p><span style=\"font-weight: 400;\">Abaixo temos algumas dicas de exerc\u00edcios de fortalecimento core para corredores, modo de execu\u00e7\u00e3o e o detalhamento de cada um. Todos podem ser executados de 3 a 5 vezes por 45 segundos, com intervalo de 20 segundos entre as s\u00e9ries.<\/span><\/p>\n<h3><b>1) Prancha Abdominal\u00a0<\/b><\/h3>\n<div style=\"width: 202px;\" class=\"wp-video\"><video class=\"wp-video-shortcode\" id=\"video-8041-1\" width=\"202\" height=\"360\" loop autoplay preload=\"metadata\" controls=\"controls\"><source type=\"video\/mp4\" src=\"https:\/\/chelso.com.br\/site\/wp-content\/uploads\/2021\/04\/Arquivo_000-_1_.mp4?_=1\" \/><a href=\"https:\/\/chelso.com.br\/site\/wp-content\/uploads\/2021\/04\/Arquivo_000-_1_.mp4\">https:\/\/chelso.com.br\/site\/wp-content\/uploads\/2021\/04\/Arquivo_000-_1_.mp4<\/a><\/video><\/div>\n<p><span style=\"font-weight: 400;\">A prancha \u00e9 um exerc\u00edcio est\u00e1tico e fundamental para trabalho de core, com a grande vantagem de atingir toda a musculatura abdominal, mais diretamente o reto abdominal e os sinergistas, sendo um exerc\u00edcio altamente funcional.<\/span><\/p>\n<h3><b>2) Abdominal Militar<\/b><\/h3>\n<div style=\"width: 202px;\" class=\"wp-video\"><video class=\"wp-video-shortcode\" id=\"video-8041-2\" width=\"202\" height=\"360\" loop autoplay preload=\"metadata\" controls=\"controls\"><source type=\"video\/mp4\" src=\"https:\/\/chelso.com.br\/site\/wp-content\/uploads\/2021\/04\/Arquivo_000.mp4?_=2\" \/><a href=\"https:\/\/chelso.com.br\/site\/wp-content\/uploads\/2021\/04\/Arquivo_000.mp4\">https:\/\/chelso.com.br\/site\/wp-content\/uploads\/2021\/04\/Arquivo_000.mp4<\/a><\/video><\/div>\n<p><span style=\"font-weight: 400;\">Podemos dizer que o abdominal militar \u00e9 um dos exerc\u00edcios de core mais completos, pois trabalha a parte superior e inferior do abd\u00f4men. Al\u00e9m do que \u00e9 um exerc\u00edcio multi-articular e tamb\u00e9m favorece a resist\u00eancia muscular localizada.<\/span><\/p>\n<h3><b>3) Ponte (Eleva\u00e7\u00e3o P\u00e9lvica )<\/b><\/h3>\n<div style=\"width: 202px;\" class=\"wp-video\"><video class=\"wp-video-shortcode\" id=\"video-8041-3\" width=\"202\" height=\"360\" loop autoplay preload=\"metadata\" controls=\"controls\"><source type=\"video\/mp4\" src=\"https:\/\/chelso.com.br\/site\/wp-content\/uploads\/2021\/04\/Arquivo_001.mp4?_=3\" \/><a href=\"https:\/\/chelso.com.br\/site\/wp-content\/uploads\/2021\/04\/Arquivo_001.mp4\">https:\/\/chelso.com.br\/site\/wp-content\/uploads\/2021\/04\/Arquivo_001.mp4<\/a><\/video><\/div>\n<p><span style=\"font-weight: 400;\">Voc\u00ea sabia que o gl\u00fateo faz parte do complexo do core e ajuda tamb\u00e9m com a estabiliza\u00e7\u00e3o do movimento? A eleva\u00e7\u00e3o p\u00e9lvica \u00e9 um exerc\u00edcio que tanto trabalha os gl\u00fateos como tamb\u00e9m o dos m\u00fasculos para vertebrais e \u00e9 fundamental para o fortalecimento do core.<\/span><\/p>\n<h3><b>4) Superman<\/b><\/h3>\n<div style=\"width: 202px;\" class=\"wp-video\"><video class=\"wp-video-shortcode\" id=\"video-8041-4\" width=\"202\" height=\"360\" loop autoplay preload=\"metadata\" controls=\"controls\"><source type=\"video\/mp4\" src=\"https:\/\/chelso.com.br\/site\/wp-content\/uploads\/2021\/04\/Arquivo_002.mp4?_=4\" \/><a href=\"https:\/\/chelso.com.br\/site\/wp-content\/uploads\/2021\/04\/Arquivo_002.mp4\">https:\/\/chelso.com.br\/site\/wp-content\/uploads\/2021\/04\/Arquivo_002.mp4<\/a><\/video><\/div>\n<p><span style=\"font-weight: 400;\">Um exerc\u00edcio espec\u00edfico para a parte inferior das costas, infelizmente uma regi\u00e3o meio esquecida pelos corredores e que quase ningu\u00e9m fortalece.<\/span><\/p>\n<h3><b>5) Prancha com toque no Ombro<\/b><\/h3>\n<div style=\"width: 202px;\" class=\"wp-video\"><video class=\"wp-video-shortcode\" id=\"video-8041-5\" width=\"202\" height=\"360\" loop autoplay preload=\"metadata\" controls=\"controls\"><source type=\"video\/mp4\" src=\"https:\/\/chelso.com.br\/site\/wp-content\/uploads\/2021\/04\/Arquivo_003.mp4?_=5\" \/><a href=\"https:\/\/chelso.com.br\/site\/wp-content\/uploads\/2021\/04\/Arquivo_003.mp4\">https:\/\/chelso.com.br\/site\/wp-content\/uploads\/2021\/04\/Arquivo_003.mp4<\/a><\/video><\/div>\n<p><span style=\"font-weight: 400;\">Esta \u00e9 uma \u00f3tima varia\u00e7\u00e3o de prancha, al\u00e9m de refinar o controle do core, gera muita instabilidade e isso fortalece mais o abd\u00f4men. Quando executar o movimento do toque do ombro, deixe o quadril estabilizado junto com o corpo lateral.<\/span><\/p>\n<p><span style=\"font-weight: 400;\">Essas s\u00e3o apenas algumas dicas de exerc\u00edcios para fortalecimento do que voc\u00ea pode fazer, por\u00e9m n\u00e3o se esque\u00e7a de que nesse caso, o acompanhamento de um profissional de educa\u00e7\u00e3o f\u00edsica \u00e9 essencial para bons resultados!<\/span><\/p>\n<p><span style=\"font-weight: 400;\">Conta pra gente aqui nos coment\u00e1rios se voc\u00ea faz esse tipo de fortalecimento! E se curtiu as dicas, tem mais posts como esse <a href=\"https:\/\/chelso.com.br\/site\/category\/treinos\/\">AQUI<\/a>.<\/span><\/p>\n","protected":false},"excerpt":{"rendered":"<p>Podemos dizer que o core \u00e9 uma das partes do nosso corpo mais importantes para se fortalecer para qualquer tipo de atividade f\u00edsica. Ele est\u00e1 ligado \u00e0 absor\u00e7\u00e3o e distribui\u00e7\u00e3o do impacto, garantindo a estabiliza\u00e7\u00e3o e seguran\u00e7a do nosso corpo. Nesse post Bruno Faria, educador f\u00edsico fala da import\u00e2ncia do fortalecimento do core para corredores<\/p>\n","protected":false},"author":2,"featured_media":0,"comment_status":"open","ping_status":"closed","sticky":false,"template":"","format":"standard","meta":{"om_disable_all_campaigns":false,"_monsterinsights_skip_tracking":false,"_monsterinsights_sitenote_active":false,"_monsterinsights_sitenote_note":"","_monsterinsights_sitenote_category":0,"footnotes":""},"categories":[31],"tags":[172,36,63,51],"class_list":{"0":"post-8041","1":"post","2":"type-post","3":"status-publish","4":"format-standard","6":"category-treinos","7":"tag-corre","8":"tag-corrida","9":"tag-fortalecimento","10":"tag-treino"},"aioseo_notices":[],"yoast_head":"<!-- This site is optimized with the Yoast SEO plugin v27.5 - https:\/\/yoast.com\/product\/yoast-seo-wordpress\/ -->\n<title>A import\u00e2ncia do fortalecimento do CORE para corredores<\/title>\n<meta name=\"description\" content=\"Nesse post voc\u00ea encontra dicas de fortalecimento do core para corredores, e o porque \u00e9 t\u00e3o importante fortalecer essa musculatura.\" \/>\n<meta name=\"robots\" content=\"index, follow, max-snippet:-1, max-image-preview:large, max-video-preview:-1\" \/>\n<link rel=\"canonical\" href=\"https:\/\/chelso.com.br\/site\/a-importancia-do-fortalecimento-do-core-para-corredores\/\" \/>\n<meta property=\"og:locale\" content=\"pt_BR\" \/>\n<meta property=\"og:type\" content=\"article\" \/>\n<meta property=\"og:title\" content=\"A import\u00e2ncia do fortalecimento do CORE para corredores\" \/>\n<meta property=\"og:description\" content=\"Nesse post voc\u00ea encontra dicas de fortalecimento do core para corredores, e o porque \u00e9 t\u00e3o importante fortalecer essa musculatura.\" \/>\n<meta property=\"og:url\" content=\"https:\/\/chelso.com.br\/site\/a-importancia-do-fortalecimento-do-core-para-corredores\/\" \/>\n<meta property=\"og:site_name\" content=\"Portal Chelso Sports\" \/>\n<meta property=\"article:published_time\" content=\"2021-04-05T19:43:48+00:00\" \/>\n<meta property=\"og:image\" content=\"https:\/\/chelso.com.br\/site\/wp-content\/uploads\/2021\/04\/workout-at-home-scaled.jpg\" \/>\n\t<meta property=\"og:image:width\" content=\"2560\" \/>\n\t<meta property=\"og:image:height\" content=\"1707\" \/>\n\t<meta property=\"og:image:type\" content=\"image\/jpeg\" \/>\n<meta name=\"author\" content=\"Bruno Faria\" \/>\n<meta name=\"twitter:card\" content=\"summary_large_image\" \/>\n<meta name=\"twitter:label1\" content=\"Escrito por\" \/>\n\t<meta name=\"twitter:data1\" content=\"Bruno Faria\" \/>\n\t<meta name=\"twitter:label2\" content=\"Est. tempo de leitura\" \/>\n\t<meta name=\"twitter:data2\" content=\"3 minutos\" \/>\n<script type=\"application\/ld+json\" class=\"yoast-schema-graph\">{\"@context\":\"https:\\\/\\\/schema.org\",\"@graph\":[{\"@type\":\"Article\",\"@id\":\"https:\\\/\\\/chelso.com.br\\\/site\\\/a-importancia-do-fortalecimento-do-core-para-corredores\\\/#article\",\"isPartOf\":{\"@id\":\"https:\\\/\\\/chelso.com.br\\\/site\\\/a-importancia-do-fortalecimento-do-core-para-corredores\\\/\"},\"author\":{\"name\":\"Bruno Faria\",\"@id\":\"https:\\\/\\\/chelso.com.br\\\/site\\\/#\\\/schema\\\/person\\\/05f47754e88d041669376cb30562df66\"},\"headline\":\"A import\u00e2ncia do fortalecimento do CORE para corredores\",\"datePublished\":\"2021-04-05T19:43:48+00:00\",\"mainEntityOfPage\":{\"@id\":\"https:\\\/\\\/chelso.com.br\\\/site\\\/a-importancia-do-fortalecimento-do-core-para-corredores\\\/\"},\"wordCount\":653,\"commentCount\":0,\"keywords\":[\"corre\",\"corrida\",\"Fortalecimento\",\"treino\"],\"articleSection\":[\"Treinos\"],\"inLanguage\":\"pt-BR\",\"potentialAction\":[{\"@type\":\"CommentAction\",\"name\":\"Comment\",\"target\":[\"https:\\\/\\\/chelso.com.br\\\/site\\\/a-importancia-do-fortalecimento-do-core-para-corredores\\\/#respond\"]}]},{\"@type\":\"WebPage\",\"@id\":\"https:\\\/\\\/chelso.com.br\\\/site\\\/a-importancia-do-fortalecimento-do-core-para-corredores\\\/\",\"url\":\"https:\\\/\\\/chelso.com.br\\\/site\\\/a-importancia-do-fortalecimento-do-core-para-corredores\\\/\",\"name\":\"A import\u00e2ncia do fortalecimento do CORE para corredores\",\"isPartOf\":{\"@id\":\"https:\\\/\\\/chelso.com.br\\\/site\\\/#website\"},\"datePublished\":\"2021-04-05T19:43:48+00:00\",\"author\":{\"@id\":\"https:\\\/\\\/chelso.com.br\\\/site\\\/#\\\/schema\\\/person\\\/05f47754e88d041669376cb30562df66\"},\"description\":\"Nesse post voc\u00ea encontra dicas de fortalecimento do core para corredores, e o porque \u00e9 t\u00e3o importante fortalecer essa musculatura.\",\"breadcrumb\":{\"@id\":\"https:\\\/\\\/chelso.com.br\\\/site\\\/a-importancia-do-fortalecimento-do-core-para-corredores\\\/#breadcrumb\"},\"inLanguage\":\"pt-BR\",\"potentialAction\":[{\"@type\":\"ReadAction\",\"target\":[\"https:\\\/\\\/chelso.com.br\\\/site\\\/a-importancia-do-fortalecimento-do-core-para-corredores\\\/\"]}]},{\"@type\":\"BreadcrumbList\",\"@id\":\"https:\\\/\\\/chelso.com.br\\\/site\\\/a-importancia-do-fortalecimento-do-core-para-corredores\\\/#breadcrumb\",\"itemListElement\":[{\"@type\":\"ListItem\",\"position\":1,\"name\":\"In\u00edcio\",\"item\":\"https:\\\/\\\/chelso.com.br\\\/site\\\/\"},{\"@type\":\"ListItem\",\"position\":2,\"name\":\"A import\u00e2ncia do fortalecimento do CORE para corredores\"}]},{\"@type\":\"WebSite\",\"@id\":\"https:\\\/\\\/chelso.com.br\\\/site\\\/#website\",\"url\":\"https:\\\/\\\/chelso.com.br\\\/site\\\/\",\"name\":\"Portal Chelso Sports\",\"description\":\"Conte\u00fado especializado em corrida de rua e triathlon\",\"potentialAction\":[{\"@type\":\"SearchAction\",\"target\":{\"@type\":\"EntryPoint\",\"urlTemplate\":\"https:\\\/\\\/chelso.com.br\\\/site\\\/?s={search_term_string}\"},\"query-input\":{\"@type\":\"PropertyValueSpecification\",\"valueRequired\":true,\"valueName\":\"search_term_string\"}}],\"inLanguage\":\"pt-BR\"},{\"@type\":\"Person\",\"@id\":\"https:\\\/\\\/chelso.com.br\\\/site\\\/#\\\/schema\\\/person\\\/05f47754e88d041669376cb30562df66\",\"name\":\"Bruno Faria\",\"image\":{\"@type\":\"ImageObject\",\"inLanguage\":\"pt-BR\",\"@id\":\"https:\\\/\\\/secure.gravatar.com\\\/avatar\\\/4f68f2ca96342f71d0e70d67fe69430f3a3ae2ad5f5756b305f4cd58822aca41?s=96&d=mm&r=g\",\"url\":\"https:\\\/\\\/secure.gravatar.com\\\/avatar\\\/4f68f2ca96342f71d0e70d67fe69430f3a3ae2ad5f5756b305f4cd58822aca41?s=96&d=mm&r=g\",\"contentUrl\":\"https:\\\/\\\/secure.gravatar.com\\\/avatar\\\/4f68f2ca96342f71d0e70d67fe69430f3a3ae2ad5f5756b305f4cd58822aca41?s=96&d=mm&r=g\",\"caption\":\"Bruno Faria\"},\"description\":\"Bruno Faria \u00e9 formado em educa\u00e7\u00e3o f\u00edsica (CREF 089251-G\\\/SP), especialista treinamento funcional, ultramaratonista e treinador e propriet\u00e1rio da F2 Assessoria Esportiva. Para conhecer mais seu trabalho acesse o INSTAGRAM.\",\"sameAs\":[\"http:\\\/\\\/instagram.com\\\/brunofariapersonal\"],\"url\":\"https:\\\/\\\/chelso.com.br\\\/site\\\/author\\\/brunofaria\\\/\"}]}<\/script>\n<!-- \/ Yoast SEO plugin. -->","yoast_head_json":{"title":"A import\u00e2ncia do fortalecimento do CORE para corredores","description":"Nesse post voc\u00ea encontra dicas de fortalecimento do core para corredores, e o porque \u00e9 t\u00e3o importante fortalecer essa musculatura.","robots":{"index":"index","follow":"follow","max-snippet":"max-snippet:-1","max-image-preview":"max-image-preview:large","max-video-preview":"max-video-preview:-1"},"canonical":"https:\/\/chelso.com.br\/site\/a-importancia-do-fortalecimento-do-core-para-corredores\/","og_locale":"pt_BR","og_type":"article","og_title":"A import\u00e2ncia do fortalecimento do CORE para corredores","og_description":"Nesse post voc\u00ea encontra dicas de fortalecimento do core para corredores, e o porque \u00e9 t\u00e3o importante fortalecer essa musculatura.","og_url":"https:\/\/chelso.com.br\/site\/a-importancia-do-fortalecimento-do-core-para-corredores\/","og_site_name":"Portal Chelso Sports","article_published_time":"2021-04-05T19:43:48+00:00","og_image":[{"width":2560,"height":1707,"url":"https:\/\/chelso.com.br\/site\/wp-content\/uploads\/2021\/04\/workout-at-home-scaled.jpg","type":"image\/jpeg"}],"author":"Bruno Faria","twitter_card":"summary_large_image","twitter_misc":{"Escrito por":"Bruno Faria","Est. tempo de leitura":"3 minutos"},"schema":{"@context":"https:\/\/schema.org","@graph":[{"@type":"Article","@id":"https:\/\/chelso.com.br\/site\/a-importancia-do-fortalecimento-do-core-para-corredores\/#article","isPartOf":{"@id":"https:\/\/chelso.com.br\/site\/a-importancia-do-fortalecimento-do-core-para-corredores\/"},"author":{"name":"Bruno Faria","@id":"https:\/\/chelso.com.br\/site\/#\/schema\/person\/05f47754e88d041669376cb30562df66"},"headline":"A import\u00e2ncia do fortalecimento do CORE para corredores","datePublished":"2021-04-05T19:43:48+00:00","mainEntityOfPage":{"@id":"https:\/\/chelso.com.br\/site\/a-importancia-do-fortalecimento-do-core-para-corredores\/"},"wordCount":653,"commentCount":0,"keywords":["corre","corrida","Fortalecimento","treino"],"articleSection":["Treinos"],"inLanguage":"pt-BR","potentialAction":[{"@type":"CommentAction","name":"Comment","target":["https:\/\/chelso.com.br\/site\/a-importancia-do-fortalecimento-do-core-para-corredores\/#respond"]}]},{"@type":"WebPage","@id":"https:\/\/chelso.com.br\/site\/a-importancia-do-fortalecimento-do-core-para-corredores\/","url":"https:\/\/chelso.com.br\/site\/a-importancia-do-fortalecimento-do-core-para-corredores\/","name":"A import\u00e2ncia do fortalecimento do CORE para corredores","isPartOf":{"@id":"https:\/\/chelso.com.br\/site\/#website"},"datePublished":"2021-04-05T19:43:48+00:00","author":{"@id":"https:\/\/chelso.com.br\/site\/#\/schema\/person\/05f47754e88d041669376cb30562df66"},"description":"Nesse post voc\u00ea encontra dicas de fortalecimento do core para corredores, e o porque \u00e9 t\u00e3o importante fortalecer essa musculatura.","breadcrumb":{"@id":"https:\/\/chelso.com.br\/site\/a-importancia-do-fortalecimento-do-core-para-corredores\/#breadcrumb"},"inLanguage":"pt-BR","potentialAction":[{"@type":"ReadAction","target":["https:\/\/chelso.com.br\/site\/a-importancia-do-fortalecimento-do-core-para-corredores\/"]}]},{"@type":"BreadcrumbList","@id":"https:\/\/chelso.com.br\/site\/a-importancia-do-fortalecimento-do-core-para-corredores\/#breadcrumb","itemListElement":[{"@type":"ListItem","position":1,"name":"In\u00edcio","item":"https:\/\/chelso.com.br\/site\/"},{"@type":"ListItem","position":2,"name":"A import\u00e2ncia do fortalecimento do CORE para corredores"}]},{"@type":"WebSite","@id":"https:\/\/chelso.com.br\/site\/#website","url":"https:\/\/chelso.com.br\/site\/","name":"Portal Chelso Sports","description":"Conte\u00fado especializado em corrida de rua e triathlon","potentialAction":[{"@type":"SearchAction","target":{"@type":"EntryPoint","urlTemplate":"https:\/\/chelso.com.br\/site\/?s={search_term_string}"},"query-input":{"@type":"PropertyValueSpecification","valueRequired":true,"valueName":"search_term_string"}}],"inLanguage":"pt-BR"},{"@type":"Person","@id":"https:\/\/chelso.com.br\/site\/#\/schema\/person\/05f47754e88d041669376cb30562df66","name":"Bruno Faria","image":{"@type":"ImageObject","inLanguage":"pt-BR","@id":"https:\/\/secure.gravatar.com\/avatar\/4f68f2ca96342f71d0e70d67fe69430f3a3ae2ad5f5756b305f4cd58822aca41?s=96&d=mm&r=g","url":"https:\/\/secure.gravatar.com\/avatar\/4f68f2ca96342f71d0e70d67fe69430f3a3ae2ad5f5756b305f4cd58822aca41?s=96&d=mm&r=g","contentUrl":"https:\/\/secure.gravatar.com\/avatar\/4f68f2ca96342f71d0e70d67fe69430f3a3ae2ad5f5756b305f4cd58822aca41?s=96&d=mm&r=g","caption":"Bruno Faria"},"description":"Bruno Faria \u00e9 formado em educa\u00e7\u00e3o f\u00edsica (CREF 089251-G\/SP), especialista treinamento funcional, ultramaratonista e treinador e propriet\u00e1rio da F2 Assessoria Esportiva. Para conhecer mais seu trabalho acesse o INSTAGRAM.","sameAs":["http:\/\/instagram.com\/brunofariapersonal"],"url":"https:\/\/chelso.com.br\/site\/author\/brunofaria\/"}]}},"amp_enabled":true,"_links":{"self":[{"href":"https:\/\/chelso.com.br\/site\/wp-json\/wp\/v2\/posts\/8041","targetHints":{"allow":["GET"]}}],"collection":[{"href":"https:\/\/chelso.com.br\/site\/wp-json\/wp\/v2\/posts"}],"about":[{"href":"https:\/\/chelso.com.br\/site\/wp-json\/wp\/v2\/types\/post"}],"author":[{"embeddable":true,"href":"https:\/\/chelso.com.br\/site\/wp-json\/wp\/v2\/users\/2"}],"replies":[{"embeddable":true,"href":"https:\/\/chelso.com.br\/site\/wp-json\/wp\/v2\/comments?post=8041"}],"version-history":[{"count":1,"href":"https:\/\/chelso.com.br\/site\/wp-json\/wp\/v2\/posts\/8041\/revisions"}],"predecessor-version":[{"id":8048,"href":"https:\/\/chelso.com.br\/site\/wp-json\/wp\/v2\/posts\/8041\/revisions\/8048"}],"wp:attachment":[{"href":"https:\/\/chelso.com.br\/site\/wp-json\/wp\/v2\/media?parent=8041"}],"wp:term":[{"taxonomy":"category","embeddable":true,"href":"https:\/\/chelso.com.br\/site\/wp-json\/wp\/v2\/categories?post=8041"},{"taxonomy":"post_tag","embeddable":true,"href":"https:\/\/chelso.com.br\/site\/wp-json\/wp\/v2\/tags?post=8041"}],"curies":[{"name":"wp","href":"https:\/\/api.w.org\/{rel}","templated":true}]}}