{"id":8380,"date":"2021-04-26T16:51:38","date_gmt":"2021-04-26T19:51:38","guid":{"rendered":"https:\/\/chelso.com.br\/site\/?p=8380"},"modified":"2021-04-27T15:46:48","modified_gmt":"2021-04-27T18:46:48","slug":"dor-na-perna-ao-correr","status":"publish","type":"post","link":"https:\/\/chelso.com.br\/site\/dor-na-perna-ao-correr\/","title":{"rendered":"Dor na perna ao correr? Fique atento que pode ser um desses cinco problemas!"},"content":{"rendered":"<p><span style=\"font-weight: 400;\">Existem diversas causas de dores que est\u00e3o relacionadas aos corredores, e a origem da dor na perna ao correr pode estar relacionada a diversos fatores como condicionamento f\u00edsico, peso, intensidade dos treinos, for\u00e7a e biomec\u00e2nica, por exemplo. No post de hoje escrito pela <a href=\"http:\/\/instagram.com\/draanapsimoes\">Dra Ana Paula Sim\u00f5es<\/a> falamos sobre as 5 principais causas da dor na perna ao correr.<\/span><\/p>\n<p><span style=\"font-weight: 400;\">\u00c9 sempre importante procurar um profissional de sa\u00fade, para que a avalia\u00e7\u00e3o seja feita e o melhor tratamento iniciado, caso precise, seguindo um protocolo e linha de racioc\u00ednio. Vale lembrar tamb\u00e9m, que durante os treinos, orienta\u00e7\u00f5es profissionais, como de educadores f\u00edsicos\u00a0 s\u00e3o muito importantes, pois podem ajudar a prevenir les\u00f5es, e dores, n\u00e3o apenas nas pernas, mas em todo corpo.\u00a0 <\/span><\/p>\n<p><span style=\"font-weight: 400;\">Abaixo, est\u00e3o listadas algumas das principais origens de dores na perna. Confira<\/span><b>!<\/b><b><\/b><\/p>\n<h3><b>1) C\u00e2imbra\u00a0<\/b><\/h3>\n<p><span style=\"font-weight: 400;\">As c\u00e2imbras s\u00e3o contra\u00e7\u00f5es r\u00e1pidas e involunt\u00e1rias que se manifestam em diferentes partes do corpo. As panturrilhas s\u00e3o comumente acometidas e os sintomas podem incluir dor muscular associada \u00e0s c\u00e3ibras, que s\u00e3o sentidas como \u201cfisgadas\u201d no local. Em geral, as c\u00e3ibras est\u00e3o relacionadas a exerc\u00edcios intensos e sua origem ocorre devido ao aumento da produ\u00e7\u00e3o de lactato pelas c\u00e9lulas durante o esfor\u00e7o f\u00edsico e tamb\u00e9m por desequil\u00edbrios de sais minerais. Os fatores de risco que predisp\u00f5em \u00e0s c\u00e3ibras s\u00e3o: Descondicionamento f\u00edsico, defici\u00eancia de minerais e vitaminas, diabetes e insufici\u00eancia renal, por exemplo.<\/span><\/p>\n<figure id=\"attachment_8381\" aria-describedby=\"caption-attachment-8381\" style=\"width: 2560px\" class=\"wp-caption alignnone\"><img fetchpriority=\"high\" decoding=\"async\" class=\"size-full wp-image-8381\" src=\"https:\/\/chelso.com.br\/site\/wp-content\/uploads\/2021\/04\/cramp-during-running-injury-sport-concept-scaled.jpg\" alt=\"dor na perna ao correr\" width=\"2560\" height=\"1707\" \/><figcaption id=\"caption-attachment-8381\" class=\"wp-caption-text\">Imagem: Freepik<\/figcaption><\/figure>\n<h3><b>2) Dor Muscular<\/b><\/h3>\n<p><span style=\"font-weight: 400;\">A distens\u00e3o muscular \u00e9 uma das causas mais comuns de dores musculares. A distens\u00e3o muscular ocorre quando as fibras do m\u00fasculo ou tend\u00e3o (parte do m\u00fasculo que se prende ao osso) s\u00e3o tracionadas dando origem \u00e0 inflama\u00e7\u00f5es locais. A dor nas fibras est\u00e1 relacionada \u00e0 sobrecarga no local, como em esfor\u00e7os f\u00edsicos. Os sintomas mais comuns s\u00e3o dor, hematoma, incha\u00e7o, e dificuldade para movimentar o local, nos casos de les\u00f5es.<\/span><\/p>\n<h3><b>3) Problemas Circulat\u00f3rios<\/b><\/h3>\n<p><span style=\"font-weight: 400;\">A m\u00e1 circula\u00e7\u00e3o nas pernas est\u00e1 relacionada \u00e0 dificuldade do sangue em circular adequadamente e se manifesta por meio do surgimento de varizes, incha\u00e7o nas pernas, tornozelos e p\u00e9s, al\u00e9m da sensa\u00e7\u00e3o de peso e formigamento. A ado\u00e7\u00e3o de h\u00e1bitos saud\u00e1veis, como praticar exerc\u00edcios f\u00edsicos e alimenta\u00e7\u00e3o balanceada, al\u00e9m do uso de meias de compress\u00e3o, podem ajudar muito na melhora do quadro.<\/span><\/p>\n<p><a href=\"http:\/\/www.runfor.com.br\"><img decoding=\"async\" class=\"alignnone size-full wp-image-4552\" src=\"https:\/\/chelso.com.br\/site\/wp-content\/uploads\/2020\/12\/banner-site.png\" alt=\"runfor\" width=\"728\" height=\"90\" \/><\/a><\/p>\n<h3><b>4) Desequil\u00edbrio Muscular\u00a0<\/b><\/h3>\n<p><span style=\"font-weight: 400;\">O desequil\u00edbrio muscular ocorre quando h\u00e1 diferen\u00e7as na for\u00e7a e flexibilidade dos m\u00fasculos de uma mesma articula\u00e7\u00e3o, ou seja, em um mesmo grupo muscular. Assim, pode-se gerar altera\u00e7\u00f5es da postura ou da articula\u00e7\u00e3o, o que pode predispor a les\u00f5es nestes locais e assim, levar a dores na regi\u00e3o acometida. Neste caso, s\u00e3o necess\u00e1rias avalia\u00e7\u00f5es f\u00edsicas para identificar a despropor\u00e7\u00e3o entre os m\u00fasculos, al\u00e9m de fortalecimento da regi\u00e3o afetada e exerc\u00edcios espec\u00edficos.<\/span><\/p>\n<h3><b>5) Tendinopatia de Aquiles (Inflama\u00e7\u00e3o do tend\u00e3o de Aquiles)<\/b><\/h3>\n<p><span style=\"font-weight: 400;\">A tendinopatia de Aquiles \u00e9 bastante frequente, pois est\u00e1 diretamente relacionada aos movimentos da perna e resulta de um estresse repetitivo maior do que o tend\u00e3o do calc\u00e2neo, ou tend\u00e3o de Aquiles, como \u00e9 popularmente conhecido, pode suportar naquele per\u00edodo. Qualquer pessoa ativa, como praticantes recreacionais, pessoas obesas que retornam aos treinos e at\u00e9 mesmo atletas que aumentam a intensidade de seus treinos podem estar suscept\u00edveis \u00e0 tendinopatia de Aquiles. Outros indiv\u00edduos que poderiam ser afetados por essa patologia, seriam os atletas de alto rendimento, quando est\u00e3o relacionados a grandes cargas nos membros inferiores ou por passarem muito tempo em p\u00e9.<\/span><\/p>\n<figure id=\"attachment_8383\" aria-describedby=\"caption-attachment-8383\" style=\"width: 2560px\" class=\"wp-caption alignnone\"><img decoding=\"async\" class=\"size-full wp-image-8383\" src=\"https:\/\/chelso.com.br\/site\/wp-content\/uploads\/2021\/04\/ankle-sprained-young-woman-suffering-from-ankle-injury-while-exercising-scaled.jpg\" alt=\"dor na perna ao correr\" width=\"2560\" height=\"1709\" \/><figcaption id=\"caption-attachment-8383\" class=\"wp-caption-text\">Imagem: Freepik<\/figcaption><\/figure>\n<p><span style=\"font-weight: 400;\">Os sintomas mais frequentes da tendinopatia de Aquiles s\u00e3o:<\/span><\/p>\n<ul>\n<li style=\"font-weight: 400;\" aria-level=\"1\"><span style=\"font-weight: 400;\">Dor no tend\u00e3o de Aquiles;<\/span><\/li>\n<li style=\"font-weight: 400;\" aria-level=\"1\"><span style=\"font-weight: 400;\">Dor ao movimento;<\/span><\/li>\n<li style=\"font-weight: 400;\" aria-level=\"1\"><span style=\"font-weight: 400;\">Pior de manh\u00e3 ou no in\u00edcio exerc\u00edcio;<\/span><\/li>\n<li style=\"font-weight: 400;\" aria-level=\"1\"><span style=\"font-weight: 400;\">Torna-se melhor em 5 a 10 minutos de atividade.<\/span><\/li>\n<\/ul>\n<p><span style=\"font-weight: 400;\">As tendinopatias de Aquiles s\u00e3o tratadas de formas diferentes, pois depender\u00e1 dos sintomas, tipo e carga de exerc\u00edcios, demandas de competi\u00e7\u00e3o e localiza\u00e7\u00e3o da dor.<\/span><\/p>\n<p><span style=\"font-weight: 400;\">Esse foi um resumo das dores que costumam ocorrer com maior frequ\u00eancia nos corredores. Existem outros diagn\u00f3sticos diferenciais como s\u00edndrome compartimental cr\u00f4nica, neuropatias, s\u00edndromes compressivas e at\u00e9 fratura por stress. Ent\u00e3o, mantenha-se alerta aos sinais de dores durante a pr\u00e1tica esportiva, e caso esteja com uma dor na perna, procure por um especialista em medicina esportiva com t\u00edtulo (RQE) para que possa diagnosticar e realizar o melhor tratamento se necess\u00e1rio! Assim, voc\u00ea pode evitar que mais les\u00f5es sejam provocadas, al\u00e9m de acelerar o processo de recupera\u00e7\u00e3o.<\/span><\/p>\n<p>Voc\u00ea j\u00e1 teve alguma dor na perna ao correr? Conta pra gente aqui nos coment\u00e1rios e compartilha esse post com um amigo corredor que pode precisar saber dessas informa\u00e7\u00f5es!<\/p>\n<p>Quer saber mais sobre sa\u00fade do atleta e dicas sobre treinos? Acesse <a href=\"https:\/\/chelso.com.br\/site\/category\/saude\/\">ESSE LINK<\/a> e continue navegando em nossas mat\u00e9rias.<\/p>\n<p>Texto: Dra. Ana Paula Sim\u00f5es Ferreira (Professora Instrutora e Mestre em Ortopedia e Traumatologia) e <a href=\"http:\/\/instagram.com\/annalivermelo\">Anna Luisa de Oliveira Melo<\/a> (Acad\u00eamica de Medicina).<\/p>\n<p><a href=\"http:\/\/www.chelso.com.br\"><strong>+ J\u00e1 conhece nosso calend\u00e1rio de eventos virtuais? Acesse atrav\u00e9s desse link.<\/strong><\/a><\/p>\n","protected":false},"excerpt":{"rendered":"<p>Existem diversas causas de dores que est\u00e3o relacionadas aos corredores, e a origem da dor na perna ao correr pode estar relacionada a diversos fatores como condicionamento f\u00edsico, peso, intensidade dos treinos, for\u00e7a e biomec\u00e2nica, por exemplo. No post de hoje escrito pela Dra Ana Paula Sim\u00f5es falamos sobre as 5 principais causas da dor<\/p>\n","protected":false},"author":9,"featured_media":0,"comment_status":"open","ping_status":"closed","sticky":false,"template":"","format":"standard","meta":{"om_disable_all_campaigns":false,"_monsterinsights_skip_tracking":false,"_monsterinsights_sitenote_active":false,"_monsterinsights_sitenote_note":"","_monsterinsights_sitenote_category":0,"footnotes":""},"categories":[28],"tags":[104,36,486,485,75],"class_list":{"0":"post-8380","1":"post","2":"type-post","3":"status-publish","4":"format-standard","6":"category-saude","7":"tag-corredor","8":"tag-corrida","9":"tag-dor-ao-correr","10":"tag-dor-na-perna","11":"tag-lesoes"},"aioseo_notices":[],"yoast_head":"<!-- This site is optimized with the Yoast SEO plugin v27.5 - https:\/\/yoast.com\/product\/yoast-seo-wordpress\/ -->\n<title>Dor na perna ao correr? Fique atento que pode ser um desses cinco problemas!<\/title>\n<meta name=\"description\" content=\"A dor na perna ao correr pode estar relacionada a diversos fatores, saiba mais sobre esses problemas e como evit\u00e1-los nesse post.\" \/>\n<meta name=\"robots\" content=\"index, follow, max-snippet:-1, max-image-preview:large, max-video-preview:-1\" \/>\n<link rel=\"canonical\" href=\"https:\/\/chelso.com.br\/site\/dor-na-perna-ao-correr\/\" \/>\n<meta property=\"og:locale\" content=\"pt_BR\" \/>\n<meta property=\"og:type\" content=\"article\" \/>\n<meta property=\"og:title\" content=\"Dor na perna ao correr? Fique atento que pode ser um desses cinco problemas!\" \/>\n<meta property=\"og:description\" content=\"A dor na perna ao correr pode estar relacionada a diversos fatores, saiba mais sobre esses problemas e como evit\u00e1-los nesse post.\" \/>\n<meta property=\"og:url\" content=\"https:\/\/chelso.com.br\/site\/dor-na-perna-ao-correr\/\" \/>\n<meta property=\"og:site_name\" content=\"Portal Chelso Sports\" \/>\n<meta property=\"article:published_time\" content=\"2021-04-26T19:51:38+00:00\" \/>\n<meta property=\"article:modified_time\" content=\"2021-04-27T18:46:48+00:00\" \/>\n<meta property=\"og:image\" content=\"https:\/\/chelso.com.br\/site\/wp-content\/uploads\/2021\/04\/male-middle-aged-having-cramp-while-jogging-stop-massage-calf-scaled.jpg\" \/>\n\t<meta property=\"og:image:width\" content=\"2560\" \/>\n\t<meta property=\"og:image:height\" content=\"1613\" \/>\n\t<meta property=\"og:image:type\" content=\"image\/jpeg\" \/>\n<meta name=\"author\" content=\"Dra. Ana Paula Sim\u00f5es Ferreira\" \/>\n<meta name=\"twitter:card\" content=\"summary_large_image\" \/>\n<meta name=\"twitter:label1\" content=\"Escrito por\" \/>\n\t<meta name=\"twitter:data1\" content=\"Dra. Ana Paula Sim\u00f5es Ferreira\" \/>\n\t<meta name=\"twitter:label2\" content=\"Est. tempo de leitura\" \/>\n\t<meta name=\"twitter:data2\" content=\"5 minutos\" \/>\n<script type=\"application\/ld+json\" class=\"yoast-schema-graph\">{\"@context\":\"https:\\\/\\\/schema.org\",\"@graph\":[{\"@type\":\"Article\",\"@id\":\"https:\\\/\\\/chelso.com.br\\\/site\\\/dor-na-perna-ao-correr\\\/#article\",\"isPartOf\":{\"@id\":\"https:\\\/\\\/chelso.com.br\\\/site\\\/dor-na-perna-ao-correr\\\/\"},\"author\":{\"name\":\"Dra. Ana Paula Sim\u00f5es Ferreira\",\"@id\":\"https:\\\/\\\/chelso.com.br\\\/site\\\/#\\\/schema\\\/person\\\/14a34a2fd8dedf7af1c1c3ccf26e0463\"},\"headline\":\"Dor na perna ao correr? Fique atento que pode ser um desses cinco problemas!\",\"datePublished\":\"2021-04-26T19:51:38+00:00\",\"dateModified\":\"2021-04-27T18:46:48+00:00\",\"mainEntityOfPage\":{\"@id\":\"https:\\\/\\\/chelso.com.br\\\/site\\\/dor-na-perna-ao-correr\\\/\"},\"wordCount\":912,\"commentCount\":0,\"image\":{\"@id\":\"https:\\\/\\\/chelso.com.br\\\/site\\\/dor-na-perna-ao-correr\\\/#primaryimage\"},\"thumbnailUrl\":\"https:\\\/\\\/chelso.com.br\\\/site\\\/wp-content\\\/uploads\\\/2021\\\/04\\\/cramp-during-running-injury-sport-concept-scaled.jpg\",\"keywords\":[\"corredor\",\"corrida\",\"dor ao correr\",\"dor na perna\",\"les\u00f5es\"],\"articleSection\":[\"Sa\u00fade e Bem Estar\"],\"inLanguage\":\"pt-BR\",\"potentialAction\":[{\"@type\":\"CommentAction\",\"name\":\"Comment\",\"target\":[\"https:\\\/\\\/chelso.com.br\\\/site\\\/dor-na-perna-ao-correr\\\/#respond\"]}]},{\"@type\":\"WebPage\",\"@id\":\"https:\\\/\\\/chelso.com.br\\\/site\\\/dor-na-perna-ao-correr\\\/\",\"url\":\"https:\\\/\\\/chelso.com.br\\\/site\\\/dor-na-perna-ao-correr\\\/\",\"name\":\"Dor na perna ao correr? Fique atento que pode ser um desses cinco problemas!\",\"isPartOf\":{\"@id\":\"https:\\\/\\\/chelso.com.br\\\/site\\\/#website\"},\"primaryImageOfPage\":{\"@id\":\"https:\\\/\\\/chelso.com.br\\\/site\\\/dor-na-perna-ao-correr\\\/#primaryimage\"},\"image\":{\"@id\":\"https:\\\/\\\/chelso.com.br\\\/site\\\/dor-na-perna-ao-correr\\\/#primaryimage\"},\"thumbnailUrl\":\"https:\\\/\\\/chelso.com.br\\\/site\\\/wp-content\\\/uploads\\\/2021\\\/04\\\/cramp-during-running-injury-sport-concept-scaled.jpg\",\"datePublished\":\"2021-04-26T19:51:38+00:00\",\"dateModified\":\"2021-04-27T18:46:48+00:00\",\"author\":{\"@id\":\"https:\\\/\\\/chelso.com.br\\\/site\\\/#\\\/schema\\\/person\\\/14a34a2fd8dedf7af1c1c3ccf26e0463\"},\"description\":\"A dor na perna ao correr pode estar relacionada a diversos fatores, saiba mais sobre esses problemas e como evit\u00e1-los nesse post.\",\"breadcrumb\":{\"@id\":\"https:\\\/\\\/chelso.com.br\\\/site\\\/dor-na-perna-ao-correr\\\/#breadcrumb\"},\"inLanguage\":\"pt-BR\",\"potentialAction\":[{\"@type\":\"ReadAction\",\"target\":[\"https:\\\/\\\/chelso.com.br\\\/site\\\/dor-na-perna-ao-correr\\\/\"]}]},{\"@type\":\"ImageObject\",\"inLanguage\":\"pt-BR\",\"@id\":\"https:\\\/\\\/chelso.com.br\\\/site\\\/dor-na-perna-ao-correr\\\/#primaryimage\",\"url\":\"\",\"contentUrl\":\"\"},{\"@type\":\"BreadcrumbList\",\"@id\":\"https:\\\/\\\/chelso.com.br\\\/site\\\/dor-na-perna-ao-correr\\\/#breadcrumb\",\"itemListElement\":[{\"@type\":\"ListItem\",\"position\":1,\"name\":\"In\u00edcio\",\"item\":\"https:\\\/\\\/chelso.com.br\\\/site\\\/\"},{\"@type\":\"ListItem\",\"position\":2,\"name\":\"Dor na perna ao correr? Fique atento que pode ser um desses cinco problemas!\"}]},{\"@type\":\"WebSite\",\"@id\":\"https:\\\/\\\/chelso.com.br\\\/site\\\/#website\",\"url\":\"https:\\\/\\\/chelso.com.br\\\/site\\\/\",\"name\":\"Portal Chelso Sports\",\"description\":\"Conte\u00fado especializado em corrida de rua e triathlon\",\"potentialAction\":[{\"@type\":\"SearchAction\",\"target\":{\"@type\":\"EntryPoint\",\"urlTemplate\":\"https:\\\/\\\/chelso.com.br\\\/site\\\/?s={search_term_string}\"},\"query-input\":{\"@type\":\"PropertyValueSpecification\",\"valueRequired\":true,\"valueName\":\"search_term_string\"}}],\"inLanguage\":\"pt-BR\"},{\"@type\":\"Person\",\"@id\":\"https:\\\/\\\/chelso.com.br\\\/site\\\/#\\\/schema\\\/person\\\/14a34a2fd8dedf7af1c1c3ccf26e0463\",\"name\":\"Dra. Ana Paula Sim\u00f5es Ferreira\",\"image\":{\"@type\":\"ImageObject\",\"inLanguage\":\"pt-BR\",\"@id\":\"https:\\\/\\\/secure.gravatar.com\\\/avatar\\\/561d7bbc824bc8256fe8a35ae6aef7a6c2c28f90e6b1a4b1bfbd266c193b5b7a?s=96&d=mm&r=g\",\"url\":\"https:\\\/\\\/secure.gravatar.com\\\/avatar\\\/561d7bbc824bc8256fe8a35ae6aef7a6c2c28f90e6b1a4b1bfbd266c193b5b7a?s=96&d=mm&r=g\",\"contentUrl\":\"https:\\\/\\\/secure.gravatar.com\\\/avatar\\\/561d7bbc824bc8256fe8a35ae6aef7a6c2c28f90e6b1a4b1bfbd266c193b5b7a?s=96&d=mm&r=g\",\"caption\":\"Dra. Ana Paula Sim\u00f5es Ferreira\"},\"description\":\"Dra Ana Paula Sim\u00f5es Ferreira \u00e9 Professora Instrutora e Mestre em Ortopedia e Traumatologia, e M\u00e9dica Assistente do grupo de traumatologia do esporte pela Santa Casa de S\u00e3o Paulo. RQE - N\u00b028753. E Medicina Esportiva RQE - N\u00b067412 . Para conhecer mais seu trabalho acesse o SITE.\",\"sameAs\":[\"http:\\\/\\\/www.anapaulasimoes.com.br\\\/\"],\"url\":\"https:\\\/\\\/chelso.com.br\\\/site\\\/author\\\/anasimoes\\\/\"}]}<\/script>\n<!-- \/ Yoast SEO plugin. -->","yoast_head_json":{"title":"Dor na perna ao correr? Fique atento que pode ser um desses cinco problemas!","description":"A dor na perna ao correr pode estar relacionada a diversos fatores, saiba mais sobre esses problemas e como evit\u00e1-los nesse post.","robots":{"index":"index","follow":"follow","max-snippet":"max-snippet:-1","max-image-preview":"max-image-preview:large","max-video-preview":"max-video-preview:-1"},"canonical":"https:\/\/chelso.com.br\/site\/dor-na-perna-ao-correr\/","og_locale":"pt_BR","og_type":"article","og_title":"Dor na perna ao correr? Fique atento que pode ser um desses cinco problemas!","og_description":"A dor na perna ao correr pode estar relacionada a diversos fatores, saiba mais sobre esses problemas e como evit\u00e1-los nesse post.","og_url":"https:\/\/chelso.com.br\/site\/dor-na-perna-ao-correr\/","og_site_name":"Portal Chelso Sports","article_published_time":"2021-04-26T19:51:38+00:00","article_modified_time":"2021-04-27T18:46:48+00:00","og_image":[{"width":2560,"height":1613,"url":"https:\/\/chelso.com.br\/site\/wp-content\/uploads\/2021\/04\/male-middle-aged-having-cramp-while-jogging-stop-massage-calf-scaled.jpg","type":"image\/jpeg"}],"author":"Dra. Ana Paula Sim\u00f5es Ferreira","twitter_card":"summary_large_image","twitter_misc":{"Escrito por":"Dra. Ana Paula Sim\u00f5es Ferreira","Est. tempo de leitura":"5 minutos"},"schema":{"@context":"https:\/\/schema.org","@graph":[{"@type":"Article","@id":"https:\/\/chelso.com.br\/site\/dor-na-perna-ao-correr\/#article","isPartOf":{"@id":"https:\/\/chelso.com.br\/site\/dor-na-perna-ao-correr\/"},"author":{"name":"Dra. Ana Paula Sim\u00f5es Ferreira","@id":"https:\/\/chelso.com.br\/site\/#\/schema\/person\/14a34a2fd8dedf7af1c1c3ccf26e0463"},"headline":"Dor na perna ao correr? Fique atento que pode ser um desses cinco problemas!","datePublished":"2021-04-26T19:51:38+00:00","dateModified":"2021-04-27T18:46:48+00:00","mainEntityOfPage":{"@id":"https:\/\/chelso.com.br\/site\/dor-na-perna-ao-correr\/"},"wordCount":912,"commentCount":0,"image":{"@id":"https:\/\/chelso.com.br\/site\/dor-na-perna-ao-correr\/#primaryimage"},"thumbnailUrl":"https:\/\/chelso.com.br\/site\/wp-content\/uploads\/2021\/04\/cramp-during-running-injury-sport-concept-scaled.jpg","keywords":["corredor","corrida","dor ao correr","dor na perna","les\u00f5es"],"articleSection":["Sa\u00fade e Bem Estar"],"inLanguage":"pt-BR","potentialAction":[{"@type":"CommentAction","name":"Comment","target":["https:\/\/chelso.com.br\/site\/dor-na-perna-ao-correr\/#respond"]}]},{"@type":"WebPage","@id":"https:\/\/chelso.com.br\/site\/dor-na-perna-ao-correr\/","url":"https:\/\/chelso.com.br\/site\/dor-na-perna-ao-correr\/","name":"Dor na perna ao correr? Fique atento que pode ser um desses cinco problemas!","isPartOf":{"@id":"https:\/\/chelso.com.br\/site\/#website"},"primaryImageOfPage":{"@id":"https:\/\/chelso.com.br\/site\/dor-na-perna-ao-correr\/#primaryimage"},"image":{"@id":"https:\/\/chelso.com.br\/site\/dor-na-perna-ao-correr\/#primaryimage"},"thumbnailUrl":"https:\/\/chelso.com.br\/site\/wp-content\/uploads\/2021\/04\/cramp-during-running-injury-sport-concept-scaled.jpg","datePublished":"2021-04-26T19:51:38+00:00","dateModified":"2021-04-27T18:46:48+00:00","author":{"@id":"https:\/\/chelso.com.br\/site\/#\/schema\/person\/14a34a2fd8dedf7af1c1c3ccf26e0463"},"description":"A dor na perna ao correr pode estar relacionada a diversos fatores, saiba mais sobre esses problemas e como evit\u00e1-los nesse post.","breadcrumb":{"@id":"https:\/\/chelso.com.br\/site\/dor-na-perna-ao-correr\/#breadcrumb"},"inLanguage":"pt-BR","potentialAction":[{"@type":"ReadAction","target":["https:\/\/chelso.com.br\/site\/dor-na-perna-ao-correr\/"]}]},{"@type":"ImageObject","inLanguage":"pt-BR","@id":"https:\/\/chelso.com.br\/site\/dor-na-perna-ao-correr\/#primaryimage","url":"","contentUrl":""},{"@type":"BreadcrumbList","@id":"https:\/\/chelso.com.br\/site\/dor-na-perna-ao-correr\/#breadcrumb","itemListElement":[{"@type":"ListItem","position":1,"name":"In\u00edcio","item":"https:\/\/chelso.com.br\/site\/"},{"@type":"ListItem","position":2,"name":"Dor na perna ao correr? Fique atento que pode ser um desses cinco problemas!"}]},{"@type":"WebSite","@id":"https:\/\/chelso.com.br\/site\/#website","url":"https:\/\/chelso.com.br\/site\/","name":"Portal Chelso Sports","description":"Conte\u00fado especializado em corrida de rua e triathlon","potentialAction":[{"@type":"SearchAction","target":{"@type":"EntryPoint","urlTemplate":"https:\/\/chelso.com.br\/site\/?s={search_term_string}"},"query-input":{"@type":"PropertyValueSpecification","valueRequired":true,"valueName":"search_term_string"}}],"inLanguage":"pt-BR"},{"@type":"Person","@id":"https:\/\/chelso.com.br\/site\/#\/schema\/person\/14a34a2fd8dedf7af1c1c3ccf26e0463","name":"Dra. Ana Paula Sim\u00f5es Ferreira","image":{"@type":"ImageObject","inLanguage":"pt-BR","@id":"https:\/\/secure.gravatar.com\/avatar\/561d7bbc824bc8256fe8a35ae6aef7a6c2c28f90e6b1a4b1bfbd266c193b5b7a?s=96&d=mm&r=g","url":"https:\/\/secure.gravatar.com\/avatar\/561d7bbc824bc8256fe8a35ae6aef7a6c2c28f90e6b1a4b1bfbd266c193b5b7a?s=96&d=mm&r=g","contentUrl":"https:\/\/secure.gravatar.com\/avatar\/561d7bbc824bc8256fe8a35ae6aef7a6c2c28f90e6b1a4b1bfbd266c193b5b7a?s=96&d=mm&r=g","caption":"Dra. Ana Paula Sim\u00f5es Ferreira"},"description":"Dra Ana Paula Sim\u00f5es Ferreira \u00e9 Professora Instrutora e Mestre em Ortopedia e Traumatologia, e M\u00e9dica Assistente do grupo de traumatologia do esporte pela Santa Casa de S\u00e3o Paulo. RQE - N\u00b028753. E Medicina Esportiva RQE - N\u00b067412 . Para conhecer mais seu trabalho acesse o SITE.","sameAs":["http:\/\/www.anapaulasimoes.com.br\/"],"url":"https:\/\/chelso.com.br\/site\/author\/anasimoes\/"}]}},"amp_enabled":true,"_links":{"self":[{"href":"https:\/\/chelso.com.br\/site\/wp-json\/wp\/v2\/posts\/8380","targetHints":{"allow":["GET"]}}],"collection":[{"href":"https:\/\/chelso.com.br\/site\/wp-json\/wp\/v2\/posts"}],"about":[{"href":"https:\/\/chelso.com.br\/site\/wp-json\/wp\/v2\/types\/post"}],"author":[{"embeddable":true,"href":"https:\/\/chelso.com.br\/site\/wp-json\/wp\/v2\/users\/9"}],"replies":[{"embeddable":true,"href":"https:\/\/chelso.com.br\/site\/wp-json\/wp\/v2\/comments?post=8380"}],"version-history":[{"count":3,"href":"https:\/\/chelso.com.br\/site\/wp-json\/wp\/v2\/posts\/8380\/revisions"}],"predecessor-version":[{"id":8388,"href":"https:\/\/chelso.com.br\/site\/wp-json\/wp\/v2\/posts\/8380\/revisions\/8388"}],"wp:attachment":[{"href":"https:\/\/chelso.com.br\/site\/wp-json\/wp\/v2\/media?parent=8380"}],"wp:term":[{"taxonomy":"category","embeddable":true,"href":"https:\/\/chelso.com.br\/site\/wp-json\/wp\/v2\/categories?post=8380"},{"taxonomy":"post_tag","embeddable":true,"href":"https:\/\/chelso.com.br\/site\/wp-json\/wp\/v2\/tags?post=8380"}],"curies":[{"name":"wp","href":"https:\/\/api.w.org\/{rel}","templated":true}]}}