{"id":9218,"date":"2021-05-31T13:28:21","date_gmt":"2021-05-31T16:28:21","guid":{"rendered":"https:\/\/chelso.com.br\/site\/?p=9218"},"modified":"2021-05-31T13:31:10","modified_gmt":"2021-05-31T16:31:10","slug":"egan-bernal-vence-o-giro-ditalia","status":"publish","type":"post","link":"https:\/\/chelso.com.br\/site\/egan-bernal-vence-o-giro-ditalia\/","title":{"rendered":"Egan Bernal conquista Giro d&#8217;Italia em 2021"},"content":{"rendered":"<p>O colombiano <a href=\"https:\/\/www.instagram.com\/eganbernal\/\" target=\"_blank\" rel=\"noopener\">Egan Bernal<\/a>, de 24 anos, conquistou neste domingo (30) o <a href=\"https:\/\/www.giroditalia.it\/en\/\" target=\"_blank\" rel=\"noopener\">Giro d&#8217;Italia<\/a>, uma das provas mais tradicionais do ciclismo mundial.<\/p>\n<p>Bernal terminou a \u00faltima etapa, um contrarrel\u00f3gio plano de 30,3 quil\u00f4metros entre Senago e Mil\u00e3o, em 35m41s, tempo suficiente para se manter na frente do italiano Damiano Caruso, que concluiu o trecho em 35m11s e ficou em segundo lugar na classifica\u00e7\u00e3o geral.<\/p>\n<figure id=\"attachment_9220\" aria-describedby=\"caption-attachment-9220\" style=\"width: 940px\" class=\"wp-caption alignnone\"><img fetchpriority=\"high\" decoding=\"async\" class=\"size-full wp-image-9220\" src=\"https:\/\/chelso.com.br\/site\/wp-content\/uploads\/2021\/05\/789349834-d7b079286dbb413e13c26f0ad8af6105.jpg\" alt=\"Colombiano Egan Bernal conquista Giro d'Italia em 2021\" width=\"940\" height=\"645\" \/><figcaption id=\"caption-attachment-9220\" class=\"wp-caption-text\">Egan Bernal j\u00e1 tem dois t\u00edtulos nas tr\u00eas grandes voltas do ciclismo mundial; Foto: ANSA \/ Ansa &#8211; Brasil<\/figcaption><\/figure>\n<p>Ap\u00f3s 21 etapas, o colombiano terminou o Giro d&#8217;Italia em 86h17m28s, com 1m29s de vantagem sobre Caruso. O brit\u00e2nico Simon Yates ficou em terceiro lugar, 4m15s atr\u00e1s de Bernal.<\/p>\n<p><a href=\"https:\/\/chelso.com.br\/site\/category\/noticias\/\" target=\"_blank\" rel=\"noopener\">+ Veja mais not\u00edcias sobre esportes no Blog da Chelso<\/a><\/p>\n<p><a href=\"https:\/\/chelso.com.br\/site\/corridas-de-rua\/\" target=\"_blank\" rel=\"noopener\">+Acompanhe nosso calend\u00e1rio de provas virtuais<\/a><\/p>\n<p>J\u00e1 campe\u00e3o do Tour de France em 2019, o colombiano tem agora os t\u00edtulos de duas das tr\u00eas principais voltas do ciclismo mundial, faltando apenas a da Espanha para completar a &#8220;tr\u00edplice coroa&#8221;.<\/p>\n<iframe  id=\"_ytid_27294\"  width=\"788\" height=\"443\"  data-origwidth=\"788\" data-origheight=\"443\" src=\"https:\/\/www.youtube.com\/embed\/sMUYn7L53Kw?enablejsapi=1&autoplay=0&cc_load_policy=0&cc_lang_pref=&iv_load_policy=1&loop=0&rel=1&fs=1&playsinline=0&autohide=2&theme=dark&color=red&controls=1&disablekb=0&\" class=\"__youtube_prefs__  no-lazyload\" title=\"YouTube player\"  allow=\"fullscreen; accelerometer; autoplay; clipboard-write; encrypted-media; gyroscope; picture-in-picture; web-share\" referrerpolicy=\"strict-origin-when-cross-origin\" allowfullscreen data-no-lazy=\"1\" data-skipgform_ajax_framebjll=\"\"><\/iframe>\n<p>Bernal \u00e9 o segundo colombiano a vencer o Giro D&#8217;Italia, ap\u00f3s Nairo Quintana (2014), e o terceiro sul-americano, depois do pr\u00f3prio Quintana e do equatoriano Richard Carapaz (2019).<\/p>\n<p>Com informa\u00e7\u00f5es da Agenzia Nazionale Stampa Associata.<\/p>\n","protected":false},"excerpt":{"rendered":"<p>O colombiano Egan Bernal, de 24 anos, conquistou neste domingo (30) o Giro d&#8217;Italia, uma das provas mais tradicionais do ciclismo mundial. Bernal terminou a \u00faltima etapa, um contrarrel\u00f3gio plano de 30,3 quil\u00f4metros entre Senago e Mil\u00e3o, em 35m41s, tempo suficiente para se manter na frente do italiano Damiano Caruso, que concluiu o trecho em<\/p>\n","protected":false},"author":1,"featured_media":0,"comment_status":"open","ping_status":"closed","sticky":false,"template":"","format":"standard","meta":{"om_disable_all_campaigns":false,"_monsterinsights_skip_tracking":false,"_monsterinsights_sitenote_active":false,"_monsterinsights_sitenote_note":"","_monsterinsights_sitenote_category":0,"footnotes":""},"categories":[56,30],"tags":[730,168,167,729,728],"class_list":{"0":"post-9218","1":"post","2":"type-post","3":"status-publish","4":"format-standard","6":"category-eventos","7":"category-noticias","8":"tag-bicicleta","9":"tag-bike","10":"tag-ciclismo","11":"tag-egan-bernal","12":"tag-giro-ditalia"},"aioseo_notices":[],"yoast_head":"<!-- This site is optimized with the Yoast SEO plugin v27.5 - https:\/\/yoast.com\/product\/yoast-seo-wordpress\/ -->\n<title>Egan Bernal conquista Giro d&#039;Italia em 2021 - Portal Chelso Sports<\/title>\n<meta name=\"description\" content=\"Egan Bernal conquista Giro d&#039;Italia e soma vit\u00f3rias em duas das tr\u00eas principais voltas do ciclismo mundial, faltando apenas a da Espanha.\" \/>\n<meta name=\"robots\" content=\"index, follow, max-snippet:-1, max-image-preview:large, max-video-preview:-1\" \/>\n<link rel=\"canonical\" href=\"https:\/\/chelso.com.br\/site\/egan-bernal-vence-o-giro-ditalia\/\" \/>\n<meta property=\"og:locale\" content=\"pt_BR\" \/>\n<meta property=\"og:type\" content=\"article\" \/>\n<meta property=\"og:title\" content=\"Egan Bernal conquista Giro d&#039;Italia em 2021 - Portal Chelso Sports\" \/>\n<meta property=\"og:description\" content=\"Egan Bernal conquista Giro d&#039;Italia e soma vit\u00f3rias em duas das tr\u00eas principais voltas do ciclismo mundial, faltando apenas a da Espanha.\" \/>\n<meta property=\"og:url\" content=\"https:\/\/chelso.com.br\/site\/egan-bernal-vence-o-giro-ditalia\/\" \/>\n<meta property=\"og:site_name\" content=\"Portal Chelso Sports\" \/>\n<meta property=\"article:published_time\" content=\"2021-05-31T16:28:21+00:00\" \/>\n<meta property=\"article:modified_time\" content=\"2021-05-31T16:31:10+00:00\" \/>\n<meta property=\"og:image\" content=\"https:\/\/chelso.com.br\/site\/wp-content\/uploads\/2021\/05\/1025534924-c3a0a0dfe694f76401f840c626a486e1.jpg\" \/>\n\t<meta property=\"og:image:width\" content=\"940\" \/>\n\t<meta property=\"og:image:height\" content=\"638\" \/>\n\t<meta property=\"og:image:type\" content=\"image\/jpeg\" \/>\n<meta name=\"author\" content=\"Chelso Sports\" \/>\n<meta name=\"twitter:card\" content=\"summary_large_image\" \/>\n<meta name=\"twitter:label1\" content=\"Escrito por\" \/>\n\t<meta name=\"twitter:data1\" content=\"Chelso Sports\" \/>\n\t<meta name=\"twitter:label2\" content=\"Est. tempo de leitura\" \/>\n\t<meta name=\"twitter:data2\" content=\"2 minutos\" \/>\n<script type=\"application\/ld+json\" class=\"yoast-schema-graph\">{\"@context\":\"https:\\\/\\\/schema.org\",\"@graph\":[{\"@type\":\"Article\",\"@id\":\"https:\\\/\\\/chelso.com.br\\\/site\\\/egan-bernal-vence-o-giro-ditalia\\\/#article\",\"isPartOf\":{\"@id\":\"https:\\\/\\\/chelso.com.br\\\/site\\\/egan-bernal-vence-o-giro-ditalia\\\/\"},\"author\":{\"name\":\"Chelso Sports\",\"@id\":\"https:\\\/\\\/chelso.com.br\\\/site\\\/#\\\/schema\\\/person\\\/a0d88f7b75518156d3b159da1611c04f\"},\"headline\":\"Egan Bernal conquista Giro d&#8217;Italia em 2021\",\"datePublished\":\"2021-05-31T16:28:21+00:00\",\"dateModified\":\"2021-05-31T16:31:10+00:00\",\"mainEntityOfPage\":{\"@id\":\"https:\\\/\\\/chelso.com.br\\\/site\\\/egan-bernal-vence-o-giro-ditalia\\\/\"},\"wordCount\":238,\"commentCount\":0,\"image\":{\"@id\":\"https:\\\/\\\/chelso.com.br\\\/site\\\/egan-bernal-vence-o-giro-ditalia\\\/#primaryimage\"},\"thumbnailUrl\":\"https:\\\/\\\/chelso.com.br\\\/site\\\/wp-content\\\/uploads\\\/2021\\\/05\\\/789349834-d7b079286dbb413e13c26f0ad8af6105.jpg\",\"keywords\":[\"Bicicleta\",\"bike\",\"ciclismo\",\"Egan Bernal\",\"Giro D\u00b4Italia\"],\"articleSection\":[\"Eventos\",\"Not\u00edcias\"],\"inLanguage\":\"pt-BR\",\"potentialAction\":[{\"@type\":\"CommentAction\",\"name\":\"Comment\",\"target\":[\"https:\\\/\\\/chelso.com.br\\\/site\\\/egan-bernal-vence-o-giro-ditalia\\\/#respond\"]}]},{\"@type\":\"WebPage\",\"@id\":\"https:\\\/\\\/chelso.com.br\\\/site\\\/egan-bernal-vence-o-giro-ditalia\\\/\",\"url\":\"https:\\\/\\\/chelso.com.br\\\/site\\\/egan-bernal-vence-o-giro-ditalia\\\/\",\"name\":\"Egan Bernal conquista Giro d'Italia em 2021 - Portal Chelso Sports\",\"isPartOf\":{\"@id\":\"https:\\\/\\\/chelso.com.br\\\/site\\\/#website\"},\"primaryImageOfPage\":{\"@id\":\"https:\\\/\\\/chelso.com.br\\\/site\\\/egan-bernal-vence-o-giro-ditalia\\\/#primaryimage\"},\"image\":{\"@id\":\"https:\\\/\\\/chelso.com.br\\\/site\\\/egan-bernal-vence-o-giro-ditalia\\\/#primaryimage\"},\"thumbnailUrl\":\"https:\\\/\\\/chelso.com.br\\\/site\\\/wp-content\\\/uploads\\\/2021\\\/05\\\/789349834-d7b079286dbb413e13c26f0ad8af6105.jpg\",\"datePublished\":\"2021-05-31T16:28:21+00:00\",\"dateModified\":\"2021-05-31T16:31:10+00:00\",\"author\":{\"@id\":\"https:\\\/\\\/chelso.com.br\\\/site\\\/#\\\/schema\\\/person\\\/a0d88f7b75518156d3b159da1611c04f\"},\"description\":\"Egan Bernal conquista Giro d'Italia e soma vit\u00f3rias em duas das tr\u00eas principais voltas do ciclismo mundial, faltando apenas a da Espanha.\",\"breadcrumb\":{\"@id\":\"https:\\\/\\\/chelso.com.br\\\/site\\\/egan-bernal-vence-o-giro-ditalia\\\/#breadcrumb\"},\"inLanguage\":\"pt-BR\",\"potentialAction\":[{\"@type\":\"ReadAction\",\"target\":[\"https:\\\/\\\/chelso.com.br\\\/site\\\/egan-bernal-vence-o-giro-ditalia\\\/\"]}]},{\"@type\":\"ImageObject\",\"inLanguage\":\"pt-BR\",\"@id\":\"https:\\\/\\\/chelso.com.br\\\/site\\\/egan-bernal-vence-o-giro-ditalia\\\/#primaryimage\",\"url\":\"\",\"contentUrl\":\"\"},{\"@type\":\"BreadcrumbList\",\"@id\":\"https:\\\/\\\/chelso.com.br\\\/site\\\/egan-bernal-vence-o-giro-ditalia\\\/#breadcrumb\",\"itemListElement\":[{\"@type\":\"ListItem\",\"position\":1,\"name\":\"In\u00edcio\",\"item\":\"https:\\\/\\\/chelso.com.br\\\/site\\\/\"},{\"@type\":\"ListItem\",\"position\":2,\"name\":\"Egan Bernal conquista Giro d&#8217;Italia em 2021\"}]},{\"@type\":\"WebSite\",\"@id\":\"https:\\\/\\\/chelso.com.br\\\/site\\\/#website\",\"url\":\"https:\\\/\\\/chelso.com.br\\\/site\\\/\",\"name\":\"Portal Chelso Sports\",\"description\":\"Conte\u00fado especializado em corrida de rua e triathlon\",\"potentialAction\":[{\"@type\":\"SearchAction\",\"target\":{\"@type\":\"EntryPoint\",\"urlTemplate\":\"https:\\\/\\\/chelso.com.br\\\/site\\\/?s={search_term_string}\"},\"query-input\":{\"@type\":\"PropertyValueSpecification\",\"valueRequired\":true,\"valueName\":\"search_term_string\"}}],\"inLanguage\":\"pt-BR\"},{\"@type\":\"Person\",\"@id\":\"https:\\\/\\\/chelso.com.br\\\/site\\\/#\\\/schema\\\/person\\\/a0d88f7b75518156d3b159da1611c04f\",\"name\":\"Chelso Sports\",\"image\":{\"@type\":\"ImageObject\",\"inLanguage\":\"pt-BR\",\"@id\":\"https:\\\/\\\/chelso.com.br\\\/site\\\/wp-content\\\/uploads\\\/2021\\\/02\\\/49755997_2074331199281928_6077735700046807040_n-150x150.png\",\"url\":\"https:\\\/\\\/chelso.com.br\\\/site\\\/wp-content\\\/uploads\\\/2021\\\/02\\\/49755997_2074331199281928_6077735700046807040_n-150x150.png\",\"contentUrl\":\"https:\\\/\\\/chelso.com.br\\\/site\\\/wp-content\\\/uploads\\\/2021\\\/02\\\/49755997_2074331199281928_6077735700046807040_n-150x150.png\",\"caption\":\"Chelso Sports\"},\"description\":\"Chelso Sports atua h\u00e1 13 anos conectando pessoas ao esporte. Possui em seu calend\u00e1rio desafios presenciais e virtuais de diversas modalidades. Acesse nosso calend\u00e1rio de eventos e saiba mais!\",\"sameAs\":[\"http:\\\/\\\/www.chelso.com.br\",\"https:\\\/\\\/www.instagram.com\\\/chelsosports\\\/\",\"https:\\\/\\\/www.youtube.com\\\/user\\\/ChelsoSports\"],\"url\":\"https:\\\/\\\/chelso.com.br\\\/site\\\/author\\\/chelsoblog\\\/\"}]}<\/script>\n<!-- \/ Yoast SEO plugin. -->","yoast_head_json":{"title":"Egan Bernal conquista Giro d'Italia em 2021 - Portal Chelso Sports","description":"Egan Bernal conquista Giro d'Italia e soma vit\u00f3rias em duas das tr\u00eas principais voltas do ciclismo mundial, faltando apenas a da Espanha.","robots":{"index":"index","follow":"follow","max-snippet":"max-snippet:-1","max-image-preview":"max-image-preview:large","max-video-preview":"max-video-preview:-1"},"canonical":"https:\/\/chelso.com.br\/site\/egan-bernal-vence-o-giro-ditalia\/","og_locale":"pt_BR","og_type":"article","og_title":"Egan Bernal conquista Giro d'Italia em 2021 - Portal Chelso Sports","og_description":"Egan Bernal conquista Giro d'Italia e soma vit\u00f3rias em duas das tr\u00eas principais voltas do ciclismo mundial, faltando apenas a da Espanha.","og_url":"https:\/\/chelso.com.br\/site\/egan-bernal-vence-o-giro-ditalia\/","og_site_name":"Portal Chelso Sports","article_published_time":"2021-05-31T16:28:21+00:00","article_modified_time":"2021-05-31T16:31:10+00:00","og_image":[{"width":940,"height":638,"url":"https:\/\/chelso.com.br\/site\/wp-content\/uploads\/2021\/05\/1025534924-c3a0a0dfe694f76401f840c626a486e1.jpg","type":"image\/jpeg"}],"author":"Chelso Sports","twitter_card":"summary_large_image","twitter_misc":{"Escrito por":"Chelso Sports","Est. tempo de leitura":"2 minutos"},"schema":{"@context":"https:\/\/schema.org","@graph":[{"@type":"Article","@id":"https:\/\/chelso.com.br\/site\/egan-bernal-vence-o-giro-ditalia\/#article","isPartOf":{"@id":"https:\/\/chelso.com.br\/site\/egan-bernal-vence-o-giro-ditalia\/"},"author":{"name":"Chelso Sports","@id":"https:\/\/chelso.com.br\/site\/#\/schema\/person\/a0d88f7b75518156d3b159da1611c04f"},"headline":"Egan Bernal conquista Giro d&#8217;Italia em 2021","datePublished":"2021-05-31T16:28:21+00:00","dateModified":"2021-05-31T16:31:10+00:00","mainEntityOfPage":{"@id":"https:\/\/chelso.com.br\/site\/egan-bernal-vence-o-giro-ditalia\/"},"wordCount":238,"commentCount":0,"image":{"@id":"https:\/\/chelso.com.br\/site\/egan-bernal-vence-o-giro-ditalia\/#primaryimage"},"thumbnailUrl":"https:\/\/chelso.com.br\/site\/wp-content\/uploads\/2021\/05\/789349834-d7b079286dbb413e13c26f0ad8af6105.jpg","keywords":["Bicicleta","bike","ciclismo","Egan Bernal","Giro D\u00b4Italia"],"articleSection":["Eventos","Not\u00edcias"],"inLanguage":"pt-BR","potentialAction":[{"@type":"CommentAction","name":"Comment","target":["https:\/\/chelso.com.br\/site\/egan-bernal-vence-o-giro-ditalia\/#respond"]}]},{"@type":"WebPage","@id":"https:\/\/chelso.com.br\/site\/egan-bernal-vence-o-giro-ditalia\/","url":"https:\/\/chelso.com.br\/site\/egan-bernal-vence-o-giro-ditalia\/","name":"Egan Bernal conquista Giro d'Italia em 2021 - Portal Chelso Sports","isPartOf":{"@id":"https:\/\/chelso.com.br\/site\/#website"},"primaryImageOfPage":{"@id":"https:\/\/chelso.com.br\/site\/egan-bernal-vence-o-giro-ditalia\/#primaryimage"},"image":{"@id":"https:\/\/chelso.com.br\/site\/egan-bernal-vence-o-giro-ditalia\/#primaryimage"},"thumbnailUrl":"https:\/\/chelso.com.br\/site\/wp-content\/uploads\/2021\/05\/789349834-d7b079286dbb413e13c26f0ad8af6105.jpg","datePublished":"2021-05-31T16:28:21+00:00","dateModified":"2021-05-31T16:31:10+00:00","author":{"@id":"https:\/\/chelso.com.br\/site\/#\/schema\/person\/a0d88f7b75518156d3b159da1611c04f"},"description":"Egan Bernal conquista Giro d'Italia e soma vit\u00f3rias em duas das tr\u00eas principais voltas do ciclismo mundial, faltando apenas a da Espanha.","breadcrumb":{"@id":"https:\/\/chelso.com.br\/site\/egan-bernal-vence-o-giro-ditalia\/#breadcrumb"},"inLanguage":"pt-BR","potentialAction":[{"@type":"ReadAction","target":["https:\/\/chelso.com.br\/site\/egan-bernal-vence-o-giro-ditalia\/"]}]},{"@type":"ImageObject","inLanguage":"pt-BR","@id":"https:\/\/chelso.com.br\/site\/egan-bernal-vence-o-giro-ditalia\/#primaryimage","url":"","contentUrl":""},{"@type":"BreadcrumbList","@id":"https:\/\/chelso.com.br\/site\/egan-bernal-vence-o-giro-ditalia\/#breadcrumb","itemListElement":[{"@type":"ListItem","position":1,"name":"In\u00edcio","item":"https:\/\/chelso.com.br\/site\/"},{"@type":"ListItem","position":2,"name":"Egan Bernal conquista Giro d&#8217;Italia em 2021"}]},{"@type":"WebSite","@id":"https:\/\/chelso.com.br\/site\/#website","url":"https:\/\/chelso.com.br\/site\/","name":"Portal Chelso Sports","description":"Conte\u00fado especializado em corrida de rua e triathlon","potentialAction":[{"@type":"SearchAction","target":{"@type":"EntryPoint","urlTemplate":"https:\/\/chelso.com.br\/site\/?s={search_term_string}"},"query-input":{"@type":"PropertyValueSpecification","valueRequired":true,"valueName":"search_term_string"}}],"inLanguage":"pt-BR"},{"@type":"Person","@id":"https:\/\/chelso.com.br\/site\/#\/schema\/person\/a0d88f7b75518156d3b159da1611c04f","name":"Chelso Sports","image":{"@type":"ImageObject","inLanguage":"pt-BR","@id":"https:\/\/chelso.com.br\/site\/wp-content\/uploads\/2021\/02\/49755997_2074331199281928_6077735700046807040_n-150x150.png","url":"https:\/\/chelso.com.br\/site\/wp-content\/uploads\/2021\/02\/49755997_2074331199281928_6077735700046807040_n-150x150.png","contentUrl":"https:\/\/chelso.com.br\/site\/wp-content\/uploads\/2021\/02\/49755997_2074331199281928_6077735700046807040_n-150x150.png","caption":"Chelso Sports"},"description":"Chelso Sports atua h\u00e1 13 anos conectando pessoas ao esporte. Possui em seu calend\u00e1rio desafios presenciais e virtuais de diversas modalidades. Acesse nosso calend\u00e1rio de eventos e saiba mais!","sameAs":["http:\/\/www.chelso.com.br","https:\/\/www.instagram.com\/chelsosports\/","https:\/\/www.youtube.com\/user\/ChelsoSports"],"url":"https:\/\/chelso.com.br\/site\/author\/chelsoblog\/"}]}},"amp_enabled":true,"_links":{"self":[{"href":"https:\/\/chelso.com.br\/site\/wp-json\/wp\/v2\/posts\/9218","targetHints":{"allow":["GET"]}}],"collection":[{"href":"https:\/\/chelso.com.br\/site\/wp-json\/wp\/v2\/posts"}],"about":[{"href":"https:\/\/chelso.com.br\/site\/wp-json\/wp\/v2\/types\/post"}],"author":[{"embeddable":true,"href":"https:\/\/chelso.com.br\/site\/wp-json\/wp\/v2\/users\/1"}],"replies":[{"embeddable":true,"href":"https:\/\/chelso.com.br\/site\/wp-json\/wp\/v2\/comments?post=9218"}],"version-history":[{"count":2,"href":"https:\/\/chelso.com.br\/site\/wp-json\/wp\/v2\/posts\/9218\/revisions"}],"predecessor-version":[{"id":9223,"href":"https:\/\/chelso.com.br\/site\/wp-json\/wp\/v2\/posts\/9218\/revisions\/9223"}],"wp:attachment":[{"href":"https:\/\/chelso.com.br\/site\/wp-json\/wp\/v2\/media?parent=9218"}],"wp:term":[{"taxonomy":"category","embeddable":true,"href":"https:\/\/chelso.com.br\/site\/wp-json\/wp\/v2\/categories?post=9218"},{"taxonomy":"post_tag","embeddable":true,"href":"https:\/\/chelso.com.br\/site\/wp-json\/wp\/v2\/tags?post=9218"}],"curies":[{"name":"wp","href":"https:\/\/api.w.org\/{rel}","templated":true}]}}