{"id":9247,"date":"2021-06-02T10:41:09","date_gmt":"2021-06-02T13:41:09","guid":{"rendered":"https:\/\/chelso.com.br\/site\/?p=9247"},"modified":"2021-06-04T09:22:58","modified_gmt":"2021-06-04T12:22:58","slug":"liberacao-miofascial-entenda-mais-sobre-essa-pratica","status":"publish","type":"post","link":"https:\/\/chelso.com.br\/site\/liberacao-miofascial-entenda-mais-sobre-essa-pratica\/","title":{"rendered":"Libera\u00e7\u00e3o miofascial: entenda mais sobre essa importante pr\u00e1tica"},"content":{"rendered":"<p><span style=\"font-weight: 400;\">A prote\u00e7\u00e3o que recobre nossos m\u00fasculos e permite que todos os sistemas do organismo funcionem de maneira integrada \u00e9 chamada de sistema fascial. Este sistema \u00e9 constru\u00eddo de tecido conjuntivo fibroso. Em sua conforma\u00e7\u00e3o h\u00e1 fibras de col\u00e1geno soltas e densas, possibilitando uma maior conex\u00e3o entre elas.\u00a0<\/span><\/p>\n<h2><strong>Qual a fun\u00e7\u00e3o da f\u00e1scia?<\/strong><\/h2>\n<ul>\n<li style=\"font-weight: 400;\" aria-level=\"1\"><span style=\"font-weight: 400;\">A f\u00e1scia possui como fun\u00e7\u00e3o o deslizamento e a contra\u00e7\u00e3o para ser exercido de maneira eficiente o movimento. Ou seja, ela \u00e9 um tecido colagenoso fibroso que transmite uma for\u00e7a tensional.<\/span><\/li>\n<\/ul>\n<p><span style=\"font-weight: 400;\">O uso tensional de maneira incorreta da musculatura pode acarretar dores e disfun\u00e7\u00f5es. Por exemplo: <\/span><\/p>\n<ul>\n<li><span style=\"font-weight: 400;\">m\u00e1 postura, <\/span><\/li>\n<li><span style=\"font-weight: 400;\">estresse, <\/span><\/li>\n<li><span style=\"font-weight: 400;\">treinos intensos e sem o intervalo adequado.<\/span><\/li>\n<\/ul>\n<p><span style=\"font-weight: 400;\">Sendo assim, o uso de maneira inconsequente desta musculatura pode prejudicar a coordena\u00e7\u00e3o, a flexibilidade e a for\u00e7a muscular, devido ao ac\u00famulo de toxinas e n\u00f3dulos gerados por esse estresse.<\/span><\/p>\n<figure id=\"attachment_9248\" aria-describedby=\"caption-attachment-9248\" style=\"width: 788px\" class=\"wp-caption alignnone\"><img fetchpriority=\"high\" decoding=\"async\" class=\"size-large wp-image-9248\" src=\"https:\/\/chelso.com.br\/site\/wp-content\/uploads\/2021\/06\/Copia-de-Sem-nome-1024x614.jpg\" alt=\"Libera\u00e7\u00e3o miofascial: entenda mais sobre essa importante pr\u00e1tica \" width=\"788\" height=\"472\" \/><figcaption id=\"caption-attachment-9248\" class=\"wp-caption-text\">Diversas dores e disfun\u00e7\u00f5es que alteram a postura e performance t\u00eam origem no tecido conjuntivo<\/figcaption><\/figure>\n<p><span style=\"font-weight: 400;\">Diversas dores e disfun\u00e7\u00f5es que alteram a postura e performance t\u00eam origem no tecido conjuntivo. Alguns exemplos de patologias que podem estar diretamente relacionadas com a tens\u00e3o na f\u00e1scia s\u00e3o: fascite plantar, dores lombares, h\u00e9rnias de disco, LER\/DORT, contraturas musculares e tens\u00f5es sob estresse, entre outras.<\/span><\/p>\n<p><a href=\"http:\/\/chelso.com.br\/\"><strong>+ J\u00e1 conhece nosso calend\u00e1rio de desafios? Acesse aqui.<\/strong><\/a><\/p>\n<h3><strong>O que pode ocorrer?<\/strong><\/h3>\n<p><span style=\"font-weight: 400;\">Pode ocorrer devido \u00e0 estas inflama\u00e7\u00f5es e les\u00f5es, uma perda significativa no rendimento em exerc\u00edcios de alto desempenho e at\u00e9 mesmo os realizados de maneira recreativa, e podem at\u00e9 acarretar um desenvolvimento de dist\u00farbios osteomoleculares, como por exemplo: dor lombar, dor na regi\u00e3o lateral da perna e na planta do p\u00e9. Outro fator que pode ocorrer \u00e9 a dor cr\u00f4nica na perna: a s\u00edndrome compartimental cr\u00f4nica.<\/span><\/p>\n<p><span style=\"font-weight: 400;\">\u00c9 de suma import\u00e2ncia uma melhor compreens\u00e3o a respeito das cargas mec\u00e2nicas ideias, e das condi\u00e7\u00f5es bioqu\u00edmicas para que haja uma melhoria tanto na preven\u00e7\u00e3o de les\u00f5es quanto na reabilita\u00e7\u00e3o e desempenho relacionados \u00e0 pr\u00e1tica f\u00edsica. Para uma melhor abordagem \u00e9 necess\u00e1rio:<\/span><\/p>\n<ul>\n<li style=\"font-weight: 400;\" aria-level=\"1\"><span style=\"font-weight: 400;\">Expor uma vis\u00e3o geral do estado em que se encontra o sistema fascial a n\u00edvel micro (respostas moleculares e celulares) at\u00e9 o n\u00edvel macro (propriedades mec\u00e2nicas).<\/span><\/li>\n<li style=\"font-weight: 400;\" aria-level=\"1\"><span style=\"font-weight: 400;\">Estudar a capacidade el\u00e1stica e de sustenta\u00e7\u00e3o do sistema fascial no exame f\u00edsico e complementar.<\/span><\/li>\n<li style=\"font-weight: 400;\" aria-level=\"1\"><span style=\"font-weight: 400;\">Analisar as respostas do sistema fascial \u00e0 carga imposta, les\u00f5es e outros mecanismos fisiol\u00f3gicos naturais, como o envelhecimento.\u00a0<\/span><\/li>\n<li style=\"font-weight: 400;\" aria-level=\"1\"><span style=\"font-weight: 400;\">Estabelecer uma vis\u00e3o contempor\u00e2nea de interven\u00e7\u00f5es e preven\u00e7\u00f5es da integridade do tecido fascial no esporte e na medicina do exerc\u00edcio.<\/span><\/li>\n<\/ul>\n<p><a href=\"https:\/\/chelso.com.br\/site\/category\/treinos\/\"><strong>+ Quer mais dicas sobre treinamentos? Clique aqui.<\/strong><\/a><\/p>\n<div style=\"width: 788px;\" class=\"wp-video\"><video class=\"wp-video-shortcode\" id=\"video-9247-1\" width=\"788\" height=\"473\" preload=\"metadata\" controls=\"controls\"><source type=\"video\/mp4\" src=\"https:\/\/chelso.com.br\/site\/wp-content\/uploads\/2021\/06\/Copia-de-Copia-de-Sem-nome.mp4?_=1\" \/><a href=\"https:\/\/chelso.com.br\/site\/wp-content\/uploads\/2021\/06\/Copia-de-Copia-de-Sem-nome.mp4\">https:\/\/chelso.com.br\/site\/wp-content\/uploads\/2021\/06\/Copia-de-Copia-de-Sem-nome.mp4<\/a><\/video><\/div>\n<h3><strong>Quais s\u00e3o os benef\u00edcios da libera\u00e7\u00e3o miofascial?<\/strong><\/h3>\n<p><span style=\"font-weight: 400;\">Com a utiliza\u00e7\u00e3o de algumas manobras manuais, superficiais e profundas, com a utiliza\u00e7\u00e3o ou n\u00e3o de acess\u00f3rios, a fun\u00e7\u00e3o da f\u00e1scia \u00e9 melhor preservada com:<\/span><\/p>\n<ul>\n<li style=\"font-weight: 400;\" aria-level=\"1\"><span style=\"font-weight: 400;\">Aumento da mobilidade articular e da consci\u00eancia corporal.\u00a0<\/span><\/li>\n<li style=\"font-weight: 400;\" aria-level=\"1\"><span style=\"font-weight: 400;\">Libera\u00e7\u00e3o e ativa\u00e7\u00e3o da musculatura.\u00a0<\/span><\/li>\n<li style=\"font-weight: 400;\" aria-level=\"1\"><span style=\"font-weight: 400;\">Melhor execu\u00e7\u00e3o de movimentos.<\/span><\/li>\n<li style=\"font-weight: 400;\" aria-level=\"1\"><span style=\"font-weight: 400;\">Diminuir a sobrecarga e tens\u00e3o m\u00fasculo-articular e a tens\u00e3o muscular.<\/span><\/li>\n<li style=\"font-weight: 400;\" aria-level=\"1\"><span style=\"font-weight: 400;\">Melhor circula\u00e7\u00e3o e respira\u00e7\u00e3o.\u00a0<\/span><\/li>\n<li style=\"font-weight: 400;\" aria-level=\"1\"><span style=\"font-weight: 400;\">Libera\u00e7\u00e3o de \u00e1cido l\u00e1tico.<\/span><\/li>\n<li style=\"font-weight: 400;\" aria-level=\"1\"><span style=\"font-weight: 400;\">Relaxamento da musculatura;<\/span><\/li>\n<li style=\"font-weight: 400;\" aria-level=\"1\"><span style=\"font-weight: 400;\">\u00a0Melhor recupera\u00e7\u00e3o muscular, evitando dores tardias.<\/span><\/li>\n<li style=\"font-weight: 400;\" aria-level=\"1\"><span style=\"font-weight: 400;\">Preven\u00e7\u00e3o de les\u00f5es.<\/span><\/li>\n<\/ul>\n<p>Texto: Dra. Ana Paula Sim\u00f5es Ferreira (Professora Instrutora e Mestre em Ortopedia e Traumatologia) e Lara Ribeiro Silva (Acad\u00eamica de Medicina).<\/p>\n<p>Gostou do artigo da <a href=\"https:\/\/www.instagram.com\/draanapsimoes\/\">Dra. Ana Paula Sim\u00f5es Ferreira? <\/a>Ent\u00e3o fiquem ligados aqui no Blog da Chelso que em breve traremos mais conte\u00fado para voc\u00ea!<\/p>\n","protected":false},"excerpt":{"rendered":"<p>A prote\u00e7\u00e3o que recobre nossos m\u00fasculos e permite que todos os sistemas do organismo funcionem de maneira integrada \u00e9 chamada de sistema fascial. Este sistema \u00e9 constru\u00eddo de tecido conjuntivo fibroso. Em sua conforma\u00e7\u00e3o h\u00e1 fibras de col\u00e1geno soltas e densas, possibilitando uma maior conex\u00e3o entre elas.\u00a0 Qual a fun\u00e7\u00e3o da f\u00e1scia? A f\u00e1scia possui<\/p>\n","protected":false},"author":9,"featured_media":0,"comment_status":"open","ping_status":"closed","sticky":false,"template":"","format":"standard","meta":{"om_disable_all_campaigns":false,"_monsterinsights_skip_tracking":false,"_monsterinsights_sitenote_active":false,"_monsterinsights_sitenote_note":"","_monsterinsights_sitenote_category":0,"footnotes":""},"categories":[89,28],"tags":[43,41,50,185,737,736,127],"class_list":{"0":"post-9247","1":"post","2":"type-post","3":"status-publish","4":"format-standard","6":"category-dicas","7":"category-saude","8":"tag-bem-estar","9":"tag-chelso-sports","10":"tag-dicas","11":"tag-dicas-para-corredores","12":"tag-dores","13":"tag-libercao-miofascial","14":"tag-treinos"},"aioseo_notices":[],"yoast_head":"<!-- This site is optimized with the Yoast SEO plugin v27.5 - https:\/\/yoast.com\/product\/yoast-seo-wordpress\/ -->\n<title>Libera\u00e7\u00e3o miofascial: entenda mais sobre essa importante pr\u00e1tica - Portal Chelso Sports<\/title>\n<meta name=\"description\" content=\"No texto desta semana, a Dra. Ana Paula Sim\u00f5es falar mais sobre a libera\u00e7\u00e3o miofascial e a import\u00e2ncia da pr\u00e1tica desta atividade.\" \/>\n<meta name=\"robots\" content=\"index, follow, max-snippet:-1, max-image-preview:large, max-video-preview:-1\" \/>\n<link rel=\"canonical\" href=\"https:\/\/chelso.com.br\/site\/liberacao-miofascial-entenda-mais-sobre-essa-pratica\/\" \/>\n<meta property=\"og:locale\" content=\"pt_BR\" \/>\n<meta property=\"og:type\" content=\"article\" \/>\n<meta property=\"og:title\" content=\"Libera\u00e7\u00e3o miofascial: entenda mais sobre essa importante pr\u00e1tica - Portal Chelso Sports\" \/>\n<meta property=\"og:description\" content=\"No texto desta semana, a Dra. Ana Paula Sim\u00f5es falar mais sobre a libera\u00e7\u00e3o miofascial e a import\u00e2ncia da pr\u00e1tica desta atividade.\" \/>\n<meta property=\"og:url\" content=\"https:\/\/chelso.com.br\/site\/liberacao-miofascial-entenda-mais-sobre-essa-pratica\/\" \/>\n<meta property=\"og:site_name\" content=\"Portal Chelso Sports\" \/>\n<meta property=\"article:published_time\" content=\"2021-06-02T13:41:09+00:00\" \/>\n<meta property=\"article:modified_time\" content=\"2021-06-04T12:22:58+00:00\" \/>\n<meta property=\"og:image\" content=\"https:\/\/chelso.com.br\/site\/wp-content\/uploads\/2021\/06\/Copia-de-Sem-nome-1-scaled.jpg\" \/>\n\t<meta property=\"og:image:width\" content=\"2560\" \/>\n\t<meta property=\"og:image:height\" content=\"1536\" \/>\n\t<meta property=\"og:image:type\" content=\"image\/jpeg\" \/>\n<meta name=\"author\" content=\"Dra. Ana Paula Sim\u00f5es Ferreira\" \/>\n<meta name=\"twitter:card\" content=\"summary_large_image\" \/>\n<meta name=\"twitter:label1\" content=\"Escrito por\" \/>\n\t<meta name=\"twitter:data1\" content=\"Dra. Ana Paula Sim\u00f5es Ferreira\" \/>\n\t<meta name=\"twitter:label2\" content=\"Est. tempo de leitura\" \/>\n\t<meta name=\"twitter:data2\" content=\"3 minutos\" \/>\n<script type=\"application\/ld+json\" class=\"yoast-schema-graph\">{\"@context\":\"https:\\\/\\\/schema.org\",\"@graph\":[{\"@type\":\"Article\",\"@id\":\"https:\\\/\\\/chelso.com.br\\\/site\\\/liberacao-miofascial-entenda-mais-sobre-essa-pratica\\\/#article\",\"isPartOf\":{\"@id\":\"https:\\\/\\\/chelso.com.br\\\/site\\\/liberacao-miofascial-entenda-mais-sobre-essa-pratica\\\/\"},\"author\":{\"name\":\"Dra. Ana Paula Sim\u00f5es Ferreira\",\"@id\":\"https:\\\/\\\/chelso.com.br\\\/site\\\/#\\\/schema\\\/person\\\/14a34a2fd8dedf7af1c1c3ccf26e0463\"},\"headline\":\"Libera\u00e7\u00e3o miofascial: entenda mais sobre essa importante pr\u00e1tica\",\"datePublished\":\"2021-06-02T13:41:09+00:00\",\"dateModified\":\"2021-06-04T12:22:58+00:00\",\"mainEntityOfPage\":{\"@id\":\"https:\\\/\\\/chelso.com.br\\\/site\\\/liberacao-miofascial-entenda-mais-sobre-essa-pratica\\\/\"},\"wordCount\":640,\"commentCount\":0,\"image\":{\"@id\":\"https:\\\/\\\/chelso.com.br\\\/site\\\/liberacao-miofascial-entenda-mais-sobre-essa-pratica\\\/#primaryimage\"},\"thumbnailUrl\":\"https:\\\/\\\/chelso.com.br\\\/site\\\/wp-content\\\/uploads\\\/2021\\\/06\\\/Copia-de-Sem-nome-1024x614.jpg\",\"keywords\":[\"bem estar\",\"chelso sports\",\"dicas\",\"dicas para corredores\",\"dores\",\"libercao miofascial\",\"Treinos\"],\"articleSection\":[\"Dicas\",\"Sa\u00fade e Bem Estar\"],\"inLanguage\":\"pt-BR\",\"potentialAction\":[{\"@type\":\"CommentAction\",\"name\":\"Comment\",\"target\":[\"https:\\\/\\\/chelso.com.br\\\/site\\\/liberacao-miofascial-entenda-mais-sobre-essa-pratica\\\/#respond\"]}]},{\"@type\":\"WebPage\",\"@id\":\"https:\\\/\\\/chelso.com.br\\\/site\\\/liberacao-miofascial-entenda-mais-sobre-essa-pratica\\\/\",\"url\":\"https:\\\/\\\/chelso.com.br\\\/site\\\/liberacao-miofascial-entenda-mais-sobre-essa-pratica\\\/\",\"name\":\"Libera\u00e7\u00e3o miofascial: entenda mais sobre essa importante pr\u00e1tica - Portal Chelso Sports\",\"isPartOf\":{\"@id\":\"https:\\\/\\\/chelso.com.br\\\/site\\\/#website\"},\"primaryImageOfPage\":{\"@id\":\"https:\\\/\\\/chelso.com.br\\\/site\\\/liberacao-miofascial-entenda-mais-sobre-essa-pratica\\\/#primaryimage\"},\"image\":{\"@id\":\"https:\\\/\\\/chelso.com.br\\\/site\\\/liberacao-miofascial-entenda-mais-sobre-essa-pratica\\\/#primaryimage\"},\"thumbnailUrl\":\"https:\\\/\\\/chelso.com.br\\\/site\\\/wp-content\\\/uploads\\\/2021\\\/06\\\/Copia-de-Sem-nome-1024x614.jpg\",\"datePublished\":\"2021-06-02T13:41:09+00:00\",\"dateModified\":\"2021-06-04T12:22:58+00:00\",\"author\":{\"@id\":\"https:\\\/\\\/chelso.com.br\\\/site\\\/#\\\/schema\\\/person\\\/14a34a2fd8dedf7af1c1c3ccf26e0463\"},\"description\":\"No texto desta semana, a Dra. Ana Paula Sim\u00f5es falar mais sobre a libera\u00e7\u00e3o miofascial e a import\u00e2ncia da pr\u00e1tica desta atividade.\",\"breadcrumb\":{\"@id\":\"https:\\\/\\\/chelso.com.br\\\/site\\\/liberacao-miofascial-entenda-mais-sobre-essa-pratica\\\/#breadcrumb\"},\"inLanguage\":\"pt-BR\",\"potentialAction\":[{\"@type\":\"ReadAction\",\"target\":[\"https:\\\/\\\/chelso.com.br\\\/site\\\/liberacao-miofascial-entenda-mais-sobre-essa-pratica\\\/\"]}]},{\"@type\":\"ImageObject\",\"inLanguage\":\"pt-BR\",\"@id\":\"https:\\\/\\\/chelso.com.br\\\/site\\\/liberacao-miofascial-entenda-mais-sobre-essa-pratica\\\/#primaryimage\",\"url\":\"https:\\\/\\\/chelso.com.br\\\/site\\\/wp-content\\\/uploads\\\/2021\\\/06\\\/Copia-de-Sem-nome-1024x614.jpg\",\"contentUrl\":\"https:\\\/\\\/chelso.com.br\\\/site\\\/wp-content\\\/uploads\\\/2021\\\/06\\\/Copia-de-Sem-nome-1024x614.jpg\"},{\"@type\":\"BreadcrumbList\",\"@id\":\"https:\\\/\\\/chelso.com.br\\\/site\\\/liberacao-miofascial-entenda-mais-sobre-essa-pratica\\\/#breadcrumb\",\"itemListElement\":[{\"@type\":\"ListItem\",\"position\":1,\"name\":\"In\u00edcio\",\"item\":\"https:\\\/\\\/chelso.com.br\\\/site\\\/\"},{\"@type\":\"ListItem\",\"position\":2,\"name\":\"Libera\u00e7\u00e3o miofascial: entenda mais sobre essa importante pr\u00e1tica\"}]},{\"@type\":\"WebSite\",\"@id\":\"https:\\\/\\\/chelso.com.br\\\/site\\\/#website\",\"url\":\"https:\\\/\\\/chelso.com.br\\\/site\\\/\",\"name\":\"Portal Chelso Sports\",\"description\":\"Conte\u00fado especializado em corrida de rua e triathlon\",\"potentialAction\":[{\"@type\":\"SearchAction\",\"target\":{\"@type\":\"EntryPoint\",\"urlTemplate\":\"https:\\\/\\\/chelso.com.br\\\/site\\\/?s={search_term_string}\"},\"query-input\":{\"@type\":\"PropertyValueSpecification\",\"valueRequired\":true,\"valueName\":\"search_term_string\"}}],\"inLanguage\":\"pt-BR\"},{\"@type\":\"Person\",\"@id\":\"https:\\\/\\\/chelso.com.br\\\/site\\\/#\\\/schema\\\/person\\\/14a34a2fd8dedf7af1c1c3ccf26e0463\",\"name\":\"Dra. Ana Paula Sim\u00f5es Ferreira\",\"image\":{\"@type\":\"ImageObject\",\"inLanguage\":\"pt-BR\",\"@id\":\"https:\\\/\\\/secure.gravatar.com\\\/avatar\\\/561d7bbc824bc8256fe8a35ae6aef7a6c2c28f90e6b1a4b1bfbd266c193b5b7a?s=96&d=mm&r=g\",\"url\":\"https:\\\/\\\/secure.gravatar.com\\\/avatar\\\/561d7bbc824bc8256fe8a35ae6aef7a6c2c28f90e6b1a4b1bfbd266c193b5b7a?s=96&d=mm&r=g\",\"contentUrl\":\"https:\\\/\\\/secure.gravatar.com\\\/avatar\\\/561d7bbc824bc8256fe8a35ae6aef7a6c2c28f90e6b1a4b1bfbd266c193b5b7a?s=96&d=mm&r=g\",\"caption\":\"Dra. Ana Paula Sim\u00f5es Ferreira\"},\"description\":\"Dra Ana Paula Sim\u00f5es Ferreira \u00e9 Professora Instrutora e Mestre em Ortopedia e Traumatologia, e M\u00e9dica Assistente do grupo de traumatologia do esporte pela Santa Casa de S\u00e3o Paulo. RQE - N\u00b028753. E Medicina Esportiva RQE - N\u00b067412 . Para conhecer mais seu trabalho acesse o SITE.\",\"sameAs\":[\"http:\\\/\\\/www.anapaulasimoes.com.br\\\/\"],\"url\":\"https:\\\/\\\/chelso.com.br\\\/site\\\/author\\\/anasimoes\\\/\"}]}<\/script>\n<!-- \/ Yoast SEO plugin. -->","yoast_head_json":{"title":"Libera\u00e7\u00e3o miofascial: entenda mais sobre essa importante pr\u00e1tica - Portal Chelso Sports","description":"No texto desta semana, a Dra. Ana Paula Sim\u00f5es falar mais sobre a libera\u00e7\u00e3o miofascial e a import\u00e2ncia da pr\u00e1tica desta atividade.","robots":{"index":"index","follow":"follow","max-snippet":"max-snippet:-1","max-image-preview":"max-image-preview:large","max-video-preview":"max-video-preview:-1"},"canonical":"https:\/\/chelso.com.br\/site\/liberacao-miofascial-entenda-mais-sobre-essa-pratica\/","og_locale":"pt_BR","og_type":"article","og_title":"Libera\u00e7\u00e3o miofascial: entenda mais sobre essa importante pr\u00e1tica - Portal Chelso Sports","og_description":"No texto desta semana, a Dra. Ana Paula Sim\u00f5es falar mais sobre a libera\u00e7\u00e3o miofascial e a import\u00e2ncia da pr\u00e1tica desta atividade.","og_url":"https:\/\/chelso.com.br\/site\/liberacao-miofascial-entenda-mais-sobre-essa-pratica\/","og_site_name":"Portal Chelso Sports","article_published_time":"2021-06-02T13:41:09+00:00","article_modified_time":"2021-06-04T12:22:58+00:00","og_image":[{"width":2560,"height":1536,"url":"https:\/\/chelso.com.br\/site\/wp-content\/uploads\/2021\/06\/Copia-de-Sem-nome-1-scaled.jpg","type":"image\/jpeg"}],"author":"Dra. Ana Paula Sim\u00f5es Ferreira","twitter_card":"summary_large_image","twitter_misc":{"Escrito por":"Dra. Ana Paula Sim\u00f5es Ferreira","Est. tempo de leitura":"3 minutos"},"schema":{"@context":"https:\/\/schema.org","@graph":[{"@type":"Article","@id":"https:\/\/chelso.com.br\/site\/liberacao-miofascial-entenda-mais-sobre-essa-pratica\/#article","isPartOf":{"@id":"https:\/\/chelso.com.br\/site\/liberacao-miofascial-entenda-mais-sobre-essa-pratica\/"},"author":{"name":"Dra. Ana Paula Sim\u00f5es Ferreira","@id":"https:\/\/chelso.com.br\/site\/#\/schema\/person\/14a34a2fd8dedf7af1c1c3ccf26e0463"},"headline":"Libera\u00e7\u00e3o miofascial: entenda mais sobre essa importante pr\u00e1tica","datePublished":"2021-06-02T13:41:09+00:00","dateModified":"2021-06-04T12:22:58+00:00","mainEntityOfPage":{"@id":"https:\/\/chelso.com.br\/site\/liberacao-miofascial-entenda-mais-sobre-essa-pratica\/"},"wordCount":640,"commentCount":0,"image":{"@id":"https:\/\/chelso.com.br\/site\/liberacao-miofascial-entenda-mais-sobre-essa-pratica\/#primaryimage"},"thumbnailUrl":"https:\/\/chelso.com.br\/site\/wp-content\/uploads\/2021\/06\/Copia-de-Sem-nome-1024x614.jpg","keywords":["bem estar","chelso sports","dicas","dicas para corredores","dores","libercao miofascial","Treinos"],"articleSection":["Dicas","Sa\u00fade e Bem Estar"],"inLanguage":"pt-BR","potentialAction":[{"@type":"CommentAction","name":"Comment","target":["https:\/\/chelso.com.br\/site\/liberacao-miofascial-entenda-mais-sobre-essa-pratica\/#respond"]}]},{"@type":"WebPage","@id":"https:\/\/chelso.com.br\/site\/liberacao-miofascial-entenda-mais-sobre-essa-pratica\/","url":"https:\/\/chelso.com.br\/site\/liberacao-miofascial-entenda-mais-sobre-essa-pratica\/","name":"Libera\u00e7\u00e3o miofascial: entenda mais sobre essa importante pr\u00e1tica - Portal Chelso Sports","isPartOf":{"@id":"https:\/\/chelso.com.br\/site\/#website"},"primaryImageOfPage":{"@id":"https:\/\/chelso.com.br\/site\/liberacao-miofascial-entenda-mais-sobre-essa-pratica\/#primaryimage"},"image":{"@id":"https:\/\/chelso.com.br\/site\/liberacao-miofascial-entenda-mais-sobre-essa-pratica\/#primaryimage"},"thumbnailUrl":"https:\/\/chelso.com.br\/site\/wp-content\/uploads\/2021\/06\/Copia-de-Sem-nome-1024x614.jpg","datePublished":"2021-06-02T13:41:09+00:00","dateModified":"2021-06-04T12:22:58+00:00","author":{"@id":"https:\/\/chelso.com.br\/site\/#\/schema\/person\/14a34a2fd8dedf7af1c1c3ccf26e0463"},"description":"No texto desta semana, a Dra. Ana Paula Sim\u00f5es falar mais sobre a libera\u00e7\u00e3o miofascial e a import\u00e2ncia da pr\u00e1tica desta atividade.","breadcrumb":{"@id":"https:\/\/chelso.com.br\/site\/liberacao-miofascial-entenda-mais-sobre-essa-pratica\/#breadcrumb"},"inLanguage":"pt-BR","potentialAction":[{"@type":"ReadAction","target":["https:\/\/chelso.com.br\/site\/liberacao-miofascial-entenda-mais-sobre-essa-pratica\/"]}]},{"@type":"ImageObject","inLanguage":"pt-BR","@id":"https:\/\/chelso.com.br\/site\/liberacao-miofascial-entenda-mais-sobre-essa-pratica\/#primaryimage","url":"https:\/\/chelso.com.br\/site\/wp-content\/uploads\/2021\/06\/Copia-de-Sem-nome-1024x614.jpg","contentUrl":"https:\/\/chelso.com.br\/site\/wp-content\/uploads\/2021\/06\/Copia-de-Sem-nome-1024x614.jpg"},{"@type":"BreadcrumbList","@id":"https:\/\/chelso.com.br\/site\/liberacao-miofascial-entenda-mais-sobre-essa-pratica\/#breadcrumb","itemListElement":[{"@type":"ListItem","position":1,"name":"In\u00edcio","item":"https:\/\/chelso.com.br\/site\/"},{"@type":"ListItem","position":2,"name":"Libera\u00e7\u00e3o miofascial: entenda mais sobre essa importante pr\u00e1tica"}]},{"@type":"WebSite","@id":"https:\/\/chelso.com.br\/site\/#website","url":"https:\/\/chelso.com.br\/site\/","name":"Portal Chelso Sports","description":"Conte\u00fado especializado em corrida de rua e triathlon","potentialAction":[{"@type":"SearchAction","target":{"@type":"EntryPoint","urlTemplate":"https:\/\/chelso.com.br\/site\/?s={search_term_string}"},"query-input":{"@type":"PropertyValueSpecification","valueRequired":true,"valueName":"search_term_string"}}],"inLanguage":"pt-BR"},{"@type":"Person","@id":"https:\/\/chelso.com.br\/site\/#\/schema\/person\/14a34a2fd8dedf7af1c1c3ccf26e0463","name":"Dra. Ana Paula Sim\u00f5es Ferreira","image":{"@type":"ImageObject","inLanguage":"pt-BR","@id":"https:\/\/secure.gravatar.com\/avatar\/561d7bbc824bc8256fe8a35ae6aef7a6c2c28f90e6b1a4b1bfbd266c193b5b7a?s=96&d=mm&r=g","url":"https:\/\/secure.gravatar.com\/avatar\/561d7bbc824bc8256fe8a35ae6aef7a6c2c28f90e6b1a4b1bfbd266c193b5b7a?s=96&d=mm&r=g","contentUrl":"https:\/\/secure.gravatar.com\/avatar\/561d7bbc824bc8256fe8a35ae6aef7a6c2c28f90e6b1a4b1bfbd266c193b5b7a?s=96&d=mm&r=g","caption":"Dra. Ana Paula Sim\u00f5es Ferreira"},"description":"Dra Ana Paula Sim\u00f5es Ferreira \u00e9 Professora Instrutora e Mestre em Ortopedia e Traumatologia, e M\u00e9dica Assistente do grupo de traumatologia do esporte pela Santa Casa de S\u00e3o Paulo. RQE - N\u00b028753. E Medicina Esportiva RQE - N\u00b067412 . Para conhecer mais seu trabalho acesse o SITE.","sameAs":["http:\/\/www.anapaulasimoes.com.br\/"],"url":"https:\/\/chelso.com.br\/site\/author\/anasimoes\/"}]}},"amp_enabled":true,"_links":{"self":[{"href":"https:\/\/chelso.com.br\/site\/wp-json\/wp\/v2\/posts\/9247","targetHints":{"allow":["GET"]}}],"collection":[{"href":"https:\/\/chelso.com.br\/site\/wp-json\/wp\/v2\/posts"}],"about":[{"href":"https:\/\/chelso.com.br\/site\/wp-json\/wp\/v2\/types\/post"}],"author":[{"embeddable":true,"href":"https:\/\/chelso.com.br\/site\/wp-json\/wp\/v2\/users\/9"}],"replies":[{"embeddable":true,"href":"https:\/\/chelso.com.br\/site\/wp-json\/wp\/v2\/comments?post=9247"}],"version-history":[{"count":3,"href":"https:\/\/chelso.com.br\/site\/wp-json\/wp\/v2\/posts\/9247\/revisions"}],"predecessor-version":[{"id":9267,"href":"https:\/\/chelso.com.br\/site\/wp-json\/wp\/v2\/posts\/9247\/revisions\/9267"}],"wp:attachment":[{"href":"https:\/\/chelso.com.br\/site\/wp-json\/wp\/v2\/media?parent=9247"}],"wp:term":[{"taxonomy":"category","embeddable":true,"href":"https:\/\/chelso.com.br\/site\/wp-json\/wp\/v2\/categories?post=9247"},{"taxonomy":"post_tag","embeddable":true,"href":"https:\/\/chelso.com.br\/site\/wp-json\/wp\/v2\/tags?post=9247"}],"curies":[{"name":"wp","href":"https:\/\/api.w.org\/{rel}","templated":true}]}}